{"id":1599,"date":"2018-08-13T15:50:36","date_gmt":"2018-08-13T15:50:36","guid":{"rendered":"https:\/\/www.welovecycling.com\/hu\/?p=1599"},"modified":"2018-08-13T15:55:18","modified_gmt":"2018-08-13T15:55:18","slug":"kerekparszerelo-kurzus-noknek","status":"publish","type":"post","link":"https:\/\/www.welovecycling.com\/hu\/miert-tekerunk\/kerekparszerelo-kurzus-noknek\/","title":{"rendered":"Mi\u00e9rt ne jav\u00edthatn\u00e1 meg egy l\u00e1ny a saj\u00e1t bic\u00f3j\u00e1t? Ker\u00e9kp\u00e1rszerel\u0151 kurzus n\u0151knek"},"content":{"rendered":"<p><strong>Ha baj van a bring\u00e1ddal, nem mindig akad ker\u00e9k leereszt\u00e9snyi t\u00e1vols\u00e1gra szerviz. Az ilyen esetekre felk\u00e9sz\u00fclve nem \u00e1rt tiszt\u00e1ban lenni egy-k\u00e9t instant praktik\u00e1val, na meg \u00e1ltal\u00e1nos j\u00f3tan\u00e1ccsal. Ez volt a c\u00e9lunk, amikor Blind Chic.-es l\u00e1nyokkal \u00e9s Cyclonomia k\u00f6z\u00f6ss\u00e9gi m\u0171hellyel kar\u00f6ltve 2 workshopot is tartottunk a bringajav\u00edt\u00f3 tud\u00e1sra szomjaz\u00f3 l\u00e1nyoknak. Mert ugye nem csak a fi\u00fak \u00e9rthetnek a bringa b\u00fctyk\u00f6l\u00e9s\u00e9hez. Mi\u00e9rt is ne tudn\u00e1 megjav\u00edtani egy l\u00e1ny a saj\u00e1t bic\u00f3j\u00e1t, ha p\u00e9ld\u00e1ul defektet kapott?<\/strong><\/p>\n<p><!--more-->Szuper seg\u00edts\u00e9g\u00fcnk volt a workshop szervez\u00e9s\u00e9ben: a Cyclonomia egy kollekt\u00edv k\u00f6z\u00f6ss\u00e9gi m\u0171hely, ahov\u00e1 b\u00e1rki bemehet megjav\u00edtani a bring\u00e1j\u00e1t, Juli \u00e9s Ne\u017ea pedig a Blind Chic. tervez\u0151 l\u00e1nyai, akik \u00e9vek \u00f3ta sokat tesznek a hazai bring\u00e1s kult\u00far\u00e1\u00e9rt.<\/p>\n<p><a href=\"https:\/\/d2p6e6u75xmxt8.cloudfront.net\/12\/2018\/08\/kerekparszerelo-kurzus-noknek-1.jpg\"><img loading=\"lazy\" decoding=\"async\" class=\"alignnone size-extra-large wp-image-1600\" src=\"https:\/\/d2p6e6u75xmxt8.cloudfront.net\/12\/2018\/08\/kerekparszerelo-kurzus-noknek-1-1920x1280.jpg\" alt=\"kerekparszerelo kurzus noknek\" width=\"1920\" height=\"1280\" srcset=\"https:\/\/d2p6e6u75xmxt8.cloudfront.net\/12\/2018\/08\/kerekparszerelo-kurzus-noknek-1-1920x1280.jpg 1920w, https:\/\/d2p6e6u75xmxt8.cloudfront.net\/12\/2018\/08\/kerekparszerelo-kurzus-noknek-1-300x200.jpg 300w, https:\/\/d2p6e6u75xmxt8.cloudfront.net\/12\/2018\/08\/kerekparszerelo-kurzus-noknek-1-768x512.jpg 768w, https:\/\/d2p6e6u75xmxt8.cloudfront.net\/12\/2018\/08\/kerekparszerelo-kurzus-noknek-1-1024x683.jpg 1024w, https:\/\/d2p6e6u75xmxt8.cloudfront.net\/12\/2018\/08\/kerekparszerelo-kurzus-noknek-1-272x182.jpg 272w, https:\/\/d2p6e6u75xmxt8.cloudfront.net\/12\/2018\/08\/kerekparszerelo-kurzus-noknek-1-1920x1280.jpg 1920w\" sizes=\"auto, (max-width: 1920px) 100vw, 1920px\" \/><\/a><\/p>\n<p>A m\u0171hely oldal\u00e1r\u00f3l az ott \u00f6nk\u00e9ntesked\u0151 Pali \u00e9s Laci szakmai tud\u00e1sukkal \u00e9s szersz\u00e1m arzen\u00e1ljukkal seg\u00edtett\u00e9k a csapatot. A fi\u00fak rendk\u00edv\u00fcl j\u00f3fejek voltak, \u00e9s igyekeztek a ker\u00e9kp\u00e1ros szakzsargont k\u00f6nnyen, \u00e9rtelmezhet\u0151en \u00e1tadni. B\u00e1tran lehetett k\u00e9rdezni \u00e9s mindenki kapott szem\u00e9lyre szabott tan\u00e1csot saj\u00e1t bicaj\u00e1hoz igaz\u00edtva. A 3 \u00f3r\u00e1s workshop sor\u00e1n a l\u00e1nyok megismerkedhettek bring\u00e1juk r\u00e9szeivel, az egyes alkot\u00f3elemek t\u00edpust\u00f3l f\u00fcgg\u0151 k\u00fcl\u00f6nbs\u00e9geivel. Majd k\u00f6vetkeztek az alapfelszerel\u00e9sk\u00e9nt szolg\u00e1l\u00f3 szersz\u00e1mok \u00e9s karbantart\u00e1si j\u00f3tan\u00e1csok. V\u00e9g\u00fcl a csajok 3 csapatra oszlottak \u00e9s felv\u00e1ltva saj\u00e1t\u00edthatt\u00e1k el a lyukas gumibels\u0151 ragaszt\u00e1st\u00f3l, a ker\u00e9klev\u00e9telen \u00e1t, a f\u00e9k be\u00e1ll\u00edt\u00e1s\u00e1nak folyamatait.<\/p>\n<p><a href=\"https:\/\/d2p6e6u75xmxt8.cloudfront.net\/12\/2018\/08\/kerekparszerelo-kurzus-noknek-3.jpg\"><img loading=\"lazy\" decoding=\"async\" class=\"alignnone wp-image-1601\" src=\"https:\/\/d2p6e6u75xmxt8.cloudfront.net\/12\/2018\/08\/kerekparszerelo-kurzus-noknek-3-1280x1920.jpg\" alt=\"kerekparszerelo kurzus noknek\" width=\"564\" height=\"846\" srcset=\"https:\/\/d2p6e6u75xmxt8.cloudfront.net\/12\/2018\/08\/kerekparszerelo-kurzus-noknek-3-1280x1920.jpg 1280w, https:\/\/d2p6e6u75xmxt8.cloudfront.net\/12\/2018\/08\/kerekparszerelo-kurzus-noknek-3-200x300.jpg 200w, https:\/\/d2p6e6u75xmxt8.cloudfront.net\/12\/2018\/08\/kerekparszerelo-kurzus-noknek-3-768x1152.jpg 768w, https:\/\/d2p6e6u75xmxt8.cloudfront.net\/12\/2018\/08\/kerekparszerelo-kurzus-noknek-3-683x1024.jpg 683w, https:\/\/d2p6e6u75xmxt8.cloudfront.net\/12\/2018\/08\/kerekparszerelo-kurzus-noknek-3-1280x1920.jpg 1280w\" sizes=\"auto, (max-width: 564px) 100vw, 564px\" \/><\/a><\/p>\n<p>A kurzuson elhangzott rengeteg hasznos tan\u00e1csb\u00f3l \u00e9s praktik\u00e1b\u00f3l hoztuk el most nektek a legfontosabbakat:<\/p>\n<h2>Karbantart\u00e1si \u00fatmutat\u00e1s<\/h2>\n<p>Id\u0151r\u0151l-id\u0151re nem \u00e1rt \u00e1tvizsg\u00e1lni a bring\u00e1nkat, \u00e9s a tiszt\u00edt\u00e1snak sem csup\u00e1n eszt\u00e9tikai okokb\u00f3l aj\u00e1nlott. \u00cdme n\u00e9h\u00e1ny tipp a bring\u00e1tok karbantart\u00e1s\u00e1hoz:<\/p>\n<h2>\u00c1ltal\u00e1nos j\u00f3tan\u00e1cs<\/h2>\n<p>\u00c9vi 1-2 alkalommal vigy\u00e9tek el a bring\u00e1t egy szervizbe \u00e1ltal\u00e1nos ellen\u0151rz\u00e9sre.<\/p>\n<p>Sz\u00e1nj\u00e1tok r\u00e1 magatokat m\u00e9g t\u00e9l el\u0151tt a nagy vizitre, \u00edgy ha bek\u00f6sz\u00f6nt a j\u00f3 id\u0151, elker\u00fclhetitek a tumultust, hiszen mindenki ekkor rohamozza meg a m\u0171helyeket.<\/p>\n<p>Ny\u00e1ron havonta egyszer, t\u00e9len pedig hetente aj\u00e1nlott a bringa alapos \u00e1ttakar\u00edt\u00e1sa!<\/p>\n<h2>V\u00e1z tiszt\u00edt\u00e1sa<\/h2>\n<p>Ha s\u00e1ros a bicikli \u00e9s benzink\u00fatn\u00e1l j\u00e1rtok, tiszt\u00edt\u00e1shoz haszn\u00e1lhattok p\u00e9ld\u00e1ul g\u0151zborotv\u00e1t, viszont arra vigy\u00e1zzatok, hogy csak a v\u00e1z fel\u00fclet\u00e9n alkalmazz\u00e1tok, ker\u00fclve a mozg\u00f3 alkatr\u00e9szeket, mert a magas nyom\u00e1s kiszedi a ken\u0151anyagot, ami a kop\u00e1smentess\u00e9get szolg\u00e1lja.<\/p>\n<p>Ha h\u00e1zilag tiszt\u00edtan\u00e1tok meg a bring\u00e1t, haszn\u00e1lhattok nyugodtan s\u00f6rt\u00e9s kef\u00e9t, mos\u00f3szeres vagy sima vizet. Viszont \u00f3vatosan az er\u0151s v\u00edzsug\u00e1rral, mert a kimos\u00f3d\u00f3 homokszemek t\u00f6nkretehetik a f\u00e9nyez\u00e9st.<\/p>\n<p><a href=\"https:\/\/d2p6e6u75xmxt8.cloudfront.net\/12\/2018\/08\/kerekparszerelo-kurzus-noknek-4.jpg\"><img loading=\"lazy\" decoding=\"async\" class=\"alignnone size-extra-large wp-image-1602\" src=\"https:\/\/d2p6e6u75xmxt8.cloudfront.net\/12\/2018\/08\/kerekparszerelo-kurzus-noknek-4-1920x1280.jpg\" alt=\"kerekparszerelo kurzus noknek\" width=\"1920\" height=\"1280\" srcset=\"https:\/\/d2p6e6u75xmxt8.cloudfront.net\/12\/2018\/08\/kerekparszerelo-kurzus-noknek-4-1920x1280.jpg 1920w, https:\/\/d2p6e6u75xmxt8.cloudfront.net\/12\/2018\/08\/kerekparszerelo-kurzus-noknek-4-300x200.jpg 300w, https:\/\/d2p6e6u75xmxt8.cloudfront.net\/12\/2018\/08\/kerekparszerelo-kurzus-noknek-4-768x512.jpg 768w, https:\/\/d2p6e6u75xmxt8.cloudfront.net\/12\/2018\/08\/kerekparszerelo-kurzus-noknek-4-1024x683.jpg 1024w, https:\/\/d2p6e6u75xmxt8.cloudfront.net\/12\/2018\/08\/kerekparszerelo-kurzus-noknek-4-272x182.jpg 272w, https:\/\/d2p6e6u75xmxt8.cloudfront.net\/12\/2018\/08\/kerekparszerelo-kurzus-noknek-4-1920x1280.jpg 1920w\" sizes=\"auto, (max-width: 1920px) 100vw, 1920px\" \/><\/a><\/p>\n<h2>L\u00e1nc \u00e9s fogaskerekek<\/h2>\n<p>A l\u00e1nc \u00e9s fogaskerekek tiszt\u00edt\u00e1s\u00e1t nyugodtan v\u00e9gezhetitek fogkef\u00e9vel.<\/p>\n<p>Ha a l\u00e1nc sz\u00edne f\u00e9mes, akkor m\u00e9g nem sz\u00fcks\u00e9ges \u00e1tmenni rajta, viszont ha fekete \u00e9s m\u00e1r alig l\u00e1tsz\u00f3dnak a kit\u00fcremked\u00e9sek, r\u00e1f\u00e9r egy takar\u00edt\u00e1s.<\/p>\n<p>A l\u00e1ncot el\u0151sz\u00f6r takar\u00edts\u00e1tok le, csak azt\u00e1n olajozz\u00e1tok be!<\/p>\n<p>Olajoz\u00e1shoz sima m\u0171szerolajat is haszn\u00e1lhattok, de van bring\u00e1s boltokban kaphat\u00f3 csepegtet\u0151s vagy f\u00faj\u00f3s verzi\u00f3. Az olajat a l\u00e1nc bels\u0151 oldal\u00e1ra csepegtess\u00e9tek, majd t\u00f6r\u00f6lj\u00e9tek le a felesleget \u00e9s figyeljetek oda, hogy m\u00e1sra ne csepegjen.<\/p>\n<p>A l\u00e1nc \u00e9s a fogaskerekek durva vagy olajos szennyez\u0151d\u00e9se eset\u00e9n f\u00e9ktiszt\u00edt\u00f3 folyad\u00e9kkal, spray-vel pr\u00f3b\u00e1lkozzatok, \u00fcgyelve arra, hogy ne a v\u00e1lt\u00f3 \u00e9s a h\u00e1ts\u00f3agy k\u00f6z\u00e9 f\u00fajj\u00e1tok. Egy\u00e9b esetben haszn\u00e1lhattok benzint is. Egy dologra vigy\u00e1zzatok: a fogaskereket nem kell beolajozni!<\/p>\n<p>Nem baj, ha k\u00fclt\u00e9ren t\u00e1rolj\u00e1tok a bicajt, viszont arra figyeljetek oda, hogy t\u00e9len extr\u00e1n ki lesz t\u00e9ve a korr\u00f3zi\u00f3 vesz\u00e9lyeinek, ez\u00e9rt m\u00e9g el\u0151tte olajozz\u00e1tok be a l\u00e1ncot!<\/p>\n<p>A v\u00e1lt\u00f3r\u00f3l \u00e9s a fogaskerekekr\u0151l a koszt egy lapos csavarh\u00faz\u00f3val a legegyszer\u0171bb leszedni.<\/p>\n<p>Egy \u00e1tlagos l\u00e1nc 3-4 ezer kilom\u00e9teren \u00e1t lesz h\u0171 t\u00e1rsatok. Ha viszont ezeket a tan\u00e1csokat figyelmen k\u00edv\u00fcl hagyj\u00e1tok, csak ezerig marad veletek. Takar\u00edts\u00e1tok \u00e1t havonta, \u00edgy n\u00f6velhetitek az \u00e9lettartam\u00e1t.<\/p>\n<p><a href=\"https:\/\/d2p6e6u75xmxt8.cloudfront.net\/12\/2018\/08\/kerekparszerelo-kurzus-noknek-5.jpg\"><img loading=\"lazy\" decoding=\"async\" class=\"alignnone size-extra-large wp-image-1603\" src=\"https:\/\/d2p6e6u75xmxt8.cloudfront.net\/12\/2018\/08\/kerekparszerelo-kurzus-noknek-5-1920x1280.jpg\" alt=\"kerekparszerelo kurzus noknek\" width=\"1920\" height=\"1280\" srcset=\"https:\/\/d2p6e6u75xmxt8.cloudfront.net\/12\/2018\/08\/kerekparszerelo-kurzus-noknek-5-1920x1280.jpg 1920w, https:\/\/d2p6e6u75xmxt8.cloudfront.net\/12\/2018\/08\/kerekparszerelo-kurzus-noknek-5-300x200.jpg 300w, https:\/\/d2p6e6u75xmxt8.cloudfront.net\/12\/2018\/08\/kerekparszerelo-kurzus-noknek-5-768x512.jpg 768w, https:\/\/d2p6e6u75xmxt8.cloudfront.net\/12\/2018\/08\/kerekparszerelo-kurzus-noknek-5-1024x683.jpg 1024w, https:\/\/d2p6e6u75xmxt8.cloudfront.net\/12\/2018\/08\/kerekparszerelo-kurzus-noknek-5-272x182.jpg 272w, https:\/\/d2p6e6u75xmxt8.cloudfront.net\/12\/2018\/08\/kerekparszerelo-kurzus-noknek-5-1920x1280.jpg 1920w\" sizes=\"auto, (max-width: 1920px) 100vw, 1920px\" \/><\/a><\/p>\n<h2>Tippek a v\u00e1lt\u00f3 haszn\u00e1lat\u00e1hoz<\/h2>\n<p>B\u00e1r a v\u00e1rosban keveset haszn\u00e1ljuk, ha hosszabb t\u00far\u00e1ra mentek, rengeteg id\u0151t \u00e9s energi\u00e1t sp\u00f3rolhattok, ha tudj\u00e1tok, hogyan kell j\u00f3l haszn\u00e1lni a v\u00e1lt\u00f3kat.<\/p>\n<p>Ha ezeket betartj\u00e1tok, nem fogtok t\u00f6bb\u00e9 a fogaskerekeket csikorgatva tekerni:<\/p>\n<p>Haszn\u00e1lj\u00e1tok v\u00e1ltozatosan a v\u00e1lt\u00f3t, ne mindig ugyanabban a fokozatban bring\u00e1zzatok, \u00edgy megn\u00f6velhetitek a v\u00e1lt\u00f3szerkezet, a l\u00e1nc \u00e9s a fogaskerekek \u00e9lettartam\u00e1t.<\/p>\n<p>Ker\u00fclj\u00e9tek el a keresztbev\u00e1lt\u00e1st, azaz a l\u00e1nc sose legyen el\u0151l \u00e9s h\u00e1tul is a nagy l\u00e1ncker\u00e9ken, mert ez hamar t\u00f6nkreteszi az alkatr\u00e9szeket.<\/p>\n<p>Az els\u0151- \u00e9s a h\u00e1ts\u00f3 v\u00e1lt\u00f3 mindig ford\u00edtottan ar\u00e1nyosan legyen be\u00e1ll\u00edtva, teh\u00e1t, ha el\u0151l alacsony fokozaton vagytok, akkor h\u00e1tul legyen nagy \u00e9s ford\u00edtva, \u00edgy nem dar\u00e1lj\u00e1tok sz\u00e9t a fogaskerekeket.<\/p>\n<h2>Bring\u00e1s alapfelszerel\u00e9s hosszabb t\u00far\u00e1kra<\/h2>\n<p>Ha t\u00far\u00e1zni indultok, aj\u00e1nlott felszerelkezni egy alapszint\u0171 t\u00fal\u00e9l\u0151k\u00e9szlettel. Ez a ker\u00e9kp\u00e1ros t\u00fal\u00e9l\u0151csomag pedig a k\u00f6vetkez\u0151:<\/p>\n<p>&#8211; imbuszkulcs szett<\/p>\n<p>&#8211; 15 mm-es vill\u00e1skulcs<\/p>\n<p>&#8211; p\u00f3tbels\u0151<\/p>\n<p>&#8211; foltoz\u00f3 szett<\/p>\n<p>&#8211; ker\u00e9k k\u00fcls\u0151 leszed\u0151<\/p>\n<p>&#8211; k\u00e9zi pumpa<\/p>\n<p>&#8211; \u00e1talak\u00edt\u00f3 szelep<\/p>\n<p><a href=\"https:\/\/d2p6e6u75xmxt8.cloudfront.net\/12\/2018\/08\/kerekparszerelo-kurzus-noknek-2.jpg\"><img loading=\"lazy\" decoding=\"async\" class=\"alignnone size-extra-large wp-image-1604\" src=\"https:\/\/d2p6e6u75xmxt8.cloudfront.net\/12\/2018\/08\/kerekparszerelo-kurzus-noknek-2-1920x1280.jpg\" alt=\"kerekparszerelo kurzus noknek\" width=\"1920\" height=\"1280\" srcset=\"https:\/\/d2p6e6u75xmxt8.cloudfront.net\/12\/2018\/08\/kerekparszerelo-kurzus-noknek-2-1920x1280.jpg 1920w, https:\/\/d2p6e6u75xmxt8.cloudfront.net\/12\/2018\/08\/kerekparszerelo-kurzus-noknek-2-300x200.jpg 300w, https:\/\/d2p6e6u75xmxt8.cloudfront.net\/12\/2018\/08\/kerekparszerelo-kurzus-noknek-2-768x512.jpg 768w, https:\/\/d2p6e6u75xmxt8.cloudfront.net\/12\/2018\/08\/kerekparszerelo-kurzus-noknek-2-1024x683.jpg 1024w, https:\/\/d2p6e6u75xmxt8.cloudfront.net\/12\/2018\/08\/kerekparszerelo-kurzus-noknek-2-272x182.jpg 272w, https:\/\/d2p6e6u75xmxt8.cloudfront.net\/12\/2018\/08\/kerekparszerelo-kurzus-noknek-2-1920x1280.jpg 1920w\" sizes=\"auto, (max-width: 1920px) 100vw, 1920px\" \/><\/a><\/p>\n<p>A v\u00e9g\u00e9re pedig egy univerz\u00e1lis tan\u00e1cs: haszn\u00e1lj\u00e1tok az okostel\u00f3tokat! B\u00e1rmibe is kezdtek, mindig k\u00e9sz\u00edtsetek f\u00e1zisfot\u00f3kat, \u00edgy nyomon k\u00f6vethetitek az egyes l\u00e9p\u00e9seket. Higgy\u00e9tek el, ez m\u00e9g a profiknak is j\u00f3l j\u00f6n.<\/p>\n","protected":false},"excerpt":{"rendered":"<p>Ha baj van a bring\u00e1ddal, nem mindig akad ker\u00e9k leereszt\u00e9snyi t\u00e1vols\u00e1gra szerviz. Az ilyen esetekre felk\u00e9sz\u00fclve nem \u00e1rt tiszt\u00e1ban lenni [&hellip;]<\/p>\n","protected":false},"author":71,"featured_media":1600,"comment_status":"open","ping_status":"open","sticky":false,"template":"","format":"standard","meta":{"footnotes":""},"categories":[99],"tags":[135,129,140,28,27,137,141,115],"global-categories":[],"class_list":["post-1599","post","type-post","status-publish","format-standard","has-post-thumbnail","hentry","category-miert-tekerunk","tag-blind-chic","tag-bringas-nok","tag-cyclonomia","tag-kerekpar-blog","tag-kerekpar-magazin","tag-kerekparos-nok","tag-kerekparszerelo-kurzus","tag-miert-tekerunk"],"yoast_head":"<!-- This site is optimized with the Yoast SEO Premium plugin v25.3 (Yoast SEO v25.9) - https:\/\/yoast.com\/wordpress\/plugins\/seo\/ -->\n<title>Mi\u00e9rt ne jav\u00edthatn\u00e1 meg egy l\u00e1ny a saj\u00e1t bic\u00f3j\u00e1t? Ker\u00e9kp\u00e1rszerel\u0151 kurzus n\u0151knek - \u0160koda We Love Cycling - Magyarorsz\u00e1g<\/title>\n<meta name=\"description\" content=\"Ker\u00e9kp\u00e1rszerel\u0151 kurzus n\u0151knek - \u00edgy hirdett\u00fck meg azt a workshopot, amire t\u00f6bb mint ezren jelentkeztek. Elv\u00e9gre mi\u00e9rt is ne tudn\u00e1 megjav\u00edtani egy l\u00e1ny a saj\u00e1t bic\u00f3j\u00e1t, ha p\u00e9ld\u00e1ul defektet kapott?\" \/>\n<meta name=\"robots\" content=\"index, follow, max-snippet:-1, max-image-preview:large, max-video-preview:-1\" \/>\n<link rel=\"canonical\" href=\"https:\/\/www.welovecycling.com\/hu\/miert-tekerunk\/kerekparszerelo-kurzus-noknek\/\" \/>\n<meta property=\"og:locale\" content=\"hu_HU\" \/>\n<meta property=\"og:type\" content=\"article\" \/>\n<meta property=\"og:title\" content=\"Mi\u00e9rt ne jav\u00edthatn\u00e1 meg egy l\u00e1ny a saj\u00e1t bic\u00f3j\u00e1t? Ker\u00e9kp\u00e1rszerel\u0151 kurzus n\u0151knek\" \/>\n<meta property=\"og:description\" content=\"Ker\u00e9kp\u00e1rszerel\u0151 kurzus n\u0151knek - \u00edgy hirdett\u00fck meg azt a workshopot, amire t\u00f6bb mint ezren jelentkeztek. Elv\u00e9gre mi\u00e9rt is ne tudn\u00e1 megjav\u00edtani egy l\u00e1ny a saj\u00e1t bic\u00f3j\u00e1t, ha p\u00e9ld\u00e1ul defektet kapott?\" \/>\n<meta property=\"og:url\" content=\"https:\/\/www.welovecycling.com\/hu\/miert-tekerunk\/kerekparszerelo-kurzus-noknek\/\" \/>\n<meta property=\"og:site_name\" content=\"\u0160koda We Love Cycling - Magyarorsz\u00e1g\" \/>\n<meta property=\"article:publisher\" content=\"https:\/\/www.facebook.com\/WeLoveCyclingHungary\/\" \/>\n<meta property=\"article:published_time\" content=\"2018-08-13T15:50:36+00:00\" \/>\n<meta property=\"article:modified_time\" content=\"2018-08-13T15:55:18+00:00\" \/>\n<meta property=\"og:image\" content=\"https:\/\/d2p6e6u75xmxt8.cloudfront.net\/12\/2018\/08\/kerekparszerelo-kurzus-noknek-1.jpg\" \/>\n\t<meta property=\"og:image:width\" content=\"5760\" \/>\n\t<meta property=\"og:image:height\" content=\"3840\" \/>\n\t<meta property=\"og:image:type\" content=\"image\/jpeg\" \/>\n<meta name=\"author\" content=\"hegyizs\" \/>\n<meta name=\"twitter:card\" content=\"summary_large_image\" \/>\n<meta name=\"twitter:label1\" content=\"Written by\" \/>\n\t<meta name=\"twitter:data1\" content=\"hegyizs\" \/>\n\t<meta name=\"twitter:label2\" content=\"Est. reading time\" \/>\n\t<meta name=\"twitter:data2\" content=\"5 minutes\" \/>\n<script type=\"application\/ld+json\" class=\"yoast-schema-graph\">{\"@context\":\"https:\/\/schema.org\",\"@graph\":[{\"@type\":\"WebPage\",\"@id\":\"https:\/\/www.welovecycling.com\/hu\/miert-tekerunk\/kerekparszerelo-kurzus-noknek\/\",\"url\":\"https:\/\/www.welovecycling.com\/hu\/miert-tekerunk\/kerekparszerelo-kurzus-noknek\/\",\"name\":\"Mi\u00e9rt ne jav\u00edthatn\u00e1 meg egy l\u00e1ny a saj\u00e1t bic\u00f3j\u00e1t? Ker\u00e9kp\u00e1rszerel\u0151 kurzus n\u0151knek - \u0160koda We Love Cycling - Magyarorsz\u00e1g\",\"isPartOf\":{\"@id\":\"https:\/\/www.welovecycling.com\/hu\/#website\"},\"primaryImageOfPage\":{\"@id\":\"https:\/\/www.welovecycling.com\/hu\/miert-tekerunk\/kerekparszerelo-kurzus-noknek\/#primaryimage\"},\"image\":{\"@id\":\"https:\/\/www.welovecycling.com\/hu\/miert-tekerunk\/kerekparszerelo-kurzus-noknek\/#primaryimage\"},\"thumbnailUrl\":\"https:\/\/d2p6e6u75xmxt8.cloudfront.net\/12\/2018\/08\/kerekparszerelo-kurzus-noknek-1.jpg\",\"datePublished\":\"2018-08-13T15:50:36+00:00\",\"dateModified\":\"2018-08-13T15:55:18+00:00\",\"author\":{\"@id\":\"https:\/\/www.welovecycling.com\/hu\/#\/schema\/person\/414a2aebf1801691a5320edb6468e194\"},\"description\":\"Ker\u00e9kp\u00e1rszerel\u0151 kurzus n\u0151knek - \u00edgy hirdett\u00fck meg azt a workshopot, amire t\u00f6bb mint ezren jelentkeztek. Elv\u00e9gre mi\u00e9rt is ne tudn\u00e1 megjav\u00edtani egy l\u00e1ny a saj\u00e1t bic\u00f3j\u00e1t, ha p\u00e9ld\u00e1ul defektet kapott?\",\"breadcrumb\":{\"@id\":\"https:\/\/www.welovecycling.com\/hu\/miert-tekerunk\/kerekparszerelo-kurzus-noknek\/#breadcrumb\"},\"inLanguage\":\"hu\",\"potentialAction\":[{\"@type\":\"ReadAction\",\"target\":[\"https:\/\/www.welovecycling.com\/hu\/miert-tekerunk\/kerekparszerelo-kurzus-noknek\/\"]}]},{\"@type\":\"ImageObject\",\"inLanguage\":\"hu\",\"@id\":\"https:\/\/www.welovecycling.com\/hu\/miert-tekerunk\/kerekparszerelo-kurzus-noknek\/#primaryimage\",\"url\":\"https:\/\/d2p6e6u75xmxt8.cloudfront.net\/12\/2018\/08\/kerekparszerelo-kurzus-noknek-1.jpg\",\"contentUrl\":\"https:\/\/d2p6e6u75xmxt8.cloudfront.net\/12\/2018\/08\/kerekparszerelo-kurzus-noknek-1.jpg\",\"width\":5760,\"height\":3840,\"caption\":\"kerekparszerelo kurzus noknek\"},{\"@type\":\"BreadcrumbList\",\"@id\":\"https:\/\/www.welovecycling.com\/hu\/miert-tekerunk\/kerekparszerelo-kurzus-noknek\/#breadcrumb\",\"itemListElement\":[{\"@type\":\"ListItem\",\"position\":1,\"name\":\"Home\",\"item\":\"https:\/\/www.welovecycling.com\/hu\/\"},{\"@type\":\"ListItem\",\"position\":2,\"name\":\"Mi\u00e9rt ne jav\u00edthatn\u00e1 meg egy l\u00e1ny a saj\u00e1t bic\u00f3j\u00e1t? Ker\u00e9kp\u00e1rszerel\u0151 kurzus n\u0151knek\"}]},{\"@type\":\"WebSite\",\"@id\":\"https:\/\/www.welovecycling.com\/hu\/#website\",\"url\":\"https:\/\/www.welovecycling.com\/hu\/\",\"name\":\"\u0160koda We Love Cycling - Magyarorsz\u00e1g\",\"description\":\"\u0160koda WeLoveCycling\",\"potentialAction\":[{\"@type\":\"SearchAction\",\"target\":{\"@type\":\"EntryPoint\",\"urlTemplate\":\"https:\/\/www.welovecycling.com\/hu\/?s={search_term_string}\"},\"query-input\":{\"@type\":\"PropertyValueSpecification\",\"valueRequired\":true,\"valueName\":\"search_term_string\"}}],\"inLanguage\":\"hu\"},{\"@type\":\"Person\",\"@id\":\"https:\/\/www.welovecycling.com\/hu\/#\/schema\/person\/414a2aebf1801691a5320edb6468e194\",\"name\":\"hegyizs\",\"image\":{\"@type\":\"ImageObject\",\"inLanguage\":\"hu\",\"@id\":\"https:\/\/www.welovecycling.com\/hu\/#\/schema\/person\/image\/\",\"url\":\"https:\/\/secure.gravatar.com\/avatar\/02cf8a7906b8cf90cecb4679defac7cfd33a1c2e3b88e4903d947f3bb58eedd3?s=96&d=mm&r=g\",\"contentUrl\":\"https:\/\/secure.gravatar.com\/avatar\/02cf8a7906b8cf90cecb4679defac7cfd33a1c2e3b88e4903d947f3bb58eedd3?s=96&d=mm&r=g\",\"caption\":\"hegyizs\"},\"url\":\"https:\/\/www.welovecycling.com\/hu\/author\/hegyizs\/\"}]}<\/script>\n<!-- \/ Yoast SEO Premium plugin. -->","yoast_head_json":{"title":"Mi\u00e9rt ne jav\u00edthatn\u00e1 meg egy l\u00e1ny a saj\u00e1t bic\u00f3j\u00e1t? Ker\u00e9kp\u00e1rszerel\u0151 kurzus n\u0151knek - \u0160koda We Love Cycling - Magyarorsz\u00e1g","description":"Ker\u00e9kp\u00e1rszerel\u0151 kurzus n\u0151knek - \u00edgy hirdett\u00fck meg azt a workshopot, amire t\u00f6bb mint ezren jelentkeztek. Elv\u00e9gre mi\u00e9rt is ne tudn\u00e1 megjav\u00edtani egy l\u00e1ny a saj\u00e1t bic\u00f3j\u00e1t, ha p\u00e9ld\u00e1ul defektet kapott?","robots":{"index":"index","follow":"follow","max-snippet":"max-snippet:-1","max-image-preview":"max-image-preview:large","max-video-preview":"max-video-preview:-1"},"canonical":"https:\/\/www.welovecycling.com\/hu\/miert-tekerunk\/kerekparszerelo-kurzus-noknek\/","og_locale":"hu_HU","og_type":"article","og_title":"Mi\u00e9rt ne jav\u00edthatn\u00e1 meg egy l\u00e1ny a saj\u00e1t bic\u00f3j\u00e1t? Ker\u00e9kp\u00e1rszerel\u0151 kurzus n\u0151knek","og_description":"Ker\u00e9kp\u00e1rszerel\u0151 kurzus n\u0151knek - \u00edgy hirdett\u00fck meg azt a workshopot, amire t\u00f6bb mint ezren jelentkeztek. Elv\u00e9gre mi\u00e9rt is ne tudn\u00e1 megjav\u00edtani egy l\u00e1ny a saj\u00e1t bic\u00f3j\u00e1t, ha p\u00e9ld\u00e1ul defektet kapott?","og_url":"https:\/\/www.welovecycling.com\/hu\/miert-tekerunk\/kerekparszerelo-kurzus-noknek\/","og_site_name":"\u0160koda We Love Cycling - Magyarorsz\u00e1g","article_publisher":"https:\/\/www.facebook.com\/WeLoveCyclingHungary\/","article_published_time":"2018-08-13T15:50:36+00:00","article_modified_time":"2018-08-13T15:55:18+00:00","og_image":[{"width":5760,"height":3840,"url":"https:\/\/d2p6e6u75xmxt8.cloudfront.net\/12\/2018\/08\/kerekparszerelo-kurzus-noknek-1.jpg","type":"image\/jpeg"}],"author":"hegyizs","twitter_card":"summary_large_image","twitter_misc":{"Written by":"hegyizs","Est. reading time":"5 minutes"},"schema":{"@context":"https:\/\/schema.org","@graph":[{"@type":"WebPage","@id":"https:\/\/www.welovecycling.com\/hu\/miert-tekerunk\/kerekparszerelo-kurzus-noknek\/","url":"https:\/\/www.welovecycling.com\/hu\/miert-tekerunk\/kerekparszerelo-kurzus-noknek\/","name":"Mi\u00e9rt ne jav\u00edthatn\u00e1 meg egy l\u00e1ny a saj\u00e1t bic\u00f3j\u00e1t? Ker\u00e9kp\u00e1rszerel\u0151 kurzus n\u0151knek - \u0160koda We Love Cycling - Magyarorsz\u00e1g","isPartOf":{"@id":"https:\/\/www.welovecycling.com\/hu\/#website"},"primaryImageOfPage":{"@id":"https:\/\/www.welovecycling.com\/hu\/miert-tekerunk\/kerekparszerelo-kurzus-noknek\/#primaryimage"},"image":{"@id":"https:\/\/www.welovecycling.com\/hu\/miert-tekerunk\/kerekparszerelo-kurzus-noknek\/#primaryimage"},"thumbnailUrl":"https:\/\/d2p6e6u75xmxt8.cloudfront.net\/12\/2018\/08\/kerekparszerelo-kurzus-noknek-1.jpg","datePublished":"2018-08-13T15:50:36+00:00","dateModified":"2018-08-13T15:55:18+00:00","author":{"@id":"https:\/\/www.welovecycling.com\/hu\/#\/schema\/person\/414a2aebf1801691a5320edb6468e194"},"description":"Ker\u00e9kp\u00e1rszerel\u0151 kurzus n\u0151knek - \u00edgy hirdett\u00fck meg azt a workshopot, amire t\u00f6bb mint ezren jelentkeztek. Elv\u00e9gre mi\u00e9rt is ne tudn\u00e1 megjav\u00edtani egy l\u00e1ny a saj\u00e1t bic\u00f3j\u00e1t, ha p\u00e9ld\u00e1ul defektet kapott?","breadcrumb":{"@id":"https:\/\/www.welovecycling.com\/hu\/miert-tekerunk\/kerekparszerelo-kurzus-noknek\/#breadcrumb"},"inLanguage":"hu","potentialAction":[{"@type":"ReadAction","target":["https:\/\/www.welovecycling.com\/hu\/miert-tekerunk\/kerekparszerelo-kurzus-noknek\/"]}]},{"@type":"ImageObject","inLanguage":"hu","@id":"https:\/\/www.welovecycling.com\/hu\/miert-tekerunk\/kerekparszerelo-kurzus-noknek\/#primaryimage","url":"https:\/\/d2p6e6u75xmxt8.cloudfront.net\/12\/2018\/08\/kerekparszerelo-kurzus-noknek-1.jpg","contentUrl":"https:\/\/d2p6e6u75xmxt8.cloudfront.net\/12\/2018\/08\/kerekparszerelo-kurzus-noknek-1.jpg","width":5760,"height":3840,"caption":"kerekparszerelo kurzus noknek"},{"@type":"BreadcrumbList","@id":"https:\/\/www.welovecycling.com\/hu\/miert-tekerunk\/kerekparszerelo-kurzus-noknek\/#breadcrumb","itemListElement":[{"@type":"ListItem","position":1,"name":"Home","item":"https:\/\/www.welovecycling.com\/hu\/"},{"@type":"ListItem","position":2,"name":"Mi\u00e9rt ne jav\u00edthatn\u00e1 meg egy l\u00e1ny a saj\u00e1t bic\u00f3j\u00e1t? Ker\u00e9kp\u00e1rszerel\u0151 kurzus n\u0151knek"}]},{"@type":"WebSite","@id":"https:\/\/www.welovecycling.com\/hu\/#website","url":"https:\/\/www.welovecycling.com\/hu\/","name":"\u0160koda We Love Cycling - Magyarorsz\u00e1g","description":"\u0160koda WeLoveCycling","potentialAction":[{"@type":"SearchAction","target":{"@type":"EntryPoint","urlTemplate":"https:\/\/www.welovecycling.com\/hu\/?s={search_term_string}"},"query-input":{"@type":"PropertyValueSpecification","valueRequired":true,"valueName":"search_term_string"}}],"inLanguage":"hu"},{"@type":"Person","@id":"https:\/\/www.welovecycling.com\/hu\/#\/schema\/person\/414a2aebf1801691a5320edb6468e194","name":"hegyizs","image":{"@type":"ImageObject","inLanguage":"hu","@id":"https:\/\/www.welovecycling.com\/hu\/#\/schema\/person\/image\/","url":"https:\/\/secure.gravatar.com\/avatar\/02cf8a7906b8cf90cecb4679defac7cfd33a1c2e3b88e4903d947f3bb58eedd3?s=96&d=mm&r=g","contentUrl":"https:\/\/secure.gravatar.com\/avatar\/02cf8a7906b8cf90cecb4679defac7cfd33a1c2e3b88e4903d947f3bb58eedd3?s=96&d=mm&r=g","caption":"hegyizs"},"url":"https:\/\/www.welovecycling.com\/hu\/author\/hegyizs\/"}]}},"_links":{"self":[{"href":"https:\/\/www.welovecycling.com\/hu\/wp-json\/wp\/v2\/posts\/1599","targetHints":{"allow":["GET"]}}],"collection":[{"href":"https:\/\/www.welovecycling.com\/hu\/wp-json\/wp\/v2\/posts"}],"about":[{"href":"https:\/\/www.welovecycling.com\/hu\/wp-json\/wp\/v2\/types\/post"}],"author":[{"embeddable":true,"href":"https:\/\/www.welovecycling.com\/hu\/wp-json\/wp\/v2\/users\/71"}],"replies":[{"embeddable":true,"href":"https:\/\/www.welovecycling.com\/hu\/wp-json\/wp\/v2\/comments?post=1599"}],"version-history":[{"count":2,"href":"https:\/\/www.welovecycling.com\/hu\/wp-json\/wp\/v2\/posts\/1599\/revisions"}],"predecessor-version":[{"id":1609,"href":"https:\/\/www.welovecycling.com\/hu\/wp-json\/wp\/v2\/posts\/1599\/revisions\/1609"}],"wp:featuredmedia":[{"embeddable":true,"href":"https:\/\/www.welovecycling.com\/hu\/wp-json\/wp\/v2\/media\/1600"}],"wp:attachment":[{"href":"https:\/\/www.welovecycling.com\/hu\/wp-json\/wp\/v2\/media?parent=1599"}],"wp:term":[{"taxonomy":"category","embeddable":true,"href":"https:\/\/www.welovecycling.com\/hu\/wp-json\/wp\/v2\/categories?post=1599"},{"taxonomy":"post_tag","embeddable":true,"href":"https:\/\/www.welovecycling.com\/hu\/wp-json\/wp\/v2\/tags?post=1599"},{"taxonomy":"global-categories","embeddable":true,"href":"https:\/\/www.welovecycling.com\/hu\/wp-json\/wp\/v2\/global-categories?post=1599"}],"curies":[{"name":"wp","href":"https:\/\/api.w.org\/{rel}","templated":true}]}}