{"id":15782,"date":"2022-09-09T08:00:38","date_gmt":"2022-09-09T06:00:38","guid":{"rendered":"https:\/\/www.welovecycling.com\/hu\/?p=15782"},"modified":"2022-09-09T12:57:28","modified_gmt":"2022-09-09T10:57:28","slug":"pogacar-evenepoelrol-es-az-uj-generaciorol-szuperizgalmas-evek-allnak-elottunk","status":"publish","type":"post","link":"https:\/\/www.welovecycling.com\/hu\/orszaguti-kerekpar\/pogacar-evenepoelrol-es-az-uj-generaciorol-szuperizgalmas-evek-allnak-elottunk\/","title":{"rendered":"Pogacar Evenepoelr\u00f3l \u00e9s az \u00faj gener\u00e1ci\u00f3r\u00f3l: \u201eSzuperizgalmas \u00e9vek \u00e1llnak el\u0151tt\u00fcnk!\u201d"},"content":{"rendered":"<p><strong>A szlov\u00e9n klasszis m\u00e1r az idei Tour ut\u00e1n sem szomorkodott, ink\u00e1bb az er\u0151s\u00f6d\u0151 riv\u00e1lisoknak \u00f6r\u00fclt, Remco Evenepoel Vuelta-par\u00e1d\u00e9ja ut\u00e1n pedig csak m\u00e9g ink\u00e1bb elfogta a lelkesed\u00e9s.<\/strong><!--more--><\/p>\n<p>A k\u00e9tszeres Tour de France-gy\u0151ztes szlov\u00e9n klasszis id\u00e9n ugyan alulmaradt Jonas Vingegaard-al szemben a Touron, de m\u00e1r akkor sem a csal\u00f3dotts\u00e1g volt az uralkod\u00f3 \u00e9rz\u00e9se: ink\u00e1bb azon lelkesedett, hogy a k\u00f6zelj\u00f6v\u0151ben mennyire j\u00f3 versenyeket v\u00edvhat majd a d\u00e1nnal, ami csak megsokszorozza a motiv\u00e1ci\u00f3j\u00e1t. A n\u00e9vsor pedig Remco Evenepoel mostani Vuelta-par\u00e1d\u00e9j\u00e1val csak m\u00e9g tov\u00e1bb b\u0151v\u00fcl, \u00e9s Poga\u010dar ennek csak \u00f6r\u00fclni tud.<\/p>\n<p>Az Emirates versenyz\u0151je Kanad\u00e1ban k\u00e9sz\u00fcl az ausztr\u00e1liai vil\u00e1gbajnoks\u00e1gra, itt nyilatkozott a Cyclingnewsnak, \u00e9s dics\u00e9rte a felt\u00f6rekv\u0151 fiatal gener\u00e1ci\u00f3t, amely szerinte kiv\u00e1l\u00f3 versenyeket produk\u00e1l majd az el\u0151tt\u00fcnk \u00e1ll\u00f3 sok \u00e9vben, gondoskodva minden ker\u00e9kp\u00e1rkedvel\u0151 sz\u00f3rakoztat\u00e1s\u00e1r\u00f3l. \u201e<em>Az edz\u00e9sek miatt n\u00e9h\u00e1ny Vuelta-szakaszr\u00f3l lemaradtam, de am\u00fagy sokat n\u00e9ztem a versenyt a t\u00e9v\u00e9ben, \u00e9s azt kell mondjam, Remco nagyon j\u00f3. Mindenki tudja, hogy szuperer\u0151s \u00e9s szupertehets\u00e9ges, r\u00e1ad\u00e1sul minden m\u0171fajban kiv\u00e1l\u00f3: id\u0151futamon, a hegyebken \u00e9s s\u00edkon egyar\u00e1nt. Gondoltam, hogy j\u00f3l fog teljes\u00edteni, \u00e9s hozza is az elv\u00e1r\u00e1sokat.\u201d<\/em><\/p>\n<figure id=\"attachment_15783\" aria-describedby=\"caption-attachment-15783\" style=\"width: 1024px\" class=\"wp-caption alignnone\"><img loading=\"lazy\" decoding=\"async\" class=\"size-large wp-image-15783\" src=\"https:\/\/d2p6e6u75xmxt8.cloudfront.net\/12\/2022\/09\/RemcoEvenepoel-1024x683.jpg\" alt=\"\" width=\"1024\" height=\"683\" srcset=\"https:\/\/d2p6e6u75xmxt8.cloudfront.net\/12\/2022\/09\/RemcoEvenepoel-1024x683.jpg 1024w, https:\/\/d2p6e6u75xmxt8.cloudfront.net\/12\/2022\/09\/RemcoEvenepoel-300x200.jpg 300w, https:\/\/d2p6e6u75xmxt8.cloudfront.net\/12\/2022\/09\/RemcoEvenepoel-768x512.jpg 768w, https:\/\/d2p6e6u75xmxt8.cloudfront.net\/12\/2022\/09\/RemcoEvenepoel-1536x1024.jpg 1536w, https:\/\/d2p6e6u75xmxt8.cloudfront.net\/12\/2022\/09\/RemcoEvenepoel-1920x1280.jpg 1920w, https:\/\/d2p6e6u75xmxt8.cloudfront.net\/12\/2022\/09\/RemcoEvenepoel-272x182.jpg 272w, https:\/\/d2p6e6u75xmxt8.cloudfront.net\/12\/2022\/09\/RemcoEvenepoel.jpg 2048w, https:\/\/d2p6e6u75xmxt8.cloudfront.net\/12\/2022\/09\/RemcoEvenepoel-1920x1280.jpg 1920w\" sizes=\"auto, (max-width: 1024px) 100vw, 1024px\" \/><figcaption id=\"caption-attachment-15783\" class=\"wp-caption-text\">Remco Evenepoel v\u00e9gigdomin\u00e1lta az idei Vuelt\u00e1t (fot\u00f3: Getty)<\/figcaption><\/figure>\n<p>A nyilatkozat annak t\u00fckr\u00e9ben is \u00e9rdekes, hogy Poga\u010darnak eredetileg tervben volt az idei Vuelta, ahol \u00f6sszecsaphatott volna a hozz\u00e1 hasonl\u00f3 \u0151stehets\u00e9gnek tartott Evenepoellal, de v\u00e9g\u00fcl a Tour ut\u00e1n csapat\u00e1val egy\u00fctt \u00fagy d\u00f6nt\u00f6tt, a Vuelta helyett a vb-re k\u00e9sz\u00fcl. A szlov\u00e9n ezzel egy\u00fctt t\u00e9nyleg nagyon izgatott, hogy az \u00faj gener\u00e1ci\u00f3 vele egy\u00fctt egyre domin\u00e1nsabbnak t\u0171nik, \u00e9s abszol\u00fat pozit\u00edv kih\u00edv\u00e1sk\u00e9nt \u00e9li meg, hogy riv\u00e1lisai \u2013 p\u00e9ld\u00e1ul Vingegaard, Carlos Rodr\u00edguez, Tom Pidcock, vagy \u00e9ppen Joao Almeida \u2013 is egyre er\u0151sebbek. \u201e<em>\u0150szint\u00e9n rem\u00e9lem, hogy Egan Bernal is megfelel\u0151en vissza tud t\u00e9rni a balesete ut\u00e1n. Fantasztikus \u00e9vek el\u00e9 n\u00e9z\u00fcnk, remek csat\u00e1kat v\u00edvhatunk majd! Az el\u0151tt\u00fcnk \u00e1ll\u00f3 esztend\u0151 m\u00e1ris nagyon \u00e9rdekesnek \u00edg\u00e9rkezik \u2013 de az azt k\u00f6vet\u0151 \u00e9vekben m\u00e9g nagyszer\u0171bb versenyek j\u00f6hetnek majd\u2026\u201d<\/em><\/p>\n<figure id=\"attachment_15784\" aria-describedby=\"caption-attachment-15784\" style=\"width: 700px\" class=\"wp-caption alignnone\"><img loading=\"lazy\" decoding=\"async\" class=\"size-full wp-image-15784\" src=\"https:\/\/d2p6e6u75xmxt8.cloudfront.net\/12\/2022\/09\/000-1x11ko-1.jpg\" alt=\"\" width=\"700\" height=\"420\" srcset=\"https:\/\/d2p6e6u75xmxt8.cloudfront.net\/12\/2022\/09\/000-1x11ko-1.jpg 700w, https:\/\/d2p6e6u75xmxt8.cloudfront.net\/12\/2022\/09\/000-1x11ko-1-300x180.jpg 300w\" sizes=\"auto, (max-width: 700px) 100vw, 700px\" \/><figcaption id=\"caption-attachment-15784\" class=\"wp-caption-text\">Poga\u010dar szeretn\u00e9, ha Bernal is er\u0151sen t\u00e9rne vissza balesete ut\u00e1n (fot\u00f3: AFP)<\/figcaption><\/figure>\n<p>A szlov\u00e9n v\u00e1logatottat vezet\u0151 Poga\u010dar a szeptember 18-\u00e1n rajtol\u00f3 ausztr\u00e1liai vil\u00e1gbajnoks\u00e1gon jelen \u00e1ll\u00e1s szerint m\u00e1ris \u00f6sszecsaphat Evenepoellal \u00e9s a m\u00e1sik nagy favorittal, Wout Van Aerttal. Az Emirates klasszisa hozz\u00e1tette, nagyon j\u00f3 \u00e9rz\u00e9s lenne megszerezni a gy\u0151ztesnek j\u00e1r\u00f3 sziv\u00e1rv\u00e1nyos trik\u00f3t, de mint mondta, az egynapos versenyek tov\u00e1bbra sem az \u0151 ter\u00fcletei, neki ink\u00e1bb az egyhetesek \u00e9s a Grand Tour-versenyek fekszenek \u2013 \u00e1m egy egynapos mez\u0151nyversenyen b\u00e1rmi megt\u00f6rt\u00e9nhet.<\/p>\n<p><em>Bor\u00edt\u00f3<\/em><em>: AFP<\/em><\/p>\n","protected":false},"excerpt":{"rendered":"<p>A szlov\u00e9n klasszis m\u00e1r az idei Tour ut\u00e1n sem szomorkodott, ink\u00e1bb az er\u0151s\u00f6d\u0151 riv\u00e1lisoknak \u00f6r\u00fclt, Remco Evenepoel Vuelta-par\u00e1d\u00e9ja ut\u00e1n pedig [&hellip;]<\/p>\n","protected":false},"author":71,"featured_media":15785,"comment_status":"open","ping_status":"open","sticky":false,"template":"","format":"standard","meta":{"footnotes":""},"categories":[8],"tags":[],"global-categories":[],"class_list":["post-15782","post","type-post","status-publish","format-standard","has-post-thumbnail","hentry","category-orszaguti-kerekpar"],"yoast_head":"<!-- This site is optimized with the Yoast SEO Premium plugin v25.3 (Yoast SEO v25.9) - https:\/\/yoast.com\/wordpress\/plugins\/seo\/ -->\n<title>Pogacar Evenepoelr\u00f3l \u00e9s az \u00faj gener\u00e1ci\u00f3r\u00f3l: \u201eSzuperizgalmas \u00e9vek \u00e1llnak el\u0151tt\u00fcnk!\u201d<\/title>\n<meta name=\"description\" content=\"A szlov\u00e9n klasszis m\u00e1r az idei Tour ut\u00e1n sem szomorkodott, ink\u00e1bb az er\u0151s\u00f6d\u0151 riv\u00e1lisoknak \u00f6r\u00fclt, Remco Evenepoel Vuelta-par\u00e1d\u00e9ja ut\u00e1n pedig csak m\u00e9g ink\u00e1bb elfogta a lelkesed\u00e9s.\" \/>\n<meta name=\"robots\" content=\"index, follow, max-snippet:-1, max-image-preview:large, max-video-preview:-1\" \/>\n<link rel=\"canonical\" href=\"https:\/\/www.welovecycling.com\/hu\/orszaguti-kerekpar\/pogacar-evenepoelrol-es-az-uj-generaciorol-szuperizgalmas-evek-allnak-elottunk\/\" \/>\n<meta property=\"og:locale\" content=\"hu_HU\" \/>\n<meta property=\"og:type\" content=\"article\" \/>\n<meta property=\"og:title\" content=\"Pogacar Evenepoelr\u00f3l \u00e9s az \u00faj gener\u00e1ci\u00f3r\u00f3l: \u201eSzuperizgalmas \u00e9vek \u00e1llnak el\u0151tt\u00fcnk!\u201d\" \/>\n<meta property=\"og:description\" content=\"A szlov\u00e9n klasszis m\u00e1r az idei Tour ut\u00e1n sem szomorkodott, ink\u00e1bb az er\u0151s\u00f6d\u0151 riv\u00e1lisoknak \u00f6r\u00fclt, Remco Evenepoel Vuelta-par\u00e1d\u00e9ja ut\u00e1n pedig csak m\u00e9g ink\u00e1bb elfogta a lelkesed\u00e9s.\" \/>\n<meta property=\"og:url\" content=\"https:\/\/www.welovecycling.com\/hu\/orszaguti-kerekpar\/pogacar-evenepoelrol-es-az-uj-generaciorol-szuperizgalmas-evek-allnak-elottunk\/\" \/>\n<meta property=\"og:site_name\" content=\"\u0160koda We Love Cycling - Magyarorsz\u00e1g\" \/>\n<meta property=\"article:publisher\" content=\"https:\/\/www.facebook.com\/WeLoveCyclingHungary\/\" \/>\n<meta property=\"article:published_time\" content=\"2022-09-09T06:00:38+00:00\" \/>\n<meta property=\"article:modified_time\" content=\"2022-09-09T10:57:28+00:00\" \/>\n<meta property=\"og:image\" content=\"https:\/\/d2p6e6u75xmxt8.cloudfront.net\/12\/2022\/09\/3338493-68250128-2560-1440.webp\" \/>\n\t<meta property=\"og:image:width\" content=\"1200\" \/>\n\t<meta property=\"og:image:height\" content=\"675\" \/>\n\t<meta property=\"og:image:type\" content=\"image\/webp\" \/>\n<meta name=\"author\" content=\"hegyizs\" \/>\n<meta name=\"twitter:card\" content=\"summary_large_image\" \/>\n<meta name=\"twitter:label1\" content=\"Written by\" \/>\n\t<meta name=\"twitter:data1\" content=\"WLC\" \/>\n\t<meta name=\"twitter:label2\" content=\"Est. reading time\" \/>\n\t<meta name=\"twitter:data2\" content=\"3 minutes\" \/>\n<script type=\"application\/ld+json\" class=\"yoast-schema-graph\">{\"@context\":\"https:\/\/schema.org\",\"@graph\":[{\"@type\":\"WebPage\",\"@id\":\"https:\/\/www.welovecycling.com\/hu\/orszaguti-kerekpar\/pogacar-evenepoelrol-es-az-uj-generaciorol-szuperizgalmas-evek-allnak-elottunk\/\",\"url\":\"https:\/\/www.welovecycling.com\/hu\/orszaguti-kerekpar\/pogacar-evenepoelrol-es-az-uj-generaciorol-szuperizgalmas-evek-allnak-elottunk\/\",\"name\":\"Pogacar Evenepoelr\u00f3l \u00e9s az \u00faj gener\u00e1ci\u00f3r\u00f3l: \u201eSzuperizgalmas \u00e9vek \u00e1llnak el\u0151tt\u00fcnk!\u201d\",\"isPartOf\":{\"@id\":\"https:\/\/www.welovecycling.com\/hu\/#website\"},\"primaryImageOfPage\":{\"@id\":\"https:\/\/www.welovecycling.com\/hu\/orszaguti-kerekpar\/pogacar-evenepoelrol-es-az-uj-generaciorol-szuperizgalmas-evek-allnak-elottunk\/#primaryimage\"},\"image\":{\"@id\":\"https:\/\/www.welovecycling.com\/hu\/orszaguti-kerekpar\/pogacar-evenepoelrol-es-az-uj-generaciorol-szuperizgalmas-evek-allnak-elottunk\/#primaryimage\"},\"thumbnailUrl\":\"https:\/\/d2p6e6u75xmxt8.cloudfront.net\/12\/2022\/09\/3338493-68250128-2560-1440.webp\",\"datePublished\":\"2022-09-09T06:00:38+00:00\",\"dateModified\":\"2022-09-09T10:57:28+00:00\",\"author\":{\"@id\":\"https:\/\/www.welovecycling.com\/hu\/#\/schema\/person\/414a2aebf1801691a5320edb6468e194\"},\"description\":\"A szlov\u00e9n klasszis m\u00e1r az idei Tour ut\u00e1n sem szomorkodott, ink\u00e1bb az er\u0151s\u00f6d\u0151 riv\u00e1lisoknak \u00f6r\u00fclt, Remco Evenepoel Vuelta-par\u00e1d\u00e9ja ut\u00e1n pedig csak m\u00e9g ink\u00e1bb elfogta a lelkesed\u00e9s.\",\"breadcrumb\":{\"@id\":\"https:\/\/www.welovecycling.com\/hu\/orszaguti-kerekpar\/pogacar-evenepoelrol-es-az-uj-generaciorol-szuperizgalmas-evek-allnak-elottunk\/#breadcrumb\"},\"inLanguage\":\"hu\",\"potentialAction\":[{\"@type\":\"ReadAction\",\"target\":[\"https:\/\/www.welovecycling.com\/hu\/orszaguti-kerekpar\/pogacar-evenepoelrol-es-az-uj-generaciorol-szuperizgalmas-evek-allnak-elottunk\/\"]}]},{\"@type\":\"ImageObject\",\"inLanguage\":\"hu\",\"@id\":\"https:\/\/www.welovecycling.com\/hu\/orszaguti-kerekpar\/pogacar-evenepoelrol-es-az-uj-generaciorol-szuperizgalmas-evek-allnak-elottunk\/#primaryimage\",\"url\":\"https:\/\/d2p6e6u75xmxt8.cloudfront.net\/12\/2022\/09\/3338493-68250128-2560-1440.webp\",\"contentUrl\":\"https:\/\/d2p6e6u75xmxt8.cloudfront.net\/12\/2022\/09\/3338493-68250128-2560-1440.webp\",\"width\":1200,\"height\":675},{\"@type\":\"BreadcrumbList\",\"@id\":\"https:\/\/www.welovecycling.com\/hu\/orszaguti-kerekpar\/pogacar-evenepoelrol-es-az-uj-generaciorol-szuperizgalmas-evek-allnak-elottunk\/#breadcrumb\",\"itemListElement\":[{\"@type\":\"ListItem\",\"position\":1,\"name\":\"Home\",\"item\":\"https:\/\/www.welovecycling.com\/hu\/\"},{\"@type\":\"ListItem\",\"position\":2,\"name\":\"Pogacar Evenepoelr\u00f3l \u00e9s az \u00faj gener\u00e1ci\u00f3r\u00f3l: \u201eSzuperizgalmas \u00e9vek \u00e1llnak el\u0151tt\u00fcnk!\u201d\"}]},{\"@type\":\"WebSite\",\"@id\":\"https:\/\/www.welovecycling.com\/hu\/#website\",\"url\":\"https:\/\/www.welovecycling.com\/hu\/\",\"name\":\"\u0160koda We Love Cycling - Magyarorsz\u00e1g\",\"description\":\"\u0160koda WeLoveCycling\",\"potentialAction\":[{\"@type\":\"SearchAction\",\"target\":{\"@type\":\"EntryPoint\",\"urlTemplate\":\"https:\/\/www.welovecycling.com\/hu\/?s={search_term_string}\"},\"query-input\":{\"@type\":\"PropertyValueSpecification\",\"valueRequired\":true,\"valueName\":\"search_term_string\"}}],\"inLanguage\":\"hu\"},{\"@type\":\"Person\",\"@id\":\"https:\/\/www.welovecycling.com\/hu\/#\/schema\/person\/414a2aebf1801691a5320edb6468e194\",\"name\":\"hegyizs\",\"image\":{\"@type\":\"ImageObject\",\"inLanguage\":\"hu\",\"@id\":\"https:\/\/www.welovecycling.com\/hu\/#\/schema\/person\/image\/\",\"url\":\"https:\/\/secure.gravatar.com\/avatar\/02cf8a7906b8cf90cecb4679defac7cfd33a1c2e3b88e4903d947f3bb58eedd3?s=96&d=mm&r=g\",\"contentUrl\":\"https:\/\/secure.gravatar.com\/avatar\/02cf8a7906b8cf90cecb4679defac7cfd33a1c2e3b88e4903d947f3bb58eedd3?s=96&d=mm&r=g\",\"caption\":\"hegyizs\"},\"url\":\"https:\/\/www.welovecycling.com\/hu\/author\/hegyizs\/\"}]}<\/script>\n<!-- \/ Yoast SEO Premium plugin. -->","yoast_head_json":{"title":"Pogacar Evenepoelr\u00f3l \u00e9s az \u00faj gener\u00e1ci\u00f3r\u00f3l: \u201eSzuperizgalmas \u00e9vek \u00e1llnak el\u0151tt\u00fcnk!\u201d","description":"A szlov\u00e9n klasszis m\u00e1r az idei Tour ut\u00e1n sem szomorkodott, ink\u00e1bb az er\u0151s\u00f6d\u0151 riv\u00e1lisoknak \u00f6r\u00fclt, Remco Evenepoel Vuelta-par\u00e1d\u00e9ja ut\u00e1n pedig csak m\u00e9g ink\u00e1bb elfogta a lelkesed\u00e9s.","robots":{"index":"index","follow":"follow","max-snippet":"max-snippet:-1","max-image-preview":"max-image-preview:large","max-video-preview":"max-video-preview:-1"},"canonical":"https:\/\/www.welovecycling.com\/hu\/orszaguti-kerekpar\/pogacar-evenepoelrol-es-az-uj-generaciorol-szuperizgalmas-evek-allnak-elottunk\/","og_locale":"hu_HU","og_type":"article","og_title":"Pogacar Evenepoelr\u00f3l \u00e9s az \u00faj gener\u00e1ci\u00f3r\u00f3l: \u201eSzuperizgalmas \u00e9vek \u00e1llnak el\u0151tt\u00fcnk!\u201d","og_description":"A szlov\u00e9n klasszis m\u00e1r az idei Tour ut\u00e1n sem szomorkodott, ink\u00e1bb az er\u0151s\u00f6d\u0151 riv\u00e1lisoknak \u00f6r\u00fclt, Remco Evenepoel Vuelta-par\u00e1d\u00e9ja ut\u00e1n pedig csak m\u00e9g ink\u00e1bb elfogta a lelkesed\u00e9s.","og_url":"https:\/\/www.welovecycling.com\/hu\/orszaguti-kerekpar\/pogacar-evenepoelrol-es-az-uj-generaciorol-szuperizgalmas-evek-allnak-elottunk\/","og_site_name":"\u0160koda We Love Cycling - Magyarorsz\u00e1g","article_publisher":"https:\/\/www.facebook.com\/WeLoveCyclingHungary\/","article_published_time":"2022-09-09T06:00:38+00:00","article_modified_time":"2022-09-09T10:57:28+00:00","og_image":[{"width":1200,"height":675,"url":"https:\/\/d2p6e6u75xmxt8.cloudfront.net\/12\/2022\/09\/3338493-68250128-2560-1440.webp","type":"image\/webp"}],"author":"hegyizs","twitter_card":"summary_large_image","twitter_misc":{"Written by":"WLC","Est. reading time":"3 minutes"},"schema":{"@context":"https:\/\/schema.org","@graph":[{"@type":"WebPage","@id":"https:\/\/www.welovecycling.com\/hu\/orszaguti-kerekpar\/pogacar-evenepoelrol-es-az-uj-generaciorol-szuperizgalmas-evek-allnak-elottunk\/","url":"https:\/\/www.welovecycling.com\/hu\/orszaguti-kerekpar\/pogacar-evenepoelrol-es-az-uj-generaciorol-szuperizgalmas-evek-allnak-elottunk\/","name":"Pogacar Evenepoelr\u00f3l \u00e9s az \u00faj gener\u00e1ci\u00f3r\u00f3l: \u201eSzuperizgalmas \u00e9vek \u00e1llnak el\u0151tt\u00fcnk!\u201d","isPartOf":{"@id":"https:\/\/www.welovecycling.com\/hu\/#website"},"primaryImageOfPage":{"@id":"https:\/\/www.welovecycling.com\/hu\/orszaguti-kerekpar\/pogacar-evenepoelrol-es-az-uj-generaciorol-szuperizgalmas-evek-allnak-elottunk\/#primaryimage"},"image":{"@id":"https:\/\/www.welovecycling.com\/hu\/orszaguti-kerekpar\/pogacar-evenepoelrol-es-az-uj-generaciorol-szuperizgalmas-evek-allnak-elottunk\/#primaryimage"},"thumbnailUrl":"https:\/\/d2p6e6u75xmxt8.cloudfront.net\/12\/2022\/09\/3338493-68250128-2560-1440.webp","datePublished":"2022-09-09T06:00:38+00:00","dateModified":"2022-09-09T10:57:28+00:00","author":{"@id":"https:\/\/www.welovecycling.com\/hu\/#\/schema\/person\/414a2aebf1801691a5320edb6468e194"},"description":"A szlov\u00e9n klasszis m\u00e1r az idei Tour ut\u00e1n sem szomorkodott, ink\u00e1bb az er\u0151s\u00f6d\u0151 riv\u00e1lisoknak \u00f6r\u00fclt, Remco Evenepoel Vuelta-par\u00e1d\u00e9ja ut\u00e1n pedig csak m\u00e9g ink\u00e1bb elfogta a lelkesed\u00e9s.","breadcrumb":{"@id":"https:\/\/www.welovecycling.com\/hu\/orszaguti-kerekpar\/pogacar-evenepoelrol-es-az-uj-generaciorol-szuperizgalmas-evek-allnak-elottunk\/#breadcrumb"},"inLanguage":"hu","potentialAction":[{"@type":"ReadAction","target":["https:\/\/www.welovecycling.com\/hu\/orszaguti-kerekpar\/pogacar-evenepoelrol-es-az-uj-generaciorol-szuperizgalmas-evek-allnak-elottunk\/"]}]},{"@type":"ImageObject","inLanguage":"hu","@id":"https:\/\/www.welovecycling.com\/hu\/orszaguti-kerekpar\/pogacar-evenepoelrol-es-az-uj-generaciorol-szuperizgalmas-evek-allnak-elottunk\/#primaryimage","url":"https:\/\/d2p6e6u75xmxt8.cloudfront.net\/12\/2022\/09\/3338493-68250128-2560-1440.webp","contentUrl":"https:\/\/d2p6e6u75xmxt8.cloudfront.net\/12\/2022\/09\/3338493-68250128-2560-1440.webp","width":1200,"height":675},{"@type":"BreadcrumbList","@id":"https:\/\/www.welovecycling.com\/hu\/orszaguti-kerekpar\/pogacar-evenepoelrol-es-az-uj-generaciorol-szuperizgalmas-evek-allnak-elottunk\/#breadcrumb","itemListElement":[{"@type":"ListItem","position":1,"name":"Home","item":"https:\/\/www.welovecycling.com\/hu\/"},{"@type":"ListItem","position":2,"name":"Pogacar Evenepoelr\u00f3l \u00e9s az \u00faj gener\u00e1ci\u00f3r\u00f3l: \u201eSzuperizgalmas \u00e9vek \u00e1llnak el\u0151tt\u00fcnk!\u201d"}]},{"@type":"WebSite","@id":"https:\/\/www.welovecycling.com\/hu\/#website","url":"https:\/\/www.welovecycling.com\/hu\/","name":"\u0160koda We Love Cycling - Magyarorsz\u00e1g","description":"\u0160koda WeLoveCycling","potentialAction":[{"@type":"SearchAction","target":{"@type":"EntryPoint","urlTemplate":"https:\/\/www.welovecycling.com\/hu\/?s={search_term_string}"},"query-input":{"@type":"PropertyValueSpecification","valueRequired":true,"valueName":"search_term_string"}}],"inLanguage":"hu"},{"@type":"Person","@id":"https:\/\/www.welovecycling.com\/hu\/#\/schema\/person\/414a2aebf1801691a5320edb6468e194","name":"hegyizs","image":{"@type":"ImageObject","inLanguage":"hu","@id":"https:\/\/www.welovecycling.com\/hu\/#\/schema\/person\/image\/","url":"https:\/\/secure.gravatar.com\/avatar\/02cf8a7906b8cf90cecb4679defac7cfd33a1c2e3b88e4903d947f3bb58eedd3?s=96&d=mm&r=g","contentUrl":"https:\/\/secure.gravatar.com\/avatar\/02cf8a7906b8cf90cecb4679defac7cfd33a1c2e3b88e4903d947f3bb58eedd3?s=96&d=mm&r=g","caption":"hegyizs"},"url":"https:\/\/www.welovecycling.com\/hu\/author\/hegyizs\/"}]}},"_links":{"self":[{"href":"https:\/\/www.welovecycling.com\/hu\/wp-json\/wp\/v2\/posts\/15782","targetHints":{"allow":["GET"]}}],"collection":[{"href":"https:\/\/www.welovecycling.com\/hu\/wp-json\/wp\/v2\/posts"}],"about":[{"href":"https:\/\/www.welovecycling.com\/hu\/wp-json\/wp\/v2\/types\/post"}],"author":[{"embeddable":true,"href":"https:\/\/www.welovecycling.com\/hu\/wp-json\/wp\/v2\/users\/71"}],"replies":[{"embeddable":true,"href":"https:\/\/www.welovecycling.com\/hu\/wp-json\/wp\/v2\/comments?post=15782"}],"version-history":[{"count":2,"href":"https:\/\/www.welovecycling.com\/hu\/wp-json\/wp\/v2\/posts\/15782\/revisions"}],"predecessor-version":[{"id":15787,"href":"https:\/\/www.welovecycling.com\/hu\/wp-json\/wp\/v2\/posts\/15782\/revisions\/15787"}],"wp:featuredmedia":[{"embeddable":true,"href":"https:\/\/www.welovecycling.com\/hu\/wp-json\/wp\/v2\/media\/15785"}],"wp:attachment":[{"href":"https:\/\/www.welovecycling.com\/hu\/wp-json\/wp\/v2\/media?parent=15782"}],"wp:term":[{"taxonomy":"category","embeddable":true,"href":"https:\/\/www.welovecycling.com\/hu\/wp-json\/wp\/v2\/categories?post=15782"},{"taxonomy":"post_tag","embeddable":true,"href":"https:\/\/www.welovecycling.com\/hu\/wp-json\/wp\/v2\/tags?post=15782"},{"taxonomy":"global-categories","embeddable":true,"href":"https:\/\/www.welovecycling.com\/hu\/wp-json\/wp\/v2\/global-categories?post=15782"}],"curies":[{"name":"wp","href":"https:\/\/api.w.org\/{rel}","templated":true}]}}