{"id":15763,"date":"2022-09-15T08:00:04","date_gmt":"2022-09-15T06:00:04","guid":{"rendered":"https:\/\/www.welovecycling.com\/hu\/?p=15763"},"modified":"2022-09-09T12:45:05","modified_gmt":"2022-09-09T10:45:05","slug":"olcso-vs-draga-regeneracio","status":"publish","type":"post","link":"https:\/\/www.welovecycling.com\/hu\/edzes-es-eletmod\/olcso-vs-draga-regeneracio\/","title":{"rendered":"Olcs\u00f3 vs. dr\u00e1ga regener\u00e1ci\u00f3"},"content":{"rendered":"<p><strong>Minden ker\u00e9kp\u00e1ros szeretne gyorsabban regener\u00e1l\u00f3dni egy kiad\u00f3s teker\u00e9s ut\u00e1n. A folyamat felgyors\u00edt\u00e1s\u00e1ra sokf\u00e9le m\u00f3d l\u00e9tezik, de ezek \u00e1rban \u00e9s hat\u00e9konys\u00e1gban is k\u00fcl\u00f6nb\u00f6znek. Melyek a legjobb \u00e1r-\u00e9rt\u00e9k ar\u00e1ny\u00fa taktik\u00e1k? Megvizsg\u00e1ltuk a legn\u00e9pszer\u0171bb met\u00f3dusokat.<\/strong><\/p>\n<p><!--more--><\/p>\n<h2><strong>Az \u00e1r-\u00e9rt\u00e9k grafikon<\/strong><\/h2>\n<p>Miel\u0151tt meghozod a d\u00f6nt\u00e9st, hogy milyen regener\u00e1l\u00f3 m\u00f3dszerre ford\u00edtasz p\u00e9nzt \u00e9s id\u0151t, k\u00e9t dolgot kell tudnod: az \u00e1r\u00e1t \u00e9s a hat\u00e9konys\u00e1g\u00e1t. Peter Tierney kutat\u00f3 \u00f6ssze\u00e1ll\u00edtott egy praktikus grafikont, ami rengeteg olyan dolgot \u00e1br\u00e1zol, ami gyors\u00edthatja a regener\u00e1l\u00f3d\u00e1st. \u00cdme:<\/p>\n<div class=\"embed-controller-wrapper\">\n<blockquote class=\"twitter-tweet\" data-width=\"500\" data-dnt=\"true\">\n<p lang=\"en\" dir=\"ltr\">Cost-Benefit Recovery Quadrant v3 <a href=\"https:\/\/t.co\/Wgta8LdDFf\">pic.twitter.com\/Wgta8LdDFf<\/a><\/p>\n<p>&mdash; Peter Tierney (@drpetertierney) <a href=\"https:\/\/twitter.com\/drpetertierney\/status\/1557004172171542528?ref_src=twsrc%5Etfw\">August 9, 2022<\/a><\/p><\/blockquote>\n<p><script async data-src=\"https:\/\/platform.twitter.com\/widgets.js\" charset=\"utf-8\"><\/script><\/div>\n<h2><strong>Az alv\u00e1s a legolcs\u00f3bb \u00e9s leghat\u00e9konyabb eszk\u00f6z<\/strong><\/h2>\n<p>Hat\u00e1rozottan l\u00e1tszik, hogy a leghat\u00e9konyabb m\u00f3dszerek nagy r\u00e9sze ingyenes, vagy legal\u00e1bbis k\u00f6nnyen megfizethet\u0151. Az alv\u00e1s j\u00f3 p\u00e9lda erre. Sokat tehetsz a regener\u00e1l\u00f3d\u00e1sod\u00e9rt, <a href=\"https:\/\/www.welovecycling.com\/hu\/edzes-es-eletmod\/immunerosites-oszre-4-tipp-a-jo-alvashoz\/\">ha j\u00f3l alszol<\/a>! \u00c9rdekes m\u00f3don az alv\u00e1s az egyik legjobb p\u00e9nz\u00fcgyi befektet\u00e9s. Ha nem b\u00e1nod, hogy p\u00e9nzt kell k\u00f6ltened, egy j\u00f3 min\u0151s\u00e9g\u0171 matrac \u00e9s \u00e1gy a legjobb dolog, amit vehetsz.<\/p>\n<p>Szint\u00e9n az olcs\u00f3&amp;hat\u00e9kony ter\u00fcletre esik a megfelel\u0151 hidrat\u00e1l\u00e1s \u00e9s t\u00e1pl\u00e1lkoz\u00e1s. <a href=\"https:\/\/www.welovecycling.com\/hu\/edzes-es-eletmod\/ezeket-edd-hogy-gyorsan-regeneralodj\/\">Ha meg\u00e9rted az alapokat<\/a>, akkor nem igaz\u00e1n kell k\u00fcl\u00f6n k\u00f6ltened \u00e9trend-kieg\u00e9sz\u00edt\u0151kre vagy dr\u00e1ga \u00e9telekre, ahhoz, hogy gyorsan fel\u00e9p\u00fclj.<\/p>\n<h2><strong>A krioter\u00e1pia dr\u00e1ga, de hat\u00e9kony<\/strong><\/h2>\n<p>A dr\u00e1ga, de hat\u00e9kony m\u00f3dszerek k\u00f6z\u00fcl kiemelkedik a krioter\u00e1pia: kutat\u00e1sok t\u00e1masztj\u00e1k al\u00e1, hogy val\u00f3ban seg\u00edt, viszont 40 eur\u00f3 alatt nem j\u00f6ssz ki bel\u0151le. A legt\u00f6bb bring\u00e1s nem engedheti meg mag\u00e1nak, hogy rendszeresen hidegszaun\u00e1zzon. Ha \u00e9rdekel, <a href=\"https:\/\/www.welovecycling.com\/hu\/edzes-es-eletmod\/segit-a-hidegszauna-a-regeneralodasban\/\">olvasd el, hogy m\u0171k\u00f6dik<\/a>!<\/p>\n<p>Szerencs\u00e9re vannak olcs\u00f3bb m\u00f3dok a sz\u00e9ls\u0151s\u00e9ges h\u0151m\u00e9rs\u00e9kletnek val\u00f3 kitetts\u00e9g j\u00f6vedelmeztet\u00e9s\u00e9re, p\u00e9ld\u00e1ul a hagyom\u00e1nyos szauna! Ha testmozg\u00e1ssal kombin\u00e1lod, nemcsak jav\u00edthatod a regener\u00e1ci\u00f3s folyamatokat, de <a href=\"https:\/\/www.welovecycling.com\/hu\/edzes-es-eletmod\/jot-tesz-a-szaunazas-edzes-elott-es-vagy-utan\/\">m\u00e1s eg\u00e9szs\u00e9g\u00fcgyi el\u0151ny\u00f6ket is \u00e9lvezhetsz<\/a>. Ha szeretn\u00e9d hat\u00e9konyan elk\u00f6lteni a p\u00e9nzed, egy min\u0151s\u00e9gi sportmassz\u00e1zs vagy egy edz\u0151, aki seg\u00edt megtervezni az edz\u00e9seid terhel\u00e9s\u00e9t \u00e9s a pihen\u00e9st, szint\u00e9n j\u00f3 d\u00f6nt\u00e9s.<\/p>\n<h2><strong>Az alkohol dr\u00e1ga, \u00e9s m\u00e9g t\u00f6nkre is teszi az er\u0151fesz\u00edt\u00e9seid<\/strong><\/h2>\n<p>Ugyanilyen fontos meg\u00e9rteni azokat a dolgokat, amik negat\u00edvan befoly\u00e1solj\u00e1k a regener\u00e1ci\u00f3t. Az alkohol nagyszer\u0171 p\u00e9lda erre: sokba ker\u00fcl, \u00e9s m\u00e9g lass\u00edtja is a folyamatot. Ez nem jelenti azt, hogy nem ihatsz meg egy hideg s\u00f6rt egy forr\u00f3 ny\u00e1ri teker\u00e9s ut\u00e1n. De ha p\u00e9nzt \u00e9s er\u0151fesz\u00edt\u00e9st ford\u00edtasz arra, hogy optimaliz\u00e1ld a fel\u00e9p\u00fcl\u00e9sed egy fontos verseny el\u0151tt, akkor jobb, ha kihagyod az alkoholos friss\u00edt\u0151t!<\/p>\n<p>Sajnos sok m\u00e1s dolog is akad\u00e1lyozza a ker\u00e9kp\u00e1rosok fel\u00e9p\u00fcl\u00e9s\u00e9t. P\u00e9ld\u00e1ul a szorong\u00e1s a legolcs\u00f3bb m\u00f3dja annak, hogy al\u00e1\u00e1sd a gy\u00f3gyul\u00e1st. Hasonl\u00f3k\u00e9ppen <a href=\"https:\/\/www.welovecycling.com\/hu\/edzes-es-eletmod\/stressz-es-szorongas-a-biciklizes-utjaban-hogyan-szabadulj-meg-toluk\/\">a kr\u00f3nikus stressz<\/a> is hat\u00e1ssal van a tested regener\u00e1ci\u00f3s k\u00e9pess\u00e9geire.<\/p>\n<h2><strong>Mit tehetsz \u00e9s mennyi\u00e9rt?<\/strong><\/h2>\n<p>A regener\u00e1ci\u00f3nak nem kell dr\u00e1g\u00e1nak lennie. Az alapok k\u00f6vetkezetes betart\u00e1sa lesz a legnagyobb hat\u00e1ssal a folyamatra. Els\u0151sorban az alv\u00e1sra, a term\u00e9szetben t\u00f6lt\u00f6tt pihen\u0151napokra, a hidrat\u00e1l\u00e1sra, a t\u00e1pl\u00e1lkoz\u00e1sra \u00e9s az elegend\u0151 napf\u00e9ny begy\u0171jt\u00e9s\u00e9re koncentr\u00e1lj! Ha olyan a helyzet, hogy k\u00f6ltened kell a gyors fel\u00e9p\u00fcl\u00e9s \u00e9rdek\u00e9ben, csak n\u00e9h\u00e1ny dolog \u00e9ri meg igaz\u00e1n: egy j\u00f3 matrac \u00e9s egy szem\u00e9lyi edz\u0151 a lista elej\u00e9n \u00e1ll. Ne \u00e9rezd \u00fagy, hogy a leg\u00fajabb eszk\u00f6z\u00f6ket \u00e9s szolg\u00e1ltat\u00e1sokat kell megvenned! A ker\u00e9kp\u00e1roz\u00e1s nem err\u0151l sz\u00f3l.<\/p>\n","protected":false},"excerpt":{"rendered":"<p>Minden ker\u00e9kp\u00e1ros szeretne gyorsabban regener\u00e1l\u00f3dni egy kiad\u00f3s teker\u00e9s ut\u00e1n. A folyamat felgyors\u00edt\u00e1s\u00e1ra sokf\u00e9le m\u00f3d l\u00e9tezik, de ezek \u00e1rban \u00e9s hat\u00e9konys\u00e1gban [&hellip;]<\/p>\n","protected":false},"author":71,"featured_media":15765,"comment_status":"open","ping_status":"open","sticky":false,"template":"","format":"standard","meta":{"footnotes":""},"categories":[6],"tags":[],"global-categories":[],"class_list":["post-15763","post","type-post","status-publish","format-standard","has-post-thumbnail","hentry","category-edzes-es-eletmod"],"yoast_head":"<!-- This site is optimized with the Yoast SEO Premium plugin v25.3 (Yoast SEO v25.9) - https:\/\/yoast.com\/wordpress\/plugins\/seo\/ -->\n<title>Olcs\u00f3 vs. dr\u00e1ga regener\u00e1ci\u00f3<\/title>\n<meta name=\"description\" content=\"Minden ker\u00e9kp\u00e1ros szeretne gyorsabban regener\u00e1l\u00f3dni egy kiad\u00f3s teker\u00e9s ut\u00e1n. A folyamat felgyors\u00edt\u00e1s\u00e1ra sokf\u00e9le m\u00f3d l\u00e9tezik, de ezek \u00e1rban \u00e9s hat\u00e9konys\u00e1gban is k\u00fcl\u00f6nb\u00f6znek. Melyek a legjobb \u00e1r-\u00e9rt\u00e9k ar\u00e1ny\u00fa taktik\u00e1k? Megvizsg\u00e1ltuk a legn\u00e9pszer\u0171bb met\u00f3dusokat.\" \/>\n<meta name=\"robots\" content=\"index, follow, max-snippet:-1, max-image-preview:large, max-video-preview:-1\" \/>\n<link rel=\"canonical\" href=\"https:\/\/www.welovecycling.com\/hu\/edzes-es-eletmod\/olcso-vs-draga-regeneracio\/\" \/>\n<meta property=\"og:locale\" content=\"hu_HU\" \/>\n<meta property=\"og:type\" content=\"article\" \/>\n<meta property=\"og:title\" content=\"Olcs\u00f3 vs. dr\u00e1ga regener\u00e1ci\u00f3\" \/>\n<meta property=\"og:description\" content=\"Minden ker\u00e9kp\u00e1ros szeretne gyorsabban regener\u00e1l\u00f3dni egy kiad\u00f3s teker\u00e9s ut\u00e1n. A folyamat felgyors\u00edt\u00e1s\u00e1ra sokf\u00e9le m\u00f3d l\u00e9tezik, de ezek \u00e1rban \u00e9s hat\u00e9konys\u00e1gban is k\u00fcl\u00f6nb\u00f6znek. Melyek a legjobb \u00e1r-\u00e9rt\u00e9k ar\u00e1ny\u00fa taktik\u00e1k? Megvizsg\u00e1ltuk a legn\u00e9pszer\u0171bb met\u00f3dusokat.\" \/>\n<meta property=\"og:url\" content=\"https:\/\/www.welovecycling.com\/hu\/edzes-es-eletmod\/olcso-vs-draga-regeneracio\/\" \/>\n<meta property=\"og:site_name\" content=\"\u0160koda We Love Cycling - Magyarorsz\u00e1g\" \/>\n<meta property=\"article:publisher\" content=\"https:\/\/www.facebook.com\/WeLoveCyclingHungary\/\" \/>\n<meta property=\"article:published_time\" content=\"2022-09-15T06:00:04+00:00\" \/>\n<meta property=\"og:image\" content=\"https:\/\/d2p6e6u75xmxt8.cloudfront.net\/12\/2022\/09\/Cyclist-resting-MTB-profimedia-0711218304-CVR.jpg\" \/>\n\t<meta property=\"og:image:width\" content=\"990\" \/>\n\t<meta property=\"og:image:height\" content=\"660\" \/>\n\t<meta property=\"og:image:type\" content=\"image\/jpeg\" \/>\n<meta name=\"author\" content=\"hegyizs\" \/>\n<meta name=\"twitter:card\" content=\"summary_large_image\" \/>\n<meta name=\"twitter:label1\" content=\"Written by\" \/>\n\t<meta name=\"twitter:data1\" content=\"Jiri Kaloc\" \/>\n\t<meta name=\"twitter:label2\" content=\"Est. reading time\" \/>\n\t<meta name=\"twitter:data2\" content=\"5\" \/>\n<script type=\"application\/ld+json\" class=\"yoast-schema-graph\">{\"@context\":\"https:\/\/schema.org\",\"@graph\":[{\"@type\":\"WebPage\",\"@id\":\"https:\/\/www.welovecycling.com\/hu\/edzes-es-eletmod\/olcso-vs-draga-regeneracio\/\",\"url\":\"https:\/\/www.welovecycling.com\/hu\/edzes-es-eletmod\/olcso-vs-draga-regeneracio\/\",\"name\":\"Olcs\u00f3 vs. dr\u00e1ga regener\u00e1ci\u00f3\",\"isPartOf\":{\"@id\":\"https:\/\/www.welovecycling.com\/hu\/#website\"},\"primaryImageOfPage\":{\"@id\":\"https:\/\/www.welovecycling.com\/hu\/edzes-es-eletmod\/olcso-vs-draga-regeneracio\/#primaryimage\"},\"image\":{\"@id\":\"https:\/\/www.welovecycling.com\/hu\/edzes-es-eletmod\/olcso-vs-draga-regeneracio\/#primaryimage\"},\"thumbnailUrl\":\"https:\/\/d2p6e6u75xmxt8.cloudfront.net\/12\/2022\/09\/Cyclist-resting-MTB-profimedia-0711218304-CVR.jpg\",\"datePublished\":\"2022-09-15T06:00:04+00:00\",\"author\":{\"@id\":\"https:\/\/www.welovecycling.com\/hu\/#\/schema\/person\/414a2aebf1801691a5320edb6468e194\"},\"description\":\"Minden ker\u00e9kp\u00e1ros szeretne gyorsabban regener\u00e1l\u00f3dni egy kiad\u00f3s teker\u00e9s ut\u00e1n. A folyamat felgyors\u00edt\u00e1s\u00e1ra sokf\u00e9le m\u00f3d l\u00e9tezik, de ezek \u00e1rban \u00e9s hat\u00e9konys\u00e1gban is k\u00fcl\u00f6nb\u00f6znek. Melyek a legjobb \u00e1r-\u00e9rt\u00e9k ar\u00e1ny\u00fa taktik\u00e1k? Megvizsg\u00e1ltuk a legn\u00e9pszer\u0171bb met\u00f3dusokat.\",\"breadcrumb\":{\"@id\":\"https:\/\/www.welovecycling.com\/hu\/edzes-es-eletmod\/olcso-vs-draga-regeneracio\/#breadcrumb\"},\"inLanguage\":\"hu\",\"potentialAction\":[{\"@type\":\"ReadAction\",\"target\":[\"https:\/\/www.welovecycling.com\/hu\/edzes-es-eletmod\/olcso-vs-draga-regeneracio\/\"]}]},{\"@type\":\"ImageObject\",\"inLanguage\":\"hu\",\"@id\":\"https:\/\/www.welovecycling.com\/hu\/edzes-es-eletmod\/olcso-vs-draga-regeneracio\/#primaryimage\",\"url\":\"https:\/\/d2p6e6u75xmxt8.cloudfront.net\/12\/2022\/09\/Cyclist-resting-MTB-profimedia-0711218304-CVR.jpg\",\"contentUrl\":\"https:\/\/d2p6e6u75xmxt8.cloudfront.net\/12\/2022\/09\/Cyclist-resting-MTB-profimedia-0711218304-CVR.jpg\",\"width\":990,\"height\":660,\"caption\":\"Cyclist resting in the mountains\"},{\"@type\":\"BreadcrumbList\",\"@id\":\"https:\/\/www.welovecycling.com\/hu\/edzes-es-eletmod\/olcso-vs-draga-regeneracio\/#breadcrumb\",\"itemListElement\":[{\"@type\":\"ListItem\",\"position\":1,\"name\":\"Home\",\"item\":\"https:\/\/www.welovecycling.com\/hu\/\"},{\"@type\":\"ListItem\",\"position\":2,\"name\":\"Olcs\u00f3 vs. dr\u00e1ga regener\u00e1ci\u00f3\"}]},{\"@type\":\"WebSite\",\"@id\":\"https:\/\/www.welovecycling.com\/hu\/#website\",\"url\":\"https:\/\/www.welovecycling.com\/hu\/\",\"name\":\"\u0160koda We Love Cycling - Magyarorsz\u00e1g\",\"description\":\"\u0160koda WeLoveCycling\",\"potentialAction\":[{\"@type\":\"SearchAction\",\"target\":{\"@type\":\"EntryPoint\",\"urlTemplate\":\"https:\/\/www.welovecycling.com\/hu\/?s={search_term_string}\"},\"query-input\":{\"@type\":\"PropertyValueSpecification\",\"valueRequired\":true,\"valueName\":\"search_term_string\"}}],\"inLanguage\":\"hu\"},{\"@type\":\"Person\",\"@id\":\"https:\/\/www.welovecycling.com\/hu\/#\/schema\/person\/414a2aebf1801691a5320edb6468e194\",\"name\":\"hegyizs\",\"image\":{\"@type\":\"ImageObject\",\"inLanguage\":\"hu\",\"@id\":\"https:\/\/www.welovecycling.com\/hu\/#\/schema\/person\/image\/\",\"url\":\"https:\/\/secure.gravatar.com\/avatar\/02cf8a7906b8cf90cecb4679defac7cfd33a1c2e3b88e4903d947f3bb58eedd3?s=96&d=mm&r=g\",\"contentUrl\":\"https:\/\/secure.gravatar.com\/avatar\/02cf8a7906b8cf90cecb4679defac7cfd33a1c2e3b88e4903d947f3bb58eedd3?s=96&d=mm&r=g\",\"caption\":\"hegyizs\"},\"url\":\"https:\/\/www.welovecycling.com\/hu\/author\/hegyizs\/\"}]}<\/script>\n<!-- \/ Yoast SEO Premium plugin. -->","yoast_head_json":{"title":"Olcs\u00f3 vs. dr\u00e1ga regener\u00e1ci\u00f3","description":"Minden ker\u00e9kp\u00e1ros szeretne gyorsabban regener\u00e1l\u00f3dni egy kiad\u00f3s teker\u00e9s ut\u00e1n. A folyamat felgyors\u00edt\u00e1s\u00e1ra sokf\u00e9le m\u00f3d l\u00e9tezik, de ezek \u00e1rban \u00e9s hat\u00e9konys\u00e1gban is k\u00fcl\u00f6nb\u00f6znek. Melyek a legjobb \u00e1r-\u00e9rt\u00e9k ar\u00e1ny\u00fa taktik\u00e1k? Megvizsg\u00e1ltuk a legn\u00e9pszer\u0171bb met\u00f3dusokat.","robots":{"index":"index","follow":"follow","max-snippet":"max-snippet:-1","max-image-preview":"max-image-preview:large","max-video-preview":"max-video-preview:-1"},"canonical":"https:\/\/www.welovecycling.com\/hu\/edzes-es-eletmod\/olcso-vs-draga-regeneracio\/","og_locale":"hu_HU","og_type":"article","og_title":"Olcs\u00f3 vs. dr\u00e1ga regener\u00e1ci\u00f3","og_description":"Minden ker\u00e9kp\u00e1ros szeretne gyorsabban regener\u00e1l\u00f3dni egy kiad\u00f3s teker\u00e9s ut\u00e1n. A folyamat felgyors\u00edt\u00e1s\u00e1ra sokf\u00e9le m\u00f3d l\u00e9tezik, de ezek \u00e1rban \u00e9s hat\u00e9konys\u00e1gban is k\u00fcl\u00f6nb\u00f6znek. Melyek a legjobb \u00e1r-\u00e9rt\u00e9k ar\u00e1ny\u00fa taktik\u00e1k? Megvizsg\u00e1ltuk a legn\u00e9pszer\u0171bb met\u00f3dusokat.","og_url":"https:\/\/www.welovecycling.com\/hu\/edzes-es-eletmod\/olcso-vs-draga-regeneracio\/","og_site_name":"\u0160koda We Love Cycling - Magyarorsz\u00e1g","article_publisher":"https:\/\/www.facebook.com\/WeLoveCyclingHungary\/","article_published_time":"2022-09-15T06:00:04+00:00","og_image":[{"width":990,"height":660,"url":"https:\/\/d2p6e6u75xmxt8.cloudfront.net\/12\/2022\/09\/Cyclist-resting-MTB-profimedia-0711218304-CVR.jpg","type":"image\/jpeg"}],"author":"hegyizs","twitter_card":"summary_large_image","twitter_misc":{"Written by":"Jiri Kaloc","Est. reading time":"5"},"schema":{"@context":"https:\/\/schema.org","@graph":[{"@type":"WebPage","@id":"https:\/\/www.welovecycling.com\/hu\/edzes-es-eletmod\/olcso-vs-draga-regeneracio\/","url":"https:\/\/www.welovecycling.com\/hu\/edzes-es-eletmod\/olcso-vs-draga-regeneracio\/","name":"Olcs\u00f3 vs. dr\u00e1ga regener\u00e1ci\u00f3","isPartOf":{"@id":"https:\/\/www.welovecycling.com\/hu\/#website"},"primaryImageOfPage":{"@id":"https:\/\/www.welovecycling.com\/hu\/edzes-es-eletmod\/olcso-vs-draga-regeneracio\/#primaryimage"},"image":{"@id":"https:\/\/www.welovecycling.com\/hu\/edzes-es-eletmod\/olcso-vs-draga-regeneracio\/#primaryimage"},"thumbnailUrl":"https:\/\/d2p6e6u75xmxt8.cloudfront.net\/12\/2022\/09\/Cyclist-resting-MTB-profimedia-0711218304-CVR.jpg","datePublished":"2022-09-15T06:00:04+00:00","author":{"@id":"https:\/\/www.welovecycling.com\/hu\/#\/schema\/person\/414a2aebf1801691a5320edb6468e194"},"description":"Minden ker\u00e9kp\u00e1ros szeretne gyorsabban regener\u00e1l\u00f3dni egy kiad\u00f3s teker\u00e9s ut\u00e1n. A folyamat felgyors\u00edt\u00e1s\u00e1ra sokf\u00e9le m\u00f3d l\u00e9tezik, de ezek \u00e1rban \u00e9s hat\u00e9konys\u00e1gban is k\u00fcl\u00f6nb\u00f6znek. Melyek a legjobb \u00e1r-\u00e9rt\u00e9k ar\u00e1ny\u00fa taktik\u00e1k? Megvizsg\u00e1ltuk a legn\u00e9pszer\u0171bb met\u00f3dusokat.","breadcrumb":{"@id":"https:\/\/www.welovecycling.com\/hu\/edzes-es-eletmod\/olcso-vs-draga-regeneracio\/#breadcrumb"},"inLanguage":"hu","potentialAction":[{"@type":"ReadAction","target":["https:\/\/www.welovecycling.com\/hu\/edzes-es-eletmod\/olcso-vs-draga-regeneracio\/"]}]},{"@type":"ImageObject","inLanguage":"hu","@id":"https:\/\/www.welovecycling.com\/hu\/edzes-es-eletmod\/olcso-vs-draga-regeneracio\/#primaryimage","url":"https:\/\/d2p6e6u75xmxt8.cloudfront.net\/12\/2022\/09\/Cyclist-resting-MTB-profimedia-0711218304-CVR.jpg","contentUrl":"https:\/\/d2p6e6u75xmxt8.cloudfront.net\/12\/2022\/09\/Cyclist-resting-MTB-profimedia-0711218304-CVR.jpg","width":990,"height":660,"caption":"Cyclist resting in the mountains"},{"@type":"BreadcrumbList","@id":"https:\/\/www.welovecycling.com\/hu\/edzes-es-eletmod\/olcso-vs-draga-regeneracio\/#breadcrumb","itemListElement":[{"@type":"ListItem","position":1,"name":"Home","item":"https:\/\/www.welovecycling.com\/hu\/"},{"@type":"ListItem","position":2,"name":"Olcs\u00f3 vs. dr\u00e1ga regener\u00e1ci\u00f3"}]},{"@type":"WebSite","@id":"https:\/\/www.welovecycling.com\/hu\/#website","url":"https:\/\/www.welovecycling.com\/hu\/","name":"\u0160koda We Love Cycling - Magyarorsz\u00e1g","description":"\u0160koda WeLoveCycling","potentialAction":[{"@type":"SearchAction","target":{"@type":"EntryPoint","urlTemplate":"https:\/\/www.welovecycling.com\/hu\/?s={search_term_string}"},"query-input":{"@type":"PropertyValueSpecification","valueRequired":true,"valueName":"search_term_string"}}],"inLanguage":"hu"},{"@type":"Person","@id":"https:\/\/www.welovecycling.com\/hu\/#\/schema\/person\/414a2aebf1801691a5320edb6468e194","name":"hegyizs","image":{"@type":"ImageObject","inLanguage":"hu","@id":"https:\/\/www.welovecycling.com\/hu\/#\/schema\/person\/image\/","url":"https:\/\/secure.gravatar.com\/avatar\/02cf8a7906b8cf90cecb4679defac7cfd33a1c2e3b88e4903d947f3bb58eedd3?s=96&d=mm&r=g","contentUrl":"https:\/\/secure.gravatar.com\/avatar\/02cf8a7906b8cf90cecb4679defac7cfd33a1c2e3b88e4903d947f3bb58eedd3?s=96&d=mm&r=g","caption":"hegyizs"},"url":"https:\/\/www.welovecycling.com\/hu\/author\/hegyizs\/"}]}},"_links":{"self":[{"href":"https:\/\/www.welovecycling.com\/hu\/wp-json\/wp\/v2\/posts\/15763","targetHints":{"allow":["GET"]}}],"collection":[{"href":"https:\/\/www.welovecycling.com\/hu\/wp-json\/wp\/v2\/posts"}],"about":[{"href":"https:\/\/www.welovecycling.com\/hu\/wp-json\/wp\/v2\/types\/post"}],"author":[{"embeddable":true,"href":"https:\/\/www.welovecycling.com\/hu\/wp-json\/wp\/v2\/users\/71"}],"replies":[{"embeddable":true,"href":"https:\/\/www.welovecycling.com\/hu\/wp-json\/wp\/v2\/comments?post=15763"}],"version-history":[{"count":1,"href":"https:\/\/www.welovecycling.com\/hu\/wp-json\/wp\/v2\/posts\/15763\/revisions"}],"predecessor-version":[{"id":15772,"href":"https:\/\/www.welovecycling.com\/hu\/wp-json\/wp\/v2\/posts\/15763\/revisions\/15772"}],"wp:featuredmedia":[{"embeddable":true,"href":"https:\/\/www.welovecycling.com\/hu\/wp-json\/wp\/v2\/media\/15765"}],"wp:attachment":[{"href":"https:\/\/www.welovecycling.com\/hu\/wp-json\/wp\/v2\/media?parent=15763"}],"wp:term":[{"taxonomy":"category","embeddable":true,"href":"https:\/\/www.welovecycling.com\/hu\/wp-json\/wp\/v2\/categories?post=15763"},{"taxonomy":"post_tag","embeddable":true,"href":"https:\/\/www.welovecycling.com\/hu\/wp-json\/wp\/v2\/tags?post=15763"},{"taxonomy":"global-categories","embeddable":true,"href":"https:\/\/www.welovecycling.com\/hu\/wp-json\/wp\/v2\/global-categories?post=15763"}],"curies":[{"name":"wp","href":"https:\/\/api.w.org\/{rel}","templated":true}]}}