{"id":15756,"date":"2022-09-13T08:00:02","date_gmt":"2022-09-13T06:00:02","guid":{"rendered":"https:\/\/www.welovecycling.com\/hu\/?p=15756"},"modified":"2022-10-07T12:31:07","modified_gmt":"2022-10-07T10:31:07","slug":"evenpoel-a-vuelta-szakaszgyozelmerol-elertem-az-almomat-es-a-kituzott-celt","status":"publish","type":"post","link":"https:\/\/www.welovecycling.com\/hu\/orszaguti-kerekpar\/evenpoel-a-vuelta-szakaszgyozelmerol-elertem-az-almomat-es-a-kituzott-celt\/","title":{"rendered":"Evenepoel a Vuelta gy\u0151zelm\u00e9r\u0151l: \u201eEl\u00e9rtem az \u00e1lmomat. Kem\u00e9nyen dolgoztam \u00e9s sok mindent fel\u00e1ldoztam\u201d"},"content":{"rendered":"<p><strong>Az 55,67 km\/h-s \u00e1tlagsebess\u00e9g meghozta a 22 \u00e9ves j\u00e1t\u00e9kosnak a v\u00e1gyott szakaszgy\u0151zelmet a Grand Tour-on, majd az els\u0151 Grand Tour gy\u0151zelmet is a Quick-Step Alpha Vinyl-nek, 1978 \u00f3ta. A fiatal belga igaz\u00e1n l\u00e1tv\u00e1nyos teljes\u00edtm\u00e9nyt ny\u00fajtott.<\/strong><\/p>\n<p><!--more--><\/p>\n<p>A 22 \u00e9ves j\u00e1t\u00e9kos 2:02-re verte Enric Mas-t (Movistar), a harmadik helyen v\u00e9gzett Jaun Ayuso-t (UAE Team Emirates) pedig tov\u00e1bbi h\u00e1rom perccel. Evenepoel a legnagyobb el\u0151nyt a 10. szakasz id\u0151m\u00e9r\u0151j\u00e9nek leny\u0171g\u00f6z\u0151 gy\u0151zelme sor\u00e1n szerezte meg, ahol 48 m\u00e1sodperccel verte Primo\u017e Rogli\u010dot. A szlov\u00e9n, a k\u00f6vetkez\u0151 szakaszok sor\u00e1n egyre k\u00f6zelebb ker\u00fclt Evenepoelhez, de v\u00e9g\u00fcl <a href=\"https:\/\/www.welovecycling.com\/hu\/orszaguti-kerekpar\/gyogyulj-fel-bajnok-primoz-roglic-kiesett-a-vueltarol\/\">fel kellett adnia egy baleset miatt<\/a>.<\/p>\n<p><em>\u201eEl\u00e9rtem az \u00e1lmomat \u00e9s a c\u00e9lomat ezen a versenyen, \u00e9s ez nagyszer\u0171 \u00e9rz\u00e9s<\/em>\u201d \u2013 mondta Evenepoel a szakasz ut\u00e1n. <em>\u201eElm\u00falt a nyom\u00e1s, de van \u00f6nbizalmam \u00e9s motiv\u00e1ci\u00f3m, \u00edgy folytatni fogom a k\u00fczdelmet \u00e9s igyekszem megtartani a mezt, de pillanatnyilag csak \u00e9lvezem ezt a fantasztikus napot.\u201d<\/em><\/p>\n<figure id=\"attachment_15757\" aria-describedby=\"caption-attachment-15757\" style=\"width: 1000px\" class=\"wp-caption alignnone\"><a href=\"https:\/\/d2p6e6u75xmxt8.cloudfront.net\/12\/2022\/09\/Remco-Evenepoel-profimedia-0717920434.jpg\"><img loading=\"lazy\" decoding=\"async\" class=\"size-full wp-image-15757\" src=\"https:\/\/d2p6e6u75xmxt8.cloudfront.net\/12\/2022\/09\/Remco-Evenepoel-profimedia-0717920434.jpg\" alt=\"Remco Evenepoel\" width=\"1000\" height=\"666\" srcset=\"https:\/\/d2p6e6u75xmxt8.cloudfront.net\/12\/2022\/09\/Remco-Evenepoel-profimedia-0717920434.jpg 1000w, https:\/\/d2p6e6u75xmxt8.cloudfront.net\/12\/2022\/09\/Remco-Evenepoel-profimedia-0717920434-300x200.jpg 300w, https:\/\/d2p6e6u75xmxt8.cloudfront.net\/12\/2022\/09\/Remco-Evenepoel-profimedia-0717920434-768x511.jpg 768w, https:\/\/d2p6e6u75xmxt8.cloudfront.net\/12\/2022\/09\/Remco-Evenepoel-profimedia-0717920434-272x182.jpg 272w\" sizes=\"auto, (max-width: 1000px) 100vw, 1000px\" \/><\/a><figcaption id=\"caption-attachment-15757\" class=\"wp-caption-text\"><em>Evenpoel a 11. szakaszon.<\/em><\/figcaption><\/figure>\n<p><em>\u201eFigyeltem R\u00e9mit, \u00e9s sokat seg\u00edtett az is, hogy ismertem a p\u00e1ly\u00e1t, mert \u00e9szrevettem, hogy a m\u00e1sodik fel\u00e9ben vesz\u00edtettek sokan id\u0151t, aminek r\u00e9sze volt egy hossz\u00fa lejtmenet is. Tudtam, hogy v\u00e9gig nyomnom kell \u00e9s majdnem 30 kilom\u00e9ter ut\u00e1n, a c\u00e9lba\u00e9rkez\u00e9skor kicsit nehezek voltak a l\u00e1baim, de mindent beleadtam \u00e9s ez j\u00f3 \u00e9rz\u00e9s. Megnyertem az els\u0151 Grand Tour-szakaszom!\u201d<\/em><\/p>\n<p>Rogli\u010d szerint Evenpoel rep\u00fclt, \u00e9s nem csak a 10. szakaszban, hanem eg\u00e9szen az els\u0151 helyig.<\/p>\n<p><em>\u201eKem\u00e9nyen dolgoztam ez\u00e9rt, sok \u00e1ldozatot hoztam, \u00e9s boldog vagyok, hogy mindez kifizet\u0151d\u00f6tt. B\u00fcszke vagyok \u00e9s h\u00e1l\u00e1s az\u00e9rt a fantasztikus t\u00e1mogat\u00e1s\u00e9rt, amit folyamatosan kaptam a csapatomt\u00f3l \u00e9s a csal\u00e1domt\u00f3l. Boldog vagyok, hogy r\u00e9sze lehetek ennek a kiv\u00e1l\u00f3 csapatnak, \u00e9s le vagyok ny\u0171g\u00f6zve att\u00f3l, amit el\u00e9rtem\u201d<\/em> \u2013 mondta Evenepoel a Vuelta v\u00e9g\u00e9n.<\/p>\n","protected":false},"excerpt":{"rendered":"<p>Az 55,67 km\/h-s \u00e1tlagsebess\u00e9g meghozta a 22 \u00e9ves j\u00e1t\u00e9kosnak a v\u00e1gyott szakaszgy\u0151zelmet a Grand Tour-on, majd az els\u0151 Grand Tour [&hellip;]<\/p>\n","protected":false},"author":71,"featured_media":15759,"comment_status":"open","ping_status":"open","sticky":false,"template":"","format":"standard","meta":{"footnotes":""},"categories":[8],"tags":[],"global-categories":[],"class_list":["post-15756","post","type-post","status-publish","format-standard","has-post-thumbnail","hentry","category-orszaguti-kerekpar"],"yoast_head":"<!-- This site is optimized with the Yoast SEO Premium plugin v25.3 (Yoast SEO v25.9) - https:\/\/yoast.com\/wordpress\/plugins\/seo\/ -->\n<title>Evenepoel a Vuelta gy\u0151zelm\u00e9r\u0151l: \u201eEl\u00e9rtem az \u00e1lmomat. Kem\u00e9nyen dolgoztam \u00e9s sok mindent fel\u00e1ldoztam\u201d<\/title>\n<meta name=\"description\" content=\"Az 55,67 km\/h-s \u00e1tlagsebess\u00e9g meghozta a 22 \u00e9ves j\u00e1t\u00e9kosnak a v\u00e1gyott szakaszgy\u0151zelmet a Grand Tour-on. A fiatal belga igaz\u00e1n l\u00e1tv\u00e1nyos teljes\u00edtm\u00e9nyt ny\u00fajtott.\" \/>\n<meta name=\"robots\" content=\"index, follow, max-snippet:-1, max-image-preview:large, max-video-preview:-1\" \/>\n<link rel=\"canonical\" href=\"https:\/\/www.welovecycling.com\/hu\/orszaguti-kerekpar\/evenpoel-a-vuelta-szakaszgyozelmerol-elertem-az-almomat-es-a-kituzott-celt\/\" \/>\n<meta property=\"og:locale\" content=\"hu_HU\" \/>\n<meta property=\"og:type\" content=\"article\" \/>\n<meta property=\"og:title\" content=\"Evenepoel a Vuelta gy\u0151zelm\u00e9r\u0151l: \u201eEl\u00e9rtem az \u00e1lmomat. Kem\u00e9nyen dolgoztam \u00e9s sok mindent fel\u00e1ldoztam\u201d\" \/>\n<meta property=\"og:description\" content=\"Az 55,67 km\/h-s \u00e1tlagsebess\u00e9g meghozta a 22 \u00e9ves j\u00e1t\u00e9kosnak a v\u00e1gyott szakaszgy\u0151zelmet a Grand Tour-on. A fiatal belga igaz\u00e1n l\u00e1tv\u00e1nyos teljes\u00edtm\u00e9nyt ny\u00fajtott.\" \/>\n<meta property=\"og:url\" content=\"https:\/\/www.welovecycling.com\/hu\/orszaguti-kerekpar\/evenpoel-a-vuelta-szakaszgyozelmerol-elertem-az-almomat-es-a-kituzott-celt\/\" \/>\n<meta property=\"og:site_name\" content=\"\u0160koda We Love Cycling - Magyarorsz\u00e1g\" \/>\n<meta property=\"article:publisher\" content=\"https:\/\/www.facebook.com\/WeLoveCyclingHungary\/\" \/>\n<meta property=\"article:published_time\" content=\"2022-09-13T06:00:02+00:00\" \/>\n<meta property=\"article:modified_time\" content=\"2022-10-07T10:31:07+00:00\" \/>\n<meta property=\"og:image\" content=\"https:\/\/d2p6e6u75xmxt8.cloudfront.net\/12\/2022\/09\/Remco-Evenepoel-profimedia-0717694934-CVR.jpg\" \/>\n\t<meta property=\"og:image:width\" content=\"990\" \/>\n\t<meta property=\"og:image:height\" content=\"660\" \/>\n\t<meta property=\"og:image:type\" content=\"image\/jpeg\" \/>\n<meta name=\"author\" content=\"hegyizs\" \/>\n<meta name=\"twitter:card\" content=\"summary_large_image\" \/>\n<meta name=\"twitter:label1\" content=\"Written by\" \/>\n\t<meta name=\"twitter:data1\" content=\"Monica Buck\" \/>\n\t<meta name=\"twitter:label2\" content=\"Est. reading time\" \/>\n\t<meta name=\"twitter:data2\" content=\"4\" \/>\n<script type=\"application\/ld+json\" class=\"yoast-schema-graph\">{\"@context\":\"https:\/\/schema.org\",\"@graph\":[{\"@type\":\"WebPage\",\"@id\":\"https:\/\/www.welovecycling.com\/hu\/orszaguti-kerekpar\/evenpoel-a-vuelta-szakaszgyozelmerol-elertem-az-almomat-es-a-kituzott-celt\/\",\"url\":\"https:\/\/www.welovecycling.com\/hu\/orszaguti-kerekpar\/evenpoel-a-vuelta-szakaszgyozelmerol-elertem-az-almomat-es-a-kituzott-celt\/\",\"name\":\"Evenepoel a Vuelta gy\u0151zelm\u00e9r\u0151l: \u201eEl\u00e9rtem az \u00e1lmomat. Kem\u00e9nyen dolgoztam \u00e9s sok mindent fel\u00e1ldoztam\u201d\",\"isPartOf\":{\"@id\":\"https:\/\/www.welovecycling.com\/hu\/#website\"},\"primaryImageOfPage\":{\"@id\":\"https:\/\/www.welovecycling.com\/hu\/orszaguti-kerekpar\/evenpoel-a-vuelta-szakaszgyozelmerol-elertem-az-almomat-es-a-kituzott-celt\/#primaryimage\"},\"image\":{\"@id\":\"https:\/\/www.welovecycling.com\/hu\/orszaguti-kerekpar\/evenpoel-a-vuelta-szakaszgyozelmerol-elertem-az-almomat-es-a-kituzott-celt\/#primaryimage\"},\"thumbnailUrl\":\"https:\/\/d2p6e6u75xmxt8.cloudfront.net\/12\/2022\/09\/Remco-Evenepoel-profimedia-0717694934-CVR.jpg\",\"datePublished\":\"2022-09-13T06:00:02+00:00\",\"dateModified\":\"2022-10-07T10:31:07+00:00\",\"author\":{\"@id\":\"https:\/\/www.welovecycling.com\/hu\/#\/schema\/person\/414a2aebf1801691a5320edb6468e194\"},\"description\":\"Az 55,67 km\/h-s \u00e1tlagsebess\u00e9g meghozta a 22 \u00e9ves j\u00e1t\u00e9kosnak a v\u00e1gyott szakaszgy\u0151zelmet a Grand Tour-on. A fiatal belga igaz\u00e1n l\u00e1tv\u00e1nyos teljes\u00edtm\u00e9nyt ny\u00fajtott.\",\"breadcrumb\":{\"@id\":\"https:\/\/www.welovecycling.com\/hu\/orszaguti-kerekpar\/evenpoel-a-vuelta-szakaszgyozelmerol-elertem-az-almomat-es-a-kituzott-celt\/#breadcrumb\"},\"inLanguage\":\"hu\",\"potentialAction\":[{\"@type\":\"ReadAction\",\"target\":[\"https:\/\/www.welovecycling.com\/hu\/orszaguti-kerekpar\/evenpoel-a-vuelta-szakaszgyozelmerol-elertem-az-almomat-es-a-kituzott-celt\/\"]}]},{\"@type\":\"ImageObject\",\"inLanguage\":\"hu\",\"@id\":\"https:\/\/www.welovecycling.com\/hu\/orszaguti-kerekpar\/evenpoel-a-vuelta-szakaszgyozelmerol-elertem-az-almomat-es-a-kituzott-celt\/#primaryimage\",\"url\":\"https:\/\/d2p6e6u75xmxt8.cloudfront.net\/12\/2022\/09\/Remco-Evenepoel-profimedia-0717694934-CVR.jpg\",\"contentUrl\":\"https:\/\/d2p6e6u75xmxt8.cloudfront.net\/12\/2022\/09\/Remco-Evenepoel-profimedia-0717694934-CVR.jpg\",\"width\":990,\"height\":660,\"caption\":\"Remco Evenepoel\"},{\"@type\":\"BreadcrumbList\",\"@id\":\"https:\/\/www.welovecycling.com\/hu\/orszaguti-kerekpar\/evenpoel-a-vuelta-szakaszgyozelmerol-elertem-az-almomat-es-a-kituzott-celt\/#breadcrumb\",\"itemListElement\":[{\"@type\":\"ListItem\",\"position\":1,\"name\":\"Home\",\"item\":\"https:\/\/www.welovecycling.com\/hu\/\"},{\"@type\":\"ListItem\",\"position\":2,\"name\":\"Evenepoel a Vuelta gy\u0151zelm\u00e9r\u0151l: \u201eEl\u00e9rtem az \u00e1lmomat. Kem\u00e9nyen dolgoztam \u00e9s sok mindent fel\u00e1ldoztam\u201d\"}]},{\"@type\":\"WebSite\",\"@id\":\"https:\/\/www.welovecycling.com\/hu\/#website\",\"url\":\"https:\/\/www.welovecycling.com\/hu\/\",\"name\":\"\u0160koda We Love Cycling - Magyarorsz\u00e1g\",\"description\":\"\u0160koda WeLoveCycling\",\"potentialAction\":[{\"@type\":\"SearchAction\",\"target\":{\"@type\":\"EntryPoint\",\"urlTemplate\":\"https:\/\/www.welovecycling.com\/hu\/?s={search_term_string}\"},\"query-input\":{\"@type\":\"PropertyValueSpecification\",\"valueRequired\":true,\"valueName\":\"search_term_string\"}}],\"inLanguage\":\"hu\"},{\"@type\":\"Person\",\"@id\":\"https:\/\/www.welovecycling.com\/hu\/#\/schema\/person\/414a2aebf1801691a5320edb6468e194\",\"name\":\"hegyizs\",\"image\":{\"@type\":\"ImageObject\",\"inLanguage\":\"hu\",\"@id\":\"https:\/\/www.welovecycling.com\/hu\/#\/schema\/person\/image\/\",\"url\":\"https:\/\/secure.gravatar.com\/avatar\/02cf8a7906b8cf90cecb4679defac7cfd33a1c2e3b88e4903d947f3bb58eedd3?s=96&d=mm&r=g\",\"contentUrl\":\"https:\/\/secure.gravatar.com\/avatar\/02cf8a7906b8cf90cecb4679defac7cfd33a1c2e3b88e4903d947f3bb58eedd3?s=96&d=mm&r=g\",\"caption\":\"hegyizs\"},\"url\":\"https:\/\/www.welovecycling.com\/hu\/author\/hegyizs\/\"}]}<\/script>\n<!-- \/ Yoast SEO Premium plugin. -->","yoast_head_json":{"title":"Evenepoel a Vuelta gy\u0151zelm\u00e9r\u0151l: \u201eEl\u00e9rtem az \u00e1lmomat. Kem\u00e9nyen dolgoztam \u00e9s sok mindent fel\u00e1ldoztam\u201d","description":"Az 55,67 km\/h-s \u00e1tlagsebess\u00e9g meghozta a 22 \u00e9ves j\u00e1t\u00e9kosnak a v\u00e1gyott szakaszgy\u0151zelmet a Grand Tour-on. A fiatal belga igaz\u00e1n l\u00e1tv\u00e1nyos teljes\u00edtm\u00e9nyt ny\u00fajtott.","robots":{"index":"index","follow":"follow","max-snippet":"max-snippet:-1","max-image-preview":"max-image-preview:large","max-video-preview":"max-video-preview:-1"},"canonical":"https:\/\/www.welovecycling.com\/hu\/orszaguti-kerekpar\/evenpoel-a-vuelta-szakaszgyozelmerol-elertem-az-almomat-es-a-kituzott-celt\/","og_locale":"hu_HU","og_type":"article","og_title":"Evenepoel a Vuelta gy\u0151zelm\u00e9r\u0151l: \u201eEl\u00e9rtem az \u00e1lmomat. Kem\u00e9nyen dolgoztam \u00e9s sok mindent fel\u00e1ldoztam\u201d","og_description":"Az 55,67 km\/h-s \u00e1tlagsebess\u00e9g meghozta a 22 \u00e9ves j\u00e1t\u00e9kosnak a v\u00e1gyott szakaszgy\u0151zelmet a Grand Tour-on. A fiatal belga igaz\u00e1n l\u00e1tv\u00e1nyos teljes\u00edtm\u00e9nyt ny\u00fajtott.","og_url":"https:\/\/www.welovecycling.com\/hu\/orszaguti-kerekpar\/evenpoel-a-vuelta-szakaszgyozelmerol-elertem-az-almomat-es-a-kituzott-celt\/","og_site_name":"\u0160koda We Love Cycling - Magyarorsz\u00e1g","article_publisher":"https:\/\/www.facebook.com\/WeLoveCyclingHungary\/","article_published_time":"2022-09-13T06:00:02+00:00","article_modified_time":"2022-10-07T10:31:07+00:00","og_image":[{"width":990,"height":660,"url":"https:\/\/d2p6e6u75xmxt8.cloudfront.net\/12\/2022\/09\/Remco-Evenepoel-profimedia-0717694934-CVR.jpg","type":"image\/jpeg"}],"author":"hegyizs","twitter_card":"summary_large_image","twitter_misc":{"Written by":"Monica Buck","Est. reading time":"4"},"schema":{"@context":"https:\/\/schema.org","@graph":[{"@type":"WebPage","@id":"https:\/\/www.welovecycling.com\/hu\/orszaguti-kerekpar\/evenpoel-a-vuelta-szakaszgyozelmerol-elertem-az-almomat-es-a-kituzott-celt\/","url":"https:\/\/www.welovecycling.com\/hu\/orszaguti-kerekpar\/evenpoel-a-vuelta-szakaszgyozelmerol-elertem-az-almomat-es-a-kituzott-celt\/","name":"Evenepoel a Vuelta gy\u0151zelm\u00e9r\u0151l: \u201eEl\u00e9rtem az \u00e1lmomat. Kem\u00e9nyen dolgoztam \u00e9s sok mindent fel\u00e1ldoztam\u201d","isPartOf":{"@id":"https:\/\/www.welovecycling.com\/hu\/#website"},"primaryImageOfPage":{"@id":"https:\/\/www.welovecycling.com\/hu\/orszaguti-kerekpar\/evenpoel-a-vuelta-szakaszgyozelmerol-elertem-az-almomat-es-a-kituzott-celt\/#primaryimage"},"image":{"@id":"https:\/\/www.welovecycling.com\/hu\/orszaguti-kerekpar\/evenpoel-a-vuelta-szakaszgyozelmerol-elertem-az-almomat-es-a-kituzott-celt\/#primaryimage"},"thumbnailUrl":"https:\/\/d2p6e6u75xmxt8.cloudfront.net\/12\/2022\/09\/Remco-Evenepoel-profimedia-0717694934-CVR.jpg","datePublished":"2022-09-13T06:00:02+00:00","dateModified":"2022-10-07T10:31:07+00:00","author":{"@id":"https:\/\/www.welovecycling.com\/hu\/#\/schema\/person\/414a2aebf1801691a5320edb6468e194"},"description":"Az 55,67 km\/h-s \u00e1tlagsebess\u00e9g meghozta a 22 \u00e9ves j\u00e1t\u00e9kosnak a v\u00e1gyott szakaszgy\u0151zelmet a Grand Tour-on. A fiatal belga igaz\u00e1n l\u00e1tv\u00e1nyos teljes\u00edtm\u00e9nyt ny\u00fajtott.","breadcrumb":{"@id":"https:\/\/www.welovecycling.com\/hu\/orszaguti-kerekpar\/evenpoel-a-vuelta-szakaszgyozelmerol-elertem-az-almomat-es-a-kituzott-celt\/#breadcrumb"},"inLanguage":"hu","potentialAction":[{"@type":"ReadAction","target":["https:\/\/www.welovecycling.com\/hu\/orszaguti-kerekpar\/evenpoel-a-vuelta-szakaszgyozelmerol-elertem-az-almomat-es-a-kituzott-celt\/"]}]},{"@type":"ImageObject","inLanguage":"hu","@id":"https:\/\/www.welovecycling.com\/hu\/orszaguti-kerekpar\/evenpoel-a-vuelta-szakaszgyozelmerol-elertem-az-almomat-es-a-kituzott-celt\/#primaryimage","url":"https:\/\/d2p6e6u75xmxt8.cloudfront.net\/12\/2022\/09\/Remco-Evenepoel-profimedia-0717694934-CVR.jpg","contentUrl":"https:\/\/d2p6e6u75xmxt8.cloudfront.net\/12\/2022\/09\/Remco-Evenepoel-profimedia-0717694934-CVR.jpg","width":990,"height":660,"caption":"Remco Evenepoel"},{"@type":"BreadcrumbList","@id":"https:\/\/www.welovecycling.com\/hu\/orszaguti-kerekpar\/evenpoel-a-vuelta-szakaszgyozelmerol-elertem-az-almomat-es-a-kituzott-celt\/#breadcrumb","itemListElement":[{"@type":"ListItem","position":1,"name":"Home","item":"https:\/\/www.welovecycling.com\/hu\/"},{"@type":"ListItem","position":2,"name":"Evenepoel a Vuelta gy\u0151zelm\u00e9r\u0151l: \u201eEl\u00e9rtem az \u00e1lmomat. Kem\u00e9nyen dolgoztam \u00e9s sok mindent fel\u00e1ldoztam\u201d"}]},{"@type":"WebSite","@id":"https:\/\/www.welovecycling.com\/hu\/#website","url":"https:\/\/www.welovecycling.com\/hu\/","name":"\u0160koda We Love Cycling - Magyarorsz\u00e1g","description":"\u0160koda WeLoveCycling","potentialAction":[{"@type":"SearchAction","target":{"@type":"EntryPoint","urlTemplate":"https:\/\/www.welovecycling.com\/hu\/?s={search_term_string}"},"query-input":{"@type":"PropertyValueSpecification","valueRequired":true,"valueName":"search_term_string"}}],"inLanguage":"hu"},{"@type":"Person","@id":"https:\/\/www.welovecycling.com\/hu\/#\/schema\/person\/414a2aebf1801691a5320edb6468e194","name":"hegyizs","image":{"@type":"ImageObject","inLanguage":"hu","@id":"https:\/\/www.welovecycling.com\/hu\/#\/schema\/person\/image\/","url":"https:\/\/secure.gravatar.com\/avatar\/02cf8a7906b8cf90cecb4679defac7cfd33a1c2e3b88e4903d947f3bb58eedd3?s=96&d=mm&r=g","contentUrl":"https:\/\/secure.gravatar.com\/avatar\/02cf8a7906b8cf90cecb4679defac7cfd33a1c2e3b88e4903d947f3bb58eedd3?s=96&d=mm&r=g","caption":"hegyizs"},"url":"https:\/\/www.welovecycling.com\/hu\/author\/hegyizs\/"}]}},"_links":{"self":[{"href":"https:\/\/www.welovecycling.com\/hu\/wp-json\/wp\/v2\/posts\/15756","targetHints":{"allow":["GET"]}}],"collection":[{"href":"https:\/\/www.welovecycling.com\/hu\/wp-json\/wp\/v2\/posts"}],"about":[{"href":"https:\/\/www.welovecycling.com\/hu\/wp-json\/wp\/v2\/types\/post"}],"author":[{"embeddable":true,"href":"https:\/\/www.welovecycling.com\/hu\/wp-json\/wp\/v2\/users\/71"}],"replies":[{"embeddable":true,"href":"https:\/\/www.welovecycling.com\/hu\/wp-json\/wp\/v2\/comments?post=15756"}],"version-history":[{"count":2,"href":"https:\/\/www.welovecycling.com\/hu\/wp-json\/wp\/v2\/posts\/15756\/revisions"}],"predecessor-version":[{"id":16220,"href":"https:\/\/www.welovecycling.com\/hu\/wp-json\/wp\/v2\/posts\/15756\/revisions\/16220"}],"wp:featuredmedia":[{"embeddable":true,"href":"https:\/\/www.welovecycling.com\/hu\/wp-json\/wp\/v2\/media\/15759"}],"wp:attachment":[{"href":"https:\/\/www.welovecycling.com\/hu\/wp-json\/wp\/v2\/media?parent=15756"}],"wp:term":[{"taxonomy":"category","embeddable":true,"href":"https:\/\/www.welovecycling.com\/hu\/wp-json\/wp\/v2\/categories?post=15756"},{"taxonomy":"post_tag","embeddable":true,"href":"https:\/\/www.welovecycling.com\/hu\/wp-json\/wp\/v2\/tags?post=15756"},{"taxonomy":"global-categories","embeddable":true,"href":"https:\/\/www.welovecycling.com\/hu\/wp-json\/wp\/v2\/global-categories?post=15756"}],"curies":[{"name":"wp","href":"https:\/\/api.w.org\/{rel}","templated":true}]}}