{"id":15752,"date":"2022-09-12T08:00:39","date_gmt":"2022-09-12T06:00:39","guid":{"rendered":"https:\/\/www.welovecycling.com\/hu\/?p=15752"},"modified":"2022-09-09T12:42:00","modified_gmt":"2022-09-09T10:42:00","slug":"a-vuelta-a-espana-felvezeto-autoja-ahogy-javier-guillen-az-igazgato-latja","status":"publish","type":"post","link":"https:\/\/www.welovecycling.com\/hu\/orszaguti-kerekpar\/a-vuelta-a-espana-felvezeto-autoja-ahogy-javier-guillen-az-igazgato-latja\/","title":{"rendered":"A Vuelta a Espa\u00f1a felvezet\u0151 aut\u00f3ja, ahogy Javier Guill\u00e9n, az igazgat\u00f3 l\u00e1tja"},"content":{"rendered":"<p><strong>A La Vuelta megrendez\u00e9s\u00e9hez minden \u00e9vben rengeteg aut\u00f3 sz\u00fcks\u00e9ges, egy viszont kiemelkedett a rajtvonaln\u00e1l, Utrechtben, 2022. augusztus 18-\u00e1n. A jellegzetes felvezet\u0151 aut\u00f3t egyedi matric\u00e1kkal \u00e9s kieg\u00e9sz\u00edt\u0151kkel ruh\u00e1zt\u00e1k fel, \u00edgy lett a mez\u0151ny f\u00e9nyes jelz\u0151l\u00e1mp\u00e1ja, ami \u00e1tvezet a Grand Tour z\u0171rzavar\u00e1n. Azzal az emberrel besz\u00e9lgett\u00fcnk, aki a lehet\u0151 legjobban ismeri ezt az aut\u00f3t: a La Vuelta versenyigazgat\u00f3j\u00e1val, Javier Guill\u00e9nnel.<\/strong><\/p>\n<p><!--more--><\/p>\n<p>A teljesen elektromos, piros \u0160koda ENYAQ iV-r\u0151l van sz\u00f3, mely felszerelts\u00e9g\u00e9nek k\u00f6sz\u00f6nhet\u0151en ak\u00e1r 536 km-t is k\u00e9pes megtenni egyetlen t\u00f6lt\u00e9ssel. T\u00f6k\u00e9letesen csendben \u00e9s z\u00f6kken\u0151mentesen m\u0171k\u00f6dik, \u00edgy hib\u00e1tlan mozg\u00f3 irod\u00e1t jelent a versenyigazgat\u00f3 sz\u00e1m\u00e1ra. De mennyire j\u00e1tszik fontos szerepet a verseny alatt? <em>\u201eMinden nagy d\u00f6nt\u00e9s ebben az aut\u00f3ban sz\u00fcletik meg. Itt \u00e9rnek \u00f6ssze az inform\u00e1ci\u00f3k a szervez\u0151kt\u0151l, a versenybiztosokt\u00f3l, a csapatvezet\u0151kt\u0151l, valamint a biztons\u00e1gi- \u00e9s a rend\u0151raut\u00f3kt\u00f3l. A nap v\u00e9g\u00e9n mindenki t\u0151led v\u00e1rja, hogy v\u00e1llald a felel\u0151ss\u00e9get \u00e9s helyesen d\u00f6nts\u201d<\/em> \u2013 v\u00e1laszolta Guill\u00e9n.<\/p>\n<figure id=\"attachment_15753\" aria-describedby=\"caption-attachment-15753\" style=\"width: 1022px\" class=\"wp-caption alignnone\"><a href=\"https:\/\/d2p6e6u75xmxt8.cloudfront.net\/12\/2022\/09\/ENYAQ-iV-Vuelta-6.jpg\"><img loading=\"lazy\" decoding=\"async\" class=\"wp-image-15753 size-full\" src=\"https:\/\/d2p6e6u75xmxt8.cloudfront.net\/12\/2022\/09\/ENYAQ-iV-Vuelta-6.jpg\" alt=\"\u0160koda ENYAQ iV\" width=\"1022\" height=\"680\" srcset=\"https:\/\/d2p6e6u75xmxt8.cloudfront.net\/12\/2022\/09\/ENYAQ-iV-Vuelta-6.jpg 1022w, https:\/\/d2p6e6u75xmxt8.cloudfront.net\/12\/2022\/09\/ENYAQ-iV-Vuelta-6-300x200.jpg 300w, https:\/\/d2p6e6u75xmxt8.cloudfront.net\/12\/2022\/09\/ENYAQ-iV-Vuelta-6-768x511.jpg 768w, https:\/\/d2p6e6u75xmxt8.cloudfront.net\/12\/2022\/09\/ENYAQ-iV-Vuelta-6-272x182.jpg 272w\" sizes=\"auto, (max-width: 1022px) 100vw, 1022px\" \/><\/a><figcaption id=\"caption-attachment-15753\" class=\"wp-caption-text\"><em>A teljesen elektromos \u0160koda ENYAQ iV felvezet\u0151 aut\u00f3 a 2022-es La Vuelt\u00e1n. \u00a9 BaixauliStudio<\/em><\/figcaption><\/figure>\n<div id='gallery-1' class='gallery galleryid-15752 gallery-columns-3 gallery-size-large'><figure class='gallery-item'>\n\t\t\t<div class='gallery-icon landscape'>\n\t\t\t\t<a href='https:\/\/d2p6e6u75xmxt8.cloudfront.net\/12\/2022\/09\/ENYAQ-iV-La-Vuelta-7.jpg'><img loading=\"lazy\" decoding=\"async\" width=\"1022\" height=\"680\" src=\"https:\/\/d2p6e6u75xmxt8.cloudfront.net\/12\/2022\/09\/ENYAQ-iV-La-Vuelta-7.jpg\" class=\"attachment-large size-large\" alt=\"A modell speci\u00e1lis tulajdons\u00e1gainak k\u00f6sz\u00f6nhet\u0151en, mint amilyen a k\u00e9tir\u00e1ny\u00fa r\u00e1di\u00f3, az egyedi m\u00e9retre szabott napf\u00e9nytet\u0151 \u00e9s a hat antenna, t\u00f6k\u00e9letes iroda a versenyigazgat\u00f3 sz\u00e1m\u00e1ra. \u00a9 BaixauliStudio\" srcset=\"https:\/\/d2p6e6u75xmxt8.cloudfront.net\/12\/2022\/09\/ENYAQ-iV-La-Vuelta-7.jpg 1022w, https:\/\/d2p6e6u75xmxt8.cloudfront.net\/12\/2022\/09\/ENYAQ-iV-La-Vuelta-7-300x200.jpg 300w, https:\/\/d2p6e6u75xmxt8.cloudfront.net\/12\/2022\/09\/ENYAQ-iV-La-Vuelta-7-768x511.jpg 768w, https:\/\/d2p6e6u75xmxt8.cloudfront.net\/12\/2022\/09\/ENYAQ-iV-La-Vuelta-7-272x182.jpg 272w\" sizes=\"auto, (max-width: 1022px) 100vw, 1022px\" \/><\/a>\n\t\t\t<\/div><\/figure><figure class='gallery-item'>\n\t\t\t<div class='gallery-icon landscape'>\n\t\t\t\t<a href='https:\/\/d2p6e6u75xmxt8.cloudfront.net\/12\/2022\/09\/LV20-E13-BXL_2914-1.jpg'><img loading=\"lazy\" decoding=\"async\" width=\"1022\" height=\"680\" src=\"https:\/\/d2p6e6u75xmxt8.cloudfront.net\/12\/2022\/09\/LV20-E13-BXL_2914-1.jpg\" class=\"attachment-large size-large\" alt=\"Javier Guill\u00e9n figyeli a versenyt. \u00a9 BaixauliStudio\" srcset=\"https:\/\/d2p6e6u75xmxt8.cloudfront.net\/12\/2022\/09\/LV20-E13-BXL_2914-1.jpg 1022w, https:\/\/d2p6e6u75xmxt8.cloudfront.net\/12\/2022\/09\/LV20-E13-BXL_2914-1-300x200.jpg 300w, https:\/\/d2p6e6u75xmxt8.cloudfront.net\/12\/2022\/09\/LV20-E13-BXL_2914-1-768x511.jpg 768w, https:\/\/d2p6e6u75xmxt8.cloudfront.net\/12\/2022\/09\/LV20-E13-BXL_2914-1-272x182.jpg 272w\" sizes=\"auto, (max-width: 1022px) 100vw, 1022px\" \/><\/a>\n\t\t\t<\/div><\/figure><figure class='gallery-item'>\n\t\t\t<div class='gallery-icon landscape'>\n\t\t\t\t<a href='https:\/\/d2p6e6u75xmxt8.cloudfront.net\/12\/2022\/09\/ENYAQ-iV-La-Vuelta-8.jpeg'><img loading=\"lazy\" decoding=\"async\" width=\"1024\" height=\"683\" src=\"https:\/\/d2p6e6u75xmxt8.cloudfront.net\/12\/2022\/09\/ENYAQ-iV-La-Vuelta-8-1024x683.jpeg\" class=\"attachment-large size-large\" alt=\"\u0160koda ENYAQ iV at 2022 La Vuelta. \u00a9 ASO &amp; Fabien Boukla\" srcset=\"https:\/\/d2p6e6u75xmxt8.cloudfront.net\/12\/2022\/09\/ENYAQ-iV-La-Vuelta-8-1024x683.jpeg 1024w, https:\/\/d2p6e6u75xmxt8.cloudfront.net\/12\/2022\/09\/ENYAQ-iV-La-Vuelta-8-300x200.jpeg 300w, https:\/\/d2p6e6u75xmxt8.cloudfront.net\/12\/2022\/09\/ENYAQ-iV-La-Vuelta-8-768x512.jpeg 768w, https:\/\/d2p6e6u75xmxt8.cloudfront.net\/12\/2022\/09\/ENYAQ-iV-La-Vuelta-8-1536x1024.jpeg 1536w, https:\/\/d2p6e6u75xmxt8.cloudfront.net\/12\/2022\/09\/ENYAQ-iV-La-Vuelta-8-1920x1280.jpeg 1920w, https:\/\/d2p6e6u75xmxt8.cloudfront.net\/12\/2022\/09\/ENYAQ-iV-La-Vuelta-8-272x182.jpeg 272w, https:\/\/d2p6e6u75xmxt8.cloudfront.net\/12\/2022\/09\/ENYAQ-iV-La-Vuelta-8.jpeg 2048w, https:\/\/d2p6e6u75xmxt8.cloudfront.net\/12\/2022\/09\/ENYAQ-iV-La-Vuelta-8-1920x1280.jpeg 1920w\" sizes=\"auto, (max-width: 1024px) 100vw, 1024px\" \/><\/a>\n\t\t\t<\/div><\/figure>\n\t\t<\/div>\n\n<p><em>\u201eMinden nap k\u00f6r\u00fclbel\u00fcl hat-h\u00e9t \u00f3r\u00e1t t\u00f6lt\u00f6ttem az aut\u00f3ban, a rajtvonalt\u00f3l a c\u00e9lig, majd a sz\u00e1llod\u00e1ig. Nem tudn\u00e1m n\u00e9lk\u00fcle v\u00e9gigcsin\u00e1lni\u201d<\/em> \u2013tette hozz\u00e1. Amint l\u00e1tjuk, a felvezet\u0151 aut\u00f3 gyakorlatilag n\u00e9lk\u00fcl\u00f6zhetetlen a versenyigazgat\u00f3 sz\u00e1m\u00e1ra \u2013 de melyek azok a tulajdons\u00e1gok, melyek k\u00fcl\u00f6nlegess\u00e9 teszik? <em>\u201eA r\u00e1di\u00f3rendszer, a be\u00e9p\u00edtett k\u00e9tir\u00e1ny\u00fa kommunik\u00e1ci\u00f3s \u00e9s ir\u00e1ny\u00edt\u00e1si k\u00f6zpont az, ami lehet\u0151v\u00e9 teszi, hogy minden pillanatban szemmel tartsam a versenyt. A nap folyam\u00e1n rengeteg emberrel besz\u00e9lek, \u00edgy kulcsfontoss\u00e1g\u00fa a hat\u00e9kony kommunik\u00e1ci\u00f3.\u201d<\/em><\/p>\n<p>A hat k\u00fcls\u0151 antenn\u00e1val \u00f6sszekapcsolt kommunik\u00e1ci\u00f3s rendszeren k\u00edv\u00fcl az aut\u00f3ban van egy m\u00e9retes, beh\u00fazhat\u00f3 napf\u00e9nytet\u0151 is, mely lehet\u0151v\u00e9 teszi a versenyigazgat\u00f3 sz\u00e1m\u00e1ra, hogy fel\u00e1llva figyelje a k\u00fcl\u00f6nb\u00f6z\u0151 helyzeteket, illetve szem\u00e9lyes k\u00e9nyelm\u00e9t szolg\u00e1lja a be\u00e9p\u00edtett h\u0171t\u0151szekr\u00e9ny is.<\/p>\n<p>Visszakanyarodva a \u0160koda ENYAQ iV-hez, hogyan t\u00f6lti be a modell a vezet\u0151 aut\u00f3 szerep\u00e9t?<\/p>\n<p><em>\u201eNagyon k\u00e9nyelmes, t\u00e1gas, k\u00f6nny\u0171 benne dolgozni. A h\u00e1ts\u00f3 \u00fcl\u00e9sr\u0151l tev\u00e9kenykedem, \u00e9s h\u00e1l\u00e1s vagyok a nagy terek\u00e9rt. Hely \u00e9s k\u00e9nyelem tekintet\u00e9ben a \u0160koda a legjobb m\u00e1rka. Egy m\u00e1sik fontos dolog pedig az, hogy mennyire megb\u00edzhat\u00f3 a modell\u201d<\/em> \u2013 mondta Guill\u00e9n.<\/p>\n<p>Term\u00e9szetesen az aut\u00f3 elektromos volta is jelent\u0151s v\u00e1ltoz\u00e1st hozott a versenyekre. \u201eA legfontosabb az, hogy hozz\u00e1j\u00e1rulhatunk a bolyg\u00f3 eg\u00e9szs\u00e9g\u00e9nek fenntart\u00e1s\u00e1hoz. Ez egy nagyon fontos \u00fczenet, ami m\u00f6g\u00e9 az eg\u00e9sz Vuelta igyekszik be\u00e1llni: a ker\u00e9kp\u00e1roz\u00e1s z\u00f6ld sport, ami azt jelenti, hogy az esem\u00e9nyeknek is z\u00f6ldnek kell lennie. \u00c9vr\u0151l \u00e9vre t\u00f6bb elektromos \u0160koda aut\u00f3 k\u00eds\u00e9ri v\u00e9gig a versenyt, mert a t\u00e1rsadalomnak \u00e9s a k\u00f6rnyezetnek is ig\u00e9nye van erre\u201d \u2013 magyar\u00e1zta a versenyigazgat\u00f3. Hozz\u00e1tette, hogy egy olyan h\u00edres \u00e9s l\u00e1tv\u00e1nyos esem\u00e9ny, mint a Vuelta, minden bizonnyal felel\u0151ss\u00e9ggel tartozik a gondolatis\u00e1g\u00e1\u00e9rt, hiszen sok embert befoly\u00e1solhat. <em>\u201eAz emberek figyelnek. Ha azt mondod magadr\u00f3l, hogy z\u00f6ld vagy, akkor \u00fagy is kell tenned.\u201d<\/em><\/p>\n<p>Javier Guill\u00e9n versenyigazgat\u00f3 szerint v\u00e9g\u00fcl mindez n\u00e9h\u00e1ny l\u00e9nyeges dologban csap\u00f3dik le: <em>\u201eA La Vuelta sz\u00e1m\u00e1ra a legfontosabb \u00f6sszetev\u0151k az \u00fatvonal, a versenyz\u0151k, a TV \u00e9s a szervezeti aut\u00f3k.\u201d<\/em><\/p>\n","protected":false},"excerpt":{"rendered":"<p>A La Vuelta megrendez\u00e9s\u00e9hez minden \u00e9vben rengeteg aut\u00f3 sz\u00fcks\u00e9ges, egy viszont kiemelkedett a rajtvonaln\u00e1l, Utrechtben, 2022. augusztus 18-\u00e1n. A jellegzetes [&hellip;]<\/p>\n","protected":false},"author":71,"featured_media":15755,"comment_status":"open","ping_status":"open","sticky":false,"template":"","format":"standard","meta":{"footnotes":""},"categories":[8],"tags":[],"global-categories":[],"class_list":["post-15752","post","type-post","status-publish","format-standard","has-post-thumbnail","hentry","category-orszaguti-kerekpar"],"yoast_head":"<!-- This site is optimized with the Yoast SEO Premium plugin v25.3 (Yoast SEO v25.9) - https:\/\/yoast.com\/wordpress\/plugins\/seo\/ -->\n<title>A Vuelta a Espa\u00f1a felvezet\u0151 aut\u00f3ja, ahogy Javier Guill\u00e9n, az igazgat\u00f3 l\u00e1tja<\/title>\n<meta name=\"description\" content=\"A La Vuelta megrendez\u00e9s\u00e9hez minden \u00e9vben rengeteg aut\u00f3 sz\u00fcks\u00e9ges, egy viszont kiemelkedett a rajtvonaln\u00e1l, Utrechtben, 2022. augusztus 18-\u00e1n. A jellegzetes felvezet\u0151 aut\u00f3t egyedi matric\u00e1kkal \u00e9s kieg\u00e9sz\u00edt\u0151kkel ruh\u00e1zt\u00e1k fel, \u00edgy lett a mez\u0151ny f\u00e9nyes jelz\u0151l\u00e1mp\u00e1ja, ami \u00e1tvezet a Grand Tour z\u0171rzavar\u00e1n. Azzal az emberrel besz\u00e9lgett\u00fcnk, aki a lehet\u0151 legjobban ismeri ezt az aut\u00f3t: a La Vuelta versenyigazgat\u00f3j\u00e1val, Javier Guill\u00e9nnel.\" \/>\n<meta name=\"robots\" content=\"index, follow, max-snippet:-1, max-image-preview:large, max-video-preview:-1\" \/>\n<link rel=\"canonical\" href=\"https:\/\/www.welovecycling.com\/hu\/orszaguti-kerekpar\/a-vuelta-a-espana-felvezeto-autoja-ahogy-javier-guillen-az-igazgato-latja\/\" \/>\n<meta property=\"og:locale\" content=\"hu_HU\" \/>\n<meta property=\"og:type\" content=\"article\" \/>\n<meta property=\"og:title\" content=\"A Vuelta a Espa\u00f1a felvezet\u0151 aut\u00f3ja, ahogy Javier Guill\u00e9n, az igazgat\u00f3 l\u00e1tja\" \/>\n<meta property=\"og:description\" content=\"A La Vuelta megrendez\u00e9s\u00e9hez minden \u00e9vben rengeteg aut\u00f3 sz\u00fcks\u00e9ges, egy viszont kiemelkedett a rajtvonaln\u00e1l, Utrechtben, 2022. augusztus 18-\u00e1n. A jellegzetes felvezet\u0151 aut\u00f3t egyedi matric\u00e1kkal \u00e9s kieg\u00e9sz\u00edt\u0151kkel ruh\u00e1zt\u00e1k fel, \u00edgy lett a mez\u0151ny f\u00e9nyes jelz\u0151l\u00e1mp\u00e1ja, ami \u00e1tvezet a Grand Tour z\u0171rzavar\u00e1n. Azzal az emberrel besz\u00e9lgett\u00fcnk, aki a lehet\u0151 legjobban ismeri ezt az aut\u00f3t: a La Vuelta versenyigazgat\u00f3j\u00e1val, Javier Guill\u00e9nnel.\" \/>\n<meta property=\"og:url\" content=\"https:\/\/www.welovecycling.com\/hu\/orszaguti-kerekpar\/a-vuelta-a-espana-felvezeto-autoja-ahogy-javier-guillen-az-igazgato-latja\/\" \/>\n<meta property=\"og:site_name\" content=\"\u0160koda We Love Cycling - Magyarorsz\u00e1g\" \/>\n<meta property=\"article:publisher\" content=\"https:\/\/www.facebook.com\/WeLoveCyclingHungary\/\" \/>\n<meta property=\"article:published_time\" content=\"2022-09-12T06:00:39+00:00\" \/>\n<meta property=\"og:image\" content=\"https:\/\/d2p6e6u75xmxt8.cloudfront.net\/12\/2022\/09\/SKODA-ENYAQ-iV-La-Vuelta-CVR.jpg\" \/>\n\t<meta property=\"og:image:width\" content=\"990\" \/>\n\t<meta property=\"og:image:height\" content=\"660\" \/>\n\t<meta property=\"og:image:type\" content=\"image\/jpeg\" \/>\n<meta name=\"author\" content=\"hegyizs\" \/>\n<meta name=\"twitter:card\" content=\"summary_large_image\" \/>\n<meta name=\"twitter:label1\" content=\"Written by\" \/>\n\t<meta name=\"twitter:data1\" content=\"We Love Cycling\" \/>\n\t<meta name=\"twitter:label2\" content=\"Est. reading time\" \/>\n\t<meta name=\"twitter:data2\" content=\"5\" \/>\n<script type=\"application\/ld+json\" class=\"yoast-schema-graph\">{\"@context\":\"https:\/\/schema.org\",\"@graph\":[{\"@type\":\"WebPage\",\"@id\":\"https:\/\/www.welovecycling.com\/hu\/orszaguti-kerekpar\/a-vuelta-a-espana-felvezeto-autoja-ahogy-javier-guillen-az-igazgato-latja\/\",\"url\":\"https:\/\/www.welovecycling.com\/hu\/orszaguti-kerekpar\/a-vuelta-a-espana-felvezeto-autoja-ahogy-javier-guillen-az-igazgato-latja\/\",\"name\":\"A Vuelta a Espa\u00f1a felvezet\u0151 aut\u00f3ja, ahogy Javier Guill\u00e9n, az igazgat\u00f3 l\u00e1tja\",\"isPartOf\":{\"@id\":\"https:\/\/www.welovecycling.com\/hu\/#website\"},\"primaryImageOfPage\":{\"@id\":\"https:\/\/www.welovecycling.com\/hu\/orszaguti-kerekpar\/a-vuelta-a-espana-felvezeto-autoja-ahogy-javier-guillen-az-igazgato-latja\/#primaryimage\"},\"image\":{\"@id\":\"https:\/\/www.welovecycling.com\/hu\/orszaguti-kerekpar\/a-vuelta-a-espana-felvezeto-autoja-ahogy-javier-guillen-az-igazgato-latja\/#primaryimage\"},\"thumbnailUrl\":\"https:\/\/d2p6e6u75xmxt8.cloudfront.net\/12\/2022\/09\/SKODA-ENYAQ-iV-La-Vuelta-CVR.jpg\",\"datePublished\":\"2022-09-12T06:00:39+00:00\",\"author\":{\"@id\":\"https:\/\/www.welovecycling.com\/hu\/#\/schema\/person\/414a2aebf1801691a5320edb6468e194\"},\"description\":\"A La Vuelta megrendez\u00e9s\u00e9hez minden \u00e9vben rengeteg aut\u00f3 sz\u00fcks\u00e9ges, egy viszont kiemelkedett a rajtvonaln\u00e1l, Utrechtben, 2022. augusztus 18-\u00e1n. A jellegzetes felvezet\u0151 aut\u00f3t egyedi matric\u00e1kkal \u00e9s kieg\u00e9sz\u00edt\u0151kkel ruh\u00e1zt\u00e1k fel, \u00edgy lett a mez\u0151ny f\u00e9nyes jelz\u0151l\u00e1mp\u00e1ja, ami \u00e1tvezet a Grand Tour z\u0171rzavar\u00e1n. Azzal az emberrel besz\u00e9lgett\u00fcnk, aki a lehet\u0151 legjobban ismeri ezt az aut\u00f3t: a La Vuelta versenyigazgat\u00f3j\u00e1val, Javier Guill\u00e9nnel.\",\"breadcrumb\":{\"@id\":\"https:\/\/www.welovecycling.com\/hu\/orszaguti-kerekpar\/a-vuelta-a-espana-felvezeto-autoja-ahogy-javier-guillen-az-igazgato-latja\/#breadcrumb\"},\"inLanguage\":\"hu\",\"potentialAction\":[{\"@type\":\"ReadAction\",\"target\":[\"https:\/\/www.welovecycling.com\/hu\/orszaguti-kerekpar\/a-vuelta-a-espana-felvezeto-autoja-ahogy-javier-guillen-az-igazgato-latja\/\"]}]},{\"@type\":\"ImageObject\",\"inLanguage\":\"hu\",\"@id\":\"https:\/\/www.welovecycling.com\/hu\/orszaguti-kerekpar\/a-vuelta-a-espana-felvezeto-autoja-ahogy-javier-guillen-az-igazgato-latja\/#primaryimage\",\"url\":\"https:\/\/d2p6e6u75xmxt8.cloudfront.net\/12\/2022\/09\/SKODA-ENYAQ-iV-La-Vuelta-CVR.jpg\",\"contentUrl\":\"https:\/\/d2p6e6u75xmxt8.cloudfront.net\/12\/2022\/09\/SKODA-ENYAQ-iV-La-Vuelta-CVR.jpg\",\"width\":990,\"height\":660,\"caption\":\"La Vuelta \u0161koda ENYAQ iV\"},{\"@type\":\"BreadcrumbList\",\"@id\":\"https:\/\/www.welovecycling.com\/hu\/orszaguti-kerekpar\/a-vuelta-a-espana-felvezeto-autoja-ahogy-javier-guillen-az-igazgato-latja\/#breadcrumb\",\"itemListElement\":[{\"@type\":\"ListItem\",\"position\":1,\"name\":\"Home\",\"item\":\"https:\/\/www.welovecycling.com\/hu\/\"},{\"@type\":\"ListItem\",\"position\":2,\"name\":\"A Vuelta a Espa\u00f1a felvezet\u0151 aut\u00f3ja, ahogy Javier Guill\u00e9n, az igazgat\u00f3 l\u00e1tja\"}]},{\"@type\":\"WebSite\",\"@id\":\"https:\/\/www.welovecycling.com\/hu\/#website\",\"url\":\"https:\/\/www.welovecycling.com\/hu\/\",\"name\":\"\u0160koda We Love Cycling - Magyarorsz\u00e1g\",\"description\":\"\u0160koda WeLoveCycling\",\"potentialAction\":[{\"@type\":\"SearchAction\",\"target\":{\"@type\":\"EntryPoint\",\"urlTemplate\":\"https:\/\/www.welovecycling.com\/hu\/?s={search_term_string}\"},\"query-input\":{\"@type\":\"PropertyValueSpecification\",\"valueRequired\":true,\"valueName\":\"search_term_string\"}}],\"inLanguage\":\"hu\"},{\"@type\":\"Person\",\"@id\":\"https:\/\/www.welovecycling.com\/hu\/#\/schema\/person\/414a2aebf1801691a5320edb6468e194\",\"name\":\"hegyizs\",\"image\":{\"@type\":\"ImageObject\",\"inLanguage\":\"hu\",\"@id\":\"https:\/\/www.welovecycling.com\/hu\/#\/schema\/person\/image\/\",\"url\":\"https:\/\/secure.gravatar.com\/avatar\/02cf8a7906b8cf90cecb4679defac7cfd33a1c2e3b88e4903d947f3bb58eedd3?s=96&d=mm&r=g\",\"contentUrl\":\"https:\/\/secure.gravatar.com\/avatar\/02cf8a7906b8cf90cecb4679defac7cfd33a1c2e3b88e4903d947f3bb58eedd3?s=96&d=mm&r=g\",\"caption\":\"hegyizs\"},\"url\":\"https:\/\/www.welovecycling.com\/hu\/author\/hegyizs\/\"}]}<\/script>\n<!-- \/ Yoast SEO Premium plugin. -->","yoast_head_json":{"title":"A Vuelta a Espa\u00f1a felvezet\u0151 aut\u00f3ja, ahogy Javier Guill\u00e9n, az igazgat\u00f3 l\u00e1tja","description":"A La Vuelta megrendez\u00e9s\u00e9hez minden \u00e9vben rengeteg aut\u00f3 sz\u00fcks\u00e9ges, egy viszont kiemelkedett a rajtvonaln\u00e1l, Utrechtben, 2022. augusztus 18-\u00e1n. A jellegzetes felvezet\u0151 aut\u00f3t egyedi matric\u00e1kkal \u00e9s kieg\u00e9sz\u00edt\u0151kkel ruh\u00e1zt\u00e1k fel, \u00edgy lett a mez\u0151ny f\u00e9nyes jelz\u0151l\u00e1mp\u00e1ja, ami \u00e1tvezet a Grand Tour z\u0171rzavar\u00e1n. Azzal az emberrel besz\u00e9lgett\u00fcnk, aki a lehet\u0151 legjobban ismeri ezt az aut\u00f3t: a La Vuelta versenyigazgat\u00f3j\u00e1val, Javier Guill\u00e9nnel.","robots":{"index":"index","follow":"follow","max-snippet":"max-snippet:-1","max-image-preview":"max-image-preview:large","max-video-preview":"max-video-preview:-1"},"canonical":"https:\/\/www.welovecycling.com\/hu\/orszaguti-kerekpar\/a-vuelta-a-espana-felvezeto-autoja-ahogy-javier-guillen-az-igazgato-latja\/","og_locale":"hu_HU","og_type":"article","og_title":"A Vuelta a Espa\u00f1a felvezet\u0151 aut\u00f3ja, ahogy Javier Guill\u00e9n, az igazgat\u00f3 l\u00e1tja","og_description":"A La Vuelta megrendez\u00e9s\u00e9hez minden \u00e9vben rengeteg aut\u00f3 sz\u00fcks\u00e9ges, egy viszont kiemelkedett a rajtvonaln\u00e1l, Utrechtben, 2022. augusztus 18-\u00e1n. A jellegzetes felvezet\u0151 aut\u00f3t egyedi matric\u00e1kkal \u00e9s kieg\u00e9sz\u00edt\u0151kkel ruh\u00e1zt\u00e1k fel, \u00edgy lett a mez\u0151ny f\u00e9nyes jelz\u0151l\u00e1mp\u00e1ja, ami \u00e1tvezet a Grand Tour z\u0171rzavar\u00e1n. Azzal az emberrel besz\u00e9lgett\u00fcnk, aki a lehet\u0151 legjobban ismeri ezt az aut\u00f3t: a La Vuelta versenyigazgat\u00f3j\u00e1val, Javier Guill\u00e9nnel.","og_url":"https:\/\/www.welovecycling.com\/hu\/orszaguti-kerekpar\/a-vuelta-a-espana-felvezeto-autoja-ahogy-javier-guillen-az-igazgato-latja\/","og_site_name":"\u0160koda We Love Cycling - Magyarorsz\u00e1g","article_publisher":"https:\/\/www.facebook.com\/WeLoveCyclingHungary\/","article_published_time":"2022-09-12T06:00:39+00:00","og_image":[{"width":990,"height":660,"url":"https:\/\/d2p6e6u75xmxt8.cloudfront.net\/12\/2022\/09\/SKODA-ENYAQ-iV-La-Vuelta-CVR.jpg","type":"image\/jpeg"}],"author":"hegyizs","twitter_card":"summary_large_image","twitter_misc":{"Written by":"We Love Cycling","Est. reading time":"5"},"schema":{"@context":"https:\/\/schema.org","@graph":[{"@type":"WebPage","@id":"https:\/\/www.welovecycling.com\/hu\/orszaguti-kerekpar\/a-vuelta-a-espana-felvezeto-autoja-ahogy-javier-guillen-az-igazgato-latja\/","url":"https:\/\/www.welovecycling.com\/hu\/orszaguti-kerekpar\/a-vuelta-a-espana-felvezeto-autoja-ahogy-javier-guillen-az-igazgato-latja\/","name":"A Vuelta a Espa\u00f1a felvezet\u0151 aut\u00f3ja, ahogy Javier Guill\u00e9n, az igazgat\u00f3 l\u00e1tja","isPartOf":{"@id":"https:\/\/www.welovecycling.com\/hu\/#website"},"primaryImageOfPage":{"@id":"https:\/\/www.welovecycling.com\/hu\/orszaguti-kerekpar\/a-vuelta-a-espana-felvezeto-autoja-ahogy-javier-guillen-az-igazgato-latja\/#primaryimage"},"image":{"@id":"https:\/\/www.welovecycling.com\/hu\/orszaguti-kerekpar\/a-vuelta-a-espana-felvezeto-autoja-ahogy-javier-guillen-az-igazgato-latja\/#primaryimage"},"thumbnailUrl":"https:\/\/d2p6e6u75xmxt8.cloudfront.net\/12\/2022\/09\/SKODA-ENYAQ-iV-La-Vuelta-CVR.jpg","datePublished":"2022-09-12T06:00:39+00:00","author":{"@id":"https:\/\/www.welovecycling.com\/hu\/#\/schema\/person\/414a2aebf1801691a5320edb6468e194"},"description":"A La Vuelta megrendez\u00e9s\u00e9hez minden \u00e9vben rengeteg aut\u00f3 sz\u00fcks\u00e9ges, egy viszont kiemelkedett a rajtvonaln\u00e1l, Utrechtben, 2022. augusztus 18-\u00e1n. A jellegzetes felvezet\u0151 aut\u00f3t egyedi matric\u00e1kkal \u00e9s kieg\u00e9sz\u00edt\u0151kkel ruh\u00e1zt\u00e1k fel, \u00edgy lett a mez\u0151ny f\u00e9nyes jelz\u0151l\u00e1mp\u00e1ja, ami \u00e1tvezet a Grand Tour z\u0171rzavar\u00e1n. Azzal az emberrel besz\u00e9lgett\u00fcnk, aki a lehet\u0151 legjobban ismeri ezt az aut\u00f3t: a La Vuelta versenyigazgat\u00f3j\u00e1val, Javier Guill\u00e9nnel.","breadcrumb":{"@id":"https:\/\/www.welovecycling.com\/hu\/orszaguti-kerekpar\/a-vuelta-a-espana-felvezeto-autoja-ahogy-javier-guillen-az-igazgato-latja\/#breadcrumb"},"inLanguage":"hu","potentialAction":[{"@type":"ReadAction","target":["https:\/\/www.welovecycling.com\/hu\/orszaguti-kerekpar\/a-vuelta-a-espana-felvezeto-autoja-ahogy-javier-guillen-az-igazgato-latja\/"]}]},{"@type":"ImageObject","inLanguage":"hu","@id":"https:\/\/www.welovecycling.com\/hu\/orszaguti-kerekpar\/a-vuelta-a-espana-felvezeto-autoja-ahogy-javier-guillen-az-igazgato-latja\/#primaryimage","url":"https:\/\/d2p6e6u75xmxt8.cloudfront.net\/12\/2022\/09\/SKODA-ENYAQ-iV-La-Vuelta-CVR.jpg","contentUrl":"https:\/\/d2p6e6u75xmxt8.cloudfront.net\/12\/2022\/09\/SKODA-ENYAQ-iV-La-Vuelta-CVR.jpg","width":990,"height":660,"caption":"La Vuelta \u0161koda ENYAQ iV"},{"@type":"BreadcrumbList","@id":"https:\/\/www.welovecycling.com\/hu\/orszaguti-kerekpar\/a-vuelta-a-espana-felvezeto-autoja-ahogy-javier-guillen-az-igazgato-latja\/#breadcrumb","itemListElement":[{"@type":"ListItem","position":1,"name":"Home","item":"https:\/\/www.welovecycling.com\/hu\/"},{"@type":"ListItem","position":2,"name":"A Vuelta a Espa\u00f1a felvezet\u0151 aut\u00f3ja, ahogy Javier Guill\u00e9n, az igazgat\u00f3 l\u00e1tja"}]},{"@type":"WebSite","@id":"https:\/\/www.welovecycling.com\/hu\/#website","url":"https:\/\/www.welovecycling.com\/hu\/","name":"\u0160koda We Love Cycling - Magyarorsz\u00e1g","description":"\u0160koda WeLoveCycling","potentialAction":[{"@type":"SearchAction","target":{"@type":"EntryPoint","urlTemplate":"https:\/\/www.welovecycling.com\/hu\/?s={search_term_string}"},"query-input":{"@type":"PropertyValueSpecification","valueRequired":true,"valueName":"search_term_string"}}],"inLanguage":"hu"},{"@type":"Person","@id":"https:\/\/www.welovecycling.com\/hu\/#\/schema\/person\/414a2aebf1801691a5320edb6468e194","name":"hegyizs","image":{"@type":"ImageObject","inLanguage":"hu","@id":"https:\/\/www.welovecycling.com\/hu\/#\/schema\/person\/image\/","url":"https:\/\/secure.gravatar.com\/avatar\/02cf8a7906b8cf90cecb4679defac7cfd33a1c2e3b88e4903d947f3bb58eedd3?s=96&d=mm&r=g","contentUrl":"https:\/\/secure.gravatar.com\/avatar\/02cf8a7906b8cf90cecb4679defac7cfd33a1c2e3b88e4903d947f3bb58eedd3?s=96&d=mm&r=g","caption":"hegyizs"},"url":"https:\/\/www.welovecycling.com\/hu\/author\/hegyizs\/"}]}},"_links":{"self":[{"href":"https:\/\/www.welovecycling.com\/hu\/wp-json\/wp\/v2\/posts\/15752","targetHints":{"allow":["GET"]}}],"collection":[{"href":"https:\/\/www.welovecycling.com\/hu\/wp-json\/wp\/v2\/posts"}],"about":[{"href":"https:\/\/www.welovecycling.com\/hu\/wp-json\/wp\/v2\/types\/post"}],"author":[{"embeddable":true,"href":"https:\/\/www.welovecycling.com\/hu\/wp-json\/wp\/v2\/users\/71"}],"replies":[{"embeddable":true,"href":"https:\/\/www.welovecycling.com\/hu\/wp-json\/wp\/v2\/comments?post=15752"}],"version-history":[{"count":2,"href":"https:\/\/www.welovecycling.com\/hu\/wp-json\/wp\/v2\/posts\/15752\/revisions"}],"predecessor-version":[{"id":15769,"href":"https:\/\/www.welovecycling.com\/hu\/wp-json\/wp\/v2\/posts\/15752\/revisions\/15769"}],"wp:featuredmedia":[{"embeddable":true,"href":"https:\/\/www.welovecycling.com\/hu\/wp-json\/wp\/v2\/media\/15755"}],"wp:attachment":[{"href":"https:\/\/www.welovecycling.com\/hu\/wp-json\/wp\/v2\/media?parent=15752"}],"wp:term":[{"taxonomy":"category","embeddable":true,"href":"https:\/\/www.welovecycling.com\/hu\/wp-json\/wp\/v2\/categories?post=15752"},{"taxonomy":"post_tag","embeddable":true,"href":"https:\/\/www.welovecycling.com\/hu\/wp-json\/wp\/v2\/tags?post=15752"},{"taxonomy":"global-categories","embeddable":true,"href":"https:\/\/www.welovecycling.com\/hu\/wp-json\/wp\/v2\/global-categories?post=15752"}],"curies":[{"name":"wp","href":"https:\/\/api.w.org\/{rel}","templated":true}]}}