{"id":15746,"date":"2022-09-08T13:19:29","date_gmt":"2022-09-08T11:19:29","guid":{"rendered":"https:\/\/www.welovecycling.com\/hu\/?p=15746"},"modified":"2022-09-08T13:19:29","modified_gmt":"2022-09-08T11:19:29","slug":"gyogyulj-fel-bajnok-primoz-roglic-kiesett-a-vueltarol","status":"publish","type":"post","link":"https:\/\/www.welovecycling.com\/hu\/orszaguti-kerekpar\/gyogyulj-fel-bajnok-primoz-roglic-kiesett-a-vueltarol\/","title":{"rendered":"\u201eGy\u00f3gyulj fel, bajnok!\u201d Primo\u017e Rogli\u010d kiesett a Vuelt\u00e1r\u00f3l"},"content":{"rendered":"<p><strong>A szlov\u00e9n tehets\u00e9g k\u00e9nytelen volt feladni a spanyol versenyt a 16. szakaszon t\u00f6rt\u00e9nt balesetben elszenvedett s\u00e9r\u00fcl\u00e9sei miatt. A h\u00e1romszoros gy\u0151ztes 2,5 kilom\u00e9terrel az etap v\u00e9ge el\u0151tt sz\u00f6kni pr\u00f3b\u00e1lt, de elesett. A finis ut\u00e1n l\u00e1tszott, hogy v\u00e9rzik a l\u00e1ba.<\/strong><\/p>\n<p><!--more--><\/p>\n<p>Tegnap reggel jelentette be a Jumbo-Visma, hogy Rogli\u010d nem \u00e1ll rajthoz a 17. szakaszon: <em>\u201eGy\u00f3gyulj fel hamar, bajnok! K\u00f6sz\u00f6nj\u00fck a rengeteg sz\u00e9p pillanatot ezen a Vuelt\u00e1n. Ambici\u00f3zus terveid voltak az utols\u00f3 napokra, de sajnos m\u00e1shogy alakult\u201d<\/em> \u2013 \u00fczente neki a csapata.<\/p>\n<p>Rogli\u010d az \u00f6sszetett m\u00e1sodik hely\u00e9n \u00e1llt, 1:26-al lemaradva Remco Evenpoelt\u0151l (Quick-Step Alpha Vinyl). Lassan egyre k\u00f6zelebb ker\u00fclt a dobog\u00f3 els\u0151 fok\u00e1hoz. Sajnos nem ez az els\u0151 baleset, ami megszak\u00edtja az idei szezonj\u00e1t. A Tour \u00f6t\u00f6dik szakasz\u00e1n a 32 \u00e9ves j\u00e1t\u00e9kos el\u00fct\u00f6tt egy sz\u00e9nab\u00e1l\u00e1t, \u00e9s m\u00e1ris kiesett az es\u00e9lyesek k\u00f6z\u00fcl. K\u00e9s\u0151bb h\u00e1tf\u00e1j\u00e1s miatt k\u00e9nytelen volt feladni.<\/p>\n<p>Ha Rogli\u010d megnyerte volna ezt a Vuelt\u00e1t, \u0151 lett volna az els\u0151 versenyz\u0151 Miguel Indurain \u00f3ta, aki n\u00e9gy egym\u00e1st k\u00f6vet\u0151 alkalommal Grand Tour-t nyer, \u00e9s az els\u0151, aki mindezt a Vuelt\u00e1n teszi.<\/p>\n<p>Rem\u00e9lj\u00fck, hamar fel\u00e9p\u00fclsz, Primo\u017e!<\/p>\n","protected":false},"excerpt":{"rendered":"<p>A szlov\u00e9n tehets\u00e9g k\u00e9nytelen volt feladni a spanyol versenyt a 16. szakaszon t\u00f6rt\u00e9nt balesetben elszenvedett s\u00e9r\u00fcl\u00e9sei miatt. A h\u00e1romszoros gy\u0151ztes [&hellip;]<\/p>\n","protected":false},"author":145,"featured_media":15747,"comment_status":"open","ping_status":"open","sticky":false,"template":"","format":"standard","meta":{"footnotes":""},"categories":[8],"tags":[],"global-categories":[419],"class_list":["post-15746","post","type-post","status-publish","format-standard","has-post-thumbnail","hentry","category-orszaguti-kerekpar","global-categories-cycling"],"yoast_head":"<!-- This site is optimized with the Yoast SEO Premium plugin v25.3 (Yoast SEO v25.9) - https:\/\/yoast.com\/wordpress\/plugins\/seo\/ -->\n<title>\u201eGy\u00f3gyulj fel, bajnok!\u201d Primo\u017e Rogli\u010d kiesett a Vuelt\u00e1r\u00f3l - \u0160koda We Love Cycling - Magyarorsz\u00e1g<\/title>\n<meta name=\"robots\" content=\"index, follow, max-snippet:-1, max-image-preview:large, max-video-preview:-1\" \/>\n<link rel=\"canonical\" href=\"https:\/\/www.welovecycling.com\/hu\/orszaguti-kerekpar\/gyogyulj-fel-bajnok-primoz-roglic-kiesett-a-vueltarol\/\" \/>\n<meta property=\"og:locale\" content=\"hu_HU\" \/>\n<meta property=\"og:type\" content=\"article\" \/>\n<meta property=\"og:title\" content=\"\u201eGy\u00f3gyulj fel, bajnok!\u201d Primo\u017e Rogli\u010d kiesett a Vuelt\u00e1r\u00f3l\" \/>\n<meta property=\"og:description\" content=\"A szlov\u00e9n tehets\u00e9g k\u00e9nytelen volt feladni a spanyol versenyt a 16. szakaszon t\u00f6rt\u00e9nt balesetben elszenvedett s\u00e9r\u00fcl\u00e9sei miatt. A h\u00e1romszoros gy\u0151ztes [&hellip;]\" \/>\n<meta property=\"og:url\" content=\"https:\/\/www.welovecycling.com\/hu\/orszaguti-kerekpar\/gyogyulj-fel-bajnok-primoz-roglic-kiesett-a-vueltarol\/\" \/>\n<meta property=\"og:site_name\" content=\"\u0160koda We Love Cycling - Magyarorsz\u00e1g\" \/>\n<meta property=\"article:publisher\" content=\"https:\/\/www.facebook.com\/WeLoveCyclingHungary\/\" \/>\n<meta property=\"article:published_time\" content=\"2022-09-08T11:19:29+00:00\" \/>\n<meta property=\"og:image\" content=\"https:\/\/d2p6e6u75xmxt8.cloudfront.net\/12\/2022\/09\/Primoz-Roglic-profimedia-0720025693-CVR.jpg\" \/>\n\t<meta property=\"og:image:width\" content=\"990\" \/>\n\t<meta property=\"og:image:height\" content=\"660\" \/>\n\t<meta property=\"og:image:type\" content=\"image\/jpeg\" \/>\n<meta name=\"author\" content=\"kitti\" \/>\n<meta name=\"twitter:card\" content=\"summary_large_image\" \/>\n<meta name=\"twitter:label1\" content=\"Written by\" \/>\n\t<meta name=\"twitter:data1\" content=\"We Love Cycling\" \/>\n\t<meta name=\"twitter:label2\" content=\"Est. reading time\" \/>\n\t<meta name=\"twitter:data2\" content=\"1 minute\" \/>\n<script type=\"application\/ld+json\" class=\"yoast-schema-graph\">{\"@context\":\"https:\/\/schema.org\",\"@graph\":[{\"@type\":\"WebPage\",\"@id\":\"https:\/\/www.welovecycling.com\/hu\/orszaguti-kerekpar\/gyogyulj-fel-bajnok-primoz-roglic-kiesett-a-vueltarol\/\",\"url\":\"https:\/\/www.welovecycling.com\/hu\/orszaguti-kerekpar\/gyogyulj-fel-bajnok-primoz-roglic-kiesett-a-vueltarol\/\",\"name\":\"\u201eGy\u00f3gyulj fel, bajnok!\u201d Primo\u017e Rogli\u010d kiesett a Vuelt\u00e1r\u00f3l - \u0160koda We Love Cycling - Magyarorsz\u00e1g\",\"isPartOf\":{\"@id\":\"https:\/\/www.welovecycling.com\/hu\/#website\"},\"primaryImageOfPage\":{\"@id\":\"https:\/\/www.welovecycling.com\/hu\/orszaguti-kerekpar\/gyogyulj-fel-bajnok-primoz-roglic-kiesett-a-vueltarol\/#primaryimage\"},\"image\":{\"@id\":\"https:\/\/www.welovecycling.com\/hu\/orszaguti-kerekpar\/gyogyulj-fel-bajnok-primoz-roglic-kiesett-a-vueltarol\/#primaryimage\"},\"thumbnailUrl\":\"https:\/\/d2p6e6u75xmxt8.cloudfront.net\/12\/2022\/09\/Primoz-Roglic-profimedia-0720025693-CVR.jpg\",\"datePublished\":\"2022-09-08T11:19:29+00:00\",\"author\":{\"@id\":\"https:\/\/www.welovecycling.com\/hu\/#\/schema\/person\/bec7dcdbcc59f58489cf603e4040ced1\"},\"breadcrumb\":{\"@id\":\"https:\/\/www.welovecycling.com\/hu\/orszaguti-kerekpar\/gyogyulj-fel-bajnok-primoz-roglic-kiesett-a-vueltarol\/#breadcrumb\"},\"inLanguage\":\"hu\",\"potentialAction\":[{\"@type\":\"ReadAction\",\"target\":[\"https:\/\/www.welovecycling.com\/hu\/orszaguti-kerekpar\/gyogyulj-fel-bajnok-primoz-roglic-kiesett-a-vueltarol\/\"]}]},{\"@type\":\"ImageObject\",\"inLanguage\":\"hu\",\"@id\":\"https:\/\/www.welovecycling.com\/hu\/orszaguti-kerekpar\/gyogyulj-fel-bajnok-primoz-roglic-kiesett-a-vueltarol\/#primaryimage\",\"url\":\"https:\/\/d2p6e6u75xmxt8.cloudfront.net\/12\/2022\/09\/Primoz-Roglic-profimedia-0720025693-CVR.jpg\",\"contentUrl\":\"https:\/\/d2p6e6u75xmxt8.cloudfront.net\/12\/2022\/09\/Primoz-Roglic-profimedia-0720025693-CVR.jpg\",\"width\":990,\"height\":660},{\"@type\":\"BreadcrumbList\",\"@id\":\"https:\/\/www.welovecycling.com\/hu\/orszaguti-kerekpar\/gyogyulj-fel-bajnok-primoz-roglic-kiesett-a-vueltarol\/#breadcrumb\",\"itemListElement\":[{\"@type\":\"ListItem\",\"position\":1,\"name\":\"Home\",\"item\":\"https:\/\/www.welovecycling.com\/hu\/\"},{\"@type\":\"ListItem\",\"position\":2,\"name\":\"\u201eGy\u00f3gyulj fel, bajnok!\u201d Primo\u017e Rogli\u010d kiesett a Vuelt\u00e1r\u00f3l\"}]},{\"@type\":\"WebSite\",\"@id\":\"https:\/\/www.welovecycling.com\/hu\/#website\",\"url\":\"https:\/\/www.welovecycling.com\/hu\/\",\"name\":\"\u0160koda We Love Cycling - Magyarorsz\u00e1g\",\"description\":\"\u0160koda WeLoveCycling\",\"potentialAction\":[{\"@type\":\"SearchAction\",\"target\":{\"@type\":\"EntryPoint\",\"urlTemplate\":\"https:\/\/www.welovecycling.com\/hu\/?s={search_term_string}\"},\"query-input\":{\"@type\":\"PropertyValueSpecification\",\"valueRequired\":true,\"valueName\":\"search_term_string\"}}],\"inLanguage\":\"hu\"},{\"@type\":\"Person\",\"@id\":\"https:\/\/www.welovecycling.com\/hu\/#\/schema\/person\/bec7dcdbcc59f58489cf603e4040ced1\",\"name\":\"kitti\",\"image\":{\"@type\":\"ImageObject\",\"inLanguage\":\"hu\",\"@id\":\"https:\/\/www.welovecycling.com\/hu\/#\/schema\/person\/image\/\",\"url\":\"https:\/\/secure.gravatar.com\/avatar\/e3196a110e1b57b96f56d92d10ce9bb4e9d7210076832a16243337e949410b52?s=96&d=mm&r=g\",\"contentUrl\":\"https:\/\/secure.gravatar.com\/avatar\/e3196a110e1b57b96f56d92d10ce9bb4e9d7210076832a16243337e949410b52?s=96&d=mm&r=g\",\"caption\":\"kitti\"},\"url\":\"https:\/\/www.welovecycling.com\/hu\/author\/kitti\/\"}]}<\/script>\n<!-- \/ Yoast SEO Premium plugin. -->","yoast_head_json":{"title":"\u201eGy\u00f3gyulj fel, bajnok!\u201d Primo\u017e Rogli\u010d kiesett a Vuelt\u00e1r\u00f3l - \u0160koda We Love Cycling - Magyarorsz\u00e1g","robots":{"index":"index","follow":"follow","max-snippet":"max-snippet:-1","max-image-preview":"max-image-preview:large","max-video-preview":"max-video-preview:-1"},"canonical":"https:\/\/www.welovecycling.com\/hu\/orszaguti-kerekpar\/gyogyulj-fel-bajnok-primoz-roglic-kiesett-a-vueltarol\/","og_locale":"hu_HU","og_type":"article","og_title":"\u201eGy\u00f3gyulj fel, bajnok!\u201d Primo\u017e Rogli\u010d kiesett a Vuelt\u00e1r\u00f3l","og_description":"A szlov\u00e9n tehets\u00e9g k\u00e9nytelen volt feladni a spanyol versenyt a 16. szakaszon t\u00f6rt\u00e9nt balesetben elszenvedett s\u00e9r\u00fcl\u00e9sei miatt. A h\u00e1romszoros gy\u0151ztes [&hellip;]","og_url":"https:\/\/www.welovecycling.com\/hu\/orszaguti-kerekpar\/gyogyulj-fel-bajnok-primoz-roglic-kiesett-a-vueltarol\/","og_site_name":"\u0160koda We Love Cycling - Magyarorsz\u00e1g","article_publisher":"https:\/\/www.facebook.com\/WeLoveCyclingHungary\/","article_published_time":"2022-09-08T11:19:29+00:00","og_image":[{"width":990,"height":660,"url":"https:\/\/d2p6e6u75xmxt8.cloudfront.net\/12\/2022\/09\/Primoz-Roglic-profimedia-0720025693-CVR.jpg","type":"image\/jpeg"}],"author":"kitti","twitter_card":"summary_large_image","twitter_misc":{"Written by":"We Love Cycling","Est. reading time":"1 minute"},"schema":{"@context":"https:\/\/schema.org","@graph":[{"@type":"WebPage","@id":"https:\/\/www.welovecycling.com\/hu\/orszaguti-kerekpar\/gyogyulj-fel-bajnok-primoz-roglic-kiesett-a-vueltarol\/","url":"https:\/\/www.welovecycling.com\/hu\/orszaguti-kerekpar\/gyogyulj-fel-bajnok-primoz-roglic-kiesett-a-vueltarol\/","name":"\u201eGy\u00f3gyulj fel, bajnok!\u201d Primo\u017e Rogli\u010d kiesett a Vuelt\u00e1r\u00f3l - \u0160koda We Love Cycling - Magyarorsz\u00e1g","isPartOf":{"@id":"https:\/\/www.welovecycling.com\/hu\/#website"},"primaryImageOfPage":{"@id":"https:\/\/www.welovecycling.com\/hu\/orszaguti-kerekpar\/gyogyulj-fel-bajnok-primoz-roglic-kiesett-a-vueltarol\/#primaryimage"},"image":{"@id":"https:\/\/www.welovecycling.com\/hu\/orszaguti-kerekpar\/gyogyulj-fel-bajnok-primoz-roglic-kiesett-a-vueltarol\/#primaryimage"},"thumbnailUrl":"https:\/\/d2p6e6u75xmxt8.cloudfront.net\/12\/2022\/09\/Primoz-Roglic-profimedia-0720025693-CVR.jpg","datePublished":"2022-09-08T11:19:29+00:00","author":{"@id":"https:\/\/www.welovecycling.com\/hu\/#\/schema\/person\/bec7dcdbcc59f58489cf603e4040ced1"},"breadcrumb":{"@id":"https:\/\/www.welovecycling.com\/hu\/orszaguti-kerekpar\/gyogyulj-fel-bajnok-primoz-roglic-kiesett-a-vueltarol\/#breadcrumb"},"inLanguage":"hu","potentialAction":[{"@type":"ReadAction","target":["https:\/\/www.welovecycling.com\/hu\/orszaguti-kerekpar\/gyogyulj-fel-bajnok-primoz-roglic-kiesett-a-vueltarol\/"]}]},{"@type":"ImageObject","inLanguage":"hu","@id":"https:\/\/www.welovecycling.com\/hu\/orszaguti-kerekpar\/gyogyulj-fel-bajnok-primoz-roglic-kiesett-a-vueltarol\/#primaryimage","url":"https:\/\/d2p6e6u75xmxt8.cloudfront.net\/12\/2022\/09\/Primoz-Roglic-profimedia-0720025693-CVR.jpg","contentUrl":"https:\/\/d2p6e6u75xmxt8.cloudfront.net\/12\/2022\/09\/Primoz-Roglic-profimedia-0720025693-CVR.jpg","width":990,"height":660},{"@type":"BreadcrumbList","@id":"https:\/\/www.welovecycling.com\/hu\/orszaguti-kerekpar\/gyogyulj-fel-bajnok-primoz-roglic-kiesett-a-vueltarol\/#breadcrumb","itemListElement":[{"@type":"ListItem","position":1,"name":"Home","item":"https:\/\/www.welovecycling.com\/hu\/"},{"@type":"ListItem","position":2,"name":"\u201eGy\u00f3gyulj fel, bajnok!\u201d Primo\u017e Rogli\u010d kiesett a Vuelt\u00e1r\u00f3l"}]},{"@type":"WebSite","@id":"https:\/\/www.welovecycling.com\/hu\/#website","url":"https:\/\/www.welovecycling.com\/hu\/","name":"\u0160koda We Love Cycling - Magyarorsz\u00e1g","description":"\u0160koda WeLoveCycling","potentialAction":[{"@type":"SearchAction","target":{"@type":"EntryPoint","urlTemplate":"https:\/\/www.welovecycling.com\/hu\/?s={search_term_string}"},"query-input":{"@type":"PropertyValueSpecification","valueRequired":true,"valueName":"search_term_string"}}],"inLanguage":"hu"},{"@type":"Person","@id":"https:\/\/www.welovecycling.com\/hu\/#\/schema\/person\/bec7dcdbcc59f58489cf603e4040ced1","name":"kitti","image":{"@type":"ImageObject","inLanguage":"hu","@id":"https:\/\/www.welovecycling.com\/hu\/#\/schema\/person\/image\/","url":"https:\/\/secure.gravatar.com\/avatar\/e3196a110e1b57b96f56d92d10ce9bb4e9d7210076832a16243337e949410b52?s=96&d=mm&r=g","contentUrl":"https:\/\/secure.gravatar.com\/avatar\/e3196a110e1b57b96f56d92d10ce9bb4e9d7210076832a16243337e949410b52?s=96&d=mm&r=g","caption":"kitti"},"url":"https:\/\/www.welovecycling.com\/hu\/author\/kitti\/"}]}},"_links":{"self":[{"href":"https:\/\/www.welovecycling.com\/hu\/wp-json\/wp\/v2\/posts\/15746","targetHints":{"allow":["GET"]}}],"collection":[{"href":"https:\/\/www.welovecycling.com\/hu\/wp-json\/wp\/v2\/posts"}],"about":[{"href":"https:\/\/www.welovecycling.com\/hu\/wp-json\/wp\/v2\/types\/post"}],"author":[{"embeddable":true,"href":"https:\/\/www.welovecycling.com\/hu\/wp-json\/wp\/v2\/users\/145"}],"replies":[{"embeddable":true,"href":"https:\/\/www.welovecycling.com\/hu\/wp-json\/wp\/v2\/comments?post=15746"}],"version-history":[{"count":1,"href":"https:\/\/www.welovecycling.com\/hu\/wp-json\/wp\/v2\/posts\/15746\/revisions"}],"predecessor-version":[{"id":15748,"href":"https:\/\/www.welovecycling.com\/hu\/wp-json\/wp\/v2\/posts\/15746\/revisions\/15748"}],"wp:featuredmedia":[{"embeddable":true,"href":"https:\/\/www.welovecycling.com\/hu\/wp-json\/wp\/v2\/media\/15747"}],"wp:attachment":[{"href":"https:\/\/www.welovecycling.com\/hu\/wp-json\/wp\/v2\/media?parent=15746"}],"wp:term":[{"taxonomy":"category","embeddable":true,"href":"https:\/\/www.welovecycling.com\/hu\/wp-json\/wp\/v2\/categories?post=15746"},{"taxonomy":"post_tag","embeddable":true,"href":"https:\/\/www.welovecycling.com\/hu\/wp-json\/wp\/v2\/tags?post=15746"},{"taxonomy":"global-categories","embeddable":true,"href":"https:\/\/www.welovecycling.com\/hu\/wp-json\/wp\/v2\/global-categories?post=15746"}],"curies":[{"name":"wp","href":"https:\/\/api.w.org\/{rel}","templated":true}]}}