{"id":15726,"date":"2022-09-08T08:00:47","date_gmt":"2022-09-08T06:00:47","guid":{"rendered":"https:\/\/www.welovecycling.com\/hu\/?p=15726"},"modified":"2022-09-02T14:57:13","modified_gmt":"2022-09-02T12:57:13","slug":"az-ego-lab-szindroma-magyarazata","status":"publish","type":"post","link":"https:\/\/www.welovecycling.com\/hu\/edzes-es-eletmod\/az-ego-lab-szindroma-magyarazata\/","title":{"rendered":"Az \u00e9g\u0151 l\u00e1b szindr\u00f3ma magyar\u00e1zata"},"content":{"rendered":"<p><strong>Ha valaha is \u00e9rezt\u00e9l m\u00e1r hirtelen \u00e9g\u0151 \u00e9rz\u00e9st a l\u00e1badban bicikliz\u00e9s k\u00f6zben, akkor val\u00f3sz\u00edn\u0171leg hazat\u00e9rve egy internetes kutat\u00e1s sor\u00e1n tal\u00e1lkozt\u00e1l az &#8220;\u00e9g\u0151 l\u00e1b&#8221; kifejez\u00e9ssel. Ez sajnos gyakori probl\u00e9ma, amely leggyakrabban a h\u00e1rom\u00f3r\u00e1s vagy ann\u00e1l hosszabb teker\u00e9sek sor\u00e1n szokott felbukkanni. A jelens\u00e9g \u2013 melynek els\u0151dleges oka a l\u00e1bak duzzad\u00e1si hajlama \u2013 m\u00e1r r\u00e9g\u00f3ta s\u00fajtja a ker\u00e9kp\u00e1rosokat, t\u00far\u00e1z\u00f3kat \u00e9s a hossz\u00fat\u00e1v\u00fa bicikliz\u00e9sek h\u00edveit.<\/strong><\/p>\n<p><!--more--><\/p>\n<p>A folyamat elindul\u00e1s\u00e1val egy kellemetlen k\u00f6rforg\u00e1s veszi kezdet\u00e9t. A cip\u0151dben keletkez\u0151 nyom\u00e1s egyre n\u00f6vekszik, ami pedig nyom\u00e1st gyakorol az idegekre. Ennek v\u00e9geredm\u00e9nye a talpboltozatban megjelen\u0151 \u00e9g\u0151 \u00e9rz\u00e9s, valamint a l\u00e1bujjak bizserg\u00e9se vagy zsibbad\u00e1sa. Bizonyos esetekben a jelens\u00e9g s\u00falyosabb \u2013 Morton-neuroma \u2013 szint\u0171 \u00e1llapotot is eredm\u00e9nyezhet, ez\u00e9rt fontos odafigyelned a tested jelz\u00e9seire. Most sz\u00e1njunk egy kis id\u0151t erre \u00e9s \u00e1ssuk bele magunkat az \u00e9g\u0151 l\u00e1b t\u00e9mak\u00f6r\u00e9be, hogy megtudjuk, mit tehetnek a ker\u00e9kp\u00e1rosok saj\u00e1t maguk v\u00e9delme \u00e9rdek\u00e9ben, hogy a bicikliz\u00e9s egy kellemes tev\u00e9kenys\u00e9g maradhasson.<\/p>\n<h2><strong>Mi t\u00f6rt\u00e9nik a l\u00e1bamban?<\/strong><\/h2>\n<p>Ahogy azt a Blackberry Sports Injury Clinic r\u00e9szletezte:<\/p>\n<p><em>&#8220;A forr\u00f3, \u00e9g\u0151 \u00e9rz\u00e9s, a zsibbad\u00e1s \u00e9s a f\u00e1jdalom a l\u00e1bujjakat ell\u00e1t\u00f3 idegekb\u0151l ered. Az idegeknek a l\u00e1bk\u00f6z\u00e9pcsontok (l\u00e1bfejcsontok) \u00e9s a l\u00e1bk\u00f6z\u00e9pcsontfejek (a l\u00e1bfej &#8220;b\u00fctykei&#8221; vagy a talp-boka) k\u00f6z\u00f6tti sz\u0171k t\u00e9ren kell \u00e1thaladniuk, ahol leggyakrabban a talpbet\u00e9teket helyezz\u00fck el. Az egyik vagy mindk\u00e9t l\u00e1bfejben l\u00e9v\u0151 idegekre gyakorolt nyom\u00e1snak \u00e9s azok \u00f6sszenyom\u00f3d\u00e1s\u00e1nak kombin\u00e1ci\u00f3ja v\u00e1ltja ki a t\u00fcneteket. R\u00e1ad\u00e1sul a rugalmatlan cip\u0151 visel\u00e9se, amelyben a l\u00e1bad megduzzad (ami tov\u00e1bb nyomja az idegeket), m\u00e9g ink\u00e1bb bonyol\u00edtja a dolgot. \u00c1ltal\u00e1ban min\u00e9l hosszabb ideig tart a bicikliz\u00e9s, ann\u00e1l rosszabb a helyzet.<\/em><\/p>\n<p><em>Tegy\u00fck fel, hogy a t\u00fcnetek az egyik l\u00e1bra korl\u00e1toz\u00f3dnak, \u00e9s a f\u00e1jdalom a ker\u00e9kp\u00e1roz\u00e1s ut\u00e1n is fenn\u00e1ll. Ebben az esetben nagyon gyakran &#8220;Morton-neur\u00f3ma&#8221; &#8211; j\u00f3indulat\u00fa duzzanat alakul ki az egyik talpi ideg k\u00f6r\u00fcl, amely a l\u00e1bk\u00f6z\u00e9pcsont k\u00f6z\u00f6tti \u00f6sszenyom\u00f3d\u00e1s\u00e1val f\u00e1jdalmat gener\u00e1l. A Morton-neur\u00f3ma a l\u00e1bujjakhoz vezet\u0151 egyik ideg k\u00f6r\u00fcli sz\u00f6vet megvastagod\u00e1s\u00e1t jelenti. Ez \u00e9les, \u00e9g\u0151 f\u00e1jdalmat okozhat a talpbegyben. Az \u00e9rintett l\u00e1bujjakban pedig sz\u00far\u00f3, \u00e9get\u0151 vagy zsibbad\u00f3 \u00e9rz\u00e9s jelentkezhet.&#8221;<\/em><\/p>\n<h2><strong>Hogyan sz\u00fcntethetem meg a f\u00e1jdalmat \u00e9s az \u00e9g\u0151 \u00e9rz\u00e9st?<\/strong><\/h2>\n<p>T\u00e9rj\u00fcnk r\u00e1 a fontos r\u00e9szre \u2013 hogyan szabadulj meg ett\u0151l a kellemetlen (\u00e9s meglehet\u0151sen vesz\u00e9lyes) \u00e9rz\u00e9st\u0151l. A megold\u00e1s \u00e1ltal\u00e1ban azzal f\u00fcgg \u00f6ssze, hogy t\u00f6bb teret adunk a l\u00e1bidegeknek, vagy enyh\u00edtj\u00fck a nyom\u00e1st a l\u00e1b k\u00f6r\u00fcl.<\/p>\n<p>S\u00falyosabb esetekben, bele\u00e9rtve a Morton-neur\u00f3m\u00e1t is, speci\u00e1lis kezel\u00e9sekre vagy t\u00f6bbf\u00e9le kezel\u00e9s kombin\u00e1ci\u00f3j\u00e1ra lehet sz\u00fcks\u00e9g a probl\u00e9ma megold\u00e1s\u00e1hoz \u2013 ak\u00e1r gyullad\u00e1scs\u00f6kkent\u0151 f\u00e1jdalomcsillap\u00edt\u00e1s, szteroid injekci\u00f3, cip\u0151bet\u00e9t mindennapos haszn\u00e1lata, \u00e9s esetenk\u00e9nt a kimetsz\u00e9s.<\/p>\n<h2><strong>*Megjegyz\u00e9s a bring\u00e1z\u00e1s ut\u00e1ni rutinodhoz<\/strong><\/h2>\n<p>A ker\u00e9kp\u00e1roz\u00e1st k\u00f6vet\u0151en tehetsz n\u00e9h\u00e1ny l\u00e9p\u00e9st a l\u00e1baid eg\u00e9szs\u00e9g\u00e9nek meg\u0151rz\u00e9se \u00e9rdek\u00e9ben, hogy megk\u00f6sz\u00f6nd nekik a kem\u00e9ny munk\u00e1t. P\u00e9ld\u00e1ul egy fagyasztott vizes palackot \u00e1tg\u00f6rgetve a talpadon, hozz\u00e1j\u00e1rulhatsz a l\u00e1bad gyorsabb regener\u00e1l\u00f3d\u00e1s\u00e1hoz. Ezen k\u00edv\u00fcl a kezeddel vagy egy teniszlabd\u00e1val v\u00e9gzett gyeng\u00e9d massz\u00e1zs enyh\u00edtheti a kellemetlen \u00e9rz\u00e9st, jav\u00edthatja a v\u00e9rkering\u00e9st \u00e9s cs\u00f6kkentheti a duzzanatot. A legfontosabb azonban az, hogy megfelel\u0151en felk\u00e9sz\u00fclj, miel\u0151tt biciklizni indulsz.<\/p>\n<figure id=\"attachment_15727\" aria-describedby=\"caption-attachment-15727\" style=\"width: 1000px\" class=\"wp-caption alignnone\"><a href=\"https:\/\/d2p6e6u75xmxt8.cloudfront.net\/12\/2022\/09\/Legs-recovery-profimedia-0616061818.jpg\"><img loading=\"lazy\" decoding=\"async\" class=\"wp-image-15727 size-full\" src=\"https:\/\/d2p6e6u75xmxt8.cloudfront.net\/12\/2022\/09\/Legs-recovery-profimedia-0616061818.jpg\" alt=\"Relaxing after a ride\" width=\"1000\" height=\"666\" srcset=\"https:\/\/d2p6e6u75xmxt8.cloudfront.net\/12\/2022\/09\/Legs-recovery-profimedia-0616061818.jpg 1000w, https:\/\/d2p6e6u75xmxt8.cloudfront.net\/12\/2022\/09\/Legs-recovery-profimedia-0616061818-300x200.jpg 300w, https:\/\/d2p6e6u75xmxt8.cloudfront.net\/12\/2022\/09\/Legs-recovery-profimedia-0616061818-768x511.jpg 768w, https:\/\/d2p6e6u75xmxt8.cloudfront.net\/12\/2022\/09\/Legs-recovery-profimedia-0616061818-272x182.jpg 272w\" sizes=\"auto, (max-width: 1000px) 100vw, 1000px\" \/><\/a><figcaption id=\"caption-attachment-15727\" class=\"wp-caption-text\"><em>Vigy\u00e1zz a l\u00e1badra!<\/em><\/figcaption><\/figure>\n<h2><strong>Milyen el\u0151k\u00e9sz\u00fcleteket tegy\u00e9l az eg\u00e9szs\u00e9ges \u00e9s boldog l\u00e1bak \u00e9rdek\u00e9ben?<\/strong><\/h2>\n<h4><strong>1. Biztos\u00edts nekik elegend\u0151 helyet<\/strong><\/h4>\n<p>Ahogy fentebb eml\u00edtett\u00fck, az els\u0151 sz\u00e1m\u00fa teend\u0151, hogy megsz\u00fcntess\u00fck a nyom\u00e1st az idegeken. Ha sz\u00e9lesebb, t\u00e1gasabb cip\u0151t v\u00e1lasztasz, amelynek el\u00fcls\u0151 r\u00e9sz\u00e9n t\u00f6bb a hely, megakad\u00e1lyozhatod, hogy a l\u00e1bad \u00f6sszenyom\u00f3djon, \u00e9s az idegek \u00f6sszeszoruljanak. Szint\u00e9n seg\u00edthet elker\u00fclni a probl\u00e9m\u00e1t, ha a pihen\u0151k alkalm\u00e1val laz\u00edtasz a p\u00e1ntokon, vagy ak\u00e1r n\u00e9h\u00e1ny percre le is veszed a cip\u0151det.<\/p>\n<p>Ne feledd, hogy a legt\u00f6bb h\u00e1rom p\u00e1ntos orsz\u00e1g\u00fati cip\u0151 eset\u00e9ben els\u0151sorban a bok\u00e1hoz legk\u00f6zelebbi fels\u0151 p\u00e1nt ny\u00fajtja a legnagyobb biztons\u00e1got ped\u00e1loz\u00e1s k\u00f6zben. Ezt szorosan becsatolva tarthatod, mert ez van a legelhanyagolhat\u00f3bb hat\u00e1ssal az el\u00fcls\u0151 l\u00e1bfej nyom\u00e1s\u00e1ra. Az als\u00f3 p\u00e1ntok m\u00e1r okozhatnak probl\u00e9m\u00e1t, de a fentiek alapj\u00e1n ezek an\u00e9lk\u00fcl laz\u00edthat\u00f3k, hogy az k\u00e1ros hat\u00e1ssal lenne a ped\u00e1loz\u00e1s hat\u00e9konys\u00e1g\u00e1ra.<\/p>\n<h4><strong>2. Ellen\u0151rizd a talpbet\u00e9teket<\/strong><\/h4>\n<p>Lehet, hogy eddig k\u00e9nyelmes volt a cip\u0151d, de hirtelen f\u00e1jni kezd a l\u00e1bad. Ebben az esetben ellen\u0151rizned kell a jelenlegi talpbet\u00e9tedet, hogy nincsenek-e benne szab\u00e1lytalans\u00e1gok. P\u00e9ld\u00e1ul lehet, hogy a bet\u00e9t r\u00f6gz\u00edt\u0151csavarai belenyom\u00f3dnak a l\u00e1bfejbe, ami kellemetlens\u00e9geket okozhat.<\/p>\n<p>Ha azonban a probl\u00e9ma tov\u00e1bbra is fenn\u00e1ll, keress olyan term\u00e9ket, amelynek van l\u00e1bk\u00f6z\u00e9pcsont-tehermentes\u00edt\u0151 r\u00e9sze \u2013 egy kis kiemelked\u0151 ter\u00fclet k\u00f6zvetlen\u00fcl, amely sz\u00e9th\u00fazza a l\u00e1bk\u00f6z\u00e9pcsontfejeket, \u00e9s enyh\u00edti az idegekre nehezed\u0151 nyom\u00e1st. Ezek a min\u0151s\u00e9gi talpbet\u00e9tek p\u00e1rn\u00e1zottabbak is.<\/p>\n<p>Ha \u00e9pp egy t\u00far\u00e1n vagy, \u00e9s m\u00e1r nagyon szenvedsz, egy k\u00f6zeli gy\u00f3gyszert\u00e1rban kaphat\u00f3 hab-vagy moleskin bet\u00e9t is seg\u00edthet. Csak ne feledd, hogy a talpbet\u00e9tet k\u00f6zvetlen\u00fcl a l\u00e1bk\u00f6z\u00e9pcsontfejek m\u00f6g\u00e9, a talpboka melletti m\u00e9lyed\u00e9sbe kell behelyezni.<\/p>\n<h4><strong>3. V\u00e1laszd ki a megfelel\u0151 zoknit<\/strong><\/h4>\n<p>Nyilv\u00e1nval\u00f3nak t\u0171nhet, hogy a v\u00e9konyabb zoknik seg\u00edtenek a nyom\u00e1s enyh\u00edt\u00e9s\u00e9ben, de val\u00f3j\u00e1ban minden l\u00e1bfej m\u00e1s \u00e9s m\u00e1s. P\u00e9ld\u00e1ul a sov\u00e1ny, csontos l\u00e1baknak vastagabb zoknira lehet sz\u00fcks\u00e9g\u00fck a talpboltozat kip\u00e1rn\u00e1z\u00e1s\u00e1hoz, m\u00edg a nagyobb l\u00e1baknak a v\u00e9konyabb, kisebb helyet foglal\u00f3 zoknik lehetnek el\u0151ny\u00f6sek. Emellett a h\u0151szab\u00e1lyoz\u00f3 zoknik is seg\u00edthetnek az \u00e9g\u0151 l\u00e1b t\u00fcneteinek elker\u00fcl\u00e9s\u00e9ben.<\/p>\n<h4><strong>4. T\u00f6bbet \u00e9sszel, mint er\u0151vel<\/strong><\/h4>\n<p>Ha m\u00e1r kipr\u00f3b\u00e1ltad a fenti megold\u00e1sokat, \u00e9s m\u00e9g mindig fenn\u00e1ll a probl\u00e9ma, \u00e9rdemes lehet k\u00fcl\u00f6nb\u00f6z\u0151 platform ped\u00e1lokkal k\u00eds\u00e9rletezni. Ha p\u00e9ld\u00e1ul a jelenlegi be\u00e1ll\u00edt\u00e1sodat nagyobb platformra cser\u00e9led, el\u0151seg\u00edtheted a nyom\u00e1s egyenletesebb eloszl\u00e1s\u00e1t a l\u00e1badon. Vedd figyelembe, hogy p\u00e9ld\u00e1ul a hegyi ker\u00e9kp\u00e1roz\u00e1s \u00e9s a stoplis cip\u0151 hossz\u00fat\u00e1von k\u00fcl\u00f6n\u00f6sen rossz p\u00e1ros\u00edt\u00e1s lehet. K\u00e9nyelmesebb lesz, ha dedik\u00e1lt orsz\u00e1g\u00fati cip\u0151re- \u00e9s ped\u00e1lra v\u00e1ltasz.<\/p>\n<h4><strong>5. Ha k\u00e9ts\u00e9geid vannak, fordulj orvoshoz!<\/strong><\/h4>\n<p>Mint mindig, az \u00e1ltalunk ny\u00fajtott inform\u00e1ci\u00f3k hasznosak, de csup\u00e1n \u00e1ltal\u00e1nos \u00fatmutat\u00e1sk\u00e9nt szolg\u00e1lnak. Ha komoly f\u00e1jdalomt\u00f3l vagy tart\u00f3san fenn\u00e1ll\u00f3 \u00e9g\u0151 l\u00e1b-t\u00fcnetekt\u0151l szenvedsz, szakk\u00e9pzett orvos \u00e1ltal v\u00e9gzett vizsg\u00e1latra lehet sz\u00fcks\u00e9ged. Mint fentebb eml\u00edtett\u00fck, az \u00e9get\u0151 vagy bizserg\u0151 \u00e9rz\u00e9s valami komolyabbra utalhat, ez\u00e9rt ne habozz felkeresni az orvosodat, ha a l\u00e1bf\u00e1jdalom megakad\u00e1lyoz abban, hogy \u00e9lvezd a biciklin t\u00f6lt\u00f6tt id\u0151t!<\/p>\n","protected":false},"excerpt":{"rendered":"<p>Ha valaha is \u00e9rezt\u00e9l m\u00e1r hirtelen \u00e9g\u0151 \u00e9rz\u00e9st a l\u00e1badban bicikliz\u00e9s k\u00f6zben, akkor val\u00f3sz\u00edn\u0171leg hazat\u00e9rve egy internetes kutat\u00e1s sor\u00e1n tal\u00e1lkozt\u00e1l [&hellip;]<\/p>\n","protected":false},"author":71,"featured_media":15729,"comment_status":"open","ping_status":"open","sticky":false,"template":"","format":"standard","meta":{"footnotes":""},"categories":[6],"tags":[],"global-categories":[],"class_list":["post-15726","post","type-post","status-publish","format-standard","has-post-thumbnail","hentry","category-edzes-es-eletmod"],"yoast_head":"<!-- This site is optimized with the Yoast SEO Premium plugin v25.3 (Yoast SEO v25.9) - https:\/\/yoast.com\/wordpress\/plugins\/seo\/ -->\n<title>Az \u00e9g\u0151 l\u00e1b szindr\u00f3ma magyar\u00e1zata<\/title>\n<meta name=\"description\" content=\"Ha valaha is \u00e9rezt\u00e9l m\u00e1r hirtelen \u00e9g\u0151 \u00e9rz\u00e9st a l\u00e1badban bicikliz\u00e9s k\u00f6zben, akkor val\u00f3sz\u00edn\u0171leg hazat\u00e9rve egy internetes kutat\u00e1s sor\u00e1n tal\u00e1lkozt\u00e1l az &quot;\u00e9g\u0151 l\u00e1b&quot; kifejez\u00e9ssel. Ez sajnos gyakori probl\u00e9ma, amely leggyakrabban a h\u00e1rom\u00f3r\u00e1s vagy ann\u00e1l hosszabb teker\u00e9sek sor\u00e1n szokott felbukkanni. A jelens\u00e9g \u2013 melynek els\u0151dleges oka a l\u00e1bak duzzad\u00e1si hajlama \u2013 m\u00e1r r\u00e9g\u00f3ta s\u00fajtja a ker\u00e9kp\u00e1rosokat, t\u00far\u00e1z\u00f3kat \u00e9s a hossz\u00fat\u00e1v\u00fa bicikliz\u00e9sek h\u00edveit.\" \/>\n<meta name=\"robots\" content=\"index, follow, max-snippet:-1, max-image-preview:large, max-video-preview:-1\" \/>\n<link rel=\"canonical\" href=\"https:\/\/www.welovecycling.com\/hu\/edzes-es-eletmod\/az-ego-lab-szindroma-magyarazata\/\" \/>\n<meta property=\"og:locale\" content=\"hu_HU\" \/>\n<meta property=\"og:type\" content=\"article\" \/>\n<meta property=\"og:title\" content=\"Az \u00e9g\u0151 l\u00e1b szindr\u00f3ma magyar\u00e1zata\" \/>\n<meta property=\"og:description\" content=\"Ha valaha is \u00e9rezt\u00e9l m\u00e1r hirtelen \u00e9g\u0151 \u00e9rz\u00e9st a l\u00e1badban bicikliz\u00e9s k\u00f6zben, akkor val\u00f3sz\u00edn\u0171leg hazat\u00e9rve egy internetes kutat\u00e1s sor\u00e1n tal\u00e1lkozt\u00e1l az &quot;\u00e9g\u0151 l\u00e1b&quot; kifejez\u00e9ssel. Ez sajnos gyakori probl\u00e9ma, amely leggyakrabban a h\u00e1rom\u00f3r\u00e1s vagy ann\u00e1l hosszabb teker\u00e9sek sor\u00e1n szokott felbukkanni. A jelens\u00e9g \u2013 melynek els\u0151dleges oka a l\u00e1bak duzzad\u00e1si hajlama \u2013 m\u00e1r r\u00e9g\u00f3ta s\u00fajtja a ker\u00e9kp\u00e1rosokat, t\u00far\u00e1z\u00f3kat \u00e9s a hossz\u00fat\u00e1v\u00fa bicikliz\u00e9sek h\u00edveit.\" \/>\n<meta property=\"og:url\" content=\"https:\/\/www.welovecycling.com\/hu\/edzes-es-eletmod\/az-ego-lab-szindroma-magyarazata\/\" \/>\n<meta property=\"og:site_name\" content=\"\u0160koda We Love Cycling - Magyarorsz\u00e1g\" \/>\n<meta property=\"article:publisher\" content=\"https:\/\/www.facebook.com\/WeLoveCyclingHungary\/\" \/>\n<meta property=\"article:published_time\" content=\"2022-09-08T06:00:47+00:00\" \/>\n<meta property=\"og:image\" content=\"https:\/\/d2p6e6u75xmxt8.cloudfront.net\/12\/2022\/09\/Gravel-riding-profimedia-0707130061-CVR.jpg\" \/>\n\t<meta property=\"og:image:width\" content=\"990\" \/>\n\t<meta property=\"og:image:height\" content=\"660\" \/>\n\t<meta property=\"og:image:type\" content=\"image\/jpeg\" \/>\n<meta name=\"author\" content=\"hegyizs\" \/>\n<meta name=\"twitter:card\" content=\"summary_large_image\" \/>\n<meta name=\"twitter:label1\" content=\"Written by\" \/>\n\t<meta name=\"twitter:data1\" content=\"Megan Flottorp\" \/>\n\t<meta name=\"twitter:label2\" content=\"Est. reading time\" \/>\n\t<meta name=\"twitter:data2\" content=\"6\" \/>\n<script type=\"application\/ld+json\" class=\"yoast-schema-graph\">{\"@context\":\"https:\/\/schema.org\",\"@graph\":[{\"@type\":\"WebPage\",\"@id\":\"https:\/\/www.welovecycling.com\/hu\/edzes-es-eletmod\/az-ego-lab-szindroma-magyarazata\/\",\"url\":\"https:\/\/www.welovecycling.com\/hu\/edzes-es-eletmod\/az-ego-lab-szindroma-magyarazata\/\",\"name\":\"Az \u00e9g\u0151 l\u00e1b szindr\u00f3ma magyar\u00e1zata\",\"isPartOf\":{\"@id\":\"https:\/\/www.welovecycling.com\/hu\/#website\"},\"primaryImageOfPage\":{\"@id\":\"https:\/\/www.welovecycling.com\/hu\/edzes-es-eletmod\/az-ego-lab-szindroma-magyarazata\/#primaryimage\"},\"image\":{\"@id\":\"https:\/\/www.welovecycling.com\/hu\/edzes-es-eletmod\/az-ego-lab-szindroma-magyarazata\/#primaryimage\"},\"thumbnailUrl\":\"https:\/\/d2p6e6u75xmxt8.cloudfront.net\/12\/2022\/09\/Gravel-riding-profimedia-0707130061-CVR.jpg\",\"datePublished\":\"2022-09-08T06:00:47+00:00\",\"author\":{\"@id\":\"https:\/\/www.welovecycling.com\/hu\/#\/schema\/person\/414a2aebf1801691a5320edb6468e194\"},\"description\":\"Ha valaha is \u00e9rezt\u00e9l m\u00e1r hirtelen \u00e9g\u0151 \u00e9rz\u00e9st a l\u00e1badban bicikliz\u00e9s k\u00f6zben, akkor val\u00f3sz\u00edn\u0171leg hazat\u00e9rve egy internetes kutat\u00e1s sor\u00e1n tal\u00e1lkozt\u00e1l az \\\"\u00e9g\u0151 l\u00e1b\\\" kifejez\u00e9ssel. Ez sajnos gyakori probl\u00e9ma, amely leggyakrabban a h\u00e1rom\u00f3r\u00e1s vagy ann\u00e1l hosszabb teker\u00e9sek sor\u00e1n szokott felbukkanni. A jelens\u00e9g \u2013 melynek els\u0151dleges oka a l\u00e1bak duzzad\u00e1si hajlama \u2013 m\u00e1r r\u00e9g\u00f3ta s\u00fajtja a ker\u00e9kp\u00e1rosokat, t\u00far\u00e1z\u00f3kat \u00e9s a hossz\u00fat\u00e1v\u00fa bicikliz\u00e9sek h\u00edveit.\",\"breadcrumb\":{\"@id\":\"https:\/\/www.welovecycling.com\/hu\/edzes-es-eletmod\/az-ego-lab-szindroma-magyarazata\/#breadcrumb\"},\"inLanguage\":\"hu\",\"potentialAction\":[{\"@type\":\"ReadAction\",\"target\":[\"https:\/\/www.welovecycling.com\/hu\/edzes-es-eletmod\/az-ego-lab-szindroma-magyarazata\/\"]}]},{\"@type\":\"ImageObject\",\"inLanguage\":\"hu\",\"@id\":\"https:\/\/www.welovecycling.com\/hu\/edzes-es-eletmod\/az-ego-lab-szindroma-magyarazata\/#primaryimage\",\"url\":\"https:\/\/d2p6e6u75xmxt8.cloudfront.net\/12\/2022\/09\/Gravel-riding-profimedia-0707130061-CVR.jpg\",\"contentUrl\":\"https:\/\/d2p6e6u75xmxt8.cloudfront.net\/12\/2022\/09\/Gravel-riding-profimedia-0707130061-CVR.jpg\",\"width\":990,\"height\":660},{\"@type\":\"BreadcrumbList\",\"@id\":\"https:\/\/www.welovecycling.com\/hu\/edzes-es-eletmod\/az-ego-lab-szindroma-magyarazata\/#breadcrumb\",\"itemListElement\":[{\"@type\":\"ListItem\",\"position\":1,\"name\":\"Home\",\"item\":\"https:\/\/www.welovecycling.com\/hu\/\"},{\"@type\":\"ListItem\",\"position\":2,\"name\":\"Az \u00e9g\u0151 l\u00e1b szindr\u00f3ma magyar\u00e1zata\"}]},{\"@type\":\"WebSite\",\"@id\":\"https:\/\/www.welovecycling.com\/hu\/#website\",\"url\":\"https:\/\/www.welovecycling.com\/hu\/\",\"name\":\"\u0160koda We Love Cycling - Magyarorsz\u00e1g\",\"description\":\"\u0160koda WeLoveCycling\",\"potentialAction\":[{\"@type\":\"SearchAction\",\"target\":{\"@type\":\"EntryPoint\",\"urlTemplate\":\"https:\/\/www.welovecycling.com\/hu\/?s={search_term_string}\"},\"query-input\":{\"@type\":\"PropertyValueSpecification\",\"valueRequired\":true,\"valueName\":\"search_term_string\"}}],\"inLanguage\":\"hu\"},{\"@type\":\"Person\",\"@id\":\"https:\/\/www.welovecycling.com\/hu\/#\/schema\/person\/414a2aebf1801691a5320edb6468e194\",\"name\":\"hegyizs\",\"image\":{\"@type\":\"ImageObject\",\"inLanguage\":\"hu\",\"@id\":\"https:\/\/www.welovecycling.com\/hu\/#\/schema\/person\/image\/\",\"url\":\"https:\/\/secure.gravatar.com\/avatar\/02cf8a7906b8cf90cecb4679defac7cfd33a1c2e3b88e4903d947f3bb58eedd3?s=96&d=mm&r=g\",\"contentUrl\":\"https:\/\/secure.gravatar.com\/avatar\/02cf8a7906b8cf90cecb4679defac7cfd33a1c2e3b88e4903d947f3bb58eedd3?s=96&d=mm&r=g\",\"caption\":\"hegyizs\"},\"url\":\"https:\/\/www.welovecycling.com\/hu\/author\/hegyizs\/\"}]}<\/script>\n<!-- \/ Yoast SEO Premium plugin. -->","yoast_head_json":{"title":"Az \u00e9g\u0151 l\u00e1b szindr\u00f3ma magyar\u00e1zata","description":"Ha valaha is \u00e9rezt\u00e9l m\u00e1r hirtelen \u00e9g\u0151 \u00e9rz\u00e9st a l\u00e1badban bicikliz\u00e9s k\u00f6zben, akkor val\u00f3sz\u00edn\u0171leg hazat\u00e9rve egy internetes kutat\u00e1s sor\u00e1n tal\u00e1lkozt\u00e1l az \"\u00e9g\u0151 l\u00e1b\" kifejez\u00e9ssel. Ez sajnos gyakori probl\u00e9ma, amely leggyakrabban a h\u00e1rom\u00f3r\u00e1s vagy ann\u00e1l hosszabb teker\u00e9sek sor\u00e1n szokott felbukkanni. A jelens\u00e9g \u2013 melynek els\u0151dleges oka a l\u00e1bak duzzad\u00e1si hajlama \u2013 m\u00e1r r\u00e9g\u00f3ta s\u00fajtja a ker\u00e9kp\u00e1rosokat, t\u00far\u00e1z\u00f3kat \u00e9s a hossz\u00fat\u00e1v\u00fa bicikliz\u00e9sek h\u00edveit.","robots":{"index":"index","follow":"follow","max-snippet":"max-snippet:-1","max-image-preview":"max-image-preview:large","max-video-preview":"max-video-preview:-1"},"canonical":"https:\/\/www.welovecycling.com\/hu\/edzes-es-eletmod\/az-ego-lab-szindroma-magyarazata\/","og_locale":"hu_HU","og_type":"article","og_title":"Az \u00e9g\u0151 l\u00e1b szindr\u00f3ma magyar\u00e1zata","og_description":"Ha valaha is \u00e9rezt\u00e9l m\u00e1r hirtelen \u00e9g\u0151 \u00e9rz\u00e9st a l\u00e1badban bicikliz\u00e9s k\u00f6zben, akkor val\u00f3sz\u00edn\u0171leg hazat\u00e9rve egy internetes kutat\u00e1s sor\u00e1n tal\u00e1lkozt\u00e1l az \"\u00e9g\u0151 l\u00e1b\" kifejez\u00e9ssel. Ez sajnos gyakori probl\u00e9ma, amely leggyakrabban a h\u00e1rom\u00f3r\u00e1s vagy ann\u00e1l hosszabb teker\u00e9sek sor\u00e1n szokott felbukkanni. A jelens\u00e9g \u2013 melynek els\u0151dleges oka a l\u00e1bak duzzad\u00e1si hajlama \u2013 m\u00e1r r\u00e9g\u00f3ta s\u00fajtja a ker\u00e9kp\u00e1rosokat, t\u00far\u00e1z\u00f3kat \u00e9s a hossz\u00fat\u00e1v\u00fa bicikliz\u00e9sek h\u00edveit.","og_url":"https:\/\/www.welovecycling.com\/hu\/edzes-es-eletmod\/az-ego-lab-szindroma-magyarazata\/","og_site_name":"\u0160koda We Love Cycling - Magyarorsz\u00e1g","article_publisher":"https:\/\/www.facebook.com\/WeLoveCyclingHungary\/","article_published_time":"2022-09-08T06:00:47+00:00","og_image":[{"width":990,"height":660,"url":"https:\/\/d2p6e6u75xmxt8.cloudfront.net\/12\/2022\/09\/Gravel-riding-profimedia-0707130061-CVR.jpg","type":"image\/jpeg"}],"author":"hegyizs","twitter_card":"summary_large_image","twitter_misc":{"Written by":"Megan Flottorp","Est. reading time":"6"},"schema":{"@context":"https:\/\/schema.org","@graph":[{"@type":"WebPage","@id":"https:\/\/www.welovecycling.com\/hu\/edzes-es-eletmod\/az-ego-lab-szindroma-magyarazata\/","url":"https:\/\/www.welovecycling.com\/hu\/edzes-es-eletmod\/az-ego-lab-szindroma-magyarazata\/","name":"Az \u00e9g\u0151 l\u00e1b szindr\u00f3ma magyar\u00e1zata","isPartOf":{"@id":"https:\/\/www.welovecycling.com\/hu\/#website"},"primaryImageOfPage":{"@id":"https:\/\/www.welovecycling.com\/hu\/edzes-es-eletmod\/az-ego-lab-szindroma-magyarazata\/#primaryimage"},"image":{"@id":"https:\/\/www.welovecycling.com\/hu\/edzes-es-eletmod\/az-ego-lab-szindroma-magyarazata\/#primaryimage"},"thumbnailUrl":"https:\/\/d2p6e6u75xmxt8.cloudfront.net\/12\/2022\/09\/Gravel-riding-profimedia-0707130061-CVR.jpg","datePublished":"2022-09-08T06:00:47+00:00","author":{"@id":"https:\/\/www.welovecycling.com\/hu\/#\/schema\/person\/414a2aebf1801691a5320edb6468e194"},"description":"Ha valaha is \u00e9rezt\u00e9l m\u00e1r hirtelen \u00e9g\u0151 \u00e9rz\u00e9st a l\u00e1badban bicikliz\u00e9s k\u00f6zben, akkor val\u00f3sz\u00edn\u0171leg hazat\u00e9rve egy internetes kutat\u00e1s sor\u00e1n tal\u00e1lkozt\u00e1l az \"\u00e9g\u0151 l\u00e1b\" kifejez\u00e9ssel. Ez sajnos gyakori probl\u00e9ma, amely leggyakrabban a h\u00e1rom\u00f3r\u00e1s vagy ann\u00e1l hosszabb teker\u00e9sek sor\u00e1n szokott felbukkanni. A jelens\u00e9g \u2013 melynek els\u0151dleges oka a l\u00e1bak duzzad\u00e1si hajlama \u2013 m\u00e1r r\u00e9g\u00f3ta s\u00fajtja a ker\u00e9kp\u00e1rosokat, t\u00far\u00e1z\u00f3kat \u00e9s a hossz\u00fat\u00e1v\u00fa bicikliz\u00e9sek h\u00edveit.","breadcrumb":{"@id":"https:\/\/www.welovecycling.com\/hu\/edzes-es-eletmod\/az-ego-lab-szindroma-magyarazata\/#breadcrumb"},"inLanguage":"hu","potentialAction":[{"@type":"ReadAction","target":["https:\/\/www.welovecycling.com\/hu\/edzes-es-eletmod\/az-ego-lab-szindroma-magyarazata\/"]}]},{"@type":"ImageObject","inLanguage":"hu","@id":"https:\/\/www.welovecycling.com\/hu\/edzes-es-eletmod\/az-ego-lab-szindroma-magyarazata\/#primaryimage","url":"https:\/\/d2p6e6u75xmxt8.cloudfront.net\/12\/2022\/09\/Gravel-riding-profimedia-0707130061-CVR.jpg","contentUrl":"https:\/\/d2p6e6u75xmxt8.cloudfront.net\/12\/2022\/09\/Gravel-riding-profimedia-0707130061-CVR.jpg","width":990,"height":660},{"@type":"BreadcrumbList","@id":"https:\/\/www.welovecycling.com\/hu\/edzes-es-eletmod\/az-ego-lab-szindroma-magyarazata\/#breadcrumb","itemListElement":[{"@type":"ListItem","position":1,"name":"Home","item":"https:\/\/www.welovecycling.com\/hu\/"},{"@type":"ListItem","position":2,"name":"Az \u00e9g\u0151 l\u00e1b szindr\u00f3ma magyar\u00e1zata"}]},{"@type":"WebSite","@id":"https:\/\/www.welovecycling.com\/hu\/#website","url":"https:\/\/www.welovecycling.com\/hu\/","name":"\u0160koda We Love Cycling - Magyarorsz\u00e1g","description":"\u0160koda WeLoveCycling","potentialAction":[{"@type":"SearchAction","target":{"@type":"EntryPoint","urlTemplate":"https:\/\/www.welovecycling.com\/hu\/?s={search_term_string}"},"query-input":{"@type":"PropertyValueSpecification","valueRequired":true,"valueName":"search_term_string"}}],"inLanguage":"hu"},{"@type":"Person","@id":"https:\/\/www.welovecycling.com\/hu\/#\/schema\/person\/414a2aebf1801691a5320edb6468e194","name":"hegyizs","image":{"@type":"ImageObject","inLanguage":"hu","@id":"https:\/\/www.welovecycling.com\/hu\/#\/schema\/person\/image\/","url":"https:\/\/secure.gravatar.com\/avatar\/02cf8a7906b8cf90cecb4679defac7cfd33a1c2e3b88e4903d947f3bb58eedd3?s=96&d=mm&r=g","contentUrl":"https:\/\/secure.gravatar.com\/avatar\/02cf8a7906b8cf90cecb4679defac7cfd33a1c2e3b88e4903d947f3bb58eedd3?s=96&d=mm&r=g","caption":"hegyizs"},"url":"https:\/\/www.welovecycling.com\/hu\/author\/hegyizs\/"}]}},"_links":{"self":[{"href":"https:\/\/www.welovecycling.com\/hu\/wp-json\/wp\/v2\/posts\/15726","targetHints":{"allow":["GET"]}}],"collection":[{"href":"https:\/\/www.welovecycling.com\/hu\/wp-json\/wp\/v2\/posts"}],"about":[{"href":"https:\/\/www.welovecycling.com\/hu\/wp-json\/wp\/v2\/types\/post"}],"author":[{"embeddable":true,"href":"https:\/\/www.welovecycling.com\/hu\/wp-json\/wp\/v2\/users\/71"}],"replies":[{"embeddable":true,"href":"https:\/\/www.welovecycling.com\/hu\/wp-json\/wp\/v2\/comments?post=15726"}],"version-history":[{"count":2,"href":"https:\/\/www.welovecycling.com\/hu\/wp-json\/wp\/v2\/posts\/15726\/revisions"}],"predecessor-version":[{"id":15730,"href":"https:\/\/www.welovecycling.com\/hu\/wp-json\/wp\/v2\/posts\/15726\/revisions\/15730"}],"wp:featuredmedia":[{"embeddable":true,"href":"https:\/\/www.welovecycling.com\/hu\/wp-json\/wp\/v2\/media\/15729"}],"wp:attachment":[{"href":"https:\/\/www.welovecycling.com\/hu\/wp-json\/wp\/v2\/media?parent=15726"}],"wp:term":[{"taxonomy":"category","embeddable":true,"href":"https:\/\/www.welovecycling.com\/hu\/wp-json\/wp\/v2\/categories?post=15726"},{"taxonomy":"post_tag","embeddable":true,"href":"https:\/\/www.welovecycling.com\/hu\/wp-json\/wp\/v2\/tags?post=15726"},{"taxonomy":"global-categories","embeddable":true,"href":"https:\/\/www.welovecycling.com\/hu\/wp-json\/wp\/v2\/global-categories?post=15726"}],"curies":[{"name":"wp","href":"https:\/\/api.w.org\/{rel}","templated":true}]}}