{"id":15721,"date":"2022-09-05T08:00:06","date_gmt":"2022-09-05T06:00:06","guid":{"rendered":"https:\/\/www.welovecycling.com\/hu\/?p=15721"},"modified":"2022-09-02T14:55:25","modified_gmt":"2022-09-02T12:55:25","slug":"a-vuelta-a-espana-skoda-zold-triko-rovid-tortenete","status":"publish","type":"post","link":"https:\/\/www.welovecycling.com\/hu\/orszaguti-kerekpar\/a-vuelta-a-espana-skoda-zold-triko-rovid-tortenete\/","title":{"rendered":"A Vuelta a Espa\u00f1a \u0160koda z\u00f6ld trik\u00f3 r\u00f6vid t\u00f6rt\u00e9nete"},"content":{"rendered":"<p><strong>A Tour de France n\u00e9pszer\u0171s\u00e9g\u00e9t l\u00e1tva, 1935-ben megrendezt\u00e9k az els\u0151 Vuelta a Espa\u00f1a-t. T\u00edz \u00e9vvel k\u00e9s\u0151bb \u2013 szint\u00e9n a Tour-r\u00f3l mint\u00e1zva \u2013 d\u00edjazni kezdt\u00e9k a leggyorsabb versenyz\u0151ket, a c\u00e9lba \u00e9r\u00e9sek sor\u00e1n kapott pontok alapj\u00e1n. Ekkor m\u00e9g egy szakasz gy\u0151ztese 100 pontot kapott, a m\u00e1sodik helyezett 99-et, \u00e9s \u00edgy tov\u00e1bb. D\u00f6ntetlen eset\u00e9n minden versenyz\u0151 ugyanannyi pontot kapott.<\/strong><\/p>\n<p><!--more--><\/p>\n<p>Ezen k\u00edv\u00fcl a szakasz els\u0151 \u00f6t ker\u00e9kp\u00e1ros\u00e1nak, a hatodik helyezett be\u00e9rkez\u00e9s\u00e9ig eltelt minden egyes perc\u00e9rt tov\u00e1bbi 12 pontot osztottak ki. A hegyi besorol\u00e1sok sor\u00e1n tov\u00e1bbi k\u00e9t pontot kaptak a ker\u00e9kp\u00e1rosok, a pontversenyben el\u00e9rt eredm\u00e9nyeik alapj\u00e1n. A k\u00f6ztes sprinteken is lehetett pontokat szerezni: a gy\u0151ztesnek nyolc, a m\u00e1sodiknak hat, a harmadiknak n\u00e9gy, a negyediknek pedig kett\u0151 pont j\u00e1rt. A pontversenyt akkoriban az olasz Pirelli gumiabroncsgy\u00e1rt\u00f3 c\u00e9g szponzor\u00e1lta, \u00e9s az \u00e9len l\u00e9v\u0151 versenyz\u0151 egy k\u00e9k trik\u00f3t viselt, amit s\u00e1rga halak d\u00edsz\u00edtettek.<\/p>\n<p>B\u00e1r a Pirelli szerint a pontverseny nagy sikert aratott, 10 \u00e9vre m\u00e9gis kiker\u00fclt a versenyb\u0151l, \u00e9s csak az 1955-\u00f6s Vuelta-n jelent meg \u00fajra, imm\u00e1r egy megv\u00e1ltozott pontsz\u00e1m\u00edt\u00e1si m\u00f3dszerrel. Ekkor a helyez\u00e9sek \u00f6sszead\u00e1s\u00e1b\u00f3l \u00e1ll\u00f3 m\u00f3dszert alkalmazt\u00e1k, ahogy anno a Tour de France-n\u00e1l is. Ez azt jelentette, hogy a legkevesebb ponttal rendelkez\u0151 versenyz\u0151 nyerte a versenyt. A Tour-hoz hasonl\u00f3an a pontversenyt vezet\u0151 ker\u00e9kp\u00e1ros ekkor z\u00f6ld trik\u00f3t viselt. A pontrendszer 1963-ban annyiban v\u00e1ltozott, hogy az els\u0151k\u00e9nt c\u00e9lba \u00e9r\u0151 versenyz\u0151k kapt\u00e1k a pontokat, \u00e9s a legt\u00f6bb pontot szerzett ker\u00e9kp\u00e1ros lett a vezet\u0151.<\/p>\n<figure id=\"attachment_15722\" aria-describedby=\"caption-attachment-15722\" style=\"width: 1000px\" class=\"wp-caption alignnone\"><a href=\"https:\/\/d2p6e6u75xmxt8.cloudfront.net\/12\/2022\/09\/Sam-Bennett-profimedia-0715666617.jpg\"><img loading=\"lazy\" decoding=\"async\" class=\"size-full wp-image-15722\" src=\"https:\/\/d2p6e6u75xmxt8.cloudfront.net\/12\/2022\/09\/Sam-Bennett-profimedia-0715666617.jpg\" alt=\"Sam Bennett\" width=\"1000\" height=\"719\" srcset=\"https:\/\/d2p6e6u75xmxt8.cloudfront.net\/12\/2022\/09\/Sam-Bennett-profimedia-0715666617.jpg 1000w, https:\/\/d2p6e6u75xmxt8.cloudfront.net\/12\/2022\/09\/Sam-Bennett-profimedia-0715666617-300x216.jpg 300w, https:\/\/d2p6e6u75xmxt8.cloudfront.net\/12\/2022\/09\/Sam-Bennett-profimedia-0715666617-768x552.jpg 768w\" sizes=\"auto, (max-width: 1000px) 100vw, 1000px\" \/><\/a><figcaption id=\"caption-attachment-15722\" class=\"wp-caption-text\"><em>Sam Bennett a \u0160koda z\u00f6ld trik\u00f3j\u00e1ban az idei La Vuelta harmadik szakasz\u00e1n. \u00a9 Profimedia<\/em><\/figcaption><\/figure>\n<p>A Tour de France-t\u00f3l elt\u00e9r\u0151en a z\u00f6ld trik\u00f3 a Vuelta-n nem felt\u00e9tlen\u00fcl k\u00e9pezte a sprinterek kiz\u00e1r\u00f3lagos tulajdon\u00e1t. Ennek oka, hogy a hegyi szakaszokon hagyom\u00e1nyosan ugyanannyi pontot osztottak ki, mint a s\u00edk szakaszokon. Mivel a Vuelt\u00e1n sok a hegyi szakasz \u00e9s a cs\u00facsbefut\u00f3k sz\u00e1ma, gyakran volt \u00f6sszef\u00fcgg\u00e9s az \u00e1ltal\u00e1nos besorol\u00e1s \u00e9s a z\u00f6ld trik\u00f3 elnyer\u00e9se k\u00f6z\u00f6tt. Alejandro Valverde p\u00e9ld\u00e1ul, aki sosem volt nagy sprinter, n\u00e9gyszer is elnyerte a Vuelta z\u00f6ld trik\u00f3j\u00e1t, ak\u00e1rcsak a francia Puncheur Laurent Jalabert.<\/p>\n<p>Ha m\u00e1r sz\u00f3ba ker\u00fclt: Alejandro Valverde volt az els\u0151, aki 2015-ben &#8211; amikor a \u0160koda elkezdte szponzor\u00e1lni a Vuelta z\u00f6ld trik\u00f3j\u00e1t &#8211; birtokolhatta a \u0160koda Z\u00f6ld Trik\u00f3-t. Ez a partners\u00e9g szinte adta mag\u00e1t, tekintve, hogy <a href=\"https:\/\/www.welovecycling.com\/hu\/category\/skoda\/\">a \u0160koda 1895-ben ker\u00e9kp\u00e1rgy\u00e1rt\u00f3k\u00e9nt kezdte meg m\u0171k\u00f6d\u00e9s\u00e9t.<\/a><\/p>\n<p>Chris Froome 2017-ben nyerte el a \u0160koda z\u00f6ld trik\u00f3j\u00e1t, a h\u00e1romszoros Vuelta GC-gy\u0151ztes, Primo\u017e Rogli\u010d pedig 2019-ben \u00e9s 2020-ban szerezte meg a trik\u00f3t a gy\u0151zelemmel egy\u00fctt. Term\u00e9szetesen a sprinterek is kivett\u00e9k a r\u00e9sz\u00fcket a sikerekb\u0151l \u00e9s megszerezt\u00e9k a z\u00f6ld trik\u00f3t a k\u00fcl\u00f6nb\u00f6z\u0151 versenyeken. Erik Zabel p\u00e9ld\u00e1ul h\u00e1rom gy\u0151zelmet aratott, sz\u00f3l\u00f3ban pedig olyan kiv\u00e1l\u00f3 sprinterek nyertek, mint Mark Cavendish, Alessandro Petacchi, Andr\u00e9 Greipel \u00e9s tavaly Fabio Jakobsen. Ezen versenyz\u0151knek legink\u00e1bb akkor siker\u00fclt nyerni\u00fck, amikor kevesebb volt a hegyi szakasz \u00e9s viszonylag t\u00f6bb a sprint szakasz. Id\u00e9n azonban v\u00e1ltoztak a szab\u00e1lyok: 50 pontot kap a s\u00edk szakasz gy\u0151ztese, 30 pontot a k\u00f6z\u00e9phegys\u00e9gi vagy dombos szakaszok gy\u0151ztese, \u00e9s 20 pontot az, aki els\u0151 helyen \u00e9r c\u00e9lba egy hegyi szakaszon. Ez biztosan sok meglepet\u00e9st fog m\u00e9g okozni.<\/p>\n","protected":false},"excerpt":{"rendered":"<p>A Tour de France n\u00e9pszer\u0171s\u00e9g\u00e9t l\u00e1tva, 1935-ben megrendezt\u00e9k az els\u0151 Vuelta a Espa\u00f1a-t. T\u00edz \u00e9vvel k\u00e9s\u0151bb \u2013 szint\u00e9n a Tour-r\u00f3l [&hellip;]<\/p>\n","protected":false},"author":71,"featured_media":15724,"comment_status":"open","ping_status":"open","sticky":false,"template":"","format":"standard","meta":{"footnotes":""},"categories":[8],"tags":[],"global-categories":[],"class_list":["post-15721","post","type-post","status-publish","format-standard","has-post-thumbnail","hentry","category-orszaguti-kerekpar"],"yoast_head":"<!-- This site is optimized with the Yoast SEO Premium plugin v25.3 (Yoast SEO v25.9) - https:\/\/yoast.com\/wordpress\/plugins\/seo\/ -->\n<title>A Vuelta a Espa\u00f1a \u0160koda z\u00f6ld trik\u00f3 r\u00f6vid t\u00f6rt\u00e9nete<\/title>\n<meta name=\"description\" content=\"A Tour de France n\u00e9pszer\u0171s\u00e9g\u00e9t l\u00e1tva, 1935-ben megrendezt\u00e9k az els\u0151 Vuelta a Espa\u00f1a-t. T\u00edz \u00e9vvel k\u00e9s\u0151bb \u2013 szint\u00e9n a Tour-r\u00f3l mint\u00e1zva \u2013 d\u00edjazni kezdt\u00e9k a leggyorsabb versenyz\u0151ket, a c\u00e9lba \u00e9r\u00e9sek sor\u00e1n kapott pontok alapj\u00e1n. Ekkor m\u00e9g egy szakasz gy\u0151ztese 100 pontot kapott, a m\u00e1sodik helyezett 99-et, \u00e9s \u00edgy tov\u00e1bb. D\u00f6ntetlen eset\u00e9n minden versenyz\u0151 ugyanannyi pontot kapott.\" \/>\n<meta name=\"robots\" content=\"index, follow, max-snippet:-1, max-image-preview:large, max-video-preview:-1\" \/>\n<link rel=\"canonical\" href=\"https:\/\/www.welovecycling.com\/hu\/orszaguti-kerekpar\/a-vuelta-a-espana-skoda-zold-triko-rovid-tortenete\/\" \/>\n<meta property=\"og:locale\" content=\"hu_HU\" \/>\n<meta property=\"og:type\" content=\"article\" \/>\n<meta property=\"og:title\" content=\"A Vuelta a Espa\u00f1a \u0160koda z\u00f6ld trik\u00f3 r\u00f6vid t\u00f6rt\u00e9nete\" \/>\n<meta property=\"og:description\" content=\"A Tour de France n\u00e9pszer\u0171s\u00e9g\u00e9t l\u00e1tva, 1935-ben megrendezt\u00e9k az els\u0151 Vuelta a Espa\u00f1a-t. T\u00edz \u00e9vvel k\u00e9s\u0151bb \u2013 szint\u00e9n a Tour-r\u00f3l mint\u00e1zva \u2013 d\u00edjazni kezdt\u00e9k a leggyorsabb versenyz\u0151ket, a c\u00e9lba \u00e9r\u00e9sek sor\u00e1n kapott pontok alapj\u00e1n. Ekkor m\u00e9g egy szakasz gy\u0151ztese 100 pontot kapott, a m\u00e1sodik helyezett 99-et, \u00e9s \u00edgy tov\u00e1bb. D\u00f6ntetlen eset\u00e9n minden versenyz\u0151 ugyanannyi pontot kapott.\" \/>\n<meta property=\"og:url\" content=\"https:\/\/www.welovecycling.com\/hu\/orszaguti-kerekpar\/a-vuelta-a-espana-skoda-zold-triko-rovid-tortenete\/\" \/>\n<meta property=\"og:site_name\" content=\"\u0160koda We Love Cycling - Magyarorsz\u00e1g\" \/>\n<meta property=\"article:publisher\" content=\"https:\/\/www.facebook.com\/WeLoveCyclingHungary\/\" \/>\n<meta property=\"article:published_time\" content=\"2022-09-05T06:00:06+00:00\" \/>\n<meta property=\"og:image\" content=\"https:\/\/d2p6e6u75xmxt8.cloudfront.net\/12\/2022\/09\/Primoz-Roglic-SKODA-Green-Jersey-La-Vuelta-profimedia-0715187548-CVR.jpg\" \/>\n\t<meta property=\"og:image:width\" content=\"990\" \/>\n\t<meta property=\"og:image:height\" content=\"660\" \/>\n\t<meta property=\"og:image:type\" content=\"image\/jpeg\" \/>\n<meta name=\"author\" content=\"hegyizs\" \/>\n<meta name=\"twitter:card\" content=\"summary_large_image\" \/>\n<meta name=\"twitter:label1\" content=\"Written by\" \/>\n\t<meta name=\"twitter:data1\" content=\"Siegfried Mortkowitz\" \/>\n\t<meta name=\"twitter:label2\" content=\"Est. reading time\" \/>\n\t<meta name=\"twitter:data2\" content=\"5\" \/>\n<script type=\"application\/ld+json\" class=\"yoast-schema-graph\">{\"@context\":\"https:\/\/schema.org\",\"@graph\":[{\"@type\":\"WebPage\",\"@id\":\"https:\/\/www.welovecycling.com\/hu\/orszaguti-kerekpar\/a-vuelta-a-espana-skoda-zold-triko-rovid-tortenete\/\",\"url\":\"https:\/\/www.welovecycling.com\/hu\/orszaguti-kerekpar\/a-vuelta-a-espana-skoda-zold-triko-rovid-tortenete\/\",\"name\":\"A Vuelta a Espa\u00f1a \u0160koda z\u00f6ld trik\u00f3 r\u00f6vid t\u00f6rt\u00e9nete\",\"isPartOf\":{\"@id\":\"https:\/\/www.welovecycling.com\/hu\/#website\"},\"primaryImageOfPage\":{\"@id\":\"https:\/\/www.welovecycling.com\/hu\/orszaguti-kerekpar\/a-vuelta-a-espana-skoda-zold-triko-rovid-tortenete\/#primaryimage\"},\"image\":{\"@id\":\"https:\/\/www.welovecycling.com\/hu\/orszaguti-kerekpar\/a-vuelta-a-espana-skoda-zold-triko-rovid-tortenete\/#primaryimage\"},\"thumbnailUrl\":\"https:\/\/d2p6e6u75xmxt8.cloudfront.net\/12\/2022\/09\/Primoz-Roglic-SKODA-Green-Jersey-La-Vuelta-profimedia-0715187548-CVR.jpg\",\"datePublished\":\"2022-09-05T06:00:06+00:00\",\"author\":{\"@id\":\"https:\/\/www.welovecycling.com\/hu\/#\/schema\/person\/414a2aebf1801691a5320edb6468e194\"},\"description\":\"A Tour de France n\u00e9pszer\u0171s\u00e9g\u00e9t l\u00e1tva, 1935-ben megrendezt\u00e9k az els\u0151 Vuelta a Espa\u00f1a-t. T\u00edz \u00e9vvel k\u00e9s\u0151bb \u2013 szint\u00e9n a Tour-r\u00f3l mint\u00e1zva \u2013 d\u00edjazni kezdt\u00e9k a leggyorsabb versenyz\u0151ket, a c\u00e9lba \u00e9r\u00e9sek sor\u00e1n kapott pontok alapj\u00e1n. Ekkor m\u00e9g egy szakasz gy\u0151ztese 100 pontot kapott, a m\u00e1sodik helyezett 99-et, \u00e9s \u00edgy tov\u00e1bb. D\u00f6ntetlen eset\u00e9n minden versenyz\u0151 ugyanannyi pontot kapott.\",\"breadcrumb\":{\"@id\":\"https:\/\/www.welovecycling.com\/hu\/orszaguti-kerekpar\/a-vuelta-a-espana-skoda-zold-triko-rovid-tortenete\/#breadcrumb\"},\"inLanguage\":\"hu\",\"potentialAction\":[{\"@type\":\"ReadAction\",\"target\":[\"https:\/\/www.welovecycling.com\/hu\/orszaguti-kerekpar\/a-vuelta-a-espana-skoda-zold-triko-rovid-tortenete\/\"]}]},{\"@type\":\"ImageObject\",\"inLanguage\":\"hu\",\"@id\":\"https:\/\/www.welovecycling.com\/hu\/orszaguti-kerekpar\/a-vuelta-a-espana-skoda-zold-triko-rovid-tortenete\/#primaryimage\",\"url\":\"https:\/\/d2p6e6u75xmxt8.cloudfront.net\/12\/2022\/09\/Primoz-Roglic-SKODA-Green-Jersey-La-Vuelta-profimedia-0715187548-CVR.jpg\",\"contentUrl\":\"https:\/\/d2p6e6u75xmxt8.cloudfront.net\/12\/2022\/09\/Primoz-Roglic-SKODA-Green-Jersey-La-Vuelta-profimedia-0715187548-CVR.jpg\",\"width\":990,\"height\":660,\"caption\":\"Rogli\u010d at La Vuelta\"},{\"@type\":\"BreadcrumbList\",\"@id\":\"https:\/\/www.welovecycling.com\/hu\/orszaguti-kerekpar\/a-vuelta-a-espana-skoda-zold-triko-rovid-tortenete\/#breadcrumb\",\"itemListElement\":[{\"@type\":\"ListItem\",\"position\":1,\"name\":\"Home\",\"item\":\"https:\/\/www.welovecycling.com\/hu\/\"},{\"@type\":\"ListItem\",\"position\":2,\"name\":\"A Vuelta a Espa\u00f1a \u0160koda z\u00f6ld trik\u00f3 r\u00f6vid t\u00f6rt\u00e9nete\"}]},{\"@type\":\"WebSite\",\"@id\":\"https:\/\/www.welovecycling.com\/hu\/#website\",\"url\":\"https:\/\/www.welovecycling.com\/hu\/\",\"name\":\"\u0160koda We Love Cycling - Magyarorsz\u00e1g\",\"description\":\"\u0160koda WeLoveCycling\",\"potentialAction\":[{\"@type\":\"SearchAction\",\"target\":{\"@type\":\"EntryPoint\",\"urlTemplate\":\"https:\/\/www.welovecycling.com\/hu\/?s={search_term_string}\"},\"query-input\":{\"@type\":\"PropertyValueSpecification\",\"valueRequired\":true,\"valueName\":\"search_term_string\"}}],\"inLanguage\":\"hu\"},{\"@type\":\"Person\",\"@id\":\"https:\/\/www.welovecycling.com\/hu\/#\/schema\/person\/414a2aebf1801691a5320edb6468e194\",\"name\":\"hegyizs\",\"image\":{\"@type\":\"ImageObject\",\"inLanguage\":\"hu\",\"@id\":\"https:\/\/www.welovecycling.com\/hu\/#\/schema\/person\/image\/\",\"url\":\"https:\/\/secure.gravatar.com\/avatar\/02cf8a7906b8cf90cecb4679defac7cfd33a1c2e3b88e4903d947f3bb58eedd3?s=96&d=mm&r=g\",\"contentUrl\":\"https:\/\/secure.gravatar.com\/avatar\/02cf8a7906b8cf90cecb4679defac7cfd33a1c2e3b88e4903d947f3bb58eedd3?s=96&d=mm&r=g\",\"caption\":\"hegyizs\"},\"url\":\"https:\/\/www.welovecycling.com\/hu\/author\/hegyizs\/\"}]}<\/script>\n<!-- \/ Yoast SEO Premium plugin. -->","yoast_head_json":{"title":"A Vuelta a Espa\u00f1a \u0160koda z\u00f6ld trik\u00f3 r\u00f6vid t\u00f6rt\u00e9nete","description":"A Tour de France n\u00e9pszer\u0171s\u00e9g\u00e9t l\u00e1tva, 1935-ben megrendezt\u00e9k az els\u0151 Vuelta a Espa\u00f1a-t. T\u00edz \u00e9vvel k\u00e9s\u0151bb \u2013 szint\u00e9n a Tour-r\u00f3l mint\u00e1zva \u2013 d\u00edjazni kezdt\u00e9k a leggyorsabb versenyz\u0151ket, a c\u00e9lba \u00e9r\u00e9sek sor\u00e1n kapott pontok alapj\u00e1n. Ekkor m\u00e9g egy szakasz gy\u0151ztese 100 pontot kapott, a m\u00e1sodik helyezett 99-et, \u00e9s \u00edgy tov\u00e1bb. D\u00f6ntetlen eset\u00e9n minden versenyz\u0151 ugyanannyi pontot kapott.","robots":{"index":"index","follow":"follow","max-snippet":"max-snippet:-1","max-image-preview":"max-image-preview:large","max-video-preview":"max-video-preview:-1"},"canonical":"https:\/\/www.welovecycling.com\/hu\/orszaguti-kerekpar\/a-vuelta-a-espana-skoda-zold-triko-rovid-tortenete\/","og_locale":"hu_HU","og_type":"article","og_title":"A Vuelta a Espa\u00f1a \u0160koda z\u00f6ld trik\u00f3 r\u00f6vid t\u00f6rt\u00e9nete","og_description":"A Tour de France n\u00e9pszer\u0171s\u00e9g\u00e9t l\u00e1tva, 1935-ben megrendezt\u00e9k az els\u0151 Vuelta a Espa\u00f1a-t. T\u00edz \u00e9vvel k\u00e9s\u0151bb \u2013 szint\u00e9n a Tour-r\u00f3l mint\u00e1zva \u2013 d\u00edjazni kezdt\u00e9k a leggyorsabb versenyz\u0151ket, a c\u00e9lba \u00e9r\u00e9sek sor\u00e1n kapott pontok alapj\u00e1n. Ekkor m\u00e9g egy szakasz gy\u0151ztese 100 pontot kapott, a m\u00e1sodik helyezett 99-et, \u00e9s \u00edgy tov\u00e1bb. D\u00f6ntetlen eset\u00e9n minden versenyz\u0151 ugyanannyi pontot kapott.","og_url":"https:\/\/www.welovecycling.com\/hu\/orszaguti-kerekpar\/a-vuelta-a-espana-skoda-zold-triko-rovid-tortenete\/","og_site_name":"\u0160koda We Love Cycling - Magyarorsz\u00e1g","article_publisher":"https:\/\/www.facebook.com\/WeLoveCyclingHungary\/","article_published_time":"2022-09-05T06:00:06+00:00","og_image":[{"width":990,"height":660,"url":"https:\/\/d2p6e6u75xmxt8.cloudfront.net\/12\/2022\/09\/Primoz-Roglic-SKODA-Green-Jersey-La-Vuelta-profimedia-0715187548-CVR.jpg","type":"image\/jpeg"}],"author":"hegyizs","twitter_card":"summary_large_image","twitter_misc":{"Written by":"Siegfried Mortkowitz","Est. reading time":"5"},"schema":{"@context":"https:\/\/schema.org","@graph":[{"@type":"WebPage","@id":"https:\/\/www.welovecycling.com\/hu\/orszaguti-kerekpar\/a-vuelta-a-espana-skoda-zold-triko-rovid-tortenete\/","url":"https:\/\/www.welovecycling.com\/hu\/orszaguti-kerekpar\/a-vuelta-a-espana-skoda-zold-triko-rovid-tortenete\/","name":"A Vuelta a Espa\u00f1a \u0160koda z\u00f6ld trik\u00f3 r\u00f6vid t\u00f6rt\u00e9nete","isPartOf":{"@id":"https:\/\/www.welovecycling.com\/hu\/#website"},"primaryImageOfPage":{"@id":"https:\/\/www.welovecycling.com\/hu\/orszaguti-kerekpar\/a-vuelta-a-espana-skoda-zold-triko-rovid-tortenete\/#primaryimage"},"image":{"@id":"https:\/\/www.welovecycling.com\/hu\/orszaguti-kerekpar\/a-vuelta-a-espana-skoda-zold-triko-rovid-tortenete\/#primaryimage"},"thumbnailUrl":"https:\/\/d2p6e6u75xmxt8.cloudfront.net\/12\/2022\/09\/Primoz-Roglic-SKODA-Green-Jersey-La-Vuelta-profimedia-0715187548-CVR.jpg","datePublished":"2022-09-05T06:00:06+00:00","author":{"@id":"https:\/\/www.welovecycling.com\/hu\/#\/schema\/person\/414a2aebf1801691a5320edb6468e194"},"description":"A Tour de France n\u00e9pszer\u0171s\u00e9g\u00e9t l\u00e1tva, 1935-ben megrendezt\u00e9k az els\u0151 Vuelta a Espa\u00f1a-t. T\u00edz \u00e9vvel k\u00e9s\u0151bb \u2013 szint\u00e9n a Tour-r\u00f3l mint\u00e1zva \u2013 d\u00edjazni kezdt\u00e9k a leggyorsabb versenyz\u0151ket, a c\u00e9lba \u00e9r\u00e9sek sor\u00e1n kapott pontok alapj\u00e1n. Ekkor m\u00e9g egy szakasz gy\u0151ztese 100 pontot kapott, a m\u00e1sodik helyezett 99-et, \u00e9s \u00edgy tov\u00e1bb. D\u00f6ntetlen eset\u00e9n minden versenyz\u0151 ugyanannyi pontot kapott.","breadcrumb":{"@id":"https:\/\/www.welovecycling.com\/hu\/orszaguti-kerekpar\/a-vuelta-a-espana-skoda-zold-triko-rovid-tortenete\/#breadcrumb"},"inLanguage":"hu","potentialAction":[{"@type":"ReadAction","target":["https:\/\/www.welovecycling.com\/hu\/orszaguti-kerekpar\/a-vuelta-a-espana-skoda-zold-triko-rovid-tortenete\/"]}]},{"@type":"ImageObject","inLanguage":"hu","@id":"https:\/\/www.welovecycling.com\/hu\/orszaguti-kerekpar\/a-vuelta-a-espana-skoda-zold-triko-rovid-tortenete\/#primaryimage","url":"https:\/\/d2p6e6u75xmxt8.cloudfront.net\/12\/2022\/09\/Primoz-Roglic-SKODA-Green-Jersey-La-Vuelta-profimedia-0715187548-CVR.jpg","contentUrl":"https:\/\/d2p6e6u75xmxt8.cloudfront.net\/12\/2022\/09\/Primoz-Roglic-SKODA-Green-Jersey-La-Vuelta-profimedia-0715187548-CVR.jpg","width":990,"height":660,"caption":"Rogli\u010d at La Vuelta"},{"@type":"BreadcrumbList","@id":"https:\/\/www.welovecycling.com\/hu\/orszaguti-kerekpar\/a-vuelta-a-espana-skoda-zold-triko-rovid-tortenete\/#breadcrumb","itemListElement":[{"@type":"ListItem","position":1,"name":"Home","item":"https:\/\/www.welovecycling.com\/hu\/"},{"@type":"ListItem","position":2,"name":"A Vuelta a Espa\u00f1a \u0160koda z\u00f6ld trik\u00f3 r\u00f6vid t\u00f6rt\u00e9nete"}]},{"@type":"WebSite","@id":"https:\/\/www.welovecycling.com\/hu\/#website","url":"https:\/\/www.welovecycling.com\/hu\/","name":"\u0160koda We Love Cycling - Magyarorsz\u00e1g","description":"\u0160koda WeLoveCycling","potentialAction":[{"@type":"SearchAction","target":{"@type":"EntryPoint","urlTemplate":"https:\/\/www.welovecycling.com\/hu\/?s={search_term_string}"},"query-input":{"@type":"PropertyValueSpecification","valueRequired":true,"valueName":"search_term_string"}}],"inLanguage":"hu"},{"@type":"Person","@id":"https:\/\/www.welovecycling.com\/hu\/#\/schema\/person\/414a2aebf1801691a5320edb6468e194","name":"hegyizs","image":{"@type":"ImageObject","inLanguage":"hu","@id":"https:\/\/www.welovecycling.com\/hu\/#\/schema\/person\/image\/","url":"https:\/\/secure.gravatar.com\/avatar\/02cf8a7906b8cf90cecb4679defac7cfd33a1c2e3b88e4903d947f3bb58eedd3?s=96&d=mm&r=g","contentUrl":"https:\/\/secure.gravatar.com\/avatar\/02cf8a7906b8cf90cecb4679defac7cfd33a1c2e3b88e4903d947f3bb58eedd3?s=96&d=mm&r=g","caption":"hegyizs"},"url":"https:\/\/www.welovecycling.com\/hu\/author\/hegyizs\/"}]}},"_links":{"self":[{"href":"https:\/\/www.welovecycling.com\/hu\/wp-json\/wp\/v2\/posts\/15721","targetHints":{"allow":["GET"]}}],"collection":[{"href":"https:\/\/www.welovecycling.com\/hu\/wp-json\/wp\/v2\/posts"}],"about":[{"href":"https:\/\/www.welovecycling.com\/hu\/wp-json\/wp\/v2\/types\/post"}],"author":[{"embeddable":true,"href":"https:\/\/www.welovecycling.com\/hu\/wp-json\/wp\/v2\/users\/71"}],"replies":[{"embeddable":true,"href":"https:\/\/www.welovecycling.com\/hu\/wp-json\/wp\/v2\/comments?post=15721"}],"version-history":[{"count":2,"href":"https:\/\/www.welovecycling.com\/hu\/wp-json\/wp\/v2\/posts\/15721\/revisions"}],"predecessor-version":[{"id":15725,"href":"https:\/\/www.welovecycling.com\/hu\/wp-json\/wp\/v2\/posts\/15721\/revisions\/15725"}],"wp:featuredmedia":[{"embeddable":true,"href":"https:\/\/www.welovecycling.com\/hu\/wp-json\/wp\/v2\/media\/15724"}],"wp:attachment":[{"href":"https:\/\/www.welovecycling.com\/hu\/wp-json\/wp\/v2\/media?parent=15721"}],"wp:term":[{"taxonomy":"category","embeddable":true,"href":"https:\/\/www.welovecycling.com\/hu\/wp-json\/wp\/v2\/categories?post=15721"},{"taxonomy":"post_tag","embeddable":true,"href":"https:\/\/www.welovecycling.com\/hu\/wp-json\/wp\/v2\/tags?post=15721"},{"taxonomy":"global-categories","embeddable":true,"href":"https:\/\/www.welovecycling.com\/hu\/wp-json\/wp\/v2\/global-categories?post=15721"}],"curies":[{"name":"wp","href":"https:\/\/api.w.org\/{rel}","templated":true}]}}