{"id":15717,"date":"2022-09-06T08:00:35","date_gmt":"2022-09-06T06:00:35","guid":{"rendered":"https:\/\/www.welovecycling.com\/hu\/?p=15717"},"modified":"2022-09-02T14:56:02","modified_gmt":"2022-09-02T12:56:02","slug":"a-jumbo-visma-csapat-elkepeszto-szezonja","status":"publish","type":"post","link":"https:\/\/www.welovecycling.com\/hu\/orszaguti-kerekpar\/a-jumbo-visma-csapat-elkepeszto-szezonja\/","title":{"rendered":"A Jumbo-Visma csapat elk\u00e9peszt\u0151 szezonja"},"content":{"rendered":"<p><strong>A futballszurkol\u00f3kkal ellent\u00e9tben a bicikliz\u00e9s rajong\u00f3i sokkal ink\u00e1bb az egyes ker\u00e9kp\u00e1rosok, mint a csapatok teljes\u00edtm\u00e9ny\u00e9t k\u00f6vetik. Ennek oka nyilv\u00e1nval\u00f3: a futballcsapatok hat\u00e1rokon \u00e1t\u00edvel\u0151 k\u00f6vet\u0151t\u00e1borral rendelkeznek. A Chelsea futballklub szurkol\u00f3ja akkor is a csapat rajong\u00f3ja marad, ha k\u00e9s\u0151bb P\u00e1rizsba vagy New Yorkba k\u00f6lt\u00f6zik.<\/strong><\/p>\n<p><!--more--><\/p>\n<p>Ezzel szemben a profi ker\u00e9kp\u00e1ros csapatok mindig a szponzorok nev\u00e9t viselik, ami nem eredm\u00e9nyez h\u0171s\u00e9ges k\u00f6vet\u0151t\u00e1bort, viszont legal\u00e1bb orsz\u00e1galap\u00faak \u2013 p\u00e9ld\u00e1ul a holland Jumbo-Visma \u2013 ami az\u00e9rt seg\u00edt kialak\u00edtani egy szurkol\u00f3i b\u00e1zist. De azt hiszem, Wout van Aert-nek m\u00e9g mindig t\u00f6bb k\u00f6vet\u0151je van, mint a csapat\u00e1nak, illetve sok rajong\u00f3 eleve csak az\u00e9rt k\u00f6veti a Jumbo-Visma-t, mert vagy van Aert, vagy a 2022-es Tour de France-gy\u0151ztes, Jonas Vingegaard rajong\u00f3ja.<\/p>\n<p>Ez az egyik oka annak, hogy ma erre a csapatra \u00f6sszpontos\u00edtunk. A m\u00e1sik, m\u00e9g fontosabb ok pedig az, hogy a Jumbo-Visma elk\u00e9peszt\u0151 szezont megy. Vingegaard megnyerte a Tour de France s\u00e1rga trik\u00f3j\u00e1t, van Aert, a csapat szuper-domestique-ja pedig a Tour \u0160koda Z\u00f6ld trik\u00f3j\u00e1t; maga a csapat \u00f6sszesen hat szakaszt nyert. A nemr\u00e9g befejez\u0151d\u00f6tt D\u00e1n k\u00f6rversenyt szint\u00e9n a Jumbo-Visma versenyz\u0151je, Christophe Laporte nyerte. A Primo\u017e Rogli\u010d \u00e1ltal vezetett csapat pedig megnyerte a jelenleg zajl\u00f3 Vuelta a Espa\u00f1a 1. szakasz\u00e1nak csapatid\u0151futam\u00e1t. Rogli\u010d egy\u00e9bk\u00e9nt sorozatban a harmadik GC-gy\u0151zelm\u00e9re hajt, \u00e9s kev\u00e9s jel mutat arra, hogy ebben b\u00e1rki is meg tudn\u00e1 akad\u00e1lyozni. Ak\u00e1rhogy is n\u00e9zz\u00fck, ez egy el\u00e9g sz\u00e9p gy\u0151zelmi sorozat, ami &#8211; hacsak nem t\u00f6rt\u00e9nik baleset vagy betegs\u00e9g \u2013 j\u00f3 es\u00e9llyel legal\u00e1bb szeptemberig folytat\u00f3dik. A Vuelta els\u0151 h\u00e1rom szakasz\u00e1n a Jumbo-Visma versenyz\u0151i viselt\u00e9k a maillot rojo-t (piros trik\u00f3t is.<\/p>\n<div class=\"embed-controller-wrapper\">\n<blockquote class=\"twitter-tweet\" data-width=\"500\" data-dnt=\"true\">\n<p lang=\"en\" dir=\"ltr\">\ud83d\udd34 Wow! This was a fantastic start to the Vuelta a Espa\u00f1a!<\/p>\n<p>\ud83d\udd19 Take a look at the best photos and relive the first three stages of the Spanish grand tour in our home country.\ud83c\uddf3\ud83c\uddf1<\/p>\n<p>&mdash; Team Visma | Lease a Bike (@vismaleaseabike) <a href=\"https:\/\/twitter.com\/vismaleaseabike\/status\/1561686956291014656?ref_src=twsrc%5Etfw\">August 22, 2022<\/a><\/p><\/blockquote>\n<p><script async data-src=\"https:\/\/platform.twitter.com\/widgets.js\" charset=\"utf-8\"><\/script><\/div>\n<p>Richard Carapaz, az Ineos Grenadiers kiv\u00e1l\u00f3 versenyz\u0151je a 2020-as Vuelt\u00e1n Rogli\u010d m\u00f6g\u00f6tt a m\u00e1sodik helyen v\u00e9gzett. \u00dagy t\u0171nik, ez volt az utols\u00f3 versenye az Ineos-n\u00e1l, ugyanis a k\u00f6vetkez\u0151 \u00e9vt\u0151l leszerz\u0151d\u00f6tt az amerikai EF Education-EasyPost csapathoz. Minden bizonnyal szeretne sz\u00e9p sikereket el\u00e9rni \u00e9s \u00fagy b\u00facs\u00fazni a csapatt\u00f3l, de eddig sajnos nem siker\u00fclt bizony\u00edtania, hogy k\u00e9pes lenne legy\u0151zni egy Rogli\u010d kaliber\u0171 versenyz\u0151t egy Grand Touron. M\u00e1s potenci\u00e1lis riv\u00e1lisok pedig m\u00e1r most jelent\u0151s lemarad\u00e1sban vannak a szlov\u00e9n m\u00f6g\u00f6tt.<\/p>\n<p>A ma Jumbo-Visma n\u00e9ven ismert csapat az 1983-as szezont k\u00f6vet\u0151en alakult meg, a versenyz\u0151k k\u00f6z\u00f6tti szem\u00e9lyes konfliktusok miatt felboml\u00f3 TI-Raleigh csapat nyom\u00e1n. A TI-Raleigh versenyz\u0151i k\u00f6z\u00fcl hatan a Kwantum-Decosol-Yoko nev\u0171 \u00faj csapat tagjaiv\u00e1 v\u00e1ltak, amelyb\u0151l 2019-ben Jumbo-Visma lett. A v\u00e9gs\u0151 n\u00e9v kiv\u00e1laszt\u00e1sa el\u0151tt a csapat h\u00e9t k\u00fcl\u00f6nb\u00f6z\u0151 szponzor nev\u00e9t is viselte, melyek k\u00f6z\u00fcl a legfontosabb a Rabobank volt. Ez a szponzor\u00e1ci\u00f3 1996-t\u00f3l 2012-ig tartott, \u00e9s ennek k\u00f6sz\u00f6nhet\u0151 a csapat els\u0151 h\u00e1rom Grand Tour-gy\u0151zelme &#8211; a Vuelta (2005 \u00e9s 2007) \u00e9s a Giro (2009). Mindh\u00e1rom gy\u0151zelmet Denis Menchov szerezte meg. A csapat ezut\u00e1n eg\u00e9szen Rogli\u010d 2019-es Vuelta gy\u0151zelm\u00e9ig nem nyert \u00fajabb Grand Tour GC-t, ezut\u00e1n viszont a vil\u00e1g legjobb orsz\u00e1g\u00fati versenycsapat\u00e1v\u00e1 v\u00e1lt.<\/p>\n<p>Merijn Zeeman sportigazgat\u00f3 az\u00f3ta is kem\u00e9nyen dolgozik azon, hogy a csapat dominanci\u00e1ja tov\u00e1bbra is fennmaradjon. A Vuelta kezdet\u00e9n a Jumbo-Visma bejelentette, hogy k\u00e9t \u00fajabb er\u0151s holland versenyz\u0151t szerz\u0151dtetett, Dylan van Baarle-t \u00e9s Wilco Keldermant. Az\u00f3ta Van Baarle meg is nyerte az idei kimer\u00edt\u0151 P\u00e1rizs-Roubaix-t, m\u00edg Kelderman harmadik lett a 2020-as Gir\u00f3n \u00e9s \u00f6t\u00f6dik a tavalyi Tour de France-on.<\/p>\n<p>Zeeman term\u00e9szetesen nagyon \u00f6r\u00fclt az \u00faj csapattagoknak, \u00e9s megjegyezte, hogy ezek a versenyz\u0151k biztosan hozz\u00e1j\u00e1rulnak majd ahhoz, hogy a csapat el\u00e9rje versenyc\u00e9ljait. <em>&#8220;A legnagyobb d\u00edjakra t\u00f6reksz\u00fcnk&#8221;<\/em> &#8211; mondta, mintha nem tudn\u00e1nk\u2026<\/p>\n","protected":false},"excerpt":{"rendered":"<p>A futballszurkol\u00f3kkal ellent\u00e9tben a bicikliz\u00e9s rajong\u00f3i sokkal ink\u00e1bb az egyes ker\u00e9kp\u00e1rosok, mint a csapatok teljes\u00edtm\u00e9ny\u00e9t k\u00f6vetik. Ennek oka nyilv\u00e1nval\u00f3: a [&hellip;]<\/p>\n","protected":false},"author":71,"featured_media":15719,"comment_status":"open","ping_status":"open","sticky":false,"template":"","format":"standard","meta":{"footnotes":""},"categories":[8],"tags":[],"global-categories":[],"class_list":["post-15717","post","type-post","status-publish","format-standard","has-post-thumbnail","hentry","category-orszaguti-kerekpar"],"yoast_head":"<!-- This site is optimized with the Yoast SEO Premium plugin v25.3 (Yoast SEO v25.9) - https:\/\/yoast.com\/wordpress\/plugins\/seo\/ -->\n<title>A Jumbo-Visma csapat elk\u00e9peszt\u0151 szezonja<\/title>\n<meta name=\"description\" content=\"A futballszurkol\u00f3kkal ellent\u00e9tben a bicikliz\u00e9s rajong\u00f3i sokkal ink\u00e1bb az egyes ker\u00e9kp\u00e1rosok, mint a csapatok teljes\u00edtm\u00e9ny\u00e9t k\u00f6vetik. Ennek oka nyilv\u00e1nval\u00f3: a futballcsapatok hat\u00e1rokon \u00e1t\u00edvel\u0151 k\u00f6vet\u0151t\u00e1borral rendelkeznek. A Chelsea futballklub szurkol\u00f3ja akkor is a csapat rajong\u00f3ja marad, ha k\u00e9s\u0151bb P\u00e1rizsba vagy New Yorkba k\u00f6lt\u00f6zik.\" \/>\n<meta name=\"robots\" content=\"index, follow, max-snippet:-1, max-image-preview:large, max-video-preview:-1\" \/>\n<link rel=\"canonical\" href=\"https:\/\/www.welovecycling.com\/hu\/orszaguti-kerekpar\/a-jumbo-visma-csapat-elkepeszto-szezonja\/\" \/>\n<meta property=\"og:locale\" content=\"hu_HU\" \/>\n<meta property=\"og:type\" content=\"article\" \/>\n<meta property=\"og:title\" content=\"A Jumbo-Visma csapat elk\u00e9peszt\u0151 szezonja\" \/>\n<meta property=\"og:description\" content=\"A futballszurkol\u00f3kkal ellent\u00e9tben a bicikliz\u00e9s rajong\u00f3i sokkal ink\u00e1bb az egyes ker\u00e9kp\u00e1rosok, mint a csapatok teljes\u00edtm\u00e9ny\u00e9t k\u00f6vetik. Ennek oka nyilv\u00e1nval\u00f3: a futballcsapatok hat\u00e1rokon \u00e1t\u00edvel\u0151 k\u00f6vet\u0151t\u00e1borral rendelkeznek. A Chelsea futballklub szurkol\u00f3ja akkor is a csapat rajong\u00f3ja marad, ha k\u00e9s\u0151bb P\u00e1rizsba vagy New Yorkba k\u00f6lt\u00f6zik.\" \/>\n<meta property=\"og:url\" content=\"https:\/\/www.welovecycling.com\/hu\/orszaguti-kerekpar\/a-jumbo-visma-csapat-elkepeszto-szezonja\/\" \/>\n<meta property=\"og:site_name\" content=\"\u0160koda We Love Cycling - Magyarorsz\u00e1g\" \/>\n<meta property=\"article:publisher\" content=\"https:\/\/www.facebook.com\/WeLoveCyclingHungary\/\" \/>\n<meta property=\"article:published_time\" content=\"2022-09-06T06:00:35+00:00\" \/>\n<meta property=\"og:image\" content=\"https:\/\/d2p6e6u75xmxt8.cloudfront.net\/12\/2022\/09\/Jumbo-Visma-profimedia-0715666537-CVR.jpg\" \/>\n\t<meta property=\"og:image:width\" content=\"990\" \/>\n\t<meta property=\"og:image:height\" content=\"660\" \/>\n\t<meta property=\"og:image:type\" content=\"image\/jpeg\" \/>\n<meta name=\"author\" content=\"hegyizs\" \/>\n<meta name=\"twitter:card\" content=\"summary_large_image\" \/>\n<meta name=\"twitter:label1\" content=\"Written by\" \/>\n\t<meta name=\"twitter:data1\" content=\"Siegfried Mortkowitz\" \/>\n\t<meta name=\"twitter:label2\" content=\"Est. reading time\" \/>\n\t<meta name=\"twitter:data2\" content=\"5\" \/>\n<script type=\"application\/ld+json\" class=\"yoast-schema-graph\">{\"@context\":\"https:\/\/schema.org\",\"@graph\":[{\"@type\":\"WebPage\",\"@id\":\"https:\/\/www.welovecycling.com\/hu\/orszaguti-kerekpar\/a-jumbo-visma-csapat-elkepeszto-szezonja\/\",\"url\":\"https:\/\/www.welovecycling.com\/hu\/orszaguti-kerekpar\/a-jumbo-visma-csapat-elkepeszto-szezonja\/\",\"name\":\"A Jumbo-Visma csapat elk\u00e9peszt\u0151 szezonja\",\"isPartOf\":{\"@id\":\"https:\/\/www.welovecycling.com\/hu\/#website\"},\"primaryImageOfPage\":{\"@id\":\"https:\/\/www.welovecycling.com\/hu\/orszaguti-kerekpar\/a-jumbo-visma-csapat-elkepeszto-szezonja\/#primaryimage\"},\"image\":{\"@id\":\"https:\/\/www.welovecycling.com\/hu\/orszaguti-kerekpar\/a-jumbo-visma-csapat-elkepeszto-szezonja\/#primaryimage\"},\"thumbnailUrl\":\"https:\/\/d2p6e6u75xmxt8.cloudfront.net\/12\/2022\/09\/Jumbo-Visma-profimedia-0715666537-CVR.jpg\",\"datePublished\":\"2022-09-06T06:00:35+00:00\",\"author\":{\"@id\":\"https:\/\/www.welovecycling.com\/hu\/#\/schema\/person\/414a2aebf1801691a5320edb6468e194\"},\"description\":\"A futballszurkol\u00f3kkal ellent\u00e9tben a bicikliz\u00e9s rajong\u00f3i sokkal ink\u00e1bb az egyes ker\u00e9kp\u00e1rosok, mint a csapatok teljes\u00edtm\u00e9ny\u00e9t k\u00f6vetik. Ennek oka nyilv\u00e1nval\u00f3: a futballcsapatok hat\u00e1rokon \u00e1t\u00edvel\u0151 k\u00f6vet\u0151t\u00e1borral rendelkeznek. A Chelsea futballklub szurkol\u00f3ja akkor is a csapat rajong\u00f3ja marad, ha k\u00e9s\u0151bb P\u00e1rizsba vagy New Yorkba k\u00f6lt\u00f6zik.\",\"breadcrumb\":{\"@id\":\"https:\/\/www.welovecycling.com\/hu\/orszaguti-kerekpar\/a-jumbo-visma-csapat-elkepeszto-szezonja\/#breadcrumb\"},\"inLanguage\":\"hu\",\"potentialAction\":[{\"@type\":\"ReadAction\",\"target\":[\"https:\/\/www.welovecycling.com\/hu\/orszaguti-kerekpar\/a-jumbo-visma-csapat-elkepeszto-szezonja\/\"]}]},{\"@type\":\"ImageObject\",\"inLanguage\":\"hu\",\"@id\":\"https:\/\/www.welovecycling.com\/hu\/orszaguti-kerekpar\/a-jumbo-visma-csapat-elkepeszto-szezonja\/#primaryimage\",\"url\":\"https:\/\/d2p6e6u75xmxt8.cloudfront.net\/12\/2022\/09\/Jumbo-Visma-profimedia-0715666537-CVR.jpg\",\"contentUrl\":\"https:\/\/d2p6e6u75xmxt8.cloudfront.net\/12\/2022\/09\/Jumbo-Visma-profimedia-0715666537-CVR.jpg\",\"width\":990,\"height\":660,\"caption\":\"Jumbo-Visma\"},{\"@type\":\"BreadcrumbList\",\"@id\":\"https:\/\/www.welovecycling.com\/hu\/orszaguti-kerekpar\/a-jumbo-visma-csapat-elkepeszto-szezonja\/#breadcrumb\",\"itemListElement\":[{\"@type\":\"ListItem\",\"position\":1,\"name\":\"Home\",\"item\":\"https:\/\/www.welovecycling.com\/hu\/\"},{\"@type\":\"ListItem\",\"position\":2,\"name\":\"A Jumbo-Visma csapat elk\u00e9peszt\u0151 szezonja\"}]},{\"@type\":\"WebSite\",\"@id\":\"https:\/\/www.welovecycling.com\/hu\/#website\",\"url\":\"https:\/\/www.welovecycling.com\/hu\/\",\"name\":\"\u0160koda We Love Cycling - Magyarorsz\u00e1g\",\"description\":\"\u0160koda WeLoveCycling\",\"potentialAction\":[{\"@type\":\"SearchAction\",\"target\":{\"@type\":\"EntryPoint\",\"urlTemplate\":\"https:\/\/www.welovecycling.com\/hu\/?s={search_term_string}\"},\"query-input\":{\"@type\":\"PropertyValueSpecification\",\"valueRequired\":true,\"valueName\":\"search_term_string\"}}],\"inLanguage\":\"hu\"},{\"@type\":\"Person\",\"@id\":\"https:\/\/www.welovecycling.com\/hu\/#\/schema\/person\/414a2aebf1801691a5320edb6468e194\",\"name\":\"hegyizs\",\"image\":{\"@type\":\"ImageObject\",\"inLanguage\":\"hu\",\"@id\":\"https:\/\/www.welovecycling.com\/hu\/#\/schema\/person\/image\/\",\"url\":\"https:\/\/secure.gravatar.com\/avatar\/02cf8a7906b8cf90cecb4679defac7cfd33a1c2e3b88e4903d947f3bb58eedd3?s=96&d=mm&r=g\",\"contentUrl\":\"https:\/\/secure.gravatar.com\/avatar\/02cf8a7906b8cf90cecb4679defac7cfd33a1c2e3b88e4903d947f3bb58eedd3?s=96&d=mm&r=g\",\"caption\":\"hegyizs\"},\"url\":\"https:\/\/www.welovecycling.com\/hu\/author\/hegyizs\/\"}]}<\/script>\n<!-- \/ Yoast SEO Premium plugin. -->","yoast_head_json":{"title":"A Jumbo-Visma csapat elk\u00e9peszt\u0151 szezonja","description":"A futballszurkol\u00f3kkal ellent\u00e9tben a bicikliz\u00e9s rajong\u00f3i sokkal ink\u00e1bb az egyes ker\u00e9kp\u00e1rosok, mint a csapatok teljes\u00edtm\u00e9ny\u00e9t k\u00f6vetik. Ennek oka nyilv\u00e1nval\u00f3: a futballcsapatok hat\u00e1rokon \u00e1t\u00edvel\u0151 k\u00f6vet\u0151t\u00e1borral rendelkeznek. A Chelsea futballklub szurkol\u00f3ja akkor is a csapat rajong\u00f3ja marad, ha k\u00e9s\u0151bb P\u00e1rizsba vagy New Yorkba k\u00f6lt\u00f6zik.","robots":{"index":"index","follow":"follow","max-snippet":"max-snippet:-1","max-image-preview":"max-image-preview:large","max-video-preview":"max-video-preview:-1"},"canonical":"https:\/\/www.welovecycling.com\/hu\/orszaguti-kerekpar\/a-jumbo-visma-csapat-elkepeszto-szezonja\/","og_locale":"hu_HU","og_type":"article","og_title":"A Jumbo-Visma csapat elk\u00e9peszt\u0151 szezonja","og_description":"A futballszurkol\u00f3kkal ellent\u00e9tben a bicikliz\u00e9s rajong\u00f3i sokkal ink\u00e1bb az egyes ker\u00e9kp\u00e1rosok, mint a csapatok teljes\u00edtm\u00e9ny\u00e9t k\u00f6vetik. Ennek oka nyilv\u00e1nval\u00f3: a futballcsapatok hat\u00e1rokon \u00e1t\u00edvel\u0151 k\u00f6vet\u0151t\u00e1borral rendelkeznek. A Chelsea futballklub szurkol\u00f3ja akkor is a csapat rajong\u00f3ja marad, ha k\u00e9s\u0151bb P\u00e1rizsba vagy New Yorkba k\u00f6lt\u00f6zik.","og_url":"https:\/\/www.welovecycling.com\/hu\/orszaguti-kerekpar\/a-jumbo-visma-csapat-elkepeszto-szezonja\/","og_site_name":"\u0160koda We Love Cycling - Magyarorsz\u00e1g","article_publisher":"https:\/\/www.facebook.com\/WeLoveCyclingHungary\/","article_published_time":"2022-09-06T06:00:35+00:00","og_image":[{"width":990,"height":660,"url":"https:\/\/d2p6e6u75xmxt8.cloudfront.net\/12\/2022\/09\/Jumbo-Visma-profimedia-0715666537-CVR.jpg","type":"image\/jpeg"}],"author":"hegyizs","twitter_card":"summary_large_image","twitter_misc":{"Written by":"Siegfried Mortkowitz","Est. reading time":"5"},"schema":{"@context":"https:\/\/schema.org","@graph":[{"@type":"WebPage","@id":"https:\/\/www.welovecycling.com\/hu\/orszaguti-kerekpar\/a-jumbo-visma-csapat-elkepeszto-szezonja\/","url":"https:\/\/www.welovecycling.com\/hu\/orszaguti-kerekpar\/a-jumbo-visma-csapat-elkepeszto-szezonja\/","name":"A Jumbo-Visma csapat elk\u00e9peszt\u0151 szezonja","isPartOf":{"@id":"https:\/\/www.welovecycling.com\/hu\/#website"},"primaryImageOfPage":{"@id":"https:\/\/www.welovecycling.com\/hu\/orszaguti-kerekpar\/a-jumbo-visma-csapat-elkepeszto-szezonja\/#primaryimage"},"image":{"@id":"https:\/\/www.welovecycling.com\/hu\/orszaguti-kerekpar\/a-jumbo-visma-csapat-elkepeszto-szezonja\/#primaryimage"},"thumbnailUrl":"https:\/\/d2p6e6u75xmxt8.cloudfront.net\/12\/2022\/09\/Jumbo-Visma-profimedia-0715666537-CVR.jpg","datePublished":"2022-09-06T06:00:35+00:00","author":{"@id":"https:\/\/www.welovecycling.com\/hu\/#\/schema\/person\/414a2aebf1801691a5320edb6468e194"},"description":"A futballszurkol\u00f3kkal ellent\u00e9tben a bicikliz\u00e9s rajong\u00f3i sokkal ink\u00e1bb az egyes ker\u00e9kp\u00e1rosok, mint a csapatok teljes\u00edtm\u00e9ny\u00e9t k\u00f6vetik. Ennek oka nyilv\u00e1nval\u00f3: a futballcsapatok hat\u00e1rokon \u00e1t\u00edvel\u0151 k\u00f6vet\u0151t\u00e1borral rendelkeznek. A Chelsea futballklub szurkol\u00f3ja akkor is a csapat rajong\u00f3ja marad, ha k\u00e9s\u0151bb P\u00e1rizsba vagy New Yorkba k\u00f6lt\u00f6zik.","breadcrumb":{"@id":"https:\/\/www.welovecycling.com\/hu\/orszaguti-kerekpar\/a-jumbo-visma-csapat-elkepeszto-szezonja\/#breadcrumb"},"inLanguage":"hu","potentialAction":[{"@type":"ReadAction","target":["https:\/\/www.welovecycling.com\/hu\/orszaguti-kerekpar\/a-jumbo-visma-csapat-elkepeszto-szezonja\/"]}]},{"@type":"ImageObject","inLanguage":"hu","@id":"https:\/\/www.welovecycling.com\/hu\/orszaguti-kerekpar\/a-jumbo-visma-csapat-elkepeszto-szezonja\/#primaryimage","url":"https:\/\/d2p6e6u75xmxt8.cloudfront.net\/12\/2022\/09\/Jumbo-Visma-profimedia-0715666537-CVR.jpg","contentUrl":"https:\/\/d2p6e6u75xmxt8.cloudfront.net\/12\/2022\/09\/Jumbo-Visma-profimedia-0715666537-CVR.jpg","width":990,"height":660,"caption":"Jumbo-Visma"},{"@type":"BreadcrumbList","@id":"https:\/\/www.welovecycling.com\/hu\/orszaguti-kerekpar\/a-jumbo-visma-csapat-elkepeszto-szezonja\/#breadcrumb","itemListElement":[{"@type":"ListItem","position":1,"name":"Home","item":"https:\/\/www.welovecycling.com\/hu\/"},{"@type":"ListItem","position":2,"name":"A Jumbo-Visma csapat elk\u00e9peszt\u0151 szezonja"}]},{"@type":"WebSite","@id":"https:\/\/www.welovecycling.com\/hu\/#website","url":"https:\/\/www.welovecycling.com\/hu\/","name":"\u0160koda We Love Cycling - Magyarorsz\u00e1g","description":"\u0160koda WeLoveCycling","potentialAction":[{"@type":"SearchAction","target":{"@type":"EntryPoint","urlTemplate":"https:\/\/www.welovecycling.com\/hu\/?s={search_term_string}"},"query-input":{"@type":"PropertyValueSpecification","valueRequired":true,"valueName":"search_term_string"}}],"inLanguage":"hu"},{"@type":"Person","@id":"https:\/\/www.welovecycling.com\/hu\/#\/schema\/person\/414a2aebf1801691a5320edb6468e194","name":"hegyizs","image":{"@type":"ImageObject","inLanguage":"hu","@id":"https:\/\/www.welovecycling.com\/hu\/#\/schema\/person\/image\/","url":"https:\/\/secure.gravatar.com\/avatar\/02cf8a7906b8cf90cecb4679defac7cfd33a1c2e3b88e4903d947f3bb58eedd3?s=96&d=mm&r=g","contentUrl":"https:\/\/secure.gravatar.com\/avatar\/02cf8a7906b8cf90cecb4679defac7cfd33a1c2e3b88e4903d947f3bb58eedd3?s=96&d=mm&r=g","caption":"hegyizs"},"url":"https:\/\/www.welovecycling.com\/hu\/author\/hegyizs\/"}]}},"_links":{"self":[{"href":"https:\/\/www.welovecycling.com\/hu\/wp-json\/wp\/v2\/posts\/15717","targetHints":{"allow":["GET"]}}],"collection":[{"href":"https:\/\/www.welovecycling.com\/hu\/wp-json\/wp\/v2\/posts"}],"about":[{"href":"https:\/\/www.welovecycling.com\/hu\/wp-json\/wp\/v2\/types\/post"}],"author":[{"embeddable":true,"href":"https:\/\/www.welovecycling.com\/hu\/wp-json\/wp\/v2\/users\/71"}],"replies":[{"embeddable":true,"href":"https:\/\/www.welovecycling.com\/hu\/wp-json\/wp\/v2\/comments?post=15717"}],"version-history":[{"count":1,"href":"https:\/\/www.welovecycling.com\/hu\/wp-json\/wp\/v2\/posts\/15717\/revisions"}],"predecessor-version":[{"id":15720,"href":"https:\/\/www.welovecycling.com\/hu\/wp-json\/wp\/v2\/posts\/15717\/revisions\/15720"}],"wp:featuredmedia":[{"embeddable":true,"href":"https:\/\/www.welovecycling.com\/hu\/wp-json\/wp\/v2\/media\/15719"}],"wp:attachment":[{"href":"https:\/\/www.welovecycling.com\/hu\/wp-json\/wp\/v2\/media?parent=15717"}],"wp:term":[{"taxonomy":"category","embeddable":true,"href":"https:\/\/www.welovecycling.com\/hu\/wp-json\/wp\/v2\/categories?post=15717"},{"taxonomy":"post_tag","embeddable":true,"href":"https:\/\/www.welovecycling.com\/hu\/wp-json\/wp\/v2\/tags?post=15717"},{"taxonomy":"global-categories","embeddable":true,"href":"https:\/\/www.welovecycling.com\/hu\/wp-json\/wp\/v2\/global-categories?post=15717"}],"curies":[{"name":"wp","href":"https:\/\/api.w.org\/{rel}","templated":true}]}}