{"id":15707,"date":"2022-09-04T08:00:02","date_gmt":"2022-09-04T06:00:02","guid":{"rendered":"https:\/\/www.welovecycling.com\/hu\/?p=15707"},"modified":"2022-09-02T14:54:18","modified_gmt":"2022-09-02T12:54:18","slug":"vas-blanka-csapata-keresere-megsem-indul-a-vb-n-a-noi-vueltan-viszont-ismet-ott-lesz","status":"publish","type":"post","link":"https:\/\/www.welovecycling.com\/hu\/orszaguti-kerekpar\/vas-blanka-csapata-keresere-megsem-indul-a-vb-n-a-noi-vueltan-viszont-ismet-ott-lesz\/","title":{"rendered":"Vas Blanka csapata k\u00e9r\u00e9s\u00e9re m\u00e9gsem indul a vb-n, a n\u0151i Vuelt\u00e1n viszont ism\u00e9t ott lesz"},"content":{"rendered":"<p><strong>A magyar klasszis az SD Worx priorit\u00e1sait szem el\u0151tt tartva \u00fagy d\u00f6nt\u00f6tt, az eredeti tervekkel ellent\u00e9tben nem \u00e1ll rajthoz az ausztr\u00e1liai orsz\u00e1g\u00fati vil\u00e1gbajnoks\u00e1gon, helyette ink\u00e1bb a terepszezonra koncentr\u00e1l. A j\u00f6v\u0151 h\u00e9ten rajtol\u00f3 n\u0151i Vuelt\u00e1nak viszont a tavalyi \u00e9v ut\u00e1n id\u00e9n is nekiv\u00e1g.<\/strong><br \/>\n<!--more--><\/p>\n<p>Vas Blanka az el\u0151zetes tervek alapj\u00e1n ott lett volna a szeptember v\u00e9gi, wollongongi orsz\u00e1g\u00fati vil\u00e1gbajnoks\u00e1gon, m\u00e9ghozz\u00e1 a feln\u0151ttmez\u0151nyben, valamint az U23-as kateg\u00f3ria legf\u0151bb es\u00e9lyesek\u00e9nt (hiszen tavaly a \u201enagyok\u201d k\u00f6z\u00f6tt fantasztikus negyedik helyet szerzett, \u00e9ppen csak lemaradva a dobog\u00f3r\u00f3l). \u00cdgy h\u00e1t joggal v\u00e1rtuk nagyon a vb-t, \u00e1m Blanka a h\u00e9ten leh\u0171t\u00f6tte a ked\u00e9lyeket: bejelentette, a v\u00e1rakoz\u00e1sokkal ellent\u00e9tben m\u00e9gsem lesz ott az ausztr\u00e1liai mez\u0151nyben. A m\u00e9g mindig csak h\u00fasz\u00e9ves magyar kedvenc az Eurosportnak meg is indokolta d\u00f6nt\u00e9se okait, mint mondta: <em>\u201eAz SD Worxnek nem jelentett volna olyan sokat, ha nyerek egy \u00e9rmet az U23-asok k\u00f6z\u00f6tt, mint ha ink\u00e1bb a cross-szezonban teljes\u00edtek j\u00f3l. Emellett az Eur\u00f3pa-bajnoks\u00e1g kiemelt fontoss\u00e1g\u00fa sz\u00e1momra, az pedig november elej\u00e9n esed\u00e9kes, teh\u00e1t egy\u00e1ltal\u00e1n nincs messze. \u00cdgy el\u0151tte ink\u00e1bb kisebb csehorsz\u00e1gi versenyeken igyekszem felvenni a ritmust, mert ha elutazn\u00e9k a vil\u00e1g m\u00e1sik fel\u00e9re, az most extra terhet jelentene.\u201d<\/em><\/p>\n<p>Blanka hangs\u00falyozta, hogy a d\u00f6nt\u00e9st \u0151 maga hozta meg, senki sem \u201ek\u00e9nyszer\u00edtette\u201d, azt ugyanakkor nem is tagadta, hogy orsz\u00e1g\u00fati csapata, az SD Worx az extraklasszis Anna van der Breggen sportigazgat\u00f3val egy\u00fctt val\u00f3ban megk\u00e9rte, ha egy m\u00f3d van r\u00e1, ink\u00e1bb gondolja \u00e1t m\u00e9g egyszer a menetrendj\u00e9t, k\u00fcl\u00f6n\u00f6s tekintettel a rengeteg utaz\u00e1sra.<\/p>\n<figure id=\"attachment_15709\" aria-describedby=\"caption-attachment-15709\" style=\"width: 725px\" class=\"wp-caption alignnone\"><img loading=\"lazy\" decoding=\"async\" class=\"size-full wp-image-15709\" src=\"https:\/\/d2p6e6u75xmxt8.cloudfront.net\/12\/2022\/09\/vb_2.jpg\" alt=\"\" width=\"725\" height=\"483\" srcset=\"https:\/\/d2p6e6u75xmxt8.cloudfront.net\/12\/2022\/09\/vb_2.jpg 725w, https:\/\/d2p6e6u75xmxt8.cloudfront.net\/12\/2022\/09\/vb_2-300x200.jpg 300w, https:\/\/d2p6e6u75xmxt8.cloudfront.net\/12\/2022\/09\/vb_2-272x182.jpg 272w\" sizes=\"auto, (max-width: 725px) 100vw, 725px\" \/><figcaption id=\"caption-attachment-15709\" class=\"wp-caption-text\">Blanka ink\u00e1bb a cyclocross-szezonra koncentr\u00e1l (fot\u00f3: Facebook\/Vas Blanka)<\/figcaption><\/figure>\n<p>A sokoldal\u00fa, hegyiker\u00e9kp\u00e1rban olimpiai negyedik magyar kiv\u00e1l\u00f3s\u00e1g aszfalton legut\u00f3bb augusztus utols\u00f3 h\u00e9tv\u00e9g\u00e9j\u00e9n versenyzett, akkor \u00fajabb top 10-es eredm\u00e9nyt hozva a 8. helyen v\u00e9gzett a franciaorsz\u00e1gi Classic Lorient Agglom\u00e9ration &#8211; Troph\u00e9e Ceratizit nev\u0171 viadalon. Tov\u00e1bbi j\u00f3 h\u00edr, hogy miel\u0151tt a magyar nemzeti \u00fcnnepen, okt\u00f3ber 23-\u00e1n megkezden\u00e9 a cyclocross-id\u00e9nyt a csehorsz\u00e1gi, t\u00e1bori vil\u00e1gkupaversenyen, m\u00e9g \u00fajfent rajthoz \u00e1ll Spanyolorsz\u00e1gban a szeptember 7. \u00e9s 11. k\u00f6z\u00f6tt esed\u00e9kes n\u0151i Vuelt\u00e1n is. A Ceratizit Challenge by la Vuelta n\u00e9vre hallgat\u00f3, id\u00e9n m\u00e1r \u00f6tnaposra b\u0151v\u00fcl\u0151 viadalon m\u00e1r tavaly is ott volt, akkor remek\u00fcl teljes\u00edtett: kv\u00e1zi deb\u00fct\u00e1l\u00f3 SD Worx-\u00f6s orsz\u00e1g\u00fati nagy verseny\u00e9n r\u00f6gt\u00f6n az \u00f6sszetett 9. hely\u00e9n (a pontversenynek pedig a 11. hely\u00e9n) z\u00e1rt \u00fagy, hogy a harmadik szakaszon a 6., a z\u00e1r\u00f3etapon pedig a negyedik poz\u00edci\u00f3ban \u00e9rt c\u00e9lba!<\/p>\n<figure id=\"attachment_15710\" aria-describedby=\"caption-attachment-15710\" style=\"width: 765px\" class=\"wp-caption alignnone\"><img loading=\"lazy\" decoding=\"async\" class=\"size-full wp-image-15710\" src=\"https:\/\/d2p6e6u75xmxt8.cloudfront.net\/12\/2022\/09\/vb_3.jpg\" alt=\"\" width=\"765\" height=\"512\" srcset=\"https:\/\/d2p6e6u75xmxt8.cloudfront.net\/12\/2022\/09\/vb_3.jpg 765w, https:\/\/d2p6e6u75xmxt8.cloudfront.net\/12\/2022\/09\/vb_3-300x201.jpg 300w, https:\/\/d2p6e6u75xmxt8.cloudfront.net\/12\/2022\/09\/vb_3-272x182.jpg 272w\" sizes=\"auto, (max-width: 765px) 100vw, 765px\" \/><figcaption id=\"caption-attachment-15710\" class=\"wp-caption-text\">A n\u0151i Giro ut\u00e1n \u00fajabb rangos versenyen vehet r\u00e9szt (fot\u00f3: Facebook\/Vas Blanka)<\/figcaption><\/figure>\n<p>Bor\u00edt\u00f3k\u00e9p: Facebook\/Vas Blanka<\/p>\n","protected":false},"excerpt":{"rendered":"<p>A magyar klasszis az SD Worx priorit\u00e1sait szem el\u0151tt tartva \u00fagy d\u00f6nt\u00f6tt, az eredeti tervekkel ellent\u00e9tben nem \u00e1ll rajthoz az [&hellip;]<\/p>\n","protected":false},"author":71,"featured_media":15708,"comment_status":"open","ping_status":"open","sticky":false,"template":"","format":"standard","meta":{"footnotes":""},"categories":[8],"tags":[],"global-categories":[],"class_list":["post-15707","post","type-post","status-publish","format-standard","has-post-thumbnail","hentry","category-orszaguti-kerekpar"],"yoast_head":"<!-- This site is optimized with the Yoast SEO Premium plugin v25.3 (Yoast SEO v25.9) - https:\/\/yoast.com\/wordpress\/plugins\/seo\/ -->\n<title>Vas Blanka csapata k\u00e9r\u00e9s\u00e9re m\u00e9gsem indul a vb-n, a n\u0151i Vuelt\u00e1n viszont ism\u00e9t ott lesz<\/title>\n<meta name=\"description\" content=\"A magyar klasszis az SD Worx priorit\u00e1sait szem el\u0151tt tartva \u00fagy d\u00f6nt\u00f6tt, az eredeti tervekkel ellent\u00e9tben nem \u00e1ll rajthoz az ausztr\u00e1liai orsz\u00e1g\u00fati vil\u00e1gbajnoks\u00e1gon, helyette ink\u00e1bb a terepszezonra koncentr\u00e1l. A j\u00f6v\u0151 h\u00e9ten rajtol\u00f3 n\u0151i Vuelt\u00e1nak viszont a tavalyi \u00e9v ut\u00e1n id\u00e9n is nekiv\u00e1g.\" \/>\n<meta name=\"robots\" content=\"index, follow, max-snippet:-1, max-image-preview:large, max-video-preview:-1\" \/>\n<link rel=\"canonical\" href=\"https:\/\/www.welovecycling.com\/hu\/orszaguti-kerekpar\/vas-blanka-csapata-keresere-megsem-indul-a-vb-n-a-noi-vueltan-viszont-ismet-ott-lesz\/\" \/>\n<meta property=\"og:locale\" content=\"hu_HU\" \/>\n<meta property=\"og:type\" content=\"article\" \/>\n<meta property=\"og:title\" content=\"Vas Blanka csapata k\u00e9r\u00e9s\u00e9re m\u00e9gsem indul a vb-n, a n\u0151i Vuelt\u00e1n viszont ism\u00e9t ott lesz\" \/>\n<meta property=\"og:description\" content=\"A magyar klasszis az SD Worx priorit\u00e1sait szem el\u0151tt tartva \u00fagy d\u00f6nt\u00f6tt, az eredeti tervekkel ellent\u00e9tben nem \u00e1ll rajthoz az ausztr\u00e1liai orsz\u00e1g\u00fati vil\u00e1gbajnoks\u00e1gon, helyette ink\u00e1bb a terepszezonra koncentr\u00e1l. A j\u00f6v\u0151 h\u00e9ten rajtol\u00f3 n\u0151i Vuelt\u00e1nak viszont a tavalyi \u00e9v ut\u00e1n id\u00e9n is nekiv\u00e1g.\" \/>\n<meta property=\"og:url\" content=\"https:\/\/www.welovecycling.com\/hu\/orszaguti-kerekpar\/vas-blanka-csapata-keresere-megsem-indul-a-vb-n-a-noi-vueltan-viszont-ismet-ott-lesz\/\" \/>\n<meta property=\"og:site_name\" content=\"\u0160koda We Love Cycling - Magyarorsz\u00e1g\" \/>\n<meta property=\"article:publisher\" content=\"https:\/\/www.facebook.com\/WeLoveCyclingHungary\/\" \/>\n<meta property=\"article:published_time\" content=\"2022-09-04T06:00:02+00:00\" \/>\n<meta property=\"og:image\" content=\"https:\/\/d2p6e6u75xmxt8.cloudfront.net\/12\/2022\/09\/vb_1.jpg\" \/>\n\t<meta property=\"og:image:width\" content=\"798\" \/>\n\t<meta property=\"og:image:height\" content=\"532\" \/>\n\t<meta property=\"og:image:type\" content=\"image\/jpeg\" \/>\n<meta name=\"author\" content=\"hegyizs\" \/>\n<meta name=\"twitter:card\" content=\"summary_large_image\" \/>\n<meta name=\"twitter:label1\" content=\"Written by\" \/>\n\t<meta name=\"twitter:data1\" content=\"WLC\" \/>\n\t<meta name=\"twitter:label2\" content=\"Est. reading time\" \/>\n\t<meta name=\"twitter:data2\" content=\"3 minutes\" \/>\n<script type=\"application\/ld+json\" class=\"yoast-schema-graph\">{\"@context\":\"https:\/\/schema.org\",\"@graph\":[{\"@type\":\"WebPage\",\"@id\":\"https:\/\/www.welovecycling.com\/hu\/orszaguti-kerekpar\/vas-blanka-csapata-keresere-megsem-indul-a-vb-n-a-noi-vueltan-viszont-ismet-ott-lesz\/\",\"url\":\"https:\/\/www.welovecycling.com\/hu\/orszaguti-kerekpar\/vas-blanka-csapata-keresere-megsem-indul-a-vb-n-a-noi-vueltan-viszont-ismet-ott-lesz\/\",\"name\":\"Vas Blanka csapata k\u00e9r\u00e9s\u00e9re m\u00e9gsem indul a vb-n, a n\u0151i Vuelt\u00e1n viszont ism\u00e9t ott lesz\",\"isPartOf\":{\"@id\":\"https:\/\/www.welovecycling.com\/hu\/#website\"},\"primaryImageOfPage\":{\"@id\":\"https:\/\/www.welovecycling.com\/hu\/orszaguti-kerekpar\/vas-blanka-csapata-keresere-megsem-indul-a-vb-n-a-noi-vueltan-viszont-ismet-ott-lesz\/#primaryimage\"},\"image\":{\"@id\":\"https:\/\/www.welovecycling.com\/hu\/orszaguti-kerekpar\/vas-blanka-csapata-keresere-megsem-indul-a-vb-n-a-noi-vueltan-viszont-ismet-ott-lesz\/#primaryimage\"},\"thumbnailUrl\":\"https:\/\/d2p6e6u75xmxt8.cloudfront.net\/12\/2022\/09\/vb_1.jpg\",\"datePublished\":\"2022-09-04T06:00:02+00:00\",\"author\":{\"@id\":\"https:\/\/www.welovecycling.com\/hu\/#\/schema\/person\/414a2aebf1801691a5320edb6468e194\"},\"description\":\"A magyar klasszis az SD Worx priorit\u00e1sait szem el\u0151tt tartva \u00fagy d\u00f6nt\u00f6tt, az eredeti tervekkel ellent\u00e9tben nem \u00e1ll rajthoz az ausztr\u00e1liai orsz\u00e1g\u00fati vil\u00e1gbajnoks\u00e1gon, helyette ink\u00e1bb a terepszezonra koncentr\u00e1l. A j\u00f6v\u0151 h\u00e9ten rajtol\u00f3 n\u0151i Vuelt\u00e1nak viszont a tavalyi \u00e9v ut\u00e1n id\u00e9n is nekiv\u00e1g.\",\"breadcrumb\":{\"@id\":\"https:\/\/www.welovecycling.com\/hu\/orszaguti-kerekpar\/vas-blanka-csapata-keresere-megsem-indul-a-vb-n-a-noi-vueltan-viszont-ismet-ott-lesz\/#breadcrumb\"},\"inLanguage\":\"hu\",\"potentialAction\":[{\"@type\":\"ReadAction\",\"target\":[\"https:\/\/www.welovecycling.com\/hu\/orszaguti-kerekpar\/vas-blanka-csapata-keresere-megsem-indul-a-vb-n-a-noi-vueltan-viszont-ismet-ott-lesz\/\"]}]},{\"@type\":\"ImageObject\",\"inLanguage\":\"hu\",\"@id\":\"https:\/\/www.welovecycling.com\/hu\/orszaguti-kerekpar\/vas-blanka-csapata-keresere-megsem-indul-a-vb-n-a-noi-vueltan-viszont-ismet-ott-lesz\/#primaryimage\",\"url\":\"https:\/\/d2p6e6u75xmxt8.cloudfront.net\/12\/2022\/09\/vb_1.jpg\",\"contentUrl\":\"https:\/\/d2p6e6u75xmxt8.cloudfront.net\/12\/2022\/09\/vb_1.jpg\",\"width\":798,\"height\":532},{\"@type\":\"BreadcrumbList\",\"@id\":\"https:\/\/www.welovecycling.com\/hu\/orszaguti-kerekpar\/vas-blanka-csapata-keresere-megsem-indul-a-vb-n-a-noi-vueltan-viszont-ismet-ott-lesz\/#breadcrumb\",\"itemListElement\":[{\"@type\":\"ListItem\",\"position\":1,\"name\":\"Home\",\"item\":\"https:\/\/www.welovecycling.com\/hu\/\"},{\"@type\":\"ListItem\",\"position\":2,\"name\":\"Vas Blanka csapata k\u00e9r\u00e9s\u00e9re m\u00e9gsem indul a vb-n, a n\u0151i Vuelt\u00e1n viszont ism\u00e9t ott lesz\"}]},{\"@type\":\"WebSite\",\"@id\":\"https:\/\/www.welovecycling.com\/hu\/#website\",\"url\":\"https:\/\/www.welovecycling.com\/hu\/\",\"name\":\"\u0160koda We Love Cycling - Magyarorsz\u00e1g\",\"description\":\"\u0160koda WeLoveCycling\",\"potentialAction\":[{\"@type\":\"SearchAction\",\"target\":{\"@type\":\"EntryPoint\",\"urlTemplate\":\"https:\/\/www.welovecycling.com\/hu\/?s={search_term_string}\"},\"query-input\":{\"@type\":\"PropertyValueSpecification\",\"valueRequired\":true,\"valueName\":\"search_term_string\"}}],\"inLanguage\":\"hu\"},{\"@type\":\"Person\",\"@id\":\"https:\/\/www.welovecycling.com\/hu\/#\/schema\/person\/414a2aebf1801691a5320edb6468e194\",\"name\":\"hegyizs\",\"image\":{\"@type\":\"ImageObject\",\"inLanguage\":\"hu\",\"@id\":\"https:\/\/www.welovecycling.com\/hu\/#\/schema\/person\/image\/\",\"url\":\"https:\/\/secure.gravatar.com\/avatar\/02cf8a7906b8cf90cecb4679defac7cfd33a1c2e3b88e4903d947f3bb58eedd3?s=96&d=mm&r=g\",\"contentUrl\":\"https:\/\/secure.gravatar.com\/avatar\/02cf8a7906b8cf90cecb4679defac7cfd33a1c2e3b88e4903d947f3bb58eedd3?s=96&d=mm&r=g\",\"caption\":\"hegyizs\"},\"url\":\"https:\/\/www.welovecycling.com\/hu\/author\/hegyizs\/\"}]}<\/script>\n<!-- \/ Yoast SEO Premium plugin. -->","yoast_head_json":{"title":"Vas Blanka csapata k\u00e9r\u00e9s\u00e9re m\u00e9gsem indul a vb-n, a n\u0151i Vuelt\u00e1n viszont ism\u00e9t ott lesz","description":"A magyar klasszis az SD Worx priorit\u00e1sait szem el\u0151tt tartva \u00fagy d\u00f6nt\u00f6tt, az eredeti tervekkel ellent\u00e9tben nem \u00e1ll rajthoz az ausztr\u00e1liai orsz\u00e1g\u00fati vil\u00e1gbajnoks\u00e1gon, helyette ink\u00e1bb a terepszezonra koncentr\u00e1l. A j\u00f6v\u0151 h\u00e9ten rajtol\u00f3 n\u0151i Vuelt\u00e1nak viszont a tavalyi \u00e9v ut\u00e1n id\u00e9n is nekiv\u00e1g.","robots":{"index":"index","follow":"follow","max-snippet":"max-snippet:-1","max-image-preview":"max-image-preview:large","max-video-preview":"max-video-preview:-1"},"canonical":"https:\/\/www.welovecycling.com\/hu\/orszaguti-kerekpar\/vas-blanka-csapata-keresere-megsem-indul-a-vb-n-a-noi-vueltan-viszont-ismet-ott-lesz\/","og_locale":"hu_HU","og_type":"article","og_title":"Vas Blanka csapata k\u00e9r\u00e9s\u00e9re m\u00e9gsem indul a vb-n, a n\u0151i Vuelt\u00e1n viszont ism\u00e9t ott lesz","og_description":"A magyar klasszis az SD Worx priorit\u00e1sait szem el\u0151tt tartva \u00fagy d\u00f6nt\u00f6tt, az eredeti tervekkel ellent\u00e9tben nem \u00e1ll rajthoz az ausztr\u00e1liai orsz\u00e1g\u00fati vil\u00e1gbajnoks\u00e1gon, helyette ink\u00e1bb a terepszezonra koncentr\u00e1l. A j\u00f6v\u0151 h\u00e9ten rajtol\u00f3 n\u0151i Vuelt\u00e1nak viszont a tavalyi \u00e9v ut\u00e1n id\u00e9n is nekiv\u00e1g.","og_url":"https:\/\/www.welovecycling.com\/hu\/orszaguti-kerekpar\/vas-blanka-csapata-keresere-megsem-indul-a-vb-n-a-noi-vueltan-viszont-ismet-ott-lesz\/","og_site_name":"\u0160koda We Love Cycling - Magyarorsz\u00e1g","article_publisher":"https:\/\/www.facebook.com\/WeLoveCyclingHungary\/","article_published_time":"2022-09-04T06:00:02+00:00","og_image":[{"width":798,"height":532,"url":"https:\/\/d2p6e6u75xmxt8.cloudfront.net\/12\/2022\/09\/vb_1.jpg","type":"image\/jpeg"}],"author":"hegyizs","twitter_card":"summary_large_image","twitter_misc":{"Written by":"WLC","Est. reading time":"3 minutes"},"schema":{"@context":"https:\/\/schema.org","@graph":[{"@type":"WebPage","@id":"https:\/\/www.welovecycling.com\/hu\/orszaguti-kerekpar\/vas-blanka-csapata-keresere-megsem-indul-a-vb-n-a-noi-vueltan-viszont-ismet-ott-lesz\/","url":"https:\/\/www.welovecycling.com\/hu\/orszaguti-kerekpar\/vas-blanka-csapata-keresere-megsem-indul-a-vb-n-a-noi-vueltan-viszont-ismet-ott-lesz\/","name":"Vas Blanka csapata k\u00e9r\u00e9s\u00e9re m\u00e9gsem indul a vb-n, a n\u0151i Vuelt\u00e1n viszont ism\u00e9t ott lesz","isPartOf":{"@id":"https:\/\/www.welovecycling.com\/hu\/#website"},"primaryImageOfPage":{"@id":"https:\/\/www.welovecycling.com\/hu\/orszaguti-kerekpar\/vas-blanka-csapata-keresere-megsem-indul-a-vb-n-a-noi-vueltan-viszont-ismet-ott-lesz\/#primaryimage"},"image":{"@id":"https:\/\/www.welovecycling.com\/hu\/orszaguti-kerekpar\/vas-blanka-csapata-keresere-megsem-indul-a-vb-n-a-noi-vueltan-viszont-ismet-ott-lesz\/#primaryimage"},"thumbnailUrl":"https:\/\/d2p6e6u75xmxt8.cloudfront.net\/12\/2022\/09\/vb_1.jpg","datePublished":"2022-09-04T06:00:02+00:00","author":{"@id":"https:\/\/www.welovecycling.com\/hu\/#\/schema\/person\/414a2aebf1801691a5320edb6468e194"},"description":"A magyar klasszis az SD Worx priorit\u00e1sait szem el\u0151tt tartva \u00fagy d\u00f6nt\u00f6tt, az eredeti tervekkel ellent\u00e9tben nem \u00e1ll rajthoz az ausztr\u00e1liai orsz\u00e1g\u00fati vil\u00e1gbajnoks\u00e1gon, helyette ink\u00e1bb a terepszezonra koncentr\u00e1l. A j\u00f6v\u0151 h\u00e9ten rajtol\u00f3 n\u0151i Vuelt\u00e1nak viszont a tavalyi \u00e9v ut\u00e1n id\u00e9n is nekiv\u00e1g.","breadcrumb":{"@id":"https:\/\/www.welovecycling.com\/hu\/orszaguti-kerekpar\/vas-blanka-csapata-keresere-megsem-indul-a-vb-n-a-noi-vueltan-viszont-ismet-ott-lesz\/#breadcrumb"},"inLanguage":"hu","potentialAction":[{"@type":"ReadAction","target":["https:\/\/www.welovecycling.com\/hu\/orszaguti-kerekpar\/vas-blanka-csapata-keresere-megsem-indul-a-vb-n-a-noi-vueltan-viszont-ismet-ott-lesz\/"]}]},{"@type":"ImageObject","inLanguage":"hu","@id":"https:\/\/www.welovecycling.com\/hu\/orszaguti-kerekpar\/vas-blanka-csapata-keresere-megsem-indul-a-vb-n-a-noi-vueltan-viszont-ismet-ott-lesz\/#primaryimage","url":"https:\/\/d2p6e6u75xmxt8.cloudfront.net\/12\/2022\/09\/vb_1.jpg","contentUrl":"https:\/\/d2p6e6u75xmxt8.cloudfront.net\/12\/2022\/09\/vb_1.jpg","width":798,"height":532},{"@type":"BreadcrumbList","@id":"https:\/\/www.welovecycling.com\/hu\/orszaguti-kerekpar\/vas-blanka-csapata-keresere-megsem-indul-a-vb-n-a-noi-vueltan-viszont-ismet-ott-lesz\/#breadcrumb","itemListElement":[{"@type":"ListItem","position":1,"name":"Home","item":"https:\/\/www.welovecycling.com\/hu\/"},{"@type":"ListItem","position":2,"name":"Vas Blanka csapata k\u00e9r\u00e9s\u00e9re m\u00e9gsem indul a vb-n, a n\u0151i Vuelt\u00e1n viszont ism\u00e9t ott lesz"}]},{"@type":"WebSite","@id":"https:\/\/www.welovecycling.com\/hu\/#website","url":"https:\/\/www.welovecycling.com\/hu\/","name":"\u0160koda We Love Cycling - Magyarorsz\u00e1g","description":"\u0160koda WeLoveCycling","potentialAction":[{"@type":"SearchAction","target":{"@type":"EntryPoint","urlTemplate":"https:\/\/www.welovecycling.com\/hu\/?s={search_term_string}"},"query-input":{"@type":"PropertyValueSpecification","valueRequired":true,"valueName":"search_term_string"}}],"inLanguage":"hu"},{"@type":"Person","@id":"https:\/\/www.welovecycling.com\/hu\/#\/schema\/person\/414a2aebf1801691a5320edb6468e194","name":"hegyizs","image":{"@type":"ImageObject","inLanguage":"hu","@id":"https:\/\/www.welovecycling.com\/hu\/#\/schema\/person\/image\/","url":"https:\/\/secure.gravatar.com\/avatar\/02cf8a7906b8cf90cecb4679defac7cfd33a1c2e3b88e4903d947f3bb58eedd3?s=96&d=mm&r=g","contentUrl":"https:\/\/secure.gravatar.com\/avatar\/02cf8a7906b8cf90cecb4679defac7cfd33a1c2e3b88e4903d947f3bb58eedd3?s=96&d=mm&r=g","caption":"hegyizs"},"url":"https:\/\/www.welovecycling.com\/hu\/author\/hegyizs\/"}]}},"_links":{"self":[{"href":"https:\/\/www.welovecycling.com\/hu\/wp-json\/wp\/v2\/posts\/15707","targetHints":{"allow":["GET"]}}],"collection":[{"href":"https:\/\/www.welovecycling.com\/hu\/wp-json\/wp\/v2\/posts"}],"about":[{"href":"https:\/\/www.welovecycling.com\/hu\/wp-json\/wp\/v2\/types\/post"}],"author":[{"embeddable":true,"href":"https:\/\/www.welovecycling.com\/hu\/wp-json\/wp\/v2\/users\/71"}],"replies":[{"embeddable":true,"href":"https:\/\/www.welovecycling.com\/hu\/wp-json\/wp\/v2\/comments?post=15707"}],"version-history":[{"count":2,"href":"https:\/\/www.welovecycling.com\/hu\/wp-json\/wp\/v2\/posts\/15707\/revisions"}],"predecessor-version":[{"id":15712,"href":"https:\/\/www.welovecycling.com\/hu\/wp-json\/wp\/v2\/posts\/15707\/revisions\/15712"}],"wp:featuredmedia":[{"embeddable":true,"href":"https:\/\/www.welovecycling.com\/hu\/wp-json\/wp\/v2\/media\/15708"}],"wp:attachment":[{"href":"https:\/\/www.welovecycling.com\/hu\/wp-json\/wp\/v2\/media?parent=15707"}],"wp:term":[{"taxonomy":"category","embeddable":true,"href":"https:\/\/www.welovecycling.com\/hu\/wp-json\/wp\/v2\/categories?post=15707"},{"taxonomy":"post_tag","embeddable":true,"href":"https:\/\/www.welovecycling.com\/hu\/wp-json\/wp\/v2\/tags?post=15707"},{"taxonomy":"global-categories","embeddable":true,"href":"https:\/\/www.welovecycling.com\/hu\/wp-json\/wp\/v2\/global-categories?post=15707"}],"curies":[{"name":"wp","href":"https:\/\/api.w.org\/{rel}","templated":true}]}}