{"id":15702,"date":"2022-08-31T08:00:38","date_gmt":"2022-08-31T06:00:38","guid":{"rendered":"https:\/\/www.welovecycling.com\/hu\/?p=15702"},"modified":"2022-09-05T15:14:59","modified_gmt":"2022-09-05T13:14:59","slug":"tom-dumoulin-a-karrierje-befejezeserol-ugy-erezm-keszen-allok-eletem-egy-uj-szakaszara","status":"publish","type":"post","link":"https:\/\/www.welovecycling.com\/hu\/orszaguti-kerekpar\/tom-dumoulin-a-karrierje-befejezeserol-ugy-erezm-keszen-allok-eletem-egy-uj-szakaszara\/","title":{"rendered":"Tom Dumoulin a karrierje befejez\u00e9s\u00e9r\u0151l: &#8220;\u00dagy \u00e9rzem, k\u00e9szen \u00e1llok \u00e9letem egy \u00faj szakasz\u00e1ra&#8221;"},"content":{"rendered":"<p><strong>A holland szt\u00e1rversenyz\u0151 kor\u00e1bban m\u00e1r bejelentette, hogy az idei szezon ut\u00e1n visszavonul. Azonban \u00fagy alakult, hogy a j\u00falius v\u00e9gi Klasikoa San Sebasti\u00e1n volt az utols\u00f3 versenye, ugyanis a futam ut\u00e1n Tom Dumoulin \u00fagy d\u00f6nt\u00f6tt, <\/strong><a href=\"https:\/\/www.welovecycling.com\/hu\/orszaguti-kerekpar\/roglic-ott-lesz-a-vueltan-bernal-a-dan-koron-tert-vissza-dumoulin-vegleg-abbahagyja\/\"><strong>azonnali hat\u00e1llyal befejezi ker\u00e9kp\u00e1ros p\u00e1lyafut\u00e1s\u00e1t.<\/strong><\/a><\/p>\n<p><!--more--><\/p>\n<p>A 31 \u00e9ves j\u00e1t\u00e9kos a csapat honlapj\u00e1n indokolta d\u00f6nt\u00e9s\u00e9t:<\/p>\n<p>&#8220;\u00dagy d\u00f6nt\u00f6ttem, hogy azonnali hat\u00e1llyal felhagyok a profi ker\u00e9kp\u00e1roz\u00e1ssal. K\u00f6r\u00fclbel\u00fcl k\u00e9t h\u00f3nappal ezel\u0151tt jelentettem be, hogy az \u00e9v v\u00e9g\u00e9n visszavonulok, ugyanis a tavalyi tavasz folyam\u00e1n a ker\u00e9kp\u00e1r ir\u00e1nti szeretetem ellen\u00e9re \u00e9szrevettem, hogy a dolgok nem \u00fagy mennek, ahogyan szerettem volna. \u00dagy \u00e9reztem, itt az ideje \u00faj szakaszt nyitnom az \u00e9letemben. Egyetlen dolog volt m\u00e9g a k\u00edv\u00e1ns\u00e1glist\u00e1mon. Az ausztr\u00e1liai vil\u00e1gbajnoks\u00e1gon egy nagy durran\u00e1ssal akartam befejezni a p\u00e1lyafut\u00e1som. Szerettem volna \u00fagy nekiv\u00e1gni a vil\u00e1gbajnoks\u00e1gnak, ahogyan a toki\u00f3i olimpi\u00e1nak is: szabads\u00e1g\u00e9rzettel, a saj\u00e1t felt\u00e9teleim szerint, a csapat t\u00e1mogat\u00e1s\u00e1val \u00e9s a bels\u0151 motiv\u00e1ci\u00f3mmal, mint f\u0151 \u00fczemanyaggal. Annak idej\u00e9n ez adta vissza sz\u00e1momra a ker\u00e9kp\u00e1roz\u00e1s \u00f6r\u00f6m\u00e9t. De azon kaptam magam, hogy ezt m\u00e1r nem tudom megtenni. A tank \u00fcres, a l\u00e1bam neh\u00e9z, \u00e9s az edz\u00e9sek nem \u00fagy siker\u00fclnek, ahogy rem\u00e9ltem. Nem voltak ide\u00e1lisak a k\u00f6r\u00fclm\u00e9nyek ahhoz, hogy j\u00f3 k\u00f6z\u00e9rzettel \u00e9s a j\u00f3 teljes\u00edtm\u00e9ny rem\u00e9ny\u00e9ben induljak a vil\u00e1gbajnoks\u00e1gon. A tavaly szeptemberi balesetem ut\u00e1n valami megt\u00f6rt bennem. \u00d3ri\u00e1si er\u0151fesz\u00edt\u00e9sembe telt visszat\u00e9rnem a r\u00e9gi form\u00e1mhoz, ahol egy \u00fajabb csal\u00f3d\u00e1s v\u00e1rt. Ez m\u00e1r t\u00fal sok volt. B\u00e1r a b\u00facs\u00fa v\u00e9g\u00fcl nem \u00fagy siker\u00fclt, ahogyan rem\u00e9ltem, hihetetlen b\u00fcszkes\u00e9ggel tekintek vissza a p\u00e1lyafut\u00e1somra. Kem\u00e9nyen dolgoztam, sok \u00e9ven \u00e1t nagy szenved\u00e9llyel \u00e9s \u00f6r\u00f6mmel versenyeztem, \u00e9s ragyog\u00f3 teljes\u00edtm\u00e9nyeket hoztam. Ezt soha nem fogom elfelejteni. Most itt az ideje, hogy m\u00e1s dolgokat is \u00e9lvezzek, \u00e9s ott legyek azok sz\u00e1m\u00e1ra, akiket szeretek. Nagy k\u00f6sz\u00f6net a csapatomnak \u00e9s mindenkinek, aki t\u00e1mogatott a fantasztikus karrierem sor\u00e1n. \u00c9s k\u00fcl\u00f6n k\u00f6sz\u00f6net a feles\u00e9gemnek, aki mindv\u00e9gig mellettem volt.&#8221;<\/p>\n<div class=\"embed-controller-wrapper\">\n<blockquote class=\"twitter-tweet\" data-width=\"500\" data-dnt=\"true\">\n<p lang=\"en\" dir=\"ltr\">I decided to quit professional cycling with immediate effect. Read more\ud83d\udcdd <a href=\"https:\/\/t.co\/mAGMX5olCG\">pic.twitter.com\/mAGMX5olCG<\/a><\/p>\n<p>&mdash; Tom Dumoulin (@tom_dumoulin) <a href=\"https:\/\/twitter.com\/tom_dumoulin\/status\/1559215107514720259?ref_src=twsrc%5Etfw\">August 15, 2022<\/a><\/p><\/blockquote>\n<p><script async data-src=\"https:\/\/platform.twitter.com\/widgets.js\" charset=\"utf-8\"><\/script><\/div>\n<p>Dumoulin 31 \u00e9vesen vonul vissza. 2017-ben megnyerte a Giro d&#8217;Itali\u00e1t, 2018-ban pedig m\u00e1sodik lett a Touron \u00e9s a Gir\u00f3n is. A nagyszer\u0171 id\u0151futamgy\u0151ztesnek egy vil\u00e1gbajnoki c\u00edme \u00e9s \u00f6sszesen 22 gy\u0151zelme van.<\/p>\n<p>&#8220;Sajn\u00e1ljuk, hogy Tom azonnali hat\u00e1llyal befejezi a p\u00e1lyafut\u00e1s\u00e1t, de tiszteletben tartjuk a d\u00f6nt\u00e9s\u00e9t&#8221; &#8211; nyilatkozta Richard Plugge, a Team Jumbo-Visma \u00e1ltal\u00e1nos igazgat\u00f3ja a weboldalon &#8211; &#8220;Tom sokat jelentett a ker\u00e9kp\u00e1rsport rajong\u00f3inak, mind Hollandi\u00e1ban, mind vil\u00e1gszerte. B\u00fcszke lehet a p\u00e1lyafut\u00e1s\u00e1ra. Minden j\u00f3t k\u00edv\u00e1nunk neki a j\u00f6v\u0151re n\u00e9zve&#8221;.<\/p>\n<p>Hi\u00e1nyozni fogsz, Tom. A vil\u00e1g minden boldogs\u00e1g\u00e1t k\u00edv\u00e1njuk neked<\/p>\n","protected":false},"excerpt":{"rendered":"<p>A holland szt\u00e1rversenyz\u0151 kor\u00e1bban m\u00e1r bejelentette, hogy az idei szezon ut\u00e1n visszavonul. Azonban \u00fagy alakult, hogy a j\u00falius v\u00e9gi Klasikoa [&hellip;]<\/p>\n","protected":false},"author":71,"featured_media":15704,"comment_status":"open","ping_status":"open","sticky":false,"template":"","format":"standard","meta":{"footnotes":""},"categories":[8],"tags":[],"global-categories":[],"class_list":["post-15702","post","type-post","status-publish","format-standard","has-post-thumbnail","hentry","category-orszaguti-kerekpar"],"yoast_head":"<!-- This site is optimized with the Yoast SEO Premium plugin v25.3 (Yoast SEO v25.9) - https:\/\/yoast.com\/wordpress\/plugins\/seo\/ -->\n<title>Tom Dumoulin a karrierje befejez\u00e9s\u00e9r\u0151l: &quot;\u00dagy \u00e9rzem, k\u00e9szen \u00e1llok \u00e9letem egy \u00faj szakasz\u00e1ra&quot;<\/title>\n<meta name=\"description\" content=\"A holland szt\u00e1rversenyz\u0151 kor\u00e1bban m\u00e1r bejelentette, hogy az idei szezon ut\u00e1n visszavonul. Azonban \u00fagy alakult, hogy a j\u00falius v\u00e9gi Klasikoa San Sebasti\u00e1n volt az utols\u00f3 versenye, ugyanis a futam ut\u00e1n Tom Dumoulin \u00fagy d\u00f6nt\u00f6tt, azonnali hat\u00e1llyal befejezi ker\u00e9kp\u00e1ros p\u00e1lyafut\u00e1s\u00e1t.\" \/>\n<meta name=\"robots\" content=\"index, follow, max-snippet:-1, max-image-preview:large, max-video-preview:-1\" \/>\n<link rel=\"canonical\" href=\"https:\/\/www.welovecycling.com\/hu\/orszaguti-kerekpar\/tom-dumoulin-a-karrierje-befejezeserol-ugy-erezm-keszen-allok-eletem-egy-uj-szakaszara\/\" \/>\n<meta property=\"og:locale\" content=\"hu_HU\" \/>\n<meta property=\"og:type\" content=\"article\" \/>\n<meta property=\"og:title\" content=\"Tom Dumoulin a karrierje befejez\u00e9s\u00e9r\u0151l: &quot;\u00dagy \u00e9rzem, k\u00e9szen \u00e1llok \u00e9letem egy \u00faj szakasz\u00e1ra&quot;\" \/>\n<meta property=\"og:description\" content=\"A holland szt\u00e1rversenyz\u0151 kor\u00e1bban m\u00e1r bejelentette, hogy az idei szezon ut\u00e1n visszavonul. Azonban \u00fagy alakult, hogy a j\u00falius v\u00e9gi Klasikoa San Sebasti\u00e1n volt az utols\u00f3 versenye, ugyanis a futam ut\u00e1n Tom Dumoulin \u00fagy d\u00f6nt\u00f6tt, azonnali hat\u00e1llyal befejezi ker\u00e9kp\u00e1ros p\u00e1lyafut\u00e1s\u00e1t.\" \/>\n<meta property=\"og:url\" content=\"https:\/\/www.welovecycling.com\/hu\/orszaguti-kerekpar\/tom-dumoulin-a-karrierje-befejezeserol-ugy-erezm-keszen-allok-eletem-egy-uj-szakaszara\/\" \/>\n<meta property=\"og:site_name\" content=\"\u0160koda We Love Cycling - Magyarorsz\u00e1g\" \/>\n<meta property=\"article:publisher\" content=\"https:\/\/www.facebook.com\/WeLoveCyclingHungary\/\" \/>\n<meta property=\"article:published_time\" content=\"2022-08-31T06:00:38+00:00\" \/>\n<meta property=\"article:modified_time\" content=\"2022-09-05T13:14:59+00:00\" \/>\n<meta property=\"og:image\" content=\"https:\/\/d2p6e6u75xmxt8.cloudfront.net\/12\/2022\/08\/Tom-Dumoulin-profimedia-0701982385-CVR.jpg\" \/>\n\t<meta property=\"og:image:width\" content=\"990\" \/>\n\t<meta property=\"og:image:height\" content=\"660\" \/>\n\t<meta property=\"og:image:type\" content=\"image\/jpeg\" \/>\n<meta name=\"author\" content=\"hegyizs\" \/>\n<meta name=\"twitter:card\" content=\"summary_large_image\" \/>\n<meta name=\"twitter:label1\" content=\"Written by\" \/>\n\t<meta name=\"twitter:data1\" content=\"Monica Buck\" \/>\n\t<meta name=\"twitter:label2\" content=\"Est. reading time\" \/>\n\t<meta name=\"twitter:data2\" content=\"4\" \/>\n<script type=\"application\/ld+json\" class=\"yoast-schema-graph\">{\"@context\":\"https:\/\/schema.org\",\"@graph\":[{\"@type\":\"WebPage\",\"@id\":\"https:\/\/www.welovecycling.com\/hu\/orszaguti-kerekpar\/tom-dumoulin-a-karrierje-befejezeserol-ugy-erezm-keszen-allok-eletem-egy-uj-szakaszara\/\",\"url\":\"https:\/\/www.welovecycling.com\/hu\/orszaguti-kerekpar\/tom-dumoulin-a-karrierje-befejezeserol-ugy-erezm-keszen-allok-eletem-egy-uj-szakaszara\/\",\"name\":\"Tom Dumoulin a karrierje befejez\u00e9s\u00e9r\u0151l: \\\"\u00dagy \u00e9rzem, k\u00e9szen \u00e1llok \u00e9letem egy \u00faj szakasz\u00e1ra\\\"\",\"isPartOf\":{\"@id\":\"https:\/\/www.welovecycling.com\/hu\/#website\"},\"primaryImageOfPage\":{\"@id\":\"https:\/\/www.welovecycling.com\/hu\/orszaguti-kerekpar\/tom-dumoulin-a-karrierje-befejezeserol-ugy-erezm-keszen-allok-eletem-egy-uj-szakaszara\/#primaryimage\"},\"image\":{\"@id\":\"https:\/\/www.welovecycling.com\/hu\/orszaguti-kerekpar\/tom-dumoulin-a-karrierje-befejezeserol-ugy-erezm-keszen-allok-eletem-egy-uj-szakaszara\/#primaryimage\"},\"thumbnailUrl\":\"https:\/\/d2p6e6u75xmxt8.cloudfront.net\/12\/2022\/08\/Tom-Dumoulin-profimedia-0701982385-CVR.jpg\",\"datePublished\":\"2022-08-31T06:00:38+00:00\",\"dateModified\":\"2022-09-05T13:14:59+00:00\",\"author\":{\"@id\":\"https:\/\/www.welovecycling.com\/hu\/#\/schema\/person\/414a2aebf1801691a5320edb6468e194\"},\"description\":\"A holland szt\u00e1rversenyz\u0151 kor\u00e1bban m\u00e1r bejelentette, hogy az idei szezon ut\u00e1n visszavonul. Azonban \u00fagy alakult, hogy a j\u00falius v\u00e9gi Klasikoa San Sebasti\u00e1n volt az utols\u00f3 versenye, ugyanis a futam ut\u00e1n Tom Dumoulin \u00fagy d\u00f6nt\u00f6tt, azonnali hat\u00e1llyal befejezi ker\u00e9kp\u00e1ros p\u00e1lyafut\u00e1s\u00e1t.\",\"breadcrumb\":{\"@id\":\"https:\/\/www.welovecycling.com\/hu\/orszaguti-kerekpar\/tom-dumoulin-a-karrierje-befejezeserol-ugy-erezm-keszen-allok-eletem-egy-uj-szakaszara\/#breadcrumb\"},\"inLanguage\":\"hu\",\"potentialAction\":[{\"@type\":\"ReadAction\",\"target\":[\"https:\/\/www.welovecycling.com\/hu\/orszaguti-kerekpar\/tom-dumoulin-a-karrierje-befejezeserol-ugy-erezm-keszen-allok-eletem-egy-uj-szakaszara\/\"]}]},{\"@type\":\"ImageObject\",\"inLanguage\":\"hu\",\"@id\":\"https:\/\/www.welovecycling.com\/hu\/orszaguti-kerekpar\/tom-dumoulin-a-karrierje-befejezeserol-ugy-erezm-keszen-allok-eletem-egy-uj-szakaszara\/#primaryimage\",\"url\":\"https:\/\/d2p6e6u75xmxt8.cloudfront.net\/12\/2022\/08\/Tom-Dumoulin-profimedia-0701982385-CVR.jpg\",\"contentUrl\":\"https:\/\/d2p6e6u75xmxt8.cloudfront.net\/12\/2022\/08\/Tom-Dumoulin-profimedia-0701982385-CVR.jpg\",\"width\":990,\"height\":660,\"caption\":\"Tom Dumoulin\"},{\"@type\":\"BreadcrumbList\",\"@id\":\"https:\/\/www.welovecycling.com\/hu\/orszaguti-kerekpar\/tom-dumoulin-a-karrierje-befejezeserol-ugy-erezm-keszen-allok-eletem-egy-uj-szakaszara\/#breadcrumb\",\"itemListElement\":[{\"@type\":\"ListItem\",\"position\":1,\"name\":\"Home\",\"item\":\"https:\/\/www.welovecycling.com\/hu\/\"},{\"@type\":\"ListItem\",\"position\":2,\"name\":\"Tom Dumoulin a karrierje befejez\u00e9s\u00e9r\u0151l: &#8220;\u00dagy \u00e9rzem, k\u00e9szen \u00e1llok \u00e9letem egy \u00faj szakasz\u00e1ra&#8221;\"}]},{\"@type\":\"WebSite\",\"@id\":\"https:\/\/www.welovecycling.com\/hu\/#website\",\"url\":\"https:\/\/www.welovecycling.com\/hu\/\",\"name\":\"\u0160koda We Love Cycling - Magyarorsz\u00e1g\",\"description\":\"\u0160koda WeLoveCycling\",\"potentialAction\":[{\"@type\":\"SearchAction\",\"target\":{\"@type\":\"EntryPoint\",\"urlTemplate\":\"https:\/\/www.welovecycling.com\/hu\/?s={search_term_string}\"},\"query-input\":{\"@type\":\"PropertyValueSpecification\",\"valueRequired\":true,\"valueName\":\"search_term_string\"}}],\"inLanguage\":\"hu\"},{\"@type\":\"Person\",\"@id\":\"https:\/\/www.welovecycling.com\/hu\/#\/schema\/person\/414a2aebf1801691a5320edb6468e194\",\"name\":\"hegyizs\",\"image\":{\"@type\":\"ImageObject\",\"inLanguage\":\"hu\",\"@id\":\"https:\/\/www.welovecycling.com\/hu\/#\/schema\/person\/image\/\",\"url\":\"https:\/\/secure.gravatar.com\/avatar\/02cf8a7906b8cf90cecb4679defac7cfd33a1c2e3b88e4903d947f3bb58eedd3?s=96&d=mm&r=g\",\"contentUrl\":\"https:\/\/secure.gravatar.com\/avatar\/02cf8a7906b8cf90cecb4679defac7cfd33a1c2e3b88e4903d947f3bb58eedd3?s=96&d=mm&r=g\",\"caption\":\"hegyizs\"},\"url\":\"https:\/\/www.welovecycling.com\/hu\/author\/hegyizs\/\"}]}<\/script>\n<!-- \/ Yoast SEO Premium plugin. -->","yoast_head_json":{"title":"Tom Dumoulin a karrierje befejez\u00e9s\u00e9r\u0151l: \"\u00dagy \u00e9rzem, k\u00e9szen \u00e1llok \u00e9letem egy \u00faj szakasz\u00e1ra\"","description":"A holland szt\u00e1rversenyz\u0151 kor\u00e1bban m\u00e1r bejelentette, hogy az idei szezon ut\u00e1n visszavonul. Azonban \u00fagy alakult, hogy a j\u00falius v\u00e9gi Klasikoa San Sebasti\u00e1n volt az utols\u00f3 versenye, ugyanis a futam ut\u00e1n Tom Dumoulin \u00fagy d\u00f6nt\u00f6tt, azonnali hat\u00e1llyal befejezi ker\u00e9kp\u00e1ros p\u00e1lyafut\u00e1s\u00e1t.","robots":{"index":"index","follow":"follow","max-snippet":"max-snippet:-1","max-image-preview":"max-image-preview:large","max-video-preview":"max-video-preview:-1"},"canonical":"https:\/\/www.welovecycling.com\/hu\/orszaguti-kerekpar\/tom-dumoulin-a-karrierje-befejezeserol-ugy-erezm-keszen-allok-eletem-egy-uj-szakaszara\/","og_locale":"hu_HU","og_type":"article","og_title":"Tom Dumoulin a karrierje befejez\u00e9s\u00e9r\u0151l: \"\u00dagy \u00e9rzem, k\u00e9szen \u00e1llok \u00e9letem egy \u00faj szakasz\u00e1ra\"","og_description":"A holland szt\u00e1rversenyz\u0151 kor\u00e1bban m\u00e1r bejelentette, hogy az idei szezon ut\u00e1n visszavonul. Azonban \u00fagy alakult, hogy a j\u00falius v\u00e9gi Klasikoa San Sebasti\u00e1n volt az utols\u00f3 versenye, ugyanis a futam ut\u00e1n Tom Dumoulin \u00fagy d\u00f6nt\u00f6tt, azonnali hat\u00e1llyal befejezi ker\u00e9kp\u00e1ros p\u00e1lyafut\u00e1s\u00e1t.","og_url":"https:\/\/www.welovecycling.com\/hu\/orszaguti-kerekpar\/tom-dumoulin-a-karrierje-befejezeserol-ugy-erezm-keszen-allok-eletem-egy-uj-szakaszara\/","og_site_name":"\u0160koda We Love Cycling - Magyarorsz\u00e1g","article_publisher":"https:\/\/www.facebook.com\/WeLoveCyclingHungary\/","article_published_time":"2022-08-31T06:00:38+00:00","article_modified_time":"2022-09-05T13:14:59+00:00","og_image":[{"width":990,"height":660,"url":"https:\/\/d2p6e6u75xmxt8.cloudfront.net\/12\/2022\/08\/Tom-Dumoulin-profimedia-0701982385-CVR.jpg","type":"image\/jpeg"}],"author":"hegyizs","twitter_card":"summary_large_image","twitter_misc":{"Written by":"Monica Buck","Est. reading time":"4"},"schema":{"@context":"https:\/\/schema.org","@graph":[{"@type":"WebPage","@id":"https:\/\/www.welovecycling.com\/hu\/orszaguti-kerekpar\/tom-dumoulin-a-karrierje-befejezeserol-ugy-erezm-keszen-allok-eletem-egy-uj-szakaszara\/","url":"https:\/\/www.welovecycling.com\/hu\/orszaguti-kerekpar\/tom-dumoulin-a-karrierje-befejezeserol-ugy-erezm-keszen-allok-eletem-egy-uj-szakaszara\/","name":"Tom Dumoulin a karrierje befejez\u00e9s\u00e9r\u0151l: \"\u00dagy \u00e9rzem, k\u00e9szen \u00e1llok \u00e9letem egy \u00faj szakasz\u00e1ra\"","isPartOf":{"@id":"https:\/\/www.welovecycling.com\/hu\/#website"},"primaryImageOfPage":{"@id":"https:\/\/www.welovecycling.com\/hu\/orszaguti-kerekpar\/tom-dumoulin-a-karrierje-befejezeserol-ugy-erezm-keszen-allok-eletem-egy-uj-szakaszara\/#primaryimage"},"image":{"@id":"https:\/\/www.welovecycling.com\/hu\/orszaguti-kerekpar\/tom-dumoulin-a-karrierje-befejezeserol-ugy-erezm-keszen-allok-eletem-egy-uj-szakaszara\/#primaryimage"},"thumbnailUrl":"https:\/\/d2p6e6u75xmxt8.cloudfront.net\/12\/2022\/08\/Tom-Dumoulin-profimedia-0701982385-CVR.jpg","datePublished":"2022-08-31T06:00:38+00:00","dateModified":"2022-09-05T13:14:59+00:00","author":{"@id":"https:\/\/www.welovecycling.com\/hu\/#\/schema\/person\/414a2aebf1801691a5320edb6468e194"},"description":"A holland szt\u00e1rversenyz\u0151 kor\u00e1bban m\u00e1r bejelentette, hogy az idei szezon ut\u00e1n visszavonul. Azonban \u00fagy alakult, hogy a j\u00falius v\u00e9gi Klasikoa San Sebasti\u00e1n volt az utols\u00f3 versenye, ugyanis a futam ut\u00e1n Tom Dumoulin \u00fagy d\u00f6nt\u00f6tt, azonnali hat\u00e1llyal befejezi ker\u00e9kp\u00e1ros p\u00e1lyafut\u00e1s\u00e1t.","breadcrumb":{"@id":"https:\/\/www.welovecycling.com\/hu\/orszaguti-kerekpar\/tom-dumoulin-a-karrierje-befejezeserol-ugy-erezm-keszen-allok-eletem-egy-uj-szakaszara\/#breadcrumb"},"inLanguage":"hu","potentialAction":[{"@type":"ReadAction","target":["https:\/\/www.welovecycling.com\/hu\/orszaguti-kerekpar\/tom-dumoulin-a-karrierje-befejezeserol-ugy-erezm-keszen-allok-eletem-egy-uj-szakaszara\/"]}]},{"@type":"ImageObject","inLanguage":"hu","@id":"https:\/\/www.welovecycling.com\/hu\/orszaguti-kerekpar\/tom-dumoulin-a-karrierje-befejezeserol-ugy-erezm-keszen-allok-eletem-egy-uj-szakaszara\/#primaryimage","url":"https:\/\/d2p6e6u75xmxt8.cloudfront.net\/12\/2022\/08\/Tom-Dumoulin-profimedia-0701982385-CVR.jpg","contentUrl":"https:\/\/d2p6e6u75xmxt8.cloudfront.net\/12\/2022\/08\/Tom-Dumoulin-profimedia-0701982385-CVR.jpg","width":990,"height":660,"caption":"Tom Dumoulin"},{"@type":"BreadcrumbList","@id":"https:\/\/www.welovecycling.com\/hu\/orszaguti-kerekpar\/tom-dumoulin-a-karrierje-befejezeserol-ugy-erezm-keszen-allok-eletem-egy-uj-szakaszara\/#breadcrumb","itemListElement":[{"@type":"ListItem","position":1,"name":"Home","item":"https:\/\/www.welovecycling.com\/hu\/"},{"@type":"ListItem","position":2,"name":"Tom Dumoulin a karrierje befejez\u00e9s\u00e9r\u0151l: &#8220;\u00dagy \u00e9rzem, k\u00e9szen \u00e1llok \u00e9letem egy \u00faj szakasz\u00e1ra&#8221;"}]},{"@type":"WebSite","@id":"https:\/\/www.welovecycling.com\/hu\/#website","url":"https:\/\/www.welovecycling.com\/hu\/","name":"\u0160koda We Love Cycling - Magyarorsz\u00e1g","description":"\u0160koda WeLoveCycling","potentialAction":[{"@type":"SearchAction","target":{"@type":"EntryPoint","urlTemplate":"https:\/\/www.welovecycling.com\/hu\/?s={search_term_string}"},"query-input":{"@type":"PropertyValueSpecification","valueRequired":true,"valueName":"search_term_string"}}],"inLanguage":"hu"},{"@type":"Person","@id":"https:\/\/www.welovecycling.com\/hu\/#\/schema\/person\/414a2aebf1801691a5320edb6468e194","name":"hegyizs","image":{"@type":"ImageObject","inLanguage":"hu","@id":"https:\/\/www.welovecycling.com\/hu\/#\/schema\/person\/image\/","url":"https:\/\/secure.gravatar.com\/avatar\/02cf8a7906b8cf90cecb4679defac7cfd33a1c2e3b88e4903d947f3bb58eedd3?s=96&d=mm&r=g","contentUrl":"https:\/\/secure.gravatar.com\/avatar\/02cf8a7906b8cf90cecb4679defac7cfd33a1c2e3b88e4903d947f3bb58eedd3?s=96&d=mm&r=g","caption":"hegyizs"},"url":"https:\/\/www.welovecycling.com\/hu\/author\/hegyizs\/"}]}},"_links":{"self":[{"href":"https:\/\/www.welovecycling.com\/hu\/wp-json\/wp\/v2\/posts\/15702","targetHints":{"allow":["GET"]}}],"collection":[{"href":"https:\/\/www.welovecycling.com\/hu\/wp-json\/wp\/v2\/posts"}],"about":[{"href":"https:\/\/www.welovecycling.com\/hu\/wp-json\/wp\/v2\/types\/post"}],"author":[{"embeddable":true,"href":"https:\/\/www.welovecycling.com\/hu\/wp-json\/wp\/v2\/users\/71"}],"replies":[{"embeddable":true,"href":"https:\/\/www.welovecycling.com\/hu\/wp-json\/wp\/v2\/comments?post=15702"}],"version-history":[{"count":2,"href":"https:\/\/www.welovecycling.com\/hu\/wp-json\/wp\/v2\/posts\/15702\/revisions"}],"predecessor-version":[{"id":15745,"href":"https:\/\/www.welovecycling.com\/hu\/wp-json\/wp\/v2\/posts\/15702\/revisions\/15745"}],"wp:featuredmedia":[{"embeddable":true,"href":"https:\/\/www.welovecycling.com\/hu\/wp-json\/wp\/v2\/media\/15704"}],"wp:attachment":[{"href":"https:\/\/www.welovecycling.com\/hu\/wp-json\/wp\/v2\/media?parent=15702"}],"wp:term":[{"taxonomy":"category","embeddable":true,"href":"https:\/\/www.welovecycling.com\/hu\/wp-json\/wp\/v2\/categories?post=15702"},{"taxonomy":"post_tag","embeddable":true,"href":"https:\/\/www.welovecycling.com\/hu\/wp-json\/wp\/v2\/tags?post=15702"},{"taxonomy":"global-categories","embeddable":true,"href":"https:\/\/www.welovecycling.com\/hu\/wp-json\/wp\/v2\/global-categories?post=15702"}],"curies":[{"name":"wp","href":"https:\/\/api.w.org\/{rel}","templated":true}]}}