{"id":15698,"date":"2022-08-30T08:00:19","date_gmt":"2022-08-30T06:00:19","guid":{"rendered":"https:\/\/www.welovecycling.com\/hu\/?p=15698"},"modified":"2022-08-26T12:57:26","modified_gmt":"2022-08-26T10:57:26","slug":"katasztrofa-a-letape-du-touron-mi-tortent-cameron-jeffers-el","status":"publish","type":"post","link":"https:\/\/www.welovecycling.com\/hu\/kozosseg-es-kultura\/katasztrofa-a-letape-du-touron-mi-tortent-cameron-jeffers-el\/","title":{"rendered":"Katasztr\u00f3fa a L&#8217;\u00c9tape du Touron: Mi t\u00f6rt\u00e9nt Cameron Jeffers-el?"},"content":{"rendered":"<p><strong>Egy aut\u00f3b\u00f3l \u00e9lvezni a Tour hangulat\u00e1t, majd k\u00e9s\u0151bb egy helikopter k\u00e9nyelmes \u00fcl\u00e9s\u00e9b\u0151l figyelni a mez\u0151nyt, az egy dolog. Teljesen m\u00e1s versenyz\u0151k\u00e9nt \u00fclni a biciklin \u00e9s els\u0151k\u00e9zb\u0151l megtapasztalni a Col du Galibier gy\u00f6trelmeit. Cameron Jeffers mindkett\u0151t kipr\u00f3b\u00e1lta, aminek nem lett j\u00f3 v\u00e9ge.<\/strong><\/p>\n<p><!--more--><\/p>\n<p>Igaz, a 109. Tour de France m\u00e1r v\u00e9get \u00e9rt, de azoknak, akiknek hi\u00e1nyzik a La Grande Boucle hangulata, k\u00fcl\u00f6nleges \u00e9lm\u00e9nyt ny\u00fajthat a 4. szakasz \u00e9s a L&#8217;Etape egyed\u00fcl\u00e1ll\u00f3 k\u00f6zvet\u00edt\u00e9se, amit Cameron Jeffersnek k\u00f6sz\u00f6nhett\u00fcnk.<\/p>\n<p>N\u00e9zd meg, milyen volt Cameron sz\u00e1m\u00e1ra, amikor kil\u00e9pett a \u0160koda Hospitality program VIP-vend\u00e9g\u00e9nek k\u00e9nyelmes szerep\u00e9b\u0151l, \u00e9s csatlakozott ahhoz a &#8211; vil\u00e1g minden t\u00e1j\u00e1r\u00f3l \u00e9rkez\u0151 &#8211; 15 000 amat\u0151r ker\u00e9kp\u00e1roshoz, akik a Col du Galibier ellen pr\u00f3b\u00e1ltak szerencs\u00e9t. Vajon a profikhoz hasonl\u00f3an siker\u00fclt megh\u00f3d\u00edtania a francia Alpok emelked\u0151it? Kattints a lej\u00e1tsz\u00e1sra, \u00e9s der\u00edtsd ki!<\/p>\n<lite-youtube videoid=SlCaazvvV9g params=\"enablejsapi=1\" style=\"background-image: url('https:\/\/i.ytimg.com\/vi_webp\/SlCaazvvV9g\/maxresdefault.webp');\"><\/lite-youtube>\n","protected":false},"excerpt":{"rendered":"<p>Egy aut\u00f3b\u00f3l \u00e9lvezni a Tour hangulat\u00e1t, majd k\u00e9s\u0151bb egy helikopter k\u00e9nyelmes \u00fcl\u00e9s\u00e9b\u0151l figyelni a mez\u0151nyt, az egy dolog. Teljesen m\u00e1s [&hellip;]<\/p>\n","protected":false},"author":71,"featured_media":15700,"comment_status":"open","ping_status":"open","sticky":false,"template":"","format":"standard","meta":{"footnotes":""},"categories":[12],"tags":[],"global-categories":[],"class_list":["post-15698","post","type-post","status-publish","format-standard","has-post-thumbnail","hentry","category-kozosseg-es-kultura"],"yoast_head":"<!-- This site is optimized with the Yoast SEO Premium plugin v25.3 (Yoast SEO v25.9) - https:\/\/yoast.com\/wordpress\/plugins\/seo\/ -->\n<title>Katasztr\u00f3fa a L&#039;\u00c9tape du Touron: Mi t\u00f6rt\u00e9nt Cameron Jeffers-el?<\/title>\n<meta name=\"description\" content=\"Egy aut\u00f3b\u00f3l \u00e9lvezni a Tour hangulat\u00e1t, majd k\u00e9s\u0151bb egy helikopter k\u00e9nyelmes \u00fcl\u00e9s\u00e9b\u0151l figyelni a mez\u0151nyt, az egy dolog. Teljesen m\u00e1s versenyz\u0151k\u00e9nt \u00fclni a biciklin \u00e9s els\u0151k\u00e9zb\u0151l megtapasztalni a Col du Galibier gy\u00f6trelmeit. Cameron Jeffers mindkett\u0151t kipr\u00f3b\u00e1lta, aminek nem lett j\u00f3 v\u00e9ge.\" \/>\n<meta name=\"robots\" content=\"index, follow, max-snippet:-1, max-image-preview:large, max-video-preview:-1\" \/>\n<link rel=\"canonical\" href=\"https:\/\/www.welovecycling.com\/hu\/kozosseg-es-kultura\/katasztrofa-a-letape-du-touron-mi-tortent-cameron-jeffers-el\/\" \/>\n<meta property=\"og:locale\" content=\"hu_HU\" \/>\n<meta property=\"og:type\" content=\"article\" \/>\n<meta property=\"og:title\" content=\"Katasztr\u00f3fa a L&#039;\u00c9tape du Touron: Mi t\u00f6rt\u00e9nt Cameron Jeffers-el?\" \/>\n<meta property=\"og:description\" content=\"Egy aut\u00f3b\u00f3l \u00e9lvezni a Tour hangulat\u00e1t, majd k\u00e9s\u0151bb egy helikopter k\u00e9nyelmes \u00fcl\u00e9s\u00e9b\u0151l figyelni a mez\u0151nyt, az egy dolog. Teljesen m\u00e1s versenyz\u0151k\u00e9nt \u00fclni a biciklin \u00e9s els\u0151k\u00e9zb\u0151l megtapasztalni a Col du Galibier gy\u00f6trelmeit. Cameron Jeffers mindkett\u0151t kipr\u00f3b\u00e1lta, aminek nem lett j\u00f3 v\u00e9ge.\" \/>\n<meta property=\"og:url\" content=\"https:\/\/www.welovecycling.com\/hu\/kozosseg-es-kultura\/katasztrofa-a-letape-du-touron-mi-tortent-cameron-jeffers-el\/\" \/>\n<meta property=\"og:site_name\" content=\"\u0160koda We Love Cycling - Magyarorsz\u00e1g\" \/>\n<meta property=\"article:publisher\" content=\"https:\/\/www.facebook.com\/WeLoveCyclingHungary\/\" \/>\n<meta property=\"article:published_time\" content=\"2022-08-30T06:00:19+00:00\" \/>\n<meta property=\"og:image\" content=\"https:\/\/d2p6e6u75xmxt8.cloudfront.net\/12\/2022\/08\/Cameron-Jeffers-CVR-1.jpg\" \/>\n\t<meta property=\"og:image:width\" content=\"990\" \/>\n\t<meta property=\"og:image:height\" content=\"660\" \/>\n\t<meta property=\"og:image:type\" content=\"image\/jpeg\" \/>\n<meta name=\"author\" content=\"hegyizs\" \/>\n<meta name=\"twitter:card\" content=\"summary_large_image\" \/>\n<meta name=\"twitter:label1\" content=\"Written by\" \/>\n\t<meta name=\"twitter:data1\" content=\"We Love Cycling\" \/>\n\t<meta name=\"twitter:label2\" content=\"Est. reading time\" \/>\n\t<meta name=\"twitter:data2\" content=\"4\" \/>\n<script type=\"application\/ld+json\" class=\"yoast-schema-graph\">{\"@context\":\"https:\/\/schema.org\",\"@graph\":[{\"@type\":\"WebPage\",\"@id\":\"https:\/\/www.welovecycling.com\/hu\/kozosseg-es-kultura\/katasztrofa-a-letape-du-touron-mi-tortent-cameron-jeffers-el\/\",\"url\":\"https:\/\/www.welovecycling.com\/hu\/kozosseg-es-kultura\/katasztrofa-a-letape-du-touron-mi-tortent-cameron-jeffers-el\/\",\"name\":\"Katasztr\u00f3fa a L'\u00c9tape du Touron: Mi t\u00f6rt\u00e9nt Cameron Jeffers-el?\",\"isPartOf\":{\"@id\":\"https:\/\/www.welovecycling.com\/hu\/#website\"},\"primaryImageOfPage\":{\"@id\":\"https:\/\/www.welovecycling.com\/hu\/kozosseg-es-kultura\/katasztrofa-a-letape-du-touron-mi-tortent-cameron-jeffers-el\/#primaryimage\"},\"image\":{\"@id\":\"https:\/\/www.welovecycling.com\/hu\/kozosseg-es-kultura\/katasztrofa-a-letape-du-touron-mi-tortent-cameron-jeffers-el\/#primaryimage\"},\"thumbnailUrl\":\"https:\/\/d2p6e6u75xmxt8.cloudfront.net\/12\/2022\/08\/Cameron-Jeffers-CVR-1.jpg\",\"datePublished\":\"2022-08-30T06:00:19+00:00\",\"author\":{\"@id\":\"https:\/\/www.welovecycling.com\/hu\/#\/schema\/person\/414a2aebf1801691a5320edb6468e194\"},\"description\":\"Egy aut\u00f3b\u00f3l \u00e9lvezni a Tour hangulat\u00e1t, majd k\u00e9s\u0151bb egy helikopter k\u00e9nyelmes \u00fcl\u00e9s\u00e9b\u0151l figyelni a mez\u0151nyt, az egy dolog. Teljesen m\u00e1s versenyz\u0151k\u00e9nt \u00fclni a biciklin \u00e9s els\u0151k\u00e9zb\u0151l megtapasztalni a Col du Galibier gy\u00f6trelmeit. Cameron Jeffers mindkett\u0151t kipr\u00f3b\u00e1lta, aminek nem lett j\u00f3 v\u00e9ge.\",\"breadcrumb\":{\"@id\":\"https:\/\/www.welovecycling.com\/hu\/kozosseg-es-kultura\/katasztrofa-a-letape-du-touron-mi-tortent-cameron-jeffers-el\/#breadcrumb\"},\"inLanguage\":\"hu\",\"potentialAction\":[{\"@type\":\"ReadAction\",\"target\":[\"https:\/\/www.welovecycling.com\/hu\/kozosseg-es-kultura\/katasztrofa-a-letape-du-touron-mi-tortent-cameron-jeffers-el\/\"]}]},{\"@type\":\"ImageObject\",\"inLanguage\":\"hu\",\"@id\":\"https:\/\/www.welovecycling.com\/hu\/kozosseg-es-kultura\/katasztrofa-a-letape-du-touron-mi-tortent-cameron-jeffers-el\/#primaryimage\",\"url\":\"https:\/\/d2p6e6u75xmxt8.cloudfront.net\/12\/2022\/08\/Cameron-Jeffers-CVR-1.jpg\",\"contentUrl\":\"https:\/\/d2p6e6u75xmxt8.cloudfront.net\/12\/2022\/08\/Cameron-Jeffers-CVR-1.jpg\",\"width\":990,\"height\":660,\"caption\":\"Cameron Jeffers\"},{\"@type\":\"BreadcrumbList\",\"@id\":\"https:\/\/www.welovecycling.com\/hu\/kozosseg-es-kultura\/katasztrofa-a-letape-du-touron-mi-tortent-cameron-jeffers-el\/#breadcrumb\",\"itemListElement\":[{\"@type\":\"ListItem\",\"position\":1,\"name\":\"Home\",\"item\":\"https:\/\/www.welovecycling.com\/hu\/\"},{\"@type\":\"ListItem\",\"position\":2,\"name\":\"Katasztr\u00f3fa a L&#8217;\u00c9tape du Touron: Mi t\u00f6rt\u00e9nt Cameron Jeffers-el?\"}]},{\"@type\":\"WebSite\",\"@id\":\"https:\/\/www.welovecycling.com\/hu\/#website\",\"url\":\"https:\/\/www.welovecycling.com\/hu\/\",\"name\":\"\u0160koda We Love Cycling - Magyarorsz\u00e1g\",\"description\":\"\u0160koda WeLoveCycling\",\"potentialAction\":[{\"@type\":\"SearchAction\",\"target\":{\"@type\":\"EntryPoint\",\"urlTemplate\":\"https:\/\/www.welovecycling.com\/hu\/?s={search_term_string}\"},\"query-input\":{\"@type\":\"PropertyValueSpecification\",\"valueRequired\":true,\"valueName\":\"search_term_string\"}}],\"inLanguage\":\"hu\"},{\"@type\":\"Person\",\"@id\":\"https:\/\/www.welovecycling.com\/hu\/#\/schema\/person\/414a2aebf1801691a5320edb6468e194\",\"name\":\"hegyizs\",\"image\":{\"@type\":\"ImageObject\",\"inLanguage\":\"hu\",\"@id\":\"https:\/\/www.welovecycling.com\/hu\/#\/schema\/person\/image\/\",\"url\":\"https:\/\/secure.gravatar.com\/avatar\/02cf8a7906b8cf90cecb4679defac7cfd33a1c2e3b88e4903d947f3bb58eedd3?s=96&d=mm&r=g\",\"contentUrl\":\"https:\/\/secure.gravatar.com\/avatar\/02cf8a7906b8cf90cecb4679defac7cfd33a1c2e3b88e4903d947f3bb58eedd3?s=96&d=mm&r=g\",\"caption\":\"hegyizs\"},\"url\":\"https:\/\/www.welovecycling.com\/hu\/author\/hegyizs\/\"}]}<\/script>\n<!-- \/ Yoast SEO Premium plugin. -->","yoast_head_json":{"title":"Katasztr\u00f3fa a L'\u00c9tape du Touron: Mi t\u00f6rt\u00e9nt Cameron Jeffers-el?","description":"Egy aut\u00f3b\u00f3l \u00e9lvezni a Tour hangulat\u00e1t, majd k\u00e9s\u0151bb egy helikopter k\u00e9nyelmes \u00fcl\u00e9s\u00e9b\u0151l figyelni a mez\u0151nyt, az egy dolog. Teljesen m\u00e1s versenyz\u0151k\u00e9nt \u00fclni a biciklin \u00e9s els\u0151k\u00e9zb\u0151l megtapasztalni a Col du Galibier gy\u00f6trelmeit. Cameron Jeffers mindkett\u0151t kipr\u00f3b\u00e1lta, aminek nem lett j\u00f3 v\u00e9ge.","robots":{"index":"index","follow":"follow","max-snippet":"max-snippet:-1","max-image-preview":"max-image-preview:large","max-video-preview":"max-video-preview:-1"},"canonical":"https:\/\/www.welovecycling.com\/hu\/kozosseg-es-kultura\/katasztrofa-a-letape-du-touron-mi-tortent-cameron-jeffers-el\/","og_locale":"hu_HU","og_type":"article","og_title":"Katasztr\u00f3fa a L'\u00c9tape du Touron: Mi t\u00f6rt\u00e9nt Cameron Jeffers-el?","og_description":"Egy aut\u00f3b\u00f3l \u00e9lvezni a Tour hangulat\u00e1t, majd k\u00e9s\u0151bb egy helikopter k\u00e9nyelmes \u00fcl\u00e9s\u00e9b\u0151l figyelni a mez\u0151nyt, az egy dolog. Teljesen m\u00e1s versenyz\u0151k\u00e9nt \u00fclni a biciklin \u00e9s els\u0151k\u00e9zb\u0151l megtapasztalni a Col du Galibier gy\u00f6trelmeit. Cameron Jeffers mindkett\u0151t kipr\u00f3b\u00e1lta, aminek nem lett j\u00f3 v\u00e9ge.","og_url":"https:\/\/www.welovecycling.com\/hu\/kozosseg-es-kultura\/katasztrofa-a-letape-du-touron-mi-tortent-cameron-jeffers-el\/","og_site_name":"\u0160koda We Love Cycling - Magyarorsz\u00e1g","article_publisher":"https:\/\/www.facebook.com\/WeLoveCyclingHungary\/","article_published_time":"2022-08-30T06:00:19+00:00","og_image":[{"width":990,"height":660,"url":"https:\/\/d2p6e6u75xmxt8.cloudfront.net\/12\/2022\/08\/Cameron-Jeffers-CVR-1.jpg","type":"image\/jpeg"}],"author":"hegyizs","twitter_card":"summary_large_image","twitter_misc":{"Written by":"We Love Cycling","Est. reading time":"4"},"schema":{"@context":"https:\/\/schema.org","@graph":[{"@type":"WebPage","@id":"https:\/\/www.welovecycling.com\/hu\/kozosseg-es-kultura\/katasztrofa-a-letape-du-touron-mi-tortent-cameron-jeffers-el\/","url":"https:\/\/www.welovecycling.com\/hu\/kozosseg-es-kultura\/katasztrofa-a-letape-du-touron-mi-tortent-cameron-jeffers-el\/","name":"Katasztr\u00f3fa a L'\u00c9tape du Touron: Mi t\u00f6rt\u00e9nt Cameron Jeffers-el?","isPartOf":{"@id":"https:\/\/www.welovecycling.com\/hu\/#website"},"primaryImageOfPage":{"@id":"https:\/\/www.welovecycling.com\/hu\/kozosseg-es-kultura\/katasztrofa-a-letape-du-touron-mi-tortent-cameron-jeffers-el\/#primaryimage"},"image":{"@id":"https:\/\/www.welovecycling.com\/hu\/kozosseg-es-kultura\/katasztrofa-a-letape-du-touron-mi-tortent-cameron-jeffers-el\/#primaryimage"},"thumbnailUrl":"https:\/\/d2p6e6u75xmxt8.cloudfront.net\/12\/2022\/08\/Cameron-Jeffers-CVR-1.jpg","datePublished":"2022-08-30T06:00:19+00:00","author":{"@id":"https:\/\/www.welovecycling.com\/hu\/#\/schema\/person\/414a2aebf1801691a5320edb6468e194"},"description":"Egy aut\u00f3b\u00f3l \u00e9lvezni a Tour hangulat\u00e1t, majd k\u00e9s\u0151bb egy helikopter k\u00e9nyelmes \u00fcl\u00e9s\u00e9b\u0151l figyelni a mez\u0151nyt, az egy dolog. Teljesen m\u00e1s versenyz\u0151k\u00e9nt \u00fclni a biciklin \u00e9s els\u0151k\u00e9zb\u0151l megtapasztalni a Col du Galibier gy\u00f6trelmeit. Cameron Jeffers mindkett\u0151t kipr\u00f3b\u00e1lta, aminek nem lett j\u00f3 v\u00e9ge.","breadcrumb":{"@id":"https:\/\/www.welovecycling.com\/hu\/kozosseg-es-kultura\/katasztrofa-a-letape-du-touron-mi-tortent-cameron-jeffers-el\/#breadcrumb"},"inLanguage":"hu","potentialAction":[{"@type":"ReadAction","target":["https:\/\/www.welovecycling.com\/hu\/kozosseg-es-kultura\/katasztrofa-a-letape-du-touron-mi-tortent-cameron-jeffers-el\/"]}]},{"@type":"ImageObject","inLanguage":"hu","@id":"https:\/\/www.welovecycling.com\/hu\/kozosseg-es-kultura\/katasztrofa-a-letape-du-touron-mi-tortent-cameron-jeffers-el\/#primaryimage","url":"https:\/\/d2p6e6u75xmxt8.cloudfront.net\/12\/2022\/08\/Cameron-Jeffers-CVR-1.jpg","contentUrl":"https:\/\/d2p6e6u75xmxt8.cloudfront.net\/12\/2022\/08\/Cameron-Jeffers-CVR-1.jpg","width":990,"height":660,"caption":"Cameron Jeffers"},{"@type":"BreadcrumbList","@id":"https:\/\/www.welovecycling.com\/hu\/kozosseg-es-kultura\/katasztrofa-a-letape-du-touron-mi-tortent-cameron-jeffers-el\/#breadcrumb","itemListElement":[{"@type":"ListItem","position":1,"name":"Home","item":"https:\/\/www.welovecycling.com\/hu\/"},{"@type":"ListItem","position":2,"name":"Katasztr\u00f3fa a L&#8217;\u00c9tape du Touron: Mi t\u00f6rt\u00e9nt Cameron Jeffers-el?"}]},{"@type":"WebSite","@id":"https:\/\/www.welovecycling.com\/hu\/#website","url":"https:\/\/www.welovecycling.com\/hu\/","name":"\u0160koda We Love Cycling - Magyarorsz\u00e1g","description":"\u0160koda WeLoveCycling","potentialAction":[{"@type":"SearchAction","target":{"@type":"EntryPoint","urlTemplate":"https:\/\/www.welovecycling.com\/hu\/?s={search_term_string}"},"query-input":{"@type":"PropertyValueSpecification","valueRequired":true,"valueName":"search_term_string"}}],"inLanguage":"hu"},{"@type":"Person","@id":"https:\/\/www.welovecycling.com\/hu\/#\/schema\/person\/414a2aebf1801691a5320edb6468e194","name":"hegyizs","image":{"@type":"ImageObject","inLanguage":"hu","@id":"https:\/\/www.welovecycling.com\/hu\/#\/schema\/person\/image\/","url":"https:\/\/secure.gravatar.com\/avatar\/02cf8a7906b8cf90cecb4679defac7cfd33a1c2e3b88e4903d947f3bb58eedd3?s=96&d=mm&r=g","contentUrl":"https:\/\/secure.gravatar.com\/avatar\/02cf8a7906b8cf90cecb4679defac7cfd33a1c2e3b88e4903d947f3bb58eedd3?s=96&d=mm&r=g","caption":"hegyizs"},"url":"https:\/\/www.welovecycling.com\/hu\/author\/hegyizs\/"}]}},"_links":{"self":[{"href":"https:\/\/www.welovecycling.com\/hu\/wp-json\/wp\/v2\/posts\/15698","targetHints":{"allow":["GET"]}}],"collection":[{"href":"https:\/\/www.welovecycling.com\/hu\/wp-json\/wp\/v2\/posts"}],"about":[{"href":"https:\/\/www.welovecycling.com\/hu\/wp-json\/wp\/v2\/types\/post"}],"author":[{"embeddable":true,"href":"https:\/\/www.welovecycling.com\/hu\/wp-json\/wp\/v2\/users\/71"}],"replies":[{"embeddable":true,"href":"https:\/\/www.welovecycling.com\/hu\/wp-json\/wp\/v2\/comments?post=15698"}],"version-history":[{"count":1,"href":"https:\/\/www.welovecycling.com\/hu\/wp-json\/wp\/v2\/posts\/15698\/revisions"}],"predecessor-version":[{"id":15701,"href":"https:\/\/www.welovecycling.com\/hu\/wp-json\/wp\/v2\/posts\/15698\/revisions\/15701"}],"wp:featuredmedia":[{"embeddable":true,"href":"https:\/\/www.welovecycling.com\/hu\/wp-json\/wp\/v2\/media\/15700"}],"wp:attachment":[{"href":"https:\/\/www.welovecycling.com\/hu\/wp-json\/wp\/v2\/media?parent=15698"}],"wp:term":[{"taxonomy":"category","embeddable":true,"href":"https:\/\/www.welovecycling.com\/hu\/wp-json\/wp\/v2\/categories?post=15698"},{"taxonomy":"post_tag","embeddable":true,"href":"https:\/\/www.welovecycling.com\/hu\/wp-json\/wp\/v2\/tags?post=15698"},{"taxonomy":"global-categories","embeddable":true,"href":"https:\/\/www.welovecycling.com\/hu\/wp-json\/wp\/v2\/global-categories?post=15698"}],"curies":[{"name":"wp","href":"https:\/\/api.w.org\/{rel}","templated":true}]}}