{"id":15691,"date":"2022-08-29T08:00:25","date_gmt":"2022-08-29T06:00:25","guid":{"rendered":"https:\/\/www.welovecycling.com\/hu\/?p=15691"},"modified":"2022-08-26T12:56:48","modified_gmt":"2022-08-26T10:56:48","slug":"beszelgetes-javier-guillennel-a-la-vuelta-a-espana-versenyigazgatojaval-a-la-vuelta-olyan-mint-egy-film","status":"publish","type":"post","link":"https:\/\/www.welovecycling.com\/hu\/orszaguti-kerekpar\/beszelgetes-javier-guillennel-a-la-vuelta-a-espana-versenyigazgatojaval-a-la-vuelta-olyan-mint-egy-film\/","title":{"rendered":"Besz\u00e9lget\u00e9s Javier Guill\u00e9nnel, a La Vuelta a Espa\u00f1a versenyigazgat\u00f3j\u00e1val: &#8220;A [La Vuelta] olyan, mint egy film&#8221;"},"content":{"rendered":"<p><strong>Kezdetben a La Vuelta a Espan\u00e1t egy kisebb l\u00e9pt\u00e9k\u0171 spanyol szakaszversenynek tekintett\u00e9k, amely lehet\u0151s\u00e9get biztos\u00edtott a profik sz\u00e1m\u00e1ra, hogy felk\u00e9sz\u00fcljenek a szezon nagyobb esem\u00e9nyeire. Az\u00f3ta viszont sok minden megv\u00e1ltozott. Az idei La Vuelta 2022. augusztus 19. \u00e9s szeptember 11. k\u00f6z\u00f6tt ker\u00fcl megrendez\u00e9sre, \u00e9s ism\u00e9t a legizgalmasabb \u00e9s legkisz\u00e1m\u00edthatatlanabb Grand Tournak \u00edg\u00e9rkezik. 21 \u2013 \u00f6sszesen 3280,5 km hossz\u00fa \u2013 szakasza k\u00f6z\u00f6tt h\u00e9t hegyi \u00fatvonal, k\u00e9t magaslati szakasz \u00e9s egy\u00e9b izgalmas p\u00e1ly\u00e1k v\u00e1rj\u00e1k a versenyz\u0151ket. Javier Guill\u00e9n, a La Vuelta versenyigazgat\u00f3ja volt olyan kedves, hogy belement egy interj\u00faba a We Love Cycling magazinnal, \u00e9s ler\u00e1ntotta a leplet az \u00fatvonaltervez\u00e9s m\u00f6g\u00f6tt megh\u00faz\u00f3d\u00f3 m\u00e9ly t\u00f6rt\u00e9nelmi \u00e9s kultur\u00e1lis esem\u00e9nyekr\u0151l, 14 \u00e9ves ker\u00e9kp\u00e1ros menedzseri p\u00e1lyafut\u00e1s\u00e1nak f\u00e9nypontjair\u00f3l, a verseny jellegzetes zenei hagyom\u00e1nyair\u00f3l \u00e9s m\u00e9g sok m\u00e1sr\u00f3l.<\/strong><\/p>\n<p><!--more--><\/p>\n<p><strong>Ha k\u00f6zelebbr\u0151l megn\u00e9zz\u00fck a karrierj\u00e9t, l\u00e1thatjuk, hogy jogi v\u00e9gzetts\u00e9ggel rendelkezik &#8211; hogyan vezetett az \u00fatja a La Vuelt\u00e1ig?<\/strong><\/p>\n<p>Jogi v\u00e9gzetts\u00e9ggel sok lehet\u0151s\u00e9ged van az \u00e9letben, de sz\u00e1momra egy\u00e9rtelm\u0171 volt, hogy az \u00fczleti karrier fel\u00e9 szeretn\u00e9k menni. Miut\u00e1n a c\u00e9g jog\u00e1szak\u00e9nt bel\u00e9ptem az Unipublichoz [a La Vuelta szervez\u0151j\u00e9hez], sok mindennel kellett foglalkoznom a ker\u00e9kp\u00e1ros napt\u00e1rakt\u00f3l az UCI-vel kapcsolatos \u00fcgyekig, \u00edgy nagyon k\u00f6zel ker\u00fcltem a ker\u00e9kp\u00e1ros r\u00e9szleghez. \u0150szint\u00e9n sz\u00f3lva soha nem gondoltam volna, hogy a kor\u00e1bbi igazgat\u00f3 visszavonul\u00e1sa ut\u00e1n \u00e9n leszek az Unipublic vez\u00e9rigazgat\u00f3ja, de mivel nagyon szeretem a sportot \u00e9s az \u00fczletet is, ez a poz\u00edci\u00f3 t\u00f6k\u00e9letes sz\u00e1momra. Eddig 14 \u00e9v telt el, \u00edgy elmondhatom, hogy m\u00e1r van egy kis tapasztalatom abban, amit csin\u00e1lok.<\/p>\n<p><strong>Ezut\u00e1n a hihetetlen 14 \u00e9v ut\u00e1n lehets\u00e9ges egy\u00e1ltal\u00e1n kedvenc \u00e9vet vagy La Vuelta pillanatot v\u00e1lasztani?<\/strong><\/p>\n<p>Neh\u00e9z, hiszen r\u00e9szt vettem a szervez\u00e9sben \u00e9s az \u00f6sszes \u00fatvonal megtervez\u00e9s\u00e9ben, de az biztos, hogy sz\u00e1momra a 2012-es Vuelta egy rendk\u00edv\u00fcli esem\u00e9ny volt. \u00dagy \u00e9reztem, mintha akkor egy t\u00f6rt\u00e9nelmi fordul\u00f3pont j\u00f6tt volna el, \u00e9s az\u00f3ta a Vuelta minden \u00e9vben fejl\u0151d\u00f6tt.<\/p>\n<p>A 2020-as verseny nagyon kem\u00e9ny volt a j\u00e1rv\u00e1ny miatt. Ez volt a legnagyobb kih\u00edv\u00e1s, amivel valaha is szembe kellett n\u00e9zn\u00fcnk, \u00e9s \u0151szint\u00e9n sz\u00f3lva, nagyszer\u0171 munk\u00e1t v\u00e9gezt\u00fcnk.<\/p>\n<p>Tov\u00e1bbi kedvenc pillanataim k\u00f6z\u00e9 tartozik, amikor a verseny 33 \u00e9v ut\u00e1n visszat\u00e9rt Baszkf\u00f6ldre, \u00e9s a tervez\u0151k &#8220;felfedezt\u00e9k&#8221; a Bola del Mund\u00f3t &#8211; egy ma m\u00e1r ikonikus emelked\u0151t a f\u0151v\u00e1ros, Madrid k\u00f6zel\u00e9ben. De val\u00f3j\u00e1ban egy dolog biztos &#8211; a legjobb \u00e9v mindig a k\u00f6vetkez\u0151.<\/p>\n<p><strong>Mint l\u00e1thatjuk, a La Vuelta h\u00edres arr\u00f3l, hogy mindig tartogat \u00faj \u00e9s l\u00e1tv\u00e1nyos meglepet\u00e9seket, p\u00e9ld\u00e1ul \u00faj emelked\u0151ket \u00e9s cs\u00facsokat. Hogyan kutatja fel a tervez\u0151csapat ezeket a gy\u00f6ngyszemeket?<\/strong><\/p>\n<p>Gyakran kapunk aj\u00e1nl\u00e1sokat a k\u00f6rny\u00e9ken \u00e9l\u0151 emberekt\u0151l, \u00e9s nagyon j\u00f3 besz\u00e1mol\u00f3kat a volt versenyz\u0151kt\u0151l. V\u00e9g\u00fclis a tapasztalt emberek tan\u00e1csaira hagyatkozunk, mert ha azt venn\u00e9nk alapul, hogy mi tetszik nek\u00fcnk, az nem biztos, hogy j\u00f3 lenne a versenyre n\u00e9zve.<\/p>\n<p><strong>\u00dagy t\u0171nik, a La Vuelta egyik alapelve az, hogy jav\u00edtsa a helyi infrastrukt\u00far\u00e1t, \u00e9s hagyjon is h\u00e1tra valamit, amit b\u00e1rki haszn\u00e1lhat, miut\u00e1n a versenyz\u0151k \u00e9s a csapatok aut\u00f3i elmentek. Ez \u00edgy van?<\/strong><\/p>\n<p>Igen. N\u00e9ha megkeres minket egy-egy ter\u00fclet k\u00e9pvisel\u0151je, \u00e9s felaj\u00e1nlja, hogy rendbe hoznak egy bizonyos utat, ha elhozzuk hozz\u00e1juk a Vuelt\u00e1t. Ha ez megval\u00f3s\u00edthat\u00f3 \u00e9s \u00e9rdekes mind a verseny, mind a helyi k\u00f6zigazgat\u00e1s sz\u00e1m\u00e1ra, akkor egy\u00fctt aszfaltozzuk le a sz\u00f3ban forg\u00f3 utat, \u00e9s vissz\u00fck oda a versenyt. A La Vuelta igazi \u00f6r\u00f6ks\u00e9ge az, amikor ilyen \u00fatvonalakat jav\u00edtunk. Mindig sz\u00fcks\u00e9g van egy m\u00e1sik t\u00e1rsadalmi okra vagy ind\u00edt\u00e9kra egy verseny m\u00f6g\u00f6tt. A La Vuelta egyre n\u00f6vekv\u0151 preszt\u00edzse pedig bizonyos r\u00e9gi\u00f3knak sokkal nagyobb l\u00e1togatotts\u00e1got k\u00e9pes biztos\u00edtani.<\/p>\n<p>https:\/\/www.instagram.com\/p\/CgWw59ytlyt\/?hl=en<\/p>\n<p><strong>Egy\u00e9rtelm\u0171en kultur\u00e1lis jelent\u0151s\u00e9ggel b\u00edrnak azok a helyek, melyek a Vuelta \u00fatvonal\u00e1t k\u00e9pezik. A sport, a versenyz\u0151k \u00e9s a n\u00e9z\u0151k mellett mennyire f\u00f3kusz\u00e1l a verseny a &#8220;t\u00f6rt\u00e9netmes\u00e9l\u00e9sre&#8221;?<\/strong><\/p>\n<p>Szerencs\u00e9sek vagyunk, hogy a mi j\u00e1t\u00e9kter\u00fcnket az utak \u00e9s a v\u00e1rosok alkotj\u00e1k. \u00cdgy sok t\u00f6rt\u00e9netet el tudunk mes\u00e9lni a versenyz\u0151k \u00e1ltal megtett kilom\u00e9terek alatt. Sz\u00e1momra ez olyan, mint egy film, ahol sok szempontot kell figyelembe venni. Naponta h\u00e1rom-n\u00e9gy \u00f3r\u00e1t szerepel\u00fcnk a t\u00e9v\u00e9ben. A komment\u00e1toroknak k\u00e9pesnek kell lenni\u00fck arra, hogy ezt az id\u0151t a n\u00e9z\u0151k sz\u00e1m\u00e1ra \u00e9rdekes dolgokkal t\u00f6lts\u00e9k ki, illetve hogy a sportr\u00f3l \u00e9s a helyi t\u00f6rt\u00e9nelemr\u0151l is tudjanak besz\u00e9lni, hogy a vil\u00e1g t\u00f6bbi r\u00e9sze is l\u00e1thassa, mit tud ny\u00fajtani Spanyolorsz\u00e1g.<\/p>\n<p><strong>Az ASO-val (Amaury Sports Organization, a Tour de France-ot birtokl\u00f3 c\u00e9g) val\u00f3 partners\u00e9g tov\u00e1bb n\u00f6velte a La Vuelta preszt\u00edzs\u00e9t. Val\u00f3j\u00e1ban mekkora v\u00e1ltoz\u00e1st jelentett ez?<\/strong><\/p>\n<p>Nagyot, k\u00fcl\u00f6n\u00f6sen nemzetk\u00f6zi szinten, hiszen az ASO nagyon j\u00f3 m\u00e9diaplatform, \u00e9s mint sportc\u00e9g, t\u00f6k\u00e9letesen \u00e9rtik, hogyan kell kezelni ezt a t\u00e9m\u00e1t. Abban is seg\u00edtettek, hogy a La Vuelta meg tudja \u0151rizni jellegzetes spanyol &#8220;\u00edz\u00e9t&#8221;. \u0150k maguk mondt\u00e1k, hogy &#8220;ti egy spanyol verseny vagytok, erre koncentr\u00e1ljatok. Spanyolnak \u00e9s ugyanakkor nemzetk\u00f6zinek is kell lennetek. Dolgozzatok a spanyol szem\u00e9lyis\u00e9geteken, ne pr\u00f3b\u00e1ljatok m\u00e1s Grand Tour-okhoz hasonl\u00edtani. Legyetek ti Spanyolorsz\u00e1g legjobb k\u00e9pvisel\u0151i.&#8221;<\/p>\n<p><strong>A versenyigazgat\u00f3i posztra val\u00f3 \u00e1tt\u00e9r\u00e9s ut\u00e1n mi az, amit a leg\u00e9lvezetesebbnek tal\u00e1l a Vuelta el\u0151k\u00e9sz\u00edt\u00e9s\u00e9ben?<\/strong><\/p>\n<p>K\u00e9t ilyen r\u00e9sz van. Az egyik, amikor az irod\u00e1ban vagyunk, \u00e9s elk\u00e9sz\u00edtj\u00fck a &#8220;forgat\u00f3k\u00f6nyvet&#8221;, azaz megtervez\u00fcnk mindent az \u00fatvonallal kapcsolatban. A m\u00e1sik, \u00e9s egyben a legjobb r\u00e9sz pedig az, amikor l\u00e1thatjuk mindezt val\u00f3s\u00e1gg\u00e1 v\u00e1lni \u00e9s \u00e1thaladhatunk az \u00f6sszes szurkol\u00f3 v\u00e1roson.<\/p>\n<p><strong>A La Vuelt\u00e1nak, mint Grand Tournak, van egy k\u00fcl\u00f6nleges hagyom\u00e1nya, amely imm\u00e1r 40 \u00e9ve tart: felhangzik a La Vuelta hivatalos dala, amely minden \u00e9vben v\u00e1ltozik. 2022-ben ez a &#8220;C&#8217;mon C&#8217;mon&#8221; c\u00edm\u0171 k\u00f6z\u00f6s ny\u00e1ri sl\u00e1ger, Lorena Medina el\u0151ad\u00e1s\u00e1ban. Mes\u00e9lne nek\u00fcnk t\u00f6bbet err\u0151l?<\/strong><\/p>\n<p>Ezt a hagyom\u00e1nyt akkor vezett\u00fck be, amikor Spanyolorsz\u00e1g a demokr\u00e1cia fel\u00e9 fordult. Ekkor a zene olyasvalami volt, amit a szabads\u00e1g \u00e9s az \u00e1talakul\u00e1s kifejez\u00e9s\u00e9re haszn\u00e1ltak. A mozgalomban a La Vuelta is r\u00e9szt akart venni, amire t\u00f6k\u00e9letes eszk\u00f6z volt a zene. A La Vuelta dal a ny\u00e1r folyam\u00e1n mindig az egyik legn\u00e9pszer\u0171bb dall\u00e1 v\u00e1lik Spanyolorsz\u00e1gban, ami sok \u00e9nekest tett m\u00e1r h\u00edress\u00e9.<\/p>\n<p>K\u00f6sz\u00f6nj\u00fck, hogy id\u0151t szak\u00edtott r\u00e1nk \u00e9s megosztotta vel\u00fcnk \u00e9rdekes megl\u00e1t\u00e1sait. Tov\u00e1bbi z\u00f6kken\u0151mentes La Vuelta a Espa\u00f1a 2022-t k\u00edv\u00e1nunk!<\/p>\n","protected":false},"excerpt":{"rendered":"<p>Kezdetben a La Vuelta a Espan\u00e1t egy kisebb l\u00e9pt\u00e9k\u0171 spanyol szakaszversenynek tekintett\u00e9k, amely lehet\u0151s\u00e9get biztos\u00edtott a profik sz\u00e1m\u00e1ra, hogy felk\u00e9sz\u00fcljenek [&hellip;]<\/p>\n","protected":false},"author":71,"featured_media":15693,"comment_status":"open","ping_status":"open","sticky":false,"template":"","format":"standard","meta":{"footnotes":""},"categories":[8],"tags":[],"global-categories":[],"class_list":["post-15691","post","type-post","status-publish","format-standard","has-post-thumbnail","hentry","category-orszaguti-kerekpar"],"yoast_head":"<!-- This site is optimized with the Yoast SEO Premium plugin v25.3 (Yoast SEO v25.9) - https:\/\/yoast.com\/wordpress\/plugins\/seo\/ -->\n<title>Besz\u00e9lget\u00e9s Javier Guill\u00e9nnel, a La Vuelta a Espa\u00f1a versenyigazgat\u00f3j\u00e1val: &quot;A [La Vuelta] olyan, mint egy film&quot;<\/title>\n<meta name=\"description\" content=\"Kezdetben a La Vuelta a Espan\u00e1t egy kisebb l\u00e9pt\u00e9k\u0171 spanyol szakaszversenynek tekintett\u00e9k, amely lehet\u0151s\u00e9get biztos\u00edtott a profik sz\u00e1m\u00e1ra, hogy felk\u00e9sz\u00fcljenek a szezon nagyobb esem\u00e9nyeire. Az\u00f3ta viszont sok minden megv\u00e1ltozott. Az idei La Vuelta 2022. augusztus 19. \u00e9s szeptember 11. k\u00f6z\u00f6tt ker\u00fcl megrendez\u00e9sre, \u00e9s ism\u00e9t a legizgalmasabb \u00e9s legkisz\u00e1m\u00edthatatlanabb Grand Tournak \u00edg\u00e9rkezik. 21 \u2013 \u00f6sszesen 3280,5 km hossz\u00fa \u2013 szakasza k\u00f6z\u00f6tt h\u00e9t hegyi \u00fatvonal, k\u00e9t magaslati szakasz \u00e9s egy\u00e9b izgalmas p\u00e1ly\u00e1k v\u00e1rj\u00e1k a versenyz\u0151ket.\" \/>\n<meta name=\"robots\" content=\"index, follow, max-snippet:-1, max-image-preview:large, max-video-preview:-1\" \/>\n<link rel=\"canonical\" href=\"https:\/\/www.welovecycling.com\/hu\/orszaguti-kerekpar\/beszelgetes-javier-guillennel-a-la-vuelta-a-espana-versenyigazgatojaval-a-la-vuelta-olyan-mint-egy-film\/\" \/>\n<meta property=\"og:locale\" content=\"hu_HU\" \/>\n<meta property=\"og:type\" content=\"article\" \/>\n<meta property=\"og:title\" content=\"Besz\u00e9lget\u00e9s Javier Guill\u00e9nnel, a La Vuelta a Espa\u00f1a versenyigazgat\u00f3j\u00e1val: &quot;A [La Vuelta] olyan, mint egy film&quot;\" \/>\n<meta property=\"og:description\" content=\"Kezdetben a La Vuelta a Espan\u00e1t egy kisebb l\u00e9pt\u00e9k\u0171 spanyol szakaszversenynek tekintett\u00e9k, amely lehet\u0151s\u00e9get biztos\u00edtott a profik sz\u00e1m\u00e1ra, hogy felk\u00e9sz\u00fcljenek a szezon nagyobb esem\u00e9nyeire. Az\u00f3ta viszont sok minden megv\u00e1ltozott. Az idei La Vuelta 2022. augusztus 19. \u00e9s szeptember 11. k\u00f6z\u00f6tt ker\u00fcl megrendez\u00e9sre, \u00e9s ism\u00e9t a legizgalmasabb \u00e9s legkisz\u00e1m\u00edthatatlanabb Grand Tournak \u00edg\u00e9rkezik. 21 \u2013 \u00f6sszesen 3280,5 km hossz\u00fa \u2013 szakasza k\u00f6z\u00f6tt h\u00e9t hegyi \u00fatvonal, k\u00e9t magaslati szakasz \u00e9s egy\u00e9b izgalmas p\u00e1ly\u00e1k v\u00e1rj\u00e1k a versenyz\u0151ket.\" \/>\n<meta property=\"og:url\" content=\"https:\/\/www.welovecycling.com\/hu\/orszaguti-kerekpar\/beszelgetes-javier-guillennel-a-la-vuelta-a-espana-versenyigazgatojaval-a-la-vuelta-olyan-mint-egy-film\/\" \/>\n<meta property=\"og:site_name\" content=\"\u0160koda We Love Cycling - Magyarorsz\u00e1g\" \/>\n<meta property=\"article:publisher\" content=\"https:\/\/www.facebook.com\/WeLoveCyclingHungary\/\" \/>\n<meta property=\"article:published_time\" content=\"2022-08-29T06:00:25+00:00\" \/>\n<meta property=\"og:image\" content=\"https:\/\/d2p6e6u75xmxt8.cloudfront.net\/12\/2022\/08\/Javier-Guillen-profimedia-0576180029-CVR.jpg\" \/>\n\t<meta property=\"og:image:width\" content=\"990\" \/>\n\t<meta property=\"og:image:height\" content=\"660\" \/>\n\t<meta property=\"og:image:type\" content=\"image\/jpeg\" \/>\n<meta name=\"author\" content=\"hegyizs\" \/>\n<meta name=\"twitter:card\" content=\"summary_large_image\" \/>\n<meta name=\"twitter:label1\" content=\"Written by\" \/>\n\t<meta name=\"twitter:data1\" content=\"Frantiska Blazkova\" \/>\n\t<meta name=\"twitter:label2\" content=\"Est. reading time\" \/>\n\t<meta name=\"twitter:data2\" content=\"6\" \/>\n<script type=\"application\/ld+json\" class=\"yoast-schema-graph\">{\"@context\":\"https:\/\/schema.org\",\"@graph\":[{\"@type\":\"WebPage\",\"@id\":\"https:\/\/www.welovecycling.com\/hu\/orszaguti-kerekpar\/beszelgetes-javier-guillennel-a-la-vuelta-a-espana-versenyigazgatojaval-a-la-vuelta-olyan-mint-egy-film\/\",\"url\":\"https:\/\/www.welovecycling.com\/hu\/orszaguti-kerekpar\/beszelgetes-javier-guillennel-a-la-vuelta-a-espana-versenyigazgatojaval-a-la-vuelta-olyan-mint-egy-film\/\",\"name\":\"Besz\u00e9lget\u00e9s Javier Guill\u00e9nnel, a La Vuelta a Espa\u00f1a versenyigazgat\u00f3j\u00e1val: \\\"A [La Vuelta] olyan, mint egy film\\\"\",\"isPartOf\":{\"@id\":\"https:\/\/www.welovecycling.com\/hu\/#website\"},\"primaryImageOfPage\":{\"@id\":\"https:\/\/www.welovecycling.com\/hu\/orszaguti-kerekpar\/beszelgetes-javier-guillennel-a-la-vuelta-a-espana-versenyigazgatojaval-a-la-vuelta-olyan-mint-egy-film\/#primaryimage\"},\"image\":{\"@id\":\"https:\/\/www.welovecycling.com\/hu\/orszaguti-kerekpar\/beszelgetes-javier-guillennel-a-la-vuelta-a-espana-versenyigazgatojaval-a-la-vuelta-olyan-mint-egy-film\/#primaryimage\"},\"thumbnailUrl\":\"https:\/\/d2p6e6u75xmxt8.cloudfront.net\/12\/2022\/08\/Javier-Guillen-profimedia-0576180029-CVR.jpg\",\"datePublished\":\"2022-08-29T06:00:25+00:00\",\"author\":{\"@id\":\"https:\/\/www.welovecycling.com\/hu\/#\/schema\/person\/414a2aebf1801691a5320edb6468e194\"},\"description\":\"Kezdetben a La Vuelta a Espan\u00e1t egy kisebb l\u00e9pt\u00e9k\u0171 spanyol szakaszversenynek tekintett\u00e9k, amely lehet\u0151s\u00e9get biztos\u00edtott a profik sz\u00e1m\u00e1ra, hogy felk\u00e9sz\u00fcljenek a szezon nagyobb esem\u00e9nyeire. Az\u00f3ta viszont sok minden megv\u00e1ltozott. Az idei La Vuelta 2022. augusztus 19. \u00e9s szeptember 11. k\u00f6z\u00f6tt ker\u00fcl megrendez\u00e9sre, \u00e9s ism\u00e9t a legizgalmasabb \u00e9s legkisz\u00e1m\u00edthatatlanabb Grand Tournak \u00edg\u00e9rkezik. 21 \u2013 \u00f6sszesen 3280,5 km hossz\u00fa \u2013 szakasza k\u00f6z\u00f6tt h\u00e9t hegyi \u00fatvonal, k\u00e9t magaslati szakasz \u00e9s egy\u00e9b izgalmas p\u00e1ly\u00e1k v\u00e1rj\u00e1k a versenyz\u0151ket.\",\"breadcrumb\":{\"@id\":\"https:\/\/www.welovecycling.com\/hu\/orszaguti-kerekpar\/beszelgetes-javier-guillennel-a-la-vuelta-a-espana-versenyigazgatojaval-a-la-vuelta-olyan-mint-egy-film\/#breadcrumb\"},\"inLanguage\":\"hu\",\"potentialAction\":[{\"@type\":\"ReadAction\",\"target\":[\"https:\/\/www.welovecycling.com\/hu\/orszaguti-kerekpar\/beszelgetes-javier-guillennel-a-la-vuelta-a-espana-versenyigazgatojaval-a-la-vuelta-olyan-mint-egy-film\/\"]}]},{\"@type\":\"ImageObject\",\"inLanguage\":\"hu\",\"@id\":\"https:\/\/www.welovecycling.com\/hu\/orszaguti-kerekpar\/beszelgetes-javier-guillennel-a-la-vuelta-a-espana-versenyigazgatojaval-a-la-vuelta-olyan-mint-egy-film\/#primaryimage\",\"url\":\"https:\/\/d2p6e6u75xmxt8.cloudfront.net\/12\/2022\/08\/Javier-Guillen-profimedia-0576180029-CVR.jpg\",\"contentUrl\":\"https:\/\/d2p6e6u75xmxt8.cloudfront.net\/12\/2022\/08\/Javier-Guillen-profimedia-0576180029-CVR.jpg\",\"width\":990,\"height\":660,\"caption\":\"Javier Guill\u00e9n\"},{\"@type\":\"BreadcrumbList\",\"@id\":\"https:\/\/www.welovecycling.com\/hu\/orszaguti-kerekpar\/beszelgetes-javier-guillennel-a-la-vuelta-a-espana-versenyigazgatojaval-a-la-vuelta-olyan-mint-egy-film\/#breadcrumb\",\"itemListElement\":[{\"@type\":\"ListItem\",\"position\":1,\"name\":\"Home\",\"item\":\"https:\/\/www.welovecycling.com\/hu\/\"},{\"@type\":\"ListItem\",\"position\":2,\"name\":\"Besz\u00e9lget\u00e9s Javier Guill\u00e9nnel, a La Vuelta a Espa\u00f1a versenyigazgat\u00f3j\u00e1val: &#8220;A [La Vuelta] olyan, mint egy film&#8221;\"}]},{\"@type\":\"WebSite\",\"@id\":\"https:\/\/www.welovecycling.com\/hu\/#website\",\"url\":\"https:\/\/www.welovecycling.com\/hu\/\",\"name\":\"\u0160koda We Love Cycling - Magyarorsz\u00e1g\",\"description\":\"\u0160koda WeLoveCycling\",\"potentialAction\":[{\"@type\":\"SearchAction\",\"target\":{\"@type\":\"EntryPoint\",\"urlTemplate\":\"https:\/\/www.welovecycling.com\/hu\/?s={search_term_string}\"},\"query-input\":{\"@type\":\"PropertyValueSpecification\",\"valueRequired\":true,\"valueName\":\"search_term_string\"}}],\"inLanguage\":\"hu\"},{\"@type\":\"Person\",\"@id\":\"https:\/\/www.welovecycling.com\/hu\/#\/schema\/person\/414a2aebf1801691a5320edb6468e194\",\"name\":\"hegyizs\",\"image\":{\"@type\":\"ImageObject\",\"inLanguage\":\"hu\",\"@id\":\"https:\/\/www.welovecycling.com\/hu\/#\/schema\/person\/image\/\",\"url\":\"https:\/\/secure.gravatar.com\/avatar\/02cf8a7906b8cf90cecb4679defac7cfd33a1c2e3b88e4903d947f3bb58eedd3?s=96&d=mm&r=g\",\"contentUrl\":\"https:\/\/secure.gravatar.com\/avatar\/02cf8a7906b8cf90cecb4679defac7cfd33a1c2e3b88e4903d947f3bb58eedd3?s=96&d=mm&r=g\",\"caption\":\"hegyizs\"},\"url\":\"https:\/\/www.welovecycling.com\/hu\/author\/hegyizs\/\"}]}<\/script>\n<!-- \/ Yoast SEO Premium plugin. -->","yoast_head_json":{"title":"Besz\u00e9lget\u00e9s Javier Guill\u00e9nnel, a La Vuelta a Espa\u00f1a versenyigazgat\u00f3j\u00e1val: \"A [La Vuelta] olyan, mint egy film\"","description":"Kezdetben a La Vuelta a Espan\u00e1t egy kisebb l\u00e9pt\u00e9k\u0171 spanyol szakaszversenynek tekintett\u00e9k, amely lehet\u0151s\u00e9get biztos\u00edtott a profik sz\u00e1m\u00e1ra, hogy felk\u00e9sz\u00fcljenek a szezon nagyobb esem\u00e9nyeire. Az\u00f3ta viszont sok minden megv\u00e1ltozott. Az idei La Vuelta 2022. augusztus 19. \u00e9s szeptember 11. k\u00f6z\u00f6tt ker\u00fcl megrendez\u00e9sre, \u00e9s ism\u00e9t a legizgalmasabb \u00e9s legkisz\u00e1m\u00edthatatlanabb Grand Tournak \u00edg\u00e9rkezik. 21 \u2013 \u00f6sszesen 3280,5 km hossz\u00fa \u2013 szakasza k\u00f6z\u00f6tt h\u00e9t hegyi \u00fatvonal, k\u00e9t magaslati szakasz \u00e9s egy\u00e9b izgalmas p\u00e1ly\u00e1k v\u00e1rj\u00e1k a versenyz\u0151ket.","robots":{"index":"index","follow":"follow","max-snippet":"max-snippet:-1","max-image-preview":"max-image-preview:large","max-video-preview":"max-video-preview:-1"},"canonical":"https:\/\/www.welovecycling.com\/hu\/orszaguti-kerekpar\/beszelgetes-javier-guillennel-a-la-vuelta-a-espana-versenyigazgatojaval-a-la-vuelta-olyan-mint-egy-film\/","og_locale":"hu_HU","og_type":"article","og_title":"Besz\u00e9lget\u00e9s Javier Guill\u00e9nnel, a La Vuelta a Espa\u00f1a versenyigazgat\u00f3j\u00e1val: \"A [La Vuelta] olyan, mint egy film\"","og_description":"Kezdetben a La Vuelta a Espan\u00e1t egy kisebb l\u00e9pt\u00e9k\u0171 spanyol szakaszversenynek tekintett\u00e9k, amely lehet\u0151s\u00e9get biztos\u00edtott a profik sz\u00e1m\u00e1ra, hogy felk\u00e9sz\u00fcljenek a szezon nagyobb esem\u00e9nyeire. Az\u00f3ta viszont sok minden megv\u00e1ltozott. Az idei La Vuelta 2022. augusztus 19. \u00e9s szeptember 11. k\u00f6z\u00f6tt ker\u00fcl megrendez\u00e9sre, \u00e9s ism\u00e9t a legizgalmasabb \u00e9s legkisz\u00e1m\u00edthatatlanabb Grand Tournak \u00edg\u00e9rkezik. 21 \u2013 \u00f6sszesen 3280,5 km hossz\u00fa \u2013 szakasza k\u00f6z\u00f6tt h\u00e9t hegyi \u00fatvonal, k\u00e9t magaslati szakasz \u00e9s egy\u00e9b izgalmas p\u00e1ly\u00e1k v\u00e1rj\u00e1k a versenyz\u0151ket.","og_url":"https:\/\/www.welovecycling.com\/hu\/orszaguti-kerekpar\/beszelgetes-javier-guillennel-a-la-vuelta-a-espana-versenyigazgatojaval-a-la-vuelta-olyan-mint-egy-film\/","og_site_name":"\u0160koda We Love Cycling - Magyarorsz\u00e1g","article_publisher":"https:\/\/www.facebook.com\/WeLoveCyclingHungary\/","article_published_time":"2022-08-29T06:00:25+00:00","og_image":[{"width":990,"height":660,"url":"https:\/\/d2p6e6u75xmxt8.cloudfront.net\/12\/2022\/08\/Javier-Guillen-profimedia-0576180029-CVR.jpg","type":"image\/jpeg"}],"author":"hegyizs","twitter_card":"summary_large_image","twitter_misc":{"Written by":"Frantiska Blazkova","Est. reading time":"6"},"schema":{"@context":"https:\/\/schema.org","@graph":[{"@type":"WebPage","@id":"https:\/\/www.welovecycling.com\/hu\/orszaguti-kerekpar\/beszelgetes-javier-guillennel-a-la-vuelta-a-espana-versenyigazgatojaval-a-la-vuelta-olyan-mint-egy-film\/","url":"https:\/\/www.welovecycling.com\/hu\/orszaguti-kerekpar\/beszelgetes-javier-guillennel-a-la-vuelta-a-espana-versenyigazgatojaval-a-la-vuelta-olyan-mint-egy-film\/","name":"Besz\u00e9lget\u00e9s Javier Guill\u00e9nnel, a La Vuelta a Espa\u00f1a versenyigazgat\u00f3j\u00e1val: \"A [La Vuelta] olyan, mint egy film\"","isPartOf":{"@id":"https:\/\/www.welovecycling.com\/hu\/#website"},"primaryImageOfPage":{"@id":"https:\/\/www.welovecycling.com\/hu\/orszaguti-kerekpar\/beszelgetes-javier-guillennel-a-la-vuelta-a-espana-versenyigazgatojaval-a-la-vuelta-olyan-mint-egy-film\/#primaryimage"},"image":{"@id":"https:\/\/www.welovecycling.com\/hu\/orszaguti-kerekpar\/beszelgetes-javier-guillennel-a-la-vuelta-a-espana-versenyigazgatojaval-a-la-vuelta-olyan-mint-egy-film\/#primaryimage"},"thumbnailUrl":"https:\/\/d2p6e6u75xmxt8.cloudfront.net\/12\/2022\/08\/Javier-Guillen-profimedia-0576180029-CVR.jpg","datePublished":"2022-08-29T06:00:25+00:00","author":{"@id":"https:\/\/www.welovecycling.com\/hu\/#\/schema\/person\/414a2aebf1801691a5320edb6468e194"},"description":"Kezdetben a La Vuelta a Espan\u00e1t egy kisebb l\u00e9pt\u00e9k\u0171 spanyol szakaszversenynek tekintett\u00e9k, amely lehet\u0151s\u00e9get biztos\u00edtott a profik sz\u00e1m\u00e1ra, hogy felk\u00e9sz\u00fcljenek a szezon nagyobb esem\u00e9nyeire. Az\u00f3ta viszont sok minden megv\u00e1ltozott. Az idei La Vuelta 2022. augusztus 19. \u00e9s szeptember 11. k\u00f6z\u00f6tt ker\u00fcl megrendez\u00e9sre, \u00e9s ism\u00e9t a legizgalmasabb \u00e9s legkisz\u00e1m\u00edthatatlanabb Grand Tournak \u00edg\u00e9rkezik. 21 \u2013 \u00f6sszesen 3280,5 km hossz\u00fa \u2013 szakasza k\u00f6z\u00f6tt h\u00e9t hegyi \u00fatvonal, k\u00e9t magaslati szakasz \u00e9s egy\u00e9b izgalmas p\u00e1ly\u00e1k v\u00e1rj\u00e1k a versenyz\u0151ket.","breadcrumb":{"@id":"https:\/\/www.welovecycling.com\/hu\/orszaguti-kerekpar\/beszelgetes-javier-guillennel-a-la-vuelta-a-espana-versenyigazgatojaval-a-la-vuelta-olyan-mint-egy-film\/#breadcrumb"},"inLanguage":"hu","potentialAction":[{"@type":"ReadAction","target":["https:\/\/www.welovecycling.com\/hu\/orszaguti-kerekpar\/beszelgetes-javier-guillennel-a-la-vuelta-a-espana-versenyigazgatojaval-a-la-vuelta-olyan-mint-egy-film\/"]}]},{"@type":"ImageObject","inLanguage":"hu","@id":"https:\/\/www.welovecycling.com\/hu\/orszaguti-kerekpar\/beszelgetes-javier-guillennel-a-la-vuelta-a-espana-versenyigazgatojaval-a-la-vuelta-olyan-mint-egy-film\/#primaryimage","url":"https:\/\/d2p6e6u75xmxt8.cloudfront.net\/12\/2022\/08\/Javier-Guillen-profimedia-0576180029-CVR.jpg","contentUrl":"https:\/\/d2p6e6u75xmxt8.cloudfront.net\/12\/2022\/08\/Javier-Guillen-profimedia-0576180029-CVR.jpg","width":990,"height":660,"caption":"Javier Guill\u00e9n"},{"@type":"BreadcrumbList","@id":"https:\/\/www.welovecycling.com\/hu\/orszaguti-kerekpar\/beszelgetes-javier-guillennel-a-la-vuelta-a-espana-versenyigazgatojaval-a-la-vuelta-olyan-mint-egy-film\/#breadcrumb","itemListElement":[{"@type":"ListItem","position":1,"name":"Home","item":"https:\/\/www.welovecycling.com\/hu\/"},{"@type":"ListItem","position":2,"name":"Besz\u00e9lget\u00e9s Javier Guill\u00e9nnel, a La Vuelta a Espa\u00f1a versenyigazgat\u00f3j\u00e1val: &#8220;A [La Vuelta] olyan, mint egy film&#8221;"}]},{"@type":"WebSite","@id":"https:\/\/www.welovecycling.com\/hu\/#website","url":"https:\/\/www.welovecycling.com\/hu\/","name":"\u0160koda We Love Cycling - Magyarorsz\u00e1g","description":"\u0160koda WeLoveCycling","potentialAction":[{"@type":"SearchAction","target":{"@type":"EntryPoint","urlTemplate":"https:\/\/www.welovecycling.com\/hu\/?s={search_term_string}"},"query-input":{"@type":"PropertyValueSpecification","valueRequired":true,"valueName":"search_term_string"}}],"inLanguage":"hu"},{"@type":"Person","@id":"https:\/\/www.welovecycling.com\/hu\/#\/schema\/person\/414a2aebf1801691a5320edb6468e194","name":"hegyizs","image":{"@type":"ImageObject","inLanguage":"hu","@id":"https:\/\/www.welovecycling.com\/hu\/#\/schema\/person\/image\/","url":"https:\/\/secure.gravatar.com\/avatar\/02cf8a7906b8cf90cecb4679defac7cfd33a1c2e3b88e4903d947f3bb58eedd3?s=96&d=mm&r=g","contentUrl":"https:\/\/secure.gravatar.com\/avatar\/02cf8a7906b8cf90cecb4679defac7cfd33a1c2e3b88e4903d947f3bb58eedd3?s=96&d=mm&r=g","caption":"hegyizs"},"url":"https:\/\/www.welovecycling.com\/hu\/author\/hegyizs\/"}]}},"_links":{"self":[{"href":"https:\/\/www.welovecycling.com\/hu\/wp-json\/wp\/v2\/posts\/15691","targetHints":{"allow":["GET"]}}],"collection":[{"href":"https:\/\/www.welovecycling.com\/hu\/wp-json\/wp\/v2\/posts"}],"about":[{"href":"https:\/\/www.welovecycling.com\/hu\/wp-json\/wp\/v2\/types\/post"}],"author":[{"embeddable":true,"href":"https:\/\/www.welovecycling.com\/hu\/wp-json\/wp\/v2\/users\/71"}],"replies":[{"embeddable":true,"href":"https:\/\/www.welovecycling.com\/hu\/wp-json\/wp\/v2\/comments?post=15691"}],"version-history":[{"count":1,"href":"https:\/\/www.welovecycling.com\/hu\/wp-json\/wp\/v2\/posts\/15691\/revisions"}],"predecessor-version":[{"id":15694,"href":"https:\/\/www.welovecycling.com\/hu\/wp-json\/wp\/v2\/posts\/15691\/revisions\/15694"}],"wp:featuredmedia":[{"embeddable":true,"href":"https:\/\/www.welovecycling.com\/hu\/wp-json\/wp\/v2\/media\/15693"}],"wp:attachment":[{"href":"https:\/\/www.welovecycling.com\/hu\/wp-json\/wp\/v2\/media?parent=15691"}],"wp:term":[{"taxonomy":"category","embeddable":true,"href":"https:\/\/www.welovecycling.com\/hu\/wp-json\/wp\/v2\/categories?post=15691"},{"taxonomy":"post_tag","embeddable":true,"href":"https:\/\/www.welovecycling.com\/hu\/wp-json\/wp\/v2\/tags?post=15691"},{"taxonomy":"global-categories","embeddable":true,"href":"https:\/\/www.welovecycling.com\/hu\/wp-json\/wp\/v2\/global-categories?post=15691"}],"curies":[{"name":"wp","href":"https:\/\/api.w.org\/{rel}","templated":true}]}}