{"id":15686,"date":"2022-09-01T08:00:01","date_gmt":"2022-09-01T06:00:01","guid":{"rendered":"https:\/\/www.welovecycling.com\/hu\/?p=15686"},"modified":"2022-08-26T12:58:58","modified_gmt":"2022-08-26T10:58:58","slug":"a-mountain-bike-osok-5-tipusa-akikkel-biciklizes-kozben-talalkozhatsz","status":"publish","type":"post","link":"https:\/\/www.welovecycling.com\/hu\/trekking-mtb\/a-mountain-bike-osok-5-tipusa-akikkel-biciklizes-kozben-talalkozhatsz\/","title":{"rendered":"A mountain bike-osok 5 t\u00edpusa, akikkel bicikliz\u00e9s k\u00f6zben tal\u00e1lkozhatsz"},"content":{"rendered":"<p><strong>El tudsz k\u00e9pzelni jobb m\u00f3dot a ny\u00e1ri h\u00e9tv\u00e9g\u00e9k elt\u00f6lt\u00e9s\u00e9re, mint olyan sebess\u00e9ggel lesz\u00e1guldani egy hegyr\u0151l, ami mellett egy edzett gep\u00e1rd is t\u00fals\u00falyos lajh\u00e1rnak t\u0171nne? Mindig nagyszer\u0171 \u00e9rz\u00e9s \u00e9lvezni a friss leveg\u0151t, az izgalmat, a h\u0171v\u00f6s erd\u0151ket \u00e9s a nyugalmat, ami bel\u0151l\u00fck \u00e1rad, de ami a legvonz\u00f3bb\u00e1 teszi ezt a hobbit, az a k\u00f6r\u00fcl\u00f6tte kialakult k\u00f6z\u00f6ss\u00e9g. Az id\u0151 m\u00fal\u00e1s\u00e1val szinte minden csoportban megjelent n\u00e9h\u00e1ny \u00e9rdekes szem\u00e9lyis\u00e9g, \u00edgy ebben a cikkben 5 olyan mountain bike-ost mutatunk be, akikkel \u00f6sszefuthatsz a meredek lejt\u0151k\u00f6n.<\/strong><\/p>\n<p><!--more--><\/p>\n<h2><strong>1. A veter\u00e1n<br \/>\n<\/strong><\/h2>\n<p>A veter\u00e1nok m\u00e1r minden olyan dolgot kipr\u00f3b\u00e1ltak, amit csak el tudsz k\u00e9pzelni. Mindig egy r\u00e9gi ker\u00e9kp\u00e1rral j\u00e1rnak, amit a nev\u00e9n sz\u00f3l\u00edtanak \u00e9s nem hajland\u00f3k elhinni, hogy 1987 \u00f3ta m\u00e1r vannak az \u00f6v\u00e9kn\u00e9l jobb modellek is. M\u00e9g mindig d\u00fch\u00f6sek lesznek, ha valaki sz\u00f3ba hozza azokat a borzalmas 29\u2033-eseket, annak ellen\u00e9re, hogy m\u00e1r egy \u00e9vtized telt el az\u00f3ta, hogy ez a ker\u00e9kp\u00e1ros k\u00f6z\u00f6ss\u00e9gben vita t\u00e1rgya volt.<\/p>\n<p>A p\u00e1ly\u00e1n mindenki ismeri \u00e9s udvariasan el is ker\u00fcli \u0151ket. M\u00e1r j\u00f3val azel\u0151tt ott voltak, hogy ti megjelentetek volna \u00e9s m\u00e9g j\u00f3val azut\u00e1n is ott lesznek, hogy ti elt\u0171nt\u00f6k.<\/p>\n<p>A veter\u00e1nok az \u00fajonnan \u00e9rkez\u0151k figyelm\u00e9b\u0151l \u00e9s csod\u00e1lat\u00e1b\u00f3l t\u00e1pl\u00e1lkoznak, akiket a legk\u00fcl\u00f6nf\u00e9l\u00e9bb t\u00f6rt\u00e9netekkel trakt\u00e1lnak, melyek v\u00e9ge att\u00f3l f\u00fcgg\u0151en v\u00e1ltozik, hogy az elbesz\u00e9l\u0151 \u00e9ppen milyen reakci\u00f3ra v\u00e1gyik. A veter\u00e1nok a legt\u00f6bb esetben j\u00f3 bring\u00e1sok, azonban \u00f6nz\u0151nek \u00e9s \u00f6nteltnek t\u0171nnek. Ez lehet, hogy 16 \u00e9vesen m\u00e9g men\u0151, de el\u00e9g hamar megunjuk. Egy veter\u00e1nnal biciklizni kih\u00edv\u00e1st jelent\u0151 feladat, hiszen \u0151k mindig mindent jobban tudnak \u2013 hogyan lehet a legjobban teljes\u00edteni egy p\u00e1ly\u00e1t, megcsin\u00e1lni egy ugr\u00e1st vagy ak\u00e1r leveg\u0151t venni. De ne agg\u00f3dj! Hamarosan \u00fagyis \u00faj h\u00fas \u00e9rkezik a p\u00e1ly\u00e1ra \u00e9s a veter\u00e1n, aki eddig tal\u00e1n boldog\u00edtott, elvesz\u00edti az ir\u00e1ntad tan\u00fas\u00edtott \u00e9rdekl\u0151d\u00e9s\u00e9t.<\/p>\n<h2><strong>2. A maximalista<br \/>\n<\/strong><\/h2>\n<p><em>&#8220;Hogyan tudsz 45 psi-re felf\u00fajt gumikkal biciklizni, mikor a s\u00falyodhoz 45,3 aj\u00e1nlott<\/em>?&#8221; Ha hallott\u00e1l m\u00e1r ilyen, vagy ehhez hasonl\u00f3 k\u00e9rd\u00e9seket, akkor tudod, mi az a perfekcionizmus. A maximalist\u00e1k egyszer\u0171 emberek egyszer\u0171 ig\u00e9nyekkel, csup\u00e1n azt akarj\u00e1k, hogy minden teljesen \u00e9s t\u00f6k\u00e9letesen hib\u00e1tlan legyen, ahogy az a nagyk\u00f6nyvben meg van \u00edrva. Ez lehet ak\u00e1r a gumid nyom\u00e1sa, az \u00fcl\u00e9sed sz\u00f6ge, vagy a felszerel\u00e9sed, amit \u00e9ppen viselsz. A maximalist\u00e1k tudj\u00e1k, minek hogyan kell lennie \u00e9s semmilyen ellenv\u00e9lem\u00e9ny nem elfogadott.<\/p>\n<p>Egy perfekcionist\u00e1val val\u00f3 bicikliz\u00e9sben az a legfrusztr\u00e1l\u00f3bb, hogy 35 m\u00e1sodpercenk\u00e9nt meg kell majd \u00e1llnotok, mert a ker\u00e9kp\u00e1rja nem \u00fagy sz\u00f3l, ahogy kellene, a sz\u00e9l nem megfelel\u0151en f\u00faj \u00e1t a sisakj\u00e1n, vagy egy l\u00e9gy nem pontosan ott csap\u00f3dott a szem\u00fcveg\u00e9re, ahol kellett volna. Miel\u0151tt egy maximalista nekiv\u00e1gna a p\u00e1ly\u00e1nak, alaposan \u00e1tvizsg\u00e1lja a bring\u00e1ja minden millim\u00e9ter\u00e9t, \u00e9s ugyanezt teszi a ti\u00e9ddel is. Ha csak egy kis elt\u00e9r\u00e9st is l\u00e1t, nekil\u00e1t a probl\u00e9ma megold\u00e1s\u00e1nak, ami ut\u00e1n m\u00e1r legfeljebb csak egy gyors lejt\u0151re marad id\u0151t\u00f6k, mert lemegy a nap. De n\u00e9zd a dolog j\u00f3 oldal\u00e1t, legal\u00e1bb elmondhatod magadr\u00f3l, hogy egy hegy tetej\u00e9n kapt\u00e1l oktat\u00e1st a ker\u00e9kp\u00e1rmechanik\u00e1r\u00f3l!<\/p>\n<h2><strong>3. Az idegenvezet\u0151<br \/>\n<\/strong><\/h2>\n<p>Na, ez az a men\u0151 fick\u00f3, akivel lehet egy j\u00f3t bring\u00e1zni. Az idegenvezet\u0151k ismerik az \u00f6sszes nyomvonalat \u00e9s azok jellegzetess\u00e9geit \u00e9s tudj\u00e1k, hol vannak a legjobb ugrat\u00f3k. Olyanok, mint a Google, csak m\u00e9g jobbak, mert nem arra hagyatkoznak, amit m\u00e1sok mondtak nekik, hanem a tapasztalataik r\u00e9v\u00e9n m\u00e1r minden k\u00f6vet \u00e9s gy\u00f6keret ismernek az \u00fat ment\u00e9n. Az idegenvezet\u0151k a veter\u00e1nok jobbik v\u00e1ltozatai. Soha nem magukr\u00f3l besz\u00e9lnek, hanem ink\u00e1bb a p\u00e1ly\u00e1r\u00f3l \u00e9s arr\u00f3l, hogyan kell megk\u00f6zel\u00edteni azt.<\/p>\n<p>Az idegenvezet\u0151kkel biciklizni abszol\u00fat \u00e9lvezetes. Megmutatj\u00e1k neked a legjobb helyeket, s\u0151t elvisznek n\u00e9h\u00e1ny rejtett helyre is, \u00e9s elmondanak mindent, amit tudnod kell ahhoz, hogy j\u00f3l \u00e9rezd magad. Vezetnek \u00e9s javaslatokat tesznek, valamint azt is elmondj\u00e1k, mely szakaszokat \u00e9rdemes kihagyni. Meg\u00e9ri hallgatni r\u00e1juk. Az idegenvezet\u0151k egyetlen h\u00e1tr\u00e1nya, hogy mindenkivel meg akarj\u00e1k osztani b\u00f6lcsess\u00e9geiket, \u00edgy ha egy\u00fctt is \u00e9rkeztek a p\u00e1ly\u00e1ra, az ott l\u00e9v\u0151k hamar meg fogj\u00e1k tudni a titkaitokat.<\/p>\n<figure id=\"attachment_15687\" aria-describedby=\"caption-attachment-15687\" style=\"width: 1000px\" class=\"wp-caption alignnone\"><a href=\"https:\/\/d2p6e6u75xmxt8.cloudfront.net\/12\/2022\/08\/MTB-ride-profimedia-0610305508.jpg\"><img loading=\"lazy\" decoding=\"async\" class=\"size-full wp-image-15687\" src=\"https:\/\/d2p6e6u75xmxt8.cloudfront.net\/12\/2022\/08\/MTB-ride-profimedia-0610305508.jpg\" alt=\"MTB trail\" width=\"1000\" height=\"667\" srcset=\"https:\/\/d2p6e6u75xmxt8.cloudfront.net\/12\/2022\/08\/MTB-ride-profimedia-0610305508.jpg 1000w, https:\/\/d2p6e6u75xmxt8.cloudfront.net\/12\/2022\/08\/MTB-ride-profimedia-0610305508-300x200.jpg 300w, https:\/\/d2p6e6u75xmxt8.cloudfront.net\/12\/2022\/08\/MTB-ride-profimedia-0610305508-768x512.jpg 768w, https:\/\/d2p6e6u75xmxt8.cloudfront.net\/12\/2022\/08\/MTB-ride-profimedia-0610305508-272x182.jpg 272w\" sizes=\"auto, (max-width: 1000px) 100vw, 1000px\" \/><\/a><figcaption id=\"caption-attachment-15687\" class=\"wp-caption-text\"><em>Az idegenvezet\u0151kkel biciklizni abszol\u00fat \u00e9lvezetes. \u00a9 Profimedia<\/em><\/figcaption><\/figure>\n<h2><strong>4. A k\u00f6z\u00f6ss\u00e9gi m\u00e9dia f\u00fcgg\u0151<br \/>\n<\/strong><\/h2>\n<p>Na, \u0151 a legrosszabb. A k\u00f6z\u00f6ss\u00e9gi m\u00e9dia f\u00fcgg\u0151 a mountain bike-osok egy ideges\u00edt\u0151 t\u00edpusa, aki az ideje nagy r\u00e9sz\u00e9t azzal t\u00f6lti, hogy addig p\u00f3zol vagy csin\u00e1lja \u00fajra \u00e9s \u00fajra ugyanazt a mozdulatsort, m\u00edg el nem k\u00e9sz\u00edti a t\u00f6k\u00e9letes k\u00e9pet vagy vide\u00f3t, hogy megkapja a figyelmet, amire annyira v\u00e1gyik. Nem mag\u00e1t a bicikliz\u00e9st \u00e9lvezi, csup\u00e1n arra a t\u00e1rsadalmi poz\u00edci\u00f3ra, amit ez az eg\u00e9sz hozhat neki. Ezek a &#8220;bring\u00e1sok&#8221; ak\u00e1r \u00f3r\u00e1kig is k\u00e9pesek g\u00e1tolni a p\u00e1ly\u00e1n halad\u00f3kat, am\u00edg meg nem sz\u00fcletik a t\u00f6k\u00e9letes vide\u00f3, amit feltehetnek a kb. h\u00e9t feliratkoz\u00f3t sz\u00e1ml\u00e1l\u00f3 YouTube-csatorn\u00e1jukra, vagy ami m\u00e9g rosszabb, az Instagramra egy &#8220;inspir\u00e1l\u00f3&#8221; id\u00e9zettel alatta.<\/p>\n<p>B\u00e1r ez a t\u00edpus t\u00e9nyleg nagyon ideges\u00edt\u0151, legal\u00e1bb nem vesz\u00e9lyes, ellent\u00e9tben a Strava-f\u00fcgg\u0151kkel. \u0150k csak olyan utakon tekernek, amelyek szerepelnek a Strav\u00e1n, \u00e9s a c\u00e9l sosem az \u00e9lvezet. Rekordokra vad\u00e1sznak, \u00e9s isten ments, hogy m\u00e1s is vel\u00fck egy\u00fctt haszn\u00e1lja az utat. D\u00fch\u00f6sek, mindig idegesek, \u00e9s sz\u00e1mukra v\u00e9gigmenni az \u00fatvonalon ink\u00e1bb egy feladat mintsem sz\u00f3rakoz\u00e1s.<\/p>\n<p>B\u00e1rmilyen k\u00f6z\u00f6ss\u00e9gi m\u00e9dia f\u00fcgg\u0151vel &#8211; legyen sz\u00f3 YouTube-r\u00f3l, Instagramr\u00f3l, Facebookr\u00f3l, Strav\u00e1r\u00f3l vagy b\u00e1rmi m\u00e1sr\u00f3l \u2013 igazi r\u00e9m\u00e1lom egy\u00fctt tekerni. Ne hagyd, hogy megt\u00e9vesszenek. Nem az\u00e9rt visznek magukkal, mert tetszik nekik a st\u00edlusod, vagy mert szeretn\u00e9nek egy havert az \u00f6sv\u00e9nyeken, hanem mert a legut\u00f3bbi alkalommal egy olyan fot\u00f3t l\u0151tt\u00e9l r\u00f3luk, ami 128 l\u00e1jkot kapott \u00e9s most az els\u0151dleges feladatod a fot\u00f3z\u00e1s. \u00c9n azt tan\u00e1csolom, hogy ink\u00e1bb ker\u00fcld el az SM-f\u00fcgg\u0151ket. F\u00e1raszt\u00f3ak, ideges\u00edt\u0151ek \u00e9s alig tudsz biciklizni a t\u00e1rsas\u00e1gukban.<\/p>\n<h2><strong>5. A K\u00f6ly\u00f6k<br \/>\n<\/strong><\/h2>\n<p>V\u00e9g\u00fcl pedig, valah\u00e1nyszor egy \u00f6sv\u00e9nyen j\u00e1rsz, biztosan \u00f6sszefutsz majd a leg\u00fajabb gener\u00e1ci\u00f3 egy tagj\u00e1val is, akiket szerintem az \u00e1b\u00e9c\u00e9 bet\u0171i helyett hamarosan m\u00e1r sz\u00e1mokkal fognak jel\u00f6lni. Egyel\u0151re a K\u00f6ly\u00f6k leggyakrabban a Z-gener\u00e1ci\u00f3 egy tagj\u00e1t jelenti, aki rendelkezik a fiatal kor minden el\u0151ny\u00e9vel. Nem f\u00e1jnak a t\u00e9rdei, nem f\u00e1rad el olyan gyorsan, \u00e9s \u00e1ltal\u00e1ban tudja, hogyan kell gyorsan \u00e9s vadul tekerni. Eg\u00e9szen m\u00e1s, ha tudod, hogy ha elesel, a f\u00e1jdalom csak max. 2-3 napig tart. Ezzel szemben 30+-os korban m\u00e1r az t\u00f6bb h\u00e9tig tart\u00f3 f\u00e1jdalommal j\u00e1r, ha csak egy kicsit \u00e9rinted a f\u00f6ldet.<\/p>\n<p>Ha a K\u00f6ly\u00f6kkel biciklizel, jobb, ha nem pr\u00f3b\u00e1lod ki azokat a mutatv\u00e1nyokat, amiket \u0151, f\u0151leg, ha nem eml\u00e9kszel, mikor kelt\u00e9l ki utolj\u00e1ra \u00fagy az \u00e1gyadb\u00f3l, hogy nem reccsentek meg a csontjaid. Ha egy K\u00f6ly\u00f6k elesik, fel\u00e1ll, leporolja mag\u00e1t, \u00e9s \u00fagy ugr\u00e1l tov\u00e1bb, mintha a Marsra pr\u00f3b\u00e1lna eljutni. Ha viszont Te esel el, egy darabig \u00fagy is maradsz, ugyanis m\u00e9g meg kell bizonyosodnod arr\u00f3l, hogy nem t\u00f6rt el semmid. Ezut\u00e1n lassan fel\u00e1llsz, mindenhol f\u00e1j a tested, \u00e9s m\u00e1ris tudod, hogy a nap v\u00e9get \u00e9rt sz\u00e1modra.<\/p>\n<p>Sz\u00f3val ink\u00e1bb hagyd a K\u00f6lyk\u00f6ket, ha nem tudod tartani a temp\u00f3jukat, \u00e9s keress egy veled egykor\u00fa MTB-t\u00e1rsat. \u00cdgy a bicikliz\u00e9s neked biztons\u00e1gosabb a K\u00f6lyk\u00f6knek pedig sz\u00f3rakoztat\u00f3bb lesz, mivel nem lesz ott egy boomer, aki lelass\u00edtan\u00e1 \u0151ket.<\/p>\n<p>Nem ez az \u00f6sszes szem\u00e9lyis\u00e9gt\u00edpus, akikkel tal\u00e1lkozhatsz egy MTB-\u00f6sv\u00e9nyen, de ezek a leggyakoribbak. L\u00e1tod magad valamelyik\u00fckben?<\/p>\n","protected":false},"excerpt":{"rendered":"<p>El tudsz k\u00e9pzelni jobb m\u00f3dot a ny\u00e1ri h\u00e9tv\u00e9g\u00e9k elt\u00f6lt\u00e9s\u00e9re, mint olyan sebess\u00e9ggel lesz\u00e1guldani egy hegyr\u0151l, ami mellett egy edzett gep\u00e1rd [&hellip;]<\/p>\n","protected":false},"author":71,"featured_media":15689,"comment_status":"open","ping_status":"open","sticky":false,"template":"","format":"standard","meta":{"footnotes":""},"categories":[7],"tags":[],"global-categories":[],"class_list":["post-15686","post","type-post","status-publish","format-standard","has-post-thumbnail","hentry","category-trekking-mtb"],"yoast_head":"<!-- This site is optimized with the Yoast SEO Premium plugin v25.3 (Yoast SEO v25.9) - https:\/\/yoast.com\/wordpress\/plugins\/seo\/ -->\n<title>A mountain bike-osok 5 t\u00edpusa, akikkel bicikliz\u00e9s k\u00f6zben tal\u00e1lkozhatsz<\/title>\n<meta name=\"description\" content=\"El tudsz k\u00e9pzelni jobb m\u00f3dot a ny\u00e1ri h\u00e9tv\u00e9g\u00e9k elt\u00f6lt\u00e9s\u00e9re, mint olyan sebess\u00e9ggel lesz\u00e1guldani egy hegyr\u0151l, ami mellett egy edzett gep\u00e1rd is t\u00fals\u00falyos lajh\u00e1rnak t\u0171nne? Mindig nagyszer\u0171 \u00e9rz\u00e9s \u00e9lvezni a friss leveg\u0151t, az izgalmat, a h\u0171v\u00f6s erd\u0151ket \u00e9s a nyugalmat, ami bel\u0151l\u00fck \u00e1rad, de ami a legvonz\u00f3bb\u00e1 teszi ezt a hobbit, az a k\u00f6r\u00fcl\u00f6tte kialakult k\u00f6z\u00f6ss\u00e9g. Az id\u0151 m\u00fal\u00e1s\u00e1val szinte minden csoportban megjelent n\u00e9h\u00e1ny \u00e9rdekes szem\u00e9lyis\u00e9g, \u00edgy ebben a cikkben 5 olyan mountain bike-ost mutatunk be, akikkel \u00f6sszefuthatsz a meredek lejt\u0151k\u00f6n.\" \/>\n<meta name=\"robots\" content=\"index, follow, max-snippet:-1, max-image-preview:large, max-video-preview:-1\" \/>\n<link rel=\"canonical\" href=\"https:\/\/www.welovecycling.com\/hu\/trekking-mtb\/a-mountain-bike-osok-5-tipusa-akikkel-biciklizes-kozben-talalkozhatsz\/\" \/>\n<meta property=\"og:locale\" content=\"hu_HU\" \/>\n<meta property=\"og:type\" content=\"article\" \/>\n<meta property=\"og:title\" content=\"A mountain bike-osok 5 t\u00edpusa, akikkel bicikliz\u00e9s k\u00f6zben tal\u00e1lkozhatsz\" \/>\n<meta property=\"og:description\" content=\"El tudsz k\u00e9pzelni jobb m\u00f3dot a ny\u00e1ri h\u00e9tv\u00e9g\u00e9k elt\u00f6lt\u00e9s\u00e9re, mint olyan sebess\u00e9ggel lesz\u00e1guldani egy hegyr\u0151l, ami mellett egy edzett gep\u00e1rd is t\u00fals\u00falyos lajh\u00e1rnak t\u0171nne? Mindig nagyszer\u0171 \u00e9rz\u00e9s \u00e9lvezni a friss leveg\u0151t, az izgalmat, a h\u0171v\u00f6s erd\u0151ket \u00e9s a nyugalmat, ami bel\u0151l\u00fck \u00e1rad, de ami a legvonz\u00f3bb\u00e1 teszi ezt a hobbit, az a k\u00f6r\u00fcl\u00f6tte kialakult k\u00f6z\u00f6ss\u00e9g. Az id\u0151 m\u00fal\u00e1s\u00e1val szinte minden csoportban megjelent n\u00e9h\u00e1ny \u00e9rdekes szem\u00e9lyis\u00e9g, \u00edgy ebben a cikkben 5 olyan mountain bike-ost mutatunk be, akikkel \u00f6sszefuthatsz a meredek lejt\u0151k\u00f6n.\" \/>\n<meta property=\"og:url\" content=\"https:\/\/www.welovecycling.com\/hu\/trekking-mtb\/a-mountain-bike-osok-5-tipusa-akikkel-biciklizes-kozben-talalkozhatsz\/\" \/>\n<meta property=\"og:site_name\" content=\"\u0160koda We Love Cycling - Magyarorsz\u00e1g\" \/>\n<meta property=\"article:publisher\" content=\"https:\/\/www.facebook.com\/WeLoveCyclingHungary\/\" \/>\n<meta property=\"article:published_time\" content=\"2022-09-01T06:00:01+00:00\" \/>\n<meta property=\"og:image\" content=\"https:\/\/d2p6e6u75xmxt8.cloudfront.net\/12\/2022\/08\/Mountain-bikers-profimedia-0624024133-CVR.jpg\" \/>\n\t<meta property=\"og:image:width\" content=\"990\" \/>\n\t<meta property=\"og:image:height\" content=\"660\" \/>\n\t<meta property=\"og:image:type\" content=\"image\/jpeg\" \/>\n<meta name=\"author\" content=\"hegyizs\" \/>\n<meta name=\"twitter:card\" content=\"summary_large_image\" \/>\n<meta name=\"twitter:label1\" content=\"Written by\" \/>\n\t<meta name=\"twitter:data1\" content=\"Martin Atanasov\" \/>\n\t<meta name=\"twitter:label2\" content=\"Est. reading time\" \/>\n\t<meta name=\"twitter:data2\" content=\"6\" \/>\n<script type=\"application\/ld+json\" class=\"yoast-schema-graph\">{\"@context\":\"https:\/\/schema.org\",\"@graph\":[{\"@type\":\"WebPage\",\"@id\":\"https:\/\/www.welovecycling.com\/hu\/trekking-mtb\/a-mountain-bike-osok-5-tipusa-akikkel-biciklizes-kozben-talalkozhatsz\/\",\"url\":\"https:\/\/www.welovecycling.com\/hu\/trekking-mtb\/a-mountain-bike-osok-5-tipusa-akikkel-biciklizes-kozben-talalkozhatsz\/\",\"name\":\"A mountain bike-osok 5 t\u00edpusa, akikkel bicikliz\u00e9s k\u00f6zben tal\u00e1lkozhatsz\",\"isPartOf\":{\"@id\":\"https:\/\/www.welovecycling.com\/hu\/#website\"},\"primaryImageOfPage\":{\"@id\":\"https:\/\/www.welovecycling.com\/hu\/trekking-mtb\/a-mountain-bike-osok-5-tipusa-akikkel-biciklizes-kozben-talalkozhatsz\/#primaryimage\"},\"image\":{\"@id\":\"https:\/\/www.welovecycling.com\/hu\/trekking-mtb\/a-mountain-bike-osok-5-tipusa-akikkel-biciklizes-kozben-talalkozhatsz\/#primaryimage\"},\"thumbnailUrl\":\"https:\/\/d2p6e6u75xmxt8.cloudfront.net\/12\/2022\/08\/Mountain-bikers-profimedia-0624024133-CVR.jpg\",\"datePublished\":\"2022-09-01T06:00:01+00:00\",\"author\":{\"@id\":\"https:\/\/www.welovecycling.com\/hu\/#\/schema\/person\/414a2aebf1801691a5320edb6468e194\"},\"description\":\"El tudsz k\u00e9pzelni jobb m\u00f3dot a ny\u00e1ri h\u00e9tv\u00e9g\u00e9k elt\u00f6lt\u00e9s\u00e9re, mint olyan sebess\u00e9ggel lesz\u00e1guldani egy hegyr\u0151l, ami mellett egy edzett gep\u00e1rd is t\u00fals\u00falyos lajh\u00e1rnak t\u0171nne? Mindig nagyszer\u0171 \u00e9rz\u00e9s \u00e9lvezni a friss leveg\u0151t, az izgalmat, a h\u0171v\u00f6s erd\u0151ket \u00e9s a nyugalmat, ami bel\u0151l\u00fck \u00e1rad, de ami a legvonz\u00f3bb\u00e1 teszi ezt a hobbit, az a k\u00f6r\u00fcl\u00f6tte kialakult k\u00f6z\u00f6ss\u00e9g. Az id\u0151 m\u00fal\u00e1s\u00e1val szinte minden csoportban megjelent n\u00e9h\u00e1ny \u00e9rdekes szem\u00e9lyis\u00e9g, \u00edgy ebben a cikkben 5 olyan mountain bike-ost mutatunk be, akikkel \u00f6sszefuthatsz a meredek lejt\u0151k\u00f6n.\",\"breadcrumb\":{\"@id\":\"https:\/\/www.welovecycling.com\/hu\/trekking-mtb\/a-mountain-bike-osok-5-tipusa-akikkel-biciklizes-kozben-talalkozhatsz\/#breadcrumb\"},\"inLanguage\":\"hu\",\"potentialAction\":[{\"@type\":\"ReadAction\",\"target\":[\"https:\/\/www.welovecycling.com\/hu\/trekking-mtb\/a-mountain-bike-osok-5-tipusa-akikkel-biciklizes-kozben-talalkozhatsz\/\"]}]},{\"@type\":\"ImageObject\",\"inLanguage\":\"hu\",\"@id\":\"https:\/\/www.welovecycling.com\/hu\/trekking-mtb\/a-mountain-bike-osok-5-tipusa-akikkel-biciklizes-kozben-talalkozhatsz\/#primaryimage\",\"url\":\"https:\/\/d2p6e6u75xmxt8.cloudfront.net\/12\/2022\/08\/Mountain-bikers-profimedia-0624024133-CVR.jpg\",\"contentUrl\":\"https:\/\/d2p6e6u75xmxt8.cloudfront.net\/12\/2022\/08\/Mountain-bikers-profimedia-0624024133-CVR.jpg\",\"width\":990,\"height\":660,\"caption\":\"Mountain bikers\"},{\"@type\":\"BreadcrumbList\",\"@id\":\"https:\/\/www.welovecycling.com\/hu\/trekking-mtb\/a-mountain-bike-osok-5-tipusa-akikkel-biciklizes-kozben-talalkozhatsz\/#breadcrumb\",\"itemListElement\":[{\"@type\":\"ListItem\",\"position\":1,\"name\":\"Home\",\"item\":\"https:\/\/www.welovecycling.com\/hu\/\"},{\"@type\":\"ListItem\",\"position\":2,\"name\":\"A mountain bike-osok 5 t\u00edpusa, akikkel bicikliz\u00e9s k\u00f6zben tal\u00e1lkozhatsz\"}]},{\"@type\":\"WebSite\",\"@id\":\"https:\/\/www.welovecycling.com\/hu\/#website\",\"url\":\"https:\/\/www.welovecycling.com\/hu\/\",\"name\":\"\u0160koda We Love Cycling - Magyarorsz\u00e1g\",\"description\":\"\u0160koda WeLoveCycling\",\"potentialAction\":[{\"@type\":\"SearchAction\",\"target\":{\"@type\":\"EntryPoint\",\"urlTemplate\":\"https:\/\/www.welovecycling.com\/hu\/?s={search_term_string}\"},\"query-input\":{\"@type\":\"PropertyValueSpecification\",\"valueRequired\":true,\"valueName\":\"search_term_string\"}}],\"inLanguage\":\"hu\"},{\"@type\":\"Person\",\"@id\":\"https:\/\/www.welovecycling.com\/hu\/#\/schema\/person\/414a2aebf1801691a5320edb6468e194\",\"name\":\"hegyizs\",\"image\":{\"@type\":\"ImageObject\",\"inLanguage\":\"hu\",\"@id\":\"https:\/\/www.welovecycling.com\/hu\/#\/schema\/person\/image\/\",\"url\":\"https:\/\/secure.gravatar.com\/avatar\/02cf8a7906b8cf90cecb4679defac7cfd33a1c2e3b88e4903d947f3bb58eedd3?s=96&d=mm&r=g\",\"contentUrl\":\"https:\/\/secure.gravatar.com\/avatar\/02cf8a7906b8cf90cecb4679defac7cfd33a1c2e3b88e4903d947f3bb58eedd3?s=96&d=mm&r=g\",\"caption\":\"hegyizs\"},\"url\":\"https:\/\/www.welovecycling.com\/hu\/author\/hegyizs\/\"}]}<\/script>\n<!-- \/ Yoast SEO Premium plugin. -->","yoast_head_json":{"title":"A mountain bike-osok 5 t\u00edpusa, akikkel bicikliz\u00e9s k\u00f6zben tal\u00e1lkozhatsz","description":"El tudsz k\u00e9pzelni jobb m\u00f3dot a ny\u00e1ri h\u00e9tv\u00e9g\u00e9k elt\u00f6lt\u00e9s\u00e9re, mint olyan sebess\u00e9ggel lesz\u00e1guldani egy hegyr\u0151l, ami mellett egy edzett gep\u00e1rd is t\u00fals\u00falyos lajh\u00e1rnak t\u0171nne? Mindig nagyszer\u0171 \u00e9rz\u00e9s \u00e9lvezni a friss leveg\u0151t, az izgalmat, a h\u0171v\u00f6s erd\u0151ket \u00e9s a nyugalmat, ami bel\u0151l\u00fck \u00e1rad, de ami a legvonz\u00f3bb\u00e1 teszi ezt a hobbit, az a k\u00f6r\u00fcl\u00f6tte kialakult k\u00f6z\u00f6ss\u00e9g. Az id\u0151 m\u00fal\u00e1s\u00e1val szinte minden csoportban megjelent n\u00e9h\u00e1ny \u00e9rdekes szem\u00e9lyis\u00e9g, \u00edgy ebben a cikkben 5 olyan mountain bike-ost mutatunk be, akikkel \u00f6sszefuthatsz a meredek lejt\u0151k\u00f6n.","robots":{"index":"index","follow":"follow","max-snippet":"max-snippet:-1","max-image-preview":"max-image-preview:large","max-video-preview":"max-video-preview:-1"},"canonical":"https:\/\/www.welovecycling.com\/hu\/trekking-mtb\/a-mountain-bike-osok-5-tipusa-akikkel-biciklizes-kozben-talalkozhatsz\/","og_locale":"hu_HU","og_type":"article","og_title":"A mountain bike-osok 5 t\u00edpusa, akikkel bicikliz\u00e9s k\u00f6zben tal\u00e1lkozhatsz","og_description":"El tudsz k\u00e9pzelni jobb m\u00f3dot a ny\u00e1ri h\u00e9tv\u00e9g\u00e9k elt\u00f6lt\u00e9s\u00e9re, mint olyan sebess\u00e9ggel lesz\u00e1guldani egy hegyr\u0151l, ami mellett egy edzett gep\u00e1rd is t\u00fals\u00falyos lajh\u00e1rnak t\u0171nne? Mindig nagyszer\u0171 \u00e9rz\u00e9s \u00e9lvezni a friss leveg\u0151t, az izgalmat, a h\u0171v\u00f6s erd\u0151ket \u00e9s a nyugalmat, ami bel\u0151l\u00fck \u00e1rad, de ami a legvonz\u00f3bb\u00e1 teszi ezt a hobbit, az a k\u00f6r\u00fcl\u00f6tte kialakult k\u00f6z\u00f6ss\u00e9g. Az id\u0151 m\u00fal\u00e1s\u00e1val szinte minden csoportban megjelent n\u00e9h\u00e1ny \u00e9rdekes szem\u00e9lyis\u00e9g, \u00edgy ebben a cikkben 5 olyan mountain bike-ost mutatunk be, akikkel \u00f6sszefuthatsz a meredek lejt\u0151k\u00f6n.","og_url":"https:\/\/www.welovecycling.com\/hu\/trekking-mtb\/a-mountain-bike-osok-5-tipusa-akikkel-biciklizes-kozben-talalkozhatsz\/","og_site_name":"\u0160koda We Love Cycling - Magyarorsz\u00e1g","article_publisher":"https:\/\/www.facebook.com\/WeLoveCyclingHungary\/","article_published_time":"2022-09-01T06:00:01+00:00","og_image":[{"width":990,"height":660,"url":"https:\/\/d2p6e6u75xmxt8.cloudfront.net\/12\/2022\/08\/Mountain-bikers-profimedia-0624024133-CVR.jpg","type":"image\/jpeg"}],"author":"hegyizs","twitter_card":"summary_large_image","twitter_misc":{"Written by":"Martin Atanasov","Est. reading time":"6"},"schema":{"@context":"https:\/\/schema.org","@graph":[{"@type":"WebPage","@id":"https:\/\/www.welovecycling.com\/hu\/trekking-mtb\/a-mountain-bike-osok-5-tipusa-akikkel-biciklizes-kozben-talalkozhatsz\/","url":"https:\/\/www.welovecycling.com\/hu\/trekking-mtb\/a-mountain-bike-osok-5-tipusa-akikkel-biciklizes-kozben-talalkozhatsz\/","name":"A mountain bike-osok 5 t\u00edpusa, akikkel bicikliz\u00e9s k\u00f6zben tal\u00e1lkozhatsz","isPartOf":{"@id":"https:\/\/www.welovecycling.com\/hu\/#website"},"primaryImageOfPage":{"@id":"https:\/\/www.welovecycling.com\/hu\/trekking-mtb\/a-mountain-bike-osok-5-tipusa-akikkel-biciklizes-kozben-talalkozhatsz\/#primaryimage"},"image":{"@id":"https:\/\/www.welovecycling.com\/hu\/trekking-mtb\/a-mountain-bike-osok-5-tipusa-akikkel-biciklizes-kozben-talalkozhatsz\/#primaryimage"},"thumbnailUrl":"https:\/\/d2p6e6u75xmxt8.cloudfront.net\/12\/2022\/08\/Mountain-bikers-profimedia-0624024133-CVR.jpg","datePublished":"2022-09-01T06:00:01+00:00","author":{"@id":"https:\/\/www.welovecycling.com\/hu\/#\/schema\/person\/414a2aebf1801691a5320edb6468e194"},"description":"El tudsz k\u00e9pzelni jobb m\u00f3dot a ny\u00e1ri h\u00e9tv\u00e9g\u00e9k elt\u00f6lt\u00e9s\u00e9re, mint olyan sebess\u00e9ggel lesz\u00e1guldani egy hegyr\u0151l, ami mellett egy edzett gep\u00e1rd is t\u00fals\u00falyos lajh\u00e1rnak t\u0171nne? Mindig nagyszer\u0171 \u00e9rz\u00e9s \u00e9lvezni a friss leveg\u0151t, az izgalmat, a h\u0171v\u00f6s erd\u0151ket \u00e9s a nyugalmat, ami bel\u0151l\u00fck \u00e1rad, de ami a legvonz\u00f3bb\u00e1 teszi ezt a hobbit, az a k\u00f6r\u00fcl\u00f6tte kialakult k\u00f6z\u00f6ss\u00e9g. Az id\u0151 m\u00fal\u00e1s\u00e1val szinte minden csoportban megjelent n\u00e9h\u00e1ny \u00e9rdekes szem\u00e9lyis\u00e9g, \u00edgy ebben a cikkben 5 olyan mountain bike-ost mutatunk be, akikkel \u00f6sszefuthatsz a meredek lejt\u0151k\u00f6n.","breadcrumb":{"@id":"https:\/\/www.welovecycling.com\/hu\/trekking-mtb\/a-mountain-bike-osok-5-tipusa-akikkel-biciklizes-kozben-talalkozhatsz\/#breadcrumb"},"inLanguage":"hu","potentialAction":[{"@type":"ReadAction","target":["https:\/\/www.welovecycling.com\/hu\/trekking-mtb\/a-mountain-bike-osok-5-tipusa-akikkel-biciklizes-kozben-talalkozhatsz\/"]}]},{"@type":"ImageObject","inLanguage":"hu","@id":"https:\/\/www.welovecycling.com\/hu\/trekking-mtb\/a-mountain-bike-osok-5-tipusa-akikkel-biciklizes-kozben-talalkozhatsz\/#primaryimage","url":"https:\/\/d2p6e6u75xmxt8.cloudfront.net\/12\/2022\/08\/Mountain-bikers-profimedia-0624024133-CVR.jpg","contentUrl":"https:\/\/d2p6e6u75xmxt8.cloudfront.net\/12\/2022\/08\/Mountain-bikers-profimedia-0624024133-CVR.jpg","width":990,"height":660,"caption":"Mountain bikers"},{"@type":"BreadcrumbList","@id":"https:\/\/www.welovecycling.com\/hu\/trekking-mtb\/a-mountain-bike-osok-5-tipusa-akikkel-biciklizes-kozben-talalkozhatsz\/#breadcrumb","itemListElement":[{"@type":"ListItem","position":1,"name":"Home","item":"https:\/\/www.welovecycling.com\/hu\/"},{"@type":"ListItem","position":2,"name":"A mountain bike-osok 5 t\u00edpusa, akikkel bicikliz\u00e9s k\u00f6zben tal\u00e1lkozhatsz"}]},{"@type":"WebSite","@id":"https:\/\/www.welovecycling.com\/hu\/#website","url":"https:\/\/www.welovecycling.com\/hu\/","name":"\u0160koda We Love Cycling - Magyarorsz\u00e1g","description":"\u0160koda WeLoveCycling","potentialAction":[{"@type":"SearchAction","target":{"@type":"EntryPoint","urlTemplate":"https:\/\/www.welovecycling.com\/hu\/?s={search_term_string}"},"query-input":{"@type":"PropertyValueSpecification","valueRequired":true,"valueName":"search_term_string"}}],"inLanguage":"hu"},{"@type":"Person","@id":"https:\/\/www.welovecycling.com\/hu\/#\/schema\/person\/414a2aebf1801691a5320edb6468e194","name":"hegyizs","image":{"@type":"ImageObject","inLanguage":"hu","@id":"https:\/\/www.welovecycling.com\/hu\/#\/schema\/person\/image\/","url":"https:\/\/secure.gravatar.com\/avatar\/02cf8a7906b8cf90cecb4679defac7cfd33a1c2e3b88e4903d947f3bb58eedd3?s=96&d=mm&r=g","contentUrl":"https:\/\/secure.gravatar.com\/avatar\/02cf8a7906b8cf90cecb4679defac7cfd33a1c2e3b88e4903d947f3bb58eedd3?s=96&d=mm&r=g","caption":"hegyizs"},"url":"https:\/\/www.welovecycling.com\/hu\/author\/hegyizs\/"}]}},"_links":{"self":[{"href":"https:\/\/www.welovecycling.com\/hu\/wp-json\/wp\/v2\/posts\/15686","targetHints":{"allow":["GET"]}}],"collection":[{"href":"https:\/\/www.welovecycling.com\/hu\/wp-json\/wp\/v2\/posts"}],"about":[{"href":"https:\/\/www.welovecycling.com\/hu\/wp-json\/wp\/v2\/types\/post"}],"author":[{"embeddable":true,"href":"https:\/\/www.welovecycling.com\/hu\/wp-json\/wp\/v2\/users\/71"}],"replies":[{"embeddable":true,"href":"https:\/\/www.welovecycling.com\/hu\/wp-json\/wp\/v2\/comments?post=15686"}],"version-history":[{"count":2,"href":"https:\/\/www.welovecycling.com\/hu\/wp-json\/wp\/v2\/posts\/15686\/revisions"}],"predecessor-version":[{"id":15690,"href":"https:\/\/www.welovecycling.com\/hu\/wp-json\/wp\/v2\/posts\/15686\/revisions\/15690"}],"wp:featuredmedia":[{"embeddable":true,"href":"https:\/\/www.welovecycling.com\/hu\/wp-json\/wp\/v2\/media\/15689"}],"wp:attachment":[{"href":"https:\/\/www.welovecycling.com\/hu\/wp-json\/wp\/v2\/media?parent=15686"}],"wp:term":[{"taxonomy":"category","embeddable":true,"href":"https:\/\/www.welovecycling.com\/hu\/wp-json\/wp\/v2\/categories?post=15686"},{"taxonomy":"post_tag","embeddable":true,"href":"https:\/\/www.welovecycling.com\/hu\/wp-json\/wp\/v2\/tags?post=15686"},{"taxonomy":"global-categories","embeddable":true,"href":"https:\/\/www.welovecycling.com\/hu\/wp-json\/wp\/v2\/global-categories?post=15686"}],"curies":[{"name":"wp","href":"https:\/\/api.w.org\/{rel}","templated":true}]}}