{"id":15681,"date":"2022-09-03T08:00:32","date_gmt":"2022-09-03T06:00:32","guid":{"rendered":"https:\/\/www.welovecycling.com\/hu\/?p=15681"},"modified":"2022-08-26T13:00:35","modified_gmt":"2022-08-26T11:00:35","slug":"a-mersekelt-testmozgas-raketa-az-agynak","status":"publish","type":"post","link":"https:\/\/www.welovecycling.com\/hu\/edzes-es-eletmod\/a-mersekelt-testmozgas-raketa-az-agynak\/","title":{"rendered":"A m\u00e9rs\u00e9kelt testmozg\u00e1s rak\u00e9ta az agynak"},"content":{"rendered":"<p><strong>Egy k\u00fcl\u00f6n\u00f6sen kellemes bicikit\u00fara ut\u00e1n \u00e9rezheted, hogy k\u00f6nnyebben tudsz f\u00f3kusz\u00e1lni, gyorsabban tanulsz, \u00e9s egyszer\u0171en tiszt\u00e1bban gondolkodsz. M\u00e9ghozz\u00e1 joggal \u2013 a Neurology foly\u00f3iratban megjelent tanulm\u00e1ny szerint az egyes r\u00e9gi\u00f3k rengeteget profit\u00e1lnak a rendszeres testmozg\u00e1st\u00f3l megn\u00f6vekedett v\u00e9r\u00e1raml\u00e1sb\u00f3l \u00e9s oxig\u00e9nell\u00e1t\u00e1sb\u00f3l. \u00c9letkort\u00f3l f\u00fcggetlen\u00fcl.<\/strong><!--more--><\/p>\n<p>A Rhineland Study n\u00e9ven fut\u00f3 nagyszab\u00e1s\u00fa kutat\u00e1s sor\u00e1n 2550 f\u0151t, 30 \u00e9s 94 \u00e9v k\u00f6z\u00f6tti r\u00e9szvev\u0151t vizsg\u00e1ltak a N\u00e9met Neurodegenerat\u00edv Betegs\u00e9gek K\u00f6zpontj\u00e1nak (DZNE) kutat\u00f3i: a fizikai aktivit\u00e1s adatait MRI-alap\u00fa agyt\u00e9rfogat- \u00e9s agyk\u00e9regvastags\u00e1g-m\u00e9r\u00e9sekkel hasonl\u00edtott\u00e1k \u00f6ssze. Az agy r\u00e9tegeinek egy\u00fcttes vastags\u00e1ga egyes szakemberek szerint a kognit\u00edv funkci\u00f3khoz kapcsol\u00f3dik. Mindemellett az alanyok h\u00e9t napon \u00e1t gyorsul\u00e1sm\u00e9r\u0151t is hordtak, melyek inform\u00e1ci\u00f3kat gy\u0171jt\u00f6ttek az edz\u00e9seik intenzit\u00e1s\u00e1r\u00f3l \u00e9s gyakoris\u00e1g\u00e1r\u00f3l.<\/p>\n<p>Jelent\u0151s \u00f6sszef\u00fcgg\u00e9seket tal\u00e1ltak a rendszeres, m\u00e9rs\u00e9kelt fizikai aktivit\u00e1s \u00e9s az agyt\u00e9rfogat, valamint a k\u00e9regvastags\u00e1g k\u00f6z\u00f6tt, k\u00fcl\u00f6n\u00f6sen, ami az agy motorikus \u00e9s kognit\u00edv funkci\u00f3\u00e9rt felel\u0151 ter\u00fcleteit illeti.<\/p>\n<p><em>\u201eEredm\u00e9nyeink szerint a fizikai aktivit\u00e1s hat\u00e1sa az agy szerkezet\u00e9re nem egyenletes, de a nagy oxig\u00e9n-ig\u00e9ny\u0171 r\u00e9gi\u00f3kban igen jelent\u0151s\u201d<\/em> \u2013 magyar\u00e1zta Fabienne Fox, kutat\u00f3, a <a href=\"https:\/\/www.bicycling.com\/news\/a40923067\/moderate-exercise-boosts-brain-health-study\/\">Bicycling magazinnak<\/a>. Ez azt jelenti, hogy nagyon fontos ter\u00fcletek \u2013 ide\u00e9rtve a kisagyat, ami a mozg\u00e1skoordin\u00e1ci\u00f3t, az egyens\u00falyt \u00e9s az izomm\u0171k\u00f6d\u00e9st szab\u00e1lyozza, \u00e9s a hippokampuszt, ami a tanul\u00e1s\u00e9rt \u00e9s a mem\u00f3ri\u00e1\u00e9rt felel\u0151s \u2013 kapnak extra l\u00f6ketet, ha rendszeresen mozgunk.<\/p>\n<p><em>\u201eA legnagyobb k\u00fcl\u00f6nbs\u00e9g azok k\u00f6z\u00f6tt l\u00e1tsz\u00f3dott, akik egy\u00e1ltal\u00e1n nem, vagy csak nagyon keveset mozognak, \u00e9s akik kicsit akt\u00edvabbak fizikailag, ami annyit jelent, hogy nem teljesen \u00fcl\u0151 \u00e9letm\u00f3dot folytatnak \u2013 \u00e9s m\u00e1r ez is nagy agyeg\u00e9szs\u00e9g\u00fcgyi el\u0151ny\u00f6kkel j\u00e1r\u201d<\/em> \u2013 mondta Fox.<\/p>\n<figure id=\"attachment_15683\" aria-describedby=\"caption-attachment-15683\" style=\"width: 1024px\" class=\"wp-caption alignnone\"><img loading=\"lazy\" decoding=\"async\" class=\"size-large wp-image-15683\" src=\"https:\/\/d2p6e6u75xmxt8.cloudfront.net\/12\/2022\/08\/norali-nayla-tH3e-4QTuwk-unsplash-1024x683.jpg\" alt=\"\" width=\"1024\" height=\"683\" srcset=\"https:\/\/d2p6e6u75xmxt8.cloudfront.net\/12\/2022\/08\/norali-nayla-tH3e-4QTuwk-unsplash-1024x683.jpg 1024w, https:\/\/d2p6e6u75xmxt8.cloudfront.net\/12\/2022\/08\/norali-nayla-tH3e-4QTuwk-unsplash-300x200.jpg 300w, https:\/\/d2p6e6u75xmxt8.cloudfront.net\/12\/2022\/08\/norali-nayla-tH3e-4QTuwk-unsplash-768x512.jpg 768w, https:\/\/d2p6e6u75xmxt8.cloudfront.net\/12\/2022\/08\/norali-nayla-tH3e-4QTuwk-unsplash-1536x1024.jpg 1536w, https:\/\/d2p6e6u75xmxt8.cloudfront.net\/12\/2022\/08\/norali-nayla-tH3e-4QTuwk-unsplash-272x182.jpg 272w, https:\/\/d2p6e6u75xmxt8.cloudfront.net\/12\/2022\/08\/norali-nayla-tH3e-4QTuwk-unsplash.jpg 1920w\" sizes=\"auto, (max-width: 1024px) 100vw, 1024px\" \/><figcaption id=\"caption-attachment-15683\" class=\"wp-caption-text\">Nem baj, ha nem mozogsz sokat. A l\u00e9nyeg, hogy mozogj! Fot\u00f3: Noral\u00ed Nayla I Unsplash<\/figcaption><\/figure>\n<p>Az \u00e9letkoron alapul\u00f3 agyi v\u00e1ltoz\u00e1sokat tekintve, Fox elmondta, hogy az id\u0151sebb alanyok agy\u00e1ra nagyobb hat\u00e1ssal van az alacsony intenzit\u00e1s\u00fa mozg\u00e1s, mint a fiatalok\u00e9ra \u2013 ut\u00f3bbiak eset\u00e9ben a k\u00f6zepes \u00e9s magas intenzit\u00e1s\u00fa sport seg\u00edtett t\u00f6bbet. De m\u00e9g az alacsony intenzit\u00e1s apr\u00f3 n\u00f6vel\u00e9se is serkentheti az agyat.<\/p>\n<p><em>\u201eA fizikai aktivit\u00e1s \u00e9s az agy szerkezete k\u00f6z\u00f6tt d\u00f3zis-hat\u00e1s \u00f6sszef\u00fcgg\u00e9st fedezt\u00fcnk fel. Az aktivit\u00e1si spektrum legalacsonyabb pontj\u00e1n, vagyis az \u00fcl\u0151 \u00e9letm\u00f3dot folytat\u00f3 emberekn\u00e9l nagyon kev\u00e9s fizikai aktivit\u00e1s is jelent\u0151s el\u0151ny\u00f6ket id\u00e9z el\u0151. Ahogy haladunk felfel\u00e9 a sk\u00e1l\u00e1n, a hat\u00e1s egyre kisebb, min\u00e9l akt\u00edvabb az \u00e9letm\u00f3d.\u201d<\/em><\/p>\n<p>M\u00e9g ha az eredm\u00e9nyek szer\u00e9nyebbek is az akt\u00edvan sportol\u00f3k sz\u00e1m\u00e1ra, a testmozg\u00e1s \u00e1ltal\u00e1nos j\u00f3t\u00e9kony hat\u00e1sa nem elhanyagolhat\u00f3. <em>\u201eAz \u00e9letkor el\u0151rehaladt\u00e1val agyunk t\u00e9rfogata \u00e9s k\u00e9regvastags\u00e1ga cs\u00f6kken, idegsejteket vesz\u00edt\u00fcnk. Neurodegenerat\u00edv betegs\u00e9gek eset\u00e9n ez tov\u00e1bb s\u00falyosbodik. A fizikai aktivit\u00e1s viszont, legal\u00e1bb r\u00e9szben, seg\u00edthet a neuronok elveszt\u00e9s\u00e9nek megel\u0151z\u00e9s\u00e9ben\u201d <\/em>\u2013 mondta Fox. Ez azt jelenti, hogy a fizikai aktivit\u00e1s el\u0151nyt jelenthet p\u00e9ld\u00e1ul az Alzheimer- \u00e9s a Parkinson-k\u00f3r kock\u00e1zat\u00e1nak cs\u00f6kkent\u00e9s\u00e9ben.<\/p>\n<figure id=\"attachment_15684\" aria-describedby=\"caption-attachment-15684\" style=\"width: 1024px\" class=\"wp-caption alignnone\"><img loading=\"lazy\" decoding=\"async\" class=\"size-large wp-image-15684\" src=\"https:\/\/d2p6e6u75xmxt8.cloudfront.net\/12\/2022\/08\/hal-gatewood-OgvqXGL7XO4-unsplash-1024x683.jpg\" alt=\"\" width=\"1024\" height=\"683\" srcset=\"https:\/\/d2p6e6u75xmxt8.cloudfront.net\/12\/2022\/08\/hal-gatewood-OgvqXGL7XO4-unsplash-1024x683.jpg 1024w, https:\/\/d2p6e6u75xmxt8.cloudfront.net\/12\/2022\/08\/hal-gatewood-OgvqXGL7XO4-unsplash-300x200.jpg 300w, https:\/\/d2p6e6u75xmxt8.cloudfront.net\/12\/2022\/08\/hal-gatewood-OgvqXGL7XO4-unsplash-768x512.jpg 768w, https:\/\/d2p6e6u75xmxt8.cloudfront.net\/12\/2022\/08\/hal-gatewood-OgvqXGL7XO4-unsplash-1536x1024.jpg 1536w, https:\/\/d2p6e6u75xmxt8.cloudfront.net\/12\/2022\/08\/hal-gatewood-OgvqXGL7XO4-unsplash-272x182.jpg 272w, https:\/\/d2p6e6u75xmxt8.cloudfront.net\/12\/2022\/08\/hal-gatewood-OgvqXGL7XO4-unsplash.jpg 1920w\" sizes=\"auto, (max-width: 1024px) 100vw, 1024px\" \/><figcaption id=\"caption-attachment-15684\" class=\"wp-caption-text\">A mozg\u00e1s seg\u00edthet megel\u0151zni a neuronok elveszt\u00e9s\u00e9t. Fot\u00f3: Hal Gatewood I Unsplash<\/figcaption><\/figure>\n<p>K\u00fcl\u00f6n\u00f6sen akkor, ha m\u00e1s eg\u00e9szs\u00e9ges szok\u00e1sokkal kombin\u00e1ljuk, mint amilyen az eg\u00e9szs\u00e9ges t\u00e1pl\u00e1lkoz\u00e1s, a kognit\u00edv stimul\u00e1ci\u00f3 \u00e9s a szoci\u00e1lis interakci\u00f3k, illetve mell\u0151zz\u00fck a doh\u00e1nyz\u00e1st \u00e9s az alkoholfogyaszt\u00e1st.<\/p>\n<p><em>Forr\u00e1s: <\/em><a href=\"https:\/\/www.bicycling.com\/news\/a40923067\/moderate-exercise-boosts-brain-health-study\/\"><em>bicycling.com<\/em><\/a><\/p>\n","protected":false},"excerpt":{"rendered":"<p>Egy k\u00fcl\u00f6n\u00f6sen kellemes bicikit\u00fara ut\u00e1n \u00e9rezheted, hogy k\u00f6nnyebben tudsz f\u00f3kusz\u00e1lni, gyorsabban tanulsz, \u00e9s egyszer\u0171en tiszt\u00e1bban gondolkodsz. M\u00e9ghozz\u00e1 joggal \u2013 a [&hellip;]<\/p>\n","protected":false},"author":71,"featured_media":15682,"comment_status":"open","ping_status":"open","sticky":false,"template":"","format":"standard","meta":{"footnotes":""},"categories":[6],"tags":[],"global-categories":[],"class_list":["post-15681","post","type-post","status-publish","format-standard","has-post-thumbnail","hentry","category-edzes-es-eletmod"],"yoast_head":"<!-- This site is optimized with the Yoast SEO Premium plugin v25.3 (Yoast SEO v25.9) - https:\/\/yoast.com\/wordpress\/plugins\/seo\/ -->\n<title>A m\u00e9rs\u00e9kelt testmozg\u00e1s rak\u00e9ta az agynak<\/title>\n<meta name=\"description\" content=\"Egy k\u00fcl\u00f6n\u00f6sen kellemes bicikit\u00fara ut\u00e1n \u00e9rezheted, hogy k\u00f6nnyebben tudsz f\u00f3kusz\u00e1lni, gyorsabban tanulsz, \u00e9s egyszer\u0171en tiszt\u00e1bban gondolkodsz. M\u00e9ghozz\u00e1 joggal \u2013 a Neurology foly\u00f3iratban megjelent tanulm\u00e1ny szerint az egyes r\u00e9gi\u00f3k rengeteget profit\u00e1lnak a rendszeres testmozg\u00e1st\u00f3l megn\u00f6vekedett v\u00e9r\u00e1raml\u00e1sb\u00f3l \u00e9s oxig\u00e9nell\u00e1t\u00e1sb\u00f3l. \u00c9letkort\u00f3l f\u00fcggetlen\u00fcl.\" \/>\n<meta name=\"robots\" content=\"index, follow, max-snippet:-1, max-image-preview:large, max-video-preview:-1\" \/>\n<link rel=\"canonical\" href=\"https:\/\/www.welovecycling.com\/hu\/edzes-es-eletmod\/a-mersekelt-testmozgas-raketa-az-agynak\/\" \/>\n<meta property=\"og:locale\" content=\"hu_HU\" \/>\n<meta property=\"og:type\" content=\"article\" \/>\n<meta property=\"og:title\" content=\"A m\u00e9rs\u00e9kelt testmozg\u00e1s rak\u00e9ta az agynak\" \/>\n<meta property=\"og:description\" content=\"Egy k\u00fcl\u00f6n\u00f6sen kellemes bicikit\u00fara ut\u00e1n \u00e9rezheted, hogy k\u00f6nnyebben tudsz f\u00f3kusz\u00e1lni, gyorsabban tanulsz, \u00e9s egyszer\u0171en tiszt\u00e1bban gondolkodsz. M\u00e9ghozz\u00e1 joggal \u2013 a Neurology foly\u00f3iratban megjelent tanulm\u00e1ny szerint az egyes r\u00e9gi\u00f3k rengeteget profit\u00e1lnak a rendszeres testmozg\u00e1st\u00f3l megn\u00f6vekedett v\u00e9r\u00e1raml\u00e1sb\u00f3l \u00e9s oxig\u00e9nell\u00e1t\u00e1sb\u00f3l. \u00c9letkort\u00f3l f\u00fcggetlen\u00fcl.\" \/>\n<meta property=\"og:url\" content=\"https:\/\/www.welovecycling.com\/hu\/edzes-es-eletmod\/a-mersekelt-testmozgas-raketa-az-agynak\/\" \/>\n<meta property=\"og:site_name\" content=\"\u0160koda We Love Cycling - Magyarorsz\u00e1g\" \/>\n<meta property=\"article:publisher\" content=\"https:\/\/www.facebook.com\/WeLoveCyclingHungary\/\" \/>\n<meta property=\"article:published_time\" content=\"2022-09-03T06:00:32+00:00\" \/>\n<meta property=\"og:image\" content=\"https:\/\/d2p6e6u75xmxt8.cloudfront.net\/12\/2022\/08\/milad-fakurian-58Z17lnVS4U-unsplash.jpg\" \/>\n\t<meta property=\"og:image:width\" content=\"1920\" \/>\n\t<meta property=\"og:image:height\" content=\"1459\" \/>\n\t<meta property=\"og:image:type\" content=\"image\/jpeg\" \/>\n<meta name=\"author\" content=\"hegyizs\" \/>\n<meta name=\"twitter:card\" content=\"summary_large_image\" \/>\n<meta name=\"twitter:label1\" content=\"Written by\" \/>\n\t<meta name=\"twitter:data1\" content=\"WLC\" \/>\n\t<meta name=\"twitter:label2\" content=\"Est. reading time\" \/>\n\t<meta name=\"twitter:data2\" content=\"3 minutes\" \/>\n<script type=\"application\/ld+json\" class=\"yoast-schema-graph\">{\"@context\":\"https:\/\/schema.org\",\"@graph\":[{\"@type\":\"WebPage\",\"@id\":\"https:\/\/www.welovecycling.com\/hu\/edzes-es-eletmod\/a-mersekelt-testmozgas-raketa-az-agynak\/\",\"url\":\"https:\/\/www.welovecycling.com\/hu\/edzes-es-eletmod\/a-mersekelt-testmozgas-raketa-az-agynak\/\",\"name\":\"A m\u00e9rs\u00e9kelt testmozg\u00e1s rak\u00e9ta az agynak\",\"isPartOf\":{\"@id\":\"https:\/\/www.welovecycling.com\/hu\/#website\"},\"primaryImageOfPage\":{\"@id\":\"https:\/\/www.welovecycling.com\/hu\/edzes-es-eletmod\/a-mersekelt-testmozgas-raketa-az-agynak\/#primaryimage\"},\"image\":{\"@id\":\"https:\/\/www.welovecycling.com\/hu\/edzes-es-eletmod\/a-mersekelt-testmozgas-raketa-az-agynak\/#primaryimage\"},\"thumbnailUrl\":\"https:\/\/d2p6e6u75xmxt8.cloudfront.net\/12\/2022\/08\/milad-fakurian-58Z17lnVS4U-unsplash.jpg\",\"datePublished\":\"2022-09-03T06:00:32+00:00\",\"author\":{\"@id\":\"https:\/\/www.welovecycling.com\/hu\/#\/schema\/person\/414a2aebf1801691a5320edb6468e194\"},\"description\":\"Egy k\u00fcl\u00f6n\u00f6sen kellemes bicikit\u00fara ut\u00e1n \u00e9rezheted, hogy k\u00f6nnyebben tudsz f\u00f3kusz\u00e1lni, gyorsabban tanulsz, \u00e9s egyszer\u0171en tiszt\u00e1bban gondolkodsz. M\u00e9ghozz\u00e1 joggal \u2013 a Neurology foly\u00f3iratban megjelent tanulm\u00e1ny szerint az egyes r\u00e9gi\u00f3k rengeteget profit\u00e1lnak a rendszeres testmozg\u00e1st\u00f3l megn\u00f6vekedett v\u00e9r\u00e1raml\u00e1sb\u00f3l \u00e9s oxig\u00e9nell\u00e1t\u00e1sb\u00f3l. \u00c9letkort\u00f3l f\u00fcggetlen\u00fcl.\",\"breadcrumb\":{\"@id\":\"https:\/\/www.welovecycling.com\/hu\/edzes-es-eletmod\/a-mersekelt-testmozgas-raketa-az-agynak\/#breadcrumb\"},\"inLanguage\":\"hu\",\"potentialAction\":[{\"@type\":\"ReadAction\",\"target\":[\"https:\/\/www.welovecycling.com\/hu\/edzes-es-eletmod\/a-mersekelt-testmozgas-raketa-az-agynak\/\"]}]},{\"@type\":\"ImageObject\",\"inLanguage\":\"hu\",\"@id\":\"https:\/\/www.welovecycling.com\/hu\/edzes-es-eletmod\/a-mersekelt-testmozgas-raketa-az-agynak\/#primaryimage\",\"url\":\"https:\/\/d2p6e6u75xmxt8.cloudfront.net\/12\/2022\/08\/milad-fakurian-58Z17lnVS4U-unsplash.jpg\",\"contentUrl\":\"https:\/\/d2p6e6u75xmxt8.cloudfront.net\/12\/2022\/08\/milad-fakurian-58Z17lnVS4U-unsplash.jpg\",\"width\":1920,\"height\":1459},{\"@type\":\"BreadcrumbList\",\"@id\":\"https:\/\/www.welovecycling.com\/hu\/edzes-es-eletmod\/a-mersekelt-testmozgas-raketa-az-agynak\/#breadcrumb\",\"itemListElement\":[{\"@type\":\"ListItem\",\"position\":1,\"name\":\"Home\",\"item\":\"https:\/\/www.welovecycling.com\/hu\/\"},{\"@type\":\"ListItem\",\"position\":2,\"name\":\"A m\u00e9rs\u00e9kelt testmozg\u00e1s rak\u00e9ta az agynak\"}]},{\"@type\":\"WebSite\",\"@id\":\"https:\/\/www.welovecycling.com\/hu\/#website\",\"url\":\"https:\/\/www.welovecycling.com\/hu\/\",\"name\":\"\u0160koda We Love Cycling - Magyarorsz\u00e1g\",\"description\":\"\u0160koda WeLoveCycling\",\"potentialAction\":[{\"@type\":\"SearchAction\",\"target\":{\"@type\":\"EntryPoint\",\"urlTemplate\":\"https:\/\/www.welovecycling.com\/hu\/?s={search_term_string}\"},\"query-input\":{\"@type\":\"PropertyValueSpecification\",\"valueRequired\":true,\"valueName\":\"search_term_string\"}}],\"inLanguage\":\"hu\"},{\"@type\":\"Person\",\"@id\":\"https:\/\/www.welovecycling.com\/hu\/#\/schema\/person\/414a2aebf1801691a5320edb6468e194\",\"name\":\"hegyizs\",\"image\":{\"@type\":\"ImageObject\",\"inLanguage\":\"hu\",\"@id\":\"https:\/\/www.welovecycling.com\/hu\/#\/schema\/person\/image\/\",\"url\":\"https:\/\/secure.gravatar.com\/avatar\/02cf8a7906b8cf90cecb4679defac7cfd33a1c2e3b88e4903d947f3bb58eedd3?s=96&d=mm&r=g\",\"contentUrl\":\"https:\/\/secure.gravatar.com\/avatar\/02cf8a7906b8cf90cecb4679defac7cfd33a1c2e3b88e4903d947f3bb58eedd3?s=96&d=mm&r=g\",\"caption\":\"hegyizs\"},\"url\":\"https:\/\/www.welovecycling.com\/hu\/author\/hegyizs\/\"}]}<\/script>\n<!-- \/ Yoast SEO Premium plugin. -->","yoast_head_json":{"title":"A m\u00e9rs\u00e9kelt testmozg\u00e1s rak\u00e9ta az agynak","description":"Egy k\u00fcl\u00f6n\u00f6sen kellemes bicikit\u00fara ut\u00e1n \u00e9rezheted, hogy k\u00f6nnyebben tudsz f\u00f3kusz\u00e1lni, gyorsabban tanulsz, \u00e9s egyszer\u0171en tiszt\u00e1bban gondolkodsz. M\u00e9ghozz\u00e1 joggal \u2013 a Neurology foly\u00f3iratban megjelent tanulm\u00e1ny szerint az egyes r\u00e9gi\u00f3k rengeteget profit\u00e1lnak a rendszeres testmozg\u00e1st\u00f3l megn\u00f6vekedett v\u00e9r\u00e1raml\u00e1sb\u00f3l \u00e9s oxig\u00e9nell\u00e1t\u00e1sb\u00f3l. \u00c9letkort\u00f3l f\u00fcggetlen\u00fcl.","robots":{"index":"index","follow":"follow","max-snippet":"max-snippet:-1","max-image-preview":"max-image-preview:large","max-video-preview":"max-video-preview:-1"},"canonical":"https:\/\/www.welovecycling.com\/hu\/edzes-es-eletmod\/a-mersekelt-testmozgas-raketa-az-agynak\/","og_locale":"hu_HU","og_type":"article","og_title":"A m\u00e9rs\u00e9kelt testmozg\u00e1s rak\u00e9ta az agynak","og_description":"Egy k\u00fcl\u00f6n\u00f6sen kellemes bicikit\u00fara ut\u00e1n \u00e9rezheted, hogy k\u00f6nnyebben tudsz f\u00f3kusz\u00e1lni, gyorsabban tanulsz, \u00e9s egyszer\u0171en tiszt\u00e1bban gondolkodsz. M\u00e9ghozz\u00e1 joggal \u2013 a Neurology foly\u00f3iratban megjelent tanulm\u00e1ny szerint az egyes r\u00e9gi\u00f3k rengeteget profit\u00e1lnak a rendszeres testmozg\u00e1st\u00f3l megn\u00f6vekedett v\u00e9r\u00e1raml\u00e1sb\u00f3l \u00e9s oxig\u00e9nell\u00e1t\u00e1sb\u00f3l. \u00c9letkort\u00f3l f\u00fcggetlen\u00fcl.","og_url":"https:\/\/www.welovecycling.com\/hu\/edzes-es-eletmod\/a-mersekelt-testmozgas-raketa-az-agynak\/","og_site_name":"\u0160koda We Love Cycling - Magyarorsz\u00e1g","article_publisher":"https:\/\/www.facebook.com\/WeLoveCyclingHungary\/","article_published_time":"2022-09-03T06:00:32+00:00","og_image":[{"width":1920,"height":1459,"url":"https:\/\/d2p6e6u75xmxt8.cloudfront.net\/12\/2022\/08\/milad-fakurian-58Z17lnVS4U-unsplash.jpg","type":"image\/jpeg"}],"author":"hegyizs","twitter_card":"summary_large_image","twitter_misc":{"Written by":"WLC","Est. reading time":"3 minutes"},"schema":{"@context":"https:\/\/schema.org","@graph":[{"@type":"WebPage","@id":"https:\/\/www.welovecycling.com\/hu\/edzes-es-eletmod\/a-mersekelt-testmozgas-raketa-az-agynak\/","url":"https:\/\/www.welovecycling.com\/hu\/edzes-es-eletmod\/a-mersekelt-testmozgas-raketa-az-agynak\/","name":"A m\u00e9rs\u00e9kelt testmozg\u00e1s rak\u00e9ta az agynak","isPartOf":{"@id":"https:\/\/www.welovecycling.com\/hu\/#website"},"primaryImageOfPage":{"@id":"https:\/\/www.welovecycling.com\/hu\/edzes-es-eletmod\/a-mersekelt-testmozgas-raketa-az-agynak\/#primaryimage"},"image":{"@id":"https:\/\/www.welovecycling.com\/hu\/edzes-es-eletmod\/a-mersekelt-testmozgas-raketa-az-agynak\/#primaryimage"},"thumbnailUrl":"https:\/\/d2p6e6u75xmxt8.cloudfront.net\/12\/2022\/08\/milad-fakurian-58Z17lnVS4U-unsplash.jpg","datePublished":"2022-09-03T06:00:32+00:00","author":{"@id":"https:\/\/www.welovecycling.com\/hu\/#\/schema\/person\/414a2aebf1801691a5320edb6468e194"},"description":"Egy k\u00fcl\u00f6n\u00f6sen kellemes bicikit\u00fara ut\u00e1n \u00e9rezheted, hogy k\u00f6nnyebben tudsz f\u00f3kusz\u00e1lni, gyorsabban tanulsz, \u00e9s egyszer\u0171en tiszt\u00e1bban gondolkodsz. M\u00e9ghozz\u00e1 joggal \u2013 a Neurology foly\u00f3iratban megjelent tanulm\u00e1ny szerint az egyes r\u00e9gi\u00f3k rengeteget profit\u00e1lnak a rendszeres testmozg\u00e1st\u00f3l megn\u00f6vekedett v\u00e9r\u00e1raml\u00e1sb\u00f3l \u00e9s oxig\u00e9nell\u00e1t\u00e1sb\u00f3l. \u00c9letkort\u00f3l f\u00fcggetlen\u00fcl.","breadcrumb":{"@id":"https:\/\/www.welovecycling.com\/hu\/edzes-es-eletmod\/a-mersekelt-testmozgas-raketa-az-agynak\/#breadcrumb"},"inLanguage":"hu","potentialAction":[{"@type":"ReadAction","target":["https:\/\/www.welovecycling.com\/hu\/edzes-es-eletmod\/a-mersekelt-testmozgas-raketa-az-agynak\/"]}]},{"@type":"ImageObject","inLanguage":"hu","@id":"https:\/\/www.welovecycling.com\/hu\/edzes-es-eletmod\/a-mersekelt-testmozgas-raketa-az-agynak\/#primaryimage","url":"https:\/\/d2p6e6u75xmxt8.cloudfront.net\/12\/2022\/08\/milad-fakurian-58Z17lnVS4U-unsplash.jpg","contentUrl":"https:\/\/d2p6e6u75xmxt8.cloudfront.net\/12\/2022\/08\/milad-fakurian-58Z17lnVS4U-unsplash.jpg","width":1920,"height":1459},{"@type":"BreadcrumbList","@id":"https:\/\/www.welovecycling.com\/hu\/edzes-es-eletmod\/a-mersekelt-testmozgas-raketa-az-agynak\/#breadcrumb","itemListElement":[{"@type":"ListItem","position":1,"name":"Home","item":"https:\/\/www.welovecycling.com\/hu\/"},{"@type":"ListItem","position":2,"name":"A m\u00e9rs\u00e9kelt testmozg\u00e1s rak\u00e9ta az agynak"}]},{"@type":"WebSite","@id":"https:\/\/www.welovecycling.com\/hu\/#website","url":"https:\/\/www.welovecycling.com\/hu\/","name":"\u0160koda We Love Cycling - Magyarorsz\u00e1g","description":"\u0160koda WeLoveCycling","potentialAction":[{"@type":"SearchAction","target":{"@type":"EntryPoint","urlTemplate":"https:\/\/www.welovecycling.com\/hu\/?s={search_term_string}"},"query-input":{"@type":"PropertyValueSpecification","valueRequired":true,"valueName":"search_term_string"}}],"inLanguage":"hu"},{"@type":"Person","@id":"https:\/\/www.welovecycling.com\/hu\/#\/schema\/person\/414a2aebf1801691a5320edb6468e194","name":"hegyizs","image":{"@type":"ImageObject","inLanguage":"hu","@id":"https:\/\/www.welovecycling.com\/hu\/#\/schema\/person\/image\/","url":"https:\/\/secure.gravatar.com\/avatar\/02cf8a7906b8cf90cecb4679defac7cfd33a1c2e3b88e4903d947f3bb58eedd3?s=96&d=mm&r=g","contentUrl":"https:\/\/secure.gravatar.com\/avatar\/02cf8a7906b8cf90cecb4679defac7cfd33a1c2e3b88e4903d947f3bb58eedd3?s=96&d=mm&r=g","caption":"hegyizs"},"url":"https:\/\/www.welovecycling.com\/hu\/author\/hegyizs\/"}]}},"_links":{"self":[{"href":"https:\/\/www.welovecycling.com\/hu\/wp-json\/wp\/v2\/posts\/15681","targetHints":{"allow":["GET"]}}],"collection":[{"href":"https:\/\/www.welovecycling.com\/hu\/wp-json\/wp\/v2\/posts"}],"about":[{"href":"https:\/\/www.welovecycling.com\/hu\/wp-json\/wp\/v2\/types\/post"}],"author":[{"embeddable":true,"href":"https:\/\/www.welovecycling.com\/hu\/wp-json\/wp\/v2\/users\/71"}],"replies":[{"embeddable":true,"href":"https:\/\/www.welovecycling.com\/hu\/wp-json\/wp\/v2\/comments?post=15681"}],"version-history":[{"count":1,"href":"https:\/\/www.welovecycling.com\/hu\/wp-json\/wp\/v2\/posts\/15681\/revisions"}],"predecessor-version":[{"id":15685,"href":"https:\/\/www.welovecycling.com\/hu\/wp-json\/wp\/v2\/posts\/15681\/revisions\/15685"}],"wp:featuredmedia":[{"embeddable":true,"href":"https:\/\/www.welovecycling.com\/hu\/wp-json\/wp\/v2\/media\/15682"}],"wp:attachment":[{"href":"https:\/\/www.welovecycling.com\/hu\/wp-json\/wp\/v2\/media?parent=15681"}],"wp:term":[{"taxonomy":"category","embeddable":true,"href":"https:\/\/www.welovecycling.com\/hu\/wp-json\/wp\/v2\/categories?post=15681"},{"taxonomy":"post_tag","embeddable":true,"href":"https:\/\/www.welovecycling.com\/hu\/wp-json\/wp\/v2\/tags?post=15681"},{"taxonomy":"global-categories","embeddable":true,"href":"https:\/\/www.welovecycling.com\/hu\/wp-json\/wp\/v2\/global-categories?post=15681"}],"curies":[{"name":"wp","href":"https:\/\/api.w.org\/{rel}","templated":true}]}}