{"id":15675,"date":"2022-08-26T09:24:54","date_gmt":"2022-08-26T07:24:54","guid":{"rendered":"https:\/\/www.welovecycling.com\/hu\/?p=15675"},"modified":"2022-08-26T09:24:54","modified_gmt":"2022-08-26T07:24:54","slug":"tavaly-ilyenkor-legmellel-fekudt-a-korhazban-most-a-vuelta-elsosegert-kuzd-rudy-molard-valter-attila-csapattarsa","status":"publish","type":"post","link":"https:\/\/www.welovecycling.com\/hu\/orszaguti-kerekpar\/tavaly-ilyenkor-legmellel-fekudt-a-korhazban-most-a-vuelta-elsosegert-kuzd-rudy-molard-valter-attila-csapattarsa\/","title":{"rendered":"Tavaly ilyenkor l\u00e9gmellel fek\u00fcdt a k\u00f3rh\u00e1zban, most a Vuelta-els\u0151s\u00e9g\u00e9rt k\u00fczd Rudy Molard, Valter Attila csapatt\u00e1rsa"},"content":{"rendered":"<p><strong>Rudy Molard legut\u00f3bb \u00f3ri\u00e1si buk\u00e1sa ut\u00e1n k\u00e9nytelen volt feladni a spanyol k\u00f6rt, \u00e9s k\u00e9t h\u00f3napig biciklire sem \u00fclhetett, most viszont \u00fajra mag\u00e1ra \u00f6lthette a piros trik\u00f3t \u2013 m\u00e9g ha egyel\u0151re csak egyetlen nap erej\u00e9ig is. K\u00f6zben Valter Attival is izgalmas dolgok t\u00f6rt\u00e9nnek.<\/strong><\/p>\n<p><!--more--><\/p>\n<p>N\u00e9gy hossz\u00fa \u00e9v: ennyit v\u00e1rt Rudy Molard arra, hogy \u00fajra rajta fesz\u00fclhessen a Vuelta a Espana \u00f6sszetett \u00e9llovas\u00e1t illet\u0151 piros trik\u00f3. A Groupama-FDJ francia klasszisa 2018-ban n\u00e9gy napon \u00e1t viselhette a maillot roj\u00f3t (akkor v\u00e9g\u00fcl a nagyszer\u0171 14. helyen z\u00e1rta a versenyt), \u00e9s tavaly is szerette volna felvenni, de sajnos kimondottan cs\u00fanya v\u00e9ge lett a verseny\u00e9nek. Noha el\u0151tte 12 Grand Tourj\u00e1b\u00f3l soha egyet sem adott fel, a 2021-es ki\u00edr\u00e1s 16. etapj\u00e1n nagyot bukott, \u00e9s b\u00e1r megpr\u00f3b\u00e1lt tov\u00e1bbmenni, komoly f\u00e1jdalmai miatt v\u00e9g\u00fcl k\u00e9nytelen volt befejezni a versenyt. K\u00f3rh\u00e1zba ker\u00fclt, ahol meg\u00e1llap\u00edtott\u00e1k, a f\u00e1jdalom nem v\u00e9letlen, hiszen l\u00e9gmellet kapott, \u00fagyhogy k\u00e9t h\u00f3napnyi \u201ebringamegvon\u00e1s\u201d \u00e9s regener\u00e1ci\u00f3 k\u00f6vetkezett.<\/p>\n<figure id=\"attachment_15678\" aria-describedby=\"caption-attachment-15678\" style=\"width: 970px\" class=\"wp-caption alignnone\"><a href=\"https:\/\/d2p6e6u75xmxt8.cloudfront.net\/12\/2022\/08\/molard.png\"><img loading=\"lazy\" decoding=\"async\" class=\"size-full wp-image-15678\" src=\"https:\/\/d2p6e6u75xmxt8.cloudfront.net\/12\/2022\/08\/molard.png\" alt=\"\" width=\"970\" height=\"647\" srcset=\"https:\/\/d2p6e6u75xmxt8.cloudfront.net\/12\/2022\/08\/molard.png 970w, https:\/\/d2p6e6u75xmxt8.cloudfront.net\/12\/2022\/08\/molard-300x200.png 300w, https:\/\/d2p6e6u75xmxt8.cloudfront.net\/12\/2022\/08\/molard-768x512.png 768w, https:\/\/d2p6e6u75xmxt8.cloudfront.net\/12\/2022\/08\/molard-272x182.png 272w\" sizes=\"auto, (max-width: 970px) 100vw, 970px\" \/><\/a><figcaption id=\"caption-attachment-15678\" class=\"wp-caption-text\">Molard tavaly megpr\u00f3b\u00e1lt vissza\u00fclni a bring\u00e1ra, de \u00f3ri\u00e1si f\u00e1jdalmai miatt fel kellett adnia a Vuelt\u00e1t (fot\u00f3: Getty)<\/figcaption><\/figure>\n<p>T\u00fal a harmincon ezek a dolgok m\u00e1r nem m\u00falnak el nyomtalanul, \u00edgy a most 32 \u00e9ves Molard saj\u00e1t bevall\u00e1sa szerint sem volt benne biztos, k\u00e9pes lesz-e m\u00e9g ezek ut\u00e1n a legmagasabb sz\u00ednvonalon teljes\u00edteni. Most megkapta a v\u00e1laszt: nem eg\u00e9szen egy \u00e9vvel a s\u00falyos baleset ut\u00e1n az idei Vuelta \u00f6t\u00f6dik szakasz\u00e1n a negyedik helyen \u00e9rt c\u00e9lba Bilba\u00f3ban, ezzel az \u00f6sszetett vezet\u00e9st \u00e9s az ez\u00e9rt j\u00e1r\u00f3 piros trik\u00f3t is \u00e1tvette! <em>\u201eEz most rengeteget jelent. A tavalyi buk\u00e1som rettenetes volt, nem tudtam, megvan-e m\u00e9g bennem az, ami visszavezet a legmagasabb szintre. M\u00e9g a t\u00e9len sem voltam j\u00f3 passzban, \u00f6sszesen kilenc h\u00f3napot kellett kibekkelnem b\u00e1rmif\u00e9le sporttev\u00e9kenys\u00e9g n\u00e9lk\u00fcl. Azt\u00e1n m\u00e1rcius v\u00e9g\u00e9n v\u00e9gre visszat\u00e9rhettem a versenyz\u00e9shez \u2013 \u00e9s most egy Grand Tour-verseny \u00e9llovasa vagyok!\u201d <\/em>\u2013 lelkendezett Molard imm\u00e1r pirosban, azt tervezgetve, hogy a lehet\u0151 legtov\u00e1bb megtartja a trik\u00f3t. Nos, ez v\u00e9g\u00fcl nem siker\u00fclt neki, hiszen r\u00f6gt\u00f6n m\u00e1snap, a hatodik etap k\u00f6dbe vesz\u0151 hegyi befut\u00f3j\u00e1n levette r\u00f3la a nagy \u00edg\u00e9ret, Remco Evenepoel, de ezzel egy\u00fctt is megs\u00fcvegelend\u0151, hogy a t\u00f6rt\u00e9ntek ut\u00e1n kevesebb mint egy \u00e9vvel ott van egy h\u00e1romhetes verseny dobog\u00f3j\u00e1n \u00e9s az els\u0151s\u00e9g\u00e9rt harcol Evenepoellal \u00e9s a c\u00edmv\u00e9d\u0151 Primoz Rogli\u010d-csal.<\/p>\n<figure id=\"attachment_15677\" aria-describedby=\"caption-attachment-15677\" style=\"width: 1024px\" class=\"wp-caption alignnone\"><a href=\"https:\/\/d2p6e6u75xmxt8.cloudfront.net\/12\/2022\/08\/eVGLAFwyB5KbtfbY8DokoP.jpg\"><img loading=\"lazy\" decoding=\"async\" class=\"size-full wp-image-15677\" src=\"https:\/\/d2p6e6u75xmxt8.cloudfront.net\/12\/2022\/08\/eVGLAFwyB5KbtfbY8DokoP.jpg\" alt=\"\" width=\"1024\" height=\"683\" srcset=\"https:\/\/d2p6e6u75xmxt8.cloudfront.net\/12\/2022\/08\/eVGLAFwyB5KbtfbY8DokoP.jpg 1024w, https:\/\/d2p6e6u75xmxt8.cloudfront.net\/12\/2022\/08\/eVGLAFwyB5KbtfbY8DokoP-300x200.jpg 300w, https:\/\/d2p6e6u75xmxt8.cloudfront.net\/12\/2022\/08\/eVGLAFwyB5KbtfbY8DokoP-768x512.jpg 768w, https:\/\/d2p6e6u75xmxt8.cloudfront.net\/12\/2022\/08\/eVGLAFwyB5KbtfbY8DokoP-272x182.jpg 272w\" sizes=\"auto, (max-width: 1024px) 100vw, 1024px\" \/><\/a><figcaption id=\"caption-attachment-15677\" class=\"wp-caption-text\">Rogli\u010d \u00e9s Evenepoel l\u00e1tv\u00e1nyos k\u00fczdelm\u00e9t hozhatja a m\u00e1sodik k\u00e9t h\u00e9t (fot\u00f3: Getty)<\/figcaption><\/figure>\n<p>K\u00f6zben Molard csapatt\u00e1rsa, mindannyiunk kedvenc <a href=\"https:\/\/www.facebook.com\/permalink.php?story_fbid=pfbid0XPSJjj3UkdYwzcnury9bRNfRvrSaKLLVDN2bLFddE9NxHqzFo6d87f27PD6FKvVEl&amp;id=200081904121911\">Valter Attil\u00e1ja is b\u0151vebb besz\u00e1mol\u00f3val jelentkezett<\/a> a napokban az elm\u00falt hetek t\u00f6rt\u00e9n\u00e9seir\u0151l. A friss magyar bajnoki trik\u00f3ban fesz\u00edt\u0151 Atti mes\u00e9lt legut\u00f3bbi k\u00e9t verseny\u00e9r\u0151l, a La Polynormandie-r\u00f3l \u00e9s a Tour du Limousinr\u0151l, \u00e9lm\u00e9nyekr\u0151l \u00e9s hull\u00e1mv\u00f6lgyekr\u0151l; valamint azt is el\u00e1rulta, j\u00f6v\u0151 h\u00e9ten izgalmas h\u00edrekkel jelentkezik \u2013 sokan titkon abban rem\u00e9nykednek, a sport\u00e1gi zuhanyh\u00edreknek megfelel\u0151en a Jumb\u00f3hoz igazol\u00e1s\u00e1t jelenti be\u2026<\/p>\n<figure id=\"attachment_15676\" aria-describedby=\"caption-attachment-15676\" style=\"width: 1024px\" class=\"wp-caption alignnone\"><a href=\"https:\/\/d2p6e6u75xmxt8.cloudfront.net\/12\/2022\/08\/301235194_1210521606411264_3240474393129370523_n.jpg\"><img loading=\"lazy\" decoding=\"async\" class=\"size-full wp-image-15676\" src=\"https:\/\/d2p6e6u75xmxt8.cloudfront.net\/12\/2022\/08\/301235194_1210521606411264_3240474393129370523_n.jpg\" alt=\"\" width=\"1024\" height=\"683\" srcset=\"https:\/\/d2p6e6u75xmxt8.cloudfront.net\/12\/2022\/08\/301235194_1210521606411264_3240474393129370523_n.jpg 1024w, https:\/\/d2p6e6u75xmxt8.cloudfront.net\/12\/2022\/08\/301235194_1210521606411264_3240474393129370523_n-300x200.jpg 300w, https:\/\/d2p6e6u75xmxt8.cloudfront.net\/12\/2022\/08\/301235194_1210521606411264_3240474393129370523_n-768x512.jpg 768w, https:\/\/d2p6e6u75xmxt8.cloudfront.net\/12\/2022\/08\/301235194_1210521606411264_3240474393129370523_n-272x182.jpg 272w\" sizes=\"auto, (max-width: 1024px) 100vw, 1024px\" \/><\/a><figcaption id=\"caption-attachment-15676\" class=\"wp-caption-text\">Valter Atti versenyk\u00f6r\u00fclm\u00e9nyek k\u00f6z\u00f6tt is felavatta a magyar bajnoki trik\u00f3t FDJ-s (most m\u00e9g?) csapatt\u00e1rsai k\u00f6r\u00e9ben (fot\u00f3: Facebook\/Valter Attila)<\/figcaption><\/figure>\n<p><em>Bor\u00edt\u00f3k\u00e9p: Getty<\/em><\/p>\n","protected":false},"excerpt":{"rendered":"<p>Rudy Molard legut\u00f3bb \u00f3ri\u00e1si buk\u00e1sa ut\u00e1n k\u00e9nytelen volt feladni a spanyol k\u00f6rt, \u00e9s k\u00e9t h\u00f3napig biciklire sem \u00fclhetett, most viszont [&hellip;]<\/p>\n","protected":false},"author":145,"featured_media":15679,"comment_status":"open","ping_status":"open","sticky":false,"template":"","format":"standard","meta":{"footnotes":""},"categories":[8],"tags":[],"global-categories":[419],"class_list":["post-15675","post","type-post","status-publish","format-standard","has-post-thumbnail","hentry","category-orszaguti-kerekpar","global-categories-cycling"],"yoast_head":"<!-- This site is optimized with the Yoast SEO Premium plugin v25.3 (Yoast SEO v25.9) - https:\/\/yoast.com\/wordpress\/plugins\/seo\/ -->\n<title>Tavaly ilyenkor l\u00e9gmellel fek\u00fcdt a k\u00f3rh\u00e1zban, most a Vuelta-els\u0151s\u00e9g\u00e9rt k\u00fczd Rudy Molard, Valter Attila csapatt\u00e1rsa - \u0160koda We Love Cycling - Magyarorsz\u00e1g<\/title>\n<meta name=\"robots\" content=\"index, follow, max-snippet:-1, max-image-preview:large, max-video-preview:-1\" \/>\n<link rel=\"canonical\" href=\"https:\/\/www.welovecycling.com\/hu\/orszaguti-kerekpar\/tavaly-ilyenkor-legmellel-fekudt-a-korhazban-most-a-vuelta-elsosegert-kuzd-rudy-molard-valter-attila-csapattarsa\/\" \/>\n<meta property=\"og:locale\" content=\"hu_HU\" \/>\n<meta property=\"og:type\" content=\"article\" \/>\n<meta property=\"og:title\" content=\"Tavaly ilyenkor l\u00e9gmellel fek\u00fcdt a k\u00f3rh\u00e1zban, most a Vuelta-els\u0151s\u00e9g\u00e9rt k\u00fczd Rudy Molard, Valter Attila csapatt\u00e1rsa\" \/>\n<meta property=\"og:description\" content=\"Rudy Molard legut\u00f3bb \u00f3ri\u00e1si buk\u00e1sa ut\u00e1n k\u00e9nytelen volt feladni a spanyol k\u00f6rt, \u00e9s k\u00e9t h\u00f3napig biciklire sem \u00fclhetett, most viszont [&hellip;]\" \/>\n<meta property=\"og:url\" content=\"https:\/\/www.welovecycling.com\/hu\/orszaguti-kerekpar\/tavaly-ilyenkor-legmellel-fekudt-a-korhazban-most-a-vuelta-elsosegert-kuzd-rudy-molard-valter-attila-csapattarsa\/\" \/>\n<meta property=\"og:site_name\" content=\"\u0160koda We Love Cycling - Magyarorsz\u00e1g\" \/>\n<meta property=\"article:publisher\" content=\"https:\/\/www.facebook.com\/WeLoveCyclingHungary\/\" \/>\n<meta property=\"article:published_time\" content=\"2022-08-26T07:24:54+00:00\" \/>\n<meta property=\"og:image\" content=\"https:\/\/d2p6e6u75xmxt8.cloudfront.net\/12\/2022\/08\/VueltaEspana-RudyMolard-August2022.jpg\" \/>\n\t<meta property=\"og:image:width\" content=\"2048\" \/>\n\t<meta property=\"og:image:height\" content=\"1365\" \/>\n\t<meta property=\"og:image:type\" content=\"image\/jpeg\" \/>\n<meta name=\"author\" content=\"kitti\" \/>\n<meta name=\"twitter:card\" content=\"summary_large_image\" \/>\n<meta name=\"twitter:label1\" content=\"Written by\" \/>\n\t<meta name=\"twitter:data1\" content=\"We Love Cycling\" \/>\n\t<meta name=\"twitter:label2\" content=\"Est. reading time\" \/>\n\t<meta name=\"twitter:data2\" content=\"3 minutes\" \/>\n<script type=\"application\/ld+json\" class=\"yoast-schema-graph\">{\"@context\":\"https:\/\/schema.org\",\"@graph\":[{\"@type\":\"WebPage\",\"@id\":\"https:\/\/www.welovecycling.com\/hu\/orszaguti-kerekpar\/tavaly-ilyenkor-legmellel-fekudt-a-korhazban-most-a-vuelta-elsosegert-kuzd-rudy-molard-valter-attila-csapattarsa\/\",\"url\":\"https:\/\/www.welovecycling.com\/hu\/orszaguti-kerekpar\/tavaly-ilyenkor-legmellel-fekudt-a-korhazban-most-a-vuelta-elsosegert-kuzd-rudy-molard-valter-attila-csapattarsa\/\",\"name\":\"Tavaly ilyenkor l\u00e9gmellel fek\u00fcdt a k\u00f3rh\u00e1zban, most a Vuelta-els\u0151s\u00e9g\u00e9rt k\u00fczd Rudy Molard, Valter Attila csapatt\u00e1rsa - \u0160koda We Love Cycling - Magyarorsz\u00e1g\",\"isPartOf\":{\"@id\":\"https:\/\/www.welovecycling.com\/hu\/#website\"},\"primaryImageOfPage\":{\"@id\":\"https:\/\/www.welovecycling.com\/hu\/orszaguti-kerekpar\/tavaly-ilyenkor-legmellel-fekudt-a-korhazban-most-a-vuelta-elsosegert-kuzd-rudy-molard-valter-attila-csapattarsa\/#primaryimage\"},\"image\":{\"@id\":\"https:\/\/www.welovecycling.com\/hu\/orszaguti-kerekpar\/tavaly-ilyenkor-legmellel-fekudt-a-korhazban-most-a-vuelta-elsosegert-kuzd-rudy-molard-valter-attila-csapattarsa\/#primaryimage\"},\"thumbnailUrl\":\"https:\/\/d2p6e6u75xmxt8.cloudfront.net\/12\/2022\/08\/VueltaEspana-RudyMolard-August2022.jpg\",\"datePublished\":\"2022-08-26T07:24:54+00:00\",\"author\":{\"@id\":\"https:\/\/www.welovecycling.com\/hu\/#\/schema\/person\/bec7dcdbcc59f58489cf603e4040ced1\"},\"breadcrumb\":{\"@id\":\"https:\/\/www.welovecycling.com\/hu\/orszaguti-kerekpar\/tavaly-ilyenkor-legmellel-fekudt-a-korhazban-most-a-vuelta-elsosegert-kuzd-rudy-molard-valter-attila-csapattarsa\/#breadcrumb\"},\"inLanguage\":\"hu\",\"potentialAction\":[{\"@type\":\"ReadAction\",\"target\":[\"https:\/\/www.welovecycling.com\/hu\/orszaguti-kerekpar\/tavaly-ilyenkor-legmellel-fekudt-a-korhazban-most-a-vuelta-elsosegert-kuzd-rudy-molard-valter-attila-csapattarsa\/\"]}]},{\"@type\":\"ImageObject\",\"inLanguage\":\"hu\",\"@id\":\"https:\/\/www.welovecycling.com\/hu\/orszaguti-kerekpar\/tavaly-ilyenkor-legmellel-fekudt-a-korhazban-most-a-vuelta-elsosegert-kuzd-rudy-molard-valter-attila-csapattarsa\/#primaryimage\",\"url\":\"https:\/\/d2p6e6u75xmxt8.cloudfront.net\/12\/2022\/08\/VueltaEspana-RudyMolard-August2022.jpg\",\"contentUrl\":\"https:\/\/d2p6e6u75xmxt8.cloudfront.net\/12\/2022\/08\/VueltaEspana-RudyMolard-August2022.jpg\",\"width\":2048,\"height\":1365},{\"@type\":\"BreadcrumbList\",\"@id\":\"https:\/\/www.welovecycling.com\/hu\/orszaguti-kerekpar\/tavaly-ilyenkor-legmellel-fekudt-a-korhazban-most-a-vuelta-elsosegert-kuzd-rudy-molard-valter-attila-csapattarsa\/#breadcrumb\",\"itemListElement\":[{\"@type\":\"ListItem\",\"position\":1,\"name\":\"Home\",\"item\":\"https:\/\/www.welovecycling.com\/hu\/\"},{\"@type\":\"ListItem\",\"position\":2,\"name\":\"Tavaly ilyenkor l\u00e9gmellel fek\u00fcdt a k\u00f3rh\u00e1zban, most a Vuelta-els\u0151s\u00e9g\u00e9rt k\u00fczd Rudy Molard, Valter Attila csapatt\u00e1rsa\"}]},{\"@type\":\"WebSite\",\"@id\":\"https:\/\/www.welovecycling.com\/hu\/#website\",\"url\":\"https:\/\/www.welovecycling.com\/hu\/\",\"name\":\"\u0160koda We Love Cycling - Magyarorsz\u00e1g\",\"description\":\"\u0160koda WeLoveCycling\",\"potentialAction\":[{\"@type\":\"SearchAction\",\"target\":{\"@type\":\"EntryPoint\",\"urlTemplate\":\"https:\/\/www.welovecycling.com\/hu\/?s={search_term_string}\"},\"query-input\":{\"@type\":\"PropertyValueSpecification\",\"valueRequired\":true,\"valueName\":\"search_term_string\"}}],\"inLanguage\":\"hu\"},{\"@type\":\"Person\",\"@id\":\"https:\/\/www.welovecycling.com\/hu\/#\/schema\/person\/bec7dcdbcc59f58489cf603e4040ced1\",\"name\":\"kitti\",\"image\":{\"@type\":\"ImageObject\",\"inLanguage\":\"hu\",\"@id\":\"https:\/\/www.welovecycling.com\/hu\/#\/schema\/person\/image\/\",\"url\":\"https:\/\/secure.gravatar.com\/avatar\/e3196a110e1b57b96f56d92d10ce9bb4e9d7210076832a16243337e949410b52?s=96&d=mm&r=g\",\"contentUrl\":\"https:\/\/secure.gravatar.com\/avatar\/e3196a110e1b57b96f56d92d10ce9bb4e9d7210076832a16243337e949410b52?s=96&d=mm&r=g\",\"caption\":\"kitti\"},\"url\":\"https:\/\/www.welovecycling.com\/hu\/author\/kitti\/\"}]}<\/script>\n<!-- \/ Yoast SEO Premium plugin. -->","yoast_head_json":{"title":"Tavaly ilyenkor l\u00e9gmellel fek\u00fcdt a k\u00f3rh\u00e1zban, most a Vuelta-els\u0151s\u00e9g\u00e9rt k\u00fczd Rudy Molard, Valter Attila csapatt\u00e1rsa - \u0160koda We Love Cycling - Magyarorsz\u00e1g","robots":{"index":"index","follow":"follow","max-snippet":"max-snippet:-1","max-image-preview":"max-image-preview:large","max-video-preview":"max-video-preview:-1"},"canonical":"https:\/\/www.welovecycling.com\/hu\/orszaguti-kerekpar\/tavaly-ilyenkor-legmellel-fekudt-a-korhazban-most-a-vuelta-elsosegert-kuzd-rudy-molard-valter-attila-csapattarsa\/","og_locale":"hu_HU","og_type":"article","og_title":"Tavaly ilyenkor l\u00e9gmellel fek\u00fcdt a k\u00f3rh\u00e1zban, most a Vuelta-els\u0151s\u00e9g\u00e9rt k\u00fczd Rudy Molard, Valter Attila csapatt\u00e1rsa","og_description":"Rudy Molard legut\u00f3bb \u00f3ri\u00e1si buk\u00e1sa ut\u00e1n k\u00e9nytelen volt feladni a spanyol k\u00f6rt, \u00e9s k\u00e9t h\u00f3napig biciklire sem \u00fclhetett, most viszont [&hellip;]","og_url":"https:\/\/www.welovecycling.com\/hu\/orszaguti-kerekpar\/tavaly-ilyenkor-legmellel-fekudt-a-korhazban-most-a-vuelta-elsosegert-kuzd-rudy-molard-valter-attila-csapattarsa\/","og_site_name":"\u0160koda We Love Cycling - Magyarorsz\u00e1g","article_publisher":"https:\/\/www.facebook.com\/WeLoveCyclingHungary\/","article_published_time":"2022-08-26T07:24:54+00:00","og_image":[{"width":2048,"height":1365,"url":"https:\/\/d2p6e6u75xmxt8.cloudfront.net\/12\/2022\/08\/VueltaEspana-RudyMolard-August2022.jpg","type":"image\/jpeg"}],"author":"kitti","twitter_card":"summary_large_image","twitter_misc":{"Written by":"We Love Cycling","Est. reading time":"3 minutes"},"schema":{"@context":"https:\/\/schema.org","@graph":[{"@type":"WebPage","@id":"https:\/\/www.welovecycling.com\/hu\/orszaguti-kerekpar\/tavaly-ilyenkor-legmellel-fekudt-a-korhazban-most-a-vuelta-elsosegert-kuzd-rudy-molard-valter-attila-csapattarsa\/","url":"https:\/\/www.welovecycling.com\/hu\/orszaguti-kerekpar\/tavaly-ilyenkor-legmellel-fekudt-a-korhazban-most-a-vuelta-elsosegert-kuzd-rudy-molard-valter-attila-csapattarsa\/","name":"Tavaly ilyenkor l\u00e9gmellel fek\u00fcdt a k\u00f3rh\u00e1zban, most a Vuelta-els\u0151s\u00e9g\u00e9rt k\u00fczd Rudy Molard, Valter Attila csapatt\u00e1rsa - \u0160koda We Love Cycling - Magyarorsz\u00e1g","isPartOf":{"@id":"https:\/\/www.welovecycling.com\/hu\/#website"},"primaryImageOfPage":{"@id":"https:\/\/www.welovecycling.com\/hu\/orszaguti-kerekpar\/tavaly-ilyenkor-legmellel-fekudt-a-korhazban-most-a-vuelta-elsosegert-kuzd-rudy-molard-valter-attila-csapattarsa\/#primaryimage"},"image":{"@id":"https:\/\/www.welovecycling.com\/hu\/orszaguti-kerekpar\/tavaly-ilyenkor-legmellel-fekudt-a-korhazban-most-a-vuelta-elsosegert-kuzd-rudy-molard-valter-attila-csapattarsa\/#primaryimage"},"thumbnailUrl":"https:\/\/d2p6e6u75xmxt8.cloudfront.net\/12\/2022\/08\/VueltaEspana-RudyMolard-August2022.jpg","datePublished":"2022-08-26T07:24:54+00:00","author":{"@id":"https:\/\/www.welovecycling.com\/hu\/#\/schema\/person\/bec7dcdbcc59f58489cf603e4040ced1"},"breadcrumb":{"@id":"https:\/\/www.welovecycling.com\/hu\/orszaguti-kerekpar\/tavaly-ilyenkor-legmellel-fekudt-a-korhazban-most-a-vuelta-elsosegert-kuzd-rudy-molard-valter-attila-csapattarsa\/#breadcrumb"},"inLanguage":"hu","potentialAction":[{"@type":"ReadAction","target":["https:\/\/www.welovecycling.com\/hu\/orszaguti-kerekpar\/tavaly-ilyenkor-legmellel-fekudt-a-korhazban-most-a-vuelta-elsosegert-kuzd-rudy-molard-valter-attila-csapattarsa\/"]}]},{"@type":"ImageObject","inLanguage":"hu","@id":"https:\/\/www.welovecycling.com\/hu\/orszaguti-kerekpar\/tavaly-ilyenkor-legmellel-fekudt-a-korhazban-most-a-vuelta-elsosegert-kuzd-rudy-molard-valter-attila-csapattarsa\/#primaryimage","url":"https:\/\/d2p6e6u75xmxt8.cloudfront.net\/12\/2022\/08\/VueltaEspana-RudyMolard-August2022.jpg","contentUrl":"https:\/\/d2p6e6u75xmxt8.cloudfront.net\/12\/2022\/08\/VueltaEspana-RudyMolard-August2022.jpg","width":2048,"height":1365},{"@type":"BreadcrumbList","@id":"https:\/\/www.welovecycling.com\/hu\/orszaguti-kerekpar\/tavaly-ilyenkor-legmellel-fekudt-a-korhazban-most-a-vuelta-elsosegert-kuzd-rudy-molard-valter-attila-csapattarsa\/#breadcrumb","itemListElement":[{"@type":"ListItem","position":1,"name":"Home","item":"https:\/\/www.welovecycling.com\/hu\/"},{"@type":"ListItem","position":2,"name":"Tavaly ilyenkor l\u00e9gmellel fek\u00fcdt a k\u00f3rh\u00e1zban, most a Vuelta-els\u0151s\u00e9g\u00e9rt k\u00fczd Rudy Molard, Valter Attila csapatt\u00e1rsa"}]},{"@type":"WebSite","@id":"https:\/\/www.welovecycling.com\/hu\/#website","url":"https:\/\/www.welovecycling.com\/hu\/","name":"\u0160koda We Love Cycling - Magyarorsz\u00e1g","description":"\u0160koda WeLoveCycling","potentialAction":[{"@type":"SearchAction","target":{"@type":"EntryPoint","urlTemplate":"https:\/\/www.welovecycling.com\/hu\/?s={search_term_string}"},"query-input":{"@type":"PropertyValueSpecification","valueRequired":true,"valueName":"search_term_string"}}],"inLanguage":"hu"},{"@type":"Person","@id":"https:\/\/www.welovecycling.com\/hu\/#\/schema\/person\/bec7dcdbcc59f58489cf603e4040ced1","name":"kitti","image":{"@type":"ImageObject","inLanguage":"hu","@id":"https:\/\/www.welovecycling.com\/hu\/#\/schema\/person\/image\/","url":"https:\/\/secure.gravatar.com\/avatar\/e3196a110e1b57b96f56d92d10ce9bb4e9d7210076832a16243337e949410b52?s=96&d=mm&r=g","contentUrl":"https:\/\/secure.gravatar.com\/avatar\/e3196a110e1b57b96f56d92d10ce9bb4e9d7210076832a16243337e949410b52?s=96&d=mm&r=g","caption":"kitti"},"url":"https:\/\/www.welovecycling.com\/hu\/author\/kitti\/"}]}},"_links":{"self":[{"href":"https:\/\/www.welovecycling.com\/hu\/wp-json\/wp\/v2\/posts\/15675","targetHints":{"allow":["GET"]}}],"collection":[{"href":"https:\/\/www.welovecycling.com\/hu\/wp-json\/wp\/v2\/posts"}],"about":[{"href":"https:\/\/www.welovecycling.com\/hu\/wp-json\/wp\/v2\/types\/post"}],"author":[{"embeddable":true,"href":"https:\/\/www.welovecycling.com\/hu\/wp-json\/wp\/v2\/users\/145"}],"replies":[{"embeddable":true,"href":"https:\/\/www.welovecycling.com\/hu\/wp-json\/wp\/v2\/comments?post=15675"}],"version-history":[{"count":1,"href":"https:\/\/www.welovecycling.com\/hu\/wp-json\/wp\/v2\/posts\/15675\/revisions"}],"predecessor-version":[{"id":15680,"href":"https:\/\/www.welovecycling.com\/hu\/wp-json\/wp\/v2\/posts\/15675\/revisions\/15680"}],"wp:featuredmedia":[{"embeddable":true,"href":"https:\/\/www.welovecycling.com\/hu\/wp-json\/wp\/v2\/media\/15679"}],"wp:attachment":[{"href":"https:\/\/www.welovecycling.com\/hu\/wp-json\/wp\/v2\/media?parent=15675"}],"wp:term":[{"taxonomy":"category","embeddable":true,"href":"https:\/\/www.welovecycling.com\/hu\/wp-json\/wp\/v2\/categories?post=15675"},{"taxonomy":"post_tag","embeddable":true,"href":"https:\/\/www.welovecycling.com\/hu\/wp-json\/wp\/v2\/tags?post=15675"},{"taxonomy":"global-categories","embeddable":true,"href":"https:\/\/www.welovecycling.com\/hu\/wp-json\/wp\/v2\/global-categories?post=15675"}],"curies":[{"name":"wp","href":"https:\/\/api.w.org\/{rel}","templated":true}]}}