{"id":15666,"date":"2022-08-24T10:00:52","date_gmt":"2022-08-24T08:00:52","guid":{"rendered":"https:\/\/www.welovecycling.com\/hu\/?p=15666"},"modified":"2022-08-24T10:00:52","modified_gmt":"2022-08-24T08:00:52","slug":"wlc-heroes-moni-istvan-akinek-hivatasa-a-sportszeruseg","status":"publish","type":"post","link":"https:\/\/www.welovecycling.com\/hu\/wlc-heroes\/wlc-heroes-moni-istvan-akinek-hivatasa-a-sportszeruseg\/","title":{"rendered":"WLC Heroes: M\u00f3ni Istv\u00e1n, akinek hivat\u00e1sa a sportszer\u0171s\u00e9g"},"content":{"rendered":"<p><strong>Nem minden h\u0151s visel k\u00f6penyt: van, aki biciklisnadr\u00e1gban menti meg a vil\u00e1got. Strava klubunkban olyan teljes\u00edtm\u00e9nyeknek vagyunk szemtan\u00fai nap mint nap, amik mellett nem mehet\u00fcnk el. \u00dagy gondoljuk, az az akarater\u0151, munka \u00e9s kitart\u00e1s, ami ezekhez sz\u00fcks\u00e9ges, meg\u00e9rdemli a jutalmat. Ez\u00e9rt ind\u00edtottuk el WLC Heroes kamp\u00e1nyunkat, mely sor\u00e1n \u00e9remmel m\u00e9lt\u00e1nyoljuk a bring\u00e1z\u00e1s h\u0151seit, \u00e9s bemutatjuk \u0151ket nektek, hogy inspir\u00e1ljanak \u00e9s mozgat\u00f3rug\u00f3i lehessenek a sz\u00e9lesebb ker\u00e9kp\u00e1ros k\u00f6z\u00f6ss\u00e9gnek!<\/strong><\/p>\n<p><!--more--><\/p>\n<p>Istv\u00e1n hobbibring\u00e1s. \u00c9s aut\u00f3rajong\u00f3. Sportvezet\u0151. C\u00e9gtulajdonos. C\u00e9gvezet\u0151. \u00c9s ha kell, december utols\u00f3 napjaiban is teker, hogy meglegyen az \u00e9vi kilom\u00e9tere. Ny\u00e1ron lefoglalj\u00e1k az aut\u00f3versenyek, amiket fel\u00fcgyel, \u00edgy \u0151sszel \u00e9s t\u00e9len teszi meg t\u00e1vjai nagy r\u00e9sz\u00e9t. Ahogy \u0151 fogalmazott: \u201enem teker sokat, de azt \u00e1ltal\u00e1ban es\u0151ben, h\u00f3ban \u00e9s fagyban.\u201d \u00c9s m\u00e9g \u00e9lvezi is!<\/p>\n<p>Ismerj\u00e9tek meg leg\u00fajabb WLC H\u0151s\u00fcnket, akinek nem csak hobbija a sport \u00e9s a sportszer\u0171s\u00e9g, hanem a munk\u00e1ja \u00e9s a mindennapi \u00e9let\u00e9nek alapk\u00f6ve is!<\/p>\n<p><strong>Milyen szinten biciklizel?<\/strong><\/p>\n<p>Hobbista vagyok, a sz\u00f3 minden \u00e9rtelm\u00e9ben. Rajtsz\u00e1mom eddig \u00f6sszesen n\u00e9gyszer volt, az utols\u00f3 h\u00e1rom \u00e9vben a Balaton-k\u00f6r\u00f6n, illetve sok-sok \u00e9vvel el\u0151tte egy K-200 elnevez\u00e9s\u0171 teljes\u00edtm\u00e9nyt\u00far\u00e1n. \u00c9vente kicsit t\u00f6bb, mint 2.000 km-t tekerek, ami igaz\u00e1b\u00f3l nagy teljes\u00edtm\u00e9nynek semmik\u00e9ppen sem mondhat\u00f3. Viszont mivel ny\u00e1ron rengeteg h\u00e9tv\u00e9g\u00e9n van \u201eegy\u00e9b\u201d elfoglalts\u00e1gom, ez\u00e9rt ezt a t\u00e1vot els\u0151sorban \u0151sszel, t\u00e9len \u00e9s tavasszal gy\u0171jt\u00f6m \u00f6ssze. Volt olyan \u00e9vem, hogy csak december 30-\u00e1n tudtam le a k\u00e9tezredik kilom\u00e9tert. El\u00e9g hideg volt m\u00e1r, de mivel jobban szeretek kint tekerni, mint a szob\u00e1ban, mindenk\u00e9ppen a szabad \u00e9g alatt akartam letudni az adott \u00e9vi utols\u00f3 teker\u00e9st.<\/p>\n<figure id=\"attachment_15670\" aria-describedby=\"caption-attachment-15670\" style=\"width: 1920px\" class=\"wp-caption alignnone\"><a href=\"https:\/\/d2p6e6u75xmxt8.cloudfront.net\/12\/2022\/08\/IMG_1819.JPG-scaled.jpg\"><img loading=\"lazy\" decoding=\"async\" class=\"size-extra-large wp-image-15670\" src=\"https:\/\/d2p6e6u75xmxt8.cloudfront.net\/12\/2022\/08\/IMG_1819.JPG-1920x1440.jpg\" alt=\"\" width=\"1920\" height=\"1440\" srcset=\"https:\/\/d2p6e6u75xmxt8.cloudfront.net\/12\/2022\/08\/IMG_1819.JPG-1920x1440.jpg 1920w, https:\/\/d2p6e6u75xmxt8.cloudfront.net\/12\/2022\/08\/IMG_1819.JPG-300x225.jpg 300w, https:\/\/d2p6e6u75xmxt8.cloudfront.net\/12\/2022\/08\/IMG_1819.JPG-1024x768.jpg 1024w, https:\/\/d2p6e6u75xmxt8.cloudfront.net\/12\/2022\/08\/IMG_1819.JPG-768x576.jpg 768w, https:\/\/d2p6e6u75xmxt8.cloudfront.net\/12\/2022\/08\/IMG_1819.JPG-1536x1152.jpg 1536w, https:\/\/d2p6e6u75xmxt8.cloudfront.net\/12\/2022\/08\/IMG_1819.JPG-2048x1536.jpg 2048w, https:\/\/d2p6e6u75xmxt8.cloudfront.net\/12\/2022\/08\/IMG_1819.JPG-1920x1440.jpg 1920w\" sizes=\"auto, (max-width: 1920px) 100vw, 1920px\" \/><\/a><figcaption id=\"caption-attachment-15670\" class=\"wp-caption-text\">Fot\u00f3: M\u00f3ni Istv\u00e1n<\/figcaption><\/figure>\n<p><strong>A munk\u00e1db\u00f3l kiindulva, \u00fagy l\u00e1tjuk, az aut\u00f3sport (is) igazi szenved\u00e9lyed. Mi\u00e9rt v\u00e1lasztottad ezt a munkak\u00f6rt? Hova ny\u00falik vissza az aut\u00f3k ir\u00e1nt szereteted?<\/strong><\/p>\n<p>Egy vid\u00e9ki kisv\u00e1rosban, Nyerges\u00fajfalun n\u0151tem fel, nem messze egy h\u00edres rally p\u00e1ly\u00e1t\u00f3l, a L\u00e1batlan-Bajna szakaszt\u00f3l. Megk\u00f6zel\u00edt\u0151leg 5-6 \u00e9ves lehettem, amikor sz\u00fcleim el\u0151sz\u00f6r vittek ki versenyt n\u00e9zni. Amikor lehet\u0151s\u00e9g\u00fcnk volt r\u00e1, visszat\u00e9rt\u00fcnk.<\/p>\n<p>K\u00e9s\u0151bb \u00fagy hozta az \u00e9let, hogy egy v\u00e9letlennek k\u00f6sz\u00f6nhet\u0151en r\u00e9szese lettem az 1996-os Esztergom Rallye lebonyol\u00edt\u00e1s\u00e1nak \u00e9s ott fert\u0151z\u0151dtem meg v\u00e9gleg. Az az\u00f3ta eltelt \u00e9vekben hol tudatosan, hol kev\u00e9sb\u00e9 tudatosan \u00e9p\u00edtettem a karrierem \u00e9s od\u00e1ig jutottam, hogy ma m\u00e1r a Nemzetk\u00f6zi Aut\u00f3mobil Sz\u00f6vets\u00e9g (FIA) egyik vil\u00e1gbajnoki futamokra is \u00e9rv\u00e9nyes licensszel rendelkez\u0151 sportvezet\u0151je vagyok.<\/p>\n<figure id=\"attachment_15667\" aria-describedby=\"caption-attachment-15667\" style=\"width: 1920px\" class=\"wp-caption alignnone\"><a href=\"https:\/\/d2p6e6u75xmxt8.cloudfront.net\/12\/2022\/08\/IMG_0907.JPG-scaled.jpg\"><img loading=\"lazy\" decoding=\"async\" class=\"size-extra-large wp-image-15667\" src=\"https:\/\/d2p6e6u75xmxt8.cloudfront.net\/12\/2022\/08\/IMG_0907.JPG-1920x1440.jpg\" alt=\"\" width=\"1920\" height=\"1440\" srcset=\"https:\/\/d2p6e6u75xmxt8.cloudfront.net\/12\/2022\/08\/IMG_0907.JPG-1920x1440.jpg 1920w, https:\/\/d2p6e6u75xmxt8.cloudfront.net\/12\/2022\/08\/IMG_0907.JPG-300x225.jpg 300w, https:\/\/d2p6e6u75xmxt8.cloudfront.net\/12\/2022\/08\/IMG_0907.JPG-1024x768.jpg 1024w, https:\/\/d2p6e6u75xmxt8.cloudfront.net\/12\/2022\/08\/IMG_0907.JPG-768x576.jpg 768w, https:\/\/d2p6e6u75xmxt8.cloudfront.net\/12\/2022\/08\/IMG_0907.JPG-1536x1152.jpg 1536w, https:\/\/d2p6e6u75xmxt8.cloudfront.net\/12\/2022\/08\/IMG_0907.JPG-2048x1536.jpg 2048w, https:\/\/d2p6e6u75xmxt8.cloudfront.net\/12\/2022\/08\/IMG_0907.JPG-1920x1440.jpg 1920w\" sizes=\"auto, (max-width: 1920px) 100vw, 1920px\" \/><\/a><figcaption id=\"caption-attachment-15667\" class=\"wp-caption-text\">Fot\u00f3: M\u00f3ni Istv\u00e1n<\/figcaption><\/figure>\n<p>Az aut\u00f3sport egy hobbi sz\u00e1momra, van mellette egy \u201ecivil\u201d \u00e1ll\u00e1som is \u2013 saj\u00e1t c\u00e9gemet vezetem \u2013, \u00edgy az, hogy \u00e9vi 15-18 alkalommal aut\u00f3versenyeken t\u00f6lt\u00f6m a h\u00e9tv\u00e9g\u00e9m \u2013 hol itthon, hol t\u00e1vol \u2013 el\u00e9g sok id\u0151t vesz el a bring\u00e1z\u00e1st\u00f3l.<\/p>\n<p><strong>Na \u00e9s a bring\u00e1z\u00e1s ir\u00e1nti szenved\u00e9ly? Mikor kezdt\u00e9l el biciklizni \u00e9s mi\u00e9rt?<\/strong><\/p>\n<p>Ahogy legt\u00f6bben, \u00e9n is \u00f3vod\u00e1skorban kezdtem el megtanulni biciklizni. Arra eml\u00e9kszem, hogy el\u00e9g nehezen ment, sokszor k\u00f6t\u00f6ttem ki az utc\u00e1nkban tal\u00e1lhat\u00f3 r\u00f3zsabokrok valamelyik\u00e9ben. Azt\u00e1n a korai tin\u00e9dzser\u00e9vek meghozt\u00e1k a ker\u00e9kp\u00e1roz\u00e1ssal kapcsolatban az \u00e1tt\u00f6r\u00e9st, a szabads\u00e1g \u00e9rz\u00e9s\u00e9t.<\/p>\n<p>Az els\u0151 komolyabb ker\u00e9kp\u00e1rom egy 4 sebess\u00e9ges Szputnyik orsz\u00e1g\u00fati volt, majd nem sokkal k\u00e9s\u0151bb megkaptam a 2X5 sebess\u00e9ges Csepel Apoll\u00f3mat.<\/p>\n<p>Egy gyerekkori bar\u00e1tommal sokszor tekert\u00fcnk el Nyerges\u00fajfalur\u00f3l Visegr\u00e1dra, Tat\u00e1ra, Tatab\u00e1ny\u00e1ra, vagy \u00e9pp a f\u0151v\u00e1rosba. Ma m\u00e1r neh\u00e9z elk\u00e9pzelni, hogy ezeket a t\u00far\u00e1kat nem csak, hogy felk\u00e9sz\u00fcletlen\u00fcl tett\u00fck meg, de mivel m\u00e9g a mobiltelefonok se l\u00e9teztek, igaz\u00e1b\u00f3l a sz\u00fcleinknek is csak sejt\u00e9se lehetett r\u00f3la, hogy \u00e9ppen hova megy\u00fcnk \u00e9s mikor \u00e9rhet\u00fcnk haza.<\/p>\n<p>Azt\u00e1n a sorkatonai szolg\u00e1lat ut\u00e1n valahogy elmaradt a ker\u00e9kp\u00e1roz\u00e1s \u00e9s sok-sok \u00e9v sz\u00fcnet k\u00f6vetkezett. M\u00e1r b\u0151ven t\u00falvoltam a harmadik ikszen, amikor r\u00e1eszm\u00e9ltem egyr\u00e9szt arra, hogy valamit kezdenem kell az id\u0151k\u00f6zben felgy\u00fclemlett kil\u00f3kkal, m\u00e1sr\u00e9szt arra, hogy hi\u00e1nyzik a mozg\u00e1s.<\/p>\n<p>El\u0151ker\u00fclt a Csepel Apoll\u00f3, de nem \u00e9reztem j\u00f3l magam rajta, ez\u00e9rt picit hezit\u00e1ltam. Ezt l\u00e1tva a feles\u00e9gem titokban elvitte egy szervizbe \u00e9s \u00e9p\u00edttetett bel\u0151le egy olyan ker\u00e9kp\u00e1rt, ami megfelelt az elmond\u00e1saimnak. Egyenes korm\u00e1ny ker\u00fclt r\u00e1, alacsonyabb \u00e1tt\u00e9telt \u00e9s k\u00e9nyelmesebb \u00fcl\u00e9st kapott, hogy ne okozzon gondot a t\u00fals\u00falyom. Igaz\u00e1b\u00f3l t\u00faraker\u00e9kp\u00e1r lett bel\u0151le. Nagyon meglep\u0151dtem, amikor megkaptam a kor\u00e1bbi \u00fatit\u00e1rsam. Ekkor kezdtem el \u2013 imm\u00e1r m\u00e1sodszor \u2013 rendszeresebben ker\u00e9kp\u00e1rozni. Ezt k\u00f6vette egy monti, majd most egy k\u00f6z\u00e9pkateg\u00f3ri\u00e1s orsz\u00e1g\u00fatival gy\u0171jt\u00f6m a kilom\u00e9tereket.<\/p>\n<p><strong>Nyilv\u00e1nval\u00f3an fontos \u00e9rt\u00e9k sz\u00e1modra a sportszer\u0171s\u00e9g. Milyen dolgokat tanult\u00e1l a bicikliz\u00e9s vagy a munk\u00e1d ter\u00fclet\u00e9n, ami seg\u00edtett a m\u00e1sikon?<\/strong><\/p>\n<p>Az aut\u00f3sportban k\u00fcl\u00f6n\u00f6sen fontos, hogy megtanuljunk seg\u00edteni az esetlegesen bajba ker\u00fclt versenyz\u0151k\u00f6n. Mivel kor\u00e1bban sportb\u00edr\u00f3k\u00e9nt a p\u00e1ly\u00e1k mellett is dolgoztam, illetve k\u00e9s\u0151bb sportb\u00edr\u00f3 koll\u00e9g\u00e1imat oktattam, szert kellett ker\u00edtenem n\u00e9h\u00e1ny olyan alap tud\u00e1sra, amely sajnos n\u00e9ha a civil \u00e9letben is seg\u00edtett m\u00e1r.<\/p>\n<p>Az egyik ilyen alkalommal egy aut\u00f3p\u00e1ly\u00e1n t\u00f6rt\u00e9nt balesethez az els\u0151k k\u00f6z\u00f6tt \u00e9rt\u00fcnk oda. Ekkor nagyon j\u00f3l j\u00f6tt mindaz, amit az aut\u00f3sportban tanultam, mind a hat\u00f3s\u00e1gok riaszt\u00e1s\u00e1ban, mind a k\u00f6zvetlen els\u0151seg\u00e9lyny\u00fajt\u00e1sban.<\/p>\n<p>De nem csak az aut\u00f3sport adott az \u00e9letemhez, a bring\u00e1z\u00e1s is. Manaps\u00e1g az aut\u00f3versenyeken a sportszer\u0171s\u00e9g fel\u00fcgyelete az egyik feladatom \u00e9s ehhez kapcsol\u00f3d\u00f3an is sokat tanultam azokb\u00f3l a helyzetekb\u0151l, amikor k\u00e9tker\u00e9ken gy\u0171jt\u00f6m a kilom\u00e9tereket. Ma m\u00e1r mondhatom, hogy \u00e9pp a teker\u00e9snek k\u00f6sz\u00f6nhet\u0151en k\u00f6zelebb ker\u00fcltem azokhoz az \u00e9rzelmi \u00e9s fizikai \u00e1llapotokhoz, amelyeket a versenyz\u0151k \u00e9lnek \u00e1t \u2013 sokkal intenz\u00edvebben \u2013 a versenyp\u00e1ly\u00e1n. Ma m\u00e1r tudom, hogy mit jelent hosszabban v\u00f6r\u00f6sz\u00f3n\u00e1ban lenni, illetve mi k\u00f6vetkezik ez ut\u00e1n.<\/p>\n<figure id=\"attachment_15669\" aria-describedby=\"caption-attachment-15669\" style=\"width: 1920px\" class=\"wp-caption alignnone\"><a href=\"https:\/\/d2p6e6u75xmxt8.cloudfront.net\/12\/2022\/08\/IMG_1405.JPG-scaled.jpg\"><img loading=\"lazy\" decoding=\"async\" class=\"size-extra-large wp-image-15669\" src=\"https:\/\/d2p6e6u75xmxt8.cloudfront.net\/12\/2022\/08\/IMG_1405.JPG-1920x1440.jpg\" alt=\"\" width=\"1920\" height=\"1440\" srcset=\"https:\/\/d2p6e6u75xmxt8.cloudfront.net\/12\/2022\/08\/IMG_1405.JPG-1920x1440.jpg 1920w, https:\/\/d2p6e6u75xmxt8.cloudfront.net\/12\/2022\/08\/IMG_1405.JPG-300x225.jpg 300w, https:\/\/d2p6e6u75xmxt8.cloudfront.net\/12\/2022\/08\/IMG_1405.JPG-1024x768.jpg 1024w, https:\/\/d2p6e6u75xmxt8.cloudfront.net\/12\/2022\/08\/IMG_1405.JPG-768x576.jpg 768w, https:\/\/d2p6e6u75xmxt8.cloudfront.net\/12\/2022\/08\/IMG_1405.JPG-1536x1152.jpg 1536w, https:\/\/d2p6e6u75xmxt8.cloudfront.net\/12\/2022\/08\/IMG_1405.JPG-2048x1536.jpg 2048w, https:\/\/d2p6e6u75xmxt8.cloudfront.net\/12\/2022\/08\/IMG_1405.JPG-1920x1440.jpg 1920w\" sizes=\"auto, (max-width: 1920px) 100vw, 1920px\" \/><\/a><figcaption id=\"caption-attachment-15669\" class=\"wp-caption-text\">Fot\u00f3: M\u00f3ni Istv\u00e1n<\/figcaption><\/figure>\n<p><strong>Mennyit tekersz \u00e1tlagosan egy h\u00e9ten? Hogyan tudod \u00f6sszeegyeztetni a sokszor k\u00fclf\u00f6ldi fel\u00fcgyel\u0151i munk\u00e1t a ker\u00e9kp\u00e1roz\u00e1ssal?<\/strong><\/p>\n<p>Ha minden j\u00f3l alakul \u00e9s nincs \u00e9ppen versenyem, akkor hetente h\u00e1romszor tekerek. K\u00e9t alkalommal 1-1 \u00f3r\u00e1t, illetve egyszer hosszabban. Mivel a versenyekre a bring\u00e1mat nem tudom magammal vinni, ez\u00e9rt azokon a h\u00e9tv\u00e9g\u00e9ken ez kiesik. R\u00e1ad\u00e1sul, ha t\u00e1voli versenyen vagyok, akkor az utaz\u00e1s miatt a h\u00e9tk\u00f6zi teker\u00e9sek is csorb\u00e1t szenvednek.<\/p>\n<p>\u00c9ppen emiatt \u2013 illetve amiatt, hogy egy kor\u00e1bbi versenyaut\u00f3s el\u00fct\u00e9sb\u0151l ered\u0151en van n\u00e9mi visszamaradt s\u00e9r\u00fcl\u00e9sem \u00e9s ez\u00e9rt m\u00e9g hobbi szinten sem tudok futni \u2013 egy \u201eB\u201d sportot keresek. Olyat, amit a versenyh\u00e9tv\u00e9g\u00e9ken is tudok \u0171zni, hogy ne maradjon ki a mozg\u00e1s. Ez most \u00fagy t\u0171nik, az \u00fasz\u00e1s lesz \u2013 47 \u00e9vesen \u00e1lltam neki \u00faszni tanulni.<\/p>\n<p>Mivel az aut\u00f3versenyek nagy r\u00e9sze tavasz k\u00f6zep\u00e9t\u0151l \u0151sz k\u00f6zep\u00e9ig tart, a ker\u00e9kp\u00e1r szezon \u2013 ahogy azt kor\u00e1bban is mondtam \u2013 sz\u00e1momra ink\u00e1bb \u0151szt\u0151l tavaszig tart, mintsem ford\u00edtva. Emiatt sokszor tekerek hidegben, esetleg es\u0151ben, de m\u00e1r nem csak megszoktam, meg is szerettem ezt. Persze ehhez az\u00e9rt kell n\u00e9mi mazochizmus.<\/p>\n<p><strong>T\u00e9ged ki inspir\u00e1l?<\/strong><\/p>\n<p>Sok nevet fel lehetne itt sorolni, de erre a k\u00e9rd\u00e9sre egy olyan v\u00e1laszom van, akinek a nev\u00e9t csupa nagybet\u0171vel \u00edrn\u00e1m, \u0151 L\u00c1SZL\u00d3 ATTILA.<\/p>\n<p>Attila sportb\u00edr\u00f3k\u00e9nt egy aut\u00f3versenyen egy baleset sor\u00e1n elvesz\u00edtette az egyik l\u00e1b\u00e1t. De nem adta fel, \u00e9s amellett, hogy parasportol\u00f3k\u00e9nt \u2013 t\u00f6bbek k\u00f6z\u00f6tt ker\u00e9kp\u00e1rversenyz\u0151k\u00e9nt \u2013 figyelemrem\u00e9lt\u00f3 eredm\u00e9nyeket \u00e9r el folyamatosan, visszat\u00e9rt az aut\u00f3sport p\u00e1ly\u00e1kra is. Csod\u00e1lom a sportteljes\u00edtm\u00e9nyeit \u00e9s a lelki erej\u00e9t.<\/p>\n<p><em>Ha ismersz olyan bring\u00e1st, akinek kij\u00e1r az elismer\u00e9s inspir\u00e1l\u00f3 teljes\u00edtm\u00e9nye miatt, \u00e9s \u00fagy gondolod, b\u00fcszk\u00e9n akasztan\u00e1 a nyak\u00e1ba a WLC Heroes \u00e9rm\u00e9t, \u00edrd meg nek\u00fcnk a\u00a0<\/em><a href=\"https:\/\/www.welovecycling.com\/hu\/wlc-heroes\/wlc-heroes-bakonyi-karpati-peter-aki-meg-sem-all-a-felhokig\/welovecycling@skoda.hu\"><em>welovecycling@skoda.hu<\/em><\/a><em>\u00a0e-mail c\u00edmre vagy\u00a0<\/em><a href=\"https:\/\/www.facebook.com\/WeLoveCyclingHungary\" target=\"_blank\" rel=\"noopener\"><em>Messenger \u00fczenetben<\/em><\/a><em>, hogy ki \u0151 \u00e9s mi\u00e9rt vagy r\u00e1 b\u00fcszke! Kiemelked\u0151 Strava-linkeket is v\u00e1runk! Magadat nevezn\u00e9d? Csak b\u00e1tran! \ud83d\ude42<\/em><\/p>\n","protected":false},"excerpt":{"rendered":"<p>Nem minden h\u0151s visel k\u00f6penyt: van, aki biciklisnadr\u00e1gban menti meg a vil\u00e1got. Strava klubunkban olyan teljes\u00edtm\u00e9nyeknek vagyunk szemtan\u00fai nap mint [&hellip;]<\/p>\n","protected":false},"author":145,"featured_media":15671,"comment_status":"open","ping_status":"open","sticky":false,"template":"","format":"standard","meta":{"footnotes":""},"categories":[467],"tags":[],"global-categories":[419],"class_list":["post-15666","post","type-post","status-publish","format-standard","has-post-thumbnail","hentry","category-wlc-heroes","global-categories-cycling"],"yoast_head":"<!-- This site is optimized with the Yoast SEO Premium plugin v25.3 (Yoast SEO v25.9) - https:\/\/yoast.com\/wordpress\/plugins\/seo\/ -->\n<title>WLC Heroes: M\u00f3ni Istv\u00e1n, akinek hivat\u00e1sa a sportszer\u0171s\u00e9g - \u0160koda We Love Cycling - Magyarorsz\u00e1g<\/title>\n<meta name=\"robots\" content=\"index, follow, max-snippet:-1, max-image-preview:large, max-video-preview:-1\" \/>\n<link rel=\"canonical\" href=\"https:\/\/www.welovecycling.com\/hu\/wlc-heroes\/wlc-heroes-moni-istvan-akinek-hivatasa-a-sportszeruseg\/\" \/>\n<meta property=\"og:locale\" content=\"hu_HU\" \/>\n<meta property=\"og:type\" content=\"article\" \/>\n<meta property=\"og:title\" content=\"WLC Heroes: M\u00f3ni Istv\u00e1n, akinek hivat\u00e1sa a sportszer\u0171s\u00e9g\" \/>\n<meta property=\"og:description\" content=\"Nem minden h\u0151s visel k\u00f6penyt: van, aki biciklisnadr\u00e1gban menti meg a vil\u00e1got. Strava klubunkban olyan teljes\u00edtm\u00e9nyeknek vagyunk szemtan\u00fai nap mint [&hellip;]\" \/>\n<meta property=\"og:url\" content=\"https:\/\/www.welovecycling.com\/hu\/wlc-heroes\/wlc-heroes-moni-istvan-akinek-hivatasa-a-sportszeruseg\/\" \/>\n<meta property=\"og:site_name\" content=\"\u0160koda We Love Cycling - Magyarorsz\u00e1g\" \/>\n<meta property=\"article:publisher\" content=\"https:\/\/www.facebook.com\/WeLoveCyclingHungary\/\" \/>\n<meta property=\"article:published_time\" content=\"2022-08-24T08:00:52+00:00\" \/>\n<meta property=\"og:image\" content=\"https:\/\/d2p6e6u75xmxt8.cloudfront.net\/12\/2022\/08\/MONI_ISTVAN_990x660_CIKK_UJ_JO.png\" \/>\n\t<meta property=\"og:image:width\" content=\"990\" \/>\n\t<meta property=\"og:image:height\" content=\"660\" \/>\n\t<meta property=\"og:image:type\" content=\"image\/png\" \/>\n<meta name=\"author\" content=\"kitti\" \/>\n<meta name=\"twitter:card\" content=\"summary_large_image\" \/>\n<meta name=\"twitter:label1\" content=\"Written by\" \/>\n\t<meta name=\"twitter:data1\" content=\"We Love Cycling\" \/>\n\t<meta name=\"twitter:label2\" content=\"Est. reading time\" \/>\n\t<meta name=\"twitter:data2\" content=\"8 minutes\" \/>\n<script type=\"application\/ld+json\" class=\"yoast-schema-graph\">{\"@context\":\"https:\/\/schema.org\",\"@graph\":[{\"@type\":\"WebPage\",\"@id\":\"https:\/\/www.welovecycling.com\/hu\/wlc-heroes\/wlc-heroes-moni-istvan-akinek-hivatasa-a-sportszeruseg\/\",\"url\":\"https:\/\/www.welovecycling.com\/hu\/wlc-heroes\/wlc-heroes-moni-istvan-akinek-hivatasa-a-sportszeruseg\/\",\"name\":\"WLC Heroes: M\u00f3ni Istv\u00e1n, akinek hivat\u00e1sa a sportszer\u0171s\u00e9g - \u0160koda We Love Cycling - Magyarorsz\u00e1g\",\"isPartOf\":{\"@id\":\"https:\/\/www.welovecycling.com\/hu\/#website\"},\"primaryImageOfPage\":{\"@id\":\"https:\/\/www.welovecycling.com\/hu\/wlc-heroes\/wlc-heroes-moni-istvan-akinek-hivatasa-a-sportszeruseg\/#primaryimage\"},\"image\":{\"@id\":\"https:\/\/www.welovecycling.com\/hu\/wlc-heroes\/wlc-heroes-moni-istvan-akinek-hivatasa-a-sportszeruseg\/#primaryimage\"},\"thumbnailUrl\":\"https:\/\/d2p6e6u75xmxt8.cloudfront.net\/12\/2022\/08\/MONI_ISTVAN_990x660_CIKK_UJ_JO.png\",\"datePublished\":\"2022-08-24T08:00:52+00:00\",\"author\":{\"@id\":\"https:\/\/www.welovecycling.com\/hu\/#\/schema\/person\/bec7dcdbcc59f58489cf603e4040ced1\"},\"breadcrumb\":{\"@id\":\"https:\/\/www.welovecycling.com\/hu\/wlc-heroes\/wlc-heroes-moni-istvan-akinek-hivatasa-a-sportszeruseg\/#breadcrumb\"},\"inLanguage\":\"hu\",\"potentialAction\":[{\"@type\":\"ReadAction\",\"target\":[\"https:\/\/www.welovecycling.com\/hu\/wlc-heroes\/wlc-heroes-moni-istvan-akinek-hivatasa-a-sportszeruseg\/\"]}]},{\"@type\":\"ImageObject\",\"inLanguage\":\"hu\",\"@id\":\"https:\/\/www.welovecycling.com\/hu\/wlc-heroes\/wlc-heroes-moni-istvan-akinek-hivatasa-a-sportszeruseg\/#primaryimage\",\"url\":\"https:\/\/d2p6e6u75xmxt8.cloudfront.net\/12\/2022\/08\/MONI_ISTVAN_990x660_CIKK_UJ_JO.png\",\"contentUrl\":\"https:\/\/d2p6e6u75xmxt8.cloudfront.net\/12\/2022\/08\/MONI_ISTVAN_990x660_CIKK_UJ_JO.png\",\"width\":990,\"height\":660},{\"@type\":\"BreadcrumbList\",\"@id\":\"https:\/\/www.welovecycling.com\/hu\/wlc-heroes\/wlc-heroes-moni-istvan-akinek-hivatasa-a-sportszeruseg\/#breadcrumb\",\"itemListElement\":[{\"@type\":\"ListItem\",\"position\":1,\"name\":\"Home\",\"item\":\"https:\/\/www.welovecycling.com\/hu\/\"},{\"@type\":\"ListItem\",\"position\":2,\"name\":\"WLC Heroes: M\u00f3ni Istv\u00e1n, akinek hivat\u00e1sa a sportszer\u0171s\u00e9g\"}]},{\"@type\":\"WebSite\",\"@id\":\"https:\/\/www.welovecycling.com\/hu\/#website\",\"url\":\"https:\/\/www.welovecycling.com\/hu\/\",\"name\":\"\u0160koda We Love Cycling - Magyarorsz\u00e1g\",\"description\":\"\u0160koda WeLoveCycling\",\"potentialAction\":[{\"@type\":\"SearchAction\",\"target\":{\"@type\":\"EntryPoint\",\"urlTemplate\":\"https:\/\/www.welovecycling.com\/hu\/?s={search_term_string}\"},\"query-input\":{\"@type\":\"PropertyValueSpecification\",\"valueRequired\":true,\"valueName\":\"search_term_string\"}}],\"inLanguage\":\"hu\"},{\"@type\":\"Person\",\"@id\":\"https:\/\/www.welovecycling.com\/hu\/#\/schema\/person\/bec7dcdbcc59f58489cf603e4040ced1\",\"name\":\"kitti\",\"image\":{\"@type\":\"ImageObject\",\"inLanguage\":\"hu\",\"@id\":\"https:\/\/www.welovecycling.com\/hu\/#\/schema\/person\/image\/\",\"url\":\"https:\/\/secure.gravatar.com\/avatar\/e3196a110e1b57b96f56d92d10ce9bb4e9d7210076832a16243337e949410b52?s=96&d=mm&r=g\",\"contentUrl\":\"https:\/\/secure.gravatar.com\/avatar\/e3196a110e1b57b96f56d92d10ce9bb4e9d7210076832a16243337e949410b52?s=96&d=mm&r=g\",\"caption\":\"kitti\"},\"url\":\"https:\/\/www.welovecycling.com\/hu\/author\/kitti\/\"}]}<\/script>\n<!-- \/ Yoast SEO Premium plugin. -->","yoast_head_json":{"title":"WLC Heroes: M\u00f3ni Istv\u00e1n, akinek hivat\u00e1sa a sportszer\u0171s\u00e9g - \u0160koda We Love Cycling - Magyarorsz\u00e1g","robots":{"index":"index","follow":"follow","max-snippet":"max-snippet:-1","max-image-preview":"max-image-preview:large","max-video-preview":"max-video-preview:-1"},"canonical":"https:\/\/www.welovecycling.com\/hu\/wlc-heroes\/wlc-heroes-moni-istvan-akinek-hivatasa-a-sportszeruseg\/","og_locale":"hu_HU","og_type":"article","og_title":"WLC Heroes: M\u00f3ni Istv\u00e1n, akinek hivat\u00e1sa a sportszer\u0171s\u00e9g","og_description":"Nem minden h\u0151s visel k\u00f6penyt: van, aki biciklisnadr\u00e1gban menti meg a vil\u00e1got. Strava klubunkban olyan teljes\u00edtm\u00e9nyeknek vagyunk szemtan\u00fai nap mint [&hellip;]","og_url":"https:\/\/www.welovecycling.com\/hu\/wlc-heroes\/wlc-heroes-moni-istvan-akinek-hivatasa-a-sportszeruseg\/","og_site_name":"\u0160koda We Love Cycling - Magyarorsz\u00e1g","article_publisher":"https:\/\/www.facebook.com\/WeLoveCyclingHungary\/","article_published_time":"2022-08-24T08:00:52+00:00","og_image":[{"width":990,"height":660,"url":"https:\/\/d2p6e6u75xmxt8.cloudfront.net\/12\/2022\/08\/MONI_ISTVAN_990x660_CIKK_UJ_JO.png","type":"image\/png"}],"author":"kitti","twitter_card":"summary_large_image","twitter_misc":{"Written by":"We Love Cycling","Est. reading time":"8 minutes"},"schema":{"@context":"https:\/\/schema.org","@graph":[{"@type":"WebPage","@id":"https:\/\/www.welovecycling.com\/hu\/wlc-heroes\/wlc-heroes-moni-istvan-akinek-hivatasa-a-sportszeruseg\/","url":"https:\/\/www.welovecycling.com\/hu\/wlc-heroes\/wlc-heroes-moni-istvan-akinek-hivatasa-a-sportszeruseg\/","name":"WLC Heroes: M\u00f3ni Istv\u00e1n, akinek hivat\u00e1sa a sportszer\u0171s\u00e9g - \u0160koda We Love Cycling - Magyarorsz\u00e1g","isPartOf":{"@id":"https:\/\/www.welovecycling.com\/hu\/#website"},"primaryImageOfPage":{"@id":"https:\/\/www.welovecycling.com\/hu\/wlc-heroes\/wlc-heroes-moni-istvan-akinek-hivatasa-a-sportszeruseg\/#primaryimage"},"image":{"@id":"https:\/\/www.welovecycling.com\/hu\/wlc-heroes\/wlc-heroes-moni-istvan-akinek-hivatasa-a-sportszeruseg\/#primaryimage"},"thumbnailUrl":"https:\/\/d2p6e6u75xmxt8.cloudfront.net\/12\/2022\/08\/MONI_ISTVAN_990x660_CIKK_UJ_JO.png","datePublished":"2022-08-24T08:00:52+00:00","author":{"@id":"https:\/\/www.welovecycling.com\/hu\/#\/schema\/person\/bec7dcdbcc59f58489cf603e4040ced1"},"breadcrumb":{"@id":"https:\/\/www.welovecycling.com\/hu\/wlc-heroes\/wlc-heroes-moni-istvan-akinek-hivatasa-a-sportszeruseg\/#breadcrumb"},"inLanguage":"hu","potentialAction":[{"@type":"ReadAction","target":["https:\/\/www.welovecycling.com\/hu\/wlc-heroes\/wlc-heroes-moni-istvan-akinek-hivatasa-a-sportszeruseg\/"]}]},{"@type":"ImageObject","inLanguage":"hu","@id":"https:\/\/www.welovecycling.com\/hu\/wlc-heroes\/wlc-heroes-moni-istvan-akinek-hivatasa-a-sportszeruseg\/#primaryimage","url":"https:\/\/d2p6e6u75xmxt8.cloudfront.net\/12\/2022\/08\/MONI_ISTVAN_990x660_CIKK_UJ_JO.png","contentUrl":"https:\/\/d2p6e6u75xmxt8.cloudfront.net\/12\/2022\/08\/MONI_ISTVAN_990x660_CIKK_UJ_JO.png","width":990,"height":660},{"@type":"BreadcrumbList","@id":"https:\/\/www.welovecycling.com\/hu\/wlc-heroes\/wlc-heroes-moni-istvan-akinek-hivatasa-a-sportszeruseg\/#breadcrumb","itemListElement":[{"@type":"ListItem","position":1,"name":"Home","item":"https:\/\/www.welovecycling.com\/hu\/"},{"@type":"ListItem","position":2,"name":"WLC Heroes: M\u00f3ni Istv\u00e1n, akinek hivat\u00e1sa a sportszer\u0171s\u00e9g"}]},{"@type":"WebSite","@id":"https:\/\/www.welovecycling.com\/hu\/#website","url":"https:\/\/www.welovecycling.com\/hu\/","name":"\u0160koda We Love Cycling - Magyarorsz\u00e1g","description":"\u0160koda WeLoveCycling","potentialAction":[{"@type":"SearchAction","target":{"@type":"EntryPoint","urlTemplate":"https:\/\/www.welovecycling.com\/hu\/?s={search_term_string}"},"query-input":{"@type":"PropertyValueSpecification","valueRequired":true,"valueName":"search_term_string"}}],"inLanguage":"hu"},{"@type":"Person","@id":"https:\/\/www.welovecycling.com\/hu\/#\/schema\/person\/bec7dcdbcc59f58489cf603e4040ced1","name":"kitti","image":{"@type":"ImageObject","inLanguage":"hu","@id":"https:\/\/www.welovecycling.com\/hu\/#\/schema\/person\/image\/","url":"https:\/\/secure.gravatar.com\/avatar\/e3196a110e1b57b96f56d92d10ce9bb4e9d7210076832a16243337e949410b52?s=96&d=mm&r=g","contentUrl":"https:\/\/secure.gravatar.com\/avatar\/e3196a110e1b57b96f56d92d10ce9bb4e9d7210076832a16243337e949410b52?s=96&d=mm&r=g","caption":"kitti"},"url":"https:\/\/www.welovecycling.com\/hu\/author\/kitti\/"}]}},"_links":{"self":[{"href":"https:\/\/www.welovecycling.com\/hu\/wp-json\/wp\/v2\/posts\/15666","targetHints":{"allow":["GET"]}}],"collection":[{"href":"https:\/\/www.welovecycling.com\/hu\/wp-json\/wp\/v2\/posts"}],"about":[{"href":"https:\/\/www.welovecycling.com\/hu\/wp-json\/wp\/v2\/types\/post"}],"author":[{"embeddable":true,"href":"https:\/\/www.welovecycling.com\/hu\/wp-json\/wp\/v2\/users\/145"}],"replies":[{"embeddable":true,"href":"https:\/\/www.welovecycling.com\/hu\/wp-json\/wp\/v2\/comments?post=15666"}],"version-history":[{"count":1,"href":"https:\/\/www.welovecycling.com\/hu\/wp-json\/wp\/v2\/posts\/15666\/revisions"}],"predecessor-version":[{"id":15672,"href":"https:\/\/www.welovecycling.com\/hu\/wp-json\/wp\/v2\/posts\/15666\/revisions\/15672"}],"wp:featuredmedia":[{"embeddable":true,"href":"https:\/\/www.welovecycling.com\/hu\/wp-json\/wp\/v2\/media\/15671"}],"wp:attachment":[{"href":"https:\/\/www.welovecycling.com\/hu\/wp-json\/wp\/v2\/media?parent=15666"}],"wp:term":[{"taxonomy":"category","embeddable":true,"href":"https:\/\/www.welovecycling.com\/hu\/wp-json\/wp\/v2\/categories?post=15666"},{"taxonomy":"post_tag","embeddable":true,"href":"https:\/\/www.welovecycling.com\/hu\/wp-json\/wp\/v2\/tags?post=15666"},{"taxonomy":"global-categories","embeddable":true,"href":"https:\/\/www.welovecycling.com\/hu\/wp-json\/wp\/v2\/global-categories?post=15666"}],"curies":[{"name":"wp","href":"https:\/\/api.w.org\/{rel}","templated":true}]}}