{"id":15658,"date":"2022-08-25T08:00:33","date_gmt":"2022-08-25T06:00:33","guid":{"rendered":"https:\/\/www.welovecycling.com\/hu\/?p=15658"},"modified":"2022-08-18T11:21:11","modified_gmt":"2022-08-18T09:21:11","slug":"ime-a-ferfi-aki-epp-most-nyert-400-liter-sort","status":"publish","type":"post","link":"https:\/\/www.welovecycling.com\/hu\/orszaguti-kerekpar\/ime-a-ferfi-aki-epp-most-nyert-400-liter-sort\/","title":{"rendered":"\u00cdme, a f\u00e9rfi, aki \u00e9pp most nyert 400 liter s\u00f6rt"},"content":{"rendered":"<p><strong>Az Arctic Race of Norway-en nem csak a p\u00e9nz \u00e9s a dics\u0151s\u00e9g a t\u00e9t.<\/strong><br \/>\n<!--more--><br \/>\nA norv\u00e9g ker\u00e9kp\u00e1rverseny finoman sz\u00f3lva nem a legrangosabb esem\u00e9ny a profik napt\u00e1r\u00e1ban, de ami preszt\u00edzsben hi\u00e1nyzik, azt p\u00f3tolja a hangulat.<\/p>\n<p>El\u0151sz\u00f6r is ez a mutatv\u00e1ny nyitotta meg a versenyt a k\u00f6z\u00f6ss\u00e9gi m\u00e9di\u00e1ban: egy vide\u00f3, amiben a csapatok a legmeggy\u0151z\u0151bb vikinghorda c\u00edm\u00e9rt harcoltak.<\/p>\n<div class=\"embed-controller-wrapper\">\n<blockquote class=\"twitter-tweet\" data-width=\"500\" data-dnt=\"true\">\n<p lang=\"en\" dir=\"ltr\">\u2694\ufe0f The Viking spirit has taken over the <a href=\"https:\/\/twitter.com\/hashtag\/ArcticRace?src=hash&amp;ref_src=twsrc%5Etfw\">#ArcticRace<\/a> peloton ahead of tomorrow! <a href=\"https:\/\/t.co\/3wL84bLgAD\">pic.twitter.com\/3wL84bLgAD<\/a><\/p>\n<p>&mdash; Arctic Race of Norway (@ArcticRaceofN) <a href=\"https:\/\/twitter.com\/ArcticRaceofN\/status\/1557417743988576256?ref_src=twsrc%5Etfw\">August 10, 2022<\/a><\/p><\/blockquote>\n<p><script async data-src=\"https:\/\/platform.twitter.com\/widgets.js\" charset=\"utf-8\"><\/script><\/div>\n<p>Ez a verseny \u2013 amit szerint\u00fcnk az Intermarch\u00e9 nyert, \u00e9s a China Glory vesz\u00edtett el legcs\u00fany\u00e1bban \u2013 csup\u00e1n el\u0151j\u00e1t\u00e9ka volt a t\u00e9nyleges megm\u00e9rettet\u00e9s n\u00e9gy szakasz\u00e1hoz. \u00c9szak-Norv\u00e9gia pomp\u00e1s t\u00e1jain vezetett v\u00e9gig, \u00e9s Mo i Rana-t\u00f3l Trondheim-ig a Team Cofidis domin\u00e1lt, miel\u0151tt Andreas Leknessund (DSM csapat) egyed\u00fcl nekiv\u00e1gott \u00e9s az utols\u00f3 szakaszon \u00e1tvette az \u00f6sszetett vezet\u00e9st.<\/p>\n<p>Leknessund gy\u0151zelm\u00e9vel folglakozott a legt\u00f6bbet a m\u00e9dia, pedig sokkal sz\u00f3rakoztat\u00f3bb pontjai is voltak a versenynek\u2026<\/p>\n<p>Vegy\u00fck p\u00e9ld\u00e1ul a 4. szakaszt, Spongdal v\u00e1ros\u00e1ban, ahol a 26 kilom\u00e9teres sprint nyertese 400 liter s\u00f6rt vihetett haza, a vil\u00e1g leg\u00e9szakibb s\u00f6rf\u0151zd\u00e9j\u00e9nek, a Macknek a j\u00f3volt\u00e1b\u00f3l.<\/p>\n<p>\u00c9s ez m\u00e9g csak nem is a verseny t\u00f6rt\u00e9nelm\u00e9nek legviccesebb d\u00edja: eg\u00e9szen tavalyig 500 kilogramm lazac volt a porondon. A szervez\u0151k szerint a Mack 150. \u00e9vfordul\u00f3ja alkalm\u00e1b\u00f3l cser\u00e9ltek id\u00e9n f\u00e9l tonna halat foly\u00e9kony keny\u00e9rre.<\/p>\n<figure id=\"attachment_15659\" aria-describedby=\"caption-attachment-15659\" style=\"width: 1024px\" class=\"wp-caption alignnone\"><img loading=\"lazy\" decoding=\"async\" class=\"size-large wp-image-15659\" src=\"https:\/\/d2p6e6u75xmxt8.cloudfront.net\/12\/2022\/08\/GettyImages-1333063461-1-1340x893-1-1024x682.jpg\" alt=\"\" width=\"1024\" height=\"682\" srcset=\"https:\/\/d2p6e6u75xmxt8.cloudfront.net\/12\/2022\/08\/GettyImages-1333063461-1-1340x893-1-1024x682.jpg 1024w, https:\/\/d2p6e6u75xmxt8.cloudfront.net\/12\/2022\/08\/GettyImages-1333063461-1-1340x893-1-300x200.jpg 300w, https:\/\/d2p6e6u75xmxt8.cloudfront.net\/12\/2022\/08\/GettyImages-1333063461-1-1340x893-1-768x512.jpg 768w, https:\/\/d2p6e6u75xmxt8.cloudfront.net\/12\/2022\/08\/GettyImages-1333063461-1-1340x893-1-272x182.jpg 272w, https:\/\/d2p6e6u75xmxt8.cloudfront.net\/12\/2022\/08\/GettyImages-1333063461-1-1340x893-1.jpg 1340w\" sizes=\"auto, (max-width: 1024px) 100vw, 1024px\" \/><figcaption id=\"caption-attachment-15659\" class=\"wp-caption-text\">Igaz\u00e1n ikonikus nyerem\u00e9ny 500 kg norv\u00e9g lazac. Tavaly Frederik Dversnes vihette haza. Fot\u00f3: Stuart Franklin\/Getty Images)<\/figcaption><\/figure>\n<p>N\u00e9gysz\u00e1z liter s\u00f6r a vil\u00e1g b\u00e1rmely pontj\u00e1n soknak sz\u00e1m\u00edt, Norv\u00e9gi\u00e1ban viszont, ahol h\u00edresen dr\u00e1ga ez az ital, k\u00fcl\u00f6n\u00f6sen. A CyclingTips gyors kutat\u00e1sa sor\u00e1n arra jutott, hogy mivel a Mack legolcs\u00f3bb s\u00f6re, az Artic Beer f\u00e9l literes kiszerel\u00e9sben 31,9 korona, egy hatos csomag\u00e9 pedig 191,40 NOK, 400 liter pedig k\u00f6r\u00fclbel\u00fcl 133 db hatos pakkot jelent, a nyerem\u00e9ny \u00e9rt\u00e9ke t\u00f6bb mint 25.000 korona, vagyis 1 019\u00a0917 forint. Norv\u00e9gia k\u00fclv\u00e1rosi szupermarketeinek h\u0171t\u0151szekr\u00e9nyeiben ezek a hatos csomagok raklapokra vannak felhalmozva, egy teljes ilyen raklap valamivel kevesebb s\u00f6rt jelent, mint amennyi a verseny nyerem\u00e9nye.<\/p>\n<p>Ez sok s\u00f6r. Nagyon sok.<\/p>\n<p>\u00c9s a gy\u0151ztes? Nos, az Israel-Premier Tech szomjasnak t\u0171nt \u00e9s nagyon k\u00fczd\u00f6tt a sprintben, de Axel Zingle (Cofidis) els\u00f6p\u00f6rt mellett\u00fck, \u00e9s k\u00f6nnyed\u00e9n megszerezte a zs\u00e1km\u00e1nyt. Vajon tudta, milyen iszonyat mennyis\u00e9g\u0171 s\u00f6rt kell hazavinnie?<\/p>\n<figure id=\"attachment_15660\" aria-describedby=\"caption-attachment-15660\" style=\"width: 690px\" class=\"wp-caption alignnone\"><img loading=\"lazy\" decoding=\"async\" class=\"size-large wp-image-15660\" src=\"https:\/\/d2p6e6u75xmxt8.cloudfront.net\/12\/2022\/08\/GettyImages-1414812339-690x1024.jpg\" alt=\"\" width=\"690\" height=\"1024\" srcset=\"https:\/\/d2p6e6u75xmxt8.cloudfront.net\/12\/2022\/08\/GettyImages-1414812339-690x1024.jpg 690w, https:\/\/d2p6e6u75xmxt8.cloudfront.net\/12\/2022\/08\/GettyImages-1414812339-202x300.jpg 202w, https:\/\/d2p6e6u75xmxt8.cloudfront.net\/12\/2022\/08\/GettyImages-1414812339-768x1140.jpg 768w, https:\/\/d2p6e6u75xmxt8.cloudfront.net\/12\/2022\/08\/GettyImages-1414812339-1034x1536.jpg 1034w, https:\/\/d2p6e6u75xmxt8.cloudfront.net\/12\/2022\/08\/GettyImages-1414812339.jpg 1293w\" sizes=\"auto, (max-width: 690px) 100vw, 690px\" \/><figcaption id=\"caption-attachment-15660\" class=\"wp-caption-text\">Fot\u00f3: Michael Steele\/Getty Images<\/figcaption><\/figure>\n<p>Szerencs\u00e9re van seg\u00edts\u00e9ge, \u00e9s az eg\u00e9sz csapat kivette a r\u00e9sz\u00e9t a s\u00f6r egy r\u00e9sz\u00e9nek elfogyaszt\u00e1s\u00e1b\u00f3l, ahogy annak lennie is kell. A marad\u00e9kot a Mack a csapat Lille-i f\u0151hadisz\u00e1ll\u00e1s\u00e1ra sz\u00e1ll\u00edtja, ami igaz\u00e1n kedves gesztus.<\/p>\n<p><em>Bor\u00edt\u00f3k\u00e9p: JONATHAN NACKSTRAND\/AFP via Getty Images<br \/>\n<\/em><em>Forr\u00e1s: <\/em><a href=\"https:\/\/cyclingtips.com\/2022\/08\/this-is-a-man-who-just-won-400-litres-of-beer\/\"><em>cyclingtips.com<\/em><\/a><\/p>\n","protected":false},"excerpt":{"rendered":"<p>Az Arctic Race of Norway-en nem csak a p\u00e9nz \u00e9s a dics\u0151s\u00e9g a t\u00e9t.<\/p>\n","protected":false},"author":71,"featured_media":15662,"comment_status":"open","ping_status":"open","sticky":false,"template":"","format":"standard","meta":{"footnotes":""},"categories":[8],"tags":[],"global-categories":[],"class_list":["post-15658","post","type-post","status-publish","format-standard","has-post-thumbnail","hentry","category-orszaguti-kerekpar"],"yoast_head":"<!-- This site is optimized with the Yoast SEO Premium plugin v25.3 (Yoast SEO v25.9) - https:\/\/yoast.com\/wordpress\/plugins\/seo\/ -->\n<title>\u00cdme, a f\u00e9rfi, aki \u00e9pp most nyert 400 liter s\u00f6rt<\/title>\n<meta name=\"description\" content=\"Az Arctic Race of Norway-en nem csak a p\u00e9nz \u00e9s a dics\u0151s\u00e9g a t\u00e9t.\" \/>\n<meta name=\"robots\" content=\"index, follow, max-snippet:-1, max-image-preview:large, max-video-preview:-1\" \/>\n<link rel=\"canonical\" href=\"https:\/\/www.welovecycling.com\/hu\/orszaguti-kerekpar\/ime-a-ferfi-aki-epp-most-nyert-400-liter-sort\/\" \/>\n<meta property=\"og:locale\" content=\"hu_HU\" \/>\n<meta property=\"og:type\" content=\"article\" \/>\n<meta property=\"og:title\" content=\"\u00cdme, a f\u00e9rfi, aki \u00e9pp most nyert 400 liter s\u00f6rt\" \/>\n<meta property=\"og:description\" content=\"Az Arctic Race of Norway-en nem csak a p\u00e9nz \u00e9s a dics\u0151s\u00e9g a t\u00e9t.\" \/>\n<meta property=\"og:url\" content=\"https:\/\/www.welovecycling.com\/hu\/orszaguti-kerekpar\/ime-a-ferfi-aki-epp-most-nyert-400-liter-sort\/\" \/>\n<meta property=\"og:site_name\" content=\"\u0160koda We Love Cycling - Magyarorsz\u00e1g\" \/>\n<meta property=\"article:publisher\" content=\"https:\/\/www.facebook.com\/WeLoveCyclingHungary\/\" \/>\n<meta property=\"article:published_time\" content=\"2022-08-25T06:00:33+00:00\" \/>\n<meta property=\"og:image\" content=\"https:\/\/d2p6e6u75xmxt8.cloudfront.net\/12\/2022\/08\/GettyImages-1242437755-1340x893-1.jpg\" \/>\n\t<meta property=\"og:image:width\" content=\"1340\" \/>\n\t<meta property=\"og:image:height\" content=\"893\" \/>\n\t<meta property=\"og:image:type\" content=\"image\/jpeg\" \/>\n<meta name=\"author\" content=\"hegyizs\" \/>\n<meta name=\"twitter:card\" content=\"summary_large_image\" \/>\n<meta name=\"twitter:label1\" content=\"Written by\" \/>\n\t<meta name=\"twitter:data1\" content=\"WLC\" \/>\n\t<meta name=\"twitter:label2\" content=\"Est. reading time\" \/>\n\t<meta name=\"twitter:data2\" content=\"3 minutes\" \/>\n<script type=\"application\/ld+json\" class=\"yoast-schema-graph\">{\"@context\":\"https:\/\/schema.org\",\"@graph\":[{\"@type\":\"WebPage\",\"@id\":\"https:\/\/www.welovecycling.com\/hu\/orszaguti-kerekpar\/ime-a-ferfi-aki-epp-most-nyert-400-liter-sort\/\",\"url\":\"https:\/\/www.welovecycling.com\/hu\/orszaguti-kerekpar\/ime-a-ferfi-aki-epp-most-nyert-400-liter-sort\/\",\"name\":\"\u00cdme, a f\u00e9rfi, aki \u00e9pp most nyert 400 liter s\u00f6rt\",\"isPartOf\":{\"@id\":\"https:\/\/www.welovecycling.com\/hu\/#website\"},\"primaryImageOfPage\":{\"@id\":\"https:\/\/www.welovecycling.com\/hu\/orszaguti-kerekpar\/ime-a-ferfi-aki-epp-most-nyert-400-liter-sort\/#primaryimage\"},\"image\":{\"@id\":\"https:\/\/www.welovecycling.com\/hu\/orszaguti-kerekpar\/ime-a-ferfi-aki-epp-most-nyert-400-liter-sort\/#primaryimage\"},\"thumbnailUrl\":\"https:\/\/d2p6e6u75xmxt8.cloudfront.net\/12\/2022\/08\/GettyImages-1242437755-1340x893-1.jpg\",\"datePublished\":\"2022-08-25T06:00:33+00:00\",\"author\":{\"@id\":\"https:\/\/www.welovecycling.com\/hu\/#\/schema\/person\/414a2aebf1801691a5320edb6468e194\"},\"description\":\"Az Arctic Race of Norway-en nem csak a p\u00e9nz \u00e9s a dics\u0151s\u00e9g a t\u00e9t.\",\"breadcrumb\":{\"@id\":\"https:\/\/www.welovecycling.com\/hu\/orszaguti-kerekpar\/ime-a-ferfi-aki-epp-most-nyert-400-liter-sort\/#breadcrumb\"},\"inLanguage\":\"hu\",\"potentialAction\":[{\"@type\":\"ReadAction\",\"target\":[\"https:\/\/www.welovecycling.com\/hu\/orszaguti-kerekpar\/ime-a-ferfi-aki-epp-most-nyert-400-liter-sort\/\"]}]},{\"@type\":\"ImageObject\",\"inLanguage\":\"hu\",\"@id\":\"https:\/\/www.welovecycling.com\/hu\/orszaguti-kerekpar\/ime-a-ferfi-aki-epp-most-nyert-400-liter-sort\/#primaryimage\",\"url\":\"https:\/\/d2p6e6u75xmxt8.cloudfront.net\/12\/2022\/08\/GettyImages-1242437755-1340x893-1.jpg\",\"contentUrl\":\"https:\/\/d2p6e6u75xmxt8.cloudfront.net\/12\/2022\/08\/GettyImages-1242437755-1340x893-1.jpg\",\"width\":1340,\"height\":893},{\"@type\":\"BreadcrumbList\",\"@id\":\"https:\/\/www.welovecycling.com\/hu\/orszaguti-kerekpar\/ime-a-ferfi-aki-epp-most-nyert-400-liter-sort\/#breadcrumb\",\"itemListElement\":[{\"@type\":\"ListItem\",\"position\":1,\"name\":\"Home\",\"item\":\"https:\/\/www.welovecycling.com\/hu\/\"},{\"@type\":\"ListItem\",\"position\":2,\"name\":\"\u00cdme, a f\u00e9rfi, aki \u00e9pp most nyert 400 liter s\u00f6rt\"}]},{\"@type\":\"WebSite\",\"@id\":\"https:\/\/www.welovecycling.com\/hu\/#website\",\"url\":\"https:\/\/www.welovecycling.com\/hu\/\",\"name\":\"\u0160koda We Love Cycling - Magyarorsz\u00e1g\",\"description\":\"\u0160koda WeLoveCycling\",\"potentialAction\":[{\"@type\":\"SearchAction\",\"target\":{\"@type\":\"EntryPoint\",\"urlTemplate\":\"https:\/\/www.welovecycling.com\/hu\/?s={search_term_string}\"},\"query-input\":{\"@type\":\"PropertyValueSpecification\",\"valueRequired\":true,\"valueName\":\"search_term_string\"}}],\"inLanguage\":\"hu\"},{\"@type\":\"Person\",\"@id\":\"https:\/\/www.welovecycling.com\/hu\/#\/schema\/person\/414a2aebf1801691a5320edb6468e194\",\"name\":\"hegyizs\",\"image\":{\"@type\":\"ImageObject\",\"inLanguage\":\"hu\",\"@id\":\"https:\/\/www.welovecycling.com\/hu\/#\/schema\/person\/image\/\",\"url\":\"https:\/\/secure.gravatar.com\/avatar\/02cf8a7906b8cf90cecb4679defac7cfd33a1c2e3b88e4903d947f3bb58eedd3?s=96&d=mm&r=g\",\"contentUrl\":\"https:\/\/secure.gravatar.com\/avatar\/02cf8a7906b8cf90cecb4679defac7cfd33a1c2e3b88e4903d947f3bb58eedd3?s=96&d=mm&r=g\",\"caption\":\"hegyizs\"},\"url\":\"https:\/\/www.welovecycling.com\/hu\/author\/hegyizs\/\"}]}<\/script>\n<!-- \/ Yoast SEO Premium plugin. -->","yoast_head_json":{"title":"\u00cdme, a f\u00e9rfi, aki \u00e9pp most nyert 400 liter s\u00f6rt","description":"Az Arctic Race of Norway-en nem csak a p\u00e9nz \u00e9s a dics\u0151s\u00e9g a t\u00e9t.","robots":{"index":"index","follow":"follow","max-snippet":"max-snippet:-1","max-image-preview":"max-image-preview:large","max-video-preview":"max-video-preview:-1"},"canonical":"https:\/\/www.welovecycling.com\/hu\/orszaguti-kerekpar\/ime-a-ferfi-aki-epp-most-nyert-400-liter-sort\/","og_locale":"hu_HU","og_type":"article","og_title":"\u00cdme, a f\u00e9rfi, aki \u00e9pp most nyert 400 liter s\u00f6rt","og_description":"Az Arctic Race of Norway-en nem csak a p\u00e9nz \u00e9s a dics\u0151s\u00e9g a t\u00e9t.","og_url":"https:\/\/www.welovecycling.com\/hu\/orszaguti-kerekpar\/ime-a-ferfi-aki-epp-most-nyert-400-liter-sort\/","og_site_name":"\u0160koda We Love Cycling - Magyarorsz\u00e1g","article_publisher":"https:\/\/www.facebook.com\/WeLoveCyclingHungary\/","article_published_time":"2022-08-25T06:00:33+00:00","og_image":[{"width":1340,"height":893,"url":"https:\/\/d2p6e6u75xmxt8.cloudfront.net\/12\/2022\/08\/GettyImages-1242437755-1340x893-1.jpg","type":"image\/jpeg"}],"author":"hegyizs","twitter_card":"summary_large_image","twitter_misc":{"Written by":"WLC","Est. reading time":"3 minutes"},"schema":{"@context":"https:\/\/schema.org","@graph":[{"@type":"WebPage","@id":"https:\/\/www.welovecycling.com\/hu\/orszaguti-kerekpar\/ime-a-ferfi-aki-epp-most-nyert-400-liter-sort\/","url":"https:\/\/www.welovecycling.com\/hu\/orszaguti-kerekpar\/ime-a-ferfi-aki-epp-most-nyert-400-liter-sort\/","name":"\u00cdme, a f\u00e9rfi, aki \u00e9pp most nyert 400 liter s\u00f6rt","isPartOf":{"@id":"https:\/\/www.welovecycling.com\/hu\/#website"},"primaryImageOfPage":{"@id":"https:\/\/www.welovecycling.com\/hu\/orszaguti-kerekpar\/ime-a-ferfi-aki-epp-most-nyert-400-liter-sort\/#primaryimage"},"image":{"@id":"https:\/\/www.welovecycling.com\/hu\/orszaguti-kerekpar\/ime-a-ferfi-aki-epp-most-nyert-400-liter-sort\/#primaryimage"},"thumbnailUrl":"https:\/\/d2p6e6u75xmxt8.cloudfront.net\/12\/2022\/08\/GettyImages-1242437755-1340x893-1.jpg","datePublished":"2022-08-25T06:00:33+00:00","author":{"@id":"https:\/\/www.welovecycling.com\/hu\/#\/schema\/person\/414a2aebf1801691a5320edb6468e194"},"description":"Az Arctic Race of Norway-en nem csak a p\u00e9nz \u00e9s a dics\u0151s\u00e9g a t\u00e9t.","breadcrumb":{"@id":"https:\/\/www.welovecycling.com\/hu\/orszaguti-kerekpar\/ime-a-ferfi-aki-epp-most-nyert-400-liter-sort\/#breadcrumb"},"inLanguage":"hu","potentialAction":[{"@type":"ReadAction","target":["https:\/\/www.welovecycling.com\/hu\/orszaguti-kerekpar\/ime-a-ferfi-aki-epp-most-nyert-400-liter-sort\/"]}]},{"@type":"ImageObject","inLanguage":"hu","@id":"https:\/\/www.welovecycling.com\/hu\/orszaguti-kerekpar\/ime-a-ferfi-aki-epp-most-nyert-400-liter-sort\/#primaryimage","url":"https:\/\/d2p6e6u75xmxt8.cloudfront.net\/12\/2022\/08\/GettyImages-1242437755-1340x893-1.jpg","contentUrl":"https:\/\/d2p6e6u75xmxt8.cloudfront.net\/12\/2022\/08\/GettyImages-1242437755-1340x893-1.jpg","width":1340,"height":893},{"@type":"BreadcrumbList","@id":"https:\/\/www.welovecycling.com\/hu\/orszaguti-kerekpar\/ime-a-ferfi-aki-epp-most-nyert-400-liter-sort\/#breadcrumb","itemListElement":[{"@type":"ListItem","position":1,"name":"Home","item":"https:\/\/www.welovecycling.com\/hu\/"},{"@type":"ListItem","position":2,"name":"\u00cdme, a f\u00e9rfi, aki \u00e9pp most nyert 400 liter s\u00f6rt"}]},{"@type":"WebSite","@id":"https:\/\/www.welovecycling.com\/hu\/#website","url":"https:\/\/www.welovecycling.com\/hu\/","name":"\u0160koda We Love Cycling - Magyarorsz\u00e1g","description":"\u0160koda WeLoveCycling","potentialAction":[{"@type":"SearchAction","target":{"@type":"EntryPoint","urlTemplate":"https:\/\/www.welovecycling.com\/hu\/?s={search_term_string}"},"query-input":{"@type":"PropertyValueSpecification","valueRequired":true,"valueName":"search_term_string"}}],"inLanguage":"hu"},{"@type":"Person","@id":"https:\/\/www.welovecycling.com\/hu\/#\/schema\/person\/414a2aebf1801691a5320edb6468e194","name":"hegyizs","image":{"@type":"ImageObject","inLanguage":"hu","@id":"https:\/\/www.welovecycling.com\/hu\/#\/schema\/person\/image\/","url":"https:\/\/secure.gravatar.com\/avatar\/02cf8a7906b8cf90cecb4679defac7cfd33a1c2e3b88e4903d947f3bb58eedd3?s=96&d=mm&r=g","contentUrl":"https:\/\/secure.gravatar.com\/avatar\/02cf8a7906b8cf90cecb4679defac7cfd33a1c2e3b88e4903d947f3bb58eedd3?s=96&d=mm&r=g","caption":"hegyizs"},"url":"https:\/\/www.welovecycling.com\/hu\/author\/hegyizs\/"}]}},"_links":{"self":[{"href":"https:\/\/www.welovecycling.com\/hu\/wp-json\/wp\/v2\/posts\/15658","targetHints":{"allow":["GET"]}}],"collection":[{"href":"https:\/\/www.welovecycling.com\/hu\/wp-json\/wp\/v2\/posts"}],"about":[{"href":"https:\/\/www.welovecycling.com\/hu\/wp-json\/wp\/v2\/types\/post"}],"author":[{"embeddable":true,"href":"https:\/\/www.welovecycling.com\/hu\/wp-json\/wp\/v2\/users\/71"}],"replies":[{"embeddable":true,"href":"https:\/\/www.welovecycling.com\/hu\/wp-json\/wp\/v2\/comments?post=15658"}],"version-history":[{"count":2,"href":"https:\/\/www.welovecycling.com\/hu\/wp-json\/wp\/v2\/posts\/15658\/revisions"}],"predecessor-version":[{"id":15664,"href":"https:\/\/www.welovecycling.com\/hu\/wp-json\/wp\/v2\/posts\/15658\/revisions\/15664"}],"wp:featuredmedia":[{"embeddable":true,"href":"https:\/\/www.welovecycling.com\/hu\/wp-json\/wp\/v2\/media\/15662"}],"wp:attachment":[{"href":"https:\/\/www.welovecycling.com\/hu\/wp-json\/wp\/v2\/media?parent=15658"}],"wp:term":[{"taxonomy":"category","embeddable":true,"href":"https:\/\/www.welovecycling.com\/hu\/wp-json\/wp\/v2\/categories?post=15658"},{"taxonomy":"post_tag","embeddable":true,"href":"https:\/\/www.welovecycling.com\/hu\/wp-json\/wp\/v2\/tags?post=15658"},{"taxonomy":"global-categories","embeddable":true,"href":"https:\/\/www.welovecycling.com\/hu\/wp-json\/wp\/v2\/global-categories?post=15658"}],"curies":[{"name":"wp","href":"https:\/\/api.w.org\/{rel}","templated":true}]}}