{"id":15639,"date":"2022-08-22T08:00:23","date_gmt":"2022-08-22T06:00:23","guid":{"rendered":"https:\/\/www.welovecycling.com\/hu\/?p=15639"},"modified":"2022-08-18T11:19:37","modified_gmt":"2022-08-18T09:19:37","slug":"az-5-legjobb-csaladi-bringapark-europaban","status":"publish","type":"post","link":"https:\/\/www.welovecycling.com\/hu\/csalad\/az-5-legjobb-csaladi-bringapark-europaban\/","title":{"rendered":"Az 5 legjobb csal\u00e1di bringapark Eur\u00f3p\u00e1ban"},"content":{"rendered":"<p><strong>Ha \u00e9leted legjobb kalandjai a montid nyerg\u00e9ben \u00e9rnek, biztosan szeretn\u00e9d, hogy gyermekeid is veled \u00e9lvezz\u00e9k a sportot. Ha bring\u00e1s nyaral\u00e1st tervezel, ez a legjobb m\u00f3dja annak, hogy bevond a kicsiket! M\u00e1r indul\u00e1s el\u0151tt, t\u00e9rk\u00e9pezd fel, hogy a kiv\u00e1lasztott hely alkalmas-e a kezd\u0151 biciklisek \u00f6nbizalm\u00e1nak er\u0151s\u00edt\u00e9s\u00e9re, \u00e9s a kis l\u00e1baknak is biztos\u00edt-e megfelel\u0151 m\u00e9ret\u0171 \u00f6sv\u00e9nyeket. \u00d6ssze\u00e1ll\u00edtottunk egy list\u00e1t Eur\u00f3pa csal\u00e1d bringaparkjair\u00f3l!<\/strong><\/p>\n<p><!--more--><\/p>\n<h2><strong>Les Portes du Soleil, Franciaorsz\u00e1g\/Sv\u00e1jc<\/strong><\/h2>\n<p>Kezdj\u00fck az egyik legjobbal: a Portes du Soleil Eur\u00f3pa legnagyobb mountain bike parkja, 600 kilom\u00e9ternyi lejt\u0151t \u00f6lel fel, \u00e9s 4 nemzetk\u00f6zileg elismert ker\u00e9kp\u00e1rparknak ad otthont. A 22 hegyi felvon\u00f3val \u00e9s az ugyanennyi bej\u00e1rattal nem lesz hi\u00e1ny sz\u00f3rakoz\u00e1si lehet\u0151s\u00e9gekben ebben az izgalmas alpesi \u00fcd\u00fcl\u0151helyen.<\/p>\n<p>https:\/\/www.instagram.com\/p\/CfWmzQKo9no\/<\/p>\n<p>A <strong>Bike Park Les Gets<\/strong> egy olyan park a k\u00f6rny\u00e9ken, ahol a gyerekek garant\u00e1ltan j\u00f3l \u00e9rzik magukat, tele kezd\u0151knek szentelt \u00f6sv\u00e9nyekkel, \u00e9s m\u00e9g t\u00f6bbel a profiknak. Egy mini ugr\u00f3park \u00e9s egy dedik\u00e1lt gyerekz\u00f3na is az apr\u00f3 kerekeknek kedvez. Nem egy, nem kett\u0151, hanem HAT szak\u00fczletben lehet biciklit b\u00e9relni, \u00edgy m\u00e9g ha felk\u00e9sz\u00fcletlen\u00fcl bukkantok is fel az utaz\u00e1s z\u0171rzavara ut\u00e1n, akkor is megtal\u00e1lsz mindent, amire sz\u00fcks\u00e9getek van.<\/p>\n<p>Az <strong>Avoriaz 1800 BikePark <\/strong>olyan csal\u00e1dok sz\u00e1m\u00e1ra is megfelel\u0151, akik szeretnek downhillezni, \u00e9s a gyerekek is sz\u00edvesen megtanuln\u00e1k ezt a tudom\u00e1nyt. M\u00e9g egy piknikez\u0151hely is tal\u00e1lhat\u00f3 itt, \u00f6nkiszolg\u00e1l\u00f3 grillez\u00e9si lehet\u0151s\u00e9gekkel, \u00edgy az eg\u00e9sz napot a parkban t\u00f6lthetitek utazgat\u00e1s helyett.<\/p>\n<h2><strong>Bike Park Wales, Wales, Egyes\u00fclt Kir\u00e1lys\u00e1g<\/strong><\/h2>\n<p>Az \u00e9szak-walesi sz\u00e9khely\u0171, minden ig\u00e9nyt kiel\u00e9g\u00edt\u0151 ker\u00e9kp\u00e1rpark nagyszer\u0171 csal\u00e1dbar\u00e1t lehet\u0151s\u00e9geket k\u00edn\u00e1l. Hatalmas, t\u00f6bb mint 40 \u00f6sv\u00e9nyb\u0151l \u00e1ll\u00f3 h\u00e1l\u00f3zata minden id\u0151j\u00e1r\u00e1si k\u00f6r\u00fclm\u00e9ny k\u00f6z\u00f6tt haszn\u00e1lhat\u00f3 \u2013 lehetetlen itt unatkozni.<\/p>\n<p>A kicsik sz\u00e1m\u00e1ra a minibuszokkal t\u00f6rt\u00e9n\u0151 hegymenet lesz a legnagyobb \u00f6r\u00f6m, hiszen felvon\u00f3val sokkal vesz\u00e9lyesebb lenne feljutni a 491 m\u00e9teres magass\u00e1gokba. Ha pedig m\u00e1r fent vagytok, megeb\u00e9delhettek a Woodland Caf\u00e9ban vagy sz\u00e1guldhattok is lefel\u00e9.<\/p>\n<p>Azon a fiatalok sz\u00e1m\u00e1ra, akik szeretn\u00e9k elsaj\u00e1t\u00edtani az ereszked\u00e9s t\u00f6k\u00e9letes technik\u00e1j\u00e1t, edz\u0151k \u00e1llnak rendelkez\u00e9sre.<\/p>\n<h2><strong>BIKE REPUBLIC S\u00d6LDEN, Ausztria<\/strong><\/h2>\n<p>A BIKE REPUBLIC S\u00f6ldenben, a tiroli \u00d6tztal v\u00f6lgy\u00e9ben remek hely csal\u00e1dok sz\u00e1m\u00e1ra. A ker\u00e9kp\u00e1rpark szeretettel v\u00e1r mindenkit, a 3 \u00e9ves p\u00f3tkerekes gyerekekt\u0151l kezdve a tapasztalt freeriderekig. Pump p\u00e1ly\u00e1k seg\u00edtenek a ker\u00e9kp\u00e1rkezel\u00e9s fejleszt\u00e9s\u00e9ben, bar\u00e1ts\u00e1gos ker\u00e9kp\u00e1rutak ny\u00fajtanak b\u00e9k\u00e9s k\u00f6rnyezetet k\u00f6nnyed t\u00far\u00e1khoz, gyerekpark \u00e9s medence v\u00e1rja a kicsiket.<\/p>\n<p>Amikor bel\u00e9psz a BIKE REPUBLIC-ba, polg\u00e1r\u00e1v\u00e1 v\u00e1lsz \u00e9s gy\u0171jtheted a v\u00edzumot jelk\u00e9pez\u0151 b\u00e9lyegeket. Minden 6, 12, 18 vagy 28 b\u00e9lyeg ut\u00e1n aj\u00e1nd\u00e9k j\u00e1r! Szuper motiv\u00e1ci\u00f3 ez a gyerekeknek!<\/p>\n<p>https:\/\/www.instagram.com\/p\/Cgj9ffmIS8s\/<\/p>\n<p>N\u00f6veld a csemet\u00e9k \u00f6nbizalm\u00e1t a ker\u00e9kp\u00e1roz\u00e1s gyakorl\u00e1s\u00e1val, ha pedig elf\u00e1radnak, v\u00e1lasszatok m\u00e1s tev\u00e9kenys\u00e9get a k\u00f6rny\u00e9ken! K\u00f3stolj\u00e1tok meg a helyi fagyikat vagy l\u00e1togassatok el a Ragad\u00f3z\u00f3madarak Parkj\u00e1ba!<\/p>\n<h2><strong>Antur Stiniog, Wales, Egyes\u00fclt Kir\u00e1lys\u00e1g<\/strong><\/h2>\n<p>A Sports Wales \u00e1ltal finansz\u00edrozott non-profit t\u00e1rsadalmi v\u00e1llalkoz\u00e1s v\u00edzi\u00f3ja egy k\u00fclt\u00e9ri sportk\u00f6zpont fejleszt\u00e9se volt, amikor megalkott\u00e1k a ker\u00e9kp\u00e1rparkot, mely minden koroszt\u00e1ly sz\u00e1m\u00e1ra megfelel\u0151 p\u00e1ly\u00e1kat \u00e9s \u00fatvonalakat rejt.<\/p>\n<p>A felvon\u00f3knak k\u00f6sz\u00f6nhet\u0151en nem neh\u00e9z feljutni a hegytet\u0151kre, a gyerekeknek k\u00e9sz\u00fclt Kids Club pedig egy vil\u00e1gh\u00edr\u0171 hegyi ker\u00e9kp\u00e1ros ter\u00fclet.<\/p>\n<h2><strong>Whinlatter Forest Park, Anglia, Egyes\u00fclt Kir\u00e1lys\u00e1g<\/strong><\/h2>\n<p>Az angol t\u00f3vid\u00e9ken tal\u00e1lhat\u00f3 Whinlatter ad otthont a k\u00f6rny\u00e9k leghosszabb \u00e9p\u00edtett mountain bike-\u00f6sv\u00e9nyeinek. L\u00e1togat\u00f3k\u00f6zpontj\u00e1val, ker\u00e9kp\u00e1rb\u00e9rl\u00e9si lehet\u0151s\u00e9gekkel, nagyszer\u0171 csal\u00e1dbar\u00e1t s\u00e9t\u00e1kkal, ritka vadvil\u00e1ggal \u00e9s kalandos j\u00e1tsz\u00f3terekkel a ker\u00e9kp\u00e1rpark t\u00f6k\u00e9letes hely egy csal\u00e1dbar\u00e1t bring\u00e1s nyaral\u00e1s\u00e1hoz.<\/p>\n<p>Nem csak b\u00e1rmit k\u00f6lcs\u00f6n\u00f6zhetsz, de saj\u00e1t ker\u00e9kp\u00e1rodat is elviheted megjav\u00edtani a Cyclewise szak\u00e9rt\u0151ihez! Emellett MTB-edz\u00e9seket is k\u00edn\u00e1l a v\u00e1llalkoz\u00e1s els\u0151sorban azoknak a fiataloknak, akiknek sz\u00fcks\u00e9g\u00fck van egy kis \u00f6nbizalomra.<\/p>\n","protected":false},"excerpt":{"rendered":"<p>Ha \u00e9leted legjobb kalandjai a montid nyerg\u00e9ben \u00e9rnek, biztosan szeretn\u00e9d, hogy gyermekeid is veled \u00e9lvezz\u00e9k a sportot. Ha bring\u00e1s nyaral\u00e1st [&hellip;]<\/p>\n","protected":false},"author":71,"featured_media":15642,"comment_status":"open","ping_status":"open","sticky":false,"template":"","format":"standard","meta":{"footnotes":""},"categories":[11],"tags":[],"global-categories":[],"class_list":["post-15639","post","type-post","status-publish","format-standard","has-post-thumbnail","hentry","category-csalad"],"yoast_head":"<!-- This site is optimized with the Yoast SEO Premium plugin v25.3 (Yoast SEO v25.9) - https:\/\/yoast.com\/wordpress\/plugins\/seo\/ -->\n<title>Az 5 legjobb csal\u00e1di bringapark Eur\u00f3p\u00e1ban<\/title>\n<meta name=\"description\" content=\"Ha \u00e9leted legjobb kalandjai a montid nyerg\u00e9ben \u00e9rnek, biztosan szeretn\u00e9d, hogy gyermekeid is veled \u00e9lvezz\u00e9k a sportot. Ha bring\u00e1s nyaral\u00e1st tervezel, ez a legjobb m\u00f3dja annak, hogy bevond a kicsiket!\" \/>\n<meta name=\"robots\" content=\"index, follow, max-snippet:-1, max-image-preview:large, max-video-preview:-1\" \/>\n<link rel=\"canonical\" href=\"https:\/\/www.welovecycling.com\/hu\/csalad\/az-5-legjobb-csaladi-bringapark-europaban\/\" \/>\n<meta property=\"og:locale\" content=\"hu_HU\" \/>\n<meta property=\"og:type\" content=\"article\" \/>\n<meta property=\"og:title\" content=\"Az 5 legjobb csal\u00e1di bringapark Eur\u00f3p\u00e1ban\" \/>\n<meta property=\"og:description\" content=\"Ha \u00e9leted legjobb kalandjai a montid nyerg\u00e9ben \u00e9rnek, biztosan szeretn\u00e9d, hogy gyermekeid is veled \u00e9lvezz\u00e9k a sportot. Ha bring\u00e1s nyaral\u00e1st tervezel, ez a legjobb m\u00f3dja annak, hogy bevond a kicsiket!\" \/>\n<meta property=\"og:url\" content=\"https:\/\/www.welovecycling.com\/hu\/csalad\/az-5-legjobb-csaladi-bringapark-europaban\/\" \/>\n<meta property=\"og:site_name\" content=\"\u0160koda We Love Cycling - Magyarorsz\u00e1g\" \/>\n<meta property=\"article:publisher\" content=\"https:\/\/www.facebook.com\/WeLoveCyclingHungary\/\" \/>\n<meta property=\"article:published_time\" content=\"2022-08-22T06:00:23+00:00\" \/>\n<meta property=\"og:image\" content=\"https:\/\/d2p6e6u75xmxt8.cloudfront.net\/12\/2022\/08\/Bike-Park-Family-Vacation-profimedia-0561045951-CVR.jpg\" \/>\n\t<meta property=\"og:image:width\" content=\"990\" \/>\n\t<meta property=\"og:image:height\" content=\"660\" \/>\n\t<meta property=\"og:image:type\" content=\"image\/jpeg\" \/>\n<meta name=\"author\" content=\"hegyizs\" \/>\n<meta name=\"twitter:card\" content=\"summary_large_image\" \/>\n<meta name=\"twitter:label1\" content=\"Written by\" \/>\n\t<meta name=\"twitter:data1\" content=\"Charlotte Murray\" \/>\n\t<meta name=\"twitter:label2\" content=\"Est. reading time\" \/>\n\t<meta name=\"twitter:data2\" content=\"5\" \/>\n<script type=\"application\/ld+json\" class=\"yoast-schema-graph\">{\"@context\":\"https:\/\/schema.org\",\"@graph\":[{\"@type\":\"WebPage\",\"@id\":\"https:\/\/www.welovecycling.com\/hu\/csalad\/az-5-legjobb-csaladi-bringapark-europaban\/\",\"url\":\"https:\/\/www.welovecycling.com\/hu\/csalad\/az-5-legjobb-csaladi-bringapark-europaban\/\",\"name\":\"Az 5 legjobb csal\u00e1di bringapark Eur\u00f3p\u00e1ban\",\"isPartOf\":{\"@id\":\"https:\/\/www.welovecycling.com\/hu\/#website\"},\"primaryImageOfPage\":{\"@id\":\"https:\/\/www.welovecycling.com\/hu\/csalad\/az-5-legjobb-csaladi-bringapark-europaban\/#primaryimage\"},\"image\":{\"@id\":\"https:\/\/www.welovecycling.com\/hu\/csalad\/az-5-legjobb-csaladi-bringapark-europaban\/#primaryimage\"},\"thumbnailUrl\":\"https:\/\/d2p6e6u75xmxt8.cloudfront.net\/12\/2022\/08\/Bike-Park-Family-Vacation-profimedia-0561045951-CVR.jpg\",\"datePublished\":\"2022-08-22T06:00:23+00:00\",\"author\":{\"@id\":\"https:\/\/www.welovecycling.com\/hu\/#\/schema\/person\/414a2aebf1801691a5320edb6468e194\"},\"description\":\"Ha \u00e9leted legjobb kalandjai a montid nyerg\u00e9ben \u00e9rnek, biztosan szeretn\u00e9d, hogy gyermekeid is veled \u00e9lvezz\u00e9k a sportot. Ha bring\u00e1s nyaral\u00e1st tervezel, ez a legjobb m\u00f3dja annak, hogy bevond a kicsiket!\",\"breadcrumb\":{\"@id\":\"https:\/\/www.welovecycling.com\/hu\/csalad\/az-5-legjobb-csaladi-bringapark-europaban\/#breadcrumb\"},\"inLanguage\":\"hu\",\"potentialAction\":[{\"@type\":\"ReadAction\",\"target\":[\"https:\/\/www.welovecycling.com\/hu\/csalad\/az-5-legjobb-csaladi-bringapark-europaban\/\"]}]},{\"@type\":\"ImageObject\",\"inLanguage\":\"hu\",\"@id\":\"https:\/\/www.welovecycling.com\/hu\/csalad\/az-5-legjobb-csaladi-bringapark-europaban\/#primaryimage\",\"url\":\"https:\/\/d2p6e6u75xmxt8.cloudfront.net\/12\/2022\/08\/Bike-Park-Family-Vacation-profimedia-0561045951-CVR.jpg\",\"contentUrl\":\"https:\/\/d2p6e6u75xmxt8.cloudfront.net\/12\/2022\/08\/Bike-Park-Family-Vacation-profimedia-0561045951-CVR.jpg\",\"width\":990,\"height\":660,\"caption\":\"Family Bike Park\"},{\"@type\":\"BreadcrumbList\",\"@id\":\"https:\/\/www.welovecycling.com\/hu\/csalad\/az-5-legjobb-csaladi-bringapark-europaban\/#breadcrumb\",\"itemListElement\":[{\"@type\":\"ListItem\",\"position\":1,\"name\":\"Home\",\"item\":\"https:\/\/www.welovecycling.com\/hu\/\"},{\"@type\":\"ListItem\",\"position\":2,\"name\":\"Az 5 legjobb csal\u00e1di bringapark Eur\u00f3p\u00e1ban\"}]},{\"@type\":\"WebSite\",\"@id\":\"https:\/\/www.welovecycling.com\/hu\/#website\",\"url\":\"https:\/\/www.welovecycling.com\/hu\/\",\"name\":\"\u0160koda We Love Cycling - Magyarorsz\u00e1g\",\"description\":\"\u0160koda WeLoveCycling\",\"potentialAction\":[{\"@type\":\"SearchAction\",\"target\":{\"@type\":\"EntryPoint\",\"urlTemplate\":\"https:\/\/www.welovecycling.com\/hu\/?s={search_term_string}\"},\"query-input\":{\"@type\":\"PropertyValueSpecification\",\"valueRequired\":true,\"valueName\":\"search_term_string\"}}],\"inLanguage\":\"hu\"},{\"@type\":\"Person\",\"@id\":\"https:\/\/www.welovecycling.com\/hu\/#\/schema\/person\/414a2aebf1801691a5320edb6468e194\",\"name\":\"hegyizs\",\"image\":{\"@type\":\"ImageObject\",\"inLanguage\":\"hu\",\"@id\":\"https:\/\/www.welovecycling.com\/hu\/#\/schema\/person\/image\/\",\"url\":\"https:\/\/secure.gravatar.com\/avatar\/02cf8a7906b8cf90cecb4679defac7cfd33a1c2e3b88e4903d947f3bb58eedd3?s=96&d=mm&r=g\",\"contentUrl\":\"https:\/\/secure.gravatar.com\/avatar\/02cf8a7906b8cf90cecb4679defac7cfd33a1c2e3b88e4903d947f3bb58eedd3?s=96&d=mm&r=g\",\"caption\":\"hegyizs\"},\"url\":\"https:\/\/www.welovecycling.com\/hu\/author\/hegyizs\/\"}]}<\/script>\n<!-- \/ Yoast SEO Premium plugin. -->","yoast_head_json":{"title":"Az 5 legjobb csal\u00e1di bringapark Eur\u00f3p\u00e1ban","description":"Ha \u00e9leted legjobb kalandjai a montid nyerg\u00e9ben \u00e9rnek, biztosan szeretn\u00e9d, hogy gyermekeid is veled \u00e9lvezz\u00e9k a sportot. Ha bring\u00e1s nyaral\u00e1st tervezel, ez a legjobb m\u00f3dja annak, hogy bevond a kicsiket!","robots":{"index":"index","follow":"follow","max-snippet":"max-snippet:-1","max-image-preview":"max-image-preview:large","max-video-preview":"max-video-preview:-1"},"canonical":"https:\/\/www.welovecycling.com\/hu\/csalad\/az-5-legjobb-csaladi-bringapark-europaban\/","og_locale":"hu_HU","og_type":"article","og_title":"Az 5 legjobb csal\u00e1di bringapark Eur\u00f3p\u00e1ban","og_description":"Ha \u00e9leted legjobb kalandjai a montid nyerg\u00e9ben \u00e9rnek, biztosan szeretn\u00e9d, hogy gyermekeid is veled \u00e9lvezz\u00e9k a sportot. Ha bring\u00e1s nyaral\u00e1st tervezel, ez a legjobb m\u00f3dja annak, hogy bevond a kicsiket!","og_url":"https:\/\/www.welovecycling.com\/hu\/csalad\/az-5-legjobb-csaladi-bringapark-europaban\/","og_site_name":"\u0160koda We Love Cycling - Magyarorsz\u00e1g","article_publisher":"https:\/\/www.facebook.com\/WeLoveCyclingHungary\/","article_published_time":"2022-08-22T06:00:23+00:00","og_image":[{"width":990,"height":660,"url":"https:\/\/d2p6e6u75xmxt8.cloudfront.net\/12\/2022\/08\/Bike-Park-Family-Vacation-profimedia-0561045951-CVR.jpg","type":"image\/jpeg"}],"author":"hegyizs","twitter_card":"summary_large_image","twitter_misc":{"Written by":"Charlotte Murray","Est. reading time":"5"},"schema":{"@context":"https:\/\/schema.org","@graph":[{"@type":"WebPage","@id":"https:\/\/www.welovecycling.com\/hu\/csalad\/az-5-legjobb-csaladi-bringapark-europaban\/","url":"https:\/\/www.welovecycling.com\/hu\/csalad\/az-5-legjobb-csaladi-bringapark-europaban\/","name":"Az 5 legjobb csal\u00e1di bringapark Eur\u00f3p\u00e1ban","isPartOf":{"@id":"https:\/\/www.welovecycling.com\/hu\/#website"},"primaryImageOfPage":{"@id":"https:\/\/www.welovecycling.com\/hu\/csalad\/az-5-legjobb-csaladi-bringapark-europaban\/#primaryimage"},"image":{"@id":"https:\/\/www.welovecycling.com\/hu\/csalad\/az-5-legjobb-csaladi-bringapark-europaban\/#primaryimage"},"thumbnailUrl":"https:\/\/d2p6e6u75xmxt8.cloudfront.net\/12\/2022\/08\/Bike-Park-Family-Vacation-profimedia-0561045951-CVR.jpg","datePublished":"2022-08-22T06:00:23+00:00","author":{"@id":"https:\/\/www.welovecycling.com\/hu\/#\/schema\/person\/414a2aebf1801691a5320edb6468e194"},"description":"Ha \u00e9leted legjobb kalandjai a montid nyerg\u00e9ben \u00e9rnek, biztosan szeretn\u00e9d, hogy gyermekeid is veled \u00e9lvezz\u00e9k a sportot. Ha bring\u00e1s nyaral\u00e1st tervezel, ez a legjobb m\u00f3dja annak, hogy bevond a kicsiket!","breadcrumb":{"@id":"https:\/\/www.welovecycling.com\/hu\/csalad\/az-5-legjobb-csaladi-bringapark-europaban\/#breadcrumb"},"inLanguage":"hu","potentialAction":[{"@type":"ReadAction","target":["https:\/\/www.welovecycling.com\/hu\/csalad\/az-5-legjobb-csaladi-bringapark-europaban\/"]}]},{"@type":"ImageObject","inLanguage":"hu","@id":"https:\/\/www.welovecycling.com\/hu\/csalad\/az-5-legjobb-csaladi-bringapark-europaban\/#primaryimage","url":"https:\/\/d2p6e6u75xmxt8.cloudfront.net\/12\/2022\/08\/Bike-Park-Family-Vacation-profimedia-0561045951-CVR.jpg","contentUrl":"https:\/\/d2p6e6u75xmxt8.cloudfront.net\/12\/2022\/08\/Bike-Park-Family-Vacation-profimedia-0561045951-CVR.jpg","width":990,"height":660,"caption":"Family Bike Park"},{"@type":"BreadcrumbList","@id":"https:\/\/www.welovecycling.com\/hu\/csalad\/az-5-legjobb-csaladi-bringapark-europaban\/#breadcrumb","itemListElement":[{"@type":"ListItem","position":1,"name":"Home","item":"https:\/\/www.welovecycling.com\/hu\/"},{"@type":"ListItem","position":2,"name":"Az 5 legjobb csal\u00e1di bringapark Eur\u00f3p\u00e1ban"}]},{"@type":"WebSite","@id":"https:\/\/www.welovecycling.com\/hu\/#website","url":"https:\/\/www.welovecycling.com\/hu\/","name":"\u0160koda We Love Cycling - Magyarorsz\u00e1g","description":"\u0160koda WeLoveCycling","potentialAction":[{"@type":"SearchAction","target":{"@type":"EntryPoint","urlTemplate":"https:\/\/www.welovecycling.com\/hu\/?s={search_term_string}"},"query-input":{"@type":"PropertyValueSpecification","valueRequired":true,"valueName":"search_term_string"}}],"inLanguage":"hu"},{"@type":"Person","@id":"https:\/\/www.welovecycling.com\/hu\/#\/schema\/person\/414a2aebf1801691a5320edb6468e194","name":"hegyizs","image":{"@type":"ImageObject","inLanguage":"hu","@id":"https:\/\/www.welovecycling.com\/hu\/#\/schema\/person\/image\/","url":"https:\/\/secure.gravatar.com\/avatar\/02cf8a7906b8cf90cecb4679defac7cfd33a1c2e3b88e4903d947f3bb58eedd3?s=96&d=mm&r=g","contentUrl":"https:\/\/secure.gravatar.com\/avatar\/02cf8a7906b8cf90cecb4679defac7cfd33a1c2e3b88e4903d947f3bb58eedd3?s=96&d=mm&r=g","caption":"hegyizs"},"url":"https:\/\/www.welovecycling.com\/hu\/author\/hegyizs\/"}]}},"_links":{"self":[{"href":"https:\/\/www.welovecycling.com\/hu\/wp-json\/wp\/v2\/posts\/15639","targetHints":{"allow":["GET"]}}],"collection":[{"href":"https:\/\/www.welovecycling.com\/hu\/wp-json\/wp\/v2\/posts"}],"about":[{"href":"https:\/\/www.welovecycling.com\/hu\/wp-json\/wp\/v2\/types\/post"}],"author":[{"embeddable":true,"href":"https:\/\/www.welovecycling.com\/hu\/wp-json\/wp\/v2\/users\/71"}],"replies":[{"embeddable":true,"href":"https:\/\/www.welovecycling.com\/hu\/wp-json\/wp\/v2\/comments?post=15639"}],"version-history":[{"count":1,"href":"https:\/\/www.welovecycling.com\/hu\/wp-json\/wp\/v2\/posts\/15639\/revisions"}],"predecessor-version":[{"id":15654,"href":"https:\/\/www.welovecycling.com\/hu\/wp-json\/wp\/v2\/posts\/15639\/revisions\/15654"}],"wp:featuredmedia":[{"embeddable":true,"href":"https:\/\/www.welovecycling.com\/hu\/wp-json\/wp\/v2\/media\/15642"}],"wp:attachment":[{"href":"https:\/\/www.welovecycling.com\/hu\/wp-json\/wp\/v2\/media?parent=15639"}],"wp:term":[{"taxonomy":"category","embeddable":true,"href":"https:\/\/www.welovecycling.com\/hu\/wp-json\/wp\/v2\/categories?post=15639"},{"taxonomy":"post_tag","embeddable":true,"href":"https:\/\/www.welovecycling.com\/hu\/wp-json\/wp\/v2\/tags?post=15639"},{"taxonomy":"global-categories","embeddable":true,"href":"https:\/\/www.welovecycling.com\/hu\/wp-json\/wp\/v2\/global-categories?post=15639"}],"curies":[{"name":"wp","href":"https:\/\/api.w.org\/{rel}","templated":true}]}}