{"id":15631,"date":"2022-08-17T10:15:15","date_gmt":"2022-08-17T08:15:15","guid":{"rendered":"https:\/\/www.welovecycling.com\/hu\/?p=15631"},"modified":"2022-08-17T10:15:15","modified_gmt":"2022-08-17T08:15:15","slug":"roglic-ott-lesz-a-vueltan-bernal-a-dan-koron-tert-vissza-dumoulin-vegleg-abbahagyja","status":"publish","type":"post","link":"https:\/\/www.welovecycling.com\/hu\/orszaguti-kerekpar\/roglic-ott-lesz-a-vueltan-bernal-a-dan-koron-tert-vissza-dumoulin-vegleg-abbahagyja\/","title":{"rendered":"Rogli\u010d ott lesz a Vuelt\u00e1n, Bernal a d\u00e1n k\u00f6r\u00f6n t\u00e9rt vissza, Dumoulin v\u00e9gleg abbahagyja"},"content":{"rendered":"<p><strong>H\u00e1rom versenyz\u0151, h\u00e1rom k\u00fcl\u00f6nb\u00f6z\u0151 t\u00f6rt\u00e9net \u2013 a Vuelta rajtja el\u0151tt sem unatkozik az orsz\u00e1g\u00fati ker\u00e9kp\u00e1rvil\u00e1g.<\/strong><\/p>\n<p><!--more--><\/p>\n<p>P\u00e9nteken elrajtol az \u00e9v harmadik, utols\u00f3 nagy h\u00e1romhetes k\u00f6rversenye, a Vuelta a Espa\u00f1a. M\u00e9ghozz\u00e1 \u2013 ez m\u00e1r csak egy ilyen \u00e9v \u2013\u00a0 ez is az rendez\u0151 orsz\u00e1g hat\u00e1rain k\u00edv\u00fcl: a feledhetetlen budapesti Giro- \u00e9s a par\u00e1d\u00e9s koppenh\u00e1gai Tour-start ut\u00e1n a spanyol k\u00f6r Hollandi\u00e1b\u00f3l, Utrechtb\u0151l indul egy l\u00e1tv\u00e1nyosnak \u00edg\u00e9rkez\u0151 csapatid\u0151futammal.<\/p>\n<p>A Tour de France-ot tot\u00e1lisan leural\u00f3 Jumbo-Visma a Vuelt\u00e1n ny\u00fajthatja tov\u00e1bb l\u00e1tv\u00e1nyos dominanci\u00e1j\u00e1t. F\u0151leg \u00fagy, hogy az elm\u00falt h\u00e1rom ki\u00edr\u00e1st megnyer\u0151 Primoz Rogli\u010d a h\u00e9t elej\u00e9n hivatalosan is bejelentette: a Tour-on t\u00f6rt\u00e9nt buk\u00e1sa \u00e9s a francia k\u00f6r felad\u00e1sa ellen\u00e9re biztosan ott lesz az utrechti rajtn\u00e1l, azaz nekifut egym\u00e1s ut\u00e1n negyedik piros trik\u00f3j\u00e1nak is. Ha megnyeri, t\u00f6rt\u00e9nelmet \u00edr, ilyesmi m\u00e9g a verseny t\u00f6rt\u00e9net\u00e9ben senkinek sem siker\u00fclt: noha a hazai k\u00f6z\u00f6ns\u00e9gkedvenc Roberto Heras 2000 \u00e9s 2005 k\u00f6z\u00f6tt n\u00e9gyszer nyerte meg a patin\u00e1s viadalt, megszak\u00edt\u00e1s n\u00e9lk\u00fcl neki is \u201ecsak\u201d a tripl\u00e1z\u00e1s siker\u00fclt (az 1992 \u00e9s \u201995 k\u00f6z\u00f6tt a Vuelt\u00e1t ural\u00f3 sv\u00e1jci Tony Romingerhez hasonl\u00f3an). A szlov\u00e9n klasszis f\u0151 kih\u00edv\u00f3ja egy m\u00e1sik nagy tettre k\u00e9sz\u00fcl\u0151 versenyz\u0151, az idei olasz k\u00f6r megnyer\u00e9se ut\u00e1n a Giro, Vuelta-dupl\u00e1ra \u00e1h\u00edtoz\u00f3 Jai Hindley (Bora), valamint a szint\u00e9n Giro-gy\u0151ztes, k\u00e9t \u00e9ve a Vuelt\u00e1n m\u00e1sodikk\u00e9nt v\u00e9gz\u0151 Richard Carapaz (Ineos) lehet Simon Yatesszel (BikeExchange) \u00e9s a nagy \u00e1tt\u00f6r\u00e9sre v\u00e1r\u00f3 Joao Almeid\u00e1val kieg\u00e9sz\u00fclve.<\/p>\n<figure id=\"attachment_15633\" aria-describedby=\"caption-attachment-15633\" style=\"width: 1100px\" class=\"wp-caption alignnone\"><a href=\"https:\/\/d2p6e6u75xmxt8.cloudfront.net\/12\/2022\/08\/9ad65e4a-1944-11eb-87c6-0a44d97a5420_web_scale_0.0730994_0.0730994__.webp\"><img loading=\"lazy\" decoding=\"async\" class=\"size-full wp-image-15633\" src=\"https:\/\/d2p6e6u75xmxt8.cloudfront.net\/12\/2022\/08\/9ad65e4a-1944-11eb-87c6-0a44d97a5420_web_scale_0.0730994_0.0730994__.webp\" alt=\"\" width=\"1100\" height=\"733\" srcset=\"https:\/\/d2p6e6u75xmxt8.cloudfront.net\/12\/2022\/08\/9ad65e4a-1944-11eb-87c6-0a44d97a5420_web_scale_0.0730994_0.0730994__.webp 1100w, https:\/\/d2p6e6u75xmxt8.cloudfront.net\/12\/2022\/08\/9ad65e4a-1944-11eb-87c6-0a44d97a5420_web_scale_0.0730994_0.0730994__-300x200.webp 300w, https:\/\/d2p6e6u75xmxt8.cloudfront.net\/12\/2022\/08\/9ad65e4a-1944-11eb-87c6-0a44d97a5420_web_scale_0.0730994_0.0730994__-1024x682.webp 1024w, https:\/\/d2p6e6u75xmxt8.cloudfront.net\/12\/2022\/08\/9ad65e4a-1944-11eb-87c6-0a44d97a5420_web_scale_0.0730994_0.0730994__-768x512.webp 768w, https:\/\/d2p6e6u75xmxt8.cloudfront.net\/12\/2022\/08\/9ad65e4a-1944-11eb-87c6-0a44d97a5420_web_scale_0.0730994_0.0730994__-272x182.webp 272w\" sizes=\"auto, (max-width: 1100px) 100vw, 1100px\" \/><\/a><figcaption id=\"caption-attachment-15633\" class=\"wp-caption-text\">Rogli\u010d \u00e9s Carapaz ism\u00e9t \u00f6sszecsaphat a piros trik\u00f3\u00e9rt (fot\u00f3: EPA\/Kiko Huesca)<\/figcaption><\/figure>\n<p>K\u00f6zben v\u00e9get \u00e9rtek a tal\u00e1lgat\u00e1sok Egan Bernallal kapcsolatban. Az elm\u00falt hetekben egym\u00e1st \u00e9rt\u00e9k a spekul\u00e1ci\u00f3k arr\u00f3l, hogy az \u00e9letvesz\u00e9lyes janu\u00e1ri edz\u00e9sbalesete ut\u00e1n csod\u00e1latos fel\u00e9p\u00fcl\u00e9sen kereszt\u00fclmen\u0151 Tour-gy\u0151ztes kolumbiai vajon melyik versenyen t\u00e9rhet vissza m\u00e9g id\u00e9n \u2013 volt sz\u00f3 p\u00e9ld\u00e1ul t\u00f6bbek k\u00f6z\u00f6tt \u00e9ppen a Vuelt\u00e1r\u00f3l, vagy a n\u00e9met k\u00f6rr\u0151l is \u2013, \u00e1m Bernal\u00e9k v\u00e9g\u00fcl bejelentett\u00e9k, hogy a 25 \u00e9ves versenyz\u0151 a d\u00e1n k\u00f6rversenyen t\u00e9r vissza a mez\u0151nybe. A kedden kezd\u0151d\u0151 \u00f6tnapos verseny t\u00f6bb mint 220 km hossz\u00fa nyit\u00e1ny\u00e1n k\u00e9t perc h\u00e1tr\u00e1nnyal \u00e9rt be a 105. helyen, de eset\u00e9ben az eredm\u00e9ny most nagyj\u00e1b\u00f3l teljesen mell\u00e9kes is.<\/p>\n<p><a href=\"https:\/\/d2p6e6u75xmxt8.cloudfront.net\/12\/2022\/08\/egan-bernalllllll.jpg\"><img loading=\"lazy\" decoding=\"async\" class=\"alignnone size-full wp-image-15634\" src=\"https:\/\/d2p6e6u75xmxt8.cloudfront.net\/12\/2022\/08\/egan-bernalllllll.jpg\" alt=\"\" width=\"1024\" height=\"576\" srcset=\"https:\/\/d2p6e6u75xmxt8.cloudfront.net\/12\/2022\/08\/egan-bernalllllll.jpg 1024w, https:\/\/d2p6e6u75xmxt8.cloudfront.net\/12\/2022\/08\/egan-bernalllllll-300x169.jpg 300w, https:\/\/d2p6e6u75xmxt8.cloudfront.net\/12\/2022\/08\/egan-bernalllllll-768x432.jpg 768w\" sizes=\"auto, (max-width: 1024px) 100vw, 1024px\" \/><\/a><\/p>\n<p>\u00c9s a v\u00e9g\u00e9re egy visszavonul\u00e1s, hiszen \u00fagy t\u0171nik, t\u00e9nyleg lez\u00e1rult egy nagyszer\u0171 p\u00e1lyafut\u00e1s: Tom Dumoulin\u00e9. A 2017-as Giro-gy\u0151ztes, id\u0151futam-vil\u00e1gbajnok holland eset\u00e9ben neh\u00e9z biztosat mondani, hiszen tavaly egyszer m\u00e1r volt egy \u201ef\u00e9l-visszavonul\u00e1sa\u201d, \u00e1m azt\u00e1n visszat\u00e9rt (nem is ak\u00e1rhogy, a toki\u00f3i olimpia id\u0151futamverseny\u00e9ben ez\u00fcst\u00e9rmet szerzett Rogli\u010d m\u00f6g\u00f6tt), hogy azt\u00e1n az\u00f3ta is folyamatosan a v\u00e9gs\u0151 visszavonul\u00e1s\u00e1t lebegtesse. \u00dagy t\u0171nik, ez most t\u00e9nyleg bek\u00f6vetkezett: noha Dumoulin eredetileg az \u00e9v v\u00e9gi orsz\u00e1g\u00fati vb-t m\u00e9g szerette volna megv\u00e1rni, hogy egy m\u00e9lt\u00f3 nagy dob\u00e1ssal b\u00facs\u00fazzon karrierj\u00e9t\u0151l, a h\u00e9t elej\u00e9n kiadott k\u00f6zlem\u00e9ny\u00e9b\u0151l egy\u00e9rtelm\u0171en az sz\u0171rhet\u0151 le, hogy t\u00e9nyleg nincs tov\u00e1bb \u2013 olyannyira, hogy m\u00e9g a szezon v\u00e9g\u00e9t sem v\u00e1rja meg. <em>\u201e\u00dagy d\u00f6nt\u00f6ttem, hogy azonnali hat\u00e1llyal visszavonulok a profi ker\u00e9kp\u00e1roz\u00e1st\u00f3l. Realiz\u00e1ltam, hogy nem tudom tov\u00e1bb csin\u00e1lni: a tank \u00fcres, a l\u00e1bak nehezek, \u00e9s az edz\u00e9sek sem \u00fagy mennek, mint ahogy azt rem\u00e9ltem. Noha a b\u00facs\u00fam nem \u00fagy siker\u00fclt, ahogy szerettem volna, hihetetlen b\u00fcszkes\u00e9ggel tekintek vissza a p\u00e1lyafut\u00e1somra!\u201d<\/em><\/p>\n<figure id=\"attachment_15635\" aria-describedby=\"caption-attachment-15635\" style=\"width: 1021px\" class=\"wp-caption alignnone\"><a href=\"https:\/\/d2p6e6u75xmxt8.cloudfront.net\/12\/2022\/08\/Tom-Dumoulin-1021x580-1.jpg\"><img loading=\"lazy\" decoding=\"async\" class=\"size-full wp-image-15635\" src=\"https:\/\/d2p6e6u75xmxt8.cloudfront.net\/12\/2022\/08\/Tom-Dumoulin-1021x580-1.jpg\" alt=\"\" width=\"1021\" height=\"580\" srcset=\"https:\/\/d2p6e6u75xmxt8.cloudfront.net\/12\/2022\/08\/Tom-Dumoulin-1021x580-1.jpg 1021w, https:\/\/d2p6e6u75xmxt8.cloudfront.net\/12\/2022\/08\/Tom-Dumoulin-1021x580-1-300x170.jpg 300w, https:\/\/d2p6e6u75xmxt8.cloudfront.net\/12\/2022\/08\/Tom-Dumoulin-1021x580-1-768x436.jpg 768w\" sizes=\"auto, (max-width: 1021px) 100vw, 1021px\" \/><\/a><figcaption id=\"caption-attachment-15635\" class=\"wp-caption-text\">fot\u00f3: Cor Vos<\/figcaption><\/figure>\n","protected":false},"excerpt":{"rendered":"<p>H\u00e1rom versenyz\u0151, h\u00e1rom k\u00fcl\u00f6nb\u00f6z\u0151 t\u00f6rt\u00e9net \u2013 a Vuelta rajtja el\u0151tt sem unatkozik az orsz\u00e1g\u00fati ker\u00e9kp\u00e1rvil\u00e1g.<\/p>\n","protected":false},"author":145,"featured_media":15632,"comment_status":"open","ping_status":"open","sticky":false,"template":"","format":"standard","meta":{"footnotes":""},"categories":[8],"tags":[],"global-categories":[419],"class_list":["post-15631","post","type-post","status-publish","format-standard","has-post-thumbnail","hentry","category-orszaguti-kerekpar","global-categories-cycling"],"yoast_head":"<!-- This site is optimized with the Yoast SEO Premium plugin v25.3 (Yoast SEO v25.9) - https:\/\/yoast.com\/wordpress\/plugins\/seo\/ -->\n<title>Rogli\u010d ott lesz a Vuelt\u00e1n, Bernal a d\u00e1n k\u00f6r\u00f6n t\u00e9rt vissza, Dumoulin v\u00e9gleg abbahagyja - \u0160koda We Love Cycling - Magyarorsz\u00e1g<\/title>\n<meta name=\"robots\" content=\"index, follow, max-snippet:-1, max-image-preview:large, max-video-preview:-1\" \/>\n<link rel=\"canonical\" href=\"https:\/\/www.welovecycling.com\/hu\/orszaguti-kerekpar\/roglic-ott-lesz-a-vueltan-bernal-a-dan-koron-tert-vissza-dumoulin-vegleg-abbahagyja\/\" \/>\n<meta property=\"og:locale\" content=\"hu_HU\" \/>\n<meta property=\"og:type\" content=\"article\" \/>\n<meta property=\"og:title\" content=\"Rogli\u010d ott lesz a Vuelt\u00e1n, Bernal a d\u00e1n k\u00f6r\u00f6n t\u00e9rt vissza, Dumoulin v\u00e9gleg abbahagyja\" \/>\n<meta property=\"og:description\" content=\"H\u00e1rom versenyz\u0151, h\u00e1rom k\u00fcl\u00f6nb\u00f6z\u0151 t\u00f6rt\u00e9net \u2013 a Vuelta rajtja el\u0151tt sem unatkozik az orsz\u00e1g\u00fati ker\u00e9kp\u00e1rvil\u00e1g.\" \/>\n<meta property=\"og:url\" content=\"https:\/\/www.welovecycling.com\/hu\/orszaguti-kerekpar\/roglic-ott-lesz-a-vueltan-bernal-a-dan-koron-tert-vissza-dumoulin-vegleg-abbahagyja\/\" \/>\n<meta property=\"og:site_name\" content=\"\u0160koda We Love Cycling - Magyarorsz\u00e1g\" \/>\n<meta property=\"article:publisher\" content=\"https:\/\/www.facebook.com\/WeLoveCyclingHungary\/\" \/>\n<meta property=\"article:published_time\" content=\"2022-08-17T08:15:15+00:00\" \/>\n<meta property=\"og:image\" content=\"https:\/\/d2p6e6u75xmxt8.cloudfront.net\/12\/2022\/08\/8nBT8fyWWgcTMx3Gy3VdYj-1200-80.jpg\" \/>\n\t<meta property=\"og:image:width\" content=\"1024\" \/>\n\t<meta property=\"og:image:height\" content=\"683\" \/>\n\t<meta property=\"og:image:type\" content=\"image\/jpeg\" \/>\n<meta name=\"author\" content=\"kitti\" \/>\n<meta name=\"twitter:card\" content=\"summary_large_image\" \/>\n<meta name=\"twitter:label1\" content=\"Written by\" \/>\n\t<meta name=\"twitter:data1\" content=\"We Love Cycling\" \/>\n\t<meta name=\"twitter:label2\" content=\"Est. reading time\" \/>\n\t<meta name=\"twitter:data2\" content=\"4 minutes\" \/>\n<script type=\"application\/ld+json\" class=\"yoast-schema-graph\">{\"@context\":\"https:\/\/schema.org\",\"@graph\":[{\"@type\":\"WebPage\",\"@id\":\"https:\/\/www.welovecycling.com\/hu\/orszaguti-kerekpar\/roglic-ott-lesz-a-vueltan-bernal-a-dan-koron-tert-vissza-dumoulin-vegleg-abbahagyja\/\",\"url\":\"https:\/\/www.welovecycling.com\/hu\/orszaguti-kerekpar\/roglic-ott-lesz-a-vueltan-bernal-a-dan-koron-tert-vissza-dumoulin-vegleg-abbahagyja\/\",\"name\":\"Rogli\u010d ott lesz a Vuelt\u00e1n, Bernal a d\u00e1n k\u00f6r\u00f6n t\u00e9rt vissza, Dumoulin v\u00e9gleg abbahagyja - \u0160koda We Love Cycling - Magyarorsz\u00e1g\",\"isPartOf\":{\"@id\":\"https:\/\/www.welovecycling.com\/hu\/#website\"},\"primaryImageOfPage\":{\"@id\":\"https:\/\/www.welovecycling.com\/hu\/orszaguti-kerekpar\/roglic-ott-lesz-a-vueltan-bernal-a-dan-koron-tert-vissza-dumoulin-vegleg-abbahagyja\/#primaryimage\"},\"image\":{\"@id\":\"https:\/\/www.welovecycling.com\/hu\/orszaguti-kerekpar\/roglic-ott-lesz-a-vueltan-bernal-a-dan-koron-tert-vissza-dumoulin-vegleg-abbahagyja\/#primaryimage\"},\"thumbnailUrl\":\"https:\/\/d2p6e6u75xmxt8.cloudfront.net\/12\/2022\/08\/8nBT8fyWWgcTMx3Gy3VdYj-1200-80.jpg\",\"datePublished\":\"2022-08-17T08:15:15+00:00\",\"author\":{\"@id\":\"https:\/\/www.welovecycling.com\/hu\/#\/schema\/person\/bec7dcdbcc59f58489cf603e4040ced1\"},\"breadcrumb\":{\"@id\":\"https:\/\/www.welovecycling.com\/hu\/orszaguti-kerekpar\/roglic-ott-lesz-a-vueltan-bernal-a-dan-koron-tert-vissza-dumoulin-vegleg-abbahagyja\/#breadcrumb\"},\"inLanguage\":\"hu\",\"potentialAction\":[{\"@type\":\"ReadAction\",\"target\":[\"https:\/\/www.welovecycling.com\/hu\/orszaguti-kerekpar\/roglic-ott-lesz-a-vueltan-bernal-a-dan-koron-tert-vissza-dumoulin-vegleg-abbahagyja\/\"]}]},{\"@type\":\"ImageObject\",\"inLanguage\":\"hu\",\"@id\":\"https:\/\/www.welovecycling.com\/hu\/orszaguti-kerekpar\/roglic-ott-lesz-a-vueltan-bernal-a-dan-koron-tert-vissza-dumoulin-vegleg-abbahagyja\/#primaryimage\",\"url\":\"https:\/\/d2p6e6u75xmxt8.cloudfront.net\/12\/2022\/08\/8nBT8fyWWgcTMx3Gy3VdYj-1200-80.jpg\",\"contentUrl\":\"https:\/\/d2p6e6u75xmxt8.cloudfront.net\/12\/2022\/08\/8nBT8fyWWgcTMx3Gy3VdYj-1200-80.jpg\",\"width\":1024,\"height\":683},{\"@type\":\"BreadcrumbList\",\"@id\":\"https:\/\/www.welovecycling.com\/hu\/orszaguti-kerekpar\/roglic-ott-lesz-a-vueltan-bernal-a-dan-koron-tert-vissza-dumoulin-vegleg-abbahagyja\/#breadcrumb\",\"itemListElement\":[{\"@type\":\"ListItem\",\"position\":1,\"name\":\"Home\",\"item\":\"https:\/\/www.welovecycling.com\/hu\/\"},{\"@type\":\"ListItem\",\"position\":2,\"name\":\"Rogli\u010d ott lesz a Vuelt\u00e1n, Bernal a d\u00e1n k\u00f6r\u00f6n t\u00e9rt vissza, Dumoulin v\u00e9gleg abbahagyja\"}]},{\"@type\":\"WebSite\",\"@id\":\"https:\/\/www.welovecycling.com\/hu\/#website\",\"url\":\"https:\/\/www.welovecycling.com\/hu\/\",\"name\":\"\u0160koda We Love Cycling - Magyarorsz\u00e1g\",\"description\":\"\u0160koda WeLoveCycling\",\"potentialAction\":[{\"@type\":\"SearchAction\",\"target\":{\"@type\":\"EntryPoint\",\"urlTemplate\":\"https:\/\/www.welovecycling.com\/hu\/?s={search_term_string}\"},\"query-input\":{\"@type\":\"PropertyValueSpecification\",\"valueRequired\":true,\"valueName\":\"search_term_string\"}}],\"inLanguage\":\"hu\"},{\"@type\":\"Person\",\"@id\":\"https:\/\/www.welovecycling.com\/hu\/#\/schema\/person\/bec7dcdbcc59f58489cf603e4040ced1\",\"name\":\"kitti\",\"image\":{\"@type\":\"ImageObject\",\"inLanguage\":\"hu\",\"@id\":\"https:\/\/www.welovecycling.com\/hu\/#\/schema\/person\/image\/\",\"url\":\"https:\/\/secure.gravatar.com\/avatar\/e3196a110e1b57b96f56d92d10ce9bb4e9d7210076832a16243337e949410b52?s=96&d=mm&r=g\",\"contentUrl\":\"https:\/\/secure.gravatar.com\/avatar\/e3196a110e1b57b96f56d92d10ce9bb4e9d7210076832a16243337e949410b52?s=96&d=mm&r=g\",\"caption\":\"kitti\"},\"url\":\"https:\/\/www.welovecycling.com\/hu\/author\/kitti\/\"}]}<\/script>\n<!-- \/ Yoast SEO Premium plugin. -->","yoast_head_json":{"title":"Rogli\u010d ott lesz a Vuelt\u00e1n, Bernal a d\u00e1n k\u00f6r\u00f6n t\u00e9rt vissza, Dumoulin v\u00e9gleg abbahagyja - \u0160koda We Love Cycling - Magyarorsz\u00e1g","robots":{"index":"index","follow":"follow","max-snippet":"max-snippet:-1","max-image-preview":"max-image-preview:large","max-video-preview":"max-video-preview:-1"},"canonical":"https:\/\/www.welovecycling.com\/hu\/orszaguti-kerekpar\/roglic-ott-lesz-a-vueltan-bernal-a-dan-koron-tert-vissza-dumoulin-vegleg-abbahagyja\/","og_locale":"hu_HU","og_type":"article","og_title":"Rogli\u010d ott lesz a Vuelt\u00e1n, Bernal a d\u00e1n k\u00f6r\u00f6n t\u00e9rt vissza, Dumoulin v\u00e9gleg abbahagyja","og_description":"H\u00e1rom versenyz\u0151, h\u00e1rom k\u00fcl\u00f6nb\u00f6z\u0151 t\u00f6rt\u00e9net \u2013 a Vuelta rajtja el\u0151tt sem unatkozik az orsz\u00e1g\u00fati ker\u00e9kp\u00e1rvil\u00e1g.","og_url":"https:\/\/www.welovecycling.com\/hu\/orszaguti-kerekpar\/roglic-ott-lesz-a-vueltan-bernal-a-dan-koron-tert-vissza-dumoulin-vegleg-abbahagyja\/","og_site_name":"\u0160koda We Love Cycling - Magyarorsz\u00e1g","article_publisher":"https:\/\/www.facebook.com\/WeLoveCyclingHungary\/","article_published_time":"2022-08-17T08:15:15+00:00","og_image":[{"width":1024,"height":683,"url":"https:\/\/d2p6e6u75xmxt8.cloudfront.net\/12\/2022\/08\/8nBT8fyWWgcTMx3Gy3VdYj-1200-80.jpg","type":"image\/jpeg"}],"author":"kitti","twitter_card":"summary_large_image","twitter_misc":{"Written by":"We Love Cycling","Est. reading time":"4 minutes"},"schema":{"@context":"https:\/\/schema.org","@graph":[{"@type":"WebPage","@id":"https:\/\/www.welovecycling.com\/hu\/orszaguti-kerekpar\/roglic-ott-lesz-a-vueltan-bernal-a-dan-koron-tert-vissza-dumoulin-vegleg-abbahagyja\/","url":"https:\/\/www.welovecycling.com\/hu\/orszaguti-kerekpar\/roglic-ott-lesz-a-vueltan-bernal-a-dan-koron-tert-vissza-dumoulin-vegleg-abbahagyja\/","name":"Rogli\u010d ott lesz a Vuelt\u00e1n, Bernal a d\u00e1n k\u00f6r\u00f6n t\u00e9rt vissza, Dumoulin v\u00e9gleg abbahagyja - \u0160koda We Love Cycling - Magyarorsz\u00e1g","isPartOf":{"@id":"https:\/\/www.welovecycling.com\/hu\/#website"},"primaryImageOfPage":{"@id":"https:\/\/www.welovecycling.com\/hu\/orszaguti-kerekpar\/roglic-ott-lesz-a-vueltan-bernal-a-dan-koron-tert-vissza-dumoulin-vegleg-abbahagyja\/#primaryimage"},"image":{"@id":"https:\/\/www.welovecycling.com\/hu\/orszaguti-kerekpar\/roglic-ott-lesz-a-vueltan-bernal-a-dan-koron-tert-vissza-dumoulin-vegleg-abbahagyja\/#primaryimage"},"thumbnailUrl":"https:\/\/d2p6e6u75xmxt8.cloudfront.net\/12\/2022\/08\/8nBT8fyWWgcTMx3Gy3VdYj-1200-80.jpg","datePublished":"2022-08-17T08:15:15+00:00","author":{"@id":"https:\/\/www.welovecycling.com\/hu\/#\/schema\/person\/bec7dcdbcc59f58489cf603e4040ced1"},"breadcrumb":{"@id":"https:\/\/www.welovecycling.com\/hu\/orszaguti-kerekpar\/roglic-ott-lesz-a-vueltan-bernal-a-dan-koron-tert-vissza-dumoulin-vegleg-abbahagyja\/#breadcrumb"},"inLanguage":"hu","potentialAction":[{"@type":"ReadAction","target":["https:\/\/www.welovecycling.com\/hu\/orszaguti-kerekpar\/roglic-ott-lesz-a-vueltan-bernal-a-dan-koron-tert-vissza-dumoulin-vegleg-abbahagyja\/"]}]},{"@type":"ImageObject","inLanguage":"hu","@id":"https:\/\/www.welovecycling.com\/hu\/orszaguti-kerekpar\/roglic-ott-lesz-a-vueltan-bernal-a-dan-koron-tert-vissza-dumoulin-vegleg-abbahagyja\/#primaryimage","url":"https:\/\/d2p6e6u75xmxt8.cloudfront.net\/12\/2022\/08\/8nBT8fyWWgcTMx3Gy3VdYj-1200-80.jpg","contentUrl":"https:\/\/d2p6e6u75xmxt8.cloudfront.net\/12\/2022\/08\/8nBT8fyWWgcTMx3Gy3VdYj-1200-80.jpg","width":1024,"height":683},{"@type":"BreadcrumbList","@id":"https:\/\/www.welovecycling.com\/hu\/orszaguti-kerekpar\/roglic-ott-lesz-a-vueltan-bernal-a-dan-koron-tert-vissza-dumoulin-vegleg-abbahagyja\/#breadcrumb","itemListElement":[{"@type":"ListItem","position":1,"name":"Home","item":"https:\/\/www.welovecycling.com\/hu\/"},{"@type":"ListItem","position":2,"name":"Rogli\u010d ott lesz a Vuelt\u00e1n, Bernal a d\u00e1n k\u00f6r\u00f6n t\u00e9rt vissza, Dumoulin v\u00e9gleg abbahagyja"}]},{"@type":"WebSite","@id":"https:\/\/www.welovecycling.com\/hu\/#website","url":"https:\/\/www.welovecycling.com\/hu\/","name":"\u0160koda We Love Cycling - Magyarorsz\u00e1g","description":"\u0160koda WeLoveCycling","potentialAction":[{"@type":"SearchAction","target":{"@type":"EntryPoint","urlTemplate":"https:\/\/www.welovecycling.com\/hu\/?s={search_term_string}"},"query-input":{"@type":"PropertyValueSpecification","valueRequired":true,"valueName":"search_term_string"}}],"inLanguage":"hu"},{"@type":"Person","@id":"https:\/\/www.welovecycling.com\/hu\/#\/schema\/person\/bec7dcdbcc59f58489cf603e4040ced1","name":"kitti","image":{"@type":"ImageObject","inLanguage":"hu","@id":"https:\/\/www.welovecycling.com\/hu\/#\/schema\/person\/image\/","url":"https:\/\/secure.gravatar.com\/avatar\/e3196a110e1b57b96f56d92d10ce9bb4e9d7210076832a16243337e949410b52?s=96&d=mm&r=g","contentUrl":"https:\/\/secure.gravatar.com\/avatar\/e3196a110e1b57b96f56d92d10ce9bb4e9d7210076832a16243337e949410b52?s=96&d=mm&r=g","caption":"kitti"},"url":"https:\/\/www.welovecycling.com\/hu\/author\/kitti\/"}]}},"_links":{"self":[{"href":"https:\/\/www.welovecycling.com\/hu\/wp-json\/wp\/v2\/posts\/15631","targetHints":{"allow":["GET"]}}],"collection":[{"href":"https:\/\/www.welovecycling.com\/hu\/wp-json\/wp\/v2\/posts"}],"about":[{"href":"https:\/\/www.welovecycling.com\/hu\/wp-json\/wp\/v2\/types\/post"}],"author":[{"embeddable":true,"href":"https:\/\/www.welovecycling.com\/hu\/wp-json\/wp\/v2\/users\/145"}],"replies":[{"embeddable":true,"href":"https:\/\/www.welovecycling.com\/hu\/wp-json\/wp\/v2\/comments?post=15631"}],"version-history":[{"count":2,"href":"https:\/\/www.welovecycling.com\/hu\/wp-json\/wp\/v2\/posts\/15631\/revisions"}],"predecessor-version":[{"id":15638,"href":"https:\/\/www.welovecycling.com\/hu\/wp-json\/wp\/v2\/posts\/15631\/revisions\/15638"}],"wp:featuredmedia":[{"embeddable":true,"href":"https:\/\/www.welovecycling.com\/hu\/wp-json\/wp\/v2\/media\/15632"}],"wp:attachment":[{"href":"https:\/\/www.welovecycling.com\/hu\/wp-json\/wp\/v2\/media?parent=15631"}],"wp:term":[{"taxonomy":"category","embeddable":true,"href":"https:\/\/www.welovecycling.com\/hu\/wp-json\/wp\/v2\/categories?post=15631"},{"taxonomy":"post_tag","embeddable":true,"href":"https:\/\/www.welovecycling.com\/hu\/wp-json\/wp\/v2\/tags?post=15631"},{"taxonomy":"global-categories","embeddable":true,"href":"https:\/\/www.welovecycling.com\/hu\/wp-json\/wp\/v2\/global-categories?post=15631"}],"curies":[{"name":"wp","href":"https:\/\/api.w.org\/{rel}","templated":true}]}}