{"id":15614,"date":"2022-08-20T08:00:19","date_gmt":"2022-08-20T06:00:19","guid":{"rendered":"https:\/\/www.welovecycling.com\/hu\/?p=15614"},"modified":"2022-08-15T13:58:27","modified_gmt":"2022-08-15T11:58:27","slug":"hogy-szallitsd-biztonsagosan-elektromos-kerekparodat","status":"publish","type":"post","link":"https:\/\/www.welovecycling.com\/hu\/biztonsag\/hogy-szallitsd-biztonsagosan-elektromos-kerekparodat\/","title":{"rendered":"Hogy sz\u00e1ll\u00edtsd biztons\u00e1gosan elektromos ker\u00e9kp\u00e1rodat?"},"content":{"rendered":"<p><strong>A leg\u00fajabb fejleszt\u00e9seknek h\u00e1la, m\u00e1r alig lehet megk\u00fcl\u00f6nb\u00f6ztetni egy modern e-bike-ot egy hagyom\u00e1nyos ker\u00e9kp\u00e1rt\u00f3l, de az\u00e9rt akad n\u00e9h\u00e1ny elt\u00e9r\u0151 von\u00e1s. Az \u00e9rezhet\u0151en nagyobb s\u00faly, az akkumul\u00e1torra vonatkoz\u00f3 t\u00f6rv\u00e9nyek \u00e9s a k\u00fcl\u00f6nb\u00f6z\u0151 elektronikus alkatr\u00e9szek s\u00e9r\u00fcl\u00e9kenys\u00e9ge a h\u00e1rom legfontosabb szempont, melyet figyelembe kell venni, ha egy e-bike-ot aut\u00f3val, vonattal vagy ak\u00e1r rep\u00fcl\u0151vel sz\u00e1ll\u00edtunk.<\/strong><\/p>\n<p><!--more--><\/p>\n<h2><strong>Tet\u0151re vagy von\u00f3horogra szerelt ker\u00e9kp\u00e1rtart\u00f3?<\/strong><\/h2>\n<p>Egy e-bike \u00e1tlagos s\u00falya k\u00e9tszer akkora is lehet, mint egy hagyom\u00e1nyos ker\u00e9kp\u00e1rnak (ak\u00e1r 25 kg). Ez\u00e9rt m\u00e9g a legkem\u00e9nyebb ker\u00e9kp\u00e1rosok sz\u00e1m\u00e1ra is f\u00e9lelmetes feladatnak t\u0171nhet megemelni \u00e9s a tet\u0151re r\u00f6gz\u00edteni ezt a neh\u00e9z f\u00e9msz\u00f6rnyeteget. Egy\u00e9rtelm\u0171 h\u00e1t, hogy a von\u00f3horogra szerelhet\u0151 ker\u00e9kp\u00e1rtart\u00f3 a jobb v\u00e1laszt\u00e1s. Nemcsak a s\u00e9r\u00fcl\u00e9svesz\u00e9ly miatt, vagy mert k\u00e1rt okozhat az aut\u00f3ban, hanem mert minden ker\u00e9kp\u00e1rtart\u00f3nak van egy maxim\u00e1lis teherb\u00edr\u00e1sa, amit nem lehet figyelmen k\u00edv\u00fcl hagyni.<\/p>\n<figure id=\"attachment_15615\" aria-describedby=\"caption-attachment-15615\" style=\"width: 1377px\" class=\"wp-caption alignnone\"><img loading=\"lazy\" decoding=\"async\" class=\"wp-image-15615 size-full\" src=\"https:\/\/d2p6e6u75xmxt8.cloudfront.net\/12\/2022\/08\/skoda-octavia-scout-cyclist-1.jpg\" alt=\"\" width=\"1377\" height=\"918\" srcset=\"https:\/\/d2p6e6u75xmxt8.cloudfront.net\/12\/2022\/08\/skoda-octavia-scout-cyclist-1.jpg 1377w, https:\/\/d2p6e6u75xmxt8.cloudfront.net\/12\/2022\/08\/skoda-octavia-scout-cyclist-1-300x200.jpg 300w, https:\/\/d2p6e6u75xmxt8.cloudfront.net\/12\/2022\/08\/skoda-octavia-scout-cyclist-1-1024x683.jpg 1024w, https:\/\/d2p6e6u75xmxt8.cloudfront.net\/12\/2022\/08\/skoda-octavia-scout-cyclist-1-768x512.jpg 768w, https:\/\/d2p6e6u75xmxt8.cloudfront.net\/12\/2022\/08\/skoda-octavia-scout-cyclist-1-272x182.jpg 272w\" sizes=\"auto, (max-width: 1377px) 100vw, 1377px\" \/><figcaption id=\"caption-attachment-15615\" class=\"wp-caption-text\"><em>Az elektromos ker\u00e9kp\u00e1rok n\u00e9melyike ak\u00e1r 25 kilogrammot is nyomhat, ez\u00e9rt a von\u00f3horogra szerelt ker\u00e9kp\u00e1rtart\u00f3 jobb v\u00e1laszt\u00e1snak t\u0171nik.<\/em><\/figcaption><\/figure>\n<h2><strong>Meg kell felelned a s\u00falyk\u00f6vetelm\u00e9nyeknek!<\/strong><\/h2>\n<p>Az e-bike els\u0151 sz\u00e1ll\u00edt\u00e1sa el\u0151tt olvasd el a k\u00e9zik\u00f6nyvet, hogy elker\u00fcld a kellemetlens\u00e9geket. Az aut\u00f3p\u00e1ly\u00e1n kergetni az aut\u00f3r\u00f3l lerep\u00fclt \u00e9s rak\u00e9tak\u00e9nt elsz\u00e1guld\u00f3 bring\u00e1dat vitathatatlanul azok k\u00f6z\u00e9 az \u00e9lm\u00e9nyek k\u00f6z\u00e9 tartozik, melyeket sosem szeretn\u00e9l \u00e1t\u00e9lni. Egy p\u00e1r 50 kg-os e-bike sz\u00e1ll\u00edt\u00e1sa teljesen m\u00e1s, mint mikor k\u00e9t 20 kg \u00f6sszs\u00faly\u00fa orsz\u00e1g\u00fati ker\u00e9kp\u00e1rt viszel magaddal. Fontos, hogy hevederek seg\u00edts\u00e9g\u00e9vel a lehet\u0151 legszorosabban r\u00f6gz\u00edtsd az e-ker\u00e9kp\u00e1rok kerekeit, hogy ne imbolyogjanak, \u00e9s k\u00e9tszer is ellen\u0151rizd, hogy a von\u00f3horogra szerelt ker\u00e9kp\u00e1rok oldalon se l\u00f3gjanak 20 cm-n\u00e9l jobban t\u00fal az aut\u00f3n.<\/p>\n<h2><strong>Mire kell vigy\u00e1znod?<\/strong><\/h2>\n<p>Hallani olyan pletyk\u00e1kat, hogy n\u00e9h\u00e1ny eur\u00f3pai orsz\u00e1gban hamarosan betiltj\u00e1k az akkumul\u00e1torral felszerelt e-ker\u00e9kp\u00e1rok tet\u0151csomagtart\u00f3n t\u00f6rt\u00e9n\u0151 sz\u00e1ll\u00edt\u00e1s\u00e1t. Nos, az aggodalmak megalapozottak. Egy ilyen e-bike sz\u00e1ll\u00edt\u00e1sa el\u0151tt \u00e9rdemes elt\u00e1vol\u00edtani annak akkumul\u00e1tor\u00e1t, ugyanis ez cs\u00f6kkentheti a csomagtart\u00f3 \u00e1llv\u00e1ny teljes terhel\u00e9s\u00e9t. Ha az akkumul\u00e1tort \u00e9s a motorvez\u00e9rl\u0151 egys\u00e9get is ink\u00e1bb az aut\u00f3ban sz\u00e1ll\u00edtod, nemcsak az \u00e1llv\u00e1nyt mentes\u00edted a t\u00falzott terhel\u00e9st\u0151l, hanem ezeket az \u00e9rz\u00e9keny alkatr\u00e9szeket is sz\u00e1raz, es\u0151t\u0151l j\u00f3l v\u00e9dett helyen tarthatod. Fontos figyelni arra is, hogy miut\u00e1n elt\u00e1vol\u00edtasz egy alkatr\u00e9szt, az \u00e1tnedvesed\u00e9s elker\u00fcl\u00e9se \u00e9rdek\u00e9ben takard le azt a hivatalos keresked\u0151k \u00e1ltal biztos\u00edtott v\u00edz\u00e1ll\u00f3 ponyv\u00e1val. B\u00e1r az akkumul\u00e1tor elt\u00e1vol\u00edt\u00e1sa bonyolultnak t\u0171nhet, a legt\u00f6bb gy\u00e1rt\u00f3 azt tan\u00e1csolja, hogy ezt mindenk\u00e9pp tedd meg, ha \u00e9pp nem haszn\u00e1lod a biciklit. Arr\u00f3l is fontos meggy\u0151z\u0151dn\u00f6d, hogy megfelel\u0151en z\u00e1rd le a ker\u00e9kp\u00e1rt, mikor fel\u00fcgyelet n\u00e9lk\u00fcl hagyod.<\/p>\n<figure id=\"attachment_15616\" aria-describedby=\"caption-attachment-15616\" style=\"width: 1920px\" class=\"wp-caption alignnone\"><img loading=\"lazy\" decoding=\"async\" class=\"size-full wp-image-15616\" src=\"https:\/\/d2p6e6u75xmxt8.cloudfront.net\/12\/2022\/08\/Powerfly5WEU_19_23182_A_Portrait.jpg\" alt=\"\" width=\"1920\" height=\"1440\" srcset=\"https:\/\/d2p6e6u75xmxt8.cloudfront.net\/12\/2022\/08\/Powerfly5WEU_19_23182_A_Portrait.jpg 1920w, https:\/\/d2p6e6u75xmxt8.cloudfront.net\/12\/2022\/08\/Powerfly5WEU_19_23182_A_Portrait-300x225.jpg 300w, https:\/\/d2p6e6u75xmxt8.cloudfront.net\/12\/2022\/08\/Powerfly5WEU_19_23182_A_Portrait-1024x768.jpg 1024w, https:\/\/d2p6e6u75xmxt8.cloudfront.net\/12\/2022\/08\/Powerfly5WEU_19_23182_A_Portrait-768x576.jpg 768w, https:\/\/d2p6e6u75xmxt8.cloudfront.net\/12\/2022\/08\/Powerfly5WEU_19_23182_A_Portrait-1536x1152.jpg 1536w\" sizes=\"auto, (max-width: 1920px) 100vw, 1920px\" \/><figcaption id=\"caption-attachment-15616\" class=\"wp-caption-text\">Trek Powerfly 5<\/figcaption><\/figure>\n<h2><strong>Utazz ink\u00e1bb vonattal!<\/strong><\/h2>\n<p>Az eur\u00f3pai vas\u00fatt\u00e1rsas\u00e1gok, p\u00e9ld\u00e1ul a n\u00e9met Deutsche Bahn, az osztr\u00e1k \u00d6BB vagy a sv\u00e1jci SBB weboldalain r\u00e9szletes szab\u00e1lyokat tal\u00e1lsz a vonaton t\u00f6rt\u00e9n\u0151 ker\u00e9kp\u00e1rsz\u00e1ll\u00edt\u00e1sr\u00f3l. A biciklivel t\u00f6rt\u00e9n\u0151 vonatoz\u00e1s a legt\u00f6bb esetben nem bonyolult, csak megfelel\u0151 jegyet kell v\u00e1ltanod, \u00e9s egy\u00fctt kell \u00e9lned a tudattal, hogy a ker\u00e9kp\u00e1rodat vagy az erre a c\u00e9lra kijel\u00f6lt \u00e1llv\u00e1nyokra akasztva, vagy k\u00fcl\u00f6n kocsiban sz\u00e1ll\u00edtj\u00e1k majd. A csatlakoz\u00e1sok el\u00e9r\u00e9se \u00e9rdek\u00e9ben fontos sz\u00e1molnod a bicikli sz\u00e1ll\u00edt\u00e1sa miatt megn\u00f6vekedett fel- \u00e9s lesz\u00e1ll\u00e1si id\u0151vel is.<\/p>\n<h2><strong>A rep\u00fcl\u00e9s szinte lehetetlen<\/strong><\/h2>\n<p>Az e-ker\u00e9kp\u00e1r akkumul\u00e1tora a vesz\u00e9lyes t\u00e1rgyak k\u00f6z\u00e9 tartozik, \u00e9s mint ilyen, ki van tiltva a rep\u00fcl\u0151g\u00e9pekr\u0151l, f\u00fcggetlen\u00fcl att\u00f3l, hogy a ker\u00e9kp\u00e1rra er\u0151s\u00edtve vagy a t\u00e1sk\u00e1dban t\u00e1rolva viszed-e magaddal. Ez a szab\u00e1lyoz\u00e1s szinte ellehetetlen\u00edti az e-bring\u00e1val val\u00f3 rep\u00fcl\u00e9st. B\u00e1r magad ut\u00e1n k\u00fcldheted egy tehersz\u00e1ll\u00edt\u00f3 rep\u00fcl\u0151g\u00e9ppel, de m\u00e9g ebben az esetben is k\u00fcl\u00f6n kell csomagolnod az akkumul\u00e1tort, \u00e9s a sz\u00e1ll\u00edt\u00e1shoz be kell szerezned egy speci\u00e1lis biztons\u00e1gi tan\u00fas\u00edtv\u00e1nyt is. Ha ink\u00e1bb kihagyn\u00e1d ezeket a b\u00fcrokratikus l\u00e9p\u00e9seket, tal\u00e1n az a legjobb megold\u00e1s, ha b\u00e9relsz egy e-bike-ot a c\u00e9l\u00e1llom\u00e1son.<\/p>\n<p><img id=\"hzDownscaled\" style=\"position: absolute; top: -10000px;\" \/><\/p>\n<p><img id=\"hzDownscaled\" style=\"position: absolute; top: -10000px;\" \/><\/p>\n<p><img id=\"hzDownscaled\" style=\"position: absolute; top: -10000px;\" \/><\/p>\n<p><img id=\"hzDownscaled\" style=\"position: absolute; top: -10000px;\" \/><\/p>\n<p><img id=\"hzDownscaled\" style=\"position: absolute; top: -10000px;\" \/><\/p>\n<p><img id=\"hzDownscaled\" style=\"position: absolute; top: -10000px;\" \/><img id=\"hzDownscaled\" style=\"position: absolute; top: -10000px;\" \/><img id=\"hzDownscaled\" style=\"position: absolute; top: -10000px;\" \/><img id=\"hzDownscaled\" style=\"position: absolute; top: -10000px;\" \/><\/p>\n","protected":false},"excerpt":{"rendered":"<p>A leg\u00fajabb fejleszt\u00e9seknek h\u00e1la, m\u00e1r alig lehet megk\u00fcl\u00f6nb\u00f6ztetni egy modern e-bike-ot egy hagyom\u00e1nyos ker\u00e9kp\u00e1rt\u00f3l, de az\u00e9rt akad n\u00e9h\u00e1ny elt\u00e9r\u0151 von\u00e1s. [&hellip;]<\/p>\n","protected":false},"author":71,"featured_media":15618,"comment_status":"open","ping_status":"open","sticky":false,"template":"","format":"standard","meta":{"footnotes":""},"categories":[10],"tags":[],"global-categories":[],"class_list":["post-15614","post","type-post","status-publish","format-standard","has-post-thumbnail","hentry","category-biztonsag"],"yoast_head":"<!-- This site is optimized with the Yoast SEO Premium plugin v25.3 (Yoast SEO v25.9) - https:\/\/yoast.com\/wordpress\/plugins\/seo\/ -->\n<title>Hogy sz\u00e1ll\u00edtsd biztons\u00e1gosan elektromos ker\u00e9kp\u00e1rodat?<\/title>\n<meta name=\"description\" content=\"A leg\u00fajabb fejleszt\u00e9seknek h\u00e1la, m\u00e1r alig lehet megk\u00fcl\u00f6nb\u00f6ztetni egy modern e-bike-ot egy hagyom\u00e1nyos ker\u00e9kp\u00e1rt\u00f3l, de az\u00e9rt akad n\u00e9h\u00e1ny elt\u00e9r\u0151 von\u00e1s. Az \u00e9rezhet\u0151en nagyobb s\u00faly, az akkumul\u00e1torra vonatkoz\u00f3 t\u00f6rv\u00e9nyek \u00e9s a k\u00fcl\u00f6nb\u00f6z\u0151 elektronikus alkatr\u00e9szek s\u00e9r\u00fcl\u00e9kenys\u00e9ge a h\u00e1rom legfontosabb szempont, melyet figyelembe kell venni, ha egy e-bike-ot aut\u00f3val, vonattal vagy ak\u00e1r rep\u00fcl\u0151vel sz\u00e1ll\u00edtunk.\" \/>\n<meta name=\"robots\" content=\"index, follow, max-snippet:-1, max-image-preview:large, max-video-preview:-1\" \/>\n<link rel=\"canonical\" href=\"https:\/\/www.welovecycling.com\/hu\/biztonsag\/hogy-szallitsd-biztonsagosan-elektromos-kerekparodat\/\" \/>\n<meta property=\"og:locale\" content=\"hu_HU\" \/>\n<meta property=\"og:type\" content=\"article\" \/>\n<meta property=\"og:title\" content=\"Hogy sz\u00e1ll\u00edtsd biztons\u00e1gosan elektromos ker\u00e9kp\u00e1rodat?\" \/>\n<meta property=\"og:description\" content=\"A leg\u00fajabb fejleszt\u00e9seknek h\u00e1la, m\u00e1r alig lehet megk\u00fcl\u00f6nb\u00f6ztetni egy modern e-bike-ot egy hagyom\u00e1nyos ker\u00e9kp\u00e1rt\u00f3l, de az\u00e9rt akad n\u00e9h\u00e1ny elt\u00e9r\u0151 von\u00e1s. Az \u00e9rezhet\u0151en nagyobb s\u00faly, az akkumul\u00e1torra vonatkoz\u00f3 t\u00f6rv\u00e9nyek \u00e9s a k\u00fcl\u00f6nb\u00f6z\u0151 elektronikus alkatr\u00e9szek s\u00e9r\u00fcl\u00e9kenys\u00e9ge a h\u00e1rom legfontosabb szempont, melyet figyelembe kell venni, ha egy e-bike-ot aut\u00f3val, vonattal vagy ak\u00e1r rep\u00fcl\u0151vel sz\u00e1ll\u00edtunk.\" \/>\n<meta property=\"og:url\" content=\"https:\/\/www.welovecycling.com\/hu\/biztonsag\/hogy-szallitsd-biztonsagosan-elektromos-kerekparodat\/\" \/>\n<meta property=\"og:site_name\" content=\"\u0160koda We Love Cycling - Magyarorsz\u00e1g\" \/>\n<meta property=\"article:publisher\" content=\"https:\/\/www.facebook.com\/WeLoveCyclingHungary\/\" \/>\n<meta property=\"article:published_time\" content=\"2022-08-20T06:00:19+00:00\" \/>\n<meta property=\"og:image\" content=\"https:\/\/d2p6e6u75xmxt8.cloudfront.net\/12\/2022\/08\/E-bike-CVR-profimedia-0469804329.jpg\" \/>\n\t<meta property=\"og:image:width\" content=\"1366\" \/>\n\t<meta property=\"og:image:height\" content=\"600\" \/>\n\t<meta property=\"og:image:type\" content=\"image\/jpeg\" \/>\n<meta name=\"author\" content=\"hegyizs\" \/>\n<meta name=\"twitter:card\" content=\"summary_large_image\" \/>\n<meta name=\"twitter:label1\" content=\"Written by\" \/>\n\t<meta name=\"twitter:data1\" content=\"Adam Marsal\" \/>\n\t<meta name=\"twitter:label2\" content=\"Est. reading time\" \/>\n\t<meta name=\"twitter:data2\" content=\"5\" \/>\n<script type=\"application\/ld+json\" class=\"yoast-schema-graph\">{\"@context\":\"https:\/\/schema.org\",\"@graph\":[{\"@type\":\"WebPage\",\"@id\":\"https:\/\/www.welovecycling.com\/hu\/biztonsag\/hogy-szallitsd-biztonsagosan-elektromos-kerekparodat\/\",\"url\":\"https:\/\/www.welovecycling.com\/hu\/biztonsag\/hogy-szallitsd-biztonsagosan-elektromos-kerekparodat\/\",\"name\":\"Hogy sz\u00e1ll\u00edtsd biztons\u00e1gosan elektromos ker\u00e9kp\u00e1rodat?\",\"isPartOf\":{\"@id\":\"https:\/\/www.welovecycling.com\/hu\/#website\"},\"primaryImageOfPage\":{\"@id\":\"https:\/\/www.welovecycling.com\/hu\/biztonsag\/hogy-szallitsd-biztonsagosan-elektromos-kerekparodat\/#primaryimage\"},\"image\":{\"@id\":\"https:\/\/www.welovecycling.com\/hu\/biztonsag\/hogy-szallitsd-biztonsagosan-elektromos-kerekparodat\/#primaryimage\"},\"thumbnailUrl\":\"https:\/\/d2p6e6u75xmxt8.cloudfront.net\/12\/2022\/08\/E-bike-CVR-profimedia-0469804329.jpg\",\"datePublished\":\"2022-08-20T06:00:19+00:00\",\"author\":{\"@id\":\"https:\/\/www.welovecycling.com\/hu\/#\/schema\/person\/414a2aebf1801691a5320edb6468e194\"},\"description\":\"A leg\u00fajabb fejleszt\u00e9seknek h\u00e1la, m\u00e1r alig lehet megk\u00fcl\u00f6nb\u00f6ztetni egy modern e-bike-ot egy hagyom\u00e1nyos ker\u00e9kp\u00e1rt\u00f3l, de az\u00e9rt akad n\u00e9h\u00e1ny elt\u00e9r\u0151 von\u00e1s. Az \u00e9rezhet\u0151en nagyobb s\u00faly, az akkumul\u00e1torra vonatkoz\u00f3 t\u00f6rv\u00e9nyek \u00e9s a k\u00fcl\u00f6nb\u00f6z\u0151 elektronikus alkatr\u00e9szek s\u00e9r\u00fcl\u00e9kenys\u00e9ge a h\u00e1rom legfontosabb szempont, melyet figyelembe kell venni, ha egy e-bike-ot aut\u00f3val, vonattal vagy ak\u00e1r rep\u00fcl\u0151vel sz\u00e1ll\u00edtunk.\",\"breadcrumb\":{\"@id\":\"https:\/\/www.welovecycling.com\/hu\/biztonsag\/hogy-szallitsd-biztonsagosan-elektromos-kerekparodat\/#breadcrumb\"},\"inLanguage\":\"hu\",\"potentialAction\":[{\"@type\":\"ReadAction\",\"target\":[\"https:\/\/www.welovecycling.com\/hu\/biztonsag\/hogy-szallitsd-biztonsagosan-elektromos-kerekparodat\/\"]}]},{\"@type\":\"ImageObject\",\"inLanguage\":\"hu\",\"@id\":\"https:\/\/www.welovecycling.com\/hu\/biztonsag\/hogy-szallitsd-biztonsagosan-elektromos-kerekparodat\/#primaryimage\",\"url\":\"https:\/\/d2p6e6u75xmxt8.cloudfront.net\/12\/2022\/08\/E-bike-CVR-profimedia-0469804329.jpg\",\"contentUrl\":\"https:\/\/d2p6e6u75xmxt8.cloudfront.net\/12\/2022\/08\/E-bike-CVR-profimedia-0469804329.jpg\",\"width\":1366,\"height\":600},{\"@type\":\"BreadcrumbList\",\"@id\":\"https:\/\/www.welovecycling.com\/hu\/biztonsag\/hogy-szallitsd-biztonsagosan-elektromos-kerekparodat\/#breadcrumb\",\"itemListElement\":[{\"@type\":\"ListItem\",\"position\":1,\"name\":\"Home\",\"item\":\"https:\/\/www.welovecycling.com\/hu\/\"},{\"@type\":\"ListItem\",\"position\":2,\"name\":\"Hogy sz\u00e1ll\u00edtsd biztons\u00e1gosan elektromos ker\u00e9kp\u00e1rodat?\"}]},{\"@type\":\"WebSite\",\"@id\":\"https:\/\/www.welovecycling.com\/hu\/#website\",\"url\":\"https:\/\/www.welovecycling.com\/hu\/\",\"name\":\"\u0160koda We Love Cycling - Magyarorsz\u00e1g\",\"description\":\"\u0160koda WeLoveCycling\",\"potentialAction\":[{\"@type\":\"SearchAction\",\"target\":{\"@type\":\"EntryPoint\",\"urlTemplate\":\"https:\/\/www.welovecycling.com\/hu\/?s={search_term_string}\"},\"query-input\":{\"@type\":\"PropertyValueSpecification\",\"valueRequired\":true,\"valueName\":\"search_term_string\"}}],\"inLanguage\":\"hu\"},{\"@type\":\"Person\",\"@id\":\"https:\/\/www.welovecycling.com\/hu\/#\/schema\/person\/414a2aebf1801691a5320edb6468e194\",\"name\":\"hegyizs\",\"image\":{\"@type\":\"ImageObject\",\"inLanguage\":\"hu\",\"@id\":\"https:\/\/www.welovecycling.com\/hu\/#\/schema\/person\/image\/\",\"url\":\"https:\/\/secure.gravatar.com\/avatar\/02cf8a7906b8cf90cecb4679defac7cfd33a1c2e3b88e4903d947f3bb58eedd3?s=96&d=mm&r=g\",\"contentUrl\":\"https:\/\/secure.gravatar.com\/avatar\/02cf8a7906b8cf90cecb4679defac7cfd33a1c2e3b88e4903d947f3bb58eedd3?s=96&d=mm&r=g\",\"caption\":\"hegyizs\"},\"url\":\"https:\/\/www.welovecycling.com\/hu\/author\/hegyizs\/\"}]}<\/script>\n<!-- \/ Yoast SEO Premium plugin. -->","yoast_head_json":{"title":"Hogy sz\u00e1ll\u00edtsd biztons\u00e1gosan elektromos ker\u00e9kp\u00e1rodat?","description":"A leg\u00fajabb fejleszt\u00e9seknek h\u00e1la, m\u00e1r alig lehet megk\u00fcl\u00f6nb\u00f6ztetni egy modern e-bike-ot egy hagyom\u00e1nyos ker\u00e9kp\u00e1rt\u00f3l, de az\u00e9rt akad n\u00e9h\u00e1ny elt\u00e9r\u0151 von\u00e1s. Az \u00e9rezhet\u0151en nagyobb s\u00faly, az akkumul\u00e1torra vonatkoz\u00f3 t\u00f6rv\u00e9nyek \u00e9s a k\u00fcl\u00f6nb\u00f6z\u0151 elektronikus alkatr\u00e9szek s\u00e9r\u00fcl\u00e9kenys\u00e9ge a h\u00e1rom legfontosabb szempont, melyet figyelembe kell venni, ha egy e-bike-ot aut\u00f3val, vonattal vagy ak\u00e1r rep\u00fcl\u0151vel sz\u00e1ll\u00edtunk.","robots":{"index":"index","follow":"follow","max-snippet":"max-snippet:-1","max-image-preview":"max-image-preview:large","max-video-preview":"max-video-preview:-1"},"canonical":"https:\/\/www.welovecycling.com\/hu\/biztonsag\/hogy-szallitsd-biztonsagosan-elektromos-kerekparodat\/","og_locale":"hu_HU","og_type":"article","og_title":"Hogy sz\u00e1ll\u00edtsd biztons\u00e1gosan elektromos ker\u00e9kp\u00e1rodat?","og_description":"A leg\u00fajabb fejleszt\u00e9seknek h\u00e1la, m\u00e1r alig lehet megk\u00fcl\u00f6nb\u00f6ztetni egy modern e-bike-ot egy hagyom\u00e1nyos ker\u00e9kp\u00e1rt\u00f3l, de az\u00e9rt akad n\u00e9h\u00e1ny elt\u00e9r\u0151 von\u00e1s. Az \u00e9rezhet\u0151en nagyobb s\u00faly, az akkumul\u00e1torra vonatkoz\u00f3 t\u00f6rv\u00e9nyek \u00e9s a k\u00fcl\u00f6nb\u00f6z\u0151 elektronikus alkatr\u00e9szek s\u00e9r\u00fcl\u00e9kenys\u00e9ge a h\u00e1rom legfontosabb szempont, melyet figyelembe kell venni, ha egy e-bike-ot aut\u00f3val, vonattal vagy ak\u00e1r rep\u00fcl\u0151vel sz\u00e1ll\u00edtunk.","og_url":"https:\/\/www.welovecycling.com\/hu\/biztonsag\/hogy-szallitsd-biztonsagosan-elektromos-kerekparodat\/","og_site_name":"\u0160koda We Love Cycling - Magyarorsz\u00e1g","article_publisher":"https:\/\/www.facebook.com\/WeLoveCyclingHungary\/","article_published_time":"2022-08-20T06:00:19+00:00","og_image":[{"width":1366,"height":600,"url":"https:\/\/d2p6e6u75xmxt8.cloudfront.net\/12\/2022\/08\/E-bike-CVR-profimedia-0469804329.jpg","type":"image\/jpeg"}],"author":"hegyizs","twitter_card":"summary_large_image","twitter_misc":{"Written by":"Adam Marsal","Est. reading time":"5"},"schema":{"@context":"https:\/\/schema.org","@graph":[{"@type":"WebPage","@id":"https:\/\/www.welovecycling.com\/hu\/biztonsag\/hogy-szallitsd-biztonsagosan-elektromos-kerekparodat\/","url":"https:\/\/www.welovecycling.com\/hu\/biztonsag\/hogy-szallitsd-biztonsagosan-elektromos-kerekparodat\/","name":"Hogy sz\u00e1ll\u00edtsd biztons\u00e1gosan elektromos ker\u00e9kp\u00e1rodat?","isPartOf":{"@id":"https:\/\/www.welovecycling.com\/hu\/#website"},"primaryImageOfPage":{"@id":"https:\/\/www.welovecycling.com\/hu\/biztonsag\/hogy-szallitsd-biztonsagosan-elektromos-kerekparodat\/#primaryimage"},"image":{"@id":"https:\/\/www.welovecycling.com\/hu\/biztonsag\/hogy-szallitsd-biztonsagosan-elektromos-kerekparodat\/#primaryimage"},"thumbnailUrl":"https:\/\/d2p6e6u75xmxt8.cloudfront.net\/12\/2022\/08\/E-bike-CVR-profimedia-0469804329.jpg","datePublished":"2022-08-20T06:00:19+00:00","author":{"@id":"https:\/\/www.welovecycling.com\/hu\/#\/schema\/person\/414a2aebf1801691a5320edb6468e194"},"description":"A leg\u00fajabb fejleszt\u00e9seknek h\u00e1la, m\u00e1r alig lehet megk\u00fcl\u00f6nb\u00f6ztetni egy modern e-bike-ot egy hagyom\u00e1nyos ker\u00e9kp\u00e1rt\u00f3l, de az\u00e9rt akad n\u00e9h\u00e1ny elt\u00e9r\u0151 von\u00e1s. Az \u00e9rezhet\u0151en nagyobb s\u00faly, az akkumul\u00e1torra vonatkoz\u00f3 t\u00f6rv\u00e9nyek \u00e9s a k\u00fcl\u00f6nb\u00f6z\u0151 elektronikus alkatr\u00e9szek s\u00e9r\u00fcl\u00e9kenys\u00e9ge a h\u00e1rom legfontosabb szempont, melyet figyelembe kell venni, ha egy e-bike-ot aut\u00f3val, vonattal vagy ak\u00e1r rep\u00fcl\u0151vel sz\u00e1ll\u00edtunk.","breadcrumb":{"@id":"https:\/\/www.welovecycling.com\/hu\/biztonsag\/hogy-szallitsd-biztonsagosan-elektromos-kerekparodat\/#breadcrumb"},"inLanguage":"hu","potentialAction":[{"@type":"ReadAction","target":["https:\/\/www.welovecycling.com\/hu\/biztonsag\/hogy-szallitsd-biztonsagosan-elektromos-kerekparodat\/"]}]},{"@type":"ImageObject","inLanguage":"hu","@id":"https:\/\/www.welovecycling.com\/hu\/biztonsag\/hogy-szallitsd-biztonsagosan-elektromos-kerekparodat\/#primaryimage","url":"https:\/\/d2p6e6u75xmxt8.cloudfront.net\/12\/2022\/08\/E-bike-CVR-profimedia-0469804329.jpg","contentUrl":"https:\/\/d2p6e6u75xmxt8.cloudfront.net\/12\/2022\/08\/E-bike-CVR-profimedia-0469804329.jpg","width":1366,"height":600},{"@type":"BreadcrumbList","@id":"https:\/\/www.welovecycling.com\/hu\/biztonsag\/hogy-szallitsd-biztonsagosan-elektromos-kerekparodat\/#breadcrumb","itemListElement":[{"@type":"ListItem","position":1,"name":"Home","item":"https:\/\/www.welovecycling.com\/hu\/"},{"@type":"ListItem","position":2,"name":"Hogy sz\u00e1ll\u00edtsd biztons\u00e1gosan elektromos ker\u00e9kp\u00e1rodat?"}]},{"@type":"WebSite","@id":"https:\/\/www.welovecycling.com\/hu\/#website","url":"https:\/\/www.welovecycling.com\/hu\/","name":"\u0160koda We Love Cycling - Magyarorsz\u00e1g","description":"\u0160koda WeLoveCycling","potentialAction":[{"@type":"SearchAction","target":{"@type":"EntryPoint","urlTemplate":"https:\/\/www.welovecycling.com\/hu\/?s={search_term_string}"},"query-input":{"@type":"PropertyValueSpecification","valueRequired":true,"valueName":"search_term_string"}}],"inLanguage":"hu"},{"@type":"Person","@id":"https:\/\/www.welovecycling.com\/hu\/#\/schema\/person\/414a2aebf1801691a5320edb6468e194","name":"hegyizs","image":{"@type":"ImageObject","inLanguage":"hu","@id":"https:\/\/www.welovecycling.com\/hu\/#\/schema\/person\/image\/","url":"https:\/\/secure.gravatar.com\/avatar\/02cf8a7906b8cf90cecb4679defac7cfd33a1c2e3b88e4903d947f3bb58eedd3?s=96&d=mm&r=g","contentUrl":"https:\/\/secure.gravatar.com\/avatar\/02cf8a7906b8cf90cecb4679defac7cfd33a1c2e3b88e4903d947f3bb58eedd3?s=96&d=mm&r=g","caption":"hegyizs"},"url":"https:\/\/www.welovecycling.com\/hu\/author\/hegyizs\/"}]}},"_links":{"self":[{"href":"https:\/\/www.welovecycling.com\/hu\/wp-json\/wp\/v2\/posts\/15614","targetHints":{"allow":["GET"]}}],"collection":[{"href":"https:\/\/www.welovecycling.com\/hu\/wp-json\/wp\/v2\/posts"}],"about":[{"href":"https:\/\/www.welovecycling.com\/hu\/wp-json\/wp\/v2\/types\/post"}],"author":[{"embeddable":true,"href":"https:\/\/www.welovecycling.com\/hu\/wp-json\/wp\/v2\/users\/71"}],"replies":[{"embeddable":true,"href":"https:\/\/www.welovecycling.com\/hu\/wp-json\/wp\/v2\/comments?post=15614"}],"version-history":[{"count":2,"href":"https:\/\/www.welovecycling.com\/hu\/wp-json\/wp\/v2\/posts\/15614\/revisions"}],"predecessor-version":[{"id":15619,"href":"https:\/\/www.welovecycling.com\/hu\/wp-json\/wp\/v2\/posts\/15614\/revisions\/15619"}],"wp:featuredmedia":[{"embeddable":true,"href":"https:\/\/www.welovecycling.com\/hu\/wp-json\/wp\/v2\/media\/15618"}],"wp:attachment":[{"href":"https:\/\/www.welovecycling.com\/hu\/wp-json\/wp\/v2\/media?parent=15614"}],"wp:term":[{"taxonomy":"category","embeddable":true,"href":"https:\/\/www.welovecycling.com\/hu\/wp-json\/wp\/v2\/categories?post=15614"},{"taxonomy":"post_tag","embeddable":true,"href":"https:\/\/www.welovecycling.com\/hu\/wp-json\/wp\/v2\/tags?post=15614"},{"taxonomy":"global-categories","embeddable":true,"href":"https:\/\/www.welovecycling.com\/hu\/wp-json\/wp\/v2\/global-categories?post=15614"}],"curies":[{"name":"wp","href":"https:\/\/api.w.org\/{rel}","templated":true}]}}