{"id":1561,"date":"2018-08-16T13:30:38","date_gmt":"2018-08-16T13:30:38","guid":{"rendered":"https:\/\/www.welovecycling.com\/hu\/?p=1561"},"modified":"2018-08-16T11:34:36","modified_gmt":"2018-08-16T11:34:36","slug":"simon-peti-aranyvilla-dij","status":"publish","type":"post","link":"https:\/\/www.welovecycling.com\/hu\/orszaguti-kerekpar\/simon-peti-aranyvilla-dij\/","title":{"rendered":"Interj\u00fa Simon Peti Aranyvilla d\u00edjassal"},"content":{"rendered":"<p><strong>Simon Peti tizenegyszeres magyar bajnok, de t\u00f6bb tucat nemzetk\u00f6zi versenyen is eredm\u00e9nyesen szerepelt m\u00e1r. \u0150 a Balaton-k\u00f6r abszol\u00fat cs\u00facstart\u00f3ja, 4 \u00f3ra 35 perc alatt teljes\u00edtette a t\u00e1vot. A harmadik Aranyvilla d\u00edjast k\u00e9rdezt\u00fck.<\/strong><\/p>\n<h2><!--more--><\/h2>\n<h2>Mikor kezdt\u00e9l ker\u00e9kp\u00e1rozni? Ki volt a p\u00e9ldak\u00e9ped?<\/h2>\n<p>2007-ben kezdtem el ker\u00e9kp\u00e1rozni, el\u0151tte h\u00e9t \u00e9vig versenyszinten \u00fasztam. A medence \u00e9s az edz\u00e9sek m\u00e1r t\u00fal monotonnak bizonyultak, \u00fagy \u00e9reztem, v\u00e1ltanom kell. Belecs\u00f6ppentem az \u201eArmstrong korszakba\u201d, term\u00e9szetesen nekem is \u0151 volt a p\u00e9ldak\u00e9pem. Azt\u00e1n nem sokkal k\u00e9s\u0151bb Alberto Contador, a spanyol t\u00f6bbsz\u00f6r\u00f6s Grand Tour gy\u0151ztes lett a legszimpatikusabb versenyz\u0151. Val\u00f3j\u00e1ban pont olyan ker\u00e9kp\u00e1ross\u00e1 akartam v\u00e1lni gyerekk\u00e9nt, amilyen \u0151 volt.<\/p>\n<p><a href=\"https:\/\/d2p6e6u75xmxt8.cloudfront.net\/12\/2018\/08\/BJP_8364.jpg\"><img loading=\"lazy\" decoding=\"async\" class=\"alignnone size-extra-large wp-image-1563\" src=\"https:\/\/d2p6e6u75xmxt8.cloudfront.net\/12\/2018\/08\/BJP_8364-1920x1280.jpg\" alt=\"Simon Peti Aranyvilla dij\" width=\"1920\" height=\"1280\" srcset=\"https:\/\/d2p6e6u75xmxt8.cloudfront.net\/12\/2018\/08\/BJP_8364-1920x1280.jpg 1920w, https:\/\/d2p6e6u75xmxt8.cloudfront.net\/12\/2018\/08\/BJP_8364-300x200.jpg 300w, https:\/\/d2p6e6u75xmxt8.cloudfront.net\/12\/2018\/08\/BJP_8364-768x512.jpg 768w, https:\/\/d2p6e6u75xmxt8.cloudfront.net\/12\/2018\/08\/BJP_8364-1024x682.jpg 1024w, https:\/\/d2p6e6u75xmxt8.cloudfront.net\/12\/2018\/08\/BJP_8364-272x182.jpg 272w, https:\/\/d2p6e6u75xmxt8.cloudfront.net\/12\/2018\/08\/BJP_8364.jpg 2000w, https:\/\/d2p6e6u75xmxt8.cloudfront.net\/12\/2018\/08\/BJP_8364-1920x1280.jpg 1920w\" sizes=\"auto, (max-width: 1920px) 100vw, 1920px\" \/><\/a><\/p>\n<h2>Milyen volt az els\u0151 bring\u00e1d?<\/h2>\n<p>Egy gy\u00f6ny\u00f6r\u0171 karbon Colnago. A szett term\u00e9szetesen Campagnolo volt rajta, hisz az olasz cs\u00facsm\u00e1rk\u00e1hoz ez duk\u00e1lt. Kb 8 \u00e9ves modell lehetett m\u00e1r akkor is, de \u00f3ri\u00e1si \u00e9lm\u00e9ny volt elkezdeni vele az orsz\u00e1g\u00fatiz\u00e1st.<\/p>\n<h2>Mi\u00e9rt az orsz\u00e1g\u00fati ker\u00e9kp\u00e1rt v\u00e1lasztottad?<\/h2>\n<p>Egyik legjobb bar\u00e1tom, Gayer M\u00e1ty\u00e1s hat\u00e1s\u00e1ra kezdtem el ker\u00e9kp\u00e1rozni. Az apuk\u00e1j\u00e1nak akkoriban Nagykanizs\u00e1n volt egy ker\u00e9kp\u00e1ros csapata, \u00edgy a csal\u00e1djuk mondhatni \u201cmegfert\u0151z\u00f6tt\u201d ezzel a sporttal. A mai napig h\u00e1l\u00e1s vagyok ez\u00e9rt Matyinak.<\/p>\n<p><a href=\"https:\/\/d2p6e6u75xmxt8.cloudfront.net\/12\/2018\/08\/BJP_8195.jpg\"><img loading=\"lazy\" decoding=\"async\" class=\"alignnone size-extra-large wp-image-1564\" src=\"https:\/\/d2p6e6u75xmxt8.cloudfront.net\/12\/2018\/08\/BJP_8195-1920x1280.jpg\" alt=\"Simon Peti Aranyvilla dij\" width=\"1920\" height=\"1280\" srcset=\"https:\/\/d2p6e6u75xmxt8.cloudfront.net\/12\/2018\/08\/BJP_8195-1920x1280.jpg 1920w, https:\/\/d2p6e6u75xmxt8.cloudfront.net\/12\/2018\/08\/BJP_8195-300x200.jpg 300w, https:\/\/d2p6e6u75xmxt8.cloudfront.net\/12\/2018\/08\/BJP_8195-768x512.jpg 768w, https:\/\/d2p6e6u75xmxt8.cloudfront.net\/12\/2018\/08\/BJP_8195-1024x682.jpg 1024w, https:\/\/d2p6e6u75xmxt8.cloudfront.net\/12\/2018\/08\/BJP_8195-272x182.jpg 272w, https:\/\/d2p6e6u75xmxt8.cloudfront.net\/12\/2018\/08\/BJP_8195.jpg 2000w, https:\/\/d2p6e6u75xmxt8.cloudfront.net\/12\/2018\/08\/BJP_8195-1920x1280.jpg 1920w\" sizes=\"auto, (max-width: 1920px) 100vw, 1920px\" \/><\/a><\/p>\n<h2>Melyik eredm\u00e9nyedre vagy a legb\u00fcszk\u00e9bb?<\/h2>\n<p>Az istriai ifi vil\u00e1gkup\u00e1n szerzett 17. helyez\u00e9s \u00e1ll a sz\u00edvemhez a legk\u00f6zelebb. Akkor m\u00e9g csak m\u00e1sf\u00e9l \u00e9ve ker\u00e9kp\u00e1roztam, m\u00e1r az is felemel\u0151 \u00e9rz\u00e9s volt, hogy gyerekk\u00e9nt rajthoz \u00e1llhattam egy ilyen nemzetk\u00f6zi mez\u0151nyben. Ez a helyez\u00e9s hozz\u00e1j\u00e1rult az azt k\u00f6vet\u0151 \u00e9vben rendezett szingap\u00fari ifi olimpiai kvalifik\u00e1ci\u00f3mhoz is.<\/p>\n<p>2013-ban indultam el\u0151sz\u00f6r Contadorral egy mez\u0151nyben. \u00d3ri\u00e1si \u00e9rz\u00e9s volt. Focis hasonlattal \u00e9lve ez olyan, mintha a nagykanizsai focista bar\u00e1taim egyszer Messivel j\u00e1tszhatn\u00e1nak t\u00e9tmeccset.<\/p>\n<p><a href=\"https:\/\/d2p6e6u75xmxt8.cloudfront.net\/12\/2018\/08\/BJP_8014.jpg\"><img loading=\"lazy\" decoding=\"async\" class=\"alignnone size-extra-large wp-image-1565\" src=\"https:\/\/d2p6e6u75xmxt8.cloudfront.net\/12\/2018\/08\/BJP_8014-1920x1280.jpg\" alt=\"Simon Peti Aranyvilla dij\" width=\"1920\" height=\"1280\" srcset=\"https:\/\/d2p6e6u75xmxt8.cloudfront.net\/12\/2018\/08\/BJP_8014-1920x1280.jpg 1920w, https:\/\/d2p6e6u75xmxt8.cloudfront.net\/12\/2018\/08\/BJP_8014-300x200.jpg 300w, https:\/\/d2p6e6u75xmxt8.cloudfront.net\/12\/2018\/08\/BJP_8014-768x512.jpg 768w, https:\/\/d2p6e6u75xmxt8.cloudfront.net\/12\/2018\/08\/BJP_8014-1024x682.jpg 1024w, https:\/\/d2p6e6u75xmxt8.cloudfront.net\/12\/2018\/08\/BJP_8014-272x182.jpg 272w, https:\/\/d2p6e6u75xmxt8.cloudfront.net\/12\/2018\/08\/BJP_8014.jpg 2000w, https:\/\/d2p6e6u75xmxt8.cloudfront.net\/12\/2018\/08\/BJP_8014-1920x1280.jpg 1920w\" sizes=\"auto, (max-width: 1920px) 100vw, 1920px\" \/><\/a><\/p>\n<h2>Szerinted kik azok a magyar orsz\u00e1g\u00fatisok, akikre a k\u00f6vetkez\u0151 \u00e9vekben \u00e9rdemes lesz figyelni?<\/h2>\n<p>T\u00f6bb ker\u00e9kp\u00e1rost is felsoroln\u00e9k: Pe\u00e1k Barna, Dina Dani, Dina M\u00e1rton, Valter Attila, Filut\u00e1s Viktor, Karl \u00c1d\u00e1m, Pelik\u00e1n J\u00e1nos, Lovassy Kriszti\u00e1n. \u0150k mind nagyon tehets\u00e9gesek.<\/p>\n<h2>Mit tan\u00e1csolsz azoknak, akik most kezdik a sportot?<\/h2>\n<p>A legfontosabb az, hogy kell\u0151 kitart\u00e1ssal \u00e9s al\u00e1zattal \u00e1lljunk hozz\u00e1 a ker\u00e9kp\u00e1roz\u00e1shoz. Az els\u0151 p\u00e9csi versenyemen \u201epuf\u00f3k \u00fasz\u00f3k\u00e9nt\u201d majdnem eld\u0151ltem a TV toronyhoz vezet\u0151 \u00faton felfel\u00e9, de m\u00e1r ott \u00e9reztem, hogy nekem ez kell. Kimondva, kimondatlanul is a vil\u00e1g egyik legnehezebb \u00e1ll\u00f3k\u00e9pess\u00e9gi sport\u00e1g\u00e1r\u00f3l besz\u00e9l\u00fcnk.<\/p>\n<p><a href=\"https:\/\/d2p6e6u75xmxt8.cloudfront.net\/12\/2018\/08\/BJP_8127.jpg\"><img loading=\"lazy\" decoding=\"async\" class=\"alignnone size-extra-large wp-image-1566\" src=\"https:\/\/d2p6e6u75xmxt8.cloudfront.net\/12\/2018\/08\/BJP_8127-1920x1280.jpg\" alt=\"Simon Peti Aranyvilla dij\" width=\"1920\" height=\"1280\" srcset=\"https:\/\/d2p6e6u75xmxt8.cloudfront.net\/12\/2018\/08\/BJP_8127-1920x1280.jpg 1920w, https:\/\/d2p6e6u75xmxt8.cloudfront.net\/12\/2018\/08\/BJP_8127-300x200.jpg 300w, https:\/\/d2p6e6u75xmxt8.cloudfront.net\/12\/2018\/08\/BJP_8127-768x512.jpg 768w, https:\/\/d2p6e6u75xmxt8.cloudfront.net\/12\/2018\/08\/BJP_8127-1024x682.jpg 1024w, https:\/\/d2p6e6u75xmxt8.cloudfront.net\/12\/2018\/08\/BJP_8127-272x182.jpg 272w, https:\/\/d2p6e6u75xmxt8.cloudfront.net\/12\/2018\/08\/BJP_8127.jpg 2000w, https:\/\/d2p6e6u75xmxt8.cloudfront.net\/12\/2018\/08\/BJP_8127-1920x1280.jpg 1920w\" sizes=\"auto, (max-width: 1920px) 100vw, 1920px\" \/><\/a><\/p>\n<h2>Mit tan\u00e1csolsz azoknak, akik szeretn\u00e9k versenyszinten \u0171zni az orsz\u00e1g\u00fati ker\u00e9kp\u00e1roz\u00e1st?<\/h2>\n<p>Neh\u00e9z megmondani p\u00e9ld\u00e1ul azt, hogy az elej\u00e9n hetente h\u00e1ny \u00f3r\u00e1t \u00e9rdemes gyakorolni. A legfontosabb, hogy beleszeress\u00fcnk a bring\u00e1z\u00e1sba. Ha ez megt\u00f6rt\u00e9nt, akkor majdnem garant\u00e1lt a fejl\u0151d\u00e9s. 15-16 \u00e9vesen maximum 10-15 \u00f3r\u00e1t edzettem hetente, ez ide\u00e1lis egy kezd\u0151nek is. Nagy lemond\u00e1sokkal j\u00e1r, id\u0151ig\u00e9nyes sport\u00e1g, ugyanakkor rendszert hoz az ember \u00e9let\u00e9be. Fiatalk\u00e9nt tal\u00e1n a buliz\u00e1st hagyja el legnehezebben az ember, de a dobog\u00f3 legfels\u0151 foka k\u00e1rp\u00f3tol minden\u00e9rt.<\/p>\n<h2>Mit eszik egy profi orsz\u00e1g\u00fati bring\u00e1s?<\/h2>\n<p>A t\u00e1pl\u00e1lkoz\u00e1sunkra k\u00e9t sz\u00f3 jellemz\u0151: min\u0151s\u00e9gi \u00e9s mennyis\u00e9gi. Mivel nap, mint nap komoly fizikai ig\u00e9nybev\u00e9telnek vagyunk kit\u00e9ve, nem tehetj\u00fck meg, hogy min\u0151s\u00e9gtelen \u00e9teleket egy\u00fcnk. Az\u00e9rt tegy\u00fck hozz\u00e1, hogy a ker\u00e9kp\u00e1ros is ember, n\u00e9ha mi is szoktunk \u201eb\u0171n\u00f6zni\u201d.<\/p>\n<p>Nagy szerencs\u00e9m, hogy nem vagyok t\u00fal \u00e9dessz\u00e1j\u00fa, \u00edgy nem igaz\u00e1n kell lemondanom semmir\u0151l.<\/p>\n<p>A ker\u00e9kp\u00e1rosoknak nagyon fontos a megfelel\u0151 mennyis\u00e9g\u0171 sz\u00e9nhidr\u00e1t-bevitel, de a feh\u00e9rj\u00e9re \u00e9s a n\u00f6v\u00e9nyi rostokra is figyelni kell.<\/p>\n<h2>Mit csin\u00e1lsz akkor, amikor nem bring\u00e1zol?<\/h2>\n<p>Pr\u00f3b\u00e1lom az id\u0151t pihen\u00e9ssel t\u00f6lteni. Im\u00e1dom a fot\u00f3kat, hobbi szinten fot\u00f3zni is szoktam. A leg\u00fajabb hobbim egy kis polaroid g\u00e9p, ami a gyerekkoromat id\u00e9zi. J\u00f3t tesznek a mai vil\u00e1gunknak ezek a k\u00e9zzel foghat\u00f3 \u00e9lm\u00e9nyek. Szeretek a term\u00e9szetben is lenni, sokat kir\u00e1ndulok.<\/p>\n<p>Pr\u00f3b\u00e1lok sok id\u0151t t\u00f6lteni a bar\u00e1taimmal is, sajnos ez nem mindig j\u00f6n \u00f6ssze, hiszen nagyon sokat edzek, \u00e9s gyakran j\u00e1rok versenyekre is. Ilyenkor, ny\u00e1ron az egyik legjobb kikapcsol\u00f3d\u00e1s a balatoni nyaral\u00f3nkban elt\u00f6lt\u00f6tt id\u0151. Minden nyaramat itt t\u00f6lt\u00f6ttem, \u00edgy nagyon k\u00f6zel \u00e1ll a sz\u00edvemhez<\/p>\n<h2>Hogyan tov\u00e1bb, mi a terved a k\u00f6vetkez\u0151 \u00e9vekre?<\/h2>\n<p>Jelenleg Continent\u00e1lis besorol\u00e1s\u00fa a csapatunk, ami a profi ker\u00e9kp\u00e1roz\u00e1s 3. kateg\u00f3ri\u00e1ja. Mindent megtesz\u00fcnk annak \u00e9rdek\u00e9ben, hogy a csapat legal\u00e1bb egy kateg\u00f3ri\u00e1t el\u0151rel\u00e9pve felz\u00e1rk\u00f3zzon a vil\u00e1g \u00e9lvonal\u00e1hoz. \u00c1lmom, hogy egyszer a Tour De France-on indulhassak.<\/p>\n<p>Mi nagyon szurkolunk. Sok siker, Peti!<\/p>\n<p>K\u00edv\u00e1ncsi vagy a t\u00f6bbi Aranyvilla d\u00edjasra is? A magyar mountain bike kir\u00e1lyt <a href=\"https:\/\/www.welovecycling.com\/hu\/mountain-bike-parti-andras\/\">itt<\/a> tal\u00e1lod, a bmx egyik kiv\u00e1l\u00f3s\u00e1g\u00e1t pedig <a href=\"https:\/\/www.welovecycling.com\/hu\/bmx-kralik-dani\/\">itt!<\/a><\/p>\n","protected":false},"excerpt":{"rendered":"<p>Simon Peti tizenegyszeres magyar bajnok, de t\u00f6bb tucat nemzetk\u00f6zi versenyen is eredm\u00e9nyesen szerepelt m\u00e1r. \u0150 a Balaton-k\u00f6r abszol\u00fat cs\u00facstart\u00f3ja, 4 [&hellip;]<\/p>\n","protected":false},"author":71,"featured_media":1562,"comment_status":"open","ping_status":"open","sticky":false,"template":"","format":"standard","meta":{"footnotes":""},"categories":[8],"tags":[55,17,16,28,27,87,82,139],"global-categories":[],"class_list":["post-1561","post","type-post","status-publish","format-standard","has-post-thumbnail","hentry","category-orszaguti-kerekpar","tag-aranyvilla-dij","tag-bicikli","tag-kerekpar","tag-kerekpar-blog","tag-kerekpar-magazin","tag-kerekpar-verseny","tag-orszaguti-kerekpar","tag-simon-peti"],"yoast_head":"<!-- This site is optimized with the Yoast SEO Premium plugin v25.3 (Yoast SEO v25.9) - https:\/\/yoast.com\/wordpress\/plugins\/seo\/ -->\n<title>Interj\u00fa Simon Peti Aranyvilla d\u00edjassal - \u0160koda We Love Cycling - Magyarorsz\u00e1g<\/title>\n<meta name=\"description\" content=\"Simon Peti tizenegyszeres magyar bajnok, de t\u00f6bb tucat nemzetk\u00f6zi versenyen is eredm\u00e9nyesen szerepelt m\u00e1r. \u0150 a Balaton-k\u00f6r abszol\u00fat cs\u00facstart\u00f3ja, 4 \u00f3ra 35 perc alatt teljes\u00edtette a t\u00e1vot. A harmadik Aranyvilla d\u00edjast k\u00e9rdezt\u00fck.\" \/>\n<meta name=\"robots\" content=\"index, follow, max-snippet:-1, max-image-preview:large, max-video-preview:-1\" \/>\n<link rel=\"canonical\" href=\"https:\/\/www.welovecycling.com\/hu\/orszaguti-kerekpar\/simon-peti-aranyvilla-dij\/\" \/>\n<meta property=\"og:locale\" content=\"hu_HU\" \/>\n<meta property=\"og:type\" content=\"article\" \/>\n<meta property=\"og:title\" content=\"Interj\u00fa Simon Peti Aranyvilla d\u00edjassal\" \/>\n<meta property=\"og:description\" content=\"Simon Peti tizenegyszeres magyar bajnok, de t\u00f6bb tucat nemzetk\u00f6zi versenyen is eredm\u00e9nyesen szerepelt m\u00e1r. \u0150 a Balaton-k\u00f6r abszol\u00fat cs\u00facstart\u00f3ja, 4 \u00f3ra 35 perc alatt teljes\u00edtette a t\u00e1vot. A harmadik Aranyvilla d\u00edjast k\u00e9rdezt\u00fck.\" \/>\n<meta property=\"og:url\" content=\"https:\/\/www.welovecycling.com\/hu\/orszaguti-kerekpar\/simon-peti-aranyvilla-dij\/\" \/>\n<meta property=\"og:site_name\" content=\"\u0160koda We Love Cycling - Magyarorsz\u00e1g\" \/>\n<meta property=\"article:publisher\" content=\"https:\/\/www.facebook.com\/WeLoveCyclingHungary\/\" \/>\n<meta property=\"article:published_time\" content=\"2018-08-16T13:30:38+00:00\" \/>\n<meta property=\"og:image\" content=\"https:\/\/d2p6e6u75xmxt8.cloudfront.net\/12\/2018\/08\/BJP_8048.jpg\" \/>\n\t<meta property=\"og:image:width\" content=\"2000\" \/>\n\t<meta property=\"og:image:height\" content=\"1333\" \/>\n\t<meta property=\"og:image:type\" content=\"image\/jpeg\" \/>\n<meta name=\"author\" content=\"hegyizs\" \/>\n<meta name=\"twitter:card\" content=\"summary_large_image\" \/>\n<meta name=\"twitter:label1\" content=\"Written by\" \/>\n\t<meta name=\"twitter:data1\" content=\"hegyizs\" \/>\n\t<meta name=\"twitter:label2\" content=\"Est. reading time\" \/>\n\t<meta name=\"twitter:data2\" content=\"5 minutes\" \/>\n<script type=\"application\/ld+json\" class=\"yoast-schema-graph\">{\"@context\":\"https:\/\/schema.org\",\"@graph\":[{\"@type\":\"WebPage\",\"@id\":\"https:\/\/www.welovecycling.com\/hu\/orszaguti-kerekpar\/simon-peti-aranyvilla-dij\/\",\"url\":\"https:\/\/www.welovecycling.com\/hu\/orszaguti-kerekpar\/simon-peti-aranyvilla-dij\/\",\"name\":\"Interj\u00fa Simon Peti Aranyvilla d\u00edjassal - \u0160koda We Love Cycling - Magyarorsz\u00e1g\",\"isPartOf\":{\"@id\":\"https:\/\/www.welovecycling.com\/hu\/#website\"},\"primaryImageOfPage\":{\"@id\":\"https:\/\/www.welovecycling.com\/hu\/orszaguti-kerekpar\/simon-peti-aranyvilla-dij\/#primaryimage\"},\"image\":{\"@id\":\"https:\/\/www.welovecycling.com\/hu\/orszaguti-kerekpar\/simon-peti-aranyvilla-dij\/#primaryimage\"},\"thumbnailUrl\":\"https:\/\/d2p6e6u75xmxt8.cloudfront.net\/12\/2018\/08\/BJP_8048.jpg\",\"datePublished\":\"2018-08-16T13:30:38+00:00\",\"author\":{\"@id\":\"https:\/\/www.welovecycling.com\/hu\/#\/schema\/person\/414a2aebf1801691a5320edb6468e194\"},\"description\":\"Simon Peti tizenegyszeres magyar bajnok, de t\u00f6bb tucat nemzetk\u00f6zi versenyen is eredm\u00e9nyesen szerepelt m\u00e1r. \u0150 a Balaton-k\u00f6r abszol\u00fat cs\u00facstart\u00f3ja, 4 \u00f3ra 35 perc alatt teljes\u00edtette a t\u00e1vot. A harmadik Aranyvilla d\u00edjast k\u00e9rdezt\u00fck.\",\"breadcrumb\":{\"@id\":\"https:\/\/www.welovecycling.com\/hu\/orszaguti-kerekpar\/simon-peti-aranyvilla-dij\/#breadcrumb\"},\"inLanguage\":\"hu\",\"potentialAction\":[{\"@type\":\"ReadAction\",\"target\":[\"https:\/\/www.welovecycling.com\/hu\/orszaguti-kerekpar\/simon-peti-aranyvilla-dij\/\"]}]},{\"@type\":\"ImageObject\",\"inLanguage\":\"hu\",\"@id\":\"https:\/\/www.welovecycling.com\/hu\/orszaguti-kerekpar\/simon-peti-aranyvilla-dij\/#primaryimage\",\"url\":\"https:\/\/d2p6e6u75xmxt8.cloudfront.net\/12\/2018\/08\/BJP_8048.jpg\",\"contentUrl\":\"https:\/\/d2p6e6u75xmxt8.cloudfront.net\/12\/2018\/08\/BJP_8048.jpg\",\"width\":2000,\"height\":1333,\"caption\":\"Simon Peti Aranyvilla dij\"},{\"@type\":\"BreadcrumbList\",\"@id\":\"https:\/\/www.welovecycling.com\/hu\/orszaguti-kerekpar\/simon-peti-aranyvilla-dij\/#breadcrumb\",\"itemListElement\":[{\"@type\":\"ListItem\",\"position\":1,\"name\":\"Home\",\"item\":\"https:\/\/www.welovecycling.com\/hu\/\"},{\"@type\":\"ListItem\",\"position\":2,\"name\":\"Interj\u00fa Simon Peti Aranyvilla d\u00edjassal\"}]},{\"@type\":\"WebSite\",\"@id\":\"https:\/\/www.welovecycling.com\/hu\/#website\",\"url\":\"https:\/\/www.welovecycling.com\/hu\/\",\"name\":\"\u0160koda We Love Cycling - Magyarorsz\u00e1g\",\"description\":\"\u0160koda WeLoveCycling\",\"potentialAction\":[{\"@type\":\"SearchAction\",\"target\":{\"@type\":\"EntryPoint\",\"urlTemplate\":\"https:\/\/www.welovecycling.com\/hu\/?s={search_term_string}\"},\"query-input\":{\"@type\":\"PropertyValueSpecification\",\"valueRequired\":true,\"valueName\":\"search_term_string\"}}],\"inLanguage\":\"hu\"},{\"@type\":\"Person\",\"@id\":\"https:\/\/www.welovecycling.com\/hu\/#\/schema\/person\/414a2aebf1801691a5320edb6468e194\",\"name\":\"hegyizs\",\"image\":{\"@type\":\"ImageObject\",\"inLanguage\":\"hu\",\"@id\":\"https:\/\/www.welovecycling.com\/hu\/#\/schema\/person\/image\/\",\"url\":\"https:\/\/secure.gravatar.com\/avatar\/02cf8a7906b8cf90cecb4679defac7cfd33a1c2e3b88e4903d947f3bb58eedd3?s=96&d=mm&r=g\",\"contentUrl\":\"https:\/\/secure.gravatar.com\/avatar\/02cf8a7906b8cf90cecb4679defac7cfd33a1c2e3b88e4903d947f3bb58eedd3?s=96&d=mm&r=g\",\"caption\":\"hegyizs\"},\"url\":\"https:\/\/www.welovecycling.com\/hu\/author\/hegyizs\/\"}]}<\/script>\n<!-- \/ Yoast SEO Premium plugin. -->","yoast_head_json":{"title":"Interj\u00fa Simon Peti Aranyvilla d\u00edjassal - \u0160koda We Love Cycling - Magyarorsz\u00e1g","description":"Simon Peti tizenegyszeres magyar bajnok, de t\u00f6bb tucat nemzetk\u00f6zi versenyen is eredm\u00e9nyesen szerepelt m\u00e1r. \u0150 a Balaton-k\u00f6r abszol\u00fat cs\u00facstart\u00f3ja, 4 \u00f3ra 35 perc alatt teljes\u00edtette a t\u00e1vot. A harmadik Aranyvilla d\u00edjast k\u00e9rdezt\u00fck.","robots":{"index":"index","follow":"follow","max-snippet":"max-snippet:-1","max-image-preview":"max-image-preview:large","max-video-preview":"max-video-preview:-1"},"canonical":"https:\/\/www.welovecycling.com\/hu\/orszaguti-kerekpar\/simon-peti-aranyvilla-dij\/","og_locale":"hu_HU","og_type":"article","og_title":"Interj\u00fa Simon Peti Aranyvilla d\u00edjassal","og_description":"Simon Peti tizenegyszeres magyar bajnok, de t\u00f6bb tucat nemzetk\u00f6zi versenyen is eredm\u00e9nyesen szerepelt m\u00e1r. \u0150 a Balaton-k\u00f6r abszol\u00fat cs\u00facstart\u00f3ja, 4 \u00f3ra 35 perc alatt teljes\u00edtette a t\u00e1vot. A harmadik Aranyvilla d\u00edjast k\u00e9rdezt\u00fck.","og_url":"https:\/\/www.welovecycling.com\/hu\/orszaguti-kerekpar\/simon-peti-aranyvilla-dij\/","og_site_name":"\u0160koda We Love Cycling - Magyarorsz\u00e1g","article_publisher":"https:\/\/www.facebook.com\/WeLoveCyclingHungary\/","article_published_time":"2018-08-16T13:30:38+00:00","og_image":[{"width":2000,"height":1333,"url":"https:\/\/d2p6e6u75xmxt8.cloudfront.net\/12\/2018\/08\/BJP_8048.jpg","type":"image\/jpeg"}],"author":"hegyizs","twitter_card":"summary_large_image","twitter_misc":{"Written by":"hegyizs","Est. reading time":"5 minutes"},"schema":{"@context":"https:\/\/schema.org","@graph":[{"@type":"WebPage","@id":"https:\/\/www.welovecycling.com\/hu\/orszaguti-kerekpar\/simon-peti-aranyvilla-dij\/","url":"https:\/\/www.welovecycling.com\/hu\/orszaguti-kerekpar\/simon-peti-aranyvilla-dij\/","name":"Interj\u00fa Simon Peti Aranyvilla d\u00edjassal - \u0160koda We Love Cycling - Magyarorsz\u00e1g","isPartOf":{"@id":"https:\/\/www.welovecycling.com\/hu\/#website"},"primaryImageOfPage":{"@id":"https:\/\/www.welovecycling.com\/hu\/orszaguti-kerekpar\/simon-peti-aranyvilla-dij\/#primaryimage"},"image":{"@id":"https:\/\/www.welovecycling.com\/hu\/orszaguti-kerekpar\/simon-peti-aranyvilla-dij\/#primaryimage"},"thumbnailUrl":"https:\/\/d2p6e6u75xmxt8.cloudfront.net\/12\/2018\/08\/BJP_8048.jpg","datePublished":"2018-08-16T13:30:38+00:00","author":{"@id":"https:\/\/www.welovecycling.com\/hu\/#\/schema\/person\/414a2aebf1801691a5320edb6468e194"},"description":"Simon Peti tizenegyszeres magyar bajnok, de t\u00f6bb tucat nemzetk\u00f6zi versenyen is eredm\u00e9nyesen szerepelt m\u00e1r. \u0150 a Balaton-k\u00f6r abszol\u00fat cs\u00facstart\u00f3ja, 4 \u00f3ra 35 perc alatt teljes\u00edtette a t\u00e1vot. A harmadik Aranyvilla d\u00edjast k\u00e9rdezt\u00fck.","breadcrumb":{"@id":"https:\/\/www.welovecycling.com\/hu\/orszaguti-kerekpar\/simon-peti-aranyvilla-dij\/#breadcrumb"},"inLanguage":"hu","potentialAction":[{"@type":"ReadAction","target":["https:\/\/www.welovecycling.com\/hu\/orszaguti-kerekpar\/simon-peti-aranyvilla-dij\/"]}]},{"@type":"ImageObject","inLanguage":"hu","@id":"https:\/\/www.welovecycling.com\/hu\/orszaguti-kerekpar\/simon-peti-aranyvilla-dij\/#primaryimage","url":"https:\/\/d2p6e6u75xmxt8.cloudfront.net\/12\/2018\/08\/BJP_8048.jpg","contentUrl":"https:\/\/d2p6e6u75xmxt8.cloudfront.net\/12\/2018\/08\/BJP_8048.jpg","width":2000,"height":1333,"caption":"Simon Peti Aranyvilla dij"},{"@type":"BreadcrumbList","@id":"https:\/\/www.welovecycling.com\/hu\/orszaguti-kerekpar\/simon-peti-aranyvilla-dij\/#breadcrumb","itemListElement":[{"@type":"ListItem","position":1,"name":"Home","item":"https:\/\/www.welovecycling.com\/hu\/"},{"@type":"ListItem","position":2,"name":"Interj\u00fa Simon Peti Aranyvilla d\u00edjassal"}]},{"@type":"WebSite","@id":"https:\/\/www.welovecycling.com\/hu\/#website","url":"https:\/\/www.welovecycling.com\/hu\/","name":"\u0160koda We Love Cycling - Magyarorsz\u00e1g","description":"\u0160koda WeLoveCycling","potentialAction":[{"@type":"SearchAction","target":{"@type":"EntryPoint","urlTemplate":"https:\/\/www.welovecycling.com\/hu\/?s={search_term_string}"},"query-input":{"@type":"PropertyValueSpecification","valueRequired":true,"valueName":"search_term_string"}}],"inLanguage":"hu"},{"@type":"Person","@id":"https:\/\/www.welovecycling.com\/hu\/#\/schema\/person\/414a2aebf1801691a5320edb6468e194","name":"hegyizs","image":{"@type":"ImageObject","inLanguage":"hu","@id":"https:\/\/www.welovecycling.com\/hu\/#\/schema\/person\/image\/","url":"https:\/\/secure.gravatar.com\/avatar\/02cf8a7906b8cf90cecb4679defac7cfd33a1c2e3b88e4903d947f3bb58eedd3?s=96&d=mm&r=g","contentUrl":"https:\/\/secure.gravatar.com\/avatar\/02cf8a7906b8cf90cecb4679defac7cfd33a1c2e3b88e4903d947f3bb58eedd3?s=96&d=mm&r=g","caption":"hegyizs"},"url":"https:\/\/www.welovecycling.com\/hu\/author\/hegyizs\/"}]}},"_links":{"self":[{"href":"https:\/\/www.welovecycling.com\/hu\/wp-json\/wp\/v2\/posts\/1561","targetHints":{"allow":["GET"]}}],"collection":[{"href":"https:\/\/www.welovecycling.com\/hu\/wp-json\/wp\/v2\/posts"}],"about":[{"href":"https:\/\/www.welovecycling.com\/hu\/wp-json\/wp\/v2\/types\/post"}],"author":[{"embeddable":true,"href":"https:\/\/www.welovecycling.com\/hu\/wp-json\/wp\/v2\/users\/71"}],"replies":[{"embeddable":true,"href":"https:\/\/www.welovecycling.com\/hu\/wp-json\/wp\/v2\/comments?post=1561"}],"version-history":[{"count":2,"href":"https:\/\/www.welovecycling.com\/hu\/wp-json\/wp\/v2\/posts\/1561\/revisions"}],"predecessor-version":[{"id":1623,"href":"https:\/\/www.welovecycling.com\/hu\/wp-json\/wp\/v2\/posts\/1561\/revisions\/1623"}],"wp:featuredmedia":[{"embeddable":true,"href":"https:\/\/www.welovecycling.com\/hu\/wp-json\/wp\/v2\/media\/1562"}],"wp:attachment":[{"href":"https:\/\/www.welovecycling.com\/hu\/wp-json\/wp\/v2\/media?parent=1561"}],"wp:term":[{"taxonomy":"category","embeddable":true,"href":"https:\/\/www.welovecycling.com\/hu\/wp-json\/wp\/v2\/categories?post=1561"},{"taxonomy":"post_tag","embeddable":true,"href":"https:\/\/www.welovecycling.com\/hu\/wp-json\/wp\/v2\/tags?post=1561"},{"taxonomy":"global-categories","embeddable":true,"href":"https:\/\/www.welovecycling.com\/hu\/wp-json\/wp\/v2\/global-categories?post=1561"}],"curies":[{"name":"wp","href":"https:\/\/api.w.org\/{rel}","templated":true}]}}