{"id":15609,"date":"2022-08-18T08:00:56","date_gmt":"2022-08-18T06:00:56","guid":{"rendered":"https:\/\/www.welovecycling.com\/hu\/?p=15609"},"modified":"2022-08-22T09:53:34","modified_gmt":"2022-08-22T07:53:34","slug":"amikor-egy-gyerek-mentette-meg-jens-voigt-napjat-a-touron","status":"publish","type":"post","link":"https:\/\/www.welovecycling.com\/hu\/orszaguti-kerekpar\/amikor-egy-gyerek-mentette-meg-jens-voigt-napjat-a-touron\/","title":{"rendered":"Amikor egy gyerek mentette meg Jens Voigt napj\u00e1t a Touron"},"content":{"rendered":"<p><strong>A Tour de France k\u00e9ts\u00e9gk\u00edv\u00fcl a vil\u00e1g legizgalmasabb sportesem\u00e9nye. Egyetlen m\u00e1s verseny sem tartogat annyi dr\u00e1m\u00e1t, annyi adrenalinpump\u00e1l\u00f3 pillanatot, mint ez a futam. Sok \u00f6r\u00f6m, de sz\u00edvf\u00e1jdalom is v\u00e1rja a t\u00f6bb sz\u00e1z ker\u00e9kp\u00e1rost, akik a ny\u00e1r elej\u00e9n Franciaorsz\u00e1g utc\u00e1ira mer\u00e9szkednek. A sok fesz\u00fclts\u00e9g k\u00f6zepette az\u00e9rt id\u0151nk\u00e9nt akad egy-egy igaz\u00e1n \u00fcd\u00edt\u0151 pillanat is, ami megmelengeti a sz\u00edv\u00fcnket, \u00e9s eml\u00e9keztet arra, hogy mi\u00e9rt is n\u00e9zz\u00fck izgatottan minden egyes m\u00e1sodperc\u00e9t ennek a ker\u00e9kp\u00e1rversenynek.<\/strong><\/p>\n<p><!--more--><\/p>\n<p>Jens Voigt, az egyik legnagyobb n\u00e9v, aki valaha is r\u00e9szt vett a Tour de France-on, 2010-ben egy ilyen esem\u00e9ny k\u00f6z\u00e9ppontj\u00e1ba ker\u00fclt. De miel\u0151tt r\u00e1t\u00e9rn\u00e9nk erre a var\u00e1zslatos pillanatra, mer\u00fclj\u00fcnk el egy kicsit a t\u00f6rt\u00e9nelemben.<\/p>\n<h2><strong>Jens Voigt<\/strong><\/h2>\n<p>Ha csak most ismerkedsz a ker\u00e9kp\u00e1roz\u00e1s vil\u00e1g\u00e1val, k\u00f6nnyen lehet, hogy Jens Voigt neve ismeretlen\u00fcl cseng. Ha viszont j\u00e1rtas vagy a t\u00e9m\u00e1ban, val\u00f3sz\u00edn\u0171leg el\u00e9g j\u00f3l ismered \u0151t. B\u00e1r m\u00e1r nem akt\u00edv, Jens Voigt tov\u00e1bbra is minden id\u0151k egyik legnagyobb versenyz\u0151je. Igaz\u00e1n kiemelked\u0151, k\u00e9t \u00e9vtizedes karriert tudhat mag\u00e1\u00e9nak. 17 Tour de France versenyen vett r\u00e9szt &#8211; ebb\u0151l 14-en c\u00e9lba is \u00e9rt -, ezzel \u0151 a harmadik legt\u00f6bbsz\u00f6r szerepelt versenyz\u0151! Mivel ink\u00e1bb domestique volt, ritk\u00e1n nyert futamot nagy k\u00f6rversenyeken, azonban a Tour de France-on \u00edgy is siker\u00fclt megnyernie k\u00e9t egy\u00e9ni szakaszt 2001-ben \u00e9s 2006-ban, a Giro d&#8217;Itali\u00e1n pedig egyet 2008-ban. Kisebb, egynapos- \u00e9s szakaszversenyeken pedig \u00f3ri\u00e1si eredm\u00e9nyeket \u00e9rt el \u00e9s t\u00f6bb mint 15 gy\u0151zelmet zsebelt be.<\/p>\n<p>\u00d3rarekordj\u00e1val \u00f6r\u00f6kre be\u00edrta nev\u00e9t a ker\u00e9kp\u00e1rsport t\u00f6rt\u00e9nelm\u00e9be. 2014. szeptember 18-\u00e1n, 43 \u00e9vesen, \u00f6sszesen t\u00f6bb mint 850 000 kilom\u00e9ter ut\u00e1n Voigt \u00fagy d\u00f6nt\u00f6tt, hogy l\u00e1tv\u00e1nyos m\u00f3don vet v\u00e9get p\u00e1lyafut\u00e1s\u00e1nak. V\u00e1llalta az Hour Challenge-et, melyet egy 51,110 km-es rekordt\u00e1vval fejezett be. A rekord b\u00e1r r\u00f6vid \u00e9let\u0171 volt, a teljes\u00edtm\u00e9ny \u00f6r\u00f6kk\u00e9 \u00e9lni fog.<\/p>\n<figure id=\"attachment_15610\" aria-describedby=\"caption-attachment-15610\" style=\"width: 1250px\" class=\"wp-caption alignnone\"><a href=\"https:\/\/d2p6e6u75xmxt8.cloudfront.net\/12\/2022\/08\/2010-Tour-Jens-Voigt-profimedia-0096607179.jpg\"><img loading=\"lazy\" decoding=\"async\" class=\"wp-image-15610 size-full\" src=\"https:\/\/d2p6e6u75xmxt8.cloudfront.net\/12\/2022\/08\/2010-Tour-Jens-Voigt-profimedia-0096607179.jpg\" alt=\"2010 Tour de France\" width=\"1250\" height=\"833\" srcset=\"https:\/\/d2p6e6u75xmxt8.cloudfront.net\/12\/2022\/08\/2010-Tour-Jens-Voigt-profimedia-0096607179.jpg 1250w, https:\/\/d2p6e6u75xmxt8.cloudfront.net\/12\/2022\/08\/2010-Tour-Jens-Voigt-profimedia-0096607179-300x200.jpg 300w, https:\/\/d2p6e6u75xmxt8.cloudfront.net\/12\/2022\/08\/2010-Tour-Jens-Voigt-profimedia-0096607179-1024x682.jpg 1024w, https:\/\/d2p6e6u75xmxt8.cloudfront.net\/12\/2022\/08\/2010-Tour-Jens-Voigt-profimedia-0096607179-768x512.jpg 768w, https:\/\/d2p6e6u75xmxt8.cloudfront.net\/12\/2022\/08\/2010-Tour-Jens-Voigt-profimedia-0096607179-272x182.jpg 272w\" sizes=\"auto, (max-width: 1250px) 100vw, 1250px\" \/><\/a><figcaption id=\"caption-attachment-15610\" class=\"wp-caption-text\"><em>Jens \u00f6r\u00f6kre be\u00edrta nev\u00e9t a ker\u00e9kp\u00e1rsport t\u00f6rt\u00e9nelm\u00e9be. \u00a9 Profimedia<\/em><\/figcaption><\/figure>\n<h2><strong>Tour de France 2010<\/strong><\/h2>\n<p>Jensnek volt n\u00e9h\u00e1ny elk\u00e9peszt\u0151 pillanata f\u00e9nyes karrierje sor\u00e1n, de semmi sem foghat\u00f3 ahhoz, ami a 2010-es Tour de France-on t\u00f6rt\u00e9nt vele. Voigt domestique-k\u00e9nt indult a versenyen, hogy seg\u00edtsen Andy Schlecknek nyerni. A Tour kaotikusan kezd\u0151d\u00f6tt. Cancellara \u00e9s Chavanel k\u00fczd\u00f6ttek a s\u00e1rga trik\u00f3\u00e9rt, a 9. szakaszra azonban Jensnek siker\u00fclt az \u00e9lre juttatnia Schlecket \u00e9s \u00edgy megszerezte neki a mezt. Jens t\u00e1mogat\u00e1s\u00e1nak k\u00f6sz\u00f6nhet\u0151en Andy m\u00e9g a 15. szakaszon is magabiztosan vezetett, eg\u00e9szen addig, m\u00edg a Port de Bales emelked\u0151n el nem szakadt a l\u00e1nca. Contador \u00e9s Menchov kihaszn\u00e1lta a helyzetet, \u00e9s Contador \u00e1t is vette a vezet\u00e9st.<\/p>\n<h2><strong>A 16. szakasz<\/strong><\/h2>\n<p>A Tour de France tele van ijeszt\u0151 pillanatokkal \u00e9s ez al\u00f3l a 2010-es Tour 16. szakasza sem volt kiv\u00e9tel. A Col de Peyresourde-on val\u00f3 lejtmenet sor\u00e1n Voigt cs\u00fany\u00e1t bukott \u00e9s darabokra t\u00f6rt a ker\u00e9kp\u00e1rja. \u00c9ppen egy \u00e9vvel kor\u00e1bban csin\u00e1lt egy hasonl\u00f3 mutatv\u00e1nyt, ami miatt kiesett a versenyb\u0151l. Szerencs\u00e9re ez\u00fattal viszonylag \u00e9ps\u00e9gben meg\u00faszta, azonban az \u00f6sszes csapat- \u00e9s semleges seg\u00edt\u0151aut\u00f3 m\u00e1r el\u0151tte volt, \u00edgy nem j\u00f6tt a seg\u00edts\u00e9g.<\/p>\n<p>A sors ism\u00e9t kegyes volt a n\u00e9met versenyz\u0151h\u00f6z, ugyanis a futamot k\u00f6vet\u0151 gyerekcsoport aut\u00f3ja meg\u00e1llt, hogy megn\u00e9zze, j\u00f3l van-e a ker\u00e9kp\u00e1ros. Jens felpattant az egyik gyerekker\u00e9kp\u00e1rra \u00e9s folytatta a versenyt. B\u00e1r a minibiciklin \u00fagy n\u00e9zett ki, mint egy boh\u00f3c, Jens 15 kilom\u00e9tert tekert egy rendes ker\u00e9kp\u00e1rig, amit a csapat aut\u00f3ja hagyott ott neki.<\/p>\n<p><em>&#8220;M\u00e1r csak h\u00e1rom napunk volt h\u00e1tra P\u00e1rizsig, \u00e9s nem akartam feladni, \u00edgy elindultam a kisbiciklin&#8221;<\/em> &#8211; mondta k\u00e9s\u0151bb Voigt.<\/p>\n<h2><strong>Hogyan mentette meg Mark Cavendish a napot<\/strong><\/h2>\n<p>Apr\u00f3cska ker\u00e9kp\u00e1rj\u00e1n Jens utol\u00e9rte Mark Cavendish-t \u00e9s n\u00e9h\u00e1ny m\u00e1sik T-Mobile versenyz\u0151t, akik hagyt\u00e1k, hogy Jens el\u00f6l tekerjen az emelked\u0151n, a lejt\u0151n pedig magukkal h\u00fazt\u00e1k.<\/p>\n<p><em>&#8220;Amit Mark tett \u00e9rtem, az a sportszer\u0171s\u00e9g nagyszer\u0171 megnyilv\u00e1nul\u00e1sa volt. \u0150 volt a h\u0151s\u00f6m aznap&#8221;<\/em> &#8211; mondta Voigt a verseny ut\u00e1n.<\/p>\n<h2><strong>Egy eml\u00e9kezetes Tour<\/strong><\/h2>\n<p>B\u00e1r Jens a 126. helyen v\u00e9gzett, a vezet\u0151 Andy Schlecknek siker\u00fclt megszereznie a bajnoki c\u00edmet. Meg\u00e9rdemelt gy\u0151zelmet aratott a l\u00e1tv\u00e1nyos 17. szakasz ut\u00e1n, ahol sz\u00edv\u00e9t-lelk\u00e9t beleadta a versenyker\u00e9kp\u00e1roz\u00e1s egyik legnehezebb emelked\u0151j\u00e9nek, a Col du Tourmalet-nek a megh\u00f3d\u00edt\u00e1s\u00e1ba.<\/p>\n<p>A vil\u00e1g legnagyobb ker\u00e9kp\u00e1ros esem\u00e9ny\u00e9nek 97. alkalm\u00e1ra Jens Voigt izgalmas t\u00f6rt\u00e9net\u00e9vel \u00e9s Mark Cavendish kiemelked\u0151 sportszer\u0171s\u00e9g\u00e9vel szeretn\u00e9nk eml\u00e9kezni. Mindig j\u00f3 megtal\u00e1lni az emberekben a legjobbat, ak\u00e1r a ker\u00e9kp\u00e1roz\u00e1sban, ak\u00e1r az \u00e9let m\u00e1s ter\u00fclet\u00e9n!<\/p>\n","protected":false},"excerpt":{"rendered":"<p>A Tour de France k\u00e9ts\u00e9gk\u00edv\u00fcl a vil\u00e1g legizgalmasabb sportesem\u00e9nye. Egyetlen m\u00e1s verseny sem tartogat annyi dr\u00e1m\u00e1t, annyi adrenalinpump\u00e1l\u00f3 pillanatot, mint [&hellip;]<\/p>\n","protected":false},"author":71,"featured_media":15612,"comment_status":"open","ping_status":"open","sticky":false,"template":"","format":"standard","meta":{"footnotes":""},"categories":[8],"tags":[],"global-categories":[],"class_list":["post-15609","post","type-post","status-publish","format-standard","has-post-thumbnail","hentry","category-orszaguti-kerekpar"],"yoast_head":"<!-- This site is optimized with the Yoast SEO Premium plugin v25.3 (Yoast SEO v25.9) - https:\/\/yoast.com\/wordpress\/plugins\/seo\/ -->\n<title>Amikor egy gyerek mentette meg Jens Voigt napj\u00e1t a Touron<\/title>\n<meta name=\"description\" content=\"A Tour de France k\u00e9ts\u00e9gk\u00edv\u00fcl a vil\u00e1g legizgalmasabb sportesem\u00e9nye. Egyetlen m\u00e1s verseny sem tartogat annyi dr\u00e1m\u00e1t, annyi adrenalinpump\u00e1l\u00f3 pillanatot, mint ez a futam. Sok \u00f6r\u00f6m, de sz\u00edvf\u00e1jdalom is v\u00e1rja a t\u00f6bb sz\u00e1z ker\u00e9kp\u00e1rost, akik a ny\u00e1r elej\u00e9n Franciaorsz\u00e1g utc\u00e1ira mer\u00e9szkednek.\" \/>\n<meta name=\"robots\" content=\"index, follow, max-snippet:-1, max-image-preview:large, max-video-preview:-1\" \/>\n<link rel=\"canonical\" href=\"https:\/\/www.welovecycling.com\/hu\/orszaguti-kerekpar\/amikor-egy-gyerek-mentette-meg-jens-voigt-napjat-a-touron\/\" \/>\n<meta property=\"og:locale\" content=\"hu_HU\" \/>\n<meta property=\"og:type\" content=\"article\" \/>\n<meta property=\"og:title\" content=\"Amikor egy gyerek mentette meg Jens Voigt napj\u00e1t a Touron\" \/>\n<meta property=\"og:description\" content=\"A Tour de France k\u00e9ts\u00e9gk\u00edv\u00fcl a vil\u00e1g legizgalmasabb sportesem\u00e9nye. Egyetlen m\u00e1s verseny sem tartogat annyi dr\u00e1m\u00e1t, annyi adrenalinpump\u00e1l\u00f3 pillanatot, mint ez a futam. Sok \u00f6r\u00f6m, de sz\u00edvf\u00e1jdalom is v\u00e1rja a t\u00f6bb sz\u00e1z ker\u00e9kp\u00e1rost, akik a ny\u00e1r elej\u00e9n Franciaorsz\u00e1g utc\u00e1ira mer\u00e9szkednek.\" \/>\n<meta property=\"og:url\" content=\"https:\/\/www.welovecycling.com\/hu\/orszaguti-kerekpar\/amikor-egy-gyerek-mentette-meg-jens-voigt-napjat-a-touron\/\" \/>\n<meta property=\"og:site_name\" content=\"\u0160koda We Love Cycling - Magyarorsz\u00e1g\" \/>\n<meta property=\"article:publisher\" content=\"https:\/\/www.facebook.com\/WeLoveCyclingHungary\/\" \/>\n<meta property=\"article:published_time\" content=\"2022-08-18T06:00:56+00:00\" \/>\n<meta property=\"article:modified_time\" content=\"2022-08-22T07:53:34+00:00\" \/>\n<meta property=\"og:image\" content=\"https:\/\/d2p6e6u75xmxt8.cloudfront.net\/12\/2022\/08\/Jens-Voigt-profimedia-0229129501-CVR.jpg\" \/>\n\t<meta property=\"og:image:width\" content=\"990\" \/>\n\t<meta property=\"og:image:height\" content=\"660\" \/>\n\t<meta property=\"og:image:type\" content=\"image\/jpeg\" \/>\n<meta name=\"author\" content=\"hegyizs\" \/>\n<meta name=\"twitter:card\" content=\"summary_large_image\" \/>\n<meta name=\"twitter:label1\" content=\"Written by\" \/>\n\t<meta name=\"twitter:data1\" content=\"Martin Atanasov\" \/>\n\t<meta name=\"twitter:label2\" content=\"Est. reading time\" \/>\n\t<meta name=\"twitter:data2\" content=\"6\" \/>\n<script type=\"application\/ld+json\" class=\"yoast-schema-graph\">{\"@context\":\"https:\/\/schema.org\",\"@graph\":[{\"@type\":\"WebPage\",\"@id\":\"https:\/\/www.welovecycling.com\/hu\/orszaguti-kerekpar\/amikor-egy-gyerek-mentette-meg-jens-voigt-napjat-a-touron\/\",\"url\":\"https:\/\/www.welovecycling.com\/hu\/orszaguti-kerekpar\/amikor-egy-gyerek-mentette-meg-jens-voigt-napjat-a-touron\/\",\"name\":\"Amikor egy gyerek mentette meg Jens Voigt napj\u00e1t a Touron\",\"isPartOf\":{\"@id\":\"https:\/\/www.welovecycling.com\/hu\/#website\"},\"primaryImageOfPage\":{\"@id\":\"https:\/\/www.welovecycling.com\/hu\/orszaguti-kerekpar\/amikor-egy-gyerek-mentette-meg-jens-voigt-napjat-a-touron\/#primaryimage\"},\"image\":{\"@id\":\"https:\/\/www.welovecycling.com\/hu\/orszaguti-kerekpar\/amikor-egy-gyerek-mentette-meg-jens-voigt-napjat-a-touron\/#primaryimage\"},\"thumbnailUrl\":\"https:\/\/d2p6e6u75xmxt8.cloudfront.net\/12\/2022\/08\/Jens-Voigt-profimedia-0229129501-CVR.jpg\",\"datePublished\":\"2022-08-18T06:00:56+00:00\",\"dateModified\":\"2022-08-22T07:53:34+00:00\",\"author\":{\"@id\":\"https:\/\/www.welovecycling.com\/hu\/#\/schema\/person\/414a2aebf1801691a5320edb6468e194\"},\"description\":\"A Tour de France k\u00e9ts\u00e9gk\u00edv\u00fcl a vil\u00e1g legizgalmasabb sportesem\u00e9nye. Egyetlen m\u00e1s verseny sem tartogat annyi dr\u00e1m\u00e1t, annyi adrenalinpump\u00e1l\u00f3 pillanatot, mint ez a futam. Sok \u00f6r\u00f6m, de sz\u00edvf\u00e1jdalom is v\u00e1rja a t\u00f6bb sz\u00e1z ker\u00e9kp\u00e1rost, akik a ny\u00e1r elej\u00e9n Franciaorsz\u00e1g utc\u00e1ira mer\u00e9szkednek.\",\"breadcrumb\":{\"@id\":\"https:\/\/www.welovecycling.com\/hu\/orszaguti-kerekpar\/amikor-egy-gyerek-mentette-meg-jens-voigt-napjat-a-touron\/#breadcrumb\"},\"inLanguage\":\"hu\",\"potentialAction\":[{\"@type\":\"ReadAction\",\"target\":[\"https:\/\/www.welovecycling.com\/hu\/orszaguti-kerekpar\/amikor-egy-gyerek-mentette-meg-jens-voigt-napjat-a-touron\/\"]}]},{\"@type\":\"ImageObject\",\"inLanguage\":\"hu\",\"@id\":\"https:\/\/www.welovecycling.com\/hu\/orszaguti-kerekpar\/amikor-egy-gyerek-mentette-meg-jens-voigt-napjat-a-touron\/#primaryimage\",\"url\":\"https:\/\/d2p6e6u75xmxt8.cloudfront.net\/12\/2022\/08\/Jens-Voigt-profimedia-0229129501-CVR.jpg\",\"contentUrl\":\"https:\/\/d2p6e6u75xmxt8.cloudfront.net\/12\/2022\/08\/Jens-Voigt-profimedia-0229129501-CVR.jpg\",\"width\":990,\"height\":660},{\"@type\":\"BreadcrumbList\",\"@id\":\"https:\/\/www.welovecycling.com\/hu\/orszaguti-kerekpar\/amikor-egy-gyerek-mentette-meg-jens-voigt-napjat-a-touron\/#breadcrumb\",\"itemListElement\":[{\"@type\":\"ListItem\",\"position\":1,\"name\":\"Home\",\"item\":\"https:\/\/www.welovecycling.com\/hu\/\"},{\"@type\":\"ListItem\",\"position\":2,\"name\":\"Amikor egy gyerek mentette meg Jens Voigt napj\u00e1t a Touron\"}]},{\"@type\":\"WebSite\",\"@id\":\"https:\/\/www.welovecycling.com\/hu\/#website\",\"url\":\"https:\/\/www.welovecycling.com\/hu\/\",\"name\":\"\u0160koda We Love Cycling - Magyarorsz\u00e1g\",\"description\":\"\u0160koda WeLoveCycling\",\"potentialAction\":[{\"@type\":\"SearchAction\",\"target\":{\"@type\":\"EntryPoint\",\"urlTemplate\":\"https:\/\/www.welovecycling.com\/hu\/?s={search_term_string}\"},\"query-input\":{\"@type\":\"PropertyValueSpecification\",\"valueRequired\":true,\"valueName\":\"search_term_string\"}}],\"inLanguage\":\"hu\"},{\"@type\":\"Person\",\"@id\":\"https:\/\/www.welovecycling.com\/hu\/#\/schema\/person\/414a2aebf1801691a5320edb6468e194\",\"name\":\"hegyizs\",\"image\":{\"@type\":\"ImageObject\",\"inLanguage\":\"hu\",\"@id\":\"https:\/\/www.welovecycling.com\/hu\/#\/schema\/person\/image\/\",\"url\":\"https:\/\/secure.gravatar.com\/avatar\/02cf8a7906b8cf90cecb4679defac7cfd33a1c2e3b88e4903d947f3bb58eedd3?s=96&d=mm&r=g\",\"contentUrl\":\"https:\/\/secure.gravatar.com\/avatar\/02cf8a7906b8cf90cecb4679defac7cfd33a1c2e3b88e4903d947f3bb58eedd3?s=96&d=mm&r=g\",\"caption\":\"hegyizs\"},\"url\":\"https:\/\/www.welovecycling.com\/hu\/author\/hegyizs\/\"}]}<\/script>\n<!-- \/ Yoast SEO Premium plugin. -->","yoast_head_json":{"title":"Amikor egy gyerek mentette meg Jens Voigt napj\u00e1t a Touron","description":"A Tour de France k\u00e9ts\u00e9gk\u00edv\u00fcl a vil\u00e1g legizgalmasabb sportesem\u00e9nye. Egyetlen m\u00e1s verseny sem tartogat annyi dr\u00e1m\u00e1t, annyi adrenalinpump\u00e1l\u00f3 pillanatot, mint ez a futam. Sok \u00f6r\u00f6m, de sz\u00edvf\u00e1jdalom is v\u00e1rja a t\u00f6bb sz\u00e1z ker\u00e9kp\u00e1rost, akik a ny\u00e1r elej\u00e9n Franciaorsz\u00e1g utc\u00e1ira mer\u00e9szkednek.","robots":{"index":"index","follow":"follow","max-snippet":"max-snippet:-1","max-image-preview":"max-image-preview:large","max-video-preview":"max-video-preview:-1"},"canonical":"https:\/\/www.welovecycling.com\/hu\/orszaguti-kerekpar\/amikor-egy-gyerek-mentette-meg-jens-voigt-napjat-a-touron\/","og_locale":"hu_HU","og_type":"article","og_title":"Amikor egy gyerek mentette meg Jens Voigt napj\u00e1t a Touron","og_description":"A Tour de France k\u00e9ts\u00e9gk\u00edv\u00fcl a vil\u00e1g legizgalmasabb sportesem\u00e9nye. Egyetlen m\u00e1s verseny sem tartogat annyi dr\u00e1m\u00e1t, annyi adrenalinpump\u00e1l\u00f3 pillanatot, mint ez a futam. Sok \u00f6r\u00f6m, de sz\u00edvf\u00e1jdalom is v\u00e1rja a t\u00f6bb sz\u00e1z ker\u00e9kp\u00e1rost, akik a ny\u00e1r elej\u00e9n Franciaorsz\u00e1g utc\u00e1ira mer\u00e9szkednek.","og_url":"https:\/\/www.welovecycling.com\/hu\/orszaguti-kerekpar\/amikor-egy-gyerek-mentette-meg-jens-voigt-napjat-a-touron\/","og_site_name":"\u0160koda We Love Cycling - Magyarorsz\u00e1g","article_publisher":"https:\/\/www.facebook.com\/WeLoveCyclingHungary\/","article_published_time":"2022-08-18T06:00:56+00:00","article_modified_time":"2022-08-22T07:53:34+00:00","og_image":[{"width":990,"height":660,"url":"https:\/\/d2p6e6u75xmxt8.cloudfront.net\/12\/2022\/08\/Jens-Voigt-profimedia-0229129501-CVR.jpg","type":"image\/jpeg"}],"author":"hegyizs","twitter_card":"summary_large_image","twitter_misc":{"Written by":"Martin Atanasov","Est. reading time":"6"},"schema":{"@context":"https:\/\/schema.org","@graph":[{"@type":"WebPage","@id":"https:\/\/www.welovecycling.com\/hu\/orszaguti-kerekpar\/amikor-egy-gyerek-mentette-meg-jens-voigt-napjat-a-touron\/","url":"https:\/\/www.welovecycling.com\/hu\/orszaguti-kerekpar\/amikor-egy-gyerek-mentette-meg-jens-voigt-napjat-a-touron\/","name":"Amikor egy gyerek mentette meg Jens Voigt napj\u00e1t a Touron","isPartOf":{"@id":"https:\/\/www.welovecycling.com\/hu\/#website"},"primaryImageOfPage":{"@id":"https:\/\/www.welovecycling.com\/hu\/orszaguti-kerekpar\/amikor-egy-gyerek-mentette-meg-jens-voigt-napjat-a-touron\/#primaryimage"},"image":{"@id":"https:\/\/www.welovecycling.com\/hu\/orszaguti-kerekpar\/amikor-egy-gyerek-mentette-meg-jens-voigt-napjat-a-touron\/#primaryimage"},"thumbnailUrl":"https:\/\/d2p6e6u75xmxt8.cloudfront.net\/12\/2022\/08\/Jens-Voigt-profimedia-0229129501-CVR.jpg","datePublished":"2022-08-18T06:00:56+00:00","dateModified":"2022-08-22T07:53:34+00:00","author":{"@id":"https:\/\/www.welovecycling.com\/hu\/#\/schema\/person\/414a2aebf1801691a5320edb6468e194"},"description":"A Tour de France k\u00e9ts\u00e9gk\u00edv\u00fcl a vil\u00e1g legizgalmasabb sportesem\u00e9nye. Egyetlen m\u00e1s verseny sem tartogat annyi dr\u00e1m\u00e1t, annyi adrenalinpump\u00e1l\u00f3 pillanatot, mint ez a futam. Sok \u00f6r\u00f6m, de sz\u00edvf\u00e1jdalom is v\u00e1rja a t\u00f6bb sz\u00e1z ker\u00e9kp\u00e1rost, akik a ny\u00e1r elej\u00e9n Franciaorsz\u00e1g utc\u00e1ira mer\u00e9szkednek.","breadcrumb":{"@id":"https:\/\/www.welovecycling.com\/hu\/orszaguti-kerekpar\/amikor-egy-gyerek-mentette-meg-jens-voigt-napjat-a-touron\/#breadcrumb"},"inLanguage":"hu","potentialAction":[{"@type":"ReadAction","target":["https:\/\/www.welovecycling.com\/hu\/orszaguti-kerekpar\/amikor-egy-gyerek-mentette-meg-jens-voigt-napjat-a-touron\/"]}]},{"@type":"ImageObject","inLanguage":"hu","@id":"https:\/\/www.welovecycling.com\/hu\/orszaguti-kerekpar\/amikor-egy-gyerek-mentette-meg-jens-voigt-napjat-a-touron\/#primaryimage","url":"https:\/\/d2p6e6u75xmxt8.cloudfront.net\/12\/2022\/08\/Jens-Voigt-profimedia-0229129501-CVR.jpg","contentUrl":"https:\/\/d2p6e6u75xmxt8.cloudfront.net\/12\/2022\/08\/Jens-Voigt-profimedia-0229129501-CVR.jpg","width":990,"height":660},{"@type":"BreadcrumbList","@id":"https:\/\/www.welovecycling.com\/hu\/orszaguti-kerekpar\/amikor-egy-gyerek-mentette-meg-jens-voigt-napjat-a-touron\/#breadcrumb","itemListElement":[{"@type":"ListItem","position":1,"name":"Home","item":"https:\/\/www.welovecycling.com\/hu\/"},{"@type":"ListItem","position":2,"name":"Amikor egy gyerek mentette meg Jens Voigt napj\u00e1t a Touron"}]},{"@type":"WebSite","@id":"https:\/\/www.welovecycling.com\/hu\/#website","url":"https:\/\/www.welovecycling.com\/hu\/","name":"\u0160koda We Love Cycling - Magyarorsz\u00e1g","description":"\u0160koda WeLoveCycling","potentialAction":[{"@type":"SearchAction","target":{"@type":"EntryPoint","urlTemplate":"https:\/\/www.welovecycling.com\/hu\/?s={search_term_string}"},"query-input":{"@type":"PropertyValueSpecification","valueRequired":true,"valueName":"search_term_string"}}],"inLanguage":"hu"},{"@type":"Person","@id":"https:\/\/www.welovecycling.com\/hu\/#\/schema\/person\/414a2aebf1801691a5320edb6468e194","name":"hegyizs","image":{"@type":"ImageObject","inLanguage":"hu","@id":"https:\/\/www.welovecycling.com\/hu\/#\/schema\/person\/image\/","url":"https:\/\/secure.gravatar.com\/avatar\/02cf8a7906b8cf90cecb4679defac7cfd33a1c2e3b88e4903d947f3bb58eedd3?s=96&d=mm&r=g","contentUrl":"https:\/\/secure.gravatar.com\/avatar\/02cf8a7906b8cf90cecb4679defac7cfd33a1c2e3b88e4903d947f3bb58eedd3?s=96&d=mm&r=g","caption":"hegyizs"},"url":"https:\/\/www.welovecycling.com\/hu\/author\/hegyizs\/"}]}},"_links":{"self":[{"href":"https:\/\/www.welovecycling.com\/hu\/wp-json\/wp\/v2\/posts\/15609","targetHints":{"allow":["GET"]}}],"collection":[{"href":"https:\/\/www.welovecycling.com\/hu\/wp-json\/wp\/v2\/posts"}],"about":[{"href":"https:\/\/www.welovecycling.com\/hu\/wp-json\/wp\/v2\/types\/post"}],"author":[{"embeddable":true,"href":"https:\/\/www.welovecycling.com\/hu\/wp-json\/wp\/v2\/users\/71"}],"replies":[{"embeddable":true,"href":"https:\/\/www.welovecycling.com\/hu\/wp-json\/wp\/v2\/comments?post=15609"}],"version-history":[{"count":2,"href":"https:\/\/www.welovecycling.com\/hu\/wp-json\/wp\/v2\/posts\/15609\/revisions"}],"predecessor-version":[{"id":15665,"href":"https:\/\/www.welovecycling.com\/hu\/wp-json\/wp\/v2\/posts\/15609\/revisions\/15665"}],"wp:featuredmedia":[{"embeddable":true,"href":"https:\/\/www.welovecycling.com\/hu\/wp-json\/wp\/v2\/media\/15612"}],"wp:attachment":[{"href":"https:\/\/www.welovecycling.com\/hu\/wp-json\/wp\/v2\/media?parent=15609"}],"wp:term":[{"taxonomy":"category","embeddable":true,"href":"https:\/\/www.welovecycling.com\/hu\/wp-json\/wp\/v2\/categories?post=15609"},{"taxonomy":"post_tag","embeddable":true,"href":"https:\/\/www.welovecycling.com\/hu\/wp-json\/wp\/v2\/tags?post=15609"},{"taxonomy":"global-categories","embeddable":true,"href":"https:\/\/www.welovecycling.com\/hu\/wp-json\/wp\/v2\/global-categories?post=15609"}],"curies":[{"name":"wp","href":"https:\/\/api.w.org\/{rel}","templated":true}]}}