{"id":15600,"date":"2022-08-19T08:00:26","date_gmt":"2022-08-19T06:00:26","guid":{"rendered":"https:\/\/www.welovecycling.com\/hu\/?p=15600"},"modified":"2022-08-15T13:57:01","modified_gmt":"2022-08-15T11:57:01","slug":"a-legextremebb-kerekmeretek","status":"publish","type":"post","link":"https:\/\/www.welovecycling.com\/hu\/kozosseg-es-kultura\/a-legextremebb-kerekmeretek\/","title":{"rendered":"A legextr\u00e9mebb ker\u00e9km\u00e9retek"},"content":{"rendered":"<p><strong>Meguntad a 700C kerekeidet? Eleged van a 26&#8243;-os vagy 650B gumik teljes\u00edtm\u00e9ny\u00e9r\u0151l sz\u00f3l\u00f3 vit\u00e1kb\u00f3l? Akkor tarts vel\u00fcnk, \u00e9s n\u00e9zz\u00fcnk meg n\u00e9h\u00e1ny extr\u00e9m ker\u00e9km\u00e9retet!<\/strong><\/p>\n<p><!--more--><\/p>\n<h2><strong>Az 53&#8243;-os Penny-Farthing<\/strong><\/h2>\n<p>Enn\u00e9l a brit ker\u00e9kp\u00e1rn\u00e1l nem nagyon lehet extr\u00e9mebbet tal\u00e1lni. A k\u00e9tfajta \u00e9rm\u00e9r\u0151l &#8211; a farthingr\u00f3l \u00e9s a j\u00f3val nagyobb pennyr\u0151l &#8211; elnevezett ikonikus j\u00e1rm\u0171r\u0151l t\u00f6k\u00e9letes kil\u00e1t\u00e1s ny\u00edlik a vil\u00e1gra, nem besz\u00e9lve az abb\u00f3l fakad\u00f3 izgalomr\u00f3l, hogy ezzel a ker\u00e9kp\u00e1rral milyen sokf\u00e9le balesetet szenvedhet az ember.<\/p>\n<lite-youtube videoid=UImiYy44rRE params=\"enablejsapi=1\" style=\"background-image: url('https:\/\/i.ytimg.com\/vi_webp\/UImiYy44rRE\/maxresdefault.webp');\"><\/lite-youtube>\n<p>Min\u00e9l nagyobb a ker\u00e9k, ann\u00e1l nagyobbat lehet esni, \u00edgy nem meglep\u0151, hogy a biztons\u00e1gosabb ker\u00e9kp\u00e1rok bevezet\u00e9s\u00e9vel a Penny-Farthing gyorsan elvesztette n\u00e9pszer\u0171s\u00e9g\u00e9t. A britek egy k\u00fcl\u00f6nc csoportj\u00e1ban azonban \u00fajj\u00e1\u00e9ledt a Penny-Farthing ir\u00e1nti szeretet, \u00edgy a London Nocturne esem\u00e9ny ma is a vil\u00e1g minden t\u00e1j\u00e1r\u00f3l vonzza a k\u00fcl\u00f6nleges j\u00e1rm\u0171v\u00f6n sz\u00e1guldoz\u00f3 versenyz\u0151ket.<\/p>\n<lite-youtube videoid=-dYTrepJYoM params=\"enablejsapi=1\" style=\"background-image: url('https:\/\/i.ytimg.com\/vi_webp\/-dYTrepJYoM\/maxresdefault.webp');\"><\/lite-youtube>\n<h2><strong>A 17&#8243;-os Moulton Ker\u00e9kp\u00e1rok<\/strong><\/h2>\n<p>A Moulton val\u00f3sz\u00edn\u0171leg a vil\u00e1g legfontosabb ker\u00e9kp\u00e1rgy\u00e1rt\u00f3 v\u00e1llalata, m\u00e9gsem hallott\u00e1l m\u00e9g r\u00f3la sosem. K\u00fcl\u00f6nb\u00f6z\u0151 ker\u00e9kp\u00e1rmodelljeikben olyan szabv\u00e1nyokat vezettek be, melyek csak \u00e9vtizedekkel k\u00e9s\u0151bb v\u00e1ltak \u00e1ltal\u00e1noss\u00e1. A hydrolastic rug\u00f3z\u00e1si rendszer tervez\u0151je, Alex Moulton k\u00e9t dologhoz \u00e9rtett nagyon &#8211; a k\u00e9nyelemhez \u00e9s a tehetetlens\u00e9gi nyomat\u00e9khoz.<\/p>\n<lite-youtube videoid=Pb5e46nDg5Y params=\"enablejsapi=1\" style=\"background-image: url('https:\/\/i.ytimg.com\/vi_webp\/Pb5e46nDg5Y\/maxresdefault.webp');\"><\/lite-youtube>\n<p>A kisebb kerekek k\u00f6nnyebbek, \u00e9s b\u00e1r a tehetetlens\u00e9gi nyomat\u00e9k \u00e1lland\u00f3 sebess\u00e9gn\u00e9l nem sokat sz\u00e1m\u00edt, ha a gyors elindul\u00e1st \u00e9s f\u00e9kez\u00e9st prefer\u00e1lod, a k\u00f6nnyebb ker\u00e9k a jobb v\u00e1laszt\u00e1s. Az elm\u00e9let eredm\u00e9nye egy lend\u00fcletes v\u00e1rosi ker\u00e9kp\u00e1r lett, amely m\u00e9g ma is vonzza a sok rajong\u00f3t.<\/p>\n<p>A Brompton volt az egyik olyan gy\u00e1rt\u00f3, aki felfigyelt a tal\u00e1lm\u00e1nyra, \u00e9s kevesebb mint h\u00fasz \u00e9vvel k\u00e9s\u0151bb, az \u00e1ltaluk kiadott, hasonl\u00f3an kis kerekekkel k\u00e9sz\u00fclt \u00f6sszecsukhat\u00f3 ker\u00e9kp\u00e1r v\u00e9g\u00fcl h\u00e1tt\u00e9rbe szor\u00edtotta a Moultont. Ezut\u00e1n m\u00e9g n\u00e9h\u00e1ny \u00e9vtizednek el kellett telnie, mire a ker\u00e9kp\u00e1ros vil\u00e1g \u00e1tvette a Moulton m\u00e1sik nagyszer\u0171 \u00faj\u00edt\u00e1s\u00e1t: az els\u0151-h\u00e1ts\u00f3 felf\u00fcggeszt\u00e9st.<\/p>\n<h2><strong>A 16&#8243;-os Strida<\/strong><\/h2>\n<p>A Bromptonhoz hasonl\u00f3an, az \u00f6sszecsukhat\u00f3 ker\u00e9kp\u00e1rok eset\u00e9ben a Strida is hamar felismerte a kis kerekekben rejl\u0151 lehet\u0151s\u00e9geket. Ker\u00e9kp\u00e1rjaikhoz a kis kerekeket kiemel\u0151 eleg\u00e1ns \u00e9s egyszer\u0171 A-v\u00e1zat terveztek, \u00e9s a Moultonhoz hasonl\u00f3an szert tettek egy igen elk\u00f6telezett rajong\u00f3t\u00e1borra \u2013 nem meglep\u0151 m\u00f3don a v\u00e1rosi r\u00e9gi\u00f3kban, ahol sz\u0171k\u00f6s a hely.<\/p>\n<lite-youtube videoid=DReGjUkEBo8 params=\"enablejsapi=1\" style=\"background-image: url('https:\/\/i.ytimg.com\/vi_webp\/DReGjUkEBo8\/maxresdefault.webp');\"><\/lite-youtube>\n<h2><strong>70&#8243;+-os mono-\u00e9s diciklik <\/strong><\/h2>\n<p>Ezek az \u00f3ri\u00e1si egy-\u00e9s k\u00e9tkerek\u0171ek nem igaz\u00e1n terjedtek el sorozatgy\u00e1rt\u00e1s\u00fa j\u00e1rm\u0171k\u00e9nt, mivel sajnos nem t\u00fal biztons\u00e1gosak. Z\u00e1rt utakon \u00e9s versenyp\u00e1ly\u00e1kon viszont remek\u00fcl lehet sz\u00f3rakozni vel\u00fck.<\/p>\n<lite-youtube videoid=wJicfjgsbsw params=\"enablejsapi=1\" style=\"background-image: url('https:\/\/i.ytimg.com\/vi_webp\/wJicfjgsbsw\/maxresdefault.webp');\"><\/lite-youtube>\n<p>A dicikli egy igaz\u00e1n furcsa szerkezet. A ker\u00e9kp\u00e1rral ellent\u00e9tben ennek a j\u00e1rm\u0171nek a kerekei egym\u00e1s mellett helyezkednek el, ami sokkal nagyobb ker\u00e9km\u00e9retet tesz lehet\u0151v\u00e9. N\u00e9zd meg p\u00e9ld\u00e1ul a Mutant Big Wheel-t! Ha az \u00fcl\u00e9sek egyenesen \u00e1lln\u00e1nak, a tandemez\u00e9shez hasonl\u00f3 \u00e9lm\u00e9nyt kapn\u00e1nk, r\u00e1ad\u00e1sul \u00fagy mehetn\u00e9nk el egy hossz\u00fa biciklit\u00far\u00e1ra, hogy k\u00f6zben k\u00f6nnyed\u00e9n tudn\u00e1nk egym\u00e1ssal besz\u00e9lgetni.<\/p>\n<lite-youtube videoid=PK97jyfk1l4 params=\"enablejsapi=1\" style=\"background-image: url('https:\/\/i.ytimg.com\/vi_webp\/PK97jyfk1l4\/maxresdefault.webp');\"><\/lite-youtube>\n","protected":false},"excerpt":{"rendered":"<p>Meguntad a 700C kerekeidet? Eleged van a 26&#8243;-os vagy 650B gumik teljes\u00edtm\u00e9ny\u00e9r\u0151l sz\u00f3l\u00f3 vit\u00e1kb\u00f3l? Akkor tarts vel\u00fcnk, \u00e9s n\u00e9zz\u00fcnk meg [&hellip;]<\/p>\n","protected":false},"author":71,"featured_media":15607,"comment_status":"open","ping_status":"open","sticky":false,"template":"","format":"standard","meta":{"footnotes":""},"categories":[12],"tags":[],"global-categories":[],"class_list":["post-15600","post","type-post","status-publish","format-standard","has-post-thumbnail","hentry","category-kozosseg-es-kultura"],"yoast_head":"<!-- This site is optimized with the Yoast SEO Premium plugin v25.3 (Yoast SEO v25.9) - https:\/\/yoast.com\/wordpress\/plugins\/seo\/ -->\n<title>A legextr\u00e9mebb ker\u00e9km\u00e9retek<\/title>\n<meta name=\"description\" content=\"Meguntad a 700C kerekeidet? Eleged van a 26&quot;-os vagy 650B gumik teljes\u00edtm\u00e9ny\u00e9r\u0151l sz\u00f3l\u00f3 vit\u00e1kb\u00f3l? Akkor tarts vel\u00fcnk, \u00e9s n\u00e9zz\u00fcnk meg n\u00e9h\u00e1ny extr\u00e9m ker\u00e9km\u00e9retet!\" \/>\n<meta name=\"robots\" content=\"index, follow, max-snippet:-1, max-image-preview:large, max-video-preview:-1\" \/>\n<link rel=\"canonical\" href=\"https:\/\/www.welovecycling.com\/hu\/kozosseg-es-kultura\/a-legextremebb-kerekmeretek\/\" \/>\n<meta property=\"og:locale\" content=\"hu_HU\" \/>\n<meta property=\"og:type\" content=\"article\" \/>\n<meta property=\"og:title\" content=\"A legextr\u00e9mebb ker\u00e9km\u00e9retek\" \/>\n<meta property=\"og:description\" content=\"Meguntad a 700C kerekeidet? Eleged van a 26&quot;-os vagy 650B gumik teljes\u00edtm\u00e9ny\u00e9r\u0151l sz\u00f3l\u00f3 vit\u00e1kb\u00f3l? Akkor tarts vel\u00fcnk, \u00e9s n\u00e9zz\u00fcnk meg n\u00e9h\u00e1ny extr\u00e9m ker\u00e9km\u00e9retet!\" \/>\n<meta property=\"og:url\" content=\"https:\/\/www.welovecycling.com\/hu\/kozosseg-es-kultura\/a-legextremebb-kerekmeretek\/\" \/>\n<meta property=\"og:site_name\" content=\"\u0160koda We Love Cycling - Magyarorsz\u00e1g\" \/>\n<meta property=\"article:publisher\" content=\"https:\/\/www.facebook.com\/WeLoveCyclingHungary\/\" \/>\n<meta property=\"article:published_time\" content=\"2022-08-19T06:00:26+00:00\" \/>\n<meta property=\"og:image\" content=\"https:\/\/d2p6e6u75xmxt8.cloudfront.net\/12\/2022\/08\/extrCVR.jpg\" \/>\n\t<meta property=\"og:image:width\" content=\"1366\" \/>\n\t<meta property=\"og:image:height\" content=\"600\" \/>\n\t<meta property=\"og:image:type\" content=\"image\/jpeg\" \/>\n<meta name=\"author\" content=\"hegyizs\" \/>\n<meta name=\"twitter:card\" content=\"summary_large_image\" \/>\n<meta name=\"twitter:label1\" content=\"Written by\" \/>\n\t<meta name=\"twitter:data1\" content=\"Christopher Ashley\" \/>\n\t<meta name=\"twitter:label2\" content=\"Est. reading time\" \/>\n\t<meta name=\"twitter:data2\" content=\"7\" \/>\n<script type=\"application\/ld+json\" class=\"yoast-schema-graph\">{\"@context\":\"https:\/\/schema.org\",\"@graph\":[{\"@type\":\"WebPage\",\"@id\":\"https:\/\/www.welovecycling.com\/hu\/kozosseg-es-kultura\/a-legextremebb-kerekmeretek\/\",\"url\":\"https:\/\/www.welovecycling.com\/hu\/kozosseg-es-kultura\/a-legextremebb-kerekmeretek\/\",\"name\":\"A legextr\u00e9mebb ker\u00e9km\u00e9retek\",\"isPartOf\":{\"@id\":\"https:\/\/www.welovecycling.com\/hu\/#website\"},\"primaryImageOfPage\":{\"@id\":\"https:\/\/www.welovecycling.com\/hu\/kozosseg-es-kultura\/a-legextremebb-kerekmeretek\/#primaryimage\"},\"image\":{\"@id\":\"https:\/\/www.welovecycling.com\/hu\/kozosseg-es-kultura\/a-legextremebb-kerekmeretek\/#primaryimage\"},\"thumbnailUrl\":\"https:\/\/d2p6e6u75xmxt8.cloudfront.net\/12\/2022\/08\/extrCVR.jpg\",\"datePublished\":\"2022-08-19T06:00:26+00:00\",\"author\":{\"@id\":\"https:\/\/www.welovecycling.com\/hu\/#\/schema\/person\/414a2aebf1801691a5320edb6468e194\"},\"description\":\"Meguntad a 700C kerekeidet? Eleged van a 26\\\"-os vagy 650B gumik teljes\u00edtm\u00e9ny\u00e9r\u0151l sz\u00f3l\u00f3 vit\u00e1kb\u00f3l? Akkor tarts vel\u00fcnk, \u00e9s n\u00e9zz\u00fcnk meg n\u00e9h\u00e1ny extr\u00e9m ker\u00e9km\u00e9retet!\",\"breadcrumb\":{\"@id\":\"https:\/\/www.welovecycling.com\/hu\/kozosseg-es-kultura\/a-legextremebb-kerekmeretek\/#breadcrumb\"},\"inLanguage\":\"hu\",\"potentialAction\":[{\"@type\":\"ReadAction\",\"target\":[\"https:\/\/www.welovecycling.com\/hu\/kozosseg-es-kultura\/a-legextremebb-kerekmeretek\/\"]}]},{\"@type\":\"ImageObject\",\"inLanguage\":\"hu\",\"@id\":\"https:\/\/www.welovecycling.com\/hu\/kozosseg-es-kultura\/a-legextremebb-kerekmeretek\/#primaryimage\",\"url\":\"https:\/\/d2p6e6u75xmxt8.cloudfront.net\/12\/2022\/08\/extrCVR.jpg\",\"contentUrl\":\"https:\/\/d2p6e6u75xmxt8.cloudfront.net\/12\/2022\/08\/extrCVR.jpg\",\"width\":1366,\"height\":600},{\"@type\":\"BreadcrumbList\",\"@id\":\"https:\/\/www.welovecycling.com\/hu\/kozosseg-es-kultura\/a-legextremebb-kerekmeretek\/#breadcrumb\",\"itemListElement\":[{\"@type\":\"ListItem\",\"position\":1,\"name\":\"Home\",\"item\":\"https:\/\/www.welovecycling.com\/hu\/\"},{\"@type\":\"ListItem\",\"position\":2,\"name\":\"A legextr\u00e9mebb ker\u00e9km\u00e9retek\"}]},{\"@type\":\"WebSite\",\"@id\":\"https:\/\/www.welovecycling.com\/hu\/#website\",\"url\":\"https:\/\/www.welovecycling.com\/hu\/\",\"name\":\"\u0160koda We Love Cycling - Magyarorsz\u00e1g\",\"description\":\"\u0160koda WeLoveCycling\",\"potentialAction\":[{\"@type\":\"SearchAction\",\"target\":{\"@type\":\"EntryPoint\",\"urlTemplate\":\"https:\/\/www.welovecycling.com\/hu\/?s={search_term_string}\"},\"query-input\":{\"@type\":\"PropertyValueSpecification\",\"valueRequired\":true,\"valueName\":\"search_term_string\"}}],\"inLanguage\":\"hu\"},{\"@type\":\"Person\",\"@id\":\"https:\/\/www.welovecycling.com\/hu\/#\/schema\/person\/414a2aebf1801691a5320edb6468e194\",\"name\":\"hegyizs\",\"image\":{\"@type\":\"ImageObject\",\"inLanguage\":\"hu\",\"@id\":\"https:\/\/www.welovecycling.com\/hu\/#\/schema\/person\/image\/\",\"url\":\"https:\/\/secure.gravatar.com\/avatar\/02cf8a7906b8cf90cecb4679defac7cfd33a1c2e3b88e4903d947f3bb58eedd3?s=96&d=mm&r=g\",\"contentUrl\":\"https:\/\/secure.gravatar.com\/avatar\/02cf8a7906b8cf90cecb4679defac7cfd33a1c2e3b88e4903d947f3bb58eedd3?s=96&d=mm&r=g\",\"caption\":\"hegyizs\"},\"url\":\"https:\/\/www.welovecycling.com\/hu\/author\/hegyizs\/\"}]}<\/script>\n<!-- \/ Yoast SEO Premium plugin. -->","yoast_head_json":{"title":"A legextr\u00e9mebb ker\u00e9km\u00e9retek","description":"Meguntad a 700C kerekeidet? Eleged van a 26\"-os vagy 650B gumik teljes\u00edtm\u00e9ny\u00e9r\u0151l sz\u00f3l\u00f3 vit\u00e1kb\u00f3l? Akkor tarts vel\u00fcnk, \u00e9s n\u00e9zz\u00fcnk meg n\u00e9h\u00e1ny extr\u00e9m ker\u00e9km\u00e9retet!","robots":{"index":"index","follow":"follow","max-snippet":"max-snippet:-1","max-image-preview":"max-image-preview:large","max-video-preview":"max-video-preview:-1"},"canonical":"https:\/\/www.welovecycling.com\/hu\/kozosseg-es-kultura\/a-legextremebb-kerekmeretek\/","og_locale":"hu_HU","og_type":"article","og_title":"A legextr\u00e9mebb ker\u00e9km\u00e9retek","og_description":"Meguntad a 700C kerekeidet? Eleged van a 26\"-os vagy 650B gumik teljes\u00edtm\u00e9ny\u00e9r\u0151l sz\u00f3l\u00f3 vit\u00e1kb\u00f3l? Akkor tarts vel\u00fcnk, \u00e9s n\u00e9zz\u00fcnk meg n\u00e9h\u00e1ny extr\u00e9m ker\u00e9km\u00e9retet!","og_url":"https:\/\/www.welovecycling.com\/hu\/kozosseg-es-kultura\/a-legextremebb-kerekmeretek\/","og_site_name":"\u0160koda We Love Cycling - Magyarorsz\u00e1g","article_publisher":"https:\/\/www.facebook.com\/WeLoveCyclingHungary\/","article_published_time":"2022-08-19T06:00:26+00:00","og_image":[{"width":1366,"height":600,"url":"https:\/\/d2p6e6u75xmxt8.cloudfront.net\/12\/2022\/08\/extrCVR.jpg","type":"image\/jpeg"}],"author":"hegyizs","twitter_card":"summary_large_image","twitter_misc":{"Written by":"Christopher Ashley","Est. reading time":"7"},"schema":{"@context":"https:\/\/schema.org","@graph":[{"@type":"WebPage","@id":"https:\/\/www.welovecycling.com\/hu\/kozosseg-es-kultura\/a-legextremebb-kerekmeretek\/","url":"https:\/\/www.welovecycling.com\/hu\/kozosseg-es-kultura\/a-legextremebb-kerekmeretek\/","name":"A legextr\u00e9mebb ker\u00e9km\u00e9retek","isPartOf":{"@id":"https:\/\/www.welovecycling.com\/hu\/#website"},"primaryImageOfPage":{"@id":"https:\/\/www.welovecycling.com\/hu\/kozosseg-es-kultura\/a-legextremebb-kerekmeretek\/#primaryimage"},"image":{"@id":"https:\/\/www.welovecycling.com\/hu\/kozosseg-es-kultura\/a-legextremebb-kerekmeretek\/#primaryimage"},"thumbnailUrl":"https:\/\/d2p6e6u75xmxt8.cloudfront.net\/12\/2022\/08\/extrCVR.jpg","datePublished":"2022-08-19T06:00:26+00:00","author":{"@id":"https:\/\/www.welovecycling.com\/hu\/#\/schema\/person\/414a2aebf1801691a5320edb6468e194"},"description":"Meguntad a 700C kerekeidet? Eleged van a 26\"-os vagy 650B gumik teljes\u00edtm\u00e9ny\u00e9r\u0151l sz\u00f3l\u00f3 vit\u00e1kb\u00f3l? Akkor tarts vel\u00fcnk, \u00e9s n\u00e9zz\u00fcnk meg n\u00e9h\u00e1ny extr\u00e9m ker\u00e9km\u00e9retet!","breadcrumb":{"@id":"https:\/\/www.welovecycling.com\/hu\/kozosseg-es-kultura\/a-legextremebb-kerekmeretek\/#breadcrumb"},"inLanguage":"hu","potentialAction":[{"@type":"ReadAction","target":["https:\/\/www.welovecycling.com\/hu\/kozosseg-es-kultura\/a-legextremebb-kerekmeretek\/"]}]},{"@type":"ImageObject","inLanguage":"hu","@id":"https:\/\/www.welovecycling.com\/hu\/kozosseg-es-kultura\/a-legextremebb-kerekmeretek\/#primaryimage","url":"https:\/\/d2p6e6u75xmxt8.cloudfront.net\/12\/2022\/08\/extrCVR.jpg","contentUrl":"https:\/\/d2p6e6u75xmxt8.cloudfront.net\/12\/2022\/08\/extrCVR.jpg","width":1366,"height":600},{"@type":"BreadcrumbList","@id":"https:\/\/www.welovecycling.com\/hu\/kozosseg-es-kultura\/a-legextremebb-kerekmeretek\/#breadcrumb","itemListElement":[{"@type":"ListItem","position":1,"name":"Home","item":"https:\/\/www.welovecycling.com\/hu\/"},{"@type":"ListItem","position":2,"name":"A legextr\u00e9mebb ker\u00e9km\u00e9retek"}]},{"@type":"WebSite","@id":"https:\/\/www.welovecycling.com\/hu\/#website","url":"https:\/\/www.welovecycling.com\/hu\/","name":"\u0160koda We Love Cycling - Magyarorsz\u00e1g","description":"\u0160koda WeLoveCycling","potentialAction":[{"@type":"SearchAction","target":{"@type":"EntryPoint","urlTemplate":"https:\/\/www.welovecycling.com\/hu\/?s={search_term_string}"},"query-input":{"@type":"PropertyValueSpecification","valueRequired":true,"valueName":"search_term_string"}}],"inLanguage":"hu"},{"@type":"Person","@id":"https:\/\/www.welovecycling.com\/hu\/#\/schema\/person\/414a2aebf1801691a5320edb6468e194","name":"hegyizs","image":{"@type":"ImageObject","inLanguage":"hu","@id":"https:\/\/www.welovecycling.com\/hu\/#\/schema\/person\/image\/","url":"https:\/\/secure.gravatar.com\/avatar\/02cf8a7906b8cf90cecb4679defac7cfd33a1c2e3b88e4903d947f3bb58eedd3?s=96&d=mm&r=g","contentUrl":"https:\/\/secure.gravatar.com\/avatar\/02cf8a7906b8cf90cecb4679defac7cfd33a1c2e3b88e4903d947f3bb58eedd3?s=96&d=mm&r=g","caption":"hegyizs"},"url":"https:\/\/www.welovecycling.com\/hu\/author\/hegyizs\/"}]}},"_links":{"self":[{"href":"https:\/\/www.welovecycling.com\/hu\/wp-json\/wp\/v2\/posts\/15600","targetHints":{"allow":["GET"]}}],"collection":[{"href":"https:\/\/www.welovecycling.com\/hu\/wp-json\/wp\/v2\/posts"}],"about":[{"href":"https:\/\/www.welovecycling.com\/hu\/wp-json\/wp\/v2\/types\/post"}],"author":[{"embeddable":true,"href":"https:\/\/www.welovecycling.com\/hu\/wp-json\/wp\/v2\/users\/71"}],"replies":[{"embeddable":true,"href":"https:\/\/www.welovecycling.com\/hu\/wp-json\/wp\/v2\/comments?post=15600"}],"version-history":[{"count":1,"href":"https:\/\/www.welovecycling.com\/hu\/wp-json\/wp\/v2\/posts\/15600\/revisions"}],"predecessor-version":[{"id":15608,"href":"https:\/\/www.welovecycling.com\/hu\/wp-json\/wp\/v2\/posts\/15600\/revisions\/15608"}],"wp:featuredmedia":[{"embeddable":true,"href":"https:\/\/www.welovecycling.com\/hu\/wp-json\/wp\/v2\/media\/15607"}],"wp:attachment":[{"href":"https:\/\/www.welovecycling.com\/hu\/wp-json\/wp\/v2\/media?parent=15600"}],"wp:term":[{"taxonomy":"category","embeddable":true,"href":"https:\/\/www.welovecycling.com\/hu\/wp-json\/wp\/v2\/categories?post=15600"},{"taxonomy":"post_tag","embeddable":true,"href":"https:\/\/www.welovecycling.com\/hu\/wp-json\/wp\/v2\/tags?post=15600"},{"taxonomy":"global-categories","embeddable":true,"href":"https:\/\/www.welovecycling.com\/hu\/wp-json\/wp\/v2\/global-categories?post=15600"}],"curies":[{"name":"wp","href":"https:\/\/api.w.org\/{rel}","templated":true}]}}