{"id":15593,"date":"2022-08-12T12:53:24","date_gmt":"2022-08-12T10:53:24","guid":{"rendered":"https:\/\/www.welovecycling.com\/hu\/?p=15593"},"modified":"2022-08-12T13:09:13","modified_gmt":"2022-08-12T11:09:13","slug":"ha-a-vueltan-nem-is-de-a-nemet-koron-valoban-visszaterhet-egan-bernal","status":"publish","type":"post","link":"https:\/\/www.welovecycling.com\/hu\/orszaguti-kerekpar\/ha-a-vueltan-nem-is-de-a-nemet-koron-valoban-visszaterhet-egan-bernal\/","title":{"rendered":"Ha a Vuelt\u00e1n nem is, de a n\u00e9met k\u00f6r\u00f6n val\u00f3ban visszat\u00e9rhet Egan Bernal!"},"content":{"rendered":"<p><strong>Az Ineos kolumbiai klasszisa a h\u00edrek szerint az augusztus v\u00e9gi Deutschland Touron t\u00e9rhet vissza az \u00e9les versenyz\u00e9shez.<\/strong><\/p>\n<p><!--more--><\/p>\n<p>Hogy az orsz\u00e1g\u00fati ker\u00e9kp\u00e1rosok \u201emib\u0151l vannak\u201d, n\u00e9ha t\u00e9nyleg neh\u00e9z lenne megmondani, de az biztos, hogy sokszor a t\u00f6r\u00e9kenynek l\u00e1tsz\u00f3 testalkat nagyon megt\u00e9veszt\u0151, hiszen k\u00f6zben olyan, mintha ment\u00e1lisan \u00e9s fizik\u00e1lisan is betonb\u00f3l lenn\u00e9nek. A sportvil\u00e1gban sz\u00e1mos p\u00e9ld\u00e1t l\u00e1thattunk elk\u00e9peszt\u0151 visszat\u00e9r\u00e9sekre, de a bring\u00e1sok k\u00f6z\u00fcl csak a k\u00f6zelm\u00faltb\u00f3l lehetne t\u00f6bb olyan, csod\u00e1val hat\u00e1ros fel\u00e9p\u00fcl\u00e9st mutatni \u2013 Fabio Jakobsent\u0151l kezdve Chris Froome-on \u00e1t Egan Bernalig \u2013, ahol m\u00e1r az is kisebb csoda, hogy borzalmas baleset\u00fck ut\u00e1n egy\u00e1ltal\u00e1n \u00e9letben vannak, nem m\u00e9g az, hogy alig n\u00e9h\u00e1ny h\u00f3nappal k\u00e9s\u0151bb m\u00e1r \u00fajra a bring\u00e1n \u00fcltek.<\/p>\n<p>Bernal esete eklat\u00e1ns p\u00e9lda erre.<\/p>\n<p>Bizony\u00e1ra mindenki eml\u00e9kszik, az Ineos Tour- \u00e9s Giro-gy\u0151ztes extraklasszisa milyen horrorisztikus edz\u00e9sbalesetet szenvedett id\u00e9n janu\u00e1rban, amikor teljes sebess\u00e9ggel egy \u00e1ll\u00f3 busz h\u00e1tulj\u00e1nak csap\u00f3dott: t\u00f6bb napon \u00e1t az intenz\u00edven \u00e1polt\u00e1k, sz\u00e1mos csontja elt\u00f6r\u00f6tt, a gerinc\u00e9t is m\u0171teni kellett, emiatt er\u0151sen k\u00e9ts\u00e9ges volt, egy\u00e1ltal\u00e1n l\u00e1bra \u00e1llhat-e m\u00e9g valaha. A ker\u00e9kp\u00e1roz\u00e1sra ezen a ponton v\u00e9gk\u00e9pp nem is gondolt senki, f\u0151leg nem arra, hogy Bernal egyszer m\u00e9g \u00fajra a legmagasabb szinten versenyezhet \u2013 annak is \u00f6r\u00fclni kellett, hogy egy\u00e1ltal\u00e1n t\u00fal\u00e9lte.<\/p>\n<figure id=\"attachment_15596\" aria-describedby=\"caption-attachment-15596\" style=\"width: 1024px\" class=\"wp-caption alignnone\"><img loading=\"lazy\" decoding=\"async\" class=\"size-large wp-image-15596\" src=\"https:\/\/d2p6e6u75xmxt8.cloudfront.net\/12\/2022\/08\/53673429-0-image-a-4_1643791244256-1024x615.jpg\" alt=\"\" width=\"1024\" height=\"615\" srcset=\"https:\/\/d2p6e6u75xmxt8.cloudfront.net\/12\/2022\/08\/53673429-0-image-a-4_1643791244256-1024x615.jpg 1024w, https:\/\/d2p6e6u75xmxt8.cloudfront.net\/12\/2022\/08\/53673429-0-image-a-4_1643791244256-300x180.jpg 300w, https:\/\/d2p6e6u75xmxt8.cloudfront.net\/12\/2022\/08\/53673429-0-image-a-4_1643791244256-768x461.jpg 768w, https:\/\/d2p6e6u75xmxt8.cloudfront.net\/12\/2022\/08\/53673429-0-image-a-4_1643791244256-1536x923.jpg 1536w, https:\/\/d2p6e6u75xmxt8.cloudfront.net\/12\/2022\/08\/53673429-0-image-a-4_1643791244256.jpg 1908w\" sizes=\"auto, (max-width: 1024px) 100vw, 1024px\" \/><figcaption id=\"caption-attachment-15596\" class=\"wp-caption-text\">forr\u00e1s: Daily Mail<\/figcaption><\/figure>\n<p>De ahogy mondani szokt\u00e1k, Bernal nem ismerte a lehetetlent, ez\u00e9rt megcsin\u00e1lta: nagyon \u00fagy t\u0171nik, hogy mind\u00f6ssze h\u00e9t h\u00f3nappal(!) azut\u00e1n, hogy darabokban hevert egy kolumbiai k\u00f3rh\u00e1z s\u00fcrg\u0151ss\u00e9gi oszt\u00e1ly\u00e1n, \u00fajra nagy versenyen indulhat.<\/p>\n<p>A sz\u00e1mtalan oper\u00e1ci\u00f3n \u00e1tesett 25 \u00e9ves versenyz\u0151 kicsivel t\u00f6bb mint h\u00e1rom hete nyilatkozta, hogy lassan, de biztosan k\u00e9szen \u00e1ll, de mint fogalmazott, a fokozatoss\u00e1g elv\u00e9t szigor\u00faan szem el\u0151tt tartva: \u201eR\u00f3ma sem egy nap alatt \u00e9p\u00fcl. Mindenesetre a rengeteg munka \u00e9s t\u00fcrelem ut\u00e1n alig v\u00e1rom, hogy \u00fajra versenyezhessek\u201d \u2013 mondta akkor.<\/p>\n<p>Ekkor m\u00e1r olyan h\u00edrek is elkezdtek sz\u00e1rnyra kapni, miszerint az Ineos szt\u00e1rja r\u00f6gt\u00f6n egy h\u00e1romhetesen, az augusztus v\u00e9gi Vuelt\u00e1n t\u00e9rhet vissza, \u00e1m Bernal az\u00f3ta az\u00e9rt leh\u0171t\u00f6tte a ked\u00e9lyeket; Vincenzo Nibali Squalo TV nev\u0171 internetes csatorn\u00e1j\u00e1n elmondta, teljesen kiz\u00e1rt, hogy egyb\u0151l egy Grand Tourt teljes\u00edtsen, ink\u00e1bb valamelyik szezon v\u00e9gi olaszorsz\u00e1gi klasszikust jel\u00f6lte meg re\u00e1lis c\u00e9lk\u00e9nt.<\/p>\n<figure id=\"attachment_15594\" aria-describedby=\"caption-attachment-15594\" style=\"width: 1024px\" class=\"wp-caption alignnone\"><img loading=\"lazy\" decoding=\"async\" class=\"size-large wp-image-15594\" src=\"https:\/\/d2p6e6u75xmxt8.cloudfront.net\/12\/2022\/08\/skysports-egan-bernal-cycling_5670134-1024x576.jpg\" alt=\"\" width=\"1024\" height=\"576\" srcset=\"https:\/\/d2p6e6u75xmxt8.cloudfront.net\/12\/2022\/08\/skysports-egan-bernal-cycling_5670134-1024x576.jpg 1024w, https:\/\/d2p6e6u75xmxt8.cloudfront.net\/12\/2022\/08\/skysports-egan-bernal-cycling_5670134-300x169.jpg 300w, https:\/\/d2p6e6u75xmxt8.cloudfront.net\/12\/2022\/08\/skysports-egan-bernal-cycling_5670134-768x432.jpg 768w, https:\/\/d2p6e6u75xmxt8.cloudfront.net\/12\/2022\/08\/skysports-egan-bernal-cycling_5670134-1536x864.jpg 1536w, https:\/\/d2p6e6u75xmxt8.cloudfront.net\/12\/2022\/08\/skysports-egan-bernal-cycling_5670134-1920x1080.jpg 1920w, https:\/\/d2p6e6u75xmxt8.cloudfront.net\/12\/2022\/08\/skysports-egan-bernal-cycling_5670134.jpg 2048w, https:\/\/d2p6e6u75xmxt8.cloudfront.net\/12\/2022\/08\/skysports-egan-bernal-cycling_5670134-1920x1080.jpg 1920w\" sizes=\"auto, (max-width: 1024px) 100vw, 1024px\" \/><figcaption id=\"caption-attachment-15594\" class=\"wp-caption-text\">Bernal sz\u00e1mos arcm\u0171t\u00e9ten is \u00e1tesett a baleset\u00e9t k\u00f6vet\u0151en (forr\u00e1s: skysports.com)<\/figcaption><\/figure>\n<p>A szint\u00e9n olasz La Gazzetta dello Sport azonban imm\u00e1r konkr\u00e9tan tudni v\u00e9li, hogy melyik lehet Bernal nagy visszat\u00e9r\u0151 versenye. \u00c9s ez nem valamelyik olasz egynapos, hanem az augusztus 24. \u00e9s 28. k\u00f6z\u00f6tt esed\u00e9kes n\u00e9met k\u00f6rverseny, ahol az olasz k\u00f6z\u00f6ns\u00e9gkedvenccel, Filippo Gann\u00e1val vezetheti majd az Ineos sor\u00e1t. A brit szt\u00e1rist\u00e1ll\u00f3 mindenesetre sz\u00e1nd\u00e9kosan nem jel\u00f6lt meg id\u0151pontot Bernal visszat\u00e9r\u00e9s\u00e9vel kapcsolatban, \u00edgy a n\u00e9met k\u00f6rrel kapcsolatos spekul\u00e1ci\u00f3kat sem komment\u00e1lta hivatalosan \u2013 \u00e1m az mindenesetre egyre val\u00f3sz\u00edn\u0171bbnek t\u0171nik, hogy a h\u00f3nap v\u00e9g\u00e9n m\u00e1r \u00e9rdemes n\u00e9zel\u0151dni, melyik viadal rajtlist\u00e1j\u00e1ban bukkan fel a kolumbiai \u201evasember\u201d neve\u2026<\/p>\n","protected":false},"excerpt":{"rendered":"<p>Az Ineos kolumbiai klasszisa a h\u00edrek szerint az augusztus v\u00e9gi Deutschland Touron t\u00e9rhet vissza az \u00e9les versenyz\u00e9shez.<\/p>\n","protected":false},"author":71,"featured_media":15595,"comment_status":"open","ping_status":"open","sticky":false,"template":"","format":"standard","meta":{"footnotes":""},"categories":[8],"tags":[],"global-categories":[419],"class_list":["post-15593","post","type-post","status-publish","format-standard","has-post-thumbnail","hentry","category-orszaguti-kerekpar","global-categories-cycling"],"yoast_head":"<!-- This site is optimized with the Yoast SEO Premium plugin v25.3 (Yoast SEO v25.9) - https:\/\/yoast.com\/wordpress\/plugins\/seo\/ -->\n<title>Ha a Vuelt\u00e1n nem is, de a n\u00e9met k\u00f6r\u00f6n val\u00f3ban visszat\u00e9rhet Egan Bernal!<\/title>\n<meta name=\"description\" content=\"Az Ineos kolumbiai klasszisa a h\u00edrek szerint az augusztus v\u00e9gi Deutschland Touron t\u00e9rhet vissza az \u00e9les versenyz\u00e9shez.\" \/>\n<meta name=\"robots\" content=\"index, follow, max-snippet:-1, max-image-preview:large, max-video-preview:-1\" \/>\n<link rel=\"canonical\" href=\"https:\/\/www.welovecycling.com\/hu\/orszaguti-kerekpar\/ha-a-vueltan-nem-is-de-a-nemet-koron-valoban-visszaterhet-egan-bernal\/\" \/>\n<meta property=\"og:locale\" content=\"hu_HU\" \/>\n<meta property=\"og:type\" content=\"article\" \/>\n<meta property=\"og:title\" content=\"Ha a Vuelt\u00e1n nem is, de a n\u00e9met k\u00f6r\u00f6n val\u00f3ban visszat\u00e9rhet Egan Bernal!\" \/>\n<meta property=\"og:description\" content=\"Az Ineos kolumbiai klasszisa a h\u00edrek szerint az augusztus v\u00e9gi Deutschland Touron t\u00e9rhet vissza az \u00e9les versenyz\u00e9shez.\" \/>\n<meta property=\"og:url\" content=\"https:\/\/www.welovecycling.com\/hu\/orszaguti-kerekpar\/ha-a-vueltan-nem-is-de-a-nemet-koron-valoban-visszaterhet-egan-bernal\/\" \/>\n<meta property=\"og:site_name\" content=\"\u0160koda We Love Cycling - Magyarorsz\u00e1g\" \/>\n<meta property=\"article:publisher\" content=\"https:\/\/www.facebook.com\/WeLoveCyclingHungary\/\" \/>\n<meta property=\"article:published_time\" content=\"2022-08-12T10:53:24+00:00\" \/>\n<meta property=\"article:modified_time\" content=\"2022-08-12T11:09:13+00:00\" \/>\n<meta property=\"og:image\" content=\"https:\/\/d2p6e6u75xmxt8.cloudfront.net\/12\/2022\/08\/mageez-e1647108020905.jpg\" \/>\n\t<meta property=\"og:image:width\" content=\"1561\" \/>\n\t<meta property=\"og:image:height\" content=\"916\" \/>\n\t<meta property=\"og:image:type\" content=\"image\/jpeg\" \/>\n<meta name=\"author\" content=\"hegyizs\" \/>\n<meta name=\"twitter:card\" content=\"summary_large_image\" \/>\n<meta name=\"twitter:label1\" content=\"Written by\" \/>\n\t<meta name=\"twitter:data1\" content=\"WLC\" \/>\n\t<meta name=\"twitter:label2\" content=\"Est. reading time\" \/>\n\t<meta name=\"twitter:data2\" content=\"3 minutes\" \/>\n<script type=\"application\/ld+json\" class=\"yoast-schema-graph\">{\"@context\":\"https:\/\/schema.org\",\"@graph\":[{\"@type\":\"WebPage\",\"@id\":\"https:\/\/www.welovecycling.com\/hu\/orszaguti-kerekpar\/ha-a-vueltan-nem-is-de-a-nemet-koron-valoban-visszaterhet-egan-bernal\/\",\"url\":\"https:\/\/www.welovecycling.com\/hu\/orszaguti-kerekpar\/ha-a-vueltan-nem-is-de-a-nemet-koron-valoban-visszaterhet-egan-bernal\/\",\"name\":\"Ha a Vuelt\u00e1n nem is, de a n\u00e9met k\u00f6r\u00f6n val\u00f3ban visszat\u00e9rhet Egan Bernal!\",\"isPartOf\":{\"@id\":\"https:\/\/www.welovecycling.com\/hu\/#website\"},\"primaryImageOfPage\":{\"@id\":\"https:\/\/www.welovecycling.com\/hu\/orszaguti-kerekpar\/ha-a-vueltan-nem-is-de-a-nemet-koron-valoban-visszaterhet-egan-bernal\/#primaryimage\"},\"image\":{\"@id\":\"https:\/\/www.welovecycling.com\/hu\/orszaguti-kerekpar\/ha-a-vueltan-nem-is-de-a-nemet-koron-valoban-visszaterhet-egan-bernal\/#primaryimage\"},\"thumbnailUrl\":\"https:\/\/d2p6e6u75xmxt8.cloudfront.net\/12\/2022\/08\/mageez-e1647108020905.jpg\",\"datePublished\":\"2022-08-12T10:53:24+00:00\",\"dateModified\":\"2022-08-12T11:09:13+00:00\",\"author\":{\"@id\":\"https:\/\/www.welovecycling.com\/hu\/#\/schema\/person\/414a2aebf1801691a5320edb6468e194\"},\"description\":\"Az Ineos kolumbiai klasszisa a h\u00edrek szerint az augusztus v\u00e9gi Deutschland Touron t\u00e9rhet vissza az \u00e9les versenyz\u00e9shez.\",\"breadcrumb\":{\"@id\":\"https:\/\/www.welovecycling.com\/hu\/orszaguti-kerekpar\/ha-a-vueltan-nem-is-de-a-nemet-koron-valoban-visszaterhet-egan-bernal\/#breadcrumb\"},\"inLanguage\":\"hu\",\"potentialAction\":[{\"@type\":\"ReadAction\",\"target\":[\"https:\/\/www.welovecycling.com\/hu\/orszaguti-kerekpar\/ha-a-vueltan-nem-is-de-a-nemet-koron-valoban-visszaterhet-egan-bernal\/\"]}]},{\"@type\":\"ImageObject\",\"inLanguage\":\"hu\",\"@id\":\"https:\/\/www.welovecycling.com\/hu\/orszaguti-kerekpar\/ha-a-vueltan-nem-is-de-a-nemet-koron-valoban-visszaterhet-egan-bernal\/#primaryimage\",\"url\":\"https:\/\/d2p6e6u75xmxt8.cloudfront.net\/12\/2022\/08\/mageez-e1647108020905.jpg\",\"contentUrl\":\"https:\/\/d2p6e6u75xmxt8.cloudfront.net\/12\/2022\/08\/mageez-e1647108020905.jpg\",\"width\":1561,\"height\":916},{\"@type\":\"BreadcrumbList\",\"@id\":\"https:\/\/www.welovecycling.com\/hu\/orszaguti-kerekpar\/ha-a-vueltan-nem-is-de-a-nemet-koron-valoban-visszaterhet-egan-bernal\/#breadcrumb\",\"itemListElement\":[{\"@type\":\"ListItem\",\"position\":1,\"name\":\"Home\",\"item\":\"https:\/\/www.welovecycling.com\/hu\/\"},{\"@type\":\"ListItem\",\"position\":2,\"name\":\"Ha a Vuelt\u00e1n nem is, de a n\u00e9met k\u00f6r\u00f6n val\u00f3ban visszat\u00e9rhet Egan Bernal!\"}]},{\"@type\":\"WebSite\",\"@id\":\"https:\/\/www.welovecycling.com\/hu\/#website\",\"url\":\"https:\/\/www.welovecycling.com\/hu\/\",\"name\":\"\u0160koda We Love Cycling - Magyarorsz\u00e1g\",\"description\":\"\u0160koda WeLoveCycling\",\"potentialAction\":[{\"@type\":\"SearchAction\",\"target\":{\"@type\":\"EntryPoint\",\"urlTemplate\":\"https:\/\/www.welovecycling.com\/hu\/?s={search_term_string}\"},\"query-input\":{\"@type\":\"PropertyValueSpecification\",\"valueRequired\":true,\"valueName\":\"search_term_string\"}}],\"inLanguage\":\"hu\"},{\"@type\":\"Person\",\"@id\":\"https:\/\/www.welovecycling.com\/hu\/#\/schema\/person\/414a2aebf1801691a5320edb6468e194\",\"name\":\"hegyizs\",\"image\":{\"@type\":\"ImageObject\",\"inLanguage\":\"hu\",\"@id\":\"https:\/\/www.welovecycling.com\/hu\/#\/schema\/person\/image\/\",\"url\":\"https:\/\/secure.gravatar.com\/avatar\/02cf8a7906b8cf90cecb4679defac7cfd33a1c2e3b88e4903d947f3bb58eedd3?s=96&d=mm&r=g\",\"contentUrl\":\"https:\/\/secure.gravatar.com\/avatar\/02cf8a7906b8cf90cecb4679defac7cfd33a1c2e3b88e4903d947f3bb58eedd3?s=96&d=mm&r=g\",\"caption\":\"hegyizs\"},\"url\":\"https:\/\/www.welovecycling.com\/hu\/author\/hegyizs\/\"}]}<\/script>\n<!-- \/ Yoast SEO Premium plugin. -->","yoast_head_json":{"title":"Ha a Vuelt\u00e1n nem is, de a n\u00e9met k\u00f6r\u00f6n val\u00f3ban visszat\u00e9rhet Egan Bernal!","description":"Az Ineos kolumbiai klasszisa a h\u00edrek szerint az augusztus v\u00e9gi Deutschland Touron t\u00e9rhet vissza az \u00e9les versenyz\u00e9shez.","robots":{"index":"index","follow":"follow","max-snippet":"max-snippet:-1","max-image-preview":"max-image-preview:large","max-video-preview":"max-video-preview:-1"},"canonical":"https:\/\/www.welovecycling.com\/hu\/orszaguti-kerekpar\/ha-a-vueltan-nem-is-de-a-nemet-koron-valoban-visszaterhet-egan-bernal\/","og_locale":"hu_HU","og_type":"article","og_title":"Ha a Vuelt\u00e1n nem is, de a n\u00e9met k\u00f6r\u00f6n val\u00f3ban visszat\u00e9rhet Egan Bernal!","og_description":"Az Ineos kolumbiai klasszisa a h\u00edrek szerint az augusztus v\u00e9gi Deutschland Touron t\u00e9rhet vissza az \u00e9les versenyz\u00e9shez.","og_url":"https:\/\/www.welovecycling.com\/hu\/orszaguti-kerekpar\/ha-a-vueltan-nem-is-de-a-nemet-koron-valoban-visszaterhet-egan-bernal\/","og_site_name":"\u0160koda We Love Cycling - Magyarorsz\u00e1g","article_publisher":"https:\/\/www.facebook.com\/WeLoveCyclingHungary\/","article_published_time":"2022-08-12T10:53:24+00:00","article_modified_time":"2022-08-12T11:09:13+00:00","og_image":[{"width":1561,"height":916,"url":"https:\/\/d2p6e6u75xmxt8.cloudfront.net\/12\/2022\/08\/mageez-e1647108020905.jpg","type":"image\/jpeg"}],"author":"hegyizs","twitter_card":"summary_large_image","twitter_misc":{"Written by":"WLC","Est. reading time":"3 minutes"},"schema":{"@context":"https:\/\/schema.org","@graph":[{"@type":"WebPage","@id":"https:\/\/www.welovecycling.com\/hu\/orszaguti-kerekpar\/ha-a-vueltan-nem-is-de-a-nemet-koron-valoban-visszaterhet-egan-bernal\/","url":"https:\/\/www.welovecycling.com\/hu\/orszaguti-kerekpar\/ha-a-vueltan-nem-is-de-a-nemet-koron-valoban-visszaterhet-egan-bernal\/","name":"Ha a Vuelt\u00e1n nem is, de a n\u00e9met k\u00f6r\u00f6n val\u00f3ban visszat\u00e9rhet Egan Bernal!","isPartOf":{"@id":"https:\/\/www.welovecycling.com\/hu\/#website"},"primaryImageOfPage":{"@id":"https:\/\/www.welovecycling.com\/hu\/orszaguti-kerekpar\/ha-a-vueltan-nem-is-de-a-nemet-koron-valoban-visszaterhet-egan-bernal\/#primaryimage"},"image":{"@id":"https:\/\/www.welovecycling.com\/hu\/orszaguti-kerekpar\/ha-a-vueltan-nem-is-de-a-nemet-koron-valoban-visszaterhet-egan-bernal\/#primaryimage"},"thumbnailUrl":"https:\/\/d2p6e6u75xmxt8.cloudfront.net\/12\/2022\/08\/mageez-e1647108020905.jpg","datePublished":"2022-08-12T10:53:24+00:00","dateModified":"2022-08-12T11:09:13+00:00","author":{"@id":"https:\/\/www.welovecycling.com\/hu\/#\/schema\/person\/414a2aebf1801691a5320edb6468e194"},"description":"Az Ineos kolumbiai klasszisa a h\u00edrek szerint az augusztus v\u00e9gi Deutschland Touron t\u00e9rhet vissza az \u00e9les versenyz\u00e9shez.","breadcrumb":{"@id":"https:\/\/www.welovecycling.com\/hu\/orszaguti-kerekpar\/ha-a-vueltan-nem-is-de-a-nemet-koron-valoban-visszaterhet-egan-bernal\/#breadcrumb"},"inLanguage":"hu","potentialAction":[{"@type":"ReadAction","target":["https:\/\/www.welovecycling.com\/hu\/orszaguti-kerekpar\/ha-a-vueltan-nem-is-de-a-nemet-koron-valoban-visszaterhet-egan-bernal\/"]}]},{"@type":"ImageObject","inLanguage":"hu","@id":"https:\/\/www.welovecycling.com\/hu\/orszaguti-kerekpar\/ha-a-vueltan-nem-is-de-a-nemet-koron-valoban-visszaterhet-egan-bernal\/#primaryimage","url":"https:\/\/d2p6e6u75xmxt8.cloudfront.net\/12\/2022\/08\/mageez-e1647108020905.jpg","contentUrl":"https:\/\/d2p6e6u75xmxt8.cloudfront.net\/12\/2022\/08\/mageez-e1647108020905.jpg","width":1561,"height":916},{"@type":"BreadcrumbList","@id":"https:\/\/www.welovecycling.com\/hu\/orszaguti-kerekpar\/ha-a-vueltan-nem-is-de-a-nemet-koron-valoban-visszaterhet-egan-bernal\/#breadcrumb","itemListElement":[{"@type":"ListItem","position":1,"name":"Home","item":"https:\/\/www.welovecycling.com\/hu\/"},{"@type":"ListItem","position":2,"name":"Ha a Vuelt\u00e1n nem is, de a n\u00e9met k\u00f6r\u00f6n val\u00f3ban visszat\u00e9rhet Egan Bernal!"}]},{"@type":"WebSite","@id":"https:\/\/www.welovecycling.com\/hu\/#website","url":"https:\/\/www.welovecycling.com\/hu\/","name":"\u0160koda We Love Cycling - Magyarorsz\u00e1g","description":"\u0160koda WeLoveCycling","potentialAction":[{"@type":"SearchAction","target":{"@type":"EntryPoint","urlTemplate":"https:\/\/www.welovecycling.com\/hu\/?s={search_term_string}"},"query-input":{"@type":"PropertyValueSpecification","valueRequired":true,"valueName":"search_term_string"}}],"inLanguage":"hu"},{"@type":"Person","@id":"https:\/\/www.welovecycling.com\/hu\/#\/schema\/person\/414a2aebf1801691a5320edb6468e194","name":"hegyizs","image":{"@type":"ImageObject","inLanguage":"hu","@id":"https:\/\/www.welovecycling.com\/hu\/#\/schema\/person\/image\/","url":"https:\/\/secure.gravatar.com\/avatar\/02cf8a7906b8cf90cecb4679defac7cfd33a1c2e3b88e4903d947f3bb58eedd3?s=96&d=mm&r=g","contentUrl":"https:\/\/secure.gravatar.com\/avatar\/02cf8a7906b8cf90cecb4679defac7cfd33a1c2e3b88e4903d947f3bb58eedd3?s=96&d=mm&r=g","caption":"hegyizs"},"url":"https:\/\/www.welovecycling.com\/hu\/author\/hegyizs\/"}]}},"_links":{"self":[{"href":"https:\/\/www.welovecycling.com\/hu\/wp-json\/wp\/v2\/posts\/15593","targetHints":{"allow":["GET"]}}],"collection":[{"href":"https:\/\/www.welovecycling.com\/hu\/wp-json\/wp\/v2\/posts"}],"about":[{"href":"https:\/\/www.welovecycling.com\/hu\/wp-json\/wp\/v2\/types\/post"}],"author":[{"embeddable":true,"href":"https:\/\/www.welovecycling.com\/hu\/wp-json\/wp\/v2\/users\/71"}],"replies":[{"embeddable":true,"href":"https:\/\/www.welovecycling.com\/hu\/wp-json\/wp\/v2\/comments?post=15593"}],"version-history":[{"count":2,"href":"https:\/\/www.welovecycling.com\/hu\/wp-json\/wp\/v2\/posts\/15593\/revisions"}],"predecessor-version":[{"id":15599,"href":"https:\/\/www.welovecycling.com\/hu\/wp-json\/wp\/v2\/posts\/15593\/revisions\/15599"}],"wp:featuredmedia":[{"embeddable":true,"href":"https:\/\/www.welovecycling.com\/hu\/wp-json\/wp\/v2\/media\/15595"}],"wp:attachment":[{"href":"https:\/\/www.welovecycling.com\/hu\/wp-json\/wp\/v2\/media?parent=15593"}],"wp:term":[{"taxonomy":"category","embeddable":true,"href":"https:\/\/www.welovecycling.com\/hu\/wp-json\/wp\/v2\/categories?post=15593"},{"taxonomy":"post_tag","embeddable":true,"href":"https:\/\/www.welovecycling.com\/hu\/wp-json\/wp\/v2\/tags?post=15593"},{"taxonomy":"global-categories","embeddable":true,"href":"https:\/\/www.welovecycling.com\/hu\/wp-json\/wp\/v2\/global-categories?post=15593"}],"curies":[{"name":"wp","href":"https:\/\/api.w.org\/{rel}","templated":true}]}}