{"id":15588,"date":"2022-08-13T08:00:07","date_gmt":"2022-08-13T06:00:07","guid":{"rendered":"https:\/\/www.welovecycling.com\/hu\/?p=15588"},"modified":"2022-08-05T19:46:24","modified_gmt":"2022-08-05T17:46:24","slug":"a-hetszeres-parakerekpar-bajnok-lengyel-zsofi-ujra-valogatott-szinekben-versenyez","status":"publish","type":"post","link":"https:\/\/www.welovecycling.com\/hu\/kozosseg-es-kultura\/a-hetszeres-parakerekpar-bajnok-lengyel-zsofi-ujra-valogatott-szinekben-versenyez\/","title":{"rendered":"A h\u00e9tszeres paraker\u00e9kp\u00e1r-bajnok Lengyel Zs\u00f3fi \u00fajra v\u00e1logatott sz\u00ednekben versenyez"},"content":{"rendered":"<p><strong>\u00c9vekkel ezel\u0151tt hagyott fel a l\u00e1t\u00e1ss\u00e9r\u00fclt paraker\u00e9kp\u00e1ros \u2013 \u00e9s egykori <\/strong><a href=\"https:\/\/www.welovecycling.com\/hu\/parabike-lengyel-zsofi\/\"><strong>Aranyvilla-d\u00edjasunk<\/strong><\/a><strong> \u2013 a versenyszer\u0171 ker\u00e9kp\u00e1roz\u00e1ssal, most azonban \u00fajra nyeregben \u00fcl tandembiciklij\u00e9n, Punk Adrienn m\u00f6g\u00f6tt, \u00e9s az\u00e9rt hajt, hogy indulhasson a 2024-es Paralimpi\u00e1n. Visszat\u00e9r\u00e9se alkalm\u00e1b\u00f3l besz\u00e9lgett\u00fcnk vele, nem csak a sportol\u00e1sr\u00f3l, de a szoci\u00e1lis munk\u00e1ss\u00e1g\u00e1r\u00f3l, a m\u00faltj\u00e1r\u00f3l \u00e9s a j\u00f6v\u0151r\u0151l is.<\/strong><!--more--><\/p>\n<p><strong><em>Mi\u00e9rt d\u00f6nt\u00f6tt\u00e9l \u00fagy, hogy \u00fajra versenyezni fogsz?<\/em><\/strong><\/p>\n<p>Az \u00e9letem eg\u00e9szen m\u00e1shogyan alakult, mint azt \u00e9n kigondoltam \u00e9s elterveztem. Nagyon szerettem volna \u00e9desanya lenni \u00e9s csal\u00e1dot alap\u00edtani, azonban ez nem teljes\u00fclt, s\u0151t sajnos az \u00e9let a l\u00e1t\u00e1ss\u00e9r\u00fclts\u00e9g mell\u00e9, m\u00e9g egy megpr\u00f3b\u00e1ltat\u00e1son v\u00e9gigvezetett. B\u00e1ntalmazott n\u0151k\u00e9nt kellett \u00faj \u00e9letet kezdenem.<\/p>\n<p>Ebben az \u00faj \u00e9letben, helye lett egy n\u00e9gyl\u00e1b\u00fa csod\u00e1latos t\u00e1rsnak &#8211; \u0151 Mokka, a vakvezet\u0151 kuty\u00e1m -, \u00e9s \u00fajra a versenyszer\u0171 ker\u00e9kp\u00e1roz\u00e1snak is.<\/p>\n<p><strong><em>Hogy \u00e9rzed, milyen form\u00e1ban vagy jelenleg? Neh\u00e9z a kihagy\u00e1s ut\u00e1n visszatal\u00e1lni a r\u00e9gi \u00e9nedhez?<\/em><\/strong><\/p>\n<p>Igyekszem felz\u00e1rk\u00f3zni, mind a saj\u00e1t m\u00faltb\u00e9li teljes\u00edtm\u00e9nyemhez, mind a l\u00e1t\u00e1ss\u00e9r\u00fclt paraker\u00e9kp\u00e1ros vil\u00e1gmez\u0151nyh\u00f6z. A sorst\u00e1rsak j\u00f3l beleh\u00faztak, van hova fejl\u0151dni mind fizikailag, mind technikailag. Pil\u00f3t\u00e1mmal, Punk Adriennel azon vagyunk, hogy egy\u00e9nileg \u00e9s p\u00e1rosk\u00e9nt is fejl\u0151dj\u00fcnk \u00e9s min\u00e9l t\u00f6bb eredm\u00e9nyt \u00e9s pontot tudjunk hozni a magyar parasportnak \u00e9s magunknak is. Rem\u00e9lj\u00fck, egyszer val\u00f3ra v\u00e1lhatnak az \u00e1lmaink, mi megtesz\u00fcnk mindent, amit tudunk, egy\u00fctt.<\/p>\n<p><strong><em>A 2020-as olimpi\u00e1ra egy baleset miatt nem jutott\u00e1l ki. Mit gondolsz, k\u00e9t \u00e9v m\u00falva siker\u00fclhet beker\u00fclni a kv\u00f3t\u00e1ba?<\/em><\/strong><\/p>\n<p>Igaz, hogy egy l\u00e1bt\u00f6r\u00e9s is nehez\u00edtette a r\u00e9gen elm\u00falt 2018-as \u00e9vet, azonban t\u00f6bb oka is volt annak, hogy akkor befejeztem a sportol\u00e1st. Nagyon hossz\u00fa ideje a legnagyobb \u00e1lmom, hogy paralimpi\u00e1n versenyezhessek. \u00c9n \u00e9s pil\u00f3t\u00e1m is kem\u00e9nyen dolgozunk, az edz\u00e9seken, a felk\u00e9sz\u00fcl\u00e9s alatt \u00e9s a versenyeken is, hogy ez megval\u00f3suljon, \u00e9s paralimpikonk\u00e9nt \u00e9lhessem egyszer az \u00e9letemet.<\/p>\n<p><strong><em>Nagy gondot ford\u00edtasz a szoci\u00e1lis \u00e9rz\u00e9keny\u00edt\u0151 munk\u00e1dra. Milyen programokkal, projektekkel foglalkozol jelenleg?<\/em><\/strong><\/p>\n<p>A sz\u00e9kesfeh\u00e9rv\u00e1ri \u00f6nkorm\u00e1nyzatn\u00e1l es\u00e9lyegyenl\u0151s\u00e9gi referensk\u00e9nt dolgozom, ami t\u00f6bbek k\u00f6z\u00f6tt azt is jelenti, hogy \u00e1ltal\u00e1nos iskol\u00e1kban \u00e9s k\u00f6z\u00e9piskol\u00e1kban tartok el\u0151ad\u00e1sokat. Sokat m\u0171k\u00f6d\u00f6m k\u00f6zre a Veszpr\u00e9mi Sz\u00ednh\u00e1zzal is, vel\u00fck szint\u00e9n szeml\u00e9letform\u00e1l\u00f3 programokon dolgozom.<\/p>\n<p>B\u00e1rhova sz\u00edvesen ell\u00e1togatunk Mokk\u00e1val, hogy mes\u00e9lj\u00fcnk az \u00e9let\u00fcnkr\u0151l, arr\u00f3l, hogy milyen l\u00e1t\u00e1ss\u00e9r\u00fcltk\u00e9nt helyt \u00e1llni az \u00e9let minden ter\u00fclet\u00e9n.<\/p>\n<p>A paralimpi\u00e1ra val\u00f3 kijut\u00e1s mellett sok \u00e1lmom van p\u00e1rhuzamosan, ilyen a saj\u00e1t egyes\u00fclet alap\u00edt\u00e1sa \u00e9s a social m\u00e9di\u00e1m fejleszt\u00e9se is.<\/p>\n<p>Id\u00e9n m\u00e1sodik divatbemutat\u00f3m szervez\u00e9se \u00e1ll m\u00e9g el\u0151ttem, ami, rem\u00e9nyeim szerint a febru\u00e1rban tartott <a href=\"https:\/\/www.youtube.com\/watch?v=gZsSjLdiPP0\">\u201eBenn\u00fcnk is ugyanaz a sz\u00edv dobog\u201d<\/a> Valentin napi online divatshown\u00e1l is nagyobbat fog sz\u00f3lni.<\/p>\n<p><strong><em>Hogyan tudod \u00f6sszeegyeztetni ezt a sok mindent, amit csin\u00e1lsz?<br \/>\n<\/em><\/strong>\u00c9n kev\u00e9snek \u00e9rzem, amit csin\u00e1lok. Sajnos a velem t\u00f6rt\u00e9nt trauma \u00e9s a Covid sok programot elvett t\u0151lem is, mint sok m\u00e1s embert\u0151l. Rem\u00e9lem, a j\u00f6v\u0151 m\u00e9g nagyon sok rohang\u00e1l\u00e1st, szervez\u00e9st \u00e9s pezsg\u00e9st tartogat sz\u00e1momra a versenyek \u00e9s a felk\u00e9sz\u00fcl\u00e9s mellett.<\/p>\n<p><strong><em>Nagyon inspir\u00e1l\u00f3 szem\u00e9ly vagy sok mindenki sz\u00e1m\u00e1ra, nem csak, mint sportol\u00f3 \u00e9s nem csak, mint l\u00e1t\u00e1ss\u00e9r\u00fclt, hanem, mint ember. T\u00e9ged ki inspir\u00e1l?<\/em><\/strong><\/p>\n<p>B\u00e1rmi \u00e9s mindenki! A sz\u00fcleim, a p\u00e1rom \u00e9s Mokka azok, akik az er\u0151t adj\u00e1k. De inspir\u00e1l egy sorst\u00e1rs, egy t\u00f6rt\u00e9net, egy zene. \u00c9s legf\u0151k\u00e9pp az, hogy &#8211; ak\u00e1rmilyen neh\u00e9z is &#8211; kaptuk ezt az \u00e9letet, menni kell, v\u00e1llalni a neh\u00e9zs\u00e9geket, mert akkor jutunk \u00e9lm\u00e9nyhez \u00e9s az \u00e9lm\u00e9nyek okoznak mosolyokat. Gyerekkoromban, amikor megk\u00e9rdezt\u00e9k, mi szeretn\u00e9k lenni, mindig azt mondtam boldog, ez az\u00f3ta sem v\u00e1ltozott!<\/p>\n<p>Boldogan szeretn\u00e9m megmutatni, hogy a mott\u00f3m alapj\u00e1n is lehet \u00e9lni: <em>\u201eMinden ember k\u00e9pes, csak mindenki m\u00e1sk\u00e9pp!\u201d<\/em><\/p>\n","protected":false},"excerpt":{"rendered":"<p>\u00c9vekkel ezel\u0151tt hagyott fel a l\u00e1t\u00e1ss\u00e9r\u00fclt paraker\u00e9kp\u00e1ros \u2013 \u00e9s egykori Aranyvilla-d\u00edjasunk \u2013 a versenyszer\u0171 ker\u00e9kp\u00e1roz\u00e1ssal, most azonban \u00fajra nyeregben \u00fcl [&hellip;]<\/p>\n","protected":false},"author":71,"featured_media":15589,"comment_status":"open","ping_status":"open","sticky":false,"template":"","format":"standard","meta":{"footnotes":""},"categories":[12],"tags":[],"global-categories":[],"class_list":["post-15588","post","type-post","status-publish","format-standard","has-post-thumbnail","hentry","category-kozosseg-es-kultura"],"yoast_head":"<!-- This site is optimized with the Yoast SEO Premium plugin v25.3 (Yoast SEO v25.9) - https:\/\/yoast.com\/wordpress\/plugins\/seo\/ -->\n<title>A h\u00e9tszeres paraker\u00e9kp\u00e1r-bajnok Lengyel Zs\u00f3fi \u00fajra v\u00e1logatott sz\u00ednekben versenyez<\/title>\n<meta name=\"description\" content=\"\u00c9vekkel ezel\u0151tt hagyott fel a l\u00e1t\u00e1ss\u00e9r\u00fclt paraker\u00e9kp\u00e1ros \u2013 \u00e9s egykori Aranyvilla-d\u00edjasunk \u2013 a versenyszer\u0171 ker\u00e9kp\u00e1roz\u00e1ssal, most azonban \u00fajra nyeregben \u00fcl tandembiciklij\u00e9n, Punk Adrienn m\u00f6g\u00f6tt, \u00e9s az\u00e9rt hajt, hogy indulhasson a 2024-es Paralimpi\u00e1n. Visszat\u00e9r\u00e9se alkalm\u00e1b\u00f3l besz\u00e9lgett\u00fcnk vele, nem csak a sportol\u00e1sr\u00f3l, de a szoci\u00e1lis munk\u00e1ss\u00e1g\u00e1r\u00f3l, a m\u00faltj\u00e1r\u00f3l \u00e9s a j\u00f6v\u0151r\u0151l is.\" \/>\n<meta name=\"robots\" content=\"index, follow, max-snippet:-1, max-image-preview:large, max-video-preview:-1\" \/>\n<link rel=\"canonical\" href=\"https:\/\/www.welovecycling.com\/hu\/kozosseg-es-kultura\/a-hetszeres-parakerekpar-bajnok-lengyel-zsofi-ujra-valogatott-szinekben-versenyez\/\" \/>\n<meta property=\"og:locale\" content=\"hu_HU\" \/>\n<meta property=\"og:type\" content=\"article\" \/>\n<meta property=\"og:title\" content=\"A h\u00e9tszeres paraker\u00e9kp\u00e1r-bajnok Lengyel Zs\u00f3fi \u00fajra v\u00e1logatott sz\u00ednekben versenyez\" \/>\n<meta property=\"og:description\" content=\"\u00c9vekkel ezel\u0151tt hagyott fel a l\u00e1t\u00e1ss\u00e9r\u00fclt paraker\u00e9kp\u00e1ros \u2013 \u00e9s egykori Aranyvilla-d\u00edjasunk \u2013 a versenyszer\u0171 ker\u00e9kp\u00e1roz\u00e1ssal, most azonban \u00fajra nyeregben \u00fcl tandembiciklij\u00e9n, Punk Adrienn m\u00f6g\u00f6tt, \u00e9s az\u00e9rt hajt, hogy indulhasson a 2024-es Paralimpi\u00e1n. Visszat\u00e9r\u00e9se alkalm\u00e1b\u00f3l besz\u00e9lgett\u00fcnk vele, nem csak a sportol\u00e1sr\u00f3l, de a szoci\u00e1lis munk\u00e1ss\u00e1g\u00e1r\u00f3l, a m\u00faltj\u00e1r\u00f3l \u00e9s a j\u00f6v\u0151r\u0151l is.\" \/>\n<meta property=\"og:url\" content=\"https:\/\/www.welovecycling.com\/hu\/kozosseg-es-kultura\/a-hetszeres-parakerekpar-bajnok-lengyel-zsofi-ujra-valogatott-szinekben-versenyez\/\" \/>\n<meta property=\"og:site_name\" content=\"\u0160koda We Love Cycling - Magyarorsz\u00e1g\" \/>\n<meta property=\"article:publisher\" content=\"https:\/\/www.facebook.com\/WeLoveCyclingHungary\/\" \/>\n<meta property=\"article:published_time\" content=\"2022-08-13T06:00:07+00:00\" \/>\n<meta property=\"og:image\" content=\"https:\/\/d2p6e6u75xmxt8.cloudfront.net\/12\/2022\/08\/Picture-1.jpeg\" \/>\n\t<meta property=\"og:image:width\" content=\"945\" \/>\n\t<meta property=\"og:image:height\" content=\"631\" \/>\n\t<meta property=\"og:image:type\" content=\"image\/jpeg\" \/>\n<meta name=\"author\" content=\"hegyizs\" \/>\n<meta name=\"twitter:card\" content=\"summary_large_image\" \/>\n<meta name=\"twitter:label1\" content=\"Written by\" \/>\n\t<meta name=\"twitter:data1\" content=\"WLC\" \/>\n\t<meta name=\"twitter:label2\" content=\"Est. reading time\" \/>\n\t<meta name=\"twitter:data2\" content=\"4 minutes\" \/>\n<script type=\"application\/ld+json\" class=\"yoast-schema-graph\">{\"@context\":\"https:\/\/schema.org\",\"@graph\":[{\"@type\":\"WebPage\",\"@id\":\"https:\/\/www.welovecycling.com\/hu\/kozosseg-es-kultura\/a-hetszeres-parakerekpar-bajnok-lengyel-zsofi-ujra-valogatott-szinekben-versenyez\/\",\"url\":\"https:\/\/www.welovecycling.com\/hu\/kozosseg-es-kultura\/a-hetszeres-parakerekpar-bajnok-lengyel-zsofi-ujra-valogatott-szinekben-versenyez\/\",\"name\":\"A h\u00e9tszeres paraker\u00e9kp\u00e1r-bajnok Lengyel Zs\u00f3fi \u00fajra v\u00e1logatott sz\u00ednekben versenyez\",\"isPartOf\":{\"@id\":\"https:\/\/www.welovecycling.com\/hu\/#website\"},\"primaryImageOfPage\":{\"@id\":\"https:\/\/www.welovecycling.com\/hu\/kozosseg-es-kultura\/a-hetszeres-parakerekpar-bajnok-lengyel-zsofi-ujra-valogatott-szinekben-versenyez\/#primaryimage\"},\"image\":{\"@id\":\"https:\/\/www.welovecycling.com\/hu\/kozosseg-es-kultura\/a-hetszeres-parakerekpar-bajnok-lengyel-zsofi-ujra-valogatott-szinekben-versenyez\/#primaryimage\"},\"thumbnailUrl\":\"https:\/\/d2p6e6u75xmxt8.cloudfront.net\/12\/2022\/08\/Picture-1.jpeg\",\"datePublished\":\"2022-08-13T06:00:07+00:00\",\"author\":{\"@id\":\"https:\/\/www.welovecycling.com\/hu\/#\/schema\/person\/414a2aebf1801691a5320edb6468e194\"},\"description\":\"\u00c9vekkel ezel\u0151tt hagyott fel a l\u00e1t\u00e1ss\u00e9r\u00fclt paraker\u00e9kp\u00e1ros \u2013 \u00e9s egykori Aranyvilla-d\u00edjasunk \u2013 a versenyszer\u0171 ker\u00e9kp\u00e1roz\u00e1ssal, most azonban \u00fajra nyeregben \u00fcl tandembiciklij\u00e9n, Punk Adrienn m\u00f6g\u00f6tt, \u00e9s az\u00e9rt hajt, hogy indulhasson a 2024-es Paralimpi\u00e1n. Visszat\u00e9r\u00e9se alkalm\u00e1b\u00f3l besz\u00e9lgett\u00fcnk vele, nem csak a sportol\u00e1sr\u00f3l, de a szoci\u00e1lis munk\u00e1ss\u00e1g\u00e1r\u00f3l, a m\u00faltj\u00e1r\u00f3l \u00e9s a j\u00f6v\u0151r\u0151l is.\",\"breadcrumb\":{\"@id\":\"https:\/\/www.welovecycling.com\/hu\/kozosseg-es-kultura\/a-hetszeres-parakerekpar-bajnok-lengyel-zsofi-ujra-valogatott-szinekben-versenyez\/#breadcrumb\"},\"inLanguage\":\"hu\",\"potentialAction\":[{\"@type\":\"ReadAction\",\"target\":[\"https:\/\/www.welovecycling.com\/hu\/kozosseg-es-kultura\/a-hetszeres-parakerekpar-bajnok-lengyel-zsofi-ujra-valogatott-szinekben-versenyez\/\"]}]},{\"@type\":\"ImageObject\",\"inLanguage\":\"hu\",\"@id\":\"https:\/\/www.welovecycling.com\/hu\/kozosseg-es-kultura\/a-hetszeres-parakerekpar-bajnok-lengyel-zsofi-ujra-valogatott-szinekben-versenyez\/#primaryimage\",\"url\":\"https:\/\/d2p6e6u75xmxt8.cloudfront.net\/12\/2022\/08\/Picture-1.jpeg\",\"contentUrl\":\"https:\/\/d2p6e6u75xmxt8.cloudfront.net\/12\/2022\/08\/Picture-1.jpeg\",\"width\":945,\"height\":631},{\"@type\":\"BreadcrumbList\",\"@id\":\"https:\/\/www.welovecycling.com\/hu\/kozosseg-es-kultura\/a-hetszeres-parakerekpar-bajnok-lengyel-zsofi-ujra-valogatott-szinekben-versenyez\/#breadcrumb\",\"itemListElement\":[{\"@type\":\"ListItem\",\"position\":1,\"name\":\"Home\",\"item\":\"https:\/\/www.welovecycling.com\/hu\/\"},{\"@type\":\"ListItem\",\"position\":2,\"name\":\"A h\u00e9tszeres paraker\u00e9kp\u00e1r-bajnok Lengyel Zs\u00f3fi \u00fajra v\u00e1logatott sz\u00ednekben versenyez\"}]},{\"@type\":\"WebSite\",\"@id\":\"https:\/\/www.welovecycling.com\/hu\/#website\",\"url\":\"https:\/\/www.welovecycling.com\/hu\/\",\"name\":\"\u0160koda We Love Cycling - Magyarorsz\u00e1g\",\"description\":\"\u0160koda WeLoveCycling\",\"potentialAction\":[{\"@type\":\"SearchAction\",\"target\":{\"@type\":\"EntryPoint\",\"urlTemplate\":\"https:\/\/www.welovecycling.com\/hu\/?s={search_term_string}\"},\"query-input\":{\"@type\":\"PropertyValueSpecification\",\"valueRequired\":true,\"valueName\":\"search_term_string\"}}],\"inLanguage\":\"hu\"},{\"@type\":\"Person\",\"@id\":\"https:\/\/www.welovecycling.com\/hu\/#\/schema\/person\/414a2aebf1801691a5320edb6468e194\",\"name\":\"hegyizs\",\"image\":{\"@type\":\"ImageObject\",\"inLanguage\":\"hu\",\"@id\":\"https:\/\/www.welovecycling.com\/hu\/#\/schema\/person\/image\/\",\"url\":\"https:\/\/secure.gravatar.com\/avatar\/02cf8a7906b8cf90cecb4679defac7cfd33a1c2e3b88e4903d947f3bb58eedd3?s=96&d=mm&r=g\",\"contentUrl\":\"https:\/\/secure.gravatar.com\/avatar\/02cf8a7906b8cf90cecb4679defac7cfd33a1c2e3b88e4903d947f3bb58eedd3?s=96&d=mm&r=g\",\"caption\":\"hegyizs\"},\"url\":\"https:\/\/www.welovecycling.com\/hu\/author\/hegyizs\/\"}]}<\/script>\n<!-- \/ Yoast SEO Premium plugin. -->","yoast_head_json":{"title":"A h\u00e9tszeres paraker\u00e9kp\u00e1r-bajnok Lengyel Zs\u00f3fi \u00fajra v\u00e1logatott sz\u00ednekben versenyez","description":"\u00c9vekkel ezel\u0151tt hagyott fel a l\u00e1t\u00e1ss\u00e9r\u00fclt paraker\u00e9kp\u00e1ros \u2013 \u00e9s egykori Aranyvilla-d\u00edjasunk \u2013 a versenyszer\u0171 ker\u00e9kp\u00e1roz\u00e1ssal, most azonban \u00fajra nyeregben \u00fcl tandembiciklij\u00e9n, Punk Adrienn m\u00f6g\u00f6tt, \u00e9s az\u00e9rt hajt, hogy indulhasson a 2024-es Paralimpi\u00e1n. Visszat\u00e9r\u00e9se alkalm\u00e1b\u00f3l besz\u00e9lgett\u00fcnk vele, nem csak a sportol\u00e1sr\u00f3l, de a szoci\u00e1lis munk\u00e1ss\u00e1g\u00e1r\u00f3l, a m\u00faltj\u00e1r\u00f3l \u00e9s a j\u00f6v\u0151r\u0151l is.","robots":{"index":"index","follow":"follow","max-snippet":"max-snippet:-1","max-image-preview":"max-image-preview:large","max-video-preview":"max-video-preview:-1"},"canonical":"https:\/\/www.welovecycling.com\/hu\/kozosseg-es-kultura\/a-hetszeres-parakerekpar-bajnok-lengyel-zsofi-ujra-valogatott-szinekben-versenyez\/","og_locale":"hu_HU","og_type":"article","og_title":"A h\u00e9tszeres paraker\u00e9kp\u00e1r-bajnok Lengyel Zs\u00f3fi \u00fajra v\u00e1logatott sz\u00ednekben versenyez","og_description":"\u00c9vekkel ezel\u0151tt hagyott fel a l\u00e1t\u00e1ss\u00e9r\u00fclt paraker\u00e9kp\u00e1ros \u2013 \u00e9s egykori Aranyvilla-d\u00edjasunk \u2013 a versenyszer\u0171 ker\u00e9kp\u00e1roz\u00e1ssal, most azonban \u00fajra nyeregben \u00fcl tandembiciklij\u00e9n, Punk Adrienn m\u00f6g\u00f6tt, \u00e9s az\u00e9rt hajt, hogy indulhasson a 2024-es Paralimpi\u00e1n. Visszat\u00e9r\u00e9se alkalm\u00e1b\u00f3l besz\u00e9lgett\u00fcnk vele, nem csak a sportol\u00e1sr\u00f3l, de a szoci\u00e1lis munk\u00e1ss\u00e1g\u00e1r\u00f3l, a m\u00faltj\u00e1r\u00f3l \u00e9s a j\u00f6v\u0151r\u0151l is.","og_url":"https:\/\/www.welovecycling.com\/hu\/kozosseg-es-kultura\/a-hetszeres-parakerekpar-bajnok-lengyel-zsofi-ujra-valogatott-szinekben-versenyez\/","og_site_name":"\u0160koda We Love Cycling - Magyarorsz\u00e1g","article_publisher":"https:\/\/www.facebook.com\/WeLoveCyclingHungary\/","article_published_time":"2022-08-13T06:00:07+00:00","og_image":[{"width":945,"height":631,"url":"https:\/\/d2p6e6u75xmxt8.cloudfront.net\/12\/2022\/08\/Picture-1.jpeg","type":"image\/jpeg"}],"author":"hegyizs","twitter_card":"summary_large_image","twitter_misc":{"Written by":"WLC","Est. reading time":"4 minutes"},"schema":{"@context":"https:\/\/schema.org","@graph":[{"@type":"WebPage","@id":"https:\/\/www.welovecycling.com\/hu\/kozosseg-es-kultura\/a-hetszeres-parakerekpar-bajnok-lengyel-zsofi-ujra-valogatott-szinekben-versenyez\/","url":"https:\/\/www.welovecycling.com\/hu\/kozosseg-es-kultura\/a-hetszeres-parakerekpar-bajnok-lengyel-zsofi-ujra-valogatott-szinekben-versenyez\/","name":"A h\u00e9tszeres paraker\u00e9kp\u00e1r-bajnok Lengyel Zs\u00f3fi \u00fajra v\u00e1logatott sz\u00ednekben versenyez","isPartOf":{"@id":"https:\/\/www.welovecycling.com\/hu\/#website"},"primaryImageOfPage":{"@id":"https:\/\/www.welovecycling.com\/hu\/kozosseg-es-kultura\/a-hetszeres-parakerekpar-bajnok-lengyel-zsofi-ujra-valogatott-szinekben-versenyez\/#primaryimage"},"image":{"@id":"https:\/\/www.welovecycling.com\/hu\/kozosseg-es-kultura\/a-hetszeres-parakerekpar-bajnok-lengyel-zsofi-ujra-valogatott-szinekben-versenyez\/#primaryimage"},"thumbnailUrl":"https:\/\/d2p6e6u75xmxt8.cloudfront.net\/12\/2022\/08\/Picture-1.jpeg","datePublished":"2022-08-13T06:00:07+00:00","author":{"@id":"https:\/\/www.welovecycling.com\/hu\/#\/schema\/person\/414a2aebf1801691a5320edb6468e194"},"description":"\u00c9vekkel ezel\u0151tt hagyott fel a l\u00e1t\u00e1ss\u00e9r\u00fclt paraker\u00e9kp\u00e1ros \u2013 \u00e9s egykori Aranyvilla-d\u00edjasunk \u2013 a versenyszer\u0171 ker\u00e9kp\u00e1roz\u00e1ssal, most azonban \u00fajra nyeregben \u00fcl tandembiciklij\u00e9n, Punk Adrienn m\u00f6g\u00f6tt, \u00e9s az\u00e9rt hajt, hogy indulhasson a 2024-es Paralimpi\u00e1n. Visszat\u00e9r\u00e9se alkalm\u00e1b\u00f3l besz\u00e9lgett\u00fcnk vele, nem csak a sportol\u00e1sr\u00f3l, de a szoci\u00e1lis munk\u00e1ss\u00e1g\u00e1r\u00f3l, a m\u00faltj\u00e1r\u00f3l \u00e9s a j\u00f6v\u0151r\u0151l is.","breadcrumb":{"@id":"https:\/\/www.welovecycling.com\/hu\/kozosseg-es-kultura\/a-hetszeres-parakerekpar-bajnok-lengyel-zsofi-ujra-valogatott-szinekben-versenyez\/#breadcrumb"},"inLanguage":"hu","potentialAction":[{"@type":"ReadAction","target":["https:\/\/www.welovecycling.com\/hu\/kozosseg-es-kultura\/a-hetszeres-parakerekpar-bajnok-lengyel-zsofi-ujra-valogatott-szinekben-versenyez\/"]}]},{"@type":"ImageObject","inLanguage":"hu","@id":"https:\/\/www.welovecycling.com\/hu\/kozosseg-es-kultura\/a-hetszeres-parakerekpar-bajnok-lengyel-zsofi-ujra-valogatott-szinekben-versenyez\/#primaryimage","url":"https:\/\/d2p6e6u75xmxt8.cloudfront.net\/12\/2022\/08\/Picture-1.jpeg","contentUrl":"https:\/\/d2p6e6u75xmxt8.cloudfront.net\/12\/2022\/08\/Picture-1.jpeg","width":945,"height":631},{"@type":"BreadcrumbList","@id":"https:\/\/www.welovecycling.com\/hu\/kozosseg-es-kultura\/a-hetszeres-parakerekpar-bajnok-lengyel-zsofi-ujra-valogatott-szinekben-versenyez\/#breadcrumb","itemListElement":[{"@type":"ListItem","position":1,"name":"Home","item":"https:\/\/www.welovecycling.com\/hu\/"},{"@type":"ListItem","position":2,"name":"A h\u00e9tszeres paraker\u00e9kp\u00e1r-bajnok Lengyel Zs\u00f3fi \u00fajra v\u00e1logatott sz\u00ednekben versenyez"}]},{"@type":"WebSite","@id":"https:\/\/www.welovecycling.com\/hu\/#website","url":"https:\/\/www.welovecycling.com\/hu\/","name":"\u0160koda We Love Cycling - Magyarorsz\u00e1g","description":"\u0160koda WeLoveCycling","potentialAction":[{"@type":"SearchAction","target":{"@type":"EntryPoint","urlTemplate":"https:\/\/www.welovecycling.com\/hu\/?s={search_term_string}"},"query-input":{"@type":"PropertyValueSpecification","valueRequired":true,"valueName":"search_term_string"}}],"inLanguage":"hu"},{"@type":"Person","@id":"https:\/\/www.welovecycling.com\/hu\/#\/schema\/person\/414a2aebf1801691a5320edb6468e194","name":"hegyizs","image":{"@type":"ImageObject","inLanguage":"hu","@id":"https:\/\/www.welovecycling.com\/hu\/#\/schema\/person\/image\/","url":"https:\/\/secure.gravatar.com\/avatar\/02cf8a7906b8cf90cecb4679defac7cfd33a1c2e3b88e4903d947f3bb58eedd3?s=96&d=mm&r=g","contentUrl":"https:\/\/secure.gravatar.com\/avatar\/02cf8a7906b8cf90cecb4679defac7cfd33a1c2e3b88e4903d947f3bb58eedd3?s=96&d=mm&r=g","caption":"hegyizs"},"url":"https:\/\/www.welovecycling.com\/hu\/author\/hegyizs\/"}]}},"_links":{"self":[{"href":"https:\/\/www.welovecycling.com\/hu\/wp-json\/wp\/v2\/posts\/15588","targetHints":{"allow":["GET"]}}],"collection":[{"href":"https:\/\/www.welovecycling.com\/hu\/wp-json\/wp\/v2\/posts"}],"about":[{"href":"https:\/\/www.welovecycling.com\/hu\/wp-json\/wp\/v2\/types\/post"}],"author":[{"embeddable":true,"href":"https:\/\/www.welovecycling.com\/hu\/wp-json\/wp\/v2\/users\/71"}],"replies":[{"embeddable":true,"href":"https:\/\/www.welovecycling.com\/hu\/wp-json\/wp\/v2\/comments?post=15588"}],"version-history":[{"count":1,"href":"https:\/\/www.welovecycling.com\/hu\/wp-json\/wp\/v2\/posts\/15588\/revisions"}],"predecessor-version":[{"id":15590,"href":"https:\/\/www.welovecycling.com\/hu\/wp-json\/wp\/v2\/posts\/15588\/revisions\/15590"}],"wp:featuredmedia":[{"embeddable":true,"href":"https:\/\/www.welovecycling.com\/hu\/wp-json\/wp\/v2\/media\/15589"}],"wp:attachment":[{"href":"https:\/\/www.welovecycling.com\/hu\/wp-json\/wp\/v2\/media?parent=15588"}],"wp:term":[{"taxonomy":"category","embeddable":true,"href":"https:\/\/www.welovecycling.com\/hu\/wp-json\/wp\/v2\/categories?post=15588"},{"taxonomy":"post_tag","embeddable":true,"href":"https:\/\/www.welovecycling.com\/hu\/wp-json\/wp\/v2\/tags?post=15588"},{"taxonomy":"global-categories","embeddable":true,"href":"https:\/\/www.welovecycling.com\/hu\/wp-json\/wp\/v2\/global-categories?post=15588"}],"curies":[{"name":"wp","href":"https:\/\/api.w.org\/{rel}","templated":true}]}}