{"id":15579,"date":"2022-08-17T08:00:35","date_gmt":"2022-08-17T06:00:35","guid":{"rendered":"https:\/\/www.welovecycling.com\/hu\/?p=15579"},"modified":"2022-08-05T13:35:39","modified_gmt":"2022-08-05T11:35:39","slug":"a-2022-es-vuelta-de-espana-5-legfontosabb-szakasza","status":"publish","type":"post","link":"https:\/\/www.welovecycling.com\/hu\/orszaguti-kerekpar\/a-2022-es-vuelta-de-espana-5-legfontosabb-szakasza\/","title":{"rendered":"A 2022-es Vuelta de Espa\u00f1a 5 legfontosabb szakasza"},"content":{"rendered":"<p><strong>M\u00e9g nem sajn\u00e1ljuk, hogy lassan k\u00f6zeledik az \u0151sz, mert ez azt jelenti, hogy k\u00f6zeledik az utols\u00f3 2022-es Grand Tour, a Vuelta de Espa\u00f1a is. Mutatjuk, melyik szakaszokon d\u0151lhet el az augusztus 19- szeptember 11 k\u00f6z\u00f6tt zajl\u00f3 verseny.<\/strong><!--more--><\/p>\n<h2><strong>1. szakasz : Utrecht \u2013 Utrecht, csapatid\u0151futam, 23 km<\/strong><\/h2>\n<p>Id\u00e9n h\u00e1rom \u00e9ve, hogy b\u00e1rmelyik Grand Tour csapatid\u0151futamot szervezett volna, \u00e9s a legut\u00f3bbi szint\u00e9n a Vuelt\u00e1n zajlott le, 2019 szeptember\u00e9ben. Szerencs\u00e9re a verseny fenntartja ezt a hagyom\u00e1nyt, \u00e9s olyan \u00e9lm\u00e9nyt ad a szurkol\u00f3knak, ami 2015 \u00f3ta a Gir\u00f3r\u00f3l, 2019 \u00f3ta pedig a Tour de France-r\u00f3l is hi\u00e1nyzik.<\/p>\n<p>Semmik\u00e9pp nem szabad kihagyni teh\u00e1t az els\u0151 szakaszt, ha szeretn\u00e9d \u00e1t\u00e9lni a teljes Vuelta-\u00e9lm\u00e9nyt \u00e9s gyorsan meg\u00e9rteni a mez\u0151ny alkotta \u00f6sszk\u00e9pet.<\/p>\n<p>A 2022-es nyit\u00f3szakasz ugyanis majdnem k\u00e9tszer olyan hossz\u00fa, mint a 2019-es id\u0151futam volt. Az ex-ker\u00e9kp\u00e1ros Fernando Escart\u00edn, aki r\u00e9szt vett az idei verseny \u00fatvonal\u00e1nak megalkot\u00e1s\u00e1ban, kiemelte, hogy \u201enagyon nem mindegy\u201d, hogy 13 vagy 23 km-r\u0151l van sz\u00f3.<\/p>\n<p><em>\u201eOk\u00e9, nem lesznek t\u00fal nagy k\u00fcl\u00f6nbs\u00e9gek a leger\u0151sebb csapatok k\u00f6z\u00f6tt. Ha viszont egy favorit nem t\u00fal er\u0151s csapattal \u00e1ll rajthoz, ak\u00e1r perceket is vesz\u00edthet egy ilyen hossz\u00fa szakaszon.\u201d<\/em><\/p>\n<p>R\u00e1ad\u00e1sul a szezon v\u00e9g\u00e9hez k\u00f6zeledve egyre nehezebb a csapatoknak megtal\u00e1lni a legjobb fel\u00e1ll\u00e1st \u2013 \u00e9s egy csapatid\u0151futam k\u00edm\u00e9letlen\u00fcl megmutatja a legkisebb gyenges\u00e9geket is.<\/p>\n<h2><strong> 2. szakasz: Elche \u2013 Alicante, id\u0151futam, 31,1 km<\/strong><\/h2>\n<p>Az, hogy a szervez\u0151k a verseny k\u00f6zep\u00e9re tett\u00e9k az egy\u00e9ni id\u0151futamot, jelent\u0151s v\u00e1ltoz\u00e1st jelenthet.<\/p>\n<p><em>\u201eEgyr\u00e9szt, az id\u0151futam egy pihen\u0151nap ut\u00e1n j\u00f6n, \u00e9s van, aki sz\u00e1m\u00e1ra ez probl\u00e9m\u00e1t jelenthet\u201d<\/em> \u2013 mutatott r\u00e1 Escart\u00edn. \u201e<em>M\u00e1r ett\u0151l is \u00e9rdekesebb lesz ez a szakasz.\u201d<\/em><\/p>\n<figure id=\"attachment_15582\" aria-describedby=\"caption-attachment-15582\" style=\"width: 1024px\" class=\"wp-caption alignnone\"><img loading=\"lazy\" decoding=\"async\" class=\"size-large wp-image-15582\" src=\"https:\/\/d2p6e6u75xmxt8.cloudfront.net\/12\/2022\/08\/Alicante1-min-1024x682.jpg\" alt=\"\" width=\"1024\" height=\"682\" srcset=\"https:\/\/d2p6e6u75xmxt8.cloudfront.net\/12\/2022\/08\/Alicante1-min-1024x682.jpg 1024w, https:\/\/d2p6e6u75xmxt8.cloudfront.net\/12\/2022\/08\/Alicante1-min-300x200.jpg 300w, https:\/\/d2p6e6u75xmxt8.cloudfront.net\/12\/2022\/08\/Alicante1-min-768x512.jpg 768w, https:\/\/d2p6e6u75xmxt8.cloudfront.net\/12\/2022\/08\/Alicante1-min-272x182.jpg 272w, https:\/\/d2p6e6u75xmxt8.cloudfront.net\/12\/2022\/08\/Alicante1-min.jpg 1280w\" sizes=\"auto, (max-width: 1024px) 100vw, 1024px\" \/><figcaption id=\"caption-attachment-15582\" class=\"wp-caption-text\">Alicante gy\u00f6ny\u00f6r\u0171 tengerparti v\u00e1rosa.<\/figcaption><\/figure>\n<p><em>\u201eR\u00e1ad\u00e1sul\u201d<\/em> \u2013 ellent\u00e9tben a legut\u00f3bbi, dimbes-dombos id\u0151futammal a 2016-os Vuelt\u00e1n, amit Chris Froome nyert meg \u2013 <em>\u201eaz idei szakasz egy el\u00e9g hossz\u00fa, s\u00edk r\u00e9szt is tartalmaz, ami megnehez\u00edti a m\u00e1sz\u00f3k dolg\u00e1t. Persze, a verseny m\u00e1sodik fel\u00e9ben m\u00e9g lesz lehet\u0151s\u00e9g\u00fck megmutatni, mennyire er\u0151sek a hegyekben.\u201d<\/em><\/p>\n<p>A volt versenyz\u0151 szerint azonban nem lesznek nagy k\u00fcl\u00f6nbs\u00e9gek a sprinterek k\u00f6z\u00f6tt: <em>\u201eVal\u00f3sz\u00edn\u0171leg az id\u0151futam-specialist\u00e1i k\u00f6z\u00f6tt nem lesz t\u00f6bb k\u00fcl\u00f6nbs\u00e9g 15-30 m\u00e1sodpercn\u00e9l. Egy hegyi men\u0151 viszont 30 kilom\u00e9ter felett ak\u00e1r 90 m\u00e1sodpercet is vesz\u00edthet egy egy Primo\u017e Rogli\u010d (Jumbo-Visma) vagy egy Tadej Poga\u010dar (UAE Team Emirates) t\u00edpus\u00fa versenyz\u0151vel szemben. Vagy m\u00e9g t\u00f6bbet.\u201d<\/em><\/p>\n<p>A szakasz m\u00e1sodik fele r\u00e1ad\u00e1sul nyitott utakon vezet v\u00e9gig, \u00edgy a sz\u00e9l is megnehez\u00edti majd a versenyz\u0151k dolg\u00e1t.<\/p>\n<h2><strong> 3. szakasz: Martos \u2013 Sierra Nevada, 148,1 km<\/strong><\/h2>\n<p><em>\u201eSok olyan cikk jelent meg az idei Vuelt\u00e1r\u00f3l, ami azt \u00e1ll\u00edtja, hogy nem is lesz rajta neh\u00e9z szakasz\u201d<\/em> \u2013 mes\u00e9lte Escart\u00edn a Cycling Weekly magazinnak. <em>\u201eSzerintem viszont al\u00e1becs\u00fclik Sierra Nevad\u00e1t.\u201d<\/em><\/p>\n<figure id=\"attachment_15583\" aria-describedby=\"caption-attachment-15583\" style=\"width: 550px\" class=\"wp-caption alignnone\"><img loading=\"lazy\" decoding=\"async\" class=\"size-full wp-image-15583\" src=\"https:\/\/d2p6e6u75xmxt8.cloudfront.net\/12\/2022\/08\/in-the-sierra-nevada.jpg\" alt=\"\" width=\"550\" height=\"309\" srcset=\"https:\/\/d2p6e6u75xmxt8.cloudfront.net\/12\/2022\/08\/in-the-sierra-nevada.jpg 550w, https:\/\/d2p6e6u75xmxt8.cloudfront.net\/12\/2022\/08\/in-the-sierra-nevada-300x169.jpg 300w\" sizes=\"auto, (max-width: 550px) 100vw, 550px\" \/><figcaption id=\"caption-attachment-15583\" class=\"wp-caption-text\">A csod\u00e1latos Sierra Nevada. Fot\u00f3: @fototakerTony<\/figcaption><\/figure>\n<p>Egyr\u00e9szt, nem szabad figyelmen k\u00edv\u00fcl hagyni, hogy milyen szakaszokon kell v\u00e9gigk\u00fczdeni\u00fck magukat a versenyz\u0151knek, MIEL\u0150TT el\u00e9rnek Sierra Nevad\u00e1ig. A Vuelta Salobre\u00f1\u00e1t\u00f3l a Pe\u00f1as Blancas cs\u00facs\u00e1ig tart\u00f3 12. etap egy sz\u00e1guld\u00e1ssal indul a F\u00f6ldk\u00f6zi-tenger partjain, jelent\u0151s oldalsz\u00e9llel. Ha ez nem lenne el\u00e9g, az idei Pe\u00f1as Blancas-szakasz 20 kilom\u00e9teres emelked\u0151, ami 4 km-rel hosszabb, mint 2013-ban volt (ekkor k\u00e9pezte legut\u00f3bb az \u00fatvonal r\u00e9sz\u00e9t a hegys\u00e9g). Azt\u00e1n j\u00f6n a 14. etap, mind\u00f6ssze 24 \u00f3r\u00e1val Sierra Nevada el\u0151tt, ami Andal\u00fazia legnehezebb emelked\u0151je ut\u00e1n La Pander\u00e1n \u00e9r v\u00e9get.<\/p>\n<p>\u00c9s csak ezut\u00e1n j\u00f6n a t\u00f6bb mint 4000 m\u00e9ternyi szinte f\u00fcgg\u0151leges emelked\u0151t tartalmaz\u00f3 hegyi szakasz, 148 kilom\u00e9tere. A 2017-ben lezajlott sz\u00f6rny\u0171 m\u00e1sz\u00e1s ut\u00e1n id\u00e9n megv\u00e1ltoztatt\u00e1k kicsit az etapot a szervez\u0151k: <em>\u201eSok neh\u00e9z pillanata lesz id\u00e9n is a 15. szakasznak, kezdve az Alto de Purche-vel, ami egy nagyon technik\u00e1s, els\u0151 kateg\u00f3ri\u00e1s hegycs\u00facs. Ezut\u00e1n a lehet\u0151 legr\u00f6videbb \u00faton vezetj\u00fck le a mez\u0151nyt a Hazallanas l\u00e1b\u00e1hoz. V\u00e9g\u00fcl ahelyett, hogy felmenn\u00e9nk a szok\u00e1sos \u00faton a s\u00ed\u00e1llom\u00e1shoz, amely folyamatosan emelkedik, de szinte v\u00e9gig sima \u00e9s sz\u00e9les, egy r\u00f6videbb, de j\u00f3val nehezebb szakaszt v\u00e1lasztottunk, ami felvisz a cs\u00facsra. Ha valaki itt t\u00e1mad, nagy el\u0151nyre tehet szert.\u201d<\/em><\/p>\n<h2><strong> 4. szakasz: Trujillo \u2013 El Piornal, 190 km<\/strong><\/h2>\n<p>Nem sokan vannak a versenyz\u0151k k\u00f6z\u00f6tt, akik megtapasztalt\u00e1k az El Piornal-hoz vezet\u0151 els\u0151 kateg\u00f3ri\u00e1s m\u00e1sz\u00e1s neh\u00e9zs\u00e9geit, tal\u00e1n Valverde az egyetlen.<\/p>\n<figure id=\"attachment_15584\" aria-describedby=\"caption-attachment-15584\" style=\"width: 1024px\" class=\"wp-caption alignnone\"><img loading=\"lazy\" decoding=\"async\" class=\"size-large wp-image-15584\" src=\"https:\/\/d2p6e6u75xmxt8.cloudfront.net\/12\/2022\/08\/la-vuelta-a-espana-9180-1024x539.jpg\" alt=\"\" width=\"1024\" height=\"539\" srcset=\"https:\/\/d2p6e6u75xmxt8.cloudfront.net\/12\/2022\/08\/la-vuelta-a-espana-9180-1024x539.jpg 1024w, https:\/\/d2p6e6u75xmxt8.cloudfront.net\/12\/2022\/08\/la-vuelta-a-espana-9180-300x158.jpg 300w, https:\/\/d2p6e6u75xmxt8.cloudfront.net\/12\/2022\/08\/la-vuelta-a-espana-9180-768x404.jpg 768w, https:\/\/d2p6e6u75xmxt8.cloudfront.net\/12\/2022\/08\/la-vuelta-a-espana-9180-1536x808.jpg 1536w, https:\/\/d2p6e6u75xmxt8.cloudfront.net\/12\/2022\/08\/la-vuelta-a-espana-9180.jpg 1900w\" sizes=\"auto, (max-width: 1024px) 100vw, 1024px\" \/><figcaption id=\"caption-attachment-15584\" class=\"wp-caption-text\">El Piornal Extramadura legmagasabban fekv\u0151 telep\u00fcl\u00e9se. \u00a9 Koobit<\/figcaption><\/figure>\n<p>Ennek az az oka, hogy az El Piornal Nyugat-Spanyolorsz\u00e1g egyik legt\u00e1volabbi ter\u00fclet\u00e9n tal\u00e1lhat\u00f3, Extremadura hat\u00e1rvid\u00e9k\u00e9n, ahova ritk\u00e1n l\u00e1togat el a Vuelta \u2013 b\u00e1r tavaly megtette. Escart\u00edn azt \u00e1ll\u00edtja, hogy ilyen ismeretlen m\u00e1sz\u00e1s l\u00e9v\u00e9n, seg\u00edthet abban, hogy a Vuelta kilenc cs\u00facspontja k\u00f6z\u00fcl a nyolcadik a verseny egyik legfontosabb napj\u00e1v\u00e1 v\u00e1ljon.<\/p>\n<p><em>\u201eNem meredek, de k\u00f6ny\u00f6rtelen. Legal\u00e1bb h\u00e1rom k\u00fcl\u00f6nb\u00f6z\u0151 m\u00f3dja van a feljut\u00e1snak, \u00e9s id\u00e9n mindegyiket megtessz\u00fck, bele\u00e9rtve a 2004-es szakaszt is, ami Yuste kolostora mellett vezetett. A verseny v\u00e9g\u00e9hez k\u00f6zeledve a f\u00e1radt kerekeseknek k\u00fcl\u00f6n\u00f6sen neh\u00e9z lehet ez a hull\u00e1mz\u00f3 terep. Az utols\u00f3 emelked\u0151 sem t\u00fal meredek, viszont 15 km hossz\u00fa, \u00edgy k\u00f6nnyen kifoghat n\u00e9h\u00e1ny versenyz\u0151n.\u201d<\/em><\/p>\n<h2><strong> 5. szakasz \u2013 Navacerrada, 175,5 km<\/strong><\/h2>\n<p>A k\u00f6rny\u00e9k egyik emelked\u0151je sem k\u00fcl\u00f6n\u00f6sebben hossz\u00fa vagy meredek, szinte mindegyik kiv\u00e9telesen min\u0151s\u00e9g\u0171 \u00e9s sz\u00e9les \u00fatb\u00f3l \u00e1ll, \u00e9s egyenk\u00e9nt eg\u00e9szen ny\u00e1jasak.<\/p>\n<figure id=\"attachment_15585\" aria-describedby=\"caption-attachment-15585\" style=\"width: 1024px\" class=\"wp-caption alignnone\"><img loading=\"lazy\" decoding=\"async\" class=\"size-large wp-image-15585\" src=\"https:\/\/d2p6e6u75xmxt8.cloudfront.net\/12\/2022\/08\/Mirador_EmbalseNavacerrada_diegophotographer_1-1024x683.jpg\" alt=\"\" width=\"1024\" height=\"683\" srcset=\"https:\/\/d2p6e6u75xmxt8.cloudfront.net\/12\/2022\/08\/Mirador_EmbalseNavacerrada_diegophotographer_1-1024x683.jpg 1024w, https:\/\/d2p6e6u75xmxt8.cloudfront.net\/12\/2022\/08\/Mirador_EmbalseNavacerrada_diegophotographer_1-300x200.jpg 300w, https:\/\/d2p6e6u75xmxt8.cloudfront.net\/12\/2022\/08\/Mirador_EmbalseNavacerrada_diegophotographer_1-768x512.jpg 768w, https:\/\/d2p6e6u75xmxt8.cloudfront.net\/12\/2022\/08\/Mirador_EmbalseNavacerrada_diegophotographer_1-272x182.jpg 272w, https:\/\/d2p6e6u75xmxt8.cloudfront.net\/12\/2022\/08\/Mirador_EmbalseNavacerrada_diegophotographer_1.jpg 1500w\" sizes=\"auto, (max-width: 1024px) 100vw, 1024px\" \/><figcaption id=\"caption-attachment-15585\" class=\"wp-caption-text\">Navacerrada. \u00a9 2021 Comunidad de Madrid<\/figcaption><\/figure>\n<p>Escart\u00edn szerint azonban nem szabad figyelmen k\u00edv\u00fcl hagyni egy kulcsfontoss\u00e1g\u00fa t\u00e9nyez\u0151t: azt, hogy nem egyenk\u00e9nt kezelj\u00fck \u0151ket. Gyorsan j\u00f6nnek egym\u00e1s ut\u00e1n az emelked\u0151k, \u00e9s nem lesz id\u0151 k\u00f6zt\u00fck pihenni. R\u00e1ad\u00e1sul a verseny utols\u00f3 het\u00e9ben a ker\u00e9kp\u00e1rosok m\u00e1r azt \u00e9rzik, nincs vesztenival\u00f3juk, \u00e9s a v\u00e9gletekig hajtj\u00e1k magukat.<\/p>\n<p><em>\u201eEzen a r\u00e9szen mindig t\u00f6rt\u00e9nik valami.\u201d<\/em> 2015-ben Fabio Aru itt ejtette ki a vezet\u0151 Tom Dumoulint \u00e9s ezzel megnyerte a Vuelt\u00e1t!<\/p>\n<p><em>\u201eNagyon neh\u00e9z lenne egy olyan er\u0151s csapatot legy\u0151zni, mint a Jumbo-Visma egy ilyen szakaszon, de persze b\u00e1rmi megeshet. Mivel az emelked\u0151k nagyon k\u00f6zel vannak egym\u00e1shoz, nem csak az egy\u00e9n, hanem a csapat teljes\u00edtm\u00e9nye is sz\u00e1m\u00edt. Leny\u0171g\u00f6z\u0151 utols\u00f3 nap lesz!\u201d<\/em><\/p>\n<p><em>Forr\u00e1s: <\/em><a href=\"https:\/\/www.cyclingweekly.com\/news\/vuelta-a-espana-2021-route-no-madrid-finish-and-a-historic-new-climb-on-the-menu\"><em>cyclingweekly.com<\/em><\/a><br \/>\n<em>Bor\u00edt\u00f3k\u00e9p: \u00a9 Movistar team<\/em><\/p>\n","protected":false},"excerpt":{"rendered":"<p>M\u00e9g nem sajn\u00e1ljuk, hogy lassan k\u00f6zeledik az \u0151sz, mert ez azt jelenti, hogy k\u00f6zeledik az utols\u00f3 2022-es Grand Tour, a [&hellip;]<\/p>\n","protected":false},"author":71,"featured_media":15580,"comment_status":"open","ping_status":"open","sticky":false,"template":"","format":"standard","meta":{"footnotes":""},"categories":[8],"tags":[],"global-categories":[419],"class_list":["post-15579","post","type-post","status-publish","format-standard","has-post-thumbnail","hentry","category-orszaguti-kerekpar","global-categories-cycling"],"yoast_head":"<!-- This site is optimized with the Yoast SEO Premium plugin v25.3 (Yoast SEO v25.9) - https:\/\/yoast.com\/wordpress\/plugins\/seo\/ -->\n<title>A 2022-es Vuelta de Espa\u00f1a 5 legfontosabb szakasza<\/title>\n<meta name=\"description\" content=\"M\u00e9g nem sajn\u00e1ljuk, hogy lassan k\u00f6zeledik az \u0151sz, mert ez azt jelenti, hogy k\u00f6zeledik az utols\u00f3 2022-es Grand Tour, a Vuelta de Espa\u00f1a is. Mutatjuk, melyik szakaszokon d\u0151lhet el az augusztus 19- szeptember 11 k\u00f6z\u00f6tt zajl\u00f3 verseny.\" \/>\n<meta name=\"robots\" content=\"index, follow, max-snippet:-1, max-image-preview:large, max-video-preview:-1\" \/>\n<link rel=\"canonical\" href=\"https:\/\/www.welovecycling.com\/hu\/orszaguti-kerekpar\/a-2022-es-vuelta-de-espana-5-legfontosabb-szakasza\/\" \/>\n<meta property=\"og:locale\" content=\"hu_HU\" \/>\n<meta property=\"og:type\" content=\"article\" \/>\n<meta property=\"og:title\" content=\"A 2022-es Vuelta de Espa\u00f1a 5 legfontosabb szakasza\" \/>\n<meta property=\"og:description\" content=\"M\u00e9g nem sajn\u00e1ljuk, hogy lassan k\u00f6zeledik az \u0151sz, mert ez azt jelenti, hogy k\u00f6zeledik az utols\u00f3 2022-es Grand Tour, a Vuelta de Espa\u00f1a is. Mutatjuk, melyik szakaszokon d\u0151lhet el az augusztus 19- szeptember 11 k\u00f6z\u00f6tt zajl\u00f3 verseny.\" \/>\n<meta property=\"og:url\" content=\"https:\/\/www.welovecycling.com\/hu\/orszaguti-kerekpar\/a-2022-es-vuelta-de-espana-5-legfontosabb-szakasza\/\" \/>\n<meta property=\"og:site_name\" content=\"\u0160koda We Love Cycling - Magyarorsz\u00e1g\" \/>\n<meta property=\"article:publisher\" content=\"https:\/\/www.facebook.com\/WeLoveCyclingHungary\/\" \/>\n<meta property=\"article:published_time\" content=\"2022-08-17T06:00:35+00:00\" \/>\n<meta property=\"og:image\" content=\"https:\/\/d2p6e6u75xmxt8.cloudfront.net\/12\/2022\/08\/vuelta-espana-route-2022-main-Large.jpeg\" \/>\n\t<meta property=\"og:image:width\" content=\"1280\" \/>\n\t<meta property=\"og:image:height\" content=\"720\" \/>\n\t<meta property=\"og:image:type\" content=\"image\/jpeg\" \/>\n<meta name=\"author\" content=\"hegyizs\" \/>\n<meta name=\"twitter:card\" content=\"summary_large_image\" \/>\n<meta name=\"twitter:label1\" content=\"Written by\" \/>\n\t<meta name=\"twitter:data1\" content=\"WLC\" \/>\n\t<meta name=\"twitter:label2\" content=\"Est. reading time\" \/>\n\t<meta name=\"twitter:data2\" content=\"6 minutes\" \/>\n<script type=\"application\/ld+json\" class=\"yoast-schema-graph\">{\"@context\":\"https:\/\/schema.org\",\"@graph\":[{\"@type\":\"WebPage\",\"@id\":\"https:\/\/www.welovecycling.com\/hu\/orszaguti-kerekpar\/a-2022-es-vuelta-de-espana-5-legfontosabb-szakasza\/\",\"url\":\"https:\/\/www.welovecycling.com\/hu\/orszaguti-kerekpar\/a-2022-es-vuelta-de-espana-5-legfontosabb-szakasza\/\",\"name\":\"A 2022-es Vuelta de Espa\u00f1a 5 legfontosabb szakasza\",\"isPartOf\":{\"@id\":\"https:\/\/www.welovecycling.com\/hu\/#website\"},\"primaryImageOfPage\":{\"@id\":\"https:\/\/www.welovecycling.com\/hu\/orszaguti-kerekpar\/a-2022-es-vuelta-de-espana-5-legfontosabb-szakasza\/#primaryimage\"},\"image\":{\"@id\":\"https:\/\/www.welovecycling.com\/hu\/orszaguti-kerekpar\/a-2022-es-vuelta-de-espana-5-legfontosabb-szakasza\/#primaryimage\"},\"thumbnailUrl\":\"https:\/\/d2p6e6u75xmxt8.cloudfront.net\/12\/2022\/08\/vuelta-espana-route-2022-main-Large.jpeg\",\"datePublished\":\"2022-08-17T06:00:35+00:00\",\"author\":{\"@id\":\"https:\/\/www.welovecycling.com\/hu\/#\/schema\/person\/414a2aebf1801691a5320edb6468e194\"},\"description\":\"M\u00e9g nem sajn\u00e1ljuk, hogy lassan k\u00f6zeledik az \u0151sz, mert ez azt jelenti, hogy k\u00f6zeledik az utols\u00f3 2022-es Grand Tour, a Vuelta de Espa\u00f1a is. Mutatjuk, melyik szakaszokon d\u0151lhet el az augusztus 19- szeptember 11 k\u00f6z\u00f6tt zajl\u00f3 verseny.\",\"breadcrumb\":{\"@id\":\"https:\/\/www.welovecycling.com\/hu\/orszaguti-kerekpar\/a-2022-es-vuelta-de-espana-5-legfontosabb-szakasza\/#breadcrumb\"},\"inLanguage\":\"hu\",\"potentialAction\":[{\"@type\":\"ReadAction\",\"target\":[\"https:\/\/www.welovecycling.com\/hu\/orszaguti-kerekpar\/a-2022-es-vuelta-de-espana-5-legfontosabb-szakasza\/\"]}]},{\"@type\":\"ImageObject\",\"inLanguage\":\"hu\",\"@id\":\"https:\/\/www.welovecycling.com\/hu\/orszaguti-kerekpar\/a-2022-es-vuelta-de-espana-5-legfontosabb-szakasza\/#primaryimage\",\"url\":\"https:\/\/d2p6e6u75xmxt8.cloudfront.net\/12\/2022\/08\/vuelta-espana-route-2022-main-Large.jpeg\",\"contentUrl\":\"https:\/\/d2p6e6u75xmxt8.cloudfront.net\/12\/2022\/08\/vuelta-espana-route-2022-main-Large.jpeg\",\"width\":1280,\"height\":720},{\"@type\":\"BreadcrumbList\",\"@id\":\"https:\/\/www.welovecycling.com\/hu\/orszaguti-kerekpar\/a-2022-es-vuelta-de-espana-5-legfontosabb-szakasza\/#breadcrumb\",\"itemListElement\":[{\"@type\":\"ListItem\",\"position\":1,\"name\":\"Home\",\"item\":\"https:\/\/www.welovecycling.com\/hu\/\"},{\"@type\":\"ListItem\",\"position\":2,\"name\":\"A 2022-es Vuelta de Espa\u00f1a 5 legfontosabb szakasza\"}]},{\"@type\":\"WebSite\",\"@id\":\"https:\/\/www.welovecycling.com\/hu\/#website\",\"url\":\"https:\/\/www.welovecycling.com\/hu\/\",\"name\":\"\u0160koda We Love Cycling - Magyarorsz\u00e1g\",\"description\":\"\u0160koda WeLoveCycling\",\"potentialAction\":[{\"@type\":\"SearchAction\",\"target\":{\"@type\":\"EntryPoint\",\"urlTemplate\":\"https:\/\/www.welovecycling.com\/hu\/?s={search_term_string}\"},\"query-input\":{\"@type\":\"PropertyValueSpecification\",\"valueRequired\":true,\"valueName\":\"search_term_string\"}}],\"inLanguage\":\"hu\"},{\"@type\":\"Person\",\"@id\":\"https:\/\/www.welovecycling.com\/hu\/#\/schema\/person\/414a2aebf1801691a5320edb6468e194\",\"name\":\"hegyizs\",\"image\":{\"@type\":\"ImageObject\",\"inLanguage\":\"hu\",\"@id\":\"https:\/\/www.welovecycling.com\/hu\/#\/schema\/person\/image\/\",\"url\":\"https:\/\/secure.gravatar.com\/avatar\/02cf8a7906b8cf90cecb4679defac7cfd33a1c2e3b88e4903d947f3bb58eedd3?s=96&d=mm&r=g\",\"contentUrl\":\"https:\/\/secure.gravatar.com\/avatar\/02cf8a7906b8cf90cecb4679defac7cfd33a1c2e3b88e4903d947f3bb58eedd3?s=96&d=mm&r=g\",\"caption\":\"hegyizs\"},\"url\":\"https:\/\/www.welovecycling.com\/hu\/author\/hegyizs\/\"}]}<\/script>\n<!-- \/ Yoast SEO Premium plugin. -->","yoast_head_json":{"title":"A 2022-es Vuelta de Espa\u00f1a 5 legfontosabb szakasza","description":"M\u00e9g nem sajn\u00e1ljuk, hogy lassan k\u00f6zeledik az \u0151sz, mert ez azt jelenti, hogy k\u00f6zeledik az utols\u00f3 2022-es Grand Tour, a Vuelta de Espa\u00f1a is. Mutatjuk, melyik szakaszokon d\u0151lhet el az augusztus 19- szeptember 11 k\u00f6z\u00f6tt zajl\u00f3 verseny.","robots":{"index":"index","follow":"follow","max-snippet":"max-snippet:-1","max-image-preview":"max-image-preview:large","max-video-preview":"max-video-preview:-1"},"canonical":"https:\/\/www.welovecycling.com\/hu\/orszaguti-kerekpar\/a-2022-es-vuelta-de-espana-5-legfontosabb-szakasza\/","og_locale":"hu_HU","og_type":"article","og_title":"A 2022-es Vuelta de Espa\u00f1a 5 legfontosabb szakasza","og_description":"M\u00e9g nem sajn\u00e1ljuk, hogy lassan k\u00f6zeledik az \u0151sz, mert ez azt jelenti, hogy k\u00f6zeledik az utols\u00f3 2022-es Grand Tour, a Vuelta de Espa\u00f1a is. Mutatjuk, melyik szakaszokon d\u0151lhet el az augusztus 19- szeptember 11 k\u00f6z\u00f6tt zajl\u00f3 verseny.","og_url":"https:\/\/www.welovecycling.com\/hu\/orszaguti-kerekpar\/a-2022-es-vuelta-de-espana-5-legfontosabb-szakasza\/","og_site_name":"\u0160koda We Love Cycling - Magyarorsz\u00e1g","article_publisher":"https:\/\/www.facebook.com\/WeLoveCyclingHungary\/","article_published_time":"2022-08-17T06:00:35+00:00","og_image":[{"width":1280,"height":720,"url":"https:\/\/d2p6e6u75xmxt8.cloudfront.net\/12\/2022\/08\/vuelta-espana-route-2022-main-Large.jpeg","type":"image\/jpeg"}],"author":"hegyizs","twitter_card":"summary_large_image","twitter_misc":{"Written by":"WLC","Est. reading time":"6 minutes"},"schema":{"@context":"https:\/\/schema.org","@graph":[{"@type":"WebPage","@id":"https:\/\/www.welovecycling.com\/hu\/orszaguti-kerekpar\/a-2022-es-vuelta-de-espana-5-legfontosabb-szakasza\/","url":"https:\/\/www.welovecycling.com\/hu\/orszaguti-kerekpar\/a-2022-es-vuelta-de-espana-5-legfontosabb-szakasza\/","name":"A 2022-es Vuelta de Espa\u00f1a 5 legfontosabb szakasza","isPartOf":{"@id":"https:\/\/www.welovecycling.com\/hu\/#website"},"primaryImageOfPage":{"@id":"https:\/\/www.welovecycling.com\/hu\/orszaguti-kerekpar\/a-2022-es-vuelta-de-espana-5-legfontosabb-szakasza\/#primaryimage"},"image":{"@id":"https:\/\/www.welovecycling.com\/hu\/orszaguti-kerekpar\/a-2022-es-vuelta-de-espana-5-legfontosabb-szakasza\/#primaryimage"},"thumbnailUrl":"https:\/\/d2p6e6u75xmxt8.cloudfront.net\/12\/2022\/08\/vuelta-espana-route-2022-main-Large.jpeg","datePublished":"2022-08-17T06:00:35+00:00","author":{"@id":"https:\/\/www.welovecycling.com\/hu\/#\/schema\/person\/414a2aebf1801691a5320edb6468e194"},"description":"M\u00e9g nem sajn\u00e1ljuk, hogy lassan k\u00f6zeledik az \u0151sz, mert ez azt jelenti, hogy k\u00f6zeledik az utols\u00f3 2022-es Grand Tour, a Vuelta de Espa\u00f1a is. Mutatjuk, melyik szakaszokon d\u0151lhet el az augusztus 19- szeptember 11 k\u00f6z\u00f6tt zajl\u00f3 verseny.","breadcrumb":{"@id":"https:\/\/www.welovecycling.com\/hu\/orszaguti-kerekpar\/a-2022-es-vuelta-de-espana-5-legfontosabb-szakasza\/#breadcrumb"},"inLanguage":"hu","potentialAction":[{"@type":"ReadAction","target":["https:\/\/www.welovecycling.com\/hu\/orszaguti-kerekpar\/a-2022-es-vuelta-de-espana-5-legfontosabb-szakasza\/"]}]},{"@type":"ImageObject","inLanguage":"hu","@id":"https:\/\/www.welovecycling.com\/hu\/orszaguti-kerekpar\/a-2022-es-vuelta-de-espana-5-legfontosabb-szakasza\/#primaryimage","url":"https:\/\/d2p6e6u75xmxt8.cloudfront.net\/12\/2022\/08\/vuelta-espana-route-2022-main-Large.jpeg","contentUrl":"https:\/\/d2p6e6u75xmxt8.cloudfront.net\/12\/2022\/08\/vuelta-espana-route-2022-main-Large.jpeg","width":1280,"height":720},{"@type":"BreadcrumbList","@id":"https:\/\/www.welovecycling.com\/hu\/orszaguti-kerekpar\/a-2022-es-vuelta-de-espana-5-legfontosabb-szakasza\/#breadcrumb","itemListElement":[{"@type":"ListItem","position":1,"name":"Home","item":"https:\/\/www.welovecycling.com\/hu\/"},{"@type":"ListItem","position":2,"name":"A 2022-es Vuelta de Espa\u00f1a 5 legfontosabb szakasza"}]},{"@type":"WebSite","@id":"https:\/\/www.welovecycling.com\/hu\/#website","url":"https:\/\/www.welovecycling.com\/hu\/","name":"\u0160koda We Love Cycling - Magyarorsz\u00e1g","description":"\u0160koda WeLoveCycling","potentialAction":[{"@type":"SearchAction","target":{"@type":"EntryPoint","urlTemplate":"https:\/\/www.welovecycling.com\/hu\/?s={search_term_string}"},"query-input":{"@type":"PropertyValueSpecification","valueRequired":true,"valueName":"search_term_string"}}],"inLanguage":"hu"},{"@type":"Person","@id":"https:\/\/www.welovecycling.com\/hu\/#\/schema\/person\/414a2aebf1801691a5320edb6468e194","name":"hegyizs","image":{"@type":"ImageObject","inLanguage":"hu","@id":"https:\/\/www.welovecycling.com\/hu\/#\/schema\/person\/image\/","url":"https:\/\/secure.gravatar.com\/avatar\/02cf8a7906b8cf90cecb4679defac7cfd33a1c2e3b88e4903d947f3bb58eedd3?s=96&d=mm&r=g","contentUrl":"https:\/\/secure.gravatar.com\/avatar\/02cf8a7906b8cf90cecb4679defac7cfd33a1c2e3b88e4903d947f3bb58eedd3?s=96&d=mm&r=g","caption":"hegyizs"},"url":"https:\/\/www.welovecycling.com\/hu\/author\/hegyizs\/"}]}},"_links":{"self":[{"href":"https:\/\/www.welovecycling.com\/hu\/wp-json\/wp\/v2\/posts\/15579","targetHints":{"allow":["GET"]}}],"collection":[{"href":"https:\/\/www.welovecycling.com\/hu\/wp-json\/wp\/v2\/posts"}],"about":[{"href":"https:\/\/www.welovecycling.com\/hu\/wp-json\/wp\/v2\/types\/post"}],"author":[{"embeddable":true,"href":"https:\/\/www.welovecycling.com\/hu\/wp-json\/wp\/v2\/users\/71"}],"replies":[{"embeddable":true,"href":"https:\/\/www.welovecycling.com\/hu\/wp-json\/wp\/v2\/comments?post=15579"}],"version-history":[{"count":2,"href":"https:\/\/www.welovecycling.com\/hu\/wp-json\/wp\/v2\/posts\/15579\/revisions"}],"predecessor-version":[{"id":15587,"href":"https:\/\/www.welovecycling.com\/hu\/wp-json\/wp\/v2\/posts\/15579\/revisions\/15587"}],"wp:featuredmedia":[{"embeddable":true,"href":"https:\/\/www.welovecycling.com\/hu\/wp-json\/wp\/v2\/media\/15580"}],"wp:attachment":[{"href":"https:\/\/www.welovecycling.com\/hu\/wp-json\/wp\/v2\/media?parent=15579"}],"wp:term":[{"taxonomy":"category","embeddable":true,"href":"https:\/\/www.welovecycling.com\/hu\/wp-json\/wp\/v2\/categories?post=15579"},{"taxonomy":"post_tag","embeddable":true,"href":"https:\/\/www.welovecycling.com\/hu\/wp-json\/wp\/v2\/tags?post=15579"},{"taxonomy":"global-categories","embeddable":true,"href":"https:\/\/www.welovecycling.com\/hu\/wp-json\/wp\/v2\/global-categories?post=15579"}],"curies":[{"name":"wp","href":"https:\/\/api.w.org\/{rel}","templated":true}]}}