{"id":15567,"date":"2022-08-10T08:00:47","date_gmt":"2022-08-10T06:00:47","guid":{"rendered":"https:\/\/www.welovecycling.com\/hu\/?p=15567"},"modified":"2022-08-05T13:32:17","modified_gmt":"2022-08-05T11:32:17","slug":"4-hihetetlenul-draga-bicikli","status":"publish","type":"post","link":"https:\/\/www.welovecycling.com\/hu\/kozosseg-es-kultura\/4-hihetetlenul-draga-bicikli\/","title":{"rendered":"4 hihetetlen\u00fcl dr\u00e1ga bicikli"},"content":{"rendered":"<p><strong>Ha azt gondolod, a szerelemnek nincs \u00e1ra, akkor m\u00e9g nyilv\u00e1n nem szerett\u00e9l bele egy ker\u00e9kp\u00e1rba. Sajnos, ha nem biztos\u00edtasz el\u00e9g hozom\u00e1nyt a bringaboltba, az \u00e9rz\u00e9s viszonzatlan marad. Besz\u00e9lj\u00fcnk h\u00e1t kicsit 2022 legdr\u00e1g\u00e1bb, piacon kaphat\u00f3 biciklijeir\u0151l, a pl\u00e1t\u00f3i szerelem megtestes\u00edt\u0151ir\u0151l!<\/strong><\/p>\n<p><!--more--><\/p>\n<h2><strong>Santa Cruz Heckler 9 CC AXS RSV<\/strong><\/h2>\n<p><a href=\"https:\/\/d2p6e6u75xmxt8.cloudfront.net\/12\/2022\/08\/Santa-Cruz-heckler.webp\"><img loading=\"lazy\" decoding=\"async\" class=\"alignnone wp-image-15568\" src=\"https:\/\/d2p6e6u75xmxt8.cloudfront.net\/12\/2022\/08\/Santa-Cruz-heckler.webp\" alt=\"Santa Cruz Heckler\" width=\"1000\" height=\"1000\" srcset=\"https:\/\/d2p6e6u75xmxt8.cloudfront.net\/12\/2022\/08\/Santa-Cruz-heckler.webp 1120w, https:\/\/d2p6e6u75xmxt8.cloudfront.net\/12\/2022\/08\/Santa-Cruz-heckler-300x300.webp 300w, https:\/\/d2p6e6u75xmxt8.cloudfront.net\/12\/2022\/08\/Santa-Cruz-heckler-1024x1024.webp 1024w, https:\/\/d2p6e6u75xmxt8.cloudfront.net\/12\/2022\/08\/Santa-Cruz-heckler-150x150.webp 150w, https:\/\/d2p6e6u75xmxt8.cloudfront.net\/12\/2022\/08\/Santa-Cruz-heckler-768x768.webp 768w\" sizes=\"auto, (max-width: 1000px) 100vw, 1000px\" \/><\/a>A Santa Cruz h\u00edresen j\u00f3 min\u0151s\u00e9g\u0171 alapanyagokkal dolgozik, amik term\u00e9szetesen nem k\u00e9t fill\u00e9rbe ker\u00fclnek. A Heckler 9 CC AXS RSV kiv\u00e1l\u00f3 p\u00e9lda erre: a ker\u00e9kp\u00e1r \u00e1ra k\u00f6r\u00fclbel\u00fcl 12,900 eur\u00f3 (5\u00a0170\u00a0000 Ft).<\/p>\n<p>A Heckler 9 egy e-bike, ami bizonyos m\u00e9rt\u00e9kig indokolja az \u00e1r\u00e1t. Kiv\u00e1l\u00f3 alkatr\u00e9szek alkotj\u00e1k: Shimano EP8 motor, egy 160 mm-es FOX 36 Float Factory villa, Reserve DH 29\u2033 karbon felnik, RockShox Super Deluxe Ultimate teleszk\u00f3p \u00e9s m\u00e9g sok m\u00e1s. Dinamikus geometri\u00e1ja, cs\u00facskateg\u00f3ri\u00e1s alkot\u00f3elemei, k\u00f6nnyeds\u00e9ge \u00e9s megb\u00edzhat\u00f3 tart\u00f3ss\u00e1ga igaz\u00e1n intenz\u00edv \u00e9lm\u00e9nyeket ny\u00fajt. A Heckler 9 kiv\u00e1l\u00f3 v\u00e1laszt\u00e1s azok sz\u00e1m\u00e1ra, akik nagyon k\u00e9nyelmes e-bring\u00e1t keresnek \u00e9s nincs sz\u00fcks\u00e9g\u00fck a ves\u00e9j\u00fckre, \u00edgy n\u00e9mi ad\u00e1s-v\u00e9tel ut\u00e1n a feketepiacon, ki tudj\u00e1k fizetni.<\/p>\n<h2><strong>Trek Madone SLR 9 eTap 2021<\/strong><\/h2>\n<p>Miut\u00e1n f\u00e9lmilli\u00f3 eur\u00f3\u00e9rt, vagyis k\u00f6r\u00fclbel\u00fcl 200 milli\u00f3 forint\u00e9rt eladtak egy ker\u00e9kp\u00e1rt, v\u00e1rhat\u00f3 volt, hogy a Trekn\u00e9l nincs meg\u00e1ll\u00e1s. Kicsit meglep\u0151 azonban, hogy ennyivel lejjebb adt\u00e1k az\u00f3ta. Szok\u00e1s szerint a Trek Madone sz\u00e9ria \u00fajabb darabja most is megfizethetetlen, az SLR 9 eTap modellj\u00fck mintegy 14\u00a0600 eur\u00f3 (5\u00a0846\u00a0000 Ft).<\/p>\n<p>A Madone SLR 9 val\u00f3ban egy remekm\u0171, ami OCLV 800 sz\u00e9nsz\u00e1lb\u00f3l k\u00e9sz\u00fclt, \u00edgy 80 grammal k\u00f6nnyebb. Egy \u00e1tlagember sz\u00e1m\u00e1ra semmit nem jelent 80 gramm, de mi tudjuk, hogy nagyobb sebess\u00e9get, hosszabb t\u00e1vokat \u00e9s k\u00f6nnyebb m\u00e1sz\u00e1st adnak egy k\u00f6nnyebb bringa mell\u00e9. A ker\u00e9kp\u00e1rt fantasztikus, \u00e1ll\u00edthat\u00f3 VR-CF korm\u00e1nnyal \u00e9s pr\u00e9mium Bontrager Aeolus RSL 51 kerekekkel szerelt\u00e9k fel. Kifinomult, 12 sebess\u00e9ges SRAM RED eTap AXS hajt\u00e1sl\u00e1nca pedig m\u00e9g \u00e9lvezetesebb\u00e9 teszi a teker\u00e9st.<\/p>\n<h2><strong>Wilier Filante SLR 2022<\/strong><\/h2>\n<p>Egy \u00fajabb darab, ami\u00e9rt \u00e9rdemes bankot robbantani. Nagyj\u00e1b\u00f3l 6 \u00e9s f\u00e9l milli\u00f3 forintt\u00f3l kell megszabadulnod (miut\u00e1n persze megszerezted), hogy ez a csoda a lak\u00e1sod \u00e9ke lehessen. Ha arra gondolsz, hogy ez a bringa a Grand Tour-okon is szerepel, nem is olyan irre\u00e1lis az \u00e1ra. Az alapmodellt m\u00e1r 9000 eur\u00f3\u00e9rt (3,6 milli\u00f3 Ft) is megveheted, de ha az igazi szt\u00e1rt szeretn\u00e9d, keresd el\u0151 a s\u00edmaszkot!<\/p>\n<p>Ez a ker\u00e9kp\u00e1r pomp\u00e1s \u00f6tv\u00f6zete a k\u00e9nyelemnek, a sebess\u00e9gnek \u00e9s az eleganci\u00e1nak. Mind\u00f6ssze 6,8 kg, a keret pedig csak 870 gramm! Hat\u00e1rozottan versenyz\u00e9sre tervezt\u00e9k, val\u00f3sz\u00edn\u0171leg nincs sz\u00fcks\u00e9ged erre a bring\u00e1ra, ha nem vagy profi. De a szerelemnek nem lehet parancsolni.<\/p>\n<h2><strong>Specialized S-Works Turbo Levo<\/strong><\/h2>\n<p>Ha k\u00edv\u00e1ncsi vagy, hogyan dobhatod ki leggyorsabban az \u00e9ves fizet\u00e9sedet az ablakon, vedd meg a vil\u00e1g legdr\u00e1g\u00e1bb hegyiker\u00e9kp\u00e1rj\u00e1t! Hogy mit kapsz a b\u00f6lcs befektet\u00e9s\u00e9rt (az elad\u00f3sod\u00e1son k\u00edv\u00fcl)? Magura MT7 els\u0151 \u00e9s h\u00e1ts\u00f3 f\u00e9keket hidraulikus t\u00e1rcs\u00e1val, SRAM XX1 Eagle AXS v\u00e1lt\u00f3t \u00e9s l\u00e1ncot \u00e9s m\u00e9g j\u00f3n\u00e9h\u00e1ny cs\u00facskateg\u00f3ri\u00e1s alkatr\u00e9szt, melyek egy igazi t\u00e1rss\u00e1 \u00e1llnak \u00f6ssze. A 29\u201d-es kerekek m\u00e9g a falra is felm\u00e1szn\u00e1nak. Az akkumul\u00e1tor v\u00e9gtelen t\u00e1mogat\u00e1st ny\u00fajt, a FACT 11m karbonv\u00e1z \u00e9s a FOX FLOAT X2 Factory teleszk\u00f3p pedig biztons\u00e1got \u00e9s k\u00f6nnyeds\u00e9get ad, b\u00e1rmilyen terepen.<\/p>\n<p>Most m\u00e1r tudod, milyen ker\u00e9kp\u00e1rokat nem engedhetsz magadnak. Ne agg\u00f3dj, nem vagy egyed\u00fcl. Ink\u00e1bb gondolj arra a sok \u00e9lm\u00e9nyre, amit szeretett \u201eolcs\u00f3\u201d bring\u00e1d adott neked, \u00e9s jutalmazd meg egy \u00fajabb k\u00f6z\u00f6s \u00fattal!<\/p>\n","protected":false},"excerpt":{"rendered":"<p>Ha azt gondolod, a szerelemnek nincs \u00e1ra, akkor m\u00e9g nyilv\u00e1n nem szerett\u00e9l bele egy ker\u00e9kp\u00e1rba. Sajnos, ha nem biztos\u00edtasz el\u00e9g [&hellip;]<\/p>\n","protected":false},"author":71,"featured_media":15570,"comment_status":"open","ping_status":"open","sticky":false,"template":"","format":"standard","meta":{"footnotes":""},"categories":[12],"tags":[],"global-categories":[],"class_list":["post-15567","post","type-post","status-publish","format-standard","has-post-thumbnail","hentry","category-kozosseg-es-kultura"],"yoast_head":"<!-- This site is optimized with the Yoast SEO Premium plugin v25.3 (Yoast SEO v25.9) - https:\/\/yoast.com\/wordpress\/plugins\/seo\/ -->\n<title>4 hihetetlen\u00fcl dr\u00e1ga bicikli<\/title>\n<meta name=\"description\" content=\"Ha azt gondolod, a szerelemnek nincs \u00e1ra, akkor m\u00e9g nyilv\u00e1n nem szerett\u00e9l bele egy ker\u00e9kp\u00e1rba. Sajnos, ha nem biztos\u00edtasz el\u00e9g hozom\u00e1nyt a bringaboltba, az \u00e9rz\u00e9s viszonzatlan marad. Besz\u00e9lj\u00fcnk h\u00e1t kicsit 2022 legdr\u00e1g\u00e1bb, piacon kaphat\u00f3 biciklijeir\u0151l, a pl\u00e1t\u00f3i szerelem megtestes\u00edt\u0151ir\u0151l!\" \/>\n<meta name=\"robots\" content=\"index, follow, max-snippet:-1, max-image-preview:large, max-video-preview:-1\" \/>\n<link rel=\"canonical\" href=\"https:\/\/www.welovecycling.com\/hu\/kozosseg-es-kultura\/4-hihetetlenul-draga-bicikli\/\" \/>\n<meta property=\"og:locale\" content=\"hu_HU\" \/>\n<meta property=\"og:type\" content=\"article\" \/>\n<meta property=\"og:title\" content=\"4 hihetetlen\u00fcl dr\u00e1ga bicikli\" \/>\n<meta property=\"og:description\" content=\"Ha azt gondolod, a szerelemnek nincs \u00e1ra, akkor m\u00e9g nyilv\u00e1n nem szerett\u00e9l bele egy ker\u00e9kp\u00e1rba. Sajnos, ha nem biztos\u00edtasz el\u00e9g hozom\u00e1nyt a bringaboltba, az \u00e9rz\u00e9s viszonzatlan marad. Besz\u00e9lj\u00fcnk h\u00e1t kicsit 2022 legdr\u00e1g\u00e1bb, piacon kaphat\u00f3 biciklijeir\u0151l, a pl\u00e1t\u00f3i szerelem megtestes\u00edt\u0151ir\u0151l!\" \/>\n<meta property=\"og:url\" content=\"https:\/\/www.welovecycling.com\/hu\/kozosseg-es-kultura\/4-hihetetlenul-draga-bicikli\/\" \/>\n<meta property=\"og:site_name\" content=\"\u0160koda We Love Cycling - Magyarorsz\u00e1g\" \/>\n<meta property=\"article:publisher\" content=\"https:\/\/www.facebook.com\/WeLoveCyclingHungary\/\" \/>\n<meta property=\"article:published_time\" content=\"2022-08-10T06:00:47+00:00\" \/>\n<meta property=\"og:image\" content=\"https:\/\/d2p6e6u75xmxt8.cloudfront.net\/12\/2022\/08\/Bicycle-handlebars-profimedia-0692672303-CVR.jpg\" \/>\n\t<meta property=\"og:image:width\" content=\"990\" \/>\n\t<meta property=\"og:image:height\" content=\"660\" \/>\n\t<meta property=\"og:image:type\" content=\"image\/jpeg\" \/>\n<meta name=\"author\" content=\"hegyizs\" \/>\n<meta name=\"twitter:card\" content=\"summary_large_image\" \/>\n<meta name=\"twitter:label1\" content=\"Written by\" \/>\n\t<meta name=\"twitter:data1\" content=\"Martin Atanasov\" \/>\n\t<meta name=\"twitter:label2\" content=\"Est. reading time\" \/>\n\t<meta name=\"twitter:data2\" content=\"7\" \/>\n<script type=\"application\/ld+json\" class=\"yoast-schema-graph\">{\"@context\":\"https:\/\/schema.org\",\"@graph\":[{\"@type\":\"WebPage\",\"@id\":\"https:\/\/www.welovecycling.com\/hu\/kozosseg-es-kultura\/4-hihetetlenul-draga-bicikli\/\",\"url\":\"https:\/\/www.welovecycling.com\/hu\/kozosseg-es-kultura\/4-hihetetlenul-draga-bicikli\/\",\"name\":\"4 hihetetlen\u00fcl dr\u00e1ga bicikli\",\"isPartOf\":{\"@id\":\"https:\/\/www.welovecycling.com\/hu\/#website\"},\"primaryImageOfPage\":{\"@id\":\"https:\/\/www.welovecycling.com\/hu\/kozosseg-es-kultura\/4-hihetetlenul-draga-bicikli\/#primaryimage\"},\"image\":{\"@id\":\"https:\/\/www.welovecycling.com\/hu\/kozosseg-es-kultura\/4-hihetetlenul-draga-bicikli\/#primaryimage\"},\"thumbnailUrl\":\"https:\/\/d2p6e6u75xmxt8.cloudfront.net\/12\/2022\/08\/Bicycle-handlebars-profimedia-0692672303-CVR.jpg\",\"datePublished\":\"2022-08-10T06:00:47+00:00\",\"author\":{\"@id\":\"https:\/\/www.welovecycling.com\/hu\/#\/schema\/person\/414a2aebf1801691a5320edb6468e194\"},\"description\":\"Ha azt gondolod, a szerelemnek nincs \u00e1ra, akkor m\u00e9g nyilv\u00e1n nem szerett\u00e9l bele egy ker\u00e9kp\u00e1rba. Sajnos, ha nem biztos\u00edtasz el\u00e9g hozom\u00e1nyt a bringaboltba, az \u00e9rz\u00e9s viszonzatlan marad. Besz\u00e9lj\u00fcnk h\u00e1t kicsit 2022 legdr\u00e1g\u00e1bb, piacon kaphat\u00f3 biciklijeir\u0151l, a pl\u00e1t\u00f3i szerelem megtestes\u00edt\u0151ir\u0151l!\",\"breadcrumb\":{\"@id\":\"https:\/\/www.welovecycling.com\/hu\/kozosseg-es-kultura\/4-hihetetlenul-draga-bicikli\/#breadcrumb\"},\"inLanguage\":\"hu\",\"potentialAction\":[{\"@type\":\"ReadAction\",\"target\":[\"https:\/\/www.welovecycling.com\/hu\/kozosseg-es-kultura\/4-hihetetlenul-draga-bicikli\/\"]}]},{\"@type\":\"ImageObject\",\"inLanguage\":\"hu\",\"@id\":\"https:\/\/www.welovecycling.com\/hu\/kozosseg-es-kultura\/4-hihetetlenul-draga-bicikli\/#primaryimage\",\"url\":\"https:\/\/d2p6e6u75xmxt8.cloudfront.net\/12\/2022\/08\/Bicycle-handlebars-profimedia-0692672303-CVR.jpg\",\"contentUrl\":\"https:\/\/d2p6e6u75xmxt8.cloudfront.net\/12\/2022\/08\/Bicycle-handlebars-profimedia-0692672303-CVR.jpg\",\"width\":990,\"height\":660,\"caption\":\"Bicycle handlebars\"},{\"@type\":\"BreadcrumbList\",\"@id\":\"https:\/\/www.welovecycling.com\/hu\/kozosseg-es-kultura\/4-hihetetlenul-draga-bicikli\/#breadcrumb\",\"itemListElement\":[{\"@type\":\"ListItem\",\"position\":1,\"name\":\"Home\",\"item\":\"https:\/\/www.welovecycling.com\/hu\/\"},{\"@type\":\"ListItem\",\"position\":2,\"name\":\"4 hihetetlen\u00fcl dr\u00e1ga bicikli\"}]},{\"@type\":\"WebSite\",\"@id\":\"https:\/\/www.welovecycling.com\/hu\/#website\",\"url\":\"https:\/\/www.welovecycling.com\/hu\/\",\"name\":\"\u0160koda We Love Cycling - Magyarorsz\u00e1g\",\"description\":\"\u0160koda WeLoveCycling\",\"potentialAction\":[{\"@type\":\"SearchAction\",\"target\":{\"@type\":\"EntryPoint\",\"urlTemplate\":\"https:\/\/www.welovecycling.com\/hu\/?s={search_term_string}\"},\"query-input\":{\"@type\":\"PropertyValueSpecification\",\"valueRequired\":true,\"valueName\":\"search_term_string\"}}],\"inLanguage\":\"hu\"},{\"@type\":\"Person\",\"@id\":\"https:\/\/www.welovecycling.com\/hu\/#\/schema\/person\/414a2aebf1801691a5320edb6468e194\",\"name\":\"hegyizs\",\"image\":{\"@type\":\"ImageObject\",\"inLanguage\":\"hu\",\"@id\":\"https:\/\/www.welovecycling.com\/hu\/#\/schema\/person\/image\/\",\"url\":\"https:\/\/secure.gravatar.com\/avatar\/02cf8a7906b8cf90cecb4679defac7cfd33a1c2e3b88e4903d947f3bb58eedd3?s=96&d=mm&r=g\",\"contentUrl\":\"https:\/\/secure.gravatar.com\/avatar\/02cf8a7906b8cf90cecb4679defac7cfd33a1c2e3b88e4903d947f3bb58eedd3?s=96&d=mm&r=g\",\"caption\":\"hegyizs\"},\"url\":\"https:\/\/www.welovecycling.com\/hu\/author\/hegyizs\/\"}]}<\/script>\n<!-- \/ Yoast SEO Premium plugin. -->","yoast_head_json":{"title":"4 hihetetlen\u00fcl dr\u00e1ga bicikli","description":"Ha azt gondolod, a szerelemnek nincs \u00e1ra, akkor m\u00e9g nyilv\u00e1n nem szerett\u00e9l bele egy ker\u00e9kp\u00e1rba. Sajnos, ha nem biztos\u00edtasz el\u00e9g hozom\u00e1nyt a bringaboltba, az \u00e9rz\u00e9s viszonzatlan marad. Besz\u00e9lj\u00fcnk h\u00e1t kicsit 2022 legdr\u00e1g\u00e1bb, piacon kaphat\u00f3 biciklijeir\u0151l, a pl\u00e1t\u00f3i szerelem megtestes\u00edt\u0151ir\u0151l!","robots":{"index":"index","follow":"follow","max-snippet":"max-snippet:-1","max-image-preview":"max-image-preview:large","max-video-preview":"max-video-preview:-1"},"canonical":"https:\/\/www.welovecycling.com\/hu\/kozosseg-es-kultura\/4-hihetetlenul-draga-bicikli\/","og_locale":"hu_HU","og_type":"article","og_title":"4 hihetetlen\u00fcl dr\u00e1ga bicikli","og_description":"Ha azt gondolod, a szerelemnek nincs \u00e1ra, akkor m\u00e9g nyilv\u00e1n nem szerett\u00e9l bele egy ker\u00e9kp\u00e1rba. Sajnos, ha nem biztos\u00edtasz el\u00e9g hozom\u00e1nyt a bringaboltba, az \u00e9rz\u00e9s viszonzatlan marad. Besz\u00e9lj\u00fcnk h\u00e1t kicsit 2022 legdr\u00e1g\u00e1bb, piacon kaphat\u00f3 biciklijeir\u0151l, a pl\u00e1t\u00f3i szerelem megtestes\u00edt\u0151ir\u0151l!","og_url":"https:\/\/www.welovecycling.com\/hu\/kozosseg-es-kultura\/4-hihetetlenul-draga-bicikli\/","og_site_name":"\u0160koda We Love Cycling - Magyarorsz\u00e1g","article_publisher":"https:\/\/www.facebook.com\/WeLoveCyclingHungary\/","article_published_time":"2022-08-10T06:00:47+00:00","og_image":[{"width":990,"height":660,"url":"https:\/\/d2p6e6u75xmxt8.cloudfront.net\/12\/2022\/08\/Bicycle-handlebars-profimedia-0692672303-CVR.jpg","type":"image\/jpeg"}],"author":"hegyizs","twitter_card":"summary_large_image","twitter_misc":{"Written by":"Martin Atanasov","Est. reading time":"7"},"schema":{"@context":"https:\/\/schema.org","@graph":[{"@type":"WebPage","@id":"https:\/\/www.welovecycling.com\/hu\/kozosseg-es-kultura\/4-hihetetlenul-draga-bicikli\/","url":"https:\/\/www.welovecycling.com\/hu\/kozosseg-es-kultura\/4-hihetetlenul-draga-bicikli\/","name":"4 hihetetlen\u00fcl dr\u00e1ga bicikli","isPartOf":{"@id":"https:\/\/www.welovecycling.com\/hu\/#website"},"primaryImageOfPage":{"@id":"https:\/\/www.welovecycling.com\/hu\/kozosseg-es-kultura\/4-hihetetlenul-draga-bicikli\/#primaryimage"},"image":{"@id":"https:\/\/www.welovecycling.com\/hu\/kozosseg-es-kultura\/4-hihetetlenul-draga-bicikli\/#primaryimage"},"thumbnailUrl":"https:\/\/d2p6e6u75xmxt8.cloudfront.net\/12\/2022\/08\/Bicycle-handlebars-profimedia-0692672303-CVR.jpg","datePublished":"2022-08-10T06:00:47+00:00","author":{"@id":"https:\/\/www.welovecycling.com\/hu\/#\/schema\/person\/414a2aebf1801691a5320edb6468e194"},"description":"Ha azt gondolod, a szerelemnek nincs \u00e1ra, akkor m\u00e9g nyilv\u00e1n nem szerett\u00e9l bele egy ker\u00e9kp\u00e1rba. Sajnos, ha nem biztos\u00edtasz el\u00e9g hozom\u00e1nyt a bringaboltba, az \u00e9rz\u00e9s viszonzatlan marad. Besz\u00e9lj\u00fcnk h\u00e1t kicsit 2022 legdr\u00e1g\u00e1bb, piacon kaphat\u00f3 biciklijeir\u0151l, a pl\u00e1t\u00f3i szerelem megtestes\u00edt\u0151ir\u0151l!","breadcrumb":{"@id":"https:\/\/www.welovecycling.com\/hu\/kozosseg-es-kultura\/4-hihetetlenul-draga-bicikli\/#breadcrumb"},"inLanguage":"hu","potentialAction":[{"@type":"ReadAction","target":["https:\/\/www.welovecycling.com\/hu\/kozosseg-es-kultura\/4-hihetetlenul-draga-bicikli\/"]}]},{"@type":"ImageObject","inLanguage":"hu","@id":"https:\/\/www.welovecycling.com\/hu\/kozosseg-es-kultura\/4-hihetetlenul-draga-bicikli\/#primaryimage","url":"https:\/\/d2p6e6u75xmxt8.cloudfront.net\/12\/2022\/08\/Bicycle-handlebars-profimedia-0692672303-CVR.jpg","contentUrl":"https:\/\/d2p6e6u75xmxt8.cloudfront.net\/12\/2022\/08\/Bicycle-handlebars-profimedia-0692672303-CVR.jpg","width":990,"height":660,"caption":"Bicycle handlebars"},{"@type":"BreadcrumbList","@id":"https:\/\/www.welovecycling.com\/hu\/kozosseg-es-kultura\/4-hihetetlenul-draga-bicikli\/#breadcrumb","itemListElement":[{"@type":"ListItem","position":1,"name":"Home","item":"https:\/\/www.welovecycling.com\/hu\/"},{"@type":"ListItem","position":2,"name":"4 hihetetlen\u00fcl dr\u00e1ga bicikli"}]},{"@type":"WebSite","@id":"https:\/\/www.welovecycling.com\/hu\/#website","url":"https:\/\/www.welovecycling.com\/hu\/","name":"\u0160koda We Love Cycling - Magyarorsz\u00e1g","description":"\u0160koda WeLoveCycling","potentialAction":[{"@type":"SearchAction","target":{"@type":"EntryPoint","urlTemplate":"https:\/\/www.welovecycling.com\/hu\/?s={search_term_string}"},"query-input":{"@type":"PropertyValueSpecification","valueRequired":true,"valueName":"search_term_string"}}],"inLanguage":"hu"},{"@type":"Person","@id":"https:\/\/www.welovecycling.com\/hu\/#\/schema\/person\/414a2aebf1801691a5320edb6468e194","name":"hegyizs","image":{"@type":"ImageObject","inLanguage":"hu","@id":"https:\/\/www.welovecycling.com\/hu\/#\/schema\/person\/image\/","url":"https:\/\/secure.gravatar.com\/avatar\/02cf8a7906b8cf90cecb4679defac7cfd33a1c2e3b88e4903d947f3bb58eedd3?s=96&d=mm&r=g","contentUrl":"https:\/\/secure.gravatar.com\/avatar\/02cf8a7906b8cf90cecb4679defac7cfd33a1c2e3b88e4903d947f3bb58eedd3?s=96&d=mm&r=g","caption":"hegyizs"},"url":"https:\/\/www.welovecycling.com\/hu\/author\/hegyizs\/"}]}},"_links":{"self":[{"href":"https:\/\/www.welovecycling.com\/hu\/wp-json\/wp\/v2\/posts\/15567","targetHints":{"allow":["GET"]}}],"collection":[{"href":"https:\/\/www.welovecycling.com\/hu\/wp-json\/wp\/v2\/posts"}],"about":[{"href":"https:\/\/www.welovecycling.com\/hu\/wp-json\/wp\/v2\/types\/post"}],"author":[{"embeddable":true,"href":"https:\/\/www.welovecycling.com\/hu\/wp-json\/wp\/v2\/users\/71"}],"replies":[{"embeddable":true,"href":"https:\/\/www.welovecycling.com\/hu\/wp-json\/wp\/v2\/comments?post=15567"}],"version-history":[{"count":2,"href":"https:\/\/www.welovecycling.com\/hu\/wp-json\/wp\/v2\/posts\/15567\/revisions"}],"predecessor-version":[{"id":15577,"href":"https:\/\/www.welovecycling.com\/hu\/wp-json\/wp\/v2\/posts\/15567\/revisions\/15577"}],"wp:featuredmedia":[{"embeddable":true,"href":"https:\/\/www.welovecycling.com\/hu\/wp-json\/wp\/v2\/media\/15570"}],"wp:attachment":[{"href":"https:\/\/www.welovecycling.com\/hu\/wp-json\/wp\/v2\/media?parent=15567"}],"wp:term":[{"taxonomy":"category","embeddable":true,"href":"https:\/\/www.welovecycling.com\/hu\/wp-json\/wp\/v2\/categories?post=15567"},{"taxonomy":"post_tag","embeddable":true,"href":"https:\/\/www.welovecycling.com\/hu\/wp-json\/wp\/v2\/tags?post=15567"},{"taxonomy":"global-categories","embeddable":true,"href":"https:\/\/www.welovecycling.com\/hu\/wp-json\/wp\/v2\/global-categories?post=15567"}],"curies":[{"name":"wp","href":"https:\/\/api.w.org\/{rel}","templated":true}]}}