{"id":15565,"date":"2022-08-09T08:00:16","date_gmt":"2022-08-09T06:00:16","guid":{"rendered":"https:\/\/www.welovecycling.com\/hu\/?p=15565"},"modified":"2022-08-05T13:31:43","modified_gmt":"2022-08-05T11:31:43","slug":"tippek-bringas-utazashoz-berles-vagy-sajat-kerekpar","status":"publish","type":"post","link":"https:\/\/www.welovecycling.com\/hu\/orszaguti-kerekpar\/tippek-bringas-utazashoz-berles-vagy-sajat-kerekpar\/","title":{"rendered":"Tippek bring\u00e1s utaz\u00e1shoz: b\u00e9rl\u00e9s vagy saj\u00e1t ker\u00e9kp\u00e1r?"},"content":{"rendered":"<p><strong>A legt\u00f6bb bring\u00e1s el sem tudja k\u00e9pzelni, hogy saj\u00e1t, szeretett j\u00e1rg\u00e1nya n\u00e9lk\u00fcl induljon vak\u00e1ci\u00f3zni. Sok mindenre kell \u00fcgyelned, ha igazi ker\u00e9kp\u00e1ros nyaral\u00e1st tervezel, \u00e9s sokszor egyszer\u0171bb helyben biciklit b\u00e9relni. Mindk\u00e9t megk\u00f6zel\u00edt\u00e9snek megvannak a maga el\u0151nyei \u00e9s h\u00e1tr\u00e1nyai. N\u00e9zz\u00fck, mik ezek!<\/strong><\/p>\n<p><!--more--><\/p>\n<h2><strong>B\u00e9relni?<\/strong><\/h2>\n<p>Egy bring\u00e1s nyaral\u00e1st valaki m\u00e1s bring\u00e1j\u00e1n elt\u00f6lteni? Rosszul hangzik, de sokat nyerhetsz vele. Sz\u00e1mos el\u0151nye van, ha a helysz\u00ednen b\u00e9relsz ker\u00e9kp\u00e1rt:<\/p>\n<ul>\n<li><strong>Megk\u00f6nny\u00edti az \u00e9leted<\/strong>. Csak le kell foglalnod, elutazni az \u00fatic\u00e9lhoz \u00e9s felvenni a m\u00e1r \u00f6sszek\u00e9sz\u00edtett j\u00e1rg\u00e1nyt, ami csak r\u00e1d v\u00e1r. Vannak olyan c\u00e9gek, akik m\u00e9g h\u00e1zhoz is viszik neked, s\u0151t, el is mennek \u00e9rte.<\/li>\n<li><strong>Kapsz egy j\u00f3l karbantartott biciklit.<\/strong> Nem kell azon t\u00f6prengened, mikor cser\u00e9lted ki utolj\u00e1ra valamelyik alkatr\u00e9szed.<\/li>\n<li><strong>Nem kell agg\u00f3dnod, hogy baja esik, vagy egyenesen l\u00e1ba k\u00e9l a biciklidnek.<\/strong> Sz\u00e1ll\u00edt\u00e1s k\u00f6zben k\u00f6nnyen megs\u00e9r\u00fclhet, r\u00e1ad\u00e1sul elakadhat a v\u00e1mon, k\u00fcl\u00f6n\u00f6sen, ha dr\u00e1ga darab.<\/li>\n<li><strong>Kipr\u00f3b\u00e1lhatsz valami \u00fajat.<\/strong> Ha van r\u00e1 lehet\u0151s\u00e9g, olyan biciklit is k\u00f6lcs\u00f6n\u00f6zhetsz, amit r\u00e9g\u00f3ta venni szeretn\u00e9l \u2013 \u00edgy ez lesz a pr\u00f3ba\u00fat!<\/li>\n<li><strong>P\u00e9nzt takar\u00edthatsz meg.<\/strong> Ha az utaz\u00e1s egy h\u00e9tn\u00e9l r\u00f6videbb, megel\u00e9gszel egy k\u00f6z\u00e9pkateg\u00f3ri\u00e1s modellel \u00e9s bicikliz\u00e9s mellett szeretn\u00e9l v\u00e1rost is n\u00e9zni, akkor jobban meg\u00e9ri b\u00e9relni.<\/li>\n<\/ul>\n<p>Ha a lehet\u0151 legegyszer\u0171bb megold\u00e1st v\u00e1lasztan\u00e1d, j\u00f3 \u00f6tlet a b\u00e9rl\u00e9s. Csak arra figyelj, hogy egy k\u00e9nyelmes, a m\u00e9reteidnek megfelel\u0151en be\u00e1ll\u00edtott ker\u00e9kp\u00e1rt kapj k\u00e9zhez!<\/p>\n<h2><strong>Magaddal vinni a saj\u00e1tod?<\/strong><\/h2>\n<p>A legt\u00f6bb ker\u00e9kp\u00e1rost nem kell meggy\u0151zni, hogy vigye mag\u00e1val saj\u00e1t bring\u00e1j\u00e1t. De ha m\u00e9gis: \u00edme, n\u00e9h\u00e1ny ok, ami\u00e9rt meg\u00e9ri:<\/p>\n<p>&#8211; <strong>K\u00e9nyelmes, \u00e9s pontosan r\u00e1d lett szabva.<\/strong> Ez egy fontos pont azok sz\u00e1m\u00e1ra, akik a teljes\u00edtm\u00e9ny\u00fckre koncentr\u00e1lnak \u00e9s a nyaral\u00e1s alatt minden nap akarnak tekerni. A k\u00e9nyelem kulcsfontoss\u00e1g\u00fa a maxim\u00e1lis \u00e9lvezethez, \u00e9s ahhoz, hogy a legt\u00f6bbet hozd ki az utaz\u00e1sb\u00f3l.<\/p>\n<p>&#8211; <strong>Magabiztosan tudod ir\u00e1ny\u00edtani.<\/strong> Ez mindenki sz\u00e1m\u00e1ra fontos, aki kih\u00edv\u00e1sokkal teli ker\u00e9kp\u00e1ros nyaral\u00e1st tervez. Lejt\u0151k\u00f6n \u00e9s sz\u0171k kanyarokban teljesen biztons\u00e1gban \u00e9rezheted magad, amit nem mondhatunk el, ha b\u00e9relt biciklin tekersz.<\/p>\n<p>&#8211; <strong>P\u00e9nzt takar\u00edthatsz meg. <\/strong>Ha nem tudod elk\u00e9pzelni, hogy a legjobb karbonv\u00e1zas modelleken k\u00edv\u00fcl m\u00e1son tekerj, akkor biztos, hogy t\u00f6bbe ker\u00fcl a b\u00e9rl\u00e9s, mint a saj\u00e1t modelled sz\u00e1ll\u00edt\u00e1si k\u00f6lts\u00e9ge. Ha pedig hossz\u00fa \u00fatra indulsz, a b\u00e9rleti d\u00edjak j\u00f3val magasabbra r\u00fagnak.<\/p>\n<p>Ha ezek a pontok fontosak sz\u00e1modra, vagy eszedbe sem jut otthon hagyni bring\u00e1d, akkor van n\u00e9h\u00e1ny fontos dolog, amit \u00e1t kell gondolnod: a sz\u00e1ll\u00edt\u00e1s sor\u00e1n v\u00e9delmet kell ny\u00fajtanod neki. A ker\u00e9kp\u00e1rtart\u00f3 dobozok \u00e9s t\u00e1sk\u00e1k nagy helyet foglalnak \u00e9s dr\u00e1g\u00e1k. Szint\u00e9n meg kell tervezni, hogyan jut el a bicikli a rept\u00e9rr\u0151l a sz\u00e1ll\u00e1sra, biztons\u00e1gosan. K\u00f6vetkez\u0151 cikk\u00fcnkben a rep\u00fcl\u00e9shez hozunk n\u00e9h\u00e1ny tippet!<\/p>\n<h2><strong>Mi a j\u00f3 d\u00f6nt\u00e9s?<\/strong><\/h2>\n<p>Ha a ker\u00e9kp\u00e1ros vak\u00e1ci\u00f3 alapvet\u0151en egy edz\u0151t\u00e1bor, akkor val\u00f3sz\u00edn\u0171leg jobb, ha a saj\u00e1t ker\u00e9kp\u00e1rodat viszed. Ha a sz\u00e1ll\u00edt\u00e1s k\u00f6lts\u00e9gei \u00e9s f\u00e1radalmai meg\u00e9rik sz\u00e1modra, akkor megint csak egy\u00e9rtelm\u0171 a v\u00e1lasz. M\u00e1sr\u00e9szt, ha a b\u00e9rl\u00e9s olcs\u00f3bban j\u00f6n ki \u00e9s m\u00e9g k\u00e9nyelmesebb is ahhoz, amire a biciklit haszn\u00e1lni szeretn\u00e9d, akkor b\u00e9relj! A nyaral\u00e1snak a k\u00e9nyelemr\u0151l kell sz\u00f3lnia, sz\u00f3val, ha nem zavar, hogy m\u00e1s nyerg\u00e9ben \u00fclsz, hagyd, hogy ez a \u201em\u00e1s\u201d foglalkozzon a t\u00f6bbivel!<\/p>\n","protected":false},"excerpt":{"rendered":"<p>A legt\u00f6bb bring\u00e1s el sem tudja k\u00e9pzelni, hogy saj\u00e1t, szeretett j\u00e1rg\u00e1nya n\u00e9lk\u00fcl induljon vak\u00e1ci\u00f3zni. Sok mindenre kell \u00fcgyelned, ha igazi [&hellip;]<\/p>\n","protected":false},"author":71,"featured_media":15566,"comment_status":"open","ping_status":"open","sticky":false,"template":"","format":"standard","meta":{"footnotes":""},"categories":[8],"tags":[],"global-categories":[],"class_list":["post-15565","post","type-post","status-publish","format-standard","has-post-thumbnail","hentry","category-orszaguti-kerekpar"],"yoast_head":"<!-- This site is optimized with the Yoast SEO Premium plugin v25.3 (Yoast SEO v25.9) - https:\/\/yoast.com\/wordpress\/plugins\/seo\/ -->\n<title>Tippek bring\u00e1s utaz\u00e1shoz: b\u00e9rl\u00e9s vagy saj\u00e1t ker\u00e9kp\u00e1r?<\/title>\n<meta name=\"description\" content=\"A legt\u00f6bb bring\u00e1s el sem tudja k\u00e9pzelni, hogy saj\u00e1t, szeretett j\u00e1rg\u00e1nya n\u00e9lk\u00fcl induljon vak\u00e1ci\u00f3zni. Sok mindenre kell \u00fcgyelned, ha igazi ker\u00e9kp\u00e1ros nyaral\u00e1st tervezel, \u00e9s sokszor egyszer\u0171bb helyben biciklit b\u00e9relni. Mindk\u00e9t megk\u00f6zel\u00edt\u00e9snek megvannak a maga el\u0151nyei \u00e9s h\u00e1tr\u00e1nyai. N\u00e9zz\u00fck, mik ezek!\" \/>\n<meta name=\"robots\" content=\"index, follow, max-snippet:-1, max-image-preview:large, max-video-preview:-1\" \/>\n<link rel=\"canonical\" href=\"https:\/\/www.welovecycling.com\/hu\/orszaguti-kerekpar\/tippek-bringas-utazashoz-berles-vagy-sajat-kerekpar\/\" \/>\n<meta property=\"og:locale\" content=\"hu_HU\" \/>\n<meta property=\"og:type\" content=\"article\" \/>\n<meta property=\"og:title\" content=\"Tippek bring\u00e1s utaz\u00e1shoz: b\u00e9rl\u00e9s vagy saj\u00e1t ker\u00e9kp\u00e1r?\" \/>\n<meta property=\"og:description\" content=\"A legt\u00f6bb bring\u00e1s el sem tudja k\u00e9pzelni, hogy saj\u00e1t, szeretett j\u00e1rg\u00e1nya n\u00e9lk\u00fcl induljon vak\u00e1ci\u00f3zni. Sok mindenre kell \u00fcgyelned, ha igazi ker\u00e9kp\u00e1ros nyaral\u00e1st tervezel, \u00e9s sokszor egyszer\u0171bb helyben biciklit b\u00e9relni. Mindk\u00e9t megk\u00f6zel\u00edt\u00e9snek megvannak a maga el\u0151nyei \u00e9s h\u00e1tr\u00e1nyai. N\u00e9zz\u00fck, mik ezek!\" \/>\n<meta property=\"og:url\" content=\"https:\/\/www.welovecycling.com\/hu\/orszaguti-kerekpar\/tippek-bringas-utazashoz-berles-vagy-sajat-kerekpar\/\" \/>\n<meta property=\"og:site_name\" content=\"\u0160koda We Love Cycling - Magyarorsz\u00e1g\" \/>\n<meta property=\"article:publisher\" content=\"https:\/\/www.facebook.com\/WeLoveCyclingHungary\/\" \/>\n<meta property=\"article:published_time\" content=\"2022-08-09T06:00:16+00:00\" \/>\n<meta property=\"og:image\" content=\"https:\/\/d2p6e6u75xmxt8.cloudfront.net\/12\/2022\/08\/qq-1.jpg\" \/>\n\t<meta property=\"og:image:width\" content=\"1366\" \/>\n\t<meta property=\"og:image:height\" content=\"600\" \/>\n\t<meta property=\"og:image:type\" content=\"image\/jpeg\" \/>\n<meta name=\"author\" content=\"hegyizs\" \/>\n<meta name=\"twitter:card\" content=\"summary_large_image\" \/>\n<meta name=\"twitter:label1\" content=\"Written by\" \/>\n\t<meta name=\"twitter:data1\" content=\"Jiri Kaloc\" \/>\n\t<meta name=\"twitter:label2\" content=\"Est. reading time\" \/>\n\t<meta name=\"twitter:data2\" content=\"5\" \/>\n<script type=\"application\/ld+json\" class=\"yoast-schema-graph\">{\"@context\":\"https:\/\/schema.org\",\"@graph\":[{\"@type\":\"WebPage\",\"@id\":\"https:\/\/www.welovecycling.com\/hu\/orszaguti-kerekpar\/tippek-bringas-utazashoz-berles-vagy-sajat-kerekpar\/\",\"url\":\"https:\/\/www.welovecycling.com\/hu\/orszaguti-kerekpar\/tippek-bringas-utazashoz-berles-vagy-sajat-kerekpar\/\",\"name\":\"Tippek bring\u00e1s utaz\u00e1shoz: b\u00e9rl\u00e9s vagy saj\u00e1t ker\u00e9kp\u00e1r?\",\"isPartOf\":{\"@id\":\"https:\/\/www.welovecycling.com\/hu\/#website\"},\"primaryImageOfPage\":{\"@id\":\"https:\/\/www.welovecycling.com\/hu\/orszaguti-kerekpar\/tippek-bringas-utazashoz-berles-vagy-sajat-kerekpar\/#primaryimage\"},\"image\":{\"@id\":\"https:\/\/www.welovecycling.com\/hu\/orszaguti-kerekpar\/tippek-bringas-utazashoz-berles-vagy-sajat-kerekpar\/#primaryimage\"},\"thumbnailUrl\":\"https:\/\/d2p6e6u75xmxt8.cloudfront.net\/12\/2022\/08\/qq-1.jpg\",\"datePublished\":\"2022-08-09T06:00:16+00:00\",\"author\":{\"@id\":\"https:\/\/www.welovecycling.com\/hu\/#\/schema\/person\/414a2aebf1801691a5320edb6468e194\"},\"description\":\"A legt\u00f6bb bring\u00e1s el sem tudja k\u00e9pzelni, hogy saj\u00e1t, szeretett j\u00e1rg\u00e1nya n\u00e9lk\u00fcl induljon vak\u00e1ci\u00f3zni. Sok mindenre kell \u00fcgyelned, ha igazi ker\u00e9kp\u00e1ros nyaral\u00e1st tervezel, \u00e9s sokszor egyszer\u0171bb helyben biciklit b\u00e9relni. Mindk\u00e9t megk\u00f6zel\u00edt\u00e9snek megvannak a maga el\u0151nyei \u00e9s h\u00e1tr\u00e1nyai. N\u00e9zz\u00fck, mik ezek!\",\"breadcrumb\":{\"@id\":\"https:\/\/www.welovecycling.com\/hu\/orszaguti-kerekpar\/tippek-bringas-utazashoz-berles-vagy-sajat-kerekpar\/#breadcrumb\"},\"inLanguage\":\"hu\",\"potentialAction\":[{\"@type\":\"ReadAction\",\"target\":[\"https:\/\/www.welovecycling.com\/hu\/orszaguti-kerekpar\/tippek-bringas-utazashoz-berles-vagy-sajat-kerekpar\/\"]}]},{\"@type\":\"ImageObject\",\"inLanguage\":\"hu\",\"@id\":\"https:\/\/www.welovecycling.com\/hu\/orszaguti-kerekpar\/tippek-bringas-utazashoz-berles-vagy-sajat-kerekpar\/#primaryimage\",\"url\":\"https:\/\/d2p6e6u75xmxt8.cloudfront.net\/12\/2022\/08\/qq-1.jpg\",\"contentUrl\":\"https:\/\/d2p6e6u75xmxt8.cloudfront.net\/12\/2022\/08\/qq-1.jpg\",\"width\":1366,\"height\":600},{\"@type\":\"BreadcrumbList\",\"@id\":\"https:\/\/www.welovecycling.com\/hu\/orszaguti-kerekpar\/tippek-bringas-utazashoz-berles-vagy-sajat-kerekpar\/#breadcrumb\",\"itemListElement\":[{\"@type\":\"ListItem\",\"position\":1,\"name\":\"Home\",\"item\":\"https:\/\/www.welovecycling.com\/hu\/\"},{\"@type\":\"ListItem\",\"position\":2,\"name\":\"Tippek bring\u00e1s utaz\u00e1shoz: b\u00e9rl\u00e9s vagy saj\u00e1t ker\u00e9kp\u00e1r?\"}]},{\"@type\":\"WebSite\",\"@id\":\"https:\/\/www.welovecycling.com\/hu\/#website\",\"url\":\"https:\/\/www.welovecycling.com\/hu\/\",\"name\":\"\u0160koda We Love Cycling - Magyarorsz\u00e1g\",\"description\":\"\u0160koda WeLoveCycling\",\"potentialAction\":[{\"@type\":\"SearchAction\",\"target\":{\"@type\":\"EntryPoint\",\"urlTemplate\":\"https:\/\/www.welovecycling.com\/hu\/?s={search_term_string}\"},\"query-input\":{\"@type\":\"PropertyValueSpecification\",\"valueRequired\":true,\"valueName\":\"search_term_string\"}}],\"inLanguage\":\"hu\"},{\"@type\":\"Person\",\"@id\":\"https:\/\/www.welovecycling.com\/hu\/#\/schema\/person\/414a2aebf1801691a5320edb6468e194\",\"name\":\"hegyizs\",\"image\":{\"@type\":\"ImageObject\",\"inLanguage\":\"hu\",\"@id\":\"https:\/\/www.welovecycling.com\/hu\/#\/schema\/person\/image\/\",\"url\":\"https:\/\/secure.gravatar.com\/avatar\/02cf8a7906b8cf90cecb4679defac7cfd33a1c2e3b88e4903d947f3bb58eedd3?s=96&d=mm&r=g\",\"contentUrl\":\"https:\/\/secure.gravatar.com\/avatar\/02cf8a7906b8cf90cecb4679defac7cfd33a1c2e3b88e4903d947f3bb58eedd3?s=96&d=mm&r=g\",\"caption\":\"hegyizs\"},\"url\":\"https:\/\/www.welovecycling.com\/hu\/author\/hegyizs\/\"}]}<\/script>\n<!-- \/ Yoast SEO Premium plugin. -->","yoast_head_json":{"title":"Tippek bring\u00e1s utaz\u00e1shoz: b\u00e9rl\u00e9s vagy saj\u00e1t ker\u00e9kp\u00e1r?","description":"A legt\u00f6bb bring\u00e1s el sem tudja k\u00e9pzelni, hogy saj\u00e1t, szeretett j\u00e1rg\u00e1nya n\u00e9lk\u00fcl induljon vak\u00e1ci\u00f3zni. Sok mindenre kell \u00fcgyelned, ha igazi ker\u00e9kp\u00e1ros nyaral\u00e1st tervezel, \u00e9s sokszor egyszer\u0171bb helyben biciklit b\u00e9relni. Mindk\u00e9t megk\u00f6zel\u00edt\u00e9snek megvannak a maga el\u0151nyei \u00e9s h\u00e1tr\u00e1nyai. N\u00e9zz\u00fck, mik ezek!","robots":{"index":"index","follow":"follow","max-snippet":"max-snippet:-1","max-image-preview":"max-image-preview:large","max-video-preview":"max-video-preview:-1"},"canonical":"https:\/\/www.welovecycling.com\/hu\/orszaguti-kerekpar\/tippek-bringas-utazashoz-berles-vagy-sajat-kerekpar\/","og_locale":"hu_HU","og_type":"article","og_title":"Tippek bring\u00e1s utaz\u00e1shoz: b\u00e9rl\u00e9s vagy saj\u00e1t ker\u00e9kp\u00e1r?","og_description":"A legt\u00f6bb bring\u00e1s el sem tudja k\u00e9pzelni, hogy saj\u00e1t, szeretett j\u00e1rg\u00e1nya n\u00e9lk\u00fcl induljon vak\u00e1ci\u00f3zni. Sok mindenre kell \u00fcgyelned, ha igazi ker\u00e9kp\u00e1ros nyaral\u00e1st tervezel, \u00e9s sokszor egyszer\u0171bb helyben biciklit b\u00e9relni. Mindk\u00e9t megk\u00f6zel\u00edt\u00e9snek megvannak a maga el\u0151nyei \u00e9s h\u00e1tr\u00e1nyai. N\u00e9zz\u00fck, mik ezek!","og_url":"https:\/\/www.welovecycling.com\/hu\/orszaguti-kerekpar\/tippek-bringas-utazashoz-berles-vagy-sajat-kerekpar\/","og_site_name":"\u0160koda We Love Cycling - Magyarorsz\u00e1g","article_publisher":"https:\/\/www.facebook.com\/WeLoveCyclingHungary\/","article_published_time":"2022-08-09T06:00:16+00:00","og_image":[{"width":1366,"height":600,"url":"https:\/\/d2p6e6u75xmxt8.cloudfront.net\/12\/2022\/08\/qq-1.jpg","type":"image\/jpeg"}],"author":"hegyizs","twitter_card":"summary_large_image","twitter_misc":{"Written by":"Jiri Kaloc","Est. reading time":"5"},"schema":{"@context":"https:\/\/schema.org","@graph":[{"@type":"WebPage","@id":"https:\/\/www.welovecycling.com\/hu\/orszaguti-kerekpar\/tippek-bringas-utazashoz-berles-vagy-sajat-kerekpar\/","url":"https:\/\/www.welovecycling.com\/hu\/orszaguti-kerekpar\/tippek-bringas-utazashoz-berles-vagy-sajat-kerekpar\/","name":"Tippek bring\u00e1s utaz\u00e1shoz: b\u00e9rl\u00e9s vagy saj\u00e1t ker\u00e9kp\u00e1r?","isPartOf":{"@id":"https:\/\/www.welovecycling.com\/hu\/#website"},"primaryImageOfPage":{"@id":"https:\/\/www.welovecycling.com\/hu\/orszaguti-kerekpar\/tippek-bringas-utazashoz-berles-vagy-sajat-kerekpar\/#primaryimage"},"image":{"@id":"https:\/\/www.welovecycling.com\/hu\/orszaguti-kerekpar\/tippek-bringas-utazashoz-berles-vagy-sajat-kerekpar\/#primaryimage"},"thumbnailUrl":"https:\/\/d2p6e6u75xmxt8.cloudfront.net\/12\/2022\/08\/qq-1.jpg","datePublished":"2022-08-09T06:00:16+00:00","author":{"@id":"https:\/\/www.welovecycling.com\/hu\/#\/schema\/person\/414a2aebf1801691a5320edb6468e194"},"description":"A legt\u00f6bb bring\u00e1s el sem tudja k\u00e9pzelni, hogy saj\u00e1t, szeretett j\u00e1rg\u00e1nya n\u00e9lk\u00fcl induljon vak\u00e1ci\u00f3zni. Sok mindenre kell \u00fcgyelned, ha igazi ker\u00e9kp\u00e1ros nyaral\u00e1st tervezel, \u00e9s sokszor egyszer\u0171bb helyben biciklit b\u00e9relni. Mindk\u00e9t megk\u00f6zel\u00edt\u00e9snek megvannak a maga el\u0151nyei \u00e9s h\u00e1tr\u00e1nyai. N\u00e9zz\u00fck, mik ezek!","breadcrumb":{"@id":"https:\/\/www.welovecycling.com\/hu\/orszaguti-kerekpar\/tippek-bringas-utazashoz-berles-vagy-sajat-kerekpar\/#breadcrumb"},"inLanguage":"hu","potentialAction":[{"@type":"ReadAction","target":["https:\/\/www.welovecycling.com\/hu\/orszaguti-kerekpar\/tippek-bringas-utazashoz-berles-vagy-sajat-kerekpar\/"]}]},{"@type":"ImageObject","inLanguage":"hu","@id":"https:\/\/www.welovecycling.com\/hu\/orszaguti-kerekpar\/tippek-bringas-utazashoz-berles-vagy-sajat-kerekpar\/#primaryimage","url":"https:\/\/d2p6e6u75xmxt8.cloudfront.net\/12\/2022\/08\/qq-1.jpg","contentUrl":"https:\/\/d2p6e6u75xmxt8.cloudfront.net\/12\/2022\/08\/qq-1.jpg","width":1366,"height":600},{"@type":"BreadcrumbList","@id":"https:\/\/www.welovecycling.com\/hu\/orszaguti-kerekpar\/tippek-bringas-utazashoz-berles-vagy-sajat-kerekpar\/#breadcrumb","itemListElement":[{"@type":"ListItem","position":1,"name":"Home","item":"https:\/\/www.welovecycling.com\/hu\/"},{"@type":"ListItem","position":2,"name":"Tippek bring\u00e1s utaz\u00e1shoz: b\u00e9rl\u00e9s vagy saj\u00e1t ker\u00e9kp\u00e1r?"}]},{"@type":"WebSite","@id":"https:\/\/www.welovecycling.com\/hu\/#website","url":"https:\/\/www.welovecycling.com\/hu\/","name":"\u0160koda We Love Cycling - Magyarorsz\u00e1g","description":"\u0160koda WeLoveCycling","potentialAction":[{"@type":"SearchAction","target":{"@type":"EntryPoint","urlTemplate":"https:\/\/www.welovecycling.com\/hu\/?s={search_term_string}"},"query-input":{"@type":"PropertyValueSpecification","valueRequired":true,"valueName":"search_term_string"}}],"inLanguage":"hu"},{"@type":"Person","@id":"https:\/\/www.welovecycling.com\/hu\/#\/schema\/person\/414a2aebf1801691a5320edb6468e194","name":"hegyizs","image":{"@type":"ImageObject","inLanguage":"hu","@id":"https:\/\/www.welovecycling.com\/hu\/#\/schema\/person\/image\/","url":"https:\/\/secure.gravatar.com\/avatar\/02cf8a7906b8cf90cecb4679defac7cfd33a1c2e3b88e4903d947f3bb58eedd3?s=96&d=mm&r=g","contentUrl":"https:\/\/secure.gravatar.com\/avatar\/02cf8a7906b8cf90cecb4679defac7cfd33a1c2e3b88e4903d947f3bb58eedd3?s=96&d=mm&r=g","caption":"hegyizs"},"url":"https:\/\/www.welovecycling.com\/hu\/author\/hegyizs\/"}]}},"_links":{"self":[{"href":"https:\/\/www.welovecycling.com\/hu\/wp-json\/wp\/v2\/posts\/15565","targetHints":{"allow":["GET"]}}],"collection":[{"href":"https:\/\/www.welovecycling.com\/hu\/wp-json\/wp\/v2\/posts"}],"about":[{"href":"https:\/\/www.welovecycling.com\/hu\/wp-json\/wp\/v2\/types\/post"}],"author":[{"embeddable":true,"href":"https:\/\/www.welovecycling.com\/hu\/wp-json\/wp\/v2\/users\/71"}],"replies":[{"embeddable":true,"href":"https:\/\/www.welovecycling.com\/hu\/wp-json\/wp\/v2\/comments?post=15565"}],"version-history":[{"count":1,"href":"https:\/\/www.welovecycling.com\/hu\/wp-json\/wp\/v2\/posts\/15565\/revisions"}],"predecessor-version":[{"id":15576,"href":"https:\/\/www.welovecycling.com\/hu\/wp-json\/wp\/v2\/posts\/15565\/revisions\/15576"}],"wp:featuredmedia":[{"embeddable":true,"href":"https:\/\/www.welovecycling.com\/hu\/wp-json\/wp\/v2\/media\/15566"}],"wp:attachment":[{"href":"https:\/\/www.welovecycling.com\/hu\/wp-json\/wp\/v2\/media?parent=15565"}],"wp:term":[{"taxonomy":"category","embeddable":true,"href":"https:\/\/www.welovecycling.com\/hu\/wp-json\/wp\/v2\/categories?post=15565"},{"taxonomy":"post_tag","embeddable":true,"href":"https:\/\/www.welovecycling.com\/hu\/wp-json\/wp\/v2\/tags?post=15565"},{"taxonomy":"global-categories","embeddable":true,"href":"https:\/\/www.welovecycling.com\/hu\/wp-json\/wp\/v2\/global-categories?post=15565"}],"curies":[{"name":"wp","href":"https:\/\/api.w.org\/{rel}","templated":true}]}}