{"id":15561,"date":"2022-08-08T08:00:46","date_gmt":"2022-08-08T06:00:46","guid":{"rendered":"https:\/\/www.welovecycling.com\/hu\/?p=15561"},"modified":"2022-08-05T13:31:03","modified_gmt":"2022-08-05T11:31:03","slug":"a-strade-bianche-hires-utjai-testkozelbol","status":"publish","type":"post","link":"https:\/\/www.welovecycling.com\/hu\/orszaguti-kerekpar\/a-strade-bianche-hires-utjai-testkozelbol\/","title":{"rendered":"A Strade Bianche h\u00edres \u00fatjai, testk\u00f6zelb\u0151l"},"content":{"rendered":"<p><strong>Az olasz Strade Bianche kifejez\u00e9s a finom, feh\u00e9r z\u00fazott kavicsokos, v\u00e9gtelennek t\u0171n\u0151 utakra utal, melyek ker\u00e9kp\u00e1rosok ezreit vonzz\u00e1k minden \u00e9vben az olasz Toszk\u00e1n\u00e1ba. K\u00e9t nagyszer\u0171 verseny, a profi UCI Strada Bianca \u00e9s a t\u00f6rt\u00e9nelmi, L\u2019Eroica nev\u0171 futam inspir\u00e1lja a kerekeseket, hogy a saj\u00e1tos feh\u00e9r utakon tekerjenek. Mit v\u00e1rhatunk az autentikus Strade Bianche-\u00e9lm\u00e9nyt\u0151l?<\/strong><\/p>\n<p><!--more--><\/p>\n<p>A profi versenyz\u0151k a teljes, t\u00f6bb mint 200 km-es \u00fatvonalat egy nap alatt megteszik, egy \u00e1tlagos ker\u00e9kp\u00e1ros viszont kihaszn\u00e1lhatja, hogy a teljes r\u00e9szt t\u00f6bb szakaszra lehet osztani.<em> \u201eH\u00e1rom r\u00e9szre osztottuk az \u00fatvonalat, mindegyik legfeljebb 80 km-es volt. Nem rohantunk sehova, ink\u00e1bb \u00e9lvezt\u00fck a teker\u00e9st\u201d <\/em>\u2013 mondta a pr\u00e1gai Tom\u00e1\u0161 Jan\u010d\u00e1rek, aki m\u00e1r \u00e9vek \u00f3ta v\u00e1rta, hogy \u00e1t\u00e9lhesse a Strade Bianche-\u00e9lm\u00e9nyt, \u00e9s v\u00e9g\u00fcl id\u00e9n eljutott Toszk\u00e1n\u00e1ba, feles\u00e9ge k\u00eds\u00e9ret\u00e9ben.<\/p>\n<p>Sokan azt vallj\u00e1k, \u00e9rdemes kevesebbet k\u00f3stolni a verejt\u00e9kez\u0151s k\u00fczdelemb\u0151l \u00e9s t\u00f6bbet a helyi borb\u00f3l. <em>\u201eHa az a t\u00edpus vagy, aki szeret idegenekkel besz\u00e9lgetni, meg\u00e1llhatsz valamelyik tany\u00e1n\u00e1l, \u00e9s ha van egy kis szerencs\u00e9d, beh\u00edvnak egy poh\u00e1r v\u00edzre vagy borra. A nagylelk\u0171 helyiek nem k\u00e9rnek p\u00e9nzt\u201d<\/em> \u2013 mondta Tom\u00e1\u0161.<\/p>\n<figure id=\"attachment_15562\" aria-describedby=\"caption-attachment-15562\" style=\"width: 1024px\" class=\"wp-caption alignnone\"><a href=\"https:\/\/d2p6e6u75xmxt8.cloudfront.net\/12\/2022\/08\/Tuscany-1.JPG.jpg\"><img loading=\"lazy\" decoding=\"async\" class=\"wp-image-15562 size-full\" src=\"https:\/\/d2p6e6u75xmxt8.cloudfront.net\/12\/2022\/08\/Tuscany-1.JPG.jpg\" alt=\"Tuscany countryside\" width=\"1024\" height=\"710\" srcset=\"https:\/\/d2p6e6u75xmxt8.cloudfront.net\/12\/2022\/08\/Tuscany-1.JPG.jpg 1024w, https:\/\/d2p6e6u75xmxt8.cloudfront.net\/12\/2022\/08\/Tuscany-1.JPG-300x208.jpg 300w, https:\/\/d2p6e6u75xmxt8.cloudfront.net\/12\/2022\/08\/Tuscany-1.JPG-768x533.jpg 768w\" sizes=\"auto, (max-width: 1024px) 100vw, 1024px\" \/><\/a><figcaption id=\"caption-attachment-15562\" class=\"wp-caption-text\"><em>\u00c9rdemes kevesebbet k\u00f3stolni a verejt\u00e9kez\u0151s k\u00fczdelemb\u0151l \u00e9s t\u00f6bbet a helyi borb\u00f3l.<\/em><\/figcaption><\/figure>\n<div id='gallery-1' class='gallery galleryid-15561 gallery-columns-2 gallery-size-large'><figure class='gallery-item'>\n\t\t\t<div class='gallery-icon landscape'>\n\t\t\t\t<a href='https:\/\/d2p6e6u75xmxt8.cloudfront.net\/12\/2022\/08\/Tuscany-2.JPG.jpg'><img loading=\"lazy\" decoding=\"async\" width=\"1024\" height=\"702\" src=\"https:\/\/d2p6e6u75xmxt8.cloudfront.net\/12\/2022\/08\/Tuscany-2.JPG.jpg\" class=\"attachment-large size-large\" alt=\"\" srcset=\"https:\/\/d2p6e6u75xmxt8.cloudfront.net\/12\/2022\/08\/Tuscany-2.JPG.jpg 1024w, https:\/\/d2p6e6u75xmxt8.cloudfront.net\/12\/2022\/08\/Tuscany-2.JPG-300x206.jpg 300w, https:\/\/d2p6e6u75xmxt8.cloudfront.net\/12\/2022\/08\/Tuscany-2.JPG-768x527.jpg 768w\" sizes=\"auto, (max-width: 1024px) 100vw, 1024px\" \/><\/a>\n\t\t\t<\/div><\/figure><figure class='gallery-item'>\n\t\t\t<div class='gallery-icon landscape'>\n\t\t\t\t<a href='https:\/\/d2p6e6u75xmxt8.cloudfront.net\/12\/2022\/08\/Tuscany-3.JPG.jpg'><img loading=\"lazy\" decoding=\"async\" width=\"1024\" height=\"817\" src=\"https:\/\/d2p6e6u75xmxt8.cloudfront.net\/12\/2022\/08\/Tuscany-3.JPG.jpg\" class=\"attachment-large size-large\" alt=\"\" srcset=\"https:\/\/d2p6e6u75xmxt8.cloudfront.net\/12\/2022\/08\/Tuscany-3.JPG.jpg 1024w, https:\/\/d2p6e6u75xmxt8.cloudfront.net\/12\/2022\/08\/Tuscany-3.JPG-300x239.jpg 300w, https:\/\/d2p6e6u75xmxt8.cloudfront.net\/12\/2022\/08\/Tuscany-3.JPG-768x613.jpg 768w\" sizes=\"auto, (max-width: 1024px) 100vw, 1024px\" \/><\/a>\n\t\t\t<\/div><\/figure>\n\t\t<\/div>\n\n<p>A bring\u00e1sok azt tan\u00e1csolj\u00e1k, hogy t\u00f6bb vizet vigy\u00e9l magaddal a szok\u00e1sosn\u00e1l. M\u00e1r tavasszal \u00e9s m\u00e9g \u0151sszel is v\u00e9gig s\u00fcti az utat a nap, ny\u00e1ron pedig az olasz h\u0151s\u00e9g \u00fagy k\u00eds\u00e9r v\u00e9gig, mintha szaun\u00e1ban lenn\u00e9l. A toszk\u00e1n \u00e9lelmiszerboltok bizonytalan nyitvatart\u00e1sa miatt szint\u00e9n fontos a saj\u00e1t v\u00edzell\u00e1t\u00e1s. <em>\u201eVolt, hogy egy \u00f3r\u00e1t v\u00e1rtunk, hogy kinyisson egy \u00fczlet<\/em>\u201d \u2013 nevet Tom\u00e1\u0161, de azt is hozz\u00e1teszi, hogy Toszk\u00e1n\u00e1ban nem lehet \u00e9hezni, mert minden v\u00e1rosban \u00e9s faluban elfogyaszthatsz egy finom eb\u00e9det, k\u00e1v\u00e9t vagy fagyit.<\/p>\n<p><em>\u201eEgy\u00e9rtelm\u0171en a gravel bring\u00e1k a legjobbak ide<\/em>\u201d \u2013 \u00e1ll\u00edtotta. A murv\u00e1s \u00faton k\u00e9nyelmetlen, s\u0151t, n\u00e9ha lehetetlen hagyom\u00e1nyos orsz\u00e1g\u00fatival k\u00f6zlekedni, egy mountain bike pedig nagyon lelass\u00edt.<\/p>\n<p>A teljes \u00fatvonal 70 sz\u00e1zal\u00e9k\u00e1t a h\u00edres feh\u00e9r murv\u00e1s \u00fat teszi ki, a t\u00f6bbi pedig aszfaltozott. Ha kavicsokr\u00f3l van sz\u00f3, sok biciklis megborzong, mert a durva k\u00f6ves utak m\u00e9g a montis gumikat is k\u00e9pesek \u00e1tlyukasztani. Toszk\u00e1n\u00e1ban viszont eg\u00e9szen m\u00e1s a helyzet. A b\u00e9zs kavicsokt\u00f3l a finom feh\u00e9r murv\u00e1ig a terep h\u00edresen bringa-bar\u00e1t.<\/p>\n<p><em>\u201eEgy nyeregben t\u00f6lt\u00f6tt nap ut\u00e1n az ember megszokja a terepet, \u00e9s m\u00e1r nem ker\u00fcl nagyobb er\u0151fesz\u00edt\u00e9sbe tekerni rajta<\/em>\u201d \u2013 mondta Tom\u00e1\u0161. Azonban semmik\u00e9ppen sem hasonl\u00edthat\u00f3 ahhoz, amit az emberek megszoktak a sima aszfaltos utakon. Meglehet\u0151sen g\u00f6r\u00f6ngy\u00f6s \u00e9s ig\u00e9nyel n\u00e9mi montis tapasztalatot.<\/p>\n<p>Sok biciklis sz\u00e1m\u00e1ra k\u00ednos meglepet\u00e9st okozhatnak a hegyek \u2013 a k\u00e9peslapokon csak puh\u00e1n hull\u00e1mz\u00f3 dombocsk\u00e1k l\u00e1tszanak, de ez a megnyugtat\u00f3 ill\u00fazi\u00f3 az els\u0151 t\u00edz kilom\u00e9teres, 12%-os emelked\u0151 ut\u00e1n elillan. Ez a szakasz Montalcino faluj\u00e1ba vezet. A legt\u00f6bb domb az \u00fatvonal \u00e9szaki r\u00e9sz\u00e9n tal\u00e1lhat\u00f3, de az\u00e9rt a d\u00e9li szakaszon is lehet m\u00e1szni.<\/p>\n<p><em>\u201eA teljes szintemelked\u00e9s k\u00f6r\u00fclbel\u00fcl 3000 m\u00e9ter, nem csoda, hogy annyi e-bring\u00e1st l\u00e1tni errefel\u00e9\u201d \u2013<\/em> mondta a cseh biciklis.<\/p>\n<p>Az \u00e9szaki \u00e9s d\u00e9li r\u00e9szek k\u00f6zti k\u00fcl\u00f6nbs\u00e9g a n\u00f6v\u00e9nyzeten is l\u00e1tszik. M\u00edg \u00e9szakon az utakat t\u00f6lgyesek \u00e9s fenyvesek szeg\u00e9lyezik, addig a d\u00e9li utak hatalmas mez\u0151k\u00f6n haladnak \u00e1t, melyek egy\u00e1ltal\u00e1n nem adnak \u00e1rny\u00e9kot.<\/p>\n<p>B\u00e1r sokan agg\u00f3dnak a por miatt, val\u00f3j\u00e1ban ez a probl\u00e9ma egy\u00e1ltal\u00e1n nem v\u00e9szes. Az olasz forgalom miatt az utak n\u00e9ha aut\u00f3versenyp\u00e1ly\u00e1nak t\u0171nnek, de a feh\u00e9r kavicsos \u00faton \u00f3r\u00e1nk\u00e9nt, ha elhalad egy-egy aut\u00f3. A port ink\u00e1bb a traktorok kavarj\u00e1k fel. <em>\u201eTapasztalataim szerint a farmerek nagyon figyelmesek, mindig f\u00e9lre\u00e1llnak \u00e9s elengednek.\u201d<\/em><\/p>\n<p>A Strade Bianche \u00fatjain tekerni igazi kih\u00edv\u00e1s, \u00e9s ahogy a profik is elismerik, semmi m\u00e1shoz nem hasonl\u00edthat\u00f3 \u00e9lm\u00e9ny. <em>\u201eNagyon izgatottak voltunk a t\u00fara sor\u00e1n \u00e9s rem\u00e9lj\u00fck, hamarosan visszat\u00e9r\u00fcnk m\u00e9g a feh\u00e9r utakra!\u201d<\/em><\/p>\n","protected":false},"excerpt":{"rendered":"<p>Az olasz Strade Bianche kifejez\u00e9s a finom, feh\u00e9r z\u00fazott kavicsokos, v\u00e9gtelennek t\u0171n\u0151 utakra utal, melyek ker\u00e9kp\u00e1rosok ezreit vonzz\u00e1k minden \u00e9vben [&hellip;]<\/p>\n","protected":false},"author":71,"featured_media":15564,"comment_status":"open","ping_status":"open","sticky":false,"template":"","format":"standard","meta":{"footnotes":""},"categories":[8],"tags":[],"global-categories":[],"class_list":["post-15561","post","type-post","status-publish","format-standard","has-post-thumbnail","hentry","category-orszaguti-kerekpar"],"yoast_head":"<!-- This site is optimized with the Yoast SEO Premium plugin v25.3 (Yoast SEO v25.9) - https:\/\/yoast.com\/wordpress\/plugins\/seo\/ -->\n<title>A Strade Bianche h\u00edres \u00fatjai, testk\u00f6zelb\u0151l<\/title>\n<meta name=\"description\" content=\"Az olasz Strade Bianche kifejez\u00e9s a finom, feh\u00e9r z\u00fazott kavicsokos, v\u00e9gtelennek t\u0171n\u0151 utakra utal, melyek ker\u00e9kp\u00e1rosok ezreit vonzz\u00e1k minden \u00e9vben az olasz Toszk\u00e1n\u00e1ba. K\u00e9t nagyszer\u0171 verseny, a profi UCI Strada Bianca \u00e9s a t\u00f6rt\u00e9nelmi, L\u2019Eroica nev\u0171 futam inspir\u00e1lja a kerekeseket, hogy a saj\u00e1tos feh\u00e9r utakon tekerjenek. Mit v\u00e1rhatunk az autentikus Strade Bianche-\u00e9lm\u00e9nyt\u0151l?\" \/>\n<meta name=\"robots\" content=\"index, follow, max-snippet:-1, max-image-preview:large, max-video-preview:-1\" \/>\n<link rel=\"canonical\" href=\"https:\/\/www.welovecycling.com\/hu\/orszaguti-kerekpar\/a-strade-bianche-hires-utjai-testkozelbol\/\" \/>\n<meta property=\"og:locale\" content=\"hu_HU\" \/>\n<meta property=\"og:type\" content=\"article\" \/>\n<meta property=\"og:title\" content=\"A Strade Bianche h\u00edres \u00fatjai, testk\u00f6zelb\u0151l\" \/>\n<meta property=\"og:description\" content=\"Az olasz Strade Bianche kifejez\u00e9s a finom, feh\u00e9r z\u00fazott kavicsokos, v\u00e9gtelennek t\u0171n\u0151 utakra utal, melyek ker\u00e9kp\u00e1rosok ezreit vonzz\u00e1k minden \u00e9vben az olasz Toszk\u00e1n\u00e1ba. K\u00e9t nagyszer\u0171 verseny, a profi UCI Strada Bianca \u00e9s a t\u00f6rt\u00e9nelmi, L\u2019Eroica nev\u0171 futam inspir\u00e1lja a kerekeseket, hogy a saj\u00e1tos feh\u00e9r utakon tekerjenek. Mit v\u00e1rhatunk az autentikus Strade Bianche-\u00e9lm\u00e9nyt\u0151l?\" \/>\n<meta property=\"og:url\" content=\"https:\/\/www.welovecycling.com\/hu\/orszaguti-kerekpar\/a-strade-bianche-hires-utjai-testkozelbol\/\" \/>\n<meta property=\"og:site_name\" content=\"\u0160koda We Love Cycling - Magyarorsz\u00e1g\" \/>\n<meta property=\"article:publisher\" content=\"https:\/\/www.facebook.com\/WeLoveCyclingHungary\/\" \/>\n<meta property=\"article:published_time\" content=\"2022-08-08T06:00:46+00:00\" \/>\n<meta property=\"og:image\" content=\"https:\/\/d2p6e6u75xmxt8.cloudfront.net\/12\/2022\/08\/Strade-Bianche-Adam-CVR.jpg\" \/>\n\t<meta property=\"og:image:width\" content=\"990\" \/>\n\t<meta property=\"og:image:height\" content=\"660\" \/>\n\t<meta property=\"og:image:type\" content=\"image\/jpeg\" \/>\n<meta name=\"author\" content=\"hegyizs\" \/>\n<meta name=\"twitter:card\" content=\"summary_large_image\" \/>\n<meta name=\"twitter:label1\" content=\"Written by\" \/>\n\t<meta name=\"twitter:data1\" content=\"Adam Marsal\" \/>\n\t<meta name=\"twitter:label2\" content=\"Est. reading time\" \/>\n\t<meta name=\"twitter:data2\" content=\"5\" \/>\n<script type=\"application\/ld+json\" class=\"yoast-schema-graph\">{\"@context\":\"https:\/\/schema.org\",\"@graph\":[{\"@type\":\"WebPage\",\"@id\":\"https:\/\/www.welovecycling.com\/hu\/orszaguti-kerekpar\/a-strade-bianche-hires-utjai-testkozelbol\/\",\"url\":\"https:\/\/www.welovecycling.com\/hu\/orszaguti-kerekpar\/a-strade-bianche-hires-utjai-testkozelbol\/\",\"name\":\"A Strade Bianche h\u00edres \u00fatjai, testk\u00f6zelb\u0151l\",\"isPartOf\":{\"@id\":\"https:\/\/www.welovecycling.com\/hu\/#website\"},\"primaryImageOfPage\":{\"@id\":\"https:\/\/www.welovecycling.com\/hu\/orszaguti-kerekpar\/a-strade-bianche-hires-utjai-testkozelbol\/#primaryimage\"},\"image\":{\"@id\":\"https:\/\/www.welovecycling.com\/hu\/orszaguti-kerekpar\/a-strade-bianche-hires-utjai-testkozelbol\/#primaryimage\"},\"thumbnailUrl\":\"https:\/\/d2p6e6u75xmxt8.cloudfront.net\/12\/2022\/08\/Strade-Bianche-Adam-CVR.jpg\",\"datePublished\":\"2022-08-08T06:00:46+00:00\",\"author\":{\"@id\":\"https:\/\/www.welovecycling.com\/hu\/#\/schema\/person\/414a2aebf1801691a5320edb6468e194\"},\"description\":\"Az olasz Strade Bianche kifejez\u00e9s a finom, feh\u00e9r z\u00fazott kavicsokos, v\u00e9gtelennek t\u0171n\u0151 utakra utal, melyek ker\u00e9kp\u00e1rosok ezreit vonzz\u00e1k minden \u00e9vben az olasz Toszk\u00e1n\u00e1ba. K\u00e9t nagyszer\u0171 verseny, a profi UCI Strada Bianca \u00e9s a t\u00f6rt\u00e9nelmi, L\u2019Eroica nev\u0171 futam inspir\u00e1lja a kerekeseket, hogy a saj\u00e1tos feh\u00e9r utakon tekerjenek. Mit v\u00e1rhatunk az autentikus Strade Bianche-\u00e9lm\u00e9nyt\u0151l?\",\"breadcrumb\":{\"@id\":\"https:\/\/www.welovecycling.com\/hu\/orszaguti-kerekpar\/a-strade-bianche-hires-utjai-testkozelbol\/#breadcrumb\"},\"inLanguage\":\"hu\",\"potentialAction\":[{\"@type\":\"ReadAction\",\"target\":[\"https:\/\/www.welovecycling.com\/hu\/orszaguti-kerekpar\/a-strade-bianche-hires-utjai-testkozelbol\/\"]}]},{\"@type\":\"ImageObject\",\"inLanguage\":\"hu\",\"@id\":\"https:\/\/www.welovecycling.com\/hu\/orszaguti-kerekpar\/a-strade-bianche-hires-utjai-testkozelbol\/#primaryimage\",\"url\":\"https:\/\/d2p6e6u75xmxt8.cloudfront.net\/12\/2022\/08\/Strade-Bianche-Adam-CVR.jpg\",\"contentUrl\":\"https:\/\/d2p6e6u75xmxt8.cloudfront.net\/12\/2022\/08\/Strade-Bianche-Adam-CVR.jpg\",\"width\":990,\"height\":660,\"caption\":\"Strade Bianche\"},{\"@type\":\"BreadcrumbList\",\"@id\":\"https:\/\/www.welovecycling.com\/hu\/orszaguti-kerekpar\/a-strade-bianche-hires-utjai-testkozelbol\/#breadcrumb\",\"itemListElement\":[{\"@type\":\"ListItem\",\"position\":1,\"name\":\"Home\",\"item\":\"https:\/\/www.welovecycling.com\/hu\/\"},{\"@type\":\"ListItem\",\"position\":2,\"name\":\"A Strade Bianche h\u00edres \u00fatjai, testk\u00f6zelb\u0151l\"}]},{\"@type\":\"WebSite\",\"@id\":\"https:\/\/www.welovecycling.com\/hu\/#website\",\"url\":\"https:\/\/www.welovecycling.com\/hu\/\",\"name\":\"\u0160koda We Love Cycling - Magyarorsz\u00e1g\",\"description\":\"\u0160koda WeLoveCycling\",\"potentialAction\":[{\"@type\":\"SearchAction\",\"target\":{\"@type\":\"EntryPoint\",\"urlTemplate\":\"https:\/\/www.welovecycling.com\/hu\/?s={search_term_string}\"},\"query-input\":{\"@type\":\"PropertyValueSpecification\",\"valueRequired\":true,\"valueName\":\"search_term_string\"}}],\"inLanguage\":\"hu\"},{\"@type\":\"Person\",\"@id\":\"https:\/\/www.welovecycling.com\/hu\/#\/schema\/person\/414a2aebf1801691a5320edb6468e194\",\"name\":\"hegyizs\",\"image\":{\"@type\":\"ImageObject\",\"inLanguage\":\"hu\",\"@id\":\"https:\/\/www.welovecycling.com\/hu\/#\/schema\/person\/image\/\",\"url\":\"https:\/\/secure.gravatar.com\/avatar\/02cf8a7906b8cf90cecb4679defac7cfd33a1c2e3b88e4903d947f3bb58eedd3?s=96&d=mm&r=g\",\"contentUrl\":\"https:\/\/secure.gravatar.com\/avatar\/02cf8a7906b8cf90cecb4679defac7cfd33a1c2e3b88e4903d947f3bb58eedd3?s=96&d=mm&r=g\",\"caption\":\"hegyizs\"},\"url\":\"https:\/\/www.welovecycling.com\/hu\/author\/hegyizs\/\"}]}<\/script>\n<!-- \/ Yoast SEO Premium plugin. -->","yoast_head_json":{"title":"A Strade Bianche h\u00edres \u00fatjai, testk\u00f6zelb\u0151l","description":"Az olasz Strade Bianche kifejez\u00e9s a finom, feh\u00e9r z\u00fazott kavicsokos, v\u00e9gtelennek t\u0171n\u0151 utakra utal, melyek ker\u00e9kp\u00e1rosok ezreit vonzz\u00e1k minden \u00e9vben az olasz Toszk\u00e1n\u00e1ba. K\u00e9t nagyszer\u0171 verseny, a profi UCI Strada Bianca \u00e9s a t\u00f6rt\u00e9nelmi, L\u2019Eroica nev\u0171 futam inspir\u00e1lja a kerekeseket, hogy a saj\u00e1tos feh\u00e9r utakon tekerjenek. Mit v\u00e1rhatunk az autentikus Strade Bianche-\u00e9lm\u00e9nyt\u0151l?","robots":{"index":"index","follow":"follow","max-snippet":"max-snippet:-1","max-image-preview":"max-image-preview:large","max-video-preview":"max-video-preview:-1"},"canonical":"https:\/\/www.welovecycling.com\/hu\/orszaguti-kerekpar\/a-strade-bianche-hires-utjai-testkozelbol\/","og_locale":"hu_HU","og_type":"article","og_title":"A Strade Bianche h\u00edres \u00fatjai, testk\u00f6zelb\u0151l","og_description":"Az olasz Strade Bianche kifejez\u00e9s a finom, feh\u00e9r z\u00fazott kavicsokos, v\u00e9gtelennek t\u0171n\u0151 utakra utal, melyek ker\u00e9kp\u00e1rosok ezreit vonzz\u00e1k minden \u00e9vben az olasz Toszk\u00e1n\u00e1ba. K\u00e9t nagyszer\u0171 verseny, a profi UCI Strada Bianca \u00e9s a t\u00f6rt\u00e9nelmi, L\u2019Eroica nev\u0171 futam inspir\u00e1lja a kerekeseket, hogy a saj\u00e1tos feh\u00e9r utakon tekerjenek. Mit v\u00e1rhatunk az autentikus Strade Bianche-\u00e9lm\u00e9nyt\u0151l?","og_url":"https:\/\/www.welovecycling.com\/hu\/orszaguti-kerekpar\/a-strade-bianche-hires-utjai-testkozelbol\/","og_site_name":"\u0160koda We Love Cycling - Magyarorsz\u00e1g","article_publisher":"https:\/\/www.facebook.com\/WeLoveCyclingHungary\/","article_published_time":"2022-08-08T06:00:46+00:00","og_image":[{"width":990,"height":660,"url":"https:\/\/d2p6e6u75xmxt8.cloudfront.net\/12\/2022\/08\/Strade-Bianche-Adam-CVR.jpg","type":"image\/jpeg"}],"author":"hegyizs","twitter_card":"summary_large_image","twitter_misc":{"Written by":"Adam Marsal","Est. reading time":"5"},"schema":{"@context":"https:\/\/schema.org","@graph":[{"@type":"WebPage","@id":"https:\/\/www.welovecycling.com\/hu\/orszaguti-kerekpar\/a-strade-bianche-hires-utjai-testkozelbol\/","url":"https:\/\/www.welovecycling.com\/hu\/orszaguti-kerekpar\/a-strade-bianche-hires-utjai-testkozelbol\/","name":"A Strade Bianche h\u00edres \u00fatjai, testk\u00f6zelb\u0151l","isPartOf":{"@id":"https:\/\/www.welovecycling.com\/hu\/#website"},"primaryImageOfPage":{"@id":"https:\/\/www.welovecycling.com\/hu\/orszaguti-kerekpar\/a-strade-bianche-hires-utjai-testkozelbol\/#primaryimage"},"image":{"@id":"https:\/\/www.welovecycling.com\/hu\/orszaguti-kerekpar\/a-strade-bianche-hires-utjai-testkozelbol\/#primaryimage"},"thumbnailUrl":"https:\/\/d2p6e6u75xmxt8.cloudfront.net\/12\/2022\/08\/Strade-Bianche-Adam-CVR.jpg","datePublished":"2022-08-08T06:00:46+00:00","author":{"@id":"https:\/\/www.welovecycling.com\/hu\/#\/schema\/person\/414a2aebf1801691a5320edb6468e194"},"description":"Az olasz Strade Bianche kifejez\u00e9s a finom, feh\u00e9r z\u00fazott kavicsokos, v\u00e9gtelennek t\u0171n\u0151 utakra utal, melyek ker\u00e9kp\u00e1rosok ezreit vonzz\u00e1k minden \u00e9vben az olasz Toszk\u00e1n\u00e1ba. K\u00e9t nagyszer\u0171 verseny, a profi UCI Strada Bianca \u00e9s a t\u00f6rt\u00e9nelmi, L\u2019Eroica nev\u0171 futam inspir\u00e1lja a kerekeseket, hogy a saj\u00e1tos feh\u00e9r utakon tekerjenek. Mit v\u00e1rhatunk az autentikus Strade Bianche-\u00e9lm\u00e9nyt\u0151l?","breadcrumb":{"@id":"https:\/\/www.welovecycling.com\/hu\/orszaguti-kerekpar\/a-strade-bianche-hires-utjai-testkozelbol\/#breadcrumb"},"inLanguage":"hu","potentialAction":[{"@type":"ReadAction","target":["https:\/\/www.welovecycling.com\/hu\/orszaguti-kerekpar\/a-strade-bianche-hires-utjai-testkozelbol\/"]}]},{"@type":"ImageObject","inLanguage":"hu","@id":"https:\/\/www.welovecycling.com\/hu\/orszaguti-kerekpar\/a-strade-bianche-hires-utjai-testkozelbol\/#primaryimage","url":"https:\/\/d2p6e6u75xmxt8.cloudfront.net\/12\/2022\/08\/Strade-Bianche-Adam-CVR.jpg","contentUrl":"https:\/\/d2p6e6u75xmxt8.cloudfront.net\/12\/2022\/08\/Strade-Bianche-Adam-CVR.jpg","width":990,"height":660,"caption":"Strade Bianche"},{"@type":"BreadcrumbList","@id":"https:\/\/www.welovecycling.com\/hu\/orszaguti-kerekpar\/a-strade-bianche-hires-utjai-testkozelbol\/#breadcrumb","itemListElement":[{"@type":"ListItem","position":1,"name":"Home","item":"https:\/\/www.welovecycling.com\/hu\/"},{"@type":"ListItem","position":2,"name":"A Strade Bianche h\u00edres \u00fatjai, testk\u00f6zelb\u0151l"}]},{"@type":"WebSite","@id":"https:\/\/www.welovecycling.com\/hu\/#website","url":"https:\/\/www.welovecycling.com\/hu\/","name":"\u0160koda We Love Cycling - Magyarorsz\u00e1g","description":"\u0160koda WeLoveCycling","potentialAction":[{"@type":"SearchAction","target":{"@type":"EntryPoint","urlTemplate":"https:\/\/www.welovecycling.com\/hu\/?s={search_term_string}"},"query-input":{"@type":"PropertyValueSpecification","valueRequired":true,"valueName":"search_term_string"}}],"inLanguage":"hu"},{"@type":"Person","@id":"https:\/\/www.welovecycling.com\/hu\/#\/schema\/person\/414a2aebf1801691a5320edb6468e194","name":"hegyizs","image":{"@type":"ImageObject","inLanguage":"hu","@id":"https:\/\/www.welovecycling.com\/hu\/#\/schema\/person\/image\/","url":"https:\/\/secure.gravatar.com\/avatar\/02cf8a7906b8cf90cecb4679defac7cfd33a1c2e3b88e4903d947f3bb58eedd3?s=96&d=mm&r=g","contentUrl":"https:\/\/secure.gravatar.com\/avatar\/02cf8a7906b8cf90cecb4679defac7cfd33a1c2e3b88e4903d947f3bb58eedd3?s=96&d=mm&r=g","caption":"hegyizs"},"url":"https:\/\/www.welovecycling.com\/hu\/author\/hegyizs\/"}]}},"_links":{"self":[{"href":"https:\/\/www.welovecycling.com\/hu\/wp-json\/wp\/v2\/posts\/15561","targetHints":{"allow":["GET"]}}],"collection":[{"href":"https:\/\/www.welovecycling.com\/hu\/wp-json\/wp\/v2\/posts"}],"about":[{"href":"https:\/\/www.welovecycling.com\/hu\/wp-json\/wp\/v2\/types\/post"}],"author":[{"embeddable":true,"href":"https:\/\/www.welovecycling.com\/hu\/wp-json\/wp\/v2\/users\/71"}],"replies":[{"embeddable":true,"href":"https:\/\/www.welovecycling.com\/hu\/wp-json\/wp\/v2\/comments?post=15561"}],"version-history":[{"count":2,"href":"https:\/\/www.welovecycling.com\/hu\/wp-json\/wp\/v2\/posts\/15561\/revisions"}],"predecessor-version":[{"id":15575,"href":"https:\/\/www.welovecycling.com\/hu\/wp-json\/wp\/v2\/posts\/15561\/revisions\/15575"}],"wp:featuredmedia":[{"embeddable":true,"href":"https:\/\/www.welovecycling.com\/hu\/wp-json\/wp\/v2\/media\/15564"}],"wp:attachment":[{"href":"https:\/\/www.welovecycling.com\/hu\/wp-json\/wp\/v2\/media?parent=15561"}],"wp:term":[{"taxonomy":"category","embeddable":true,"href":"https:\/\/www.welovecycling.com\/hu\/wp-json\/wp\/v2\/categories?post=15561"},{"taxonomy":"post_tag","embeddable":true,"href":"https:\/\/www.welovecycling.com\/hu\/wp-json\/wp\/v2\/tags?post=15561"},{"taxonomy":"global-categories","embeddable":true,"href":"https:\/\/www.welovecycling.com\/hu\/wp-json\/wp\/v2\/global-categories?post=15561"}],"curies":[{"name":"wp","href":"https:\/\/api.w.org\/{rel}","templated":true}]}}