{"id":15551,"date":"2022-08-05T10:08:58","date_gmt":"2022-08-05T08:08:58","guid":{"rendered":"https:\/\/www.welovecycling.com\/hu\/?p=15551"},"modified":"2022-08-05T10:42:28","modified_gmt":"2022-08-05T08:42:28","slug":"pocsekul-all-a-movistar-de-jon-a-vuelta-a-lotto-es-az-israel-viszont-alighanem-bucsut-inthet-a-worldtournak","status":"publish","type":"post","link":"https:\/\/www.welovecycling.com\/hu\/orszaguti-kerekpar\/pocsekul-all-a-movistar-de-jon-a-vuelta-a-lotto-es-az-israel-viszont-alighanem-bucsut-inthet-a-worldtournak\/","title":{"rendered":"Pocs\u00e9kul \u00e1ll a Movistar, de j\u00f6n a Vuelta; a Lotto \u00e9s az Israel viszont alighanem b\u00facs\u00fat inthet a WorldTournak"},"content":{"rendered":"<p><strong>A Tour de France ut\u00e1ni friss UCI-vil\u00e1granglista alapj\u00e1n nagy bajban a patin\u00e1s belga ist\u00e1ll\u00f3, ami a 2020 \u00e9s 2022 k\u00f6z\u00f6tti halov\u00e1ny teljes\u00edtm\u00e9ny\u00e9nek k\u00f6sz\u00f6nhet\u0151en jelen \u00e1ll\u00e1s szerint kiesik az \u00e9lvonalb\u00f3l, a Chris Froome-f\u00e9le Israel-PremierTechhel egy\u00fctt.<\/strong><\/p>\n<p><!--more--><\/p>\n<p>A nemzetk\u00f6zi sz\u00f6vets\u00e9g (UCI) j\u00f6v\u0151 \u00e9vt\u0151l \u00e9letbe l\u00e9p\u0151 reformja nyom\u00e1n a 2023 \u00e9s 2025 k\u00f6z\u00f6tti h\u00e1rom\u00e9ves intervallumban m\u00e1r csak 18 csapat alkotja majd a profi orsz\u00e1g\u00fati ker\u00e9kp\u00e1rsport legmagasabb szintj\u00e9nek, a WorldTour-nak a mez\u0151ny\u00e9t. (Pontosabban, a d\u00e9l-afrikai Qhubeka tavaly \u00e9v v\u00e9gi bed\u0151l\u00e9se miatt m\u00e1r id\u00e9n is csak 18 WorldTeam szerepelt az elitben, de a j\u00f6v\u0151 \u00e9vt\u0151l kezdve eleve ennyi lesz a limit). Ez az\u00e9rt k\u00fcl\u00f6n\u00f6sen \u00e9rdekes, mert az UCI kor\u00e1bban ugyancsak h\u00e1rom\u00e9ves t\u00e1vlatban hat\u00e1rozta meg a \u201epontgy\u0171jt\u0151 id\u0151szakot\u201d, ami \u00edgy a mostani \u00e9v v\u00e9g\u00e9n telik le (2020\u20132022). Magyarul: hamarosan eld\u0151l, mely csapatok szereztek ez id\u0151 alatt <a href=\"https:\/\/lanternerouge.com.au\/2022\/05\/25\/worldtour-2020-22-team-ranking\/\">elegend\u0151 vil\u00e1granglista-pontot<\/a> ahhoz, hogy az el\u0151tt\u00fcnk \u00e1ll\u00f3 h\u00e1rom esztend\u0151ben is a ker\u00e9kp\u00e1rsport vil\u00e1gsz\u00ednpad\u00e1n szerepelhessenek, illetve kik azok, akik p\u00f3rul j\u00e1rnak. Ebb\u0151l a szempontb\u00f3l a j\u00falius kritikus h\u00f3nap volt, f\u0151k\u00e9pp a legnagyobb verseny, a Tour de France.<\/p>\n<figure id=\"attachment_15553\" aria-describedby=\"caption-attachment-15553\" style=\"width: 1200px\" class=\"wp-caption alignnone\"><a href=\"https:\/\/d2p6e6u75xmxt8.cloudfront.net\/12\/2022\/08\/40611df219.jpg\"><img loading=\"lazy\" decoding=\"async\" class=\"size-full wp-image-15553\" src=\"https:\/\/d2p6e6u75xmxt8.cloudfront.net\/12\/2022\/08\/40611df219.jpg\" alt=\"\" width=\"1200\" height=\"630\" srcset=\"https:\/\/d2p6e6u75xmxt8.cloudfront.net\/12\/2022\/08\/40611df219.jpg 1200w, https:\/\/d2p6e6u75xmxt8.cloudfront.net\/12\/2022\/08\/40611df219-300x158.jpg 300w, https:\/\/d2p6e6u75xmxt8.cloudfront.net\/12\/2022\/08\/40611df219-1024x538.jpg 1024w, https:\/\/d2p6e6u75xmxt8.cloudfront.net\/12\/2022\/08\/40611df219-768x403.jpg 768w\" sizes=\"auto, (max-width: 1200px) 100vw, 1200px\" \/><\/a><figcaption id=\"caption-attachment-15553\" class=\"wp-caption-text\">Aligha meglepet\u00e9s: a ranglista \u00e9l\u00e9n a Tourt ural\u00f3 Jumbo \u00e1ll, koccanhatnak a pezsg\u0151spoharak<\/figcaption><\/figure>\n<p>hanem csak Pro-besorol\u00e1s\u00fa (teh\u00e1t m\u00e1sodvonalbeli) csapatok, m\u00e9gis a legnagyobbakat megsz\u00e9gyen\u00edt\u0151 m\u00f3don teljes\u00edtenek, \u00e9s egy sor WorldTeamet lepip\u00e1lnak. K\u00f6z\u00fcl\u00fck is magasan kiemelkedik az olyan szt\u00e1rok, mint Mathieu van der Poel vagy Jasper Philipsen f\u00e9mjelezte Alpecin-Deceuninck, amely a legfrissebb, Tour ut\u00e1ni UCI-ranglist\u00e1n konkr\u00e9tan a 7. helyen szerepel \u201em\u00e1sodoszt\u00e1ly\u00fak\u00e9nt\u201d, ami \u00f3ri\u00e1si fegyvert\u00e9ny. Mellett\u00fck szint\u00e9n elismer\u00e9sre m\u00e9lt\u00f3 az Ark\u00e9a-Samsic szerepl\u00e9se, a Nairo Quintana-f\u00e9le francia sor a 13. helyen \u00e1ll, h\u00e9t WorldTeamet megel\u0151zve. Az \u0151 hely\u00fck teh\u00e1t gyakorlatilag bebiztos\u00edtottnak tekinthet\u0151 a k\u00f6vetkez\u0151 h\u00e1rom \u00e9vre is \u2013 de l\u00e1ssuk akkor, kik \u00fclnek a szam\u00e1rpadban!<\/p>\n<figure id=\"attachment_15554\" aria-describedby=\"caption-attachment-15554\" style=\"width: 730px\" class=\"wp-caption alignnone\"><a href=\"https:\/\/d2p6e6u75xmxt8.cloudfront.net\/12\/2022\/08\/GettyImages-1407269649.jpg\"><img loading=\"lazy\" decoding=\"async\" class=\"size-full wp-image-15554\" src=\"https:\/\/d2p6e6u75xmxt8.cloudfront.net\/12\/2022\/08\/GettyImages-1407269649.jpg\" alt=\"\" width=\"730\" height=\"487\" srcset=\"https:\/\/d2p6e6u75xmxt8.cloudfront.net\/12\/2022\/08\/GettyImages-1407269649.jpg 730w, https:\/\/d2p6e6u75xmxt8.cloudfront.net\/12\/2022\/08\/GettyImages-1407269649-300x200.jpg 300w, https:\/\/d2p6e6u75xmxt8.cloudfront.net\/12\/2022\/08\/GettyImages-1407269649-272x182.jpg 272w\" sizes=\"auto, (max-width: 730px) 100vw, 730px\" \/><\/a><figcaption id=\"caption-attachment-15554\" class=\"wp-caption-text\">Mathieu van der Poel a k\u00f6vetkez\u0151 \u00e9vt\u0151l a WorldTourban integethet majd Jasper Philipsennel (jobbra) egy\u00fctt (fot\u00f3: Getty)<\/figcaption><\/figure>\n<p>A list\u00e1ban vannak bizony komoly meglepet\u00e9sek. Az elitmez\u0151ny egyik legr\u00e9gebbi \u00e9s legpatin\u00e1sabb n\u00e9vnek sz\u00e1m\u00edt\u00f3 csapata, a Movistar p\u00e9ld\u00e1ul az utols\u00f3, m\u00e9g \u00e9ppen \u201ebennmarad\u00f3\u201d 18. helyen szer\u00e9nykedik \u2013 \u00fcgy\u00fcket nyilv\u00e1n nem seg\u00edtette, hogy Enric Mas j\u00f3form\u00e1n top 10-es helyr\u0151l adta fel a Tourt az utols\u00f3 el\u0151tti szakaszon \u2013, ami m\u00e9g akkor is arcpir\u00edt\u00f3, ha nekik rendre a hazai h\u00e1romhetes, a Vuelta az \u00e9v f\u0151 versenye, \u00e9s ezen j\u00f3l is szoktak szerepelni (a spanyol k\u00f6r nemsok\u00e1ra, augusztus 19-\u00e9n rajtol majd). Az ausztr\u00e1l BikeExchange els\u0151sorban Dylan Groenewegen \u00e9s Michael Matthews Tour-szakaszsiker\u00e9nek k\u00f6sz\u00f6nhet\u0151en meg is el\u0151zte a spanyolokat (b\u00e1r b\u00fcszk\u00e9k az\u00e9rt \u0151k sem lehetnek magukra az aktu\u00e1lis 17. hellyel).<\/p>\n<figure id=\"attachment_15552\" aria-describedby=\"caption-attachment-15552\" style=\"width: 1380px\" class=\"wp-caption alignnone\"><a href=\"https:\/\/d2p6e6u75xmxt8.cloudfront.net\/12\/2022\/08\/013-Enric-1380x920-1.jpg\"><img loading=\"lazy\" decoding=\"async\" class=\"size-full wp-image-15552\" src=\"https:\/\/d2p6e6u75xmxt8.cloudfront.net\/12\/2022\/08\/013-Enric-1380x920-1.jpg\" alt=\"\" width=\"1380\" height=\"920\" srcset=\"https:\/\/d2p6e6u75xmxt8.cloudfront.net\/12\/2022\/08\/013-Enric-1380x920-1.jpg 1380w, https:\/\/d2p6e6u75xmxt8.cloudfront.net\/12\/2022\/08\/013-Enric-1380x920-1-300x200.jpg 300w, https:\/\/d2p6e6u75xmxt8.cloudfront.net\/12\/2022\/08\/013-Enric-1380x920-1-1024x683.jpg 1024w, https:\/\/d2p6e6u75xmxt8.cloudfront.net\/12\/2022\/08\/013-Enric-1380x920-1-768x512.jpg 768w, https:\/\/d2p6e6u75xmxt8.cloudfront.net\/12\/2022\/08\/013-Enric-1380x920-1-272x182.jpg 272w\" sizes=\"auto, (max-width: 1380px) 100vw, 1380px\" \/><\/a><figcaption id=\"caption-attachment-15552\" class=\"wp-caption-text\">A Movistar \u00e9s Enric Mas is csak szenved \u2013 ut\u00f3bbira r\u00e1ad\u00e1sul m\u00e9g Eusebio Unzu\u00e9 csapatvezet\u0151 is r\u00e1h\u00fazta a vizes leped\u0151t, mondv\u00e1n, nem vez\u00e9ralkat (fot\u00f3: Luca Bettini\/SprintCyclingAgency)<\/figcaption><\/figure>\n<p>N\u00e1luk is rosszabbul \u00e1ll a sz\u00e9n\u00e1ja ugyanakkor egy m\u00e1sik nagy hagyom\u00e1ny\u00fa ist\u00e1ll\u00f3nak, a Lotto-Soudalnak. A belga egy\u00fcttes borzalmasan rossz Tour de France-t futott, szt\u00e1rsprintere, Caleb Ewan (akikben szinte minden bizodalmuk benne volt) alig tudta befejezni a versenyt, r\u00e1ad\u00e1sul egyetlen UCI-pontot sem szerzett, a Lotto \u00edgy nagyon messzire, eg\u00e9szen pontosan 743 pontnyira ker\u00fclt a BikeExchange-t\u0151l \u00e9s a m\u00e9g WorldTour-tags\u00e1got \u00e9r\u0151 18. helyt\u0151l. R\u00e1ad\u00e1sul csup\u00e1n minim\u00e1lis k\u00fcl\u00f6nbs\u00e9g v\u00e1lasztja el egy m\u00e1sik WorldTeamt\u0151l, a m\u00f6g\u00f6tte a 20. helyen \u00e9g\u0151 Israel-PremierTecht\u0151l, amely Hugo Houle \u00e9s Simon Clarke r\u00e9v\u00e9n elcs\u00edpett ugyan egy-egy szakaszgy\u0151zelmet a Touron, de megel\u0151zni pont nem siker\u00fclt ausztr\u00e1l riv\u00e1lis\u00e1t.<\/p>\n<p>\u0150k teh\u00e1t nagy bajban vannak: hacsak nem tesznek csod\u00e1t a szezon h\u00e1tral\u00e9v\u0151 r\u00e9sz\u00e9ben (ami jelenleg nem t\u0171nik t\u00fal val\u00f3sz\u00edn\u0171nek), marad a m\u00e1sodoszt\u00e1ly, \u00e9s legfeljebb az\u00e9rt k\u00fczdhetnek, hogy a k\u00e9t legjobb ProTeam legyenek, ami m\u00e9g automatikus megh\u00edv\u00f3t \u00e9r a nagy h\u00e1romhetesekre.<\/p>\n<figure id=\"attachment_15556\" aria-describedby=\"caption-attachment-15556\" style=\"width: 1024px\" class=\"wp-caption alignnone\"><a href=\"https:\/\/d2p6e6u75xmxt8.cloudfront.net\/12\/2022\/08\/TFvdyc4KjuMYn3anrm64eM.jpg\"><img loading=\"lazy\" decoding=\"async\" class=\"size-full wp-image-15556\" src=\"https:\/\/d2p6e6u75xmxt8.cloudfront.net\/12\/2022\/08\/TFvdyc4KjuMYn3anrm64eM.jpg\" alt=\"\" width=\"1024\" height=\"730\" srcset=\"https:\/\/d2p6e6u75xmxt8.cloudfront.net\/12\/2022\/08\/TFvdyc4KjuMYn3anrm64eM.jpg 1024w, https:\/\/d2p6e6u75xmxt8.cloudfront.net\/12\/2022\/08\/TFvdyc4KjuMYn3anrm64eM-300x214.jpg 300w, https:\/\/d2p6e6u75xmxt8.cloudfront.net\/12\/2022\/08\/TFvdyc4KjuMYn3anrm64eM-768x548.jpg 768w\" sizes=\"auto, (max-width: 1024px) 100vw, 1024px\" \/><\/a><figcaption id=\"caption-attachment-15556\" class=\"wp-caption-text\">A Lotto elm\u00falt h\u00e1rom \u00e9ve egy k\u00e9pben: Caleb Ewan\u00e9k megint (el)buktak a Touron\u2026 (Marco Bertorello\/AFP)<\/figcaption><\/figure>\n","protected":false},"excerpt":{"rendered":"<p>A Tour de France ut\u00e1ni friss UCI-vil\u00e1granglista alapj\u00e1n nagy bajban a patin\u00e1s belga ist\u00e1ll\u00f3, ami a 2020 \u00e9s 2022 k\u00f6z\u00f6tti [&hellip;]<\/p>\n","protected":false},"author":145,"featured_media":15555,"comment_status":"open","ping_status":"open","sticky":false,"template":"","format":"standard","meta":{"footnotes":""},"categories":[8],"tags":[],"global-categories":[419],"class_list":["post-15551","post","type-post","status-publish","format-standard","has-post-thumbnail","hentry","category-orszaguti-kerekpar","global-categories-cycling"],"yoast_head":"<!-- This site is optimized with the Yoast SEO Premium plugin v25.3 (Yoast SEO v25.9) - https:\/\/yoast.com\/wordpress\/plugins\/seo\/ -->\n<title>Pocs\u00e9kul \u00e1ll a Movistar, de j\u00f6n a Vuelta; a Lotto \u00e9s az Israel viszont alighanem b\u00facs\u00fat inthet a WorldTournak<\/title>\n<meta name=\"description\" content=\"A Tour de France ut\u00e1ni friss UCI-vil\u00e1granglista alapj\u00e1n nagy bajban a patin\u00e1s belga ist\u00e1ll\u00f3, ami a 2020 \u00e9s 2022 k\u00f6z\u00f6tti halov\u00e1ny teljes\u00edtm\u00e9ny\u00e9nek k\u00f6sz\u00f6nhet\u0151en jelen \u00e1ll\u00e1s szerint kiesik az \u00e9lvonalb\u00f3l, a Chris Froome-f\u00e9le Israel-PremierTechhel egy\u00fctt.\" \/>\n<meta name=\"robots\" content=\"index, follow, max-snippet:-1, max-image-preview:large, max-video-preview:-1\" \/>\n<link rel=\"canonical\" href=\"https:\/\/www.welovecycling.com\/hu\/orszaguti-kerekpar\/pocsekul-all-a-movistar-de-jon-a-vuelta-a-lotto-es-az-israel-viszont-alighanem-bucsut-inthet-a-worldtournak\/\" \/>\n<meta property=\"og:locale\" content=\"hu_HU\" \/>\n<meta property=\"og:type\" content=\"article\" \/>\n<meta property=\"og:title\" content=\"Pocs\u00e9kul \u00e1ll a Movistar, de j\u00f6n a Vuelta; a Lotto \u00e9s az Israel viszont alighanem b\u00facs\u00fat inthet a WorldTournak\" \/>\n<meta property=\"og:description\" content=\"A Tour de France ut\u00e1ni friss UCI-vil\u00e1granglista alapj\u00e1n nagy bajban a patin\u00e1s belga ist\u00e1ll\u00f3, ami a 2020 \u00e9s 2022 k\u00f6z\u00f6tti halov\u00e1ny teljes\u00edtm\u00e9ny\u00e9nek k\u00f6sz\u00f6nhet\u0151en jelen \u00e1ll\u00e1s szerint kiesik az \u00e9lvonalb\u00f3l, a Chris Froome-f\u00e9le Israel-PremierTechhel egy\u00fctt.\" \/>\n<meta property=\"og:url\" content=\"https:\/\/www.welovecycling.com\/hu\/orszaguti-kerekpar\/pocsekul-all-a-movistar-de-jon-a-vuelta-a-lotto-es-az-israel-viszont-alighanem-bucsut-inthet-a-worldtournak\/\" \/>\n<meta property=\"og:site_name\" content=\"\u0160koda We Love Cycling - Magyarorsz\u00e1g\" \/>\n<meta property=\"article:publisher\" content=\"https:\/\/www.facebook.com\/WeLoveCyclingHungary\/\" \/>\n<meta property=\"article:published_time\" content=\"2022-08-05T08:08:58+00:00\" \/>\n<meta property=\"article:modified_time\" content=\"2022-08-05T08:42:28+00:00\" \/>\n<meta property=\"og:image\" content=\"https:\/\/d2p6e6u75xmxt8.cloudfront.net\/12\/2022\/08\/stg03_ewan01_tdf_2021-1280x720-1.jpeg\" \/>\n\t<meta property=\"og:image:width\" content=\"1280\" \/>\n\t<meta property=\"og:image:height\" content=\"720\" \/>\n\t<meta property=\"og:image:type\" content=\"image\/jpeg\" \/>\n<meta name=\"author\" content=\"kitti\" \/>\n<meta name=\"twitter:card\" content=\"summary_large_image\" \/>\n<meta name=\"twitter:label1\" content=\"Written by\" \/>\n\t<meta name=\"twitter:data1\" content=\"We Love Cycling\" \/>\n\t<meta name=\"twitter:label2\" content=\"Est. reading time\" \/>\n\t<meta name=\"twitter:data2\" content=\"4 minutes\" \/>\n<script type=\"application\/ld+json\" class=\"yoast-schema-graph\">{\"@context\":\"https:\/\/schema.org\",\"@graph\":[{\"@type\":\"WebPage\",\"@id\":\"https:\/\/www.welovecycling.com\/hu\/orszaguti-kerekpar\/pocsekul-all-a-movistar-de-jon-a-vuelta-a-lotto-es-az-israel-viszont-alighanem-bucsut-inthet-a-worldtournak\/\",\"url\":\"https:\/\/www.welovecycling.com\/hu\/orszaguti-kerekpar\/pocsekul-all-a-movistar-de-jon-a-vuelta-a-lotto-es-az-israel-viszont-alighanem-bucsut-inthet-a-worldtournak\/\",\"name\":\"Pocs\u00e9kul \u00e1ll a Movistar, de j\u00f6n a Vuelta; a Lotto \u00e9s az Israel viszont alighanem b\u00facs\u00fat inthet a WorldTournak\",\"isPartOf\":{\"@id\":\"https:\/\/www.welovecycling.com\/hu\/#website\"},\"primaryImageOfPage\":{\"@id\":\"https:\/\/www.welovecycling.com\/hu\/orszaguti-kerekpar\/pocsekul-all-a-movistar-de-jon-a-vuelta-a-lotto-es-az-israel-viszont-alighanem-bucsut-inthet-a-worldtournak\/#primaryimage\"},\"image\":{\"@id\":\"https:\/\/www.welovecycling.com\/hu\/orszaguti-kerekpar\/pocsekul-all-a-movistar-de-jon-a-vuelta-a-lotto-es-az-israel-viszont-alighanem-bucsut-inthet-a-worldtournak\/#primaryimage\"},\"thumbnailUrl\":\"https:\/\/d2p6e6u75xmxt8.cloudfront.net\/12\/2022\/08\/stg03_ewan01_tdf_2021-2400x1350-1.webp\",\"datePublished\":\"2022-08-05T08:08:58+00:00\",\"dateModified\":\"2022-08-05T08:42:28+00:00\",\"author\":{\"@id\":\"https:\/\/www.welovecycling.com\/hu\/#\/schema\/person\/bec7dcdbcc59f58489cf603e4040ced1\"},\"description\":\"A Tour de France ut\u00e1ni friss UCI-vil\u00e1granglista alapj\u00e1n nagy bajban a patin\u00e1s belga ist\u00e1ll\u00f3, ami a 2020 \u00e9s 2022 k\u00f6z\u00f6tti halov\u00e1ny teljes\u00edtm\u00e9ny\u00e9nek k\u00f6sz\u00f6nhet\u0151en jelen \u00e1ll\u00e1s szerint kiesik az \u00e9lvonalb\u00f3l, a Chris Froome-f\u00e9le Israel-PremierTechhel egy\u00fctt.\",\"breadcrumb\":{\"@id\":\"https:\/\/www.welovecycling.com\/hu\/orszaguti-kerekpar\/pocsekul-all-a-movistar-de-jon-a-vuelta-a-lotto-es-az-israel-viszont-alighanem-bucsut-inthet-a-worldtournak\/#breadcrumb\"},\"inLanguage\":\"hu\",\"potentialAction\":[{\"@type\":\"ReadAction\",\"target\":[\"https:\/\/www.welovecycling.com\/hu\/orszaguti-kerekpar\/pocsekul-all-a-movistar-de-jon-a-vuelta-a-lotto-es-az-israel-viszont-alighanem-bucsut-inthet-a-worldtournak\/\"]}]},{\"@type\":\"ImageObject\",\"inLanguage\":\"hu\",\"@id\":\"https:\/\/www.welovecycling.com\/hu\/orszaguti-kerekpar\/pocsekul-all-a-movistar-de-jon-a-vuelta-a-lotto-es-az-israel-viszont-alighanem-bucsut-inthet-a-worldtournak\/#primaryimage\",\"url\":\"https:\/\/d2p6e6u75xmxt8.cloudfront.net\/12\/2022\/08\/stg03_ewan01_tdf_2021-2400x1350-1.webp\",\"contentUrl\":\"https:\/\/d2p6e6u75xmxt8.cloudfront.net\/12\/2022\/08\/stg03_ewan01_tdf_2021-2400x1350-1.webp\",\"width\":2400,\"height\":1350},{\"@type\":\"BreadcrumbList\",\"@id\":\"https:\/\/www.welovecycling.com\/hu\/orszaguti-kerekpar\/pocsekul-all-a-movistar-de-jon-a-vuelta-a-lotto-es-az-israel-viszont-alighanem-bucsut-inthet-a-worldtournak\/#breadcrumb\",\"itemListElement\":[{\"@type\":\"ListItem\",\"position\":1,\"name\":\"Home\",\"item\":\"https:\/\/www.welovecycling.com\/hu\/\"},{\"@type\":\"ListItem\",\"position\":2,\"name\":\"Pocs\u00e9kul \u00e1ll a Movistar, de j\u00f6n a Vuelta; a Lotto \u00e9s az Israel viszont alighanem b\u00facs\u00fat inthet a WorldTournak\"}]},{\"@type\":\"WebSite\",\"@id\":\"https:\/\/www.welovecycling.com\/hu\/#website\",\"url\":\"https:\/\/www.welovecycling.com\/hu\/\",\"name\":\"\u0160koda We Love Cycling - Magyarorsz\u00e1g\",\"description\":\"\u0160koda WeLoveCycling\",\"potentialAction\":[{\"@type\":\"SearchAction\",\"target\":{\"@type\":\"EntryPoint\",\"urlTemplate\":\"https:\/\/www.welovecycling.com\/hu\/?s={search_term_string}\"},\"query-input\":{\"@type\":\"PropertyValueSpecification\",\"valueRequired\":true,\"valueName\":\"search_term_string\"}}],\"inLanguage\":\"hu\"},{\"@type\":\"Person\",\"@id\":\"https:\/\/www.welovecycling.com\/hu\/#\/schema\/person\/bec7dcdbcc59f58489cf603e4040ced1\",\"name\":\"kitti\",\"image\":{\"@type\":\"ImageObject\",\"inLanguage\":\"hu\",\"@id\":\"https:\/\/www.welovecycling.com\/hu\/#\/schema\/person\/image\/\",\"url\":\"https:\/\/secure.gravatar.com\/avatar\/e3196a110e1b57b96f56d92d10ce9bb4e9d7210076832a16243337e949410b52?s=96&d=mm&r=g\",\"contentUrl\":\"https:\/\/secure.gravatar.com\/avatar\/e3196a110e1b57b96f56d92d10ce9bb4e9d7210076832a16243337e949410b52?s=96&d=mm&r=g\",\"caption\":\"kitti\"},\"url\":\"https:\/\/www.welovecycling.com\/hu\/author\/kitti\/\"}]}<\/script>\n<!-- \/ Yoast SEO Premium plugin. -->","yoast_head_json":{"title":"Pocs\u00e9kul \u00e1ll a Movistar, de j\u00f6n a Vuelta; a Lotto \u00e9s az Israel viszont alighanem b\u00facs\u00fat inthet a WorldTournak","description":"A Tour de France ut\u00e1ni friss UCI-vil\u00e1granglista alapj\u00e1n nagy bajban a patin\u00e1s belga ist\u00e1ll\u00f3, ami a 2020 \u00e9s 2022 k\u00f6z\u00f6tti halov\u00e1ny teljes\u00edtm\u00e9ny\u00e9nek k\u00f6sz\u00f6nhet\u0151en jelen \u00e1ll\u00e1s szerint kiesik az \u00e9lvonalb\u00f3l, a Chris Froome-f\u00e9le Israel-PremierTechhel egy\u00fctt.","robots":{"index":"index","follow":"follow","max-snippet":"max-snippet:-1","max-image-preview":"max-image-preview:large","max-video-preview":"max-video-preview:-1"},"canonical":"https:\/\/www.welovecycling.com\/hu\/orszaguti-kerekpar\/pocsekul-all-a-movistar-de-jon-a-vuelta-a-lotto-es-az-israel-viszont-alighanem-bucsut-inthet-a-worldtournak\/","og_locale":"hu_HU","og_type":"article","og_title":"Pocs\u00e9kul \u00e1ll a Movistar, de j\u00f6n a Vuelta; a Lotto \u00e9s az Israel viszont alighanem b\u00facs\u00fat inthet a WorldTournak","og_description":"A Tour de France ut\u00e1ni friss UCI-vil\u00e1granglista alapj\u00e1n nagy bajban a patin\u00e1s belga ist\u00e1ll\u00f3, ami a 2020 \u00e9s 2022 k\u00f6z\u00f6tti halov\u00e1ny teljes\u00edtm\u00e9ny\u00e9nek k\u00f6sz\u00f6nhet\u0151en jelen \u00e1ll\u00e1s szerint kiesik az \u00e9lvonalb\u00f3l, a Chris Froome-f\u00e9le Israel-PremierTechhel egy\u00fctt.","og_url":"https:\/\/www.welovecycling.com\/hu\/orszaguti-kerekpar\/pocsekul-all-a-movistar-de-jon-a-vuelta-a-lotto-es-az-israel-viszont-alighanem-bucsut-inthet-a-worldtournak\/","og_site_name":"\u0160koda We Love Cycling - Magyarorsz\u00e1g","article_publisher":"https:\/\/www.facebook.com\/WeLoveCyclingHungary\/","article_published_time":"2022-08-05T08:08:58+00:00","article_modified_time":"2022-08-05T08:42:28+00:00","og_image":[{"width":1280,"height":720,"url":"https:\/\/d2p6e6u75xmxt8.cloudfront.net\/12\/2022\/08\/stg03_ewan01_tdf_2021-1280x720-1.jpeg","type":"image\/jpeg"}],"author":"kitti","twitter_card":"summary_large_image","twitter_misc":{"Written by":"We Love Cycling","Est. reading time":"4 minutes"},"schema":{"@context":"https:\/\/schema.org","@graph":[{"@type":"WebPage","@id":"https:\/\/www.welovecycling.com\/hu\/orszaguti-kerekpar\/pocsekul-all-a-movistar-de-jon-a-vuelta-a-lotto-es-az-israel-viszont-alighanem-bucsut-inthet-a-worldtournak\/","url":"https:\/\/www.welovecycling.com\/hu\/orszaguti-kerekpar\/pocsekul-all-a-movistar-de-jon-a-vuelta-a-lotto-es-az-israel-viszont-alighanem-bucsut-inthet-a-worldtournak\/","name":"Pocs\u00e9kul \u00e1ll a Movistar, de j\u00f6n a Vuelta; a Lotto \u00e9s az Israel viszont alighanem b\u00facs\u00fat inthet a WorldTournak","isPartOf":{"@id":"https:\/\/www.welovecycling.com\/hu\/#website"},"primaryImageOfPage":{"@id":"https:\/\/www.welovecycling.com\/hu\/orszaguti-kerekpar\/pocsekul-all-a-movistar-de-jon-a-vuelta-a-lotto-es-az-israel-viszont-alighanem-bucsut-inthet-a-worldtournak\/#primaryimage"},"image":{"@id":"https:\/\/www.welovecycling.com\/hu\/orszaguti-kerekpar\/pocsekul-all-a-movistar-de-jon-a-vuelta-a-lotto-es-az-israel-viszont-alighanem-bucsut-inthet-a-worldtournak\/#primaryimage"},"thumbnailUrl":"https:\/\/d2p6e6u75xmxt8.cloudfront.net\/12\/2022\/08\/stg03_ewan01_tdf_2021-2400x1350-1.webp","datePublished":"2022-08-05T08:08:58+00:00","dateModified":"2022-08-05T08:42:28+00:00","author":{"@id":"https:\/\/www.welovecycling.com\/hu\/#\/schema\/person\/bec7dcdbcc59f58489cf603e4040ced1"},"description":"A Tour de France ut\u00e1ni friss UCI-vil\u00e1granglista alapj\u00e1n nagy bajban a patin\u00e1s belga ist\u00e1ll\u00f3, ami a 2020 \u00e9s 2022 k\u00f6z\u00f6tti halov\u00e1ny teljes\u00edtm\u00e9ny\u00e9nek k\u00f6sz\u00f6nhet\u0151en jelen \u00e1ll\u00e1s szerint kiesik az \u00e9lvonalb\u00f3l, a Chris Froome-f\u00e9le Israel-PremierTechhel egy\u00fctt.","breadcrumb":{"@id":"https:\/\/www.welovecycling.com\/hu\/orszaguti-kerekpar\/pocsekul-all-a-movistar-de-jon-a-vuelta-a-lotto-es-az-israel-viszont-alighanem-bucsut-inthet-a-worldtournak\/#breadcrumb"},"inLanguage":"hu","potentialAction":[{"@type":"ReadAction","target":["https:\/\/www.welovecycling.com\/hu\/orszaguti-kerekpar\/pocsekul-all-a-movistar-de-jon-a-vuelta-a-lotto-es-az-israel-viszont-alighanem-bucsut-inthet-a-worldtournak\/"]}]},{"@type":"ImageObject","inLanguage":"hu","@id":"https:\/\/www.welovecycling.com\/hu\/orszaguti-kerekpar\/pocsekul-all-a-movistar-de-jon-a-vuelta-a-lotto-es-az-israel-viszont-alighanem-bucsut-inthet-a-worldtournak\/#primaryimage","url":"https:\/\/d2p6e6u75xmxt8.cloudfront.net\/12\/2022\/08\/stg03_ewan01_tdf_2021-2400x1350-1.webp","contentUrl":"https:\/\/d2p6e6u75xmxt8.cloudfront.net\/12\/2022\/08\/stg03_ewan01_tdf_2021-2400x1350-1.webp","width":2400,"height":1350},{"@type":"BreadcrumbList","@id":"https:\/\/www.welovecycling.com\/hu\/orszaguti-kerekpar\/pocsekul-all-a-movistar-de-jon-a-vuelta-a-lotto-es-az-israel-viszont-alighanem-bucsut-inthet-a-worldtournak\/#breadcrumb","itemListElement":[{"@type":"ListItem","position":1,"name":"Home","item":"https:\/\/www.welovecycling.com\/hu\/"},{"@type":"ListItem","position":2,"name":"Pocs\u00e9kul \u00e1ll a Movistar, de j\u00f6n a Vuelta; a Lotto \u00e9s az Israel viszont alighanem b\u00facs\u00fat inthet a WorldTournak"}]},{"@type":"WebSite","@id":"https:\/\/www.welovecycling.com\/hu\/#website","url":"https:\/\/www.welovecycling.com\/hu\/","name":"\u0160koda We Love Cycling - Magyarorsz\u00e1g","description":"\u0160koda WeLoveCycling","potentialAction":[{"@type":"SearchAction","target":{"@type":"EntryPoint","urlTemplate":"https:\/\/www.welovecycling.com\/hu\/?s={search_term_string}"},"query-input":{"@type":"PropertyValueSpecification","valueRequired":true,"valueName":"search_term_string"}}],"inLanguage":"hu"},{"@type":"Person","@id":"https:\/\/www.welovecycling.com\/hu\/#\/schema\/person\/bec7dcdbcc59f58489cf603e4040ced1","name":"kitti","image":{"@type":"ImageObject","inLanguage":"hu","@id":"https:\/\/www.welovecycling.com\/hu\/#\/schema\/person\/image\/","url":"https:\/\/secure.gravatar.com\/avatar\/e3196a110e1b57b96f56d92d10ce9bb4e9d7210076832a16243337e949410b52?s=96&d=mm&r=g","contentUrl":"https:\/\/secure.gravatar.com\/avatar\/e3196a110e1b57b96f56d92d10ce9bb4e9d7210076832a16243337e949410b52?s=96&d=mm&r=g","caption":"kitti"},"url":"https:\/\/www.welovecycling.com\/hu\/author\/kitti\/"}]}},"_links":{"self":[{"href":"https:\/\/www.welovecycling.com\/hu\/wp-json\/wp\/v2\/posts\/15551","targetHints":{"allow":["GET"]}}],"collection":[{"href":"https:\/\/www.welovecycling.com\/hu\/wp-json\/wp\/v2\/posts"}],"about":[{"href":"https:\/\/www.welovecycling.com\/hu\/wp-json\/wp\/v2\/types\/post"}],"author":[{"embeddable":true,"href":"https:\/\/www.welovecycling.com\/hu\/wp-json\/wp\/v2\/users\/145"}],"replies":[{"embeddable":true,"href":"https:\/\/www.welovecycling.com\/hu\/wp-json\/wp\/v2\/comments?post=15551"}],"version-history":[{"count":1,"href":"https:\/\/www.welovecycling.com\/hu\/wp-json\/wp\/v2\/posts\/15551\/revisions"}],"predecessor-version":[{"id":15557,"href":"https:\/\/www.welovecycling.com\/hu\/wp-json\/wp\/v2\/posts\/15551\/revisions\/15557"}],"wp:featuredmedia":[{"embeddable":true,"href":"https:\/\/www.welovecycling.com\/hu\/wp-json\/wp\/v2\/media\/15555"}],"wp:attachment":[{"href":"https:\/\/www.welovecycling.com\/hu\/wp-json\/wp\/v2\/media?parent=15551"}],"wp:term":[{"taxonomy":"category","embeddable":true,"href":"https:\/\/www.welovecycling.com\/hu\/wp-json\/wp\/v2\/categories?post=15551"},{"taxonomy":"post_tag","embeddable":true,"href":"https:\/\/www.welovecycling.com\/hu\/wp-json\/wp\/v2\/tags?post=15551"},{"taxonomy":"global-categories","embeddable":true,"href":"https:\/\/www.welovecycling.com\/hu\/wp-json\/wp\/v2\/global-categories?post=15551"}],"curies":[{"name":"wp","href":"https:\/\/api.w.org\/{rel}","templated":true}]}}