{"id":15547,"date":"2022-08-04T15:08:04","date_gmt":"2022-08-04T13:08:04","guid":{"rendered":"https:\/\/www.welovecycling.com\/hu\/?p=15547"},"modified":"2022-08-04T15:08:04","modified_gmt":"2022-08-04T13:08:04","slug":"egan-bernal-hamarabb-visszaterhet-mint-gondoltuk","status":"publish","type":"post","link":"https:\/\/www.welovecycling.com\/hu\/orszaguti-kerekpar\/egan-bernal-hamarabb-visszaterhet-mint-gondoltuk\/","title":{"rendered":"Egan Bernal hamarabb visszat\u00e9rhet, mint gondoltuk"},"content":{"rendered":"<p><strong>Bernalr\u00f3l id\u00e9n sajnos m\u00e1s esem\u00e9nyek miatt besz\u00e9lt\u00fcnk, mint szerett\u00fcnk volna, \u00e9s mint p\u00e9ld\u00e1ul 2019-ben tett\u00fck, amikor megnyerte a Tour-t. Az\u00f3ta, hogy \u0151 lett a TdF els\u0151 latin-amerikai gy\u0151ztese, \u00e9s 1909 \u00f3ta a legfiatalabb is, az Ineosenadiers versenyz\u0151j\u00e9nek nem volt szerencs\u00e9je.<\/strong><!--more--><\/p>\n<p>Betegs\u00e9gek \u00e9s fizikai probl\u00e9m\u00e1k gy\u00f6t\u00f6rt\u00e9k, \u00e9s csak egy versenyt nyert Tour-gy\u0151zelme \u00f3ta, a 2021-es Gir\u00f3t. Id\u00e9n janu\u00e1rban pedig <a href=\"https:\/\/www.welovecycling.com\/hu\/orszaguti-kerekpar\/bernalert-aggodik-a-kerekparosvilag-borzalmas-edzesbalesete-utan\/\">sz\u00f6rny\u0171 balesetet szenvedett<\/a> egy edz\u00e9sen, Kolumbi\u00e1ban, amikor neki\u00fctk\u00f6z\u00f6tt egy \u00e1ll\u00f3 busznak, olyan er\u0151vel, hogy az behorpadt.<\/p>\n<p><a href=\"https:\/\/d2p6e6u75xmxt8.cloudfront.net\/12\/2022\/08\/FYruVwmXoAA3txg.jpg\"><img loading=\"lazy\" decoding=\"async\" class=\"alignnone size-full wp-image-15548\" src=\"https:\/\/d2p6e6u75xmxt8.cloudfront.net\/12\/2022\/08\/FYruVwmXoAA3txg.jpg\" alt=\"\" width=\"510\" height=\"680\" srcset=\"https:\/\/d2p6e6u75xmxt8.cloudfront.net\/12\/2022\/08\/FYruVwmXoAA3txg.jpg 510w, https:\/\/d2p6e6u75xmxt8.cloudfront.net\/12\/2022\/08\/FYruVwmXoAA3txg-225x300.jpg 225w\" sizes=\"auto, (max-width: 510px) 100vw, 510px\" \/><\/a><\/p>\n<p>Bernal elt\u00f6rte a t\u00e9rdkal\u00e1cs\u00e1t, a combcsontj\u00e1t, t\u00f6bb csigoly\u00e1j\u00e1t \u00e9s n\u00e9h\u00e1ny bord\u00e1j\u00e1t, \u00e9s a mellkasa \u00e9s a t\u00fcdeje is megs\u00e9r\u00fclt. Nem sokkal a baleset ut\u00e1n az orvosok 5%-ot adtak neki a teljes fel\u00e9p\u00fcl\u00e9sre. Szerencs\u00e9re azonban Bernal remek\u00fcl halad a gy\u00f3gyul\u00e1s fel\u00e9, az azonban k\u00e9rd\u00e9s, hogy mennyi id\u0151 alatt \u00e9ri el \u00fajra r\u00e9gi, bajnoki \u00e1llapot\u00e1t, \u00e9s lesz-e m\u00e9g vajon a Jonas Vingegaard- Tadej Poga\u010dar versenyp\u00e1rosb\u00f3l tri\u00f3? A n\u00e9gyszeres Tour-gy\u0151ztes Chris Froome-nak t\u00f6bb mint h\u00e1rom \u00e9v\u00e9be telt, mire \u00fajra versenyezni tudott, \u00e9s m\u00e9g mindig t\u00e1vol van a cs\u00facsform\u00e1t\u00f3l. A balesete \u00f3ta nem is nyert versenyt.<\/p>\n<p>De Froome 12 \u00e9vvel id\u0151sebb Bernaln\u00e1l, ami jelent\u0151s k\u00fcl\u00f6nbs\u00e9get jelent mind a fel\u00e9p\u00fcl\u00e9s sebess\u00e9ge, mind az optim\u00e1lis forma tekintet\u00e9ben. A kolumbiai kerekest kezel\u0151 egyik orvos b\u00fcszk\u00e9n nyilatkozta \u00e1prilisban, hogy m\u00e1jusban \u00fajra nyeregbe \u00fclhet \u00e9s versenyezhet. <em>\u201e\u00dagy gondolom, hogy a balesetet k\u00f6vet\u0151 120. napon Egan visszaszerezheti az erej\u00e9t \u00e9s folytathatja a versenyt\u201d<\/em> \u2013 mondta Gustavo Uriza egy online sajt\u00f3t\u00e1j\u00e9koztat\u00f3n, amint arr\u00f3l a kolumbiai Sports h\u00edr\u00fcgyn\u00f6ks\u00e9g besz\u00e1molt. Ez a j\u00f3slat viszont egy\u00e9rtelm\u0171en t\u00fal optimista volt.<\/p>\n<p>J\u00falius 19-\u00e9n azonban <a href=\"https:\/\/twitter.com\/Eganbernal\/status\/1549418767133954048\">Bernal a Twitteren k\u00f6zz\u00e9tett egy f\u00e9nyk\u00e9pet<\/a>, amin ker\u00e9kp\u00e1ron \u00fcl a hegyekben, \u00e9s a megtett \u00fatvonalat is: 194,4 km, 5 \u00f3ra 50 perc alatt, 4004 m\u00e9ter szinttel. A fot\u00f3khoz az al\u00e1bbi sz\u00f6veget \u00edrta: \u201e<em>Valaki egyszer azt mondta nekem: R\u00f3ma nem egy nap alatt \u00e9p\u00fclt. Alig v\u00e1rom, hogy sok-sok t\u00fcrelem ut\u00e1n \u00fajra visszat\u00e9rhessek a versenybe.\u201d<\/em><\/p>\n<p>\u00c9s most \u00fagy t\u0171nik, van es\u00e9ly arra, hogy Bernal r\u00e9szt vegyen az augusztus 19-\u00e9n kezd\u0151d\u0151 Vuelta d&#8217;Espa\u00f1\u00e1n! A Radio MARCA-nak adott interj\u00faj\u00e1ban Javier Guill\u00e9n versenyigazgat\u00f3 elmondta, hogy a kolumbiai rajthoz \u00e1ll majd Utrechtben. Az Ineos Grenadiers egyel\u0151re hallgat, a csapat meger\u0151s\u00edt\u00e9s\u00e9re v\u00e1runk. T\u00e9ny azonban, hogy Bernal Andorr\u00e1ban edz t\u00e1rsaival, akik biztosan r\u00e9sztvesznek a Vuelt\u00e1n, de ez m\u00e9g nem bizony\u00edt semmit.<\/p>\n<p>Ha igaz a h\u00edr, az nagyszer\u0171 lenne Bernalnak, Ineos Genadiersnek \u00e9s a Vuelt\u00e1nak, nek\u00fcnk, ker\u00e9kp\u00e1ros rajong\u00f3knak, \u00e9s csod\u00e1latos a 2023-as Tour de France sz\u00e1m\u00e1ra!<\/p>\n","protected":false},"excerpt":{"rendered":"<p>Bernalr\u00f3l id\u00e9n sajnos m\u00e1s esem\u00e9nyek miatt besz\u00e9lt\u00fcnk, mint szerett\u00fcnk volna, \u00e9s mint p\u00e9ld\u00e1ul 2019-ben tett\u00fck, amikor megnyerte a Tour-t. Az\u00f3ta, [&hellip;]<\/p>\n","protected":false},"author":145,"featured_media":15549,"comment_status":"open","ping_status":"open","sticky":false,"template":"","format":"standard","meta":{"footnotes":""},"categories":[8],"tags":[],"global-categories":[419],"class_list":["post-15547","post","type-post","status-publish","format-standard","has-post-thumbnail","hentry","category-orszaguti-kerekpar","global-categories-cycling"],"yoast_head":"<!-- This site is optimized with the Yoast SEO Premium plugin v25.3 (Yoast SEO v25.9) - https:\/\/yoast.com\/wordpress\/plugins\/seo\/ -->\n<title>Egan Bernal hamarabb visszat\u00e9rhet, mint gondoltuk - \u0160koda We Love Cycling - Magyarorsz\u00e1g<\/title>\n<meta name=\"robots\" content=\"index, follow, max-snippet:-1, max-image-preview:large, max-video-preview:-1\" \/>\n<link rel=\"canonical\" href=\"https:\/\/www.welovecycling.com\/hu\/orszaguti-kerekpar\/egan-bernal-hamarabb-visszaterhet-mint-gondoltuk\/\" \/>\n<meta property=\"og:locale\" content=\"hu_HU\" \/>\n<meta property=\"og:type\" content=\"article\" \/>\n<meta property=\"og:title\" content=\"Egan Bernal hamarabb visszat\u00e9rhet, mint gondoltuk\" \/>\n<meta property=\"og:description\" content=\"Bernalr\u00f3l id\u00e9n sajnos m\u00e1s esem\u00e9nyek miatt besz\u00e9lt\u00fcnk, mint szerett\u00fcnk volna, \u00e9s mint p\u00e9ld\u00e1ul 2019-ben tett\u00fck, amikor megnyerte a Tour-t. Az\u00f3ta, [&hellip;]\" \/>\n<meta property=\"og:url\" content=\"https:\/\/www.welovecycling.com\/hu\/orszaguti-kerekpar\/egan-bernal-hamarabb-visszaterhet-mint-gondoltuk\/\" \/>\n<meta property=\"og:site_name\" content=\"\u0160koda We Love Cycling - Magyarorsz\u00e1g\" \/>\n<meta property=\"article:publisher\" content=\"https:\/\/www.facebook.com\/WeLoveCyclingHungary\/\" \/>\n<meta property=\"article:published_time\" content=\"2022-08-04T13:08:04+00:00\" \/>\n<meta property=\"og:image\" content=\"https:\/\/d2p6e6u75xmxt8.cloudfront.net\/12\/2022\/08\/Egan-Bernal-profimedia-0693079822-CVR.jpg\" \/>\n\t<meta property=\"og:image:width\" content=\"990\" \/>\n\t<meta property=\"og:image:height\" content=\"660\" \/>\n\t<meta property=\"og:image:type\" content=\"image\/jpeg\" \/>\n<meta name=\"author\" content=\"kitti\" \/>\n<meta name=\"twitter:card\" content=\"summary_large_image\" \/>\n<meta name=\"twitter:label1\" content=\"Written by\" \/>\n\t<meta name=\"twitter:data1\" content=\"We Love Cycling\" \/>\n\t<meta name=\"twitter:label2\" content=\"Est. reading time\" \/>\n\t<meta name=\"twitter:data2\" content=\"3 minutes\" \/>\n<script type=\"application\/ld+json\" class=\"yoast-schema-graph\">{\"@context\":\"https:\/\/schema.org\",\"@graph\":[{\"@type\":\"WebPage\",\"@id\":\"https:\/\/www.welovecycling.com\/hu\/orszaguti-kerekpar\/egan-bernal-hamarabb-visszaterhet-mint-gondoltuk\/\",\"url\":\"https:\/\/www.welovecycling.com\/hu\/orszaguti-kerekpar\/egan-bernal-hamarabb-visszaterhet-mint-gondoltuk\/\",\"name\":\"Egan Bernal hamarabb visszat\u00e9rhet, mint gondoltuk - \u0160koda We Love Cycling - Magyarorsz\u00e1g\",\"isPartOf\":{\"@id\":\"https:\/\/www.welovecycling.com\/hu\/#website\"},\"primaryImageOfPage\":{\"@id\":\"https:\/\/www.welovecycling.com\/hu\/orszaguti-kerekpar\/egan-bernal-hamarabb-visszaterhet-mint-gondoltuk\/#primaryimage\"},\"image\":{\"@id\":\"https:\/\/www.welovecycling.com\/hu\/orszaguti-kerekpar\/egan-bernal-hamarabb-visszaterhet-mint-gondoltuk\/#primaryimage\"},\"thumbnailUrl\":\"https:\/\/d2p6e6u75xmxt8.cloudfront.net\/12\/2022\/08\/Egan-Bernal-profimedia-0693079822-CVR.jpg\",\"datePublished\":\"2022-08-04T13:08:04+00:00\",\"author\":{\"@id\":\"https:\/\/www.welovecycling.com\/hu\/#\/schema\/person\/bec7dcdbcc59f58489cf603e4040ced1\"},\"breadcrumb\":{\"@id\":\"https:\/\/www.welovecycling.com\/hu\/orszaguti-kerekpar\/egan-bernal-hamarabb-visszaterhet-mint-gondoltuk\/#breadcrumb\"},\"inLanguage\":\"hu\",\"potentialAction\":[{\"@type\":\"ReadAction\",\"target\":[\"https:\/\/www.welovecycling.com\/hu\/orszaguti-kerekpar\/egan-bernal-hamarabb-visszaterhet-mint-gondoltuk\/\"]}]},{\"@type\":\"ImageObject\",\"inLanguage\":\"hu\",\"@id\":\"https:\/\/www.welovecycling.com\/hu\/orszaguti-kerekpar\/egan-bernal-hamarabb-visszaterhet-mint-gondoltuk\/#primaryimage\",\"url\":\"https:\/\/d2p6e6u75xmxt8.cloudfront.net\/12\/2022\/08\/Egan-Bernal-profimedia-0693079822-CVR.jpg\",\"contentUrl\":\"https:\/\/d2p6e6u75xmxt8.cloudfront.net\/12\/2022\/08\/Egan-Bernal-profimedia-0693079822-CVR.jpg\",\"width\":990,\"height\":660},{\"@type\":\"BreadcrumbList\",\"@id\":\"https:\/\/www.welovecycling.com\/hu\/orszaguti-kerekpar\/egan-bernal-hamarabb-visszaterhet-mint-gondoltuk\/#breadcrumb\",\"itemListElement\":[{\"@type\":\"ListItem\",\"position\":1,\"name\":\"Home\",\"item\":\"https:\/\/www.welovecycling.com\/hu\/\"},{\"@type\":\"ListItem\",\"position\":2,\"name\":\"Egan Bernal hamarabb visszat\u00e9rhet, mint gondoltuk\"}]},{\"@type\":\"WebSite\",\"@id\":\"https:\/\/www.welovecycling.com\/hu\/#website\",\"url\":\"https:\/\/www.welovecycling.com\/hu\/\",\"name\":\"\u0160koda We Love Cycling - Magyarorsz\u00e1g\",\"description\":\"\u0160koda WeLoveCycling\",\"potentialAction\":[{\"@type\":\"SearchAction\",\"target\":{\"@type\":\"EntryPoint\",\"urlTemplate\":\"https:\/\/www.welovecycling.com\/hu\/?s={search_term_string}\"},\"query-input\":{\"@type\":\"PropertyValueSpecification\",\"valueRequired\":true,\"valueName\":\"search_term_string\"}}],\"inLanguage\":\"hu\"},{\"@type\":\"Person\",\"@id\":\"https:\/\/www.welovecycling.com\/hu\/#\/schema\/person\/bec7dcdbcc59f58489cf603e4040ced1\",\"name\":\"kitti\",\"image\":{\"@type\":\"ImageObject\",\"inLanguage\":\"hu\",\"@id\":\"https:\/\/www.welovecycling.com\/hu\/#\/schema\/person\/image\/\",\"url\":\"https:\/\/secure.gravatar.com\/avatar\/e3196a110e1b57b96f56d92d10ce9bb4e9d7210076832a16243337e949410b52?s=96&d=mm&r=g\",\"contentUrl\":\"https:\/\/secure.gravatar.com\/avatar\/e3196a110e1b57b96f56d92d10ce9bb4e9d7210076832a16243337e949410b52?s=96&d=mm&r=g\",\"caption\":\"kitti\"},\"url\":\"https:\/\/www.welovecycling.com\/hu\/author\/kitti\/\"}]}<\/script>\n<!-- \/ Yoast SEO Premium plugin. -->","yoast_head_json":{"title":"Egan Bernal hamarabb visszat\u00e9rhet, mint gondoltuk - \u0160koda We Love Cycling - Magyarorsz\u00e1g","robots":{"index":"index","follow":"follow","max-snippet":"max-snippet:-1","max-image-preview":"max-image-preview:large","max-video-preview":"max-video-preview:-1"},"canonical":"https:\/\/www.welovecycling.com\/hu\/orszaguti-kerekpar\/egan-bernal-hamarabb-visszaterhet-mint-gondoltuk\/","og_locale":"hu_HU","og_type":"article","og_title":"Egan Bernal hamarabb visszat\u00e9rhet, mint gondoltuk","og_description":"Bernalr\u00f3l id\u00e9n sajnos m\u00e1s esem\u00e9nyek miatt besz\u00e9lt\u00fcnk, mint szerett\u00fcnk volna, \u00e9s mint p\u00e9ld\u00e1ul 2019-ben tett\u00fck, amikor megnyerte a Tour-t. Az\u00f3ta, [&hellip;]","og_url":"https:\/\/www.welovecycling.com\/hu\/orszaguti-kerekpar\/egan-bernal-hamarabb-visszaterhet-mint-gondoltuk\/","og_site_name":"\u0160koda We Love Cycling - Magyarorsz\u00e1g","article_publisher":"https:\/\/www.facebook.com\/WeLoveCyclingHungary\/","article_published_time":"2022-08-04T13:08:04+00:00","og_image":[{"width":990,"height":660,"url":"https:\/\/d2p6e6u75xmxt8.cloudfront.net\/12\/2022\/08\/Egan-Bernal-profimedia-0693079822-CVR.jpg","type":"image\/jpeg"}],"author":"kitti","twitter_card":"summary_large_image","twitter_misc":{"Written by":"We Love Cycling","Est. reading time":"3 minutes"},"schema":{"@context":"https:\/\/schema.org","@graph":[{"@type":"WebPage","@id":"https:\/\/www.welovecycling.com\/hu\/orszaguti-kerekpar\/egan-bernal-hamarabb-visszaterhet-mint-gondoltuk\/","url":"https:\/\/www.welovecycling.com\/hu\/orszaguti-kerekpar\/egan-bernal-hamarabb-visszaterhet-mint-gondoltuk\/","name":"Egan Bernal hamarabb visszat\u00e9rhet, mint gondoltuk - \u0160koda We Love Cycling - Magyarorsz\u00e1g","isPartOf":{"@id":"https:\/\/www.welovecycling.com\/hu\/#website"},"primaryImageOfPage":{"@id":"https:\/\/www.welovecycling.com\/hu\/orszaguti-kerekpar\/egan-bernal-hamarabb-visszaterhet-mint-gondoltuk\/#primaryimage"},"image":{"@id":"https:\/\/www.welovecycling.com\/hu\/orszaguti-kerekpar\/egan-bernal-hamarabb-visszaterhet-mint-gondoltuk\/#primaryimage"},"thumbnailUrl":"https:\/\/d2p6e6u75xmxt8.cloudfront.net\/12\/2022\/08\/Egan-Bernal-profimedia-0693079822-CVR.jpg","datePublished":"2022-08-04T13:08:04+00:00","author":{"@id":"https:\/\/www.welovecycling.com\/hu\/#\/schema\/person\/bec7dcdbcc59f58489cf603e4040ced1"},"breadcrumb":{"@id":"https:\/\/www.welovecycling.com\/hu\/orszaguti-kerekpar\/egan-bernal-hamarabb-visszaterhet-mint-gondoltuk\/#breadcrumb"},"inLanguage":"hu","potentialAction":[{"@type":"ReadAction","target":["https:\/\/www.welovecycling.com\/hu\/orszaguti-kerekpar\/egan-bernal-hamarabb-visszaterhet-mint-gondoltuk\/"]}]},{"@type":"ImageObject","inLanguage":"hu","@id":"https:\/\/www.welovecycling.com\/hu\/orszaguti-kerekpar\/egan-bernal-hamarabb-visszaterhet-mint-gondoltuk\/#primaryimage","url":"https:\/\/d2p6e6u75xmxt8.cloudfront.net\/12\/2022\/08\/Egan-Bernal-profimedia-0693079822-CVR.jpg","contentUrl":"https:\/\/d2p6e6u75xmxt8.cloudfront.net\/12\/2022\/08\/Egan-Bernal-profimedia-0693079822-CVR.jpg","width":990,"height":660},{"@type":"BreadcrumbList","@id":"https:\/\/www.welovecycling.com\/hu\/orszaguti-kerekpar\/egan-bernal-hamarabb-visszaterhet-mint-gondoltuk\/#breadcrumb","itemListElement":[{"@type":"ListItem","position":1,"name":"Home","item":"https:\/\/www.welovecycling.com\/hu\/"},{"@type":"ListItem","position":2,"name":"Egan Bernal hamarabb visszat\u00e9rhet, mint gondoltuk"}]},{"@type":"WebSite","@id":"https:\/\/www.welovecycling.com\/hu\/#website","url":"https:\/\/www.welovecycling.com\/hu\/","name":"\u0160koda We Love Cycling - Magyarorsz\u00e1g","description":"\u0160koda WeLoveCycling","potentialAction":[{"@type":"SearchAction","target":{"@type":"EntryPoint","urlTemplate":"https:\/\/www.welovecycling.com\/hu\/?s={search_term_string}"},"query-input":{"@type":"PropertyValueSpecification","valueRequired":true,"valueName":"search_term_string"}}],"inLanguage":"hu"},{"@type":"Person","@id":"https:\/\/www.welovecycling.com\/hu\/#\/schema\/person\/bec7dcdbcc59f58489cf603e4040ced1","name":"kitti","image":{"@type":"ImageObject","inLanguage":"hu","@id":"https:\/\/www.welovecycling.com\/hu\/#\/schema\/person\/image\/","url":"https:\/\/secure.gravatar.com\/avatar\/e3196a110e1b57b96f56d92d10ce9bb4e9d7210076832a16243337e949410b52?s=96&d=mm&r=g","contentUrl":"https:\/\/secure.gravatar.com\/avatar\/e3196a110e1b57b96f56d92d10ce9bb4e9d7210076832a16243337e949410b52?s=96&d=mm&r=g","caption":"kitti"},"url":"https:\/\/www.welovecycling.com\/hu\/author\/kitti\/"}]}},"_links":{"self":[{"href":"https:\/\/www.welovecycling.com\/hu\/wp-json\/wp\/v2\/posts\/15547","targetHints":{"allow":["GET"]}}],"collection":[{"href":"https:\/\/www.welovecycling.com\/hu\/wp-json\/wp\/v2\/posts"}],"about":[{"href":"https:\/\/www.welovecycling.com\/hu\/wp-json\/wp\/v2\/types\/post"}],"author":[{"embeddable":true,"href":"https:\/\/www.welovecycling.com\/hu\/wp-json\/wp\/v2\/users\/145"}],"replies":[{"embeddable":true,"href":"https:\/\/www.welovecycling.com\/hu\/wp-json\/wp\/v2\/comments?post=15547"}],"version-history":[{"count":1,"href":"https:\/\/www.welovecycling.com\/hu\/wp-json\/wp\/v2\/posts\/15547\/revisions"}],"predecessor-version":[{"id":15550,"href":"https:\/\/www.welovecycling.com\/hu\/wp-json\/wp\/v2\/posts\/15547\/revisions\/15550"}],"wp:featuredmedia":[{"embeddable":true,"href":"https:\/\/www.welovecycling.com\/hu\/wp-json\/wp\/v2\/media\/15549"}],"wp:attachment":[{"href":"https:\/\/www.welovecycling.com\/hu\/wp-json\/wp\/v2\/media?parent=15547"}],"wp:term":[{"taxonomy":"category","embeddable":true,"href":"https:\/\/www.welovecycling.com\/hu\/wp-json\/wp\/v2\/categories?post=15547"},{"taxonomy":"post_tag","embeddable":true,"href":"https:\/\/www.welovecycling.com\/hu\/wp-json\/wp\/v2\/tags?post=15547"},{"taxonomy":"global-categories","embeddable":true,"href":"https:\/\/www.welovecycling.com\/hu\/wp-json\/wp\/v2\/global-categories?post=15547"}],"curies":[{"name":"wp","href":"https:\/\/api.w.org\/{rel}","templated":true}]}}