{"id":15533,"date":"2022-08-02T12:49:10","date_gmt":"2022-08-02T10:49:10","guid":{"rendered":"https:\/\/www.welovecycling.com\/hu\/?p=15533"},"modified":"2022-08-02T12:49:10","modified_gmt":"2022-08-02T10:49:10","slug":"5-ikonikus-pillanat-ami-segitett-kikovezni-a-tour-de-france-femmeshez-vezeto-utat","status":"publish","type":"post","link":"https:\/\/www.welovecycling.com\/hu\/orszaguti-kerekpar\/5-ikonikus-pillanat-ami-segitett-kikovezni-a-tour-de-france-femmeshez-vezeto-utat\/","title":{"rendered":"5 ikonikus pillanat, ami seg\u00edtett kik\u00f6vezni a Tour de France Femmeshez vezet\u0151 utat"},"content":{"rendered":"<p><strong>A n\u0151i ker\u00e9kp\u00e1roz\u00e1s elk\u00e9peszt\u0151en men\u0151. Tele van l\u00e9legzetel\u00e1ll\u00edt\u00f3 pillanatokkal, izgalmas fordulatokkal \u00e9s \u00e9vr\u0151l \u00e9vre magasabb szint\u0171 versenyekkel. \u00c9s szerencs\u00e9re egyre t\u00f6bbet l\u00e1tunk bel\u0151le. Amikor \u00e9l\u0151 ad\u00e1sban lehet\u00fcnk szemtan\u00fai az esem\u00e9nyeknek, melyek beker\u00fclnek a ker\u00e9kp\u00e1ros t\u00f6rt\u00e9nelembe, akkor \u00e9rtj\u00fck meg igaz\u00e1n, milyen kem\u00e9ny munka \u00e9s mennyi \u00e1ldozat \u00e1ll a n\u0151i mez\u0151ny m\u00f6g\u00f6tt.<\/strong><\/p>\n<p><!--more--><\/p>\n<p>Mert ha tudsz valamit a n\u0151i ker\u00e9kp\u00e1roz\u00e1sr\u00f3l, akkor tudod, hogy milyen leny\u0171g\u00f6z\u0151 t\u00f6rt\u00e9net vezetett a francia verseny megrendez\u00e9s\u00e9ig, tele bajnokokkal, akik hihetetlen neh\u00e9zs\u00e9geket gy\u0151ztek le, hogy a sport\u00e1g el\u00e9rje mai form\u00e1j\u00e1t. B\u00e1r a n\u0151k az 1800-as \u00e9vek \u00f3ta versenyeznek (ak\u00e1rcsak a f\u00e9rfiak), a dokument\u00e1ci\u00f3 igencsak hi\u00e1nyos. A fejl\u0151d\u00e9s sz\u00e1mos olyan esem\u00e9nyen vezetett kereszt\u00fcl, melyek n\u00e9h\u00e1ny \u00e9vig vir\u00e1goztak, azt\u00e1n finansz\u00edroz\u00e1s hi\u00e1ny\u00e1ban eleny\u00e9sztek.<\/p>\n<p>Szerencs\u00e9re ez azonban v\u00e1ltozni l\u00e1tszik! Most, hogy lezajlott a 2022-es Tour de France Femmes, itt az ideje kicsit visszan\u00e9zni a m\u00faltba: milyen ikonikus pillanatok k\u00f6vezt\u00e9k ki a jelen nagyjainak \u00fatj\u00e1t?<\/p>\n<p><strong>Beryl Burton \u00faj (n\u0151i \u00e9s f\u00e9rfi) rekordot \u00e1ll\u00edtott fel a 12 \u00f3r\u00e1s id\u0151futamon<\/strong><\/p>\n<p>Nem besz\u00e9lhet\u00fcnk a n\u0151i ker\u00e9kp\u00e1roz\u00e1sr\u00f3l Beryl Burton eml\u00edt\u00e9se n\u00e9lk\u00fcl \u2013 \u00e9s ennek j\u00f3 oka van. A ker\u00e9kp\u00e1roz\u00e1s \u00fatt\u00f6r\u0151je h\u00e1ztart\u00e1st vezetett \u00e9s gyereket nevelt, mik\u00f6zben 96 brit bajnoki c\u00edmet szerzett 30 \u00e9ves karrierje sor\u00e1n. K\u00f6zt\u00fck 25 egym\u00e1st k\u00f6vet\u0151 id\u0151futam bajnoki titulus\u00e1t, n\u00e9gy \u00e9vtizeden \u00e1t.<\/p>\n<figure id=\"attachment_15534\" aria-describedby=\"caption-attachment-15534\" style=\"width: 1024px\" class=\"wp-caption alignnone\"><a href=\"https:\/\/d2p6e6u75xmxt8.cloudfront.net\/12\/2022\/08\/Beryl-Burton-racing.jpg\"><img loading=\"lazy\" decoding=\"async\" class=\"size-full wp-image-15534\" src=\"https:\/\/d2p6e6u75xmxt8.cloudfront.net\/12\/2022\/08\/Beryl-Burton-racing.jpg\" alt=\"\" width=\"1024\" height=\"673\" srcset=\"https:\/\/d2p6e6u75xmxt8.cloudfront.net\/12\/2022\/08\/Beryl-Burton-racing.jpg 1024w, https:\/\/d2p6e6u75xmxt8.cloudfront.net\/12\/2022\/08\/Beryl-Burton-racing-300x197.jpg 300w, https:\/\/d2p6e6u75xmxt8.cloudfront.net\/12\/2022\/08\/Beryl-Burton-racing-768x505.jpg 768w\" sizes=\"auto, (max-width: 1024px) 100vw, 1024px\" \/><\/a><figcaption id=\"caption-attachment-15534\" class=\"wp-caption-text\">Beryl Burton val\u00f3di legenda.<\/figcaption><\/figure>\n<p>Az egyik legszebb pillanata 1967-ben t\u00f6rt\u00e9nt, amikor egy 12 \u00f3r\u00e1s id\u0151futamon \u00faj rekordot \u00e1ll\u00edtott fel, mind a n\u0151i, mind a f\u00e9rfi ker\u00e9kp\u00e1roz\u00e1sban. Ahogy az a nev\u00e9b\u0151l is l\u00e1tszik, egy nagyon meger\u0151ltet\u0151 versenyr\u0151l van sz\u00f3, ahol Burton 99 f\u00e9rfit el\u0151z\u00f6tt meg. A m\u00e1sodik helyezett Mike McNamara lett, aki szint\u00e9n a f\u00e9rfi rekord megd\u00f6nt\u00e9s\u00e9t vette c\u00e9lba. J\u00f3 versenyt\u00e1rsk\u00e9nt Burton vigasztalta, amikor elhaladt mellette. Sz\u00e9p volt, Beryl!<\/p>\n<p><strong>Connie Carpenter-Phinney t\u00f6rt\u00e9nelmet \u00edrt az 1984-es olimpi\u00e1n<\/strong><\/p>\n<p>Az 1984-es olimpia volt az els\u0151 alkalom, hogy a n\u0151i ker\u00e9kp\u00e1roz\u00e1s is versenysz\u00e1m lett, \u00e9s azt, hogy m\u00e1r r\u00e9g itt volt ennek az ideje semmi sem bizony\u00edtotta jobban, mint a kb. 200\u00a0000 ember, aki a helysz\u00ednen szurkolt. 45 versenyz\u0151 \u00e1llt rajthoz, k\u00f6zt\u00fck a francia Jeannie Longo is, mint egy\u00e9rtelm\u0171 favorit. Amikor azonban elszakadt a l\u00e1nca egy sprint sor\u00e1n, m\u00e1r b\u00e1rki nyerhetett.<\/p>\n<p>\u00dagy t\u0171nt, Rebbecca Twigg \u00e9r el\u0151sz\u00f6r c\u00e9lba \u2013 legal\u00e1bbis azel\u0151tt, hogy Connie Carpenter-Phinney k\u00e9sei lend\u00fclettel meg\u00e9rkezett a versenybe \u00e9s egy m\u00f3dszeres sprinttel \u00e1tvette a vezet\u00e9st. 80,3 km versenyz\u00e9s ut\u00e1n Carpenter-Phinney lett az els\u0151 n\u0151, aki arany\u00e9rmet nyert olimpiai ker\u00e9kp\u00e1roz\u00e1sban, \u00e9s mind\u00f6ssze hat centim\u00e9terrel gy\u0151z\u00f6tt. Az izgalmas \u00e9s kisz\u00e1m\u00edthatatlan k\u00fczdelmet im\u00e1dta a k\u00f6z\u00f6ns\u00e9g. \u00cdzel\u00edt\u0151t ny\u00fajtott abb\u00f3l, amire azt\u00e1n m\u00e9g olyan sokat kellett v\u00e1rni.<\/p>\n<p><strong>Nicole Cooke halomra halmozta az elismer\u00e9seket 2008-ban<\/strong><\/p>\n<p>Szint\u00e9n a t\u00f6rt\u00e9nelemk\u00f6nyvekbe illik Nicole Cooke brit versenyz\u0151 2008-as szezonja, ami minden bizonnyal hozz\u00e1j\u00e1rult a sport fejl\u0151d\u00e9s\u00e9hez. Gy\u0151z\u00f6tt a pekingi olimpi\u00e1n, \u00e9s \u0151 lett a t\u00f6rt\u00e9nelem els\u0151 brit n\u0151i sportol\u00f3ja, aki olimpiai arany\u00e9rmet nyert ker\u00e9kp\u00e1roz\u00e1sban. De nem \u00fcld\u00f6g\u00e9lt a bab\u00e9rjain: ugyanebben az \u00e9vben megnyerte a vil\u00e1gbajnoks\u00e1got \u2013 \u0151 volt az els\u0151 kerekes, aki ugyanabban az \u00e9vben k\u00e9t ilyen eredm\u00e9nyt is el\u00e9rt. Ezek a leny\u0171g\u00f6z\u0151 sikerek seg\u00edtett\u00e9k el\u0151, hogy komolyan vegy\u00e9k a n\u0151i ker\u00e9kp\u00e1roz\u00e1st a szponzorok is.<\/p>\n<p><strong>Marianne Vos elk\u00e9peszt\u0151 szezont z\u00e1rt 2012-ben<\/strong><\/p>\n<p>Marianne Vos, akit m\u00e1r t\u00f6bbsz\u00f6r illettek a vil\u00e1g legjobb versenyz\u0151je n\u00e9vvel, t\u00f6bb mint egy \u00e9vtizeddel ezel\u0151tt \u00edrta be mag\u00e1t a t\u00f6rt\u00e9nelembe. 2012-ben n\u00e9gy k\u00fcl\u00f6nb\u00f6z\u0151 szak\u00e1gban szerzett gy\u0151zelmet: orsz\u00e1g\u00fati versenyz\u00e9sben, p\u00e1lyaversenyz\u00e9sben, hegyi ker\u00e9kp\u00e1roz\u00e1sban \u00e9s cyclocrossban. \u00c9rdemes megeml\u00edteni, hogy soha egy f\u00e9rfi sem domin\u00e1lt egyszerre ennyi ter\u00fcleten.<\/p>\n<p>Visszat\u00e9rve Voshoz: 2012-ben, 25 \u00e9vesen Vos megnyerte az olimpiai orsz\u00e1g\u00fati versenyt, a vil\u00e1gbajnoki orsz\u00e1g\u00fati versenyt, a n\u0151i Gir\u00f3t \u00e9s a vil\u00e1gkup\u00e1t. Sz\u00e1mos lap nevezte az \u00e9v ker\u00e9kp\u00e1ros\u00e1nak, \u00e9s kritikus szerepet j\u00e1tszott abban, hogy felker\u00fclj\u00f6n a sport a t\u00e9rk\u00e9pre. Ezut\u00e1n a szezon ut\u00e1n tartott n\u00e9h\u00e1ny \u00e9v sz\u00fcnetet, majd \u00fajra nyeregbe \u00fclt, \u00e9s id\u00e9n megszerezte a Tour de France Femmes z\u00f6ld trik\u00f3j\u00e1t! Nem csak k\u00e9t ker\u00e9ken tev\u00e9keny: mer\u00e9sz sz\u00f3sz\u00f3l\u00f3ja a nemek k\u00f6z\u00f6tti egyenl\u0151s\u00e9gnek a sportban \u00e9s f\u00e1radhatatlanul k\u00fczd m\u00e1s n\u0151k siker\u00e9\u00e9rt is.<\/p>\n<p><strong>2021-ben megrendezt\u00e9k az els\u0151 P\u00e1rizs-Roubaix Femmest<\/strong><\/p>\n<p>Az utols\u00f3 m\u00e9rf\u00f6ldk\u0151, amely megnyitotta az utat a Tour de France Femmes sz\u00e1m\u00e1ra, egy m\u00e1sik ikonikus francia verseny megrendez\u00e9se volt, amire m\u00e1r r\u00e9g\u00f3ta v\u00e1rtak a n\u0151i kerekesek. A Covid miatt t\u00f6bb mint egy \u00e9v k\u00e9s\u00e9ssel, de megval\u00f3sult a P\u00e1rizs-Roubaix Femmes. Az \u00fatvonal a f\u00e9rfiak szakaszainak ler\u00f6vid\u00edtett v\u00e1ltozata volt, azonban \u00edgy is volt lehet\u0151s\u00e9g\u00fck a n\u0151knek is a s\u00edkos, s\u00e1ros macskak\u00f6v\u00f6n tekerni az id\u0151szer\u0171 es\u0151z\u00e9snek k\u00f6sz\u00f6nhet\u0151en. M\u00e9g 80 km volt h\u00e1tra a versenyb\u0151l, amikor Deignan els\u0151k\u00e9nt \u00e9rte el a macskak\u00f6ves szakaszt, \u00e9s meg is \u0151rizte az el\u0151ny\u00e9t. Diadalmenete d\u00f6nt\u0151 pillanat volt a n\u0151i mez\u0151ny sz\u00e1m\u00e1ra, \u00e9s tov\u00e1bb \u00e9p\u00edtette a sport\u00e1g t\u00f6rt\u00e9net\u00e9t \u00e9s kult\u00far\u00e1j\u00e1t.<\/p>\n","protected":false},"excerpt":{"rendered":"<p>A n\u0151i ker\u00e9kp\u00e1roz\u00e1s elk\u00e9peszt\u0151en men\u0151. Tele van l\u00e9legzetel\u00e1ll\u00edt\u00f3 pillanatokkal, izgalmas fordulatokkal \u00e9s \u00e9vr\u0151l \u00e9vre magasabb szint\u0171 versenyekkel. \u00c9s szerencs\u00e9re egyre [&hellip;]<\/p>\n","protected":false},"author":145,"featured_media":15535,"comment_status":"open","ping_status":"open","sticky":false,"template":"","format":"standard","meta":{"footnotes":""},"categories":[8],"tags":[],"global-categories":[419],"class_list":["post-15533","post","type-post","status-publish","format-standard","has-post-thumbnail","hentry","category-orszaguti-kerekpar","global-categories-cycling"],"yoast_head":"<!-- This site is optimized with the Yoast SEO Premium plugin v25.3 (Yoast SEO v25.9) - https:\/\/yoast.com\/wordpress\/plugins\/seo\/ -->\n<title>5 ikonikus pillanat, ami seg\u00edtett kik\u00f6vezni a Tour de France Femmeshez vezet\u0151 utat - \u0160koda We Love Cycling - Magyarorsz\u00e1g<\/title>\n<meta name=\"robots\" content=\"index, follow, max-snippet:-1, max-image-preview:large, max-video-preview:-1\" \/>\n<link rel=\"canonical\" href=\"https:\/\/www.welovecycling.com\/hu\/orszaguti-kerekpar\/5-ikonikus-pillanat-ami-segitett-kikovezni-a-tour-de-france-femmeshez-vezeto-utat\/\" \/>\n<meta property=\"og:locale\" content=\"hu_HU\" \/>\n<meta property=\"og:type\" content=\"article\" \/>\n<meta property=\"og:title\" content=\"5 ikonikus pillanat, ami seg\u00edtett kik\u00f6vezni a Tour de France Femmeshez vezet\u0151 utat\" \/>\n<meta property=\"og:description\" content=\"A n\u0151i ker\u00e9kp\u00e1roz\u00e1s elk\u00e9peszt\u0151en men\u0151. Tele van l\u00e9legzetel\u00e1ll\u00edt\u00f3 pillanatokkal, izgalmas fordulatokkal \u00e9s \u00e9vr\u0151l \u00e9vre magasabb szint\u0171 versenyekkel. \u00c9s szerencs\u00e9re egyre [&hellip;]\" \/>\n<meta property=\"og:url\" content=\"https:\/\/www.welovecycling.com\/hu\/orszaguti-kerekpar\/5-ikonikus-pillanat-ami-segitett-kikovezni-a-tour-de-france-femmeshez-vezeto-utat\/\" \/>\n<meta property=\"og:site_name\" content=\"\u0160koda We Love Cycling - Magyarorsz\u00e1g\" \/>\n<meta property=\"article:publisher\" content=\"https:\/\/www.facebook.com\/WeLoveCyclingHungary\/\" \/>\n<meta property=\"article:published_time\" content=\"2022-08-02T10:49:10+00:00\" \/>\n<meta property=\"og:image\" content=\"https:\/\/d2p6e6u75xmxt8.cloudfront.net\/12\/2022\/08\/2022-Tour-de-France-Peloton-profimedia-0710474662-CVR.jpg\" \/>\n\t<meta property=\"og:image:width\" content=\"990\" \/>\n\t<meta property=\"og:image:height\" content=\"660\" \/>\n\t<meta property=\"og:image:type\" content=\"image\/jpeg\" \/>\n<meta name=\"author\" content=\"kitti\" \/>\n<meta name=\"twitter:card\" content=\"summary_large_image\" \/>\n<meta name=\"twitter:label1\" content=\"Written by\" \/>\n\t<meta name=\"twitter:data1\" content=\"We Love Cycling\" \/>\n\t<meta name=\"twitter:label2\" content=\"Est. reading time\" \/>\n\t<meta name=\"twitter:data2\" content=\"5 minutes\" \/>\n<script type=\"application\/ld+json\" class=\"yoast-schema-graph\">{\"@context\":\"https:\/\/schema.org\",\"@graph\":[{\"@type\":\"WebPage\",\"@id\":\"https:\/\/www.welovecycling.com\/hu\/orszaguti-kerekpar\/5-ikonikus-pillanat-ami-segitett-kikovezni-a-tour-de-france-femmeshez-vezeto-utat\/\",\"url\":\"https:\/\/www.welovecycling.com\/hu\/orszaguti-kerekpar\/5-ikonikus-pillanat-ami-segitett-kikovezni-a-tour-de-france-femmeshez-vezeto-utat\/\",\"name\":\"5 ikonikus pillanat, ami seg\u00edtett kik\u00f6vezni a Tour de France Femmeshez vezet\u0151 utat - \u0160koda We Love Cycling - Magyarorsz\u00e1g\",\"isPartOf\":{\"@id\":\"https:\/\/www.welovecycling.com\/hu\/#website\"},\"primaryImageOfPage\":{\"@id\":\"https:\/\/www.welovecycling.com\/hu\/orszaguti-kerekpar\/5-ikonikus-pillanat-ami-segitett-kikovezni-a-tour-de-france-femmeshez-vezeto-utat\/#primaryimage\"},\"image\":{\"@id\":\"https:\/\/www.welovecycling.com\/hu\/orszaguti-kerekpar\/5-ikonikus-pillanat-ami-segitett-kikovezni-a-tour-de-france-femmeshez-vezeto-utat\/#primaryimage\"},\"thumbnailUrl\":\"https:\/\/d2p6e6u75xmxt8.cloudfront.net\/12\/2022\/08\/2022-Tour-de-France-Peloton-profimedia-0710474662-CVR.jpg\",\"datePublished\":\"2022-08-02T10:49:10+00:00\",\"author\":{\"@id\":\"https:\/\/www.welovecycling.com\/hu\/#\/schema\/person\/bec7dcdbcc59f58489cf603e4040ced1\"},\"breadcrumb\":{\"@id\":\"https:\/\/www.welovecycling.com\/hu\/orszaguti-kerekpar\/5-ikonikus-pillanat-ami-segitett-kikovezni-a-tour-de-france-femmeshez-vezeto-utat\/#breadcrumb\"},\"inLanguage\":\"hu\",\"potentialAction\":[{\"@type\":\"ReadAction\",\"target\":[\"https:\/\/www.welovecycling.com\/hu\/orszaguti-kerekpar\/5-ikonikus-pillanat-ami-segitett-kikovezni-a-tour-de-france-femmeshez-vezeto-utat\/\"]}]},{\"@type\":\"ImageObject\",\"inLanguage\":\"hu\",\"@id\":\"https:\/\/www.welovecycling.com\/hu\/orszaguti-kerekpar\/5-ikonikus-pillanat-ami-segitett-kikovezni-a-tour-de-france-femmeshez-vezeto-utat\/#primaryimage\",\"url\":\"https:\/\/d2p6e6u75xmxt8.cloudfront.net\/12\/2022\/08\/2022-Tour-de-France-Peloton-profimedia-0710474662-CVR.jpg\",\"contentUrl\":\"https:\/\/d2p6e6u75xmxt8.cloudfront.net\/12\/2022\/08\/2022-Tour-de-France-Peloton-profimedia-0710474662-CVR.jpg\",\"width\":990,\"height\":660},{\"@type\":\"BreadcrumbList\",\"@id\":\"https:\/\/www.welovecycling.com\/hu\/orszaguti-kerekpar\/5-ikonikus-pillanat-ami-segitett-kikovezni-a-tour-de-france-femmeshez-vezeto-utat\/#breadcrumb\",\"itemListElement\":[{\"@type\":\"ListItem\",\"position\":1,\"name\":\"Home\",\"item\":\"https:\/\/www.welovecycling.com\/hu\/\"},{\"@type\":\"ListItem\",\"position\":2,\"name\":\"5 ikonikus pillanat, ami seg\u00edtett kik\u00f6vezni a Tour de France Femmeshez vezet\u0151 utat\"}]},{\"@type\":\"WebSite\",\"@id\":\"https:\/\/www.welovecycling.com\/hu\/#website\",\"url\":\"https:\/\/www.welovecycling.com\/hu\/\",\"name\":\"\u0160koda We Love Cycling - Magyarorsz\u00e1g\",\"description\":\"\u0160koda WeLoveCycling\",\"potentialAction\":[{\"@type\":\"SearchAction\",\"target\":{\"@type\":\"EntryPoint\",\"urlTemplate\":\"https:\/\/www.welovecycling.com\/hu\/?s={search_term_string}\"},\"query-input\":{\"@type\":\"PropertyValueSpecification\",\"valueRequired\":true,\"valueName\":\"search_term_string\"}}],\"inLanguage\":\"hu\"},{\"@type\":\"Person\",\"@id\":\"https:\/\/www.welovecycling.com\/hu\/#\/schema\/person\/bec7dcdbcc59f58489cf603e4040ced1\",\"name\":\"kitti\",\"image\":{\"@type\":\"ImageObject\",\"inLanguage\":\"hu\",\"@id\":\"https:\/\/www.welovecycling.com\/hu\/#\/schema\/person\/image\/\",\"url\":\"https:\/\/secure.gravatar.com\/avatar\/e3196a110e1b57b96f56d92d10ce9bb4e9d7210076832a16243337e949410b52?s=96&d=mm&r=g\",\"contentUrl\":\"https:\/\/secure.gravatar.com\/avatar\/e3196a110e1b57b96f56d92d10ce9bb4e9d7210076832a16243337e949410b52?s=96&d=mm&r=g\",\"caption\":\"kitti\"},\"url\":\"https:\/\/www.welovecycling.com\/hu\/author\/kitti\/\"}]}<\/script>\n<!-- \/ Yoast SEO Premium plugin. -->","yoast_head_json":{"title":"5 ikonikus pillanat, ami seg\u00edtett kik\u00f6vezni a Tour de France Femmeshez vezet\u0151 utat - \u0160koda We Love Cycling - Magyarorsz\u00e1g","robots":{"index":"index","follow":"follow","max-snippet":"max-snippet:-1","max-image-preview":"max-image-preview:large","max-video-preview":"max-video-preview:-1"},"canonical":"https:\/\/www.welovecycling.com\/hu\/orszaguti-kerekpar\/5-ikonikus-pillanat-ami-segitett-kikovezni-a-tour-de-france-femmeshez-vezeto-utat\/","og_locale":"hu_HU","og_type":"article","og_title":"5 ikonikus pillanat, ami seg\u00edtett kik\u00f6vezni a Tour de France Femmeshez vezet\u0151 utat","og_description":"A n\u0151i ker\u00e9kp\u00e1roz\u00e1s elk\u00e9peszt\u0151en men\u0151. Tele van l\u00e9legzetel\u00e1ll\u00edt\u00f3 pillanatokkal, izgalmas fordulatokkal \u00e9s \u00e9vr\u0151l \u00e9vre magasabb szint\u0171 versenyekkel. \u00c9s szerencs\u00e9re egyre [&hellip;]","og_url":"https:\/\/www.welovecycling.com\/hu\/orszaguti-kerekpar\/5-ikonikus-pillanat-ami-segitett-kikovezni-a-tour-de-france-femmeshez-vezeto-utat\/","og_site_name":"\u0160koda We Love Cycling - Magyarorsz\u00e1g","article_publisher":"https:\/\/www.facebook.com\/WeLoveCyclingHungary\/","article_published_time":"2022-08-02T10:49:10+00:00","og_image":[{"width":990,"height":660,"url":"https:\/\/d2p6e6u75xmxt8.cloudfront.net\/12\/2022\/08\/2022-Tour-de-France-Peloton-profimedia-0710474662-CVR.jpg","type":"image\/jpeg"}],"author":"kitti","twitter_card":"summary_large_image","twitter_misc":{"Written by":"We Love Cycling","Est. reading time":"5 minutes"},"schema":{"@context":"https:\/\/schema.org","@graph":[{"@type":"WebPage","@id":"https:\/\/www.welovecycling.com\/hu\/orszaguti-kerekpar\/5-ikonikus-pillanat-ami-segitett-kikovezni-a-tour-de-france-femmeshez-vezeto-utat\/","url":"https:\/\/www.welovecycling.com\/hu\/orszaguti-kerekpar\/5-ikonikus-pillanat-ami-segitett-kikovezni-a-tour-de-france-femmeshez-vezeto-utat\/","name":"5 ikonikus pillanat, ami seg\u00edtett kik\u00f6vezni a Tour de France Femmeshez vezet\u0151 utat - \u0160koda We Love Cycling - Magyarorsz\u00e1g","isPartOf":{"@id":"https:\/\/www.welovecycling.com\/hu\/#website"},"primaryImageOfPage":{"@id":"https:\/\/www.welovecycling.com\/hu\/orszaguti-kerekpar\/5-ikonikus-pillanat-ami-segitett-kikovezni-a-tour-de-france-femmeshez-vezeto-utat\/#primaryimage"},"image":{"@id":"https:\/\/www.welovecycling.com\/hu\/orszaguti-kerekpar\/5-ikonikus-pillanat-ami-segitett-kikovezni-a-tour-de-france-femmeshez-vezeto-utat\/#primaryimage"},"thumbnailUrl":"https:\/\/d2p6e6u75xmxt8.cloudfront.net\/12\/2022\/08\/2022-Tour-de-France-Peloton-profimedia-0710474662-CVR.jpg","datePublished":"2022-08-02T10:49:10+00:00","author":{"@id":"https:\/\/www.welovecycling.com\/hu\/#\/schema\/person\/bec7dcdbcc59f58489cf603e4040ced1"},"breadcrumb":{"@id":"https:\/\/www.welovecycling.com\/hu\/orszaguti-kerekpar\/5-ikonikus-pillanat-ami-segitett-kikovezni-a-tour-de-france-femmeshez-vezeto-utat\/#breadcrumb"},"inLanguage":"hu","potentialAction":[{"@type":"ReadAction","target":["https:\/\/www.welovecycling.com\/hu\/orszaguti-kerekpar\/5-ikonikus-pillanat-ami-segitett-kikovezni-a-tour-de-france-femmeshez-vezeto-utat\/"]}]},{"@type":"ImageObject","inLanguage":"hu","@id":"https:\/\/www.welovecycling.com\/hu\/orszaguti-kerekpar\/5-ikonikus-pillanat-ami-segitett-kikovezni-a-tour-de-france-femmeshez-vezeto-utat\/#primaryimage","url":"https:\/\/d2p6e6u75xmxt8.cloudfront.net\/12\/2022\/08\/2022-Tour-de-France-Peloton-profimedia-0710474662-CVR.jpg","contentUrl":"https:\/\/d2p6e6u75xmxt8.cloudfront.net\/12\/2022\/08\/2022-Tour-de-France-Peloton-profimedia-0710474662-CVR.jpg","width":990,"height":660},{"@type":"BreadcrumbList","@id":"https:\/\/www.welovecycling.com\/hu\/orszaguti-kerekpar\/5-ikonikus-pillanat-ami-segitett-kikovezni-a-tour-de-france-femmeshez-vezeto-utat\/#breadcrumb","itemListElement":[{"@type":"ListItem","position":1,"name":"Home","item":"https:\/\/www.welovecycling.com\/hu\/"},{"@type":"ListItem","position":2,"name":"5 ikonikus pillanat, ami seg\u00edtett kik\u00f6vezni a Tour de France Femmeshez vezet\u0151 utat"}]},{"@type":"WebSite","@id":"https:\/\/www.welovecycling.com\/hu\/#website","url":"https:\/\/www.welovecycling.com\/hu\/","name":"\u0160koda We Love Cycling - Magyarorsz\u00e1g","description":"\u0160koda WeLoveCycling","potentialAction":[{"@type":"SearchAction","target":{"@type":"EntryPoint","urlTemplate":"https:\/\/www.welovecycling.com\/hu\/?s={search_term_string}"},"query-input":{"@type":"PropertyValueSpecification","valueRequired":true,"valueName":"search_term_string"}}],"inLanguage":"hu"},{"@type":"Person","@id":"https:\/\/www.welovecycling.com\/hu\/#\/schema\/person\/bec7dcdbcc59f58489cf603e4040ced1","name":"kitti","image":{"@type":"ImageObject","inLanguage":"hu","@id":"https:\/\/www.welovecycling.com\/hu\/#\/schema\/person\/image\/","url":"https:\/\/secure.gravatar.com\/avatar\/e3196a110e1b57b96f56d92d10ce9bb4e9d7210076832a16243337e949410b52?s=96&d=mm&r=g","contentUrl":"https:\/\/secure.gravatar.com\/avatar\/e3196a110e1b57b96f56d92d10ce9bb4e9d7210076832a16243337e949410b52?s=96&d=mm&r=g","caption":"kitti"},"url":"https:\/\/www.welovecycling.com\/hu\/author\/kitti\/"}]}},"_links":{"self":[{"href":"https:\/\/www.welovecycling.com\/hu\/wp-json\/wp\/v2\/posts\/15533","targetHints":{"allow":["GET"]}}],"collection":[{"href":"https:\/\/www.welovecycling.com\/hu\/wp-json\/wp\/v2\/posts"}],"about":[{"href":"https:\/\/www.welovecycling.com\/hu\/wp-json\/wp\/v2\/types\/post"}],"author":[{"embeddable":true,"href":"https:\/\/www.welovecycling.com\/hu\/wp-json\/wp\/v2\/users\/145"}],"replies":[{"embeddable":true,"href":"https:\/\/www.welovecycling.com\/hu\/wp-json\/wp\/v2\/comments?post=15533"}],"version-history":[{"count":1,"href":"https:\/\/www.welovecycling.com\/hu\/wp-json\/wp\/v2\/posts\/15533\/revisions"}],"predecessor-version":[{"id":15536,"href":"https:\/\/www.welovecycling.com\/hu\/wp-json\/wp\/v2\/posts\/15533\/revisions\/15536"}],"wp:featuredmedia":[{"embeddable":true,"href":"https:\/\/www.welovecycling.com\/hu\/wp-json\/wp\/v2\/media\/15535"}],"wp:attachment":[{"href":"https:\/\/www.welovecycling.com\/hu\/wp-json\/wp\/v2\/media?parent=15533"}],"wp:term":[{"taxonomy":"category","embeddable":true,"href":"https:\/\/www.welovecycling.com\/hu\/wp-json\/wp\/v2\/categories?post=15533"},{"taxonomy":"post_tag","embeddable":true,"href":"https:\/\/www.welovecycling.com\/hu\/wp-json\/wp\/v2\/tags?post=15533"},{"taxonomy":"global-categories","embeddable":true,"href":"https:\/\/www.welovecycling.com\/hu\/wp-json\/wp\/v2\/global-categories?post=15533"}],"curies":[{"name":"wp","href":"https:\/\/api.w.org\/{rel}","templated":true}]}}