{"id":15516,"date":"2022-08-02T08:00:55","date_gmt":"2022-08-02T06:00:55","guid":{"rendered":"https:\/\/www.welovecycling.com\/hu\/?p=15516"},"modified":"2022-07-27T15:29:08","modified_gmt":"2022-07-27T13:29:08","slug":"hugo-houle-egy-almom-volt-szakaszt-nyerni-az-ocsemert","status":"publish","type":"post","link":"https:\/\/www.welovecycling.com\/hu\/orszaguti-kerekpar\/hugo-houle-egy-almom-volt-szakaszt-nyerni-az-ocsemert\/","title":{"rendered":"Hugo Houle: \u201eEgy \u00e1lmom volt: szakaszt nyerni az \u00f6cs\u00e9m\u00e9rt\u201d"},"content":{"rendered":"<p><strong>Az Israel-Premier Tech versenyz\u0151je megszerezte \u00e9lete els\u0151 gy\u0151zelm\u00e9t profi orsz\u00e1g\u00fati versenyen, \u00e9s \u0151 lett 34 \u00e9v ut\u00e1n az els\u0151 kanadai, aki Tour-szakaszt nyert.<\/strong><\/p>\n<p><!--more--><\/p>\n<p>Hivat\u00e1sos ker\u00e9kp\u00e1rosk\u00e9nt t\u00f6lt\u00f6tt els\u0151 \u00e9v\u00e9ben Hugo Houle elvesztette \u00f6ccs\u00e9t, Pierrik-et egy baleset sor\u00e1n. A trag\u00e9dia \u00f3ri\u00e1si hat\u00e1ssal volt r\u00e1, \u00e9s egyetlen ker\u00e9kp\u00e1ros c\u00e9lja lett, hogy egy napon nyerjen egy Tour szakaszt Pierrik tisztelet\u00e9re. Megval\u00f3s\u00edtotta \u00e1lm\u00e1t, \u00e9s nem is ak\u00e1rhogy: sz\u00f3l\u00f3ban gy\u0151z\u00f6tt a 16. szakaszon.<\/p>\n<p><em>\u201eVannak emberek, akikre mindig sz\u00e1m\u00edthatsz, ha baj van, \u00e9s \u0151 ilyen volt. Most pedig nincs m\u00e1r velem\u201d<\/em> \u2013 mondta Houle. <em>\u201eMegcsin\u00e1ltam, \u00e9s ez nagyon sokat jelent nekem, mert neki csin\u00e1ltam meg. Ez a mai nap r\u00f3la sz\u00f3l. 10-12 \u00e9vet dolgoztam rajta, hogy megszerezzem ezt a gy\u0151zelmet, hihetetlen, hogy siker\u00fclt, nem is tudom, mit mondjak, annyira boldog vagyok.\u201d<\/em><\/p>\n<p><em>\u201eAz utols\u00f3 kilom\u00e9teren tudtam, hogy egy perc \u00e9s v\u00e9ge\u201d <\/em>\u2013 nyilatkozta a 16. etap ut\u00e1ni sajt\u00f3t\u00e1j\u00e9koztat\u00f3n. <em>\u201eIgyekeztem ki\u00e9lvezni. M\u00e9g soha nem nyertem, pedig nagy \u00e1lmom volt. Az \u00f6cs\u00e9m \u00e9ppen ma t\u00edz \u00e9ve halt meg, \u00e9n pedig az \u0151 tisztelet\u00e9re nagyon akartam ezt. Pontosan \u00edgy k\u00e9pzeltem el, de m\u00e9g mindig nem fogtam fel, hogy siker\u00fclt.\u201d<\/em><\/p>\n<div class=\"embed-controller-wrapper\">\n<blockquote class=\"twitter-tweet\" data-width=\"500\" data-dnt=\"true\">\n<p lang=\"en\" dir=\"ltr\">What a day ! Thanks everyone for your message \ud83d\ude00 <a href=\"https:\/\/t.co\/X3FydY7sph\">https:\/\/t.co\/X3FydY7sph<\/a><\/p>\n<p>&mdash; Hugo Houle (@HugoHoule) <a href=\"https:\/\/twitter.com\/HugoHoule\/status\/1549461811954700290?ref_src=twsrc%5Etfw\">July 19, 2022<\/a><\/p><\/blockquote>\n<p><script async data-src=\"https:\/\/platform.twitter.com\/widgets.js\" charset=\"utf-8\"><\/script><\/div>\n<p>Kanada sz\u00e1m\u00e1ra ez volt az els\u0151 Tour szakaszgy\u0151zelem 1988 \u00f3ta, amikor Steve Bauer megnyerte a nyit\u00f3szakaszt, \u00e9s \u00f6sszess\u00e9g\u00e9ben is csak a m\u00e1sodik. Hab a tort\u00e1n, hogy Bauer is jelen volt az idei Tour-on, hogy t\u00e1mogassa Houle-t.<\/p>\n<p><em>\u201e\u0150r\u00fclet<\/em>\u201d \u2013 mondta Houle. <em>\u201ePremier Technek k\u00f6sz\u00f6nhet\u0151en t\u00f6bb kanadai is r\u00e9szt vesz a WorldTour-n. Rem\u00e9lem, amit ma el\u00e9rtem, inspir\u00e1ci\u00f3t jelenthet sz\u00e1mukra. Egy \u00e9ve nem l\u00e1ttam a sz\u00fcleimet, a csal\u00e1domat, mert Eur\u00f3p\u00e1ban versenyeztem \u00e9s edzettem. Nagyon boldog vagyok, hogy gy\u0151zelmet vihetek haza Kanad\u00e1nak!\u201d<\/em><\/p>\n<p><em>\u201eSteve ott volt az egyik aut\u00f3ban \u00e9s eml\u00e9keztetett r\u00e1, hogy \u00e9lvezzem a versenyt. Rem\u00e9lem, nem kell 34 \u00e9vet v\u00e1rni a k\u00f6vetkez\u0151 kanadai gy\u0151zelemre!\u201d<\/em><\/p>\n<p>Gratul\u00e1lunk a 31 \u00e9ves versenyz\u0151nek az \u00e9letre sz\u00f3l\u00f3 gy\u0151zelemhez! Vajon k\u00f6veti majd t\u00f6bb is?<\/p>\n","protected":false},"excerpt":{"rendered":"<p>Az Israel-Premier Tech versenyz\u0151je megszerezte \u00e9lete els\u0151 gy\u0151zelm\u00e9t profi orsz\u00e1g\u00fati versenyen, \u00e9s \u0151 lett 34 \u00e9v ut\u00e1n az els\u0151 kanadai, [&hellip;]<\/p>\n","protected":false},"author":71,"featured_media":15518,"comment_status":"open","ping_status":"open","sticky":false,"template":"","format":"standard","meta":{"footnotes":""},"categories":[8],"tags":[],"global-categories":[],"class_list":["post-15516","post","type-post","status-publish","format-standard","has-post-thumbnail","hentry","category-orszaguti-kerekpar"],"yoast_head":"<!-- This site is optimized with the Yoast SEO Premium plugin v25.3 (Yoast SEO v25.9) - https:\/\/yoast.com\/wordpress\/plugins\/seo\/ -->\n<title>Hugo Houle: \u201eEgy \u00e1lmom volt: szakaszt nyerni az \u00f6cs\u00e9m\u00e9rt\u201d<\/title>\n<meta name=\"description\" content=\"Az Israel-Premier Tech versenyz\u0151je megszerezte \u00e9lete els\u0151 gy\u0151zelm\u00e9t profi orsz\u00e1g\u00fati versenyen, \u00e9s \u0151 lett 34 \u00e9v ut\u00e1n az els\u0151 kanadai, aki Tour-szakaszt nyert.\" \/>\n<meta name=\"robots\" content=\"index, follow, max-snippet:-1, max-image-preview:large, max-video-preview:-1\" \/>\n<link rel=\"canonical\" href=\"https:\/\/www.welovecycling.com\/hu\/orszaguti-kerekpar\/hugo-houle-egy-almom-volt-szakaszt-nyerni-az-ocsemert\/\" \/>\n<meta property=\"og:locale\" content=\"hu_HU\" \/>\n<meta property=\"og:type\" content=\"article\" \/>\n<meta property=\"og:title\" content=\"Hugo Houle: \u201eEgy \u00e1lmom volt: szakaszt nyerni az \u00f6cs\u00e9m\u00e9rt\u201d\" \/>\n<meta property=\"og:description\" content=\"Az Israel-Premier Tech versenyz\u0151je megszerezte \u00e9lete els\u0151 gy\u0151zelm\u00e9t profi orsz\u00e1g\u00fati versenyen, \u00e9s \u0151 lett 34 \u00e9v ut\u00e1n az els\u0151 kanadai, aki Tour-szakaszt nyert.\" \/>\n<meta property=\"og:url\" content=\"https:\/\/www.welovecycling.com\/hu\/orszaguti-kerekpar\/hugo-houle-egy-almom-volt-szakaszt-nyerni-az-ocsemert\/\" \/>\n<meta property=\"og:site_name\" content=\"\u0160koda We Love Cycling - Magyarorsz\u00e1g\" \/>\n<meta property=\"article:publisher\" content=\"https:\/\/www.facebook.com\/WeLoveCyclingHungary\/\" \/>\n<meta property=\"article:published_time\" content=\"2022-08-02T06:00:55+00:00\" \/>\n<meta property=\"og:image\" content=\"https:\/\/d2p6e6u75xmxt8.cloudfront.net\/12\/2022\/07\/Hugo-Houle-profimedia-0708349102-CVR.jpg\" \/>\n\t<meta property=\"og:image:width\" content=\"990\" \/>\n\t<meta property=\"og:image:height\" content=\"660\" \/>\n\t<meta property=\"og:image:type\" content=\"image\/jpeg\" \/>\n<meta name=\"author\" content=\"hegyizs\" \/>\n<meta name=\"twitter:card\" content=\"summary_large_image\" \/>\n<meta name=\"twitter:label1\" content=\"Written by\" \/>\n\t<meta name=\"twitter:data1\" content=\"Monica Buck\" \/>\n\t<meta name=\"twitter:label2\" content=\"Est. reading time\" \/>\n\t<meta name=\"twitter:data2\" content=\"4\" \/>\n<script type=\"application\/ld+json\" class=\"yoast-schema-graph\">{\"@context\":\"https:\/\/schema.org\",\"@graph\":[{\"@type\":\"WebPage\",\"@id\":\"https:\/\/www.welovecycling.com\/hu\/orszaguti-kerekpar\/hugo-houle-egy-almom-volt-szakaszt-nyerni-az-ocsemert\/\",\"url\":\"https:\/\/www.welovecycling.com\/hu\/orszaguti-kerekpar\/hugo-houle-egy-almom-volt-szakaszt-nyerni-az-ocsemert\/\",\"name\":\"Hugo Houle: \u201eEgy \u00e1lmom volt: szakaszt nyerni az \u00f6cs\u00e9m\u00e9rt\u201d\",\"isPartOf\":{\"@id\":\"https:\/\/www.welovecycling.com\/hu\/#website\"},\"primaryImageOfPage\":{\"@id\":\"https:\/\/www.welovecycling.com\/hu\/orszaguti-kerekpar\/hugo-houle-egy-almom-volt-szakaszt-nyerni-az-ocsemert\/#primaryimage\"},\"image\":{\"@id\":\"https:\/\/www.welovecycling.com\/hu\/orszaguti-kerekpar\/hugo-houle-egy-almom-volt-szakaszt-nyerni-az-ocsemert\/#primaryimage\"},\"thumbnailUrl\":\"https:\/\/d2p6e6u75xmxt8.cloudfront.net\/12\/2022\/07\/Hugo-Houle-profimedia-0708349102-CVR.jpg\",\"datePublished\":\"2022-08-02T06:00:55+00:00\",\"author\":{\"@id\":\"https:\/\/www.welovecycling.com\/hu\/#\/schema\/person\/414a2aebf1801691a5320edb6468e194\"},\"description\":\"Az Israel-Premier Tech versenyz\u0151je megszerezte \u00e9lete els\u0151 gy\u0151zelm\u00e9t profi orsz\u00e1g\u00fati versenyen, \u00e9s \u0151 lett 34 \u00e9v ut\u00e1n az els\u0151 kanadai, aki Tour-szakaszt nyert.\",\"breadcrumb\":{\"@id\":\"https:\/\/www.welovecycling.com\/hu\/orszaguti-kerekpar\/hugo-houle-egy-almom-volt-szakaszt-nyerni-az-ocsemert\/#breadcrumb\"},\"inLanguage\":\"hu\",\"potentialAction\":[{\"@type\":\"ReadAction\",\"target\":[\"https:\/\/www.welovecycling.com\/hu\/orszaguti-kerekpar\/hugo-houle-egy-almom-volt-szakaszt-nyerni-az-ocsemert\/\"]}]},{\"@type\":\"ImageObject\",\"inLanguage\":\"hu\",\"@id\":\"https:\/\/www.welovecycling.com\/hu\/orszaguti-kerekpar\/hugo-houle-egy-almom-volt-szakaszt-nyerni-az-ocsemert\/#primaryimage\",\"url\":\"https:\/\/d2p6e6u75xmxt8.cloudfront.net\/12\/2022\/07\/Hugo-Houle-profimedia-0708349102-CVR.jpg\",\"contentUrl\":\"https:\/\/d2p6e6u75xmxt8.cloudfront.net\/12\/2022\/07\/Hugo-Houle-profimedia-0708349102-CVR.jpg\",\"width\":990,\"height\":660,\"caption\":\"Hugo Houle\"},{\"@type\":\"BreadcrumbList\",\"@id\":\"https:\/\/www.welovecycling.com\/hu\/orszaguti-kerekpar\/hugo-houle-egy-almom-volt-szakaszt-nyerni-az-ocsemert\/#breadcrumb\",\"itemListElement\":[{\"@type\":\"ListItem\",\"position\":1,\"name\":\"Home\",\"item\":\"https:\/\/www.welovecycling.com\/hu\/\"},{\"@type\":\"ListItem\",\"position\":2,\"name\":\"Hugo Houle: \u201eEgy \u00e1lmom volt: szakaszt nyerni az \u00f6cs\u00e9m\u00e9rt\u201d\"}]},{\"@type\":\"WebSite\",\"@id\":\"https:\/\/www.welovecycling.com\/hu\/#website\",\"url\":\"https:\/\/www.welovecycling.com\/hu\/\",\"name\":\"\u0160koda We Love Cycling - Magyarorsz\u00e1g\",\"description\":\"\u0160koda WeLoveCycling\",\"potentialAction\":[{\"@type\":\"SearchAction\",\"target\":{\"@type\":\"EntryPoint\",\"urlTemplate\":\"https:\/\/www.welovecycling.com\/hu\/?s={search_term_string}\"},\"query-input\":{\"@type\":\"PropertyValueSpecification\",\"valueRequired\":true,\"valueName\":\"search_term_string\"}}],\"inLanguage\":\"hu\"},{\"@type\":\"Person\",\"@id\":\"https:\/\/www.welovecycling.com\/hu\/#\/schema\/person\/414a2aebf1801691a5320edb6468e194\",\"name\":\"hegyizs\",\"image\":{\"@type\":\"ImageObject\",\"inLanguage\":\"hu\",\"@id\":\"https:\/\/www.welovecycling.com\/hu\/#\/schema\/person\/image\/\",\"url\":\"https:\/\/secure.gravatar.com\/avatar\/02cf8a7906b8cf90cecb4679defac7cfd33a1c2e3b88e4903d947f3bb58eedd3?s=96&d=mm&r=g\",\"contentUrl\":\"https:\/\/secure.gravatar.com\/avatar\/02cf8a7906b8cf90cecb4679defac7cfd33a1c2e3b88e4903d947f3bb58eedd3?s=96&d=mm&r=g\",\"caption\":\"hegyizs\"},\"url\":\"https:\/\/www.welovecycling.com\/hu\/author\/hegyizs\/\"}]}<\/script>\n<!-- \/ Yoast SEO Premium plugin. -->","yoast_head_json":{"title":"Hugo Houle: \u201eEgy \u00e1lmom volt: szakaszt nyerni az \u00f6cs\u00e9m\u00e9rt\u201d","description":"Az Israel-Premier Tech versenyz\u0151je megszerezte \u00e9lete els\u0151 gy\u0151zelm\u00e9t profi orsz\u00e1g\u00fati versenyen, \u00e9s \u0151 lett 34 \u00e9v ut\u00e1n az els\u0151 kanadai, aki Tour-szakaszt nyert.","robots":{"index":"index","follow":"follow","max-snippet":"max-snippet:-1","max-image-preview":"max-image-preview:large","max-video-preview":"max-video-preview:-1"},"canonical":"https:\/\/www.welovecycling.com\/hu\/orszaguti-kerekpar\/hugo-houle-egy-almom-volt-szakaszt-nyerni-az-ocsemert\/","og_locale":"hu_HU","og_type":"article","og_title":"Hugo Houle: \u201eEgy \u00e1lmom volt: szakaszt nyerni az \u00f6cs\u00e9m\u00e9rt\u201d","og_description":"Az Israel-Premier Tech versenyz\u0151je megszerezte \u00e9lete els\u0151 gy\u0151zelm\u00e9t profi orsz\u00e1g\u00fati versenyen, \u00e9s \u0151 lett 34 \u00e9v ut\u00e1n az els\u0151 kanadai, aki Tour-szakaszt nyert.","og_url":"https:\/\/www.welovecycling.com\/hu\/orszaguti-kerekpar\/hugo-houle-egy-almom-volt-szakaszt-nyerni-az-ocsemert\/","og_site_name":"\u0160koda We Love Cycling - Magyarorsz\u00e1g","article_publisher":"https:\/\/www.facebook.com\/WeLoveCyclingHungary\/","article_published_time":"2022-08-02T06:00:55+00:00","og_image":[{"width":990,"height":660,"url":"https:\/\/d2p6e6u75xmxt8.cloudfront.net\/12\/2022\/07\/Hugo-Houle-profimedia-0708349102-CVR.jpg","type":"image\/jpeg"}],"author":"hegyizs","twitter_card":"summary_large_image","twitter_misc":{"Written by":"Monica Buck","Est. reading time":"4"},"schema":{"@context":"https:\/\/schema.org","@graph":[{"@type":"WebPage","@id":"https:\/\/www.welovecycling.com\/hu\/orszaguti-kerekpar\/hugo-houle-egy-almom-volt-szakaszt-nyerni-az-ocsemert\/","url":"https:\/\/www.welovecycling.com\/hu\/orszaguti-kerekpar\/hugo-houle-egy-almom-volt-szakaszt-nyerni-az-ocsemert\/","name":"Hugo Houle: \u201eEgy \u00e1lmom volt: szakaszt nyerni az \u00f6cs\u00e9m\u00e9rt\u201d","isPartOf":{"@id":"https:\/\/www.welovecycling.com\/hu\/#website"},"primaryImageOfPage":{"@id":"https:\/\/www.welovecycling.com\/hu\/orszaguti-kerekpar\/hugo-houle-egy-almom-volt-szakaszt-nyerni-az-ocsemert\/#primaryimage"},"image":{"@id":"https:\/\/www.welovecycling.com\/hu\/orszaguti-kerekpar\/hugo-houle-egy-almom-volt-szakaszt-nyerni-az-ocsemert\/#primaryimage"},"thumbnailUrl":"https:\/\/d2p6e6u75xmxt8.cloudfront.net\/12\/2022\/07\/Hugo-Houle-profimedia-0708349102-CVR.jpg","datePublished":"2022-08-02T06:00:55+00:00","author":{"@id":"https:\/\/www.welovecycling.com\/hu\/#\/schema\/person\/414a2aebf1801691a5320edb6468e194"},"description":"Az Israel-Premier Tech versenyz\u0151je megszerezte \u00e9lete els\u0151 gy\u0151zelm\u00e9t profi orsz\u00e1g\u00fati versenyen, \u00e9s \u0151 lett 34 \u00e9v ut\u00e1n az els\u0151 kanadai, aki Tour-szakaszt nyert.","breadcrumb":{"@id":"https:\/\/www.welovecycling.com\/hu\/orszaguti-kerekpar\/hugo-houle-egy-almom-volt-szakaszt-nyerni-az-ocsemert\/#breadcrumb"},"inLanguage":"hu","potentialAction":[{"@type":"ReadAction","target":["https:\/\/www.welovecycling.com\/hu\/orszaguti-kerekpar\/hugo-houle-egy-almom-volt-szakaszt-nyerni-az-ocsemert\/"]}]},{"@type":"ImageObject","inLanguage":"hu","@id":"https:\/\/www.welovecycling.com\/hu\/orszaguti-kerekpar\/hugo-houle-egy-almom-volt-szakaszt-nyerni-az-ocsemert\/#primaryimage","url":"https:\/\/d2p6e6u75xmxt8.cloudfront.net\/12\/2022\/07\/Hugo-Houle-profimedia-0708349102-CVR.jpg","contentUrl":"https:\/\/d2p6e6u75xmxt8.cloudfront.net\/12\/2022\/07\/Hugo-Houle-profimedia-0708349102-CVR.jpg","width":990,"height":660,"caption":"Hugo Houle"},{"@type":"BreadcrumbList","@id":"https:\/\/www.welovecycling.com\/hu\/orszaguti-kerekpar\/hugo-houle-egy-almom-volt-szakaszt-nyerni-az-ocsemert\/#breadcrumb","itemListElement":[{"@type":"ListItem","position":1,"name":"Home","item":"https:\/\/www.welovecycling.com\/hu\/"},{"@type":"ListItem","position":2,"name":"Hugo Houle: \u201eEgy \u00e1lmom volt: szakaszt nyerni az \u00f6cs\u00e9m\u00e9rt\u201d"}]},{"@type":"WebSite","@id":"https:\/\/www.welovecycling.com\/hu\/#website","url":"https:\/\/www.welovecycling.com\/hu\/","name":"\u0160koda We Love Cycling - Magyarorsz\u00e1g","description":"\u0160koda WeLoveCycling","potentialAction":[{"@type":"SearchAction","target":{"@type":"EntryPoint","urlTemplate":"https:\/\/www.welovecycling.com\/hu\/?s={search_term_string}"},"query-input":{"@type":"PropertyValueSpecification","valueRequired":true,"valueName":"search_term_string"}}],"inLanguage":"hu"},{"@type":"Person","@id":"https:\/\/www.welovecycling.com\/hu\/#\/schema\/person\/414a2aebf1801691a5320edb6468e194","name":"hegyizs","image":{"@type":"ImageObject","inLanguage":"hu","@id":"https:\/\/www.welovecycling.com\/hu\/#\/schema\/person\/image\/","url":"https:\/\/secure.gravatar.com\/avatar\/02cf8a7906b8cf90cecb4679defac7cfd33a1c2e3b88e4903d947f3bb58eedd3?s=96&d=mm&r=g","contentUrl":"https:\/\/secure.gravatar.com\/avatar\/02cf8a7906b8cf90cecb4679defac7cfd33a1c2e3b88e4903d947f3bb58eedd3?s=96&d=mm&r=g","caption":"hegyizs"},"url":"https:\/\/www.welovecycling.com\/hu\/author\/hegyizs\/"}]}},"_links":{"self":[{"href":"https:\/\/www.welovecycling.com\/hu\/wp-json\/wp\/v2\/posts\/15516","targetHints":{"allow":["GET"]}}],"collection":[{"href":"https:\/\/www.welovecycling.com\/hu\/wp-json\/wp\/v2\/posts"}],"about":[{"href":"https:\/\/www.welovecycling.com\/hu\/wp-json\/wp\/v2\/types\/post"}],"author":[{"embeddable":true,"href":"https:\/\/www.welovecycling.com\/hu\/wp-json\/wp\/v2\/users\/71"}],"replies":[{"embeddable":true,"href":"https:\/\/www.welovecycling.com\/hu\/wp-json\/wp\/v2\/comments?post=15516"}],"version-history":[{"count":1,"href":"https:\/\/www.welovecycling.com\/hu\/wp-json\/wp\/v2\/posts\/15516\/revisions"}],"predecessor-version":[{"id":15519,"href":"https:\/\/www.welovecycling.com\/hu\/wp-json\/wp\/v2\/posts\/15516\/revisions\/15519"}],"wp:featuredmedia":[{"embeddable":true,"href":"https:\/\/www.welovecycling.com\/hu\/wp-json\/wp\/v2\/media\/15518"}],"wp:attachment":[{"href":"https:\/\/www.welovecycling.com\/hu\/wp-json\/wp\/v2\/media?parent=15516"}],"wp:term":[{"taxonomy":"category","embeddable":true,"href":"https:\/\/www.welovecycling.com\/hu\/wp-json\/wp\/v2\/categories?post=15516"},{"taxonomy":"post_tag","embeddable":true,"href":"https:\/\/www.welovecycling.com\/hu\/wp-json\/wp\/v2\/tags?post=15516"},{"taxonomy":"global-categories","embeddable":true,"href":"https:\/\/www.welovecycling.com\/hu\/wp-json\/wp\/v2\/global-categories?post=15516"}],"curies":[{"name":"wp","href":"https:\/\/api.w.org\/{rel}","templated":true}]}}