{"id":15511,"date":"2022-08-04T08:00:03","date_gmt":"2022-08-04T06:00:03","guid":{"rendered":"https:\/\/www.welovecycling.com\/hu\/?p=15511"},"modified":"2022-07-27T15:30:54","modified_gmt":"2022-07-27T13:30:54","slug":"egeszsegesebben-eszunk-amikor-nem-vagyunk-egyedul","status":"publish","type":"post","link":"https:\/\/www.welovecycling.com\/hu\/edzes-es-eletmod\/egeszsegesebben-eszunk-amikor-nem-vagyunk-egyedul\/","title":{"rendered":"Eg\u00e9szs\u00e9gesebben esz\u00fcnk, amikor nem vagyunk egyed\u00fcl?"},"content":{"rendered":"<p><strong>Hajlamos vagy eg\u00e9szs\u00e9gesebb \u00e9teleket v\u00e1lasztani, amikor m\u00e1sokkal egy\u00fctt eszel? Sz\u00e1m\u00edt, ha ezek az emberek ugyanabba a k\u00f6z\u00f6ss\u00e9gbe tartoznak, mint te?<\/strong><\/p>\n<p><!--more--><\/p>\n<p>A kutat\u00f3k n\u00e9gy k\u00eds\u00e9rletet v\u00e9geztek \u00f6sszesen t\u00f6bb mint ezer r\u00e9sztvev\u0151vel, hogy megvizsg\u00e1lj\u00e1k, mennyire befoly\u00e1solj\u00e1k m\u00e1sok az \u00e9telv\u00e1laszt\u00e1sunkat. Az els\u0151 k\u00eds\u00e9rlet azt hasonl\u00edtotta \u00f6ssze, hogyan v\u00e1lasztunk \u00e9telt, ha azonos, vagy ha k\u00fcl\u00f6nb\u00f6z\u0151 etnikumhoz tartoz\u00f3 emberekkel \u00e9tkez\u00fcnk. A m\u00e1sodik k\u00eds\u00e9rlet ugyanezt \u00e9rt\u00e9kelte az egyetemi, a harmadik pedig a v\u00e1llalati hovatartoz\u00e1s tekintet\u00e9ben.<\/p>\n<h2><strong>Gy\u00fcm\u00f6lcs vagy egy szelet Kit Kat?<\/strong><\/h2>\n<p>A k\u00eds\u00e9rletek elej\u00e9n a r\u00e9sztvev\u0151ket arra k\u00e9rt\u00e9k, t\u00f6ltsenek ki egy-egy k\u00e9rd\u0151\u00edvet, de ez csak figyelemelterel\u00e9sk\u00e9nt szolg\u00e1lt. Ezut\u00e1n k\u00f6vetkezett a fontos r\u00e9sz: egy kutat\u00e1si asszisztens felaj\u00e1nlotta az alanyoknak, hogy a kit\u00f6lt\u00e9s\u00e9rt cser\u00e9be v\u00e1laszthatnak k\u00e9t harapnival\u00f3 k\u00f6z\u00fcl. Az asszisztens az adott k\u00eds\u00e9rletnek megfelel\u0151en vagy azonos, vagy elt\u00e9r\u0171 etnikai \u00e9s egyetemi hovatartoz\u00e1s\u00fa.<\/p>\n<figure id=\"attachment_15512\" aria-describedby=\"caption-attachment-15512\" style=\"width: 1022px\" class=\"wp-caption alignnone\"><a href=\"https:\/\/d2p6e6u75xmxt8.cloudfront.net\/12\/2022\/07\/Kitkat-chocolate-bars-pexels-8794093.jpg\"><img loading=\"lazy\" decoding=\"async\" class=\"size-full wp-image-15512\" src=\"https:\/\/d2p6e6u75xmxt8.cloudfront.net\/12\/2022\/07\/Kitkat-chocolate-bars-pexels-8794093.jpg\" alt=\"Chocolate bars\" width=\"1022\" height=\"681\" srcset=\"https:\/\/d2p6e6u75xmxt8.cloudfront.net\/12\/2022\/07\/Kitkat-chocolate-bars-pexels-8794093.jpg 1022w, https:\/\/d2p6e6u75xmxt8.cloudfront.net\/12\/2022\/07\/Kitkat-chocolate-bars-pexels-8794093-300x200.jpg 300w, https:\/\/d2p6e6u75xmxt8.cloudfront.net\/12\/2022\/07\/Kitkat-chocolate-bars-pexels-8794093-768x512.jpg 768w, https:\/\/d2p6e6u75xmxt8.cloudfront.net\/12\/2022\/07\/Kitkat-chocolate-bars-pexels-8794093-272x182.jpg 272w\" sizes=\"auto, (max-width: 1022px) 100vw, 1022px\" \/><\/a><figcaption id=\"caption-attachment-15512\" class=\"wp-caption-text\"><em>Te mit v\u00e1lasztan\u00e1l?<\/em><\/figcaption><\/figure>\n<p>Az els\u0151 k\u00eds\u00e9rletben a r\u00e9sztvev\u0151k v\u00e1laszthattak egy eg\u00e9szs\u00e9ges gy\u00fcm\u00f6lcs\u00f6s snack \u00e9s egy k\u00e9nyeztet\u0151 Kit Kat k\u00f6z\u00f6tt. Az azonos etnikumhoz tartoz\u00f3 kutat\u00e1si asszisztens jelenl\u00e9t\u00e9ben a r\u00e9sztvev\u0151k mind\u00f6ssze 26,32%-a v\u00e1lasztotta az eg\u00e9szs\u00e9gesebb gy\u00fcm\u00f6lcs\u00f6t. Ez a sz\u00e1m azonban 41,46 %-ra n\u0151tt, ha a kutat\u00e1si asszisztens m\u00e1s etnikai hovatartoz\u00e1s\u00fa volt. Hasonl\u00f3an a m\u00e1sodik k\u00eds\u00e9rletben, amikor egy, a r\u00e9sztvev\u0151vel azonos egyetemen hallgat\u00f3 volt jelen, a r\u00e9sztvev\u0151k mind\u00f6ssze 11,69%-a v\u00e1lasztotta az eg\u00e9szs\u00e9gesebb nassolnival\u00f3t. \u00c9s ez a sz\u00e1m t\u00f6bb mint k\u00e9tszeres\u00e9re, 30,77 %-ra n\u0151tt, amikor egy m\u00e1sik egyetemr\u0151l \u00e9rkezett hallgat\u00f3 figyelte a r\u00e9sztvev\u0151t.<\/p>\n<h2><strong>Nem akarjuk, hogy el\u00edt\u00e9ljenek<\/strong><\/h2>\n<p>Az els\u0151 k\u00e9t k\u00eds\u00e9rlet egy\u00e9rtelm\u0171en kimutatta, hogy az emberek hajlamosak az eg\u00e9szs\u00e9gesebb lehet\u0151s\u00e9geket v\u00e1lasztani m\u00e1s csoportokhoz tartoz\u00f3 emberek jelenl\u00e9t\u00e9ben. A harmadik \u00e9s negyedik k\u00eds\u00e9rlet c\u00e9lja az volt, hogy megtudjuk, mi\u00e9rt. A harmadik k\u00eds\u00e9rlet meg\u00e1llap\u00edtotta, hogy az emberek \u00fagy \u00e9rzik, hogy a saj\u00e1tjukon k\u00edv\u00fcli csoportokhoz tartoz\u00f3 emberek szigor\u00fabban \u00edt\u00e9lik meg \u0151ket. A negyedik k\u00eds\u00e9rlet pedig kimutatta, hogy hajlamosak vagyunk eg\u00e9szs\u00e9gesebb \u00e9teleket v\u00e1lasztani, ha att\u00f3l f\u00e9l\u00fcnk, el\u00edt\u00e9lnek minket, ha nem \u00edgy tesz\u00fcnk. Az\u00e9rt v\u00e1lasztott\u00e1k teh\u00e1t t\u00f6bben a gy\u00fcm\u00f6lcs\u00f6t egy m\u00e1sik csoport tagja el\u0151tt, hogy pozit\u00edv benyom\u00e1st keltsenek \u00e9s ezzel ellens\u00falyozz\u00e1k az esetleges negat\u00edv meg\u00edt\u00e9l\u00e9st.<\/p>\n<h2><strong>Ford\u00edtsd az el\u0151ny\u00f6dre!<\/strong><\/h2>\n<p>A kutat\u00f3k szerint az eg\u00e9szs\u00e9ges t\u00e1pl\u00e1lkoz\u00e1s n\u00e9pszer\u0171s\u00edt\u00e9s\u00e9nek egyik m\u00f3dja lehet a t\u00e1rsadalmi el\u0151ny\u00f6k kiemel\u00e9se.<\/p>\n<p><em>\u201eTudjuk, hogy az \u00e9lelmiszer fontos szerepet j\u00e1tszik a t\u00e1rsadalmi \u00e9letben, \u00e9s a fogyaszt\u00f3k gyakran k\u00f6vetkeztet\u00e9seket vonnak le m\u00e1sok tulajdons\u00e1gaira \u00e9s jellemz\u0151ire az \u00e9telv\u00e1laszt\u00e1suk alapj\u00e1n. Kutat\u00e1sunk azt mutatja, hogy az \u00e9lelmiszereknek ezt a fontos szerep\u00e9t a fogyaszt\u00f3k j\u00f3l\u00e9te \u00e9rdek\u00e9ben hasznos\u00edthatjuk, ha r\u00e1vil\u00e1g\u00edtunk arra, hogy az eg\u00e9szs\u00e9ges \u00e9tel nemcsak a fogyaszt\u00f3knak j\u00f3, hanem seg\u00edt abban is, hogy m\u00e1sokat leny\u0171g\u00f6zzenek. \u00daj utat nyithatunk a megfelel\u0151 \u00e9lelmiszerv\u00e1laszt\u00e1s n\u00e9pszer\u0171s\u00edt\u00e9s\u00e9re: j\u00f3t tesz a testnek \u00e9s seg\u00edt j\u00f3 benyom\u00e1st kelteni\u201d<\/em> \u2013 mondta Dr. Janina Steinmetz, a tanulm\u00e1ny t\u00e1rsszerz\u0151je.<\/p>\n<p>Mi a helyzet veled? T\u00e9ged is befoly\u00e1sol az \u00e9telv\u00e1laszt\u00e1sban, ha m\u00e1s, t\u0151led k\u00fcl\u00f6nb\u00f6z\u0151 emberek is jelen vannak?<\/p>\n","protected":false},"excerpt":{"rendered":"<p>Hajlamos vagy eg\u00e9szs\u00e9gesebb \u00e9teleket v\u00e1lasztani, amikor m\u00e1sokkal egy\u00fctt eszel? Sz\u00e1m\u00edt, ha ezek az emberek ugyanabba a k\u00f6z\u00f6ss\u00e9gbe tartoznak, mint te?<\/p>\n","protected":false},"author":71,"featured_media":15514,"comment_status":"open","ping_status":"open","sticky":false,"template":"","format":"standard","meta":{"footnotes":""},"categories":[6],"tags":[],"global-categories":[],"class_list":["post-15511","post","type-post","status-publish","format-standard","has-post-thumbnail","hentry","category-edzes-es-eletmod"],"yoast_head":"<!-- This site is optimized with the Yoast SEO Premium plugin v25.3 (Yoast SEO v25.9) - https:\/\/yoast.com\/wordpress\/plugins\/seo\/ -->\n<title>Eg\u00e9szs\u00e9gesebben esz\u00fcnk, amikor nem vagyunk egyed\u00fcl?<\/title>\n<meta name=\"description\" content=\"Hajlamos vagy eg\u00e9szs\u00e9gesebb \u00e9teleket v\u00e1lasztani, amikor m\u00e1sokkal egy\u00fctt eszel? Sz\u00e1m\u00edt, ha ezek az emberek ugyanabba a k\u00f6z\u00f6ss\u00e9gbe tartoznak, mint te?\" \/>\n<meta name=\"robots\" content=\"index, follow, max-snippet:-1, max-image-preview:large, max-video-preview:-1\" \/>\n<link rel=\"canonical\" href=\"https:\/\/www.welovecycling.com\/hu\/edzes-es-eletmod\/egeszsegesebben-eszunk-amikor-nem-vagyunk-egyedul\/\" \/>\n<meta property=\"og:locale\" content=\"hu_HU\" \/>\n<meta property=\"og:type\" content=\"article\" \/>\n<meta property=\"og:title\" content=\"Eg\u00e9szs\u00e9gesebben esz\u00fcnk, amikor nem vagyunk egyed\u00fcl?\" \/>\n<meta property=\"og:description\" content=\"Hajlamos vagy eg\u00e9szs\u00e9gesebb \u00e9teleket v\u00e1lasztani, amikor m\u00e1sokkal egy\u00fctt eszel? Sz\u00e1m\u00edt, ha ezek az emberek ugyanabba a k\u00f6z\u00f6ss\u00e9gbe tartoznak, mint te?\" \/>\n<meta property=\"og:url\" content=\"https:\/\/www.welovecycling.com\/hu\/edzes-es-eletmod\/egeszsegesebben-eszunk-amikor-nem-vagyunk-egyedul\/\" \/>\n<meta property=\"og:site_name\" content=\"\u0160koda We Love Cycling - Magyarorsz\u00e1g\" \/>\n<meta property=\"article:publisher\" content=\"https:\/\/www.facebook.com\/WeLoveCyclingHungary\/\" \/>\n<meta property=\"article:published_time\" content=\"2022-08-04T06:00:03+00:00\" \/>\n<meta property=\"og:image\" content=\"https:\/\/d2p6e6u75xmxt8.cloudfront.net\/12\/2022\/07\/A-table-with-Asian-food-profimedia-0661931634-CVR.jpg\" \/>\n\t<meta property=\"og:image:width\" content=\"990\" \/>\n\t<meta property=\"og:image:height\" content=\"660\" \/>\n\t<meta property=\"og:image:type\" content=\"image\/jpeg\" \/>\n<meta name=\"author\" content=\"hegyizs\" \/>\n<meta name=\"twitter:card\" content=\"summary_large_image\" \/>\n<meta name=\"twitter:label1\" content=\"Written by\" \/>\n\t<meta name=\"twitter:data1\" content=\"Jiri Kaloc\" \/>\n\t<meta name=\"twitter:label2\" content=\"Est. reading time\" \/>\n\t<meta name=\"twitter:data2\" content=\"3 minutes\" \/>\n<script type=\"application\/ld+json\" class=\"yoast-schema-graph\">{\"@context\":\"https:\/\/schema.org\",\"@graph\":[{\"@type\":\"WebPage\",\"@id\":\"https:\/\/www.welovecycling.com\/hu\/edzes-es-eletmod\/egeszsegesebben-eszunk-amikor-nem-vagyunk-egyedul\/\",\"url\":\"https:\/\/www.welovecycling.com\/hu\/edzes-es-eletmod\/egeszsegesebben-eszunk-amikor-nem-vagyunk-egyedul\/\",\"name\":\"Eg\u00e9szs\u00e9gesebben esz\u00fcnk, amikor nem vagyunk egyed\u00fcl?\",\"isPartOf\":{\"@id\":\"https:\/\/www.welovecycling.com\/hu\/#website\"},\"primaryImageOfPage\":{\"@id\":\"https:\/\/www.welovecycling.com\/hu\/edzes-es-eletmod\/egeszsegesebben-eszunk-amikor-nem-vagyunk-egyedul\/#primaryimage\"},\"image\":{\"@id\":\"https:\/\/www.welovecycling.com\/hu\/edzes-es-eletmod\/egeszsegesebben-eszunk-amikor-nem-vagyunk-egyedul\/#primaryimage\"},\"thumbnailUrl\":\"https:\/\/d2p6e6u75xmxt8.cloudfront.net\/12\/2022\/07\/A-table-with-Asian-food-profimedia-0661931634-CVR.jpg\",\"datePublished\":\"2022-08-04T06:00:03+00:00\",\"author\":{\"@id\":\"https:\/\/www.welovecycling.com\/hu\/#\/schema\/person\/414a2aebf1801691a5320edb6468e194\"},\"description\":\"Hajlamos vagy eg\u00e9szs\u00e9gesebb \u00e9teleket v\u00e1lasztani, amikor m\u00e1sokkal egy\u00fctt eszel? Sz\u00e1m\u00edt, ha ezek az emberek ugyanabba a k\u00f6z\u00f6ss\u00e9gbe tartoznak, mint te?\",\"breadcrumb\":{\"@id\":\"https:\/\/www.welovecycling.com\/hu\/edzes-es-eletmod\/egeszsegesebben-eszunk-amikor-nem-vagyunk-egyedul\/#breadcrumb\"},\"inLanguage\":\"hu\",\"potentialAction\":[{\"@type\":\"ReadAction\",\"target\":[\"https:\/\/www.welovecycling.com\/hu\/edzes-es-eletmod\/egeszsegesebben-eszunk-amikor-nem-vagyunk-egyedul\/\"]}]},{\"@type\":\"ImageObject\",\"inLanguage\":\"hu\",\"@id\":\"https:\/\/www.welovecycling.com\/hu\/edzes-es-eletmod\/egeszsegesebben-eszunk-amikor-nem-vagyunk-egyedul\/#primaryimage\",\"url\":\"https:\/\/d2p6e6u75xmxt8.cloudfront.net\/12\/2022\/07\/A-table-with-Asian-food-profimedia-0661931634-CVR.jpg\",\"contentUrl\":\"https:\/\/d2p6e6u75xmxt8.cloudfront.net\/12\/2022\/07\/A-table-with-Asian-food-profimedia-0661931634-CVR.jpg\",\"width\":990,\"height\":660,\"caption\":\"A table with Asian food\"},{\"@type\":\"BreadcrumbList\",\"@id\":\"https:\/\/www.welovecycling.com\/hu\/edzes-es-eletmod\/egeszsegesebben-eszunk-amikor-nem-vagyunk-egyedul\/#breadcrumb\",\"itemListElement\":[{\"@type\":\"ListItem\",\"position\":1,\"name\":\"Home\",\"item\":\"https:\/\/www.welovecycling.com\/hu\/\"},{\"@type\":\"ListItem\",\"position\":2,\"name\":\"Eg\u00e9szs\u00e9gesebben esz\u00fcnk, amikor nem vagyunk egyed\u00fcl?\"}]},{\"@type\":\"WebSite\",\"@id\":\"https:\/\/www.welovecycling.com\/hu\/#website\",\"url\":\"https:\/\/www.welovecycling.com\/hu\/\",\"name\":\"\u0160koda We Love Cycling - Magyarorsz\u00e1g\",\"description\":\"\u0160koda WeLoveCycling\",\"potentialAction\":[{\"@type\":\"SearchAction\",\"target\":{\"@type\":\"EntryPoint\",\"urlTemplate\":\"https:\/\/www.welovecycling.com\/hu\/?s={search_term_string}\"},\"query-input\":{\"@type\":\"PropertyValueSpecification\",\"valueRequired\":true,\"valueName\":\"search_term_string\"}}],\"inLanguage\":\"hu\"},{\"@type\":\"Person\",\"@id\":\"https:\/\/www.welovecycling.com\/hu\/#\/schema\/person\/414a2aebf1801691a5320edb6468e194\",\"name\":\"hegyizs\",\"image\":{\"@type\":\"ImageObject\",\"inLanguage\":\"hu\",\"@id\":\"https:\/\/www.welovecycling.com\/hu\/#\/schema\/person\/image\/\",\"url\":\"https:\/\/secure.gravatar.com\/avatar\/02cf8a7906b8cf90cecb4679defac7cfd33a1c2e3b88e4903d947f3bb58eedd3?s=96&d=mm&r=g\",\"contentUrl\":\"https:\/\/secure.gravatar.com\/avatar\/02cf8a7906b8cf90cecb4679defac7cfd33a1c2e3b88e4903d947f3bb58eedd3?s=96&d=mm&r=g\",\"caption\":\"hegyizs\"},\"url\":\"https:\/\/www.welovecycling.com\/hu\/author\/hegyizs\/\"}]}<\/script>\n<!-- \/ Yoast SEO Premium plugin. -->","yoast_head_json":{"title":"Eg\u00e9szs\u00e9gesebben esz\u00fcnk, amikor nem vagyunk egyed\u00fcl?","description":"Hajlamos vagy eg\u00e9szs\u00e9gesebb \u00e9teleket v\u00e1lasztani, amikor m\u00e1sokkal egy\u00fctt eszel? Sz\u00e1m\u00edt, ha ezek az emberek ugyanabba a k\u00f6z\u00f6ss\u00e9gbe tartoznak, mint te?","robots":{"index":"index","follow":"follow","max-snippet":"max-snippet:-1","max-image-preview":"max-image-preview:large","max-video-preview":"max-video-preview:-1"},"canonical":"https:\/\/www.welovecycling.com\/hu\/edzes-es-eletmod\/egeszsegesebben-eszunk-amikor-nem-vagyunk-egyedul\/","og_locale":"hu_HU","og_type":"article","og_title":"Eg\u00e9szs\u00e9gesebben esz\u00fcnk, amikor nem vagyunk egyed\u00fcl?","og_description":"Hajlamos vagy eg\u00e9szs\u00e9gesebb \u00e9teleket v\u00e1lasztani, amikor m\u00e1sokkal egy\u00fctt eszel? Sz\u00e1m\u00edt, ha ezek az emberek ugyanabba a k\u00f6z\u00f6ss\u00e9gbe tartoznak, mint te?","og_url":"https:\/\/www.welovecycling.com\/hu\/edzes-es-eletmod\/egeszsegesebben-eszunk-amikor-nem-vagyunk-egyedul\/","og_site_name":"\u0160koda We Love Cycling - Magyarorsz\u00e1g","article_publisher":"https:\/\/www.facebook.com\/WeLoveCyclingHungary\/","article_published_time":"2022-08-04T06:00:03+00:00","og_image":[{"width":990,"height":660,"url":"https:\/\/d2p6e6u75xmxt8.cloudfront.net\/12\/2022\/07\/A-table-with-Asian-food-profimedia-0661931634-CVR.jpg","type":"image\/jpeg"}],"author":"hegyizs","twitter_card":"summary_large_image","twitter_misc":{"Written by":"Jiri Kaloc","Est. reading time":"3 minutes"},"schema":{"@context":"https:\/\/schema.org","@graph":[{"@type":"WebPage","@id":"https:\/\/www.welovecycling.com\/hu\/edzes-es-eletmod\/egeszsegesebben-eszunk-amikor-nem-vagyunk-egyedul\/","url":"https:\/\/www.welovecycling.com\/hu\/edzes-es-eletmod\/egeszsegesebben-eszunk-amikor-nem-vagyunk-egyedul\/","name":"Eg\u00e9szs\u00e9gesebben esz\u00fcnk, amikor nem vagyunk egyed\u00fcl?","isPartOf":{"@id":"https:\/\/www.welovecycling.com\/hu\/#website"},"primaryImageOfPage":{"@id":"https:\/\/www.welovecycling.com\/hu\/edzes-es-eletmod\/egeszsegesebben-eszunk-amikor-nem-vagyunk-egyedul\/#primaryimage"},"image":{"@id":"https:\/\/www.welovecycling.com\/hu\/edzes-es-eletmod\/egeszsegesebben-eszunk-amikor-nem-vagyunk-egyedul\/#primaryimage"},"thumbnailUrl":"https:\/\/d2p6e6u75xmxt8.cloudfront.net\/12\/2022\/07\/A-table-with-Asian-food-profimedia-0661931634-CVR.jpg","datePublished":"2022-08-04T06:00:03+00:00","author":{"@id":"https:\/\/www.welovecycling.com\/hu\/#\/schema\/person\/414a2aebf1801691a5320edb6468e194"},"description":"Hajlamos vagy eg\u00e9szs\u00e9gesebb \u00e9teleket v\u00e1lasztani, amikor m\u00e1sokkal egy\u00fctt eszel? Sz\u00e1m\u00edt, ha ezek az emberek ugyanabba a k\u00f6z\u00f6ss\u00e9gbe tartoznak, mint te?","breadcrumb":{"@id":"https:\/\/www.welovecycling.com\/hu\/edzes-es-eletmod\/egeszsegesebben-eszunk-amikor-nem-vagyunk-egyedul\/#breadcrumb"},"inLanguage":"hu","potentialAction":[{"@type":"ReadAction","target":["https:\/\/www.welovecycling.com\/hu\/edzes-es-eletmod\/egeszsegesebben-eszunk-amikor-nem-vagyunk-egyedul\/"]}]},{"@type":"ImageObject","inLanguage":"hu","@id":"https:\/\/www.welovecycling.com\/hu\/edzes-es-eletmod\/egeszsegesebben-eszunk-amikor-nem-vagyunk-egyedul\/#primaryimage","url":"https:\/\/d2p6e6u75xmxt8.cloudfront.net\/12\/2022\/07\/A-table-with-Asian-food-profimedia-0661931634-CVR.jpg","contentUrl":"https:\/\/d2p6e6u75xmxt8.cloudfront.net\/12\/2022\/07\/A-table-with-Asian-food-profimedia-0661931634-CVR.jpg","width":990,"height":660,"caption":"A table with Asian food"},{"@type":"BreadcrumbList","@id":"https:\/\/www.welovecycling.com\/hu\/edzes-es-eletmod\/egeszsegesebben-eszunk-amikor-nem-vagyunk-egyedul\/#breadcrumb","itemListElement":[{"@type":"ListItem","position":1,"name":"Home","item":"https:\/\/www.welovecycling.com\/hu\/"},{"@type":"ListItem","position":2,"name":"Eg\u00e9szs\u00e9gesebben esz\u00fcnk, amikor nem vagyunk egyed\u00fcl?"}]},{"@type":"WebSite","@id":"https:\/\/www.welovecycling.com\/hu\/#website","url":"https:\/\/www.welovecycling.com\/hu\/","name":"\u0160koda We Love Cycling - Magyarorsz\u00e1g","description":"\u0160koda WeLoveCycling","potentialAction":[{"@type":"SearchAction","target":{"@type":"EntryPoint","urlTemplate":"https:\/\/www.welovecycling.com\/hu\/?s={search_term_string}"},"query-input":{"@type":"PropertyValueSpecification","valueRequired":true,"valueName":"search_term_string"}}],"inLanguage":"hu"},{"@type":"Person","@id":"https:\/\/www.welovecycling.com\/hu\/#\/schema\/person\/414a2aebf1801691a5320edb6468e194","name":"hegyizs","image":{"@type":"ImageObject","inLanguage":"hu","@id":"https:\/\/www.welovecycling.com\/hu\/#\/schema\/person\/image\/","url":"https:\/\/secure.gravatar.com\/avatar\/02cf8a7906b8cf90cecb4679defac7cfd33a1c2e3b88e4903d947f3bb58eedd3?s=96&d=mm&r=g","contentUrl":"https:\/\/secure.gravatar.com\/avatar\/02cf8a7906b8cf90cecb4679defac7cfd33a1c2e3b88e4903d947f3bb58eedd3?s=96&d=mm&r=g","caption":"hegyizs"},"url":"https:\/\/www.welovecycling.com\/hu\/author\/hegyizs\/"}]}},"_links":{"self":[{"href":"https:\/\/www.welovecycling.com\/hu\/wp-json\/wp\/v2\/posts\/15511","targetHints":{"allow":["GET"]}}],"collection":[{"href":"https:\/\/www.welovecycling.com\/hu\/wp-json\/wp\/v2\/posts"}],"about":[{"href":"https:\/\/www.welovecycling.com\/hu\/wp-json\/wp\/v2\/types\/post"}],"author":[{"embeddable":true,"href":"https:\/\/www.welovecycling.com\/hu\/wp-json\/wp\/v2\/users\/71"}],"replies":[{"embeddable":true,"href":"https:\/\/www.welovecycling.com\/hu\/wp-json\/wp\/v2\/comments?post=15511"}],"version-history":[{"count":2,"href":"https:\/\/www.welovecycling.com\/hu\/wp-json\/wp\/v2\/posts\/15511\/revisions"}],"predecessor-version":[{"id":15515,"href":"https:\/\/www.welovecycling.com\/hu\/wp-json\/wp\/v2\/posts\/15511\/revisions\/15515"}],"wp:featuredmedia":[{"embeddable":true,"href":"https:\/\/www.welovecycling.com\/hu\/wp-json\/wp\/v2\/media\/15514"}],"wp:attachment":[{"href":"https:\/\/www.welovecycling.com\/hu\/wp-json\/wp\/v2\/media?parent=15511"}],"wp:term":[{"taxonomy":"category","embeddable":true,"href":"https:\/\/www.welovecycling.com\/hu\/wp-json\/wp\/v2\/categories?post=15511"},{"taxonomy":"post_tag","embeddable":true,"href":"https:\/\/www.welovecycling.com\/hu\/wp-json\/wp\/v2\/tags?post=15511"},{"taxonomy":"global-categories","embeddable":true,"href":"https:\/\/www.welovecycling.com\/hu\/wp-json\/wp\/v2\/global-categories?post=15511"}],"curies":[{"name":"wp","href":"https:\/\/api.w.org\/{rel}","templated":true}]}}