{"id":15496,"date":"2022-07-25T11:15:49","date_gmt":"2022-07-25T09:15:49","guid":{"rendered":"https:\/\/www.welovecycling.com\/hu\/?p=15496"},"modified":"2022-07-25T11:15:49","modified_gmt":"2022-07-25T09:15:49","slug":"vingegaard-remeltem-hogy-harcban-lehetek-a-gyozelemert-de-csak-a-legvegen-hittem-el","status":"publish","type":"post","link":"https:\/\/www.welovecycling.com\/hu\/tour-de-france\/vingegaard-remeltem-hogy-harcban-lehetek-a-gyozelemert-de-csak-a-legvegen-hittem-el\/","title":{"rendered":"Vingegaard: \u201eRem\u00e9ltem, hogy harcban lehetek a gy\u0151zelem\u00e9rt, de csak a legv\u00e9g\u00e9n hittem el\u201d"},"content":{"rendered":"<p style=\"margin: 0cm; margin-bottom: .0001pt; line-height: 150%; background: white;\"><b><span style=\"color: black;\">Beteljes\u00fclt a t\u00f6k\u00e9letes d\u00e1n forgat\u00f3k\u00f6nyv: a felejthetetlen d\u00e1niai Tour-rajt ut\u00e1n Jonas Vingegaard nagyszer\u0171 gy\u0151zelm\u00e9vel z\u00e1rult a vil\u00e1g legnagyobb ker\u00e9kp\u00e1rversenye. Tadej Poga\u010darral v\u00edvott izgalmas, de roppant sportszer\u0171 p\u00e1rharca az ut\u00f3bbi sok \u00e9v legjobb \u00e9s legeml\u00e9kezetesebb h\u00e1rom het\u00e9t hozta, \u00edgy a v\u00e9g\u00e9n egym\u00e1snak is megk\u00f6sz\u00f6nt\u00e9k az \u00e9lm\u00e9nyeket.<\/span><\/b><\/p>\n<p><!--more--><\/p>\n<p style=\"line-height: 150%; background: white; margin: 6.0pt 0cm 6.0pt 0cm;\"><span style=\"color: black;\">\u0150szint\u00e9n sz\u00f3lva nem sok sportol\u00f3 van, aki nem a verseny ut\u00e1n s\u00edrja el mag\u00e1t \u00f6r\u00f6m\u00e9ben-b\u00e1nat\u00e1ban, hanem m\u00e9g el\u0151tte, \u00e1m Jonas Vingegaard-ral ez a furcsas\u00e1g is megesett.<\/span><\/p>\n<p style=\"line-height: 150%; background: white; margin: 6.0pt 0cm 6.0pt 0cm;\"><span style=\"color: black;\">A halk szav\u00fa, visszah\u00faz\u00f3d\u00f3 d\u00e1n fiatalembert annyira meghatotta az, ahogy h\u00e1rom \u00e9s f\u00e9l hete, a nagy rajt el\u0151tt k\u00e9t nappal a koppenh\u00e1gai csapatbemutat\u00f3n a k\u00f6z\u00f6ns\u00e9g sz\u0171nni nem akar\u00f3 ov\u00e1ci\u00f3val k\u00f6sz\u00f6nt\u00f6tte, hogy nem b\u00edrta visszatartani k\u00f6nnyeit \u2013 b\u00e1r lehet, nem is akarta.<\/span><\/p>\n<p style=\"line-height: 150%; background: white; margin: 6.0pt 0cm 6.0pt 0cm;\"><span style=\"color: black;\">\u00c9s k\u00f6nnyen lehet, val\u00f3j\u00e1ban m\u00e1r itt eld\u0151lt minden: amikor egy versenyz\u0151 testk\u00f6zelb\u0151l bizonyosodik meg arr\u00f3l, hogy sz\u00f3 szerint egy eg\u00e9sz orsz\u00e1g \u00e1ll m\u00f6g\u00f6tte, az akkora pluszenergi\u00e1kat mozg\u00f3s\u00edthat fejben \u00e9s fizik\u00e1lisan is, hogy a v\u00e9g\u00e9n m\u00e9g Tour de France-gy\u0151zelem lesz bel\u0151le\u2026 <\/span><\/p>\n<figure id=\"attachment_15503\" aria-describedby=\"caption-attachment-15503\" style=\"width: 1920px\" class=\"wp-caption alignnone\"><a href=\"https:\/\/d2p6e6u75xmxt8.cloudfront.net\/12\/2022\/07\/M6mmQPCDeBjA7DEsSuwmCg.jpg\"><img loading=\"lazy\" decoding=\"async\" class=\"size-extra-large wp-image-15503\" src=\"https:\/\/d2p6e6u75xmxt8.cloudfront.net\/12\/2022\/07\/M6mmQPCDeBjA7DEsSuwmCg-1920x1280.jpg\" alt=\"\" width=\"1920\" height=\"1280\" srcset=\"https:\/\/d2p6e6u75xmxt8.cloudfront.net\/12\/2022\/07\/M6mmQPCDeBjA7DEsSuwmCg-1920x1280.jpg 1920w, https:\/\/d2p6e6u75xmxt8.cloudfront.net\/12\/2022\/07\/M6mmQPCDeBjA7DEsSuwmCg-300x200.jpg 300w, https:\/\/d2p6e6u75xmxt8.cloudfront.net\/12\/2022\/07\/M6mmQPCDeBjA7DEsSuwmCg-1024x682.jpg 1024w, https:\/\/d2p6e6u75xmxt8.cloudfront.net\/12\/2022\/07\/M6mmQPCDeBjA7DEsSuwmCg-768x512.jpg 768w, https:\/\/d2p6e6u75xmxt8.cloudfront.net\/12\/2022\/07\/M6mmQPCDeBjA7DEsSuwmCg-1536x1024.jpg 1536w, https:\/\/d2p6e6u75xmxt8.cloudfront.net\/12\/2022\/07\/M6mmQPCDeBjA7DEsSuwmCg-272x182.jpg 272w, https:\/\/d2p6e6u75xmxt8.cloudfront.net\/12\/2022\/07\/M6mmQPCDeBjA7DEsSuwmCg.jpg 2000w, https:\/\/d2p6e6u75xmxt8.cloudfront.net\/12\/2022\/07\/M6mmQPCDeBjA7DEsSuwmCg-1920x1280.jpg 1920w\" sizes=\"auto, (max-width: 1920px) 100vw, 1920px\" \/><\/a><figcaption id=\"caption-attachment-15503\" class=\"wp-caption-text\">Vingegaard a koppenh\u00e1gai csapatbemutat\u00f3n akkora ov\u00e1ci\u00f3t kapott, hogy megk\u00f6nnyezte (fot\u00f3: Getty)<\/figcaption><\/figure>\n<p style=\"line-height: 150%; background: white; margin: 6.0pt 0cm 6.0pt 0cm;\"><span style=\"color: black;\">Persze, ez k\u00f6zel sem ennyire egyszer\u0171 \u00e9s mag\u00e1t\u00f3l \u00e9rtet\u0151d\u0151, od\u00e1ig nagyon hossz\u00fa \u00e9s kem\u00e9ny \u00fat vezet. <\/span><\/p>\n<p style=\"line-height: 150%; background: white; margin: 6.0pt 0cm 6.0pt 0cm;\"><span style=\"color: black;\">A vas\u00e1rnap lez\u00e1rult 109. Tour gy\u0151ztese, az \u00faj d\u00e1n nemzeti h\u0151s p\u00e9ld\u00e1ul maga is csak titkon rem\u00e9nykedett abban, hogy tavalyhoz hasonl\u00f3an id\u00e9n is ott lehet majd a v\u00e9gelsz\u00e1mol\u00e1sn\u00e1l. Ezt nem is titkolta, amikor a sport\u00e1g legfontosabb erekly\u00e9j\u00e9ben, a s\u00e1rga trik\u00f3ban b\u00fcszk\u00e9n fesz\u00edtve nyilatkozott a p\u00e1rizsi p\u00f3diumon, kisl\u00e1ny\u00e1val a karjaiban. <i>\u201eMegvolt bennem az \u00e9rz\u00e9s, hogy legal\u00e1bbis harcban lehetek a gy\u0151zelem\u00e9rt. De csak a legv\u00e9g\u00e9n, az Hautacam ut\u00e1n kezdtem el igaz\u00e1n elhinni. \u00dagy \u00e9rtem, mindig is hittem benne, de az Hautacam volt az a pont, ami ut\u00e1n azt gondoltam, most m\u00e1r t\u00e9nyleg valami nagyon rossznak kellene t\u00f6rt\u00e9nnie velem ahhoz, hogy ne \u00e9n nyerjek. Hihetetlen ez az eg\u00e9sz: ez a legnagyobb verseny, amit megnyerhetsz, \u00e9s \u00e9n most meg is nyertem. Ezt m\u00e1r senki sem veheti el t\u0151lem!\u201d<\/i><\/span><\/p>\n<p style=\"line-height: 150%; background: white; margin: 6.0pt 0cm 6.0pt 0cm;\"><span style=\"color: black;\">Vingegaard az \u00f6r\u00f6m szavai ut\u00e1n ism\u00e9t megvillantotta a t\u0151le m\u00e1r megszokott, \u00e9s a versenyen is l\u00e1tott embers\u00e9g\u00e9t \u00e9s sportszer\u0171s\u00e9g\u00e9t: mindenkinek k\u00f6sz\u00f6netet mondott, a szervez\u0151 ASO-t\u00f3l kezdve a buk\u00e1s miatt kies\u0151 kapit\u00e1nyt\u00e1rsnak, Primoz Rogli\u010dnak, de m\u00e9g legf\u0151bb riv\u00e1lis\u00e1nak, Tadej Poga\u010darnak is, ami\u00e9rt ennyire j\u00f3 versenyt hoztak \u00f6ssze egy\u00fctt. Hosszasan m\u00e9ltatta emellett csapat\u00e1t, a Jumb\u00f3t, k\u00fcl\u00f6n\u00f6sk\u00e9ppen az elk\u00e9peszt\u0151 Wout Van Aertot: friss Tour-s\u00e1rga trik\u00f3sk\u00e9nt nem gy\u0151zte hangs\u00falyozni, milyen szerencs\u00e9s helyzetben van, hogy a vil\u00e1g legjobb ker\u00e9kp\u00e1rosa seg\u00edtette \u0151t v\u00e9gig a h\u00e1rom h\u00e9t alatt.<\/span><\/p>\n<figure id=\"attachment_15504\" aria-describedby=\"caption-attachment-15504\" style=\"width: 1200px\" class=\"wp-caption alignnone\"><a href=\"https:\/\/d2p6e6u75xmxt8.cloudfront.net\/12\/2022\/07\/Unable-to-drop-Jonas-Vingegaard-is-Tadej-Pogacar-at-the.jpeg\"><img loading=\"lazy\" decoding=\"async\" class=\"size-full wp-image-15504\" src=\"https:\/\/d2p6e6u75xmxt8.cloudfront.net\/12\/2022\/07\/Unable-to-drop-Jonas-Vingegaard-is-Tadej-Pogacar-at-the.jpeg\" alt=\"\" width=\"1200\" height=\"768\" srcset=\"https:\/\/d2p6e6u75xmxt8.cloudfront.net\/12\/2022\/07\/Unable-to-drop-Jonas-Vingegaard-is-Tadej-Pogacar-at-the.jpeg 1200w, https:\/\/d2p6e6u75xmxt8.cloudfront.net\/12\/2022\/07\/Unable-to-drop-Jonas-Vingegaard-is-Tadej-Pogacar-at-the-300x192.jpeg 300w, https:\/\/d2p6e6u75xmxt8.cloudfront.net\/12\/2022\/07\/Unable-to-drop-Jonas-Vingegaard-is-Tadej-Pogacar-at-the-1024x655.jpeg 1024w, https:\/\/d2p6e6u75xmxt8.cloudfront.net\/12\/2022\/07\/Unable-to-drop-Jonas-Vingegaard-is-Tadej-Pogacar-at-the-768x492.jpeg 768w\" sizes=\"auto, (max-width: 1200px) 100vw, 1200px\" \/><\/a><figcaption id=\"caption-attachment-15504\" class=\"wp-caption-text\">Poga\u010dar \u00e9s Vingegaard p\u00e1rharc\u00e1t v\u00e9gig a sportszer\u0171s\u00e9g \u00e9s a k\u00f6lcs\u00f6n\u00f6s tisztelet jellemezte (fot\u00f3: Getty)<\/figcaption><\/figure>\n<p style=\"line-height: 150%; background: white; margin: 6.0pt 0cm 6.0pt 0cm;\"><span style=\"color: black;\">De nem volt rest Poga\u010dar sem, aki cser\u00e9be ugyancsak nagyon szimpatikusan \u00e9s term\u00e9szetesen nyilatkozott, v\u00e9gig mosolyogva, kiemelve, b\u00e1r k\u00e9t gy\u0151zelem ut\u00e1n ez\u00fattal elvesztette a versenyt, nem tud szomor\u00fas\u00e1got \u00e9rezni, mivel az a Vingegaard nyert, aki egyr\u00e9szt nagyon j\u00f3 sr\u00e1c, m\u00e1sr\u00e9szt egy\u00e9rtelm\u0171en a leger\u0151sebb volt id\u00e9n. Emellett elismerte, hogy a Col du Granonon p\u00e9ld\u00e1ul hib\u00e1zott, amib\u0151l a j\u00f6v\u0151re n\u00e9zve igyekszik tanulni, \u00e9s hogy csak m\u00e9g motiv\u00e1ltabban fut majd neki a k\u00f6vetkez\u0151 \u00e9vnek. <i>\u201eId\u00e9n volt egy n\u00e1lam er\u0151sebb ellenf\u00e9l: ez csak m\u00e9g nagyobb motiv\u00e1ci\u00f3t ad, hogy j\u00f6v\u0151re jobb legyek!\u201d<\/i><\/span><\/p>\n<p>Egy biztos: mi is \u00e9s a sport\u00e1g is nagyon j\u00f3l j\u00e1rtunk a Vingegaard, Pogacar-f\u00e9le rivaliz\u00e1l\u00e1ssal, rem\u00e9lj\u00fck, sok\u00e1ig \u00e9lvezhetj\u00fck m\u00e9g az ehhez hasonl\u00f3 sz\u00ednvonalas \u00e9s sportszer\u0171 k\u00fcl\u00f6nharcokat. A nagy amerikai tartalomszolg\u00e1ltat\u00f3 csatorna, a Netflix pedig el\u00e9g j\u00f3 \u00e9rz\u00e9kkel v\u00e1lasztotta ki \u00e9ppen az idei Tourt a leg\u00fajabb dokusorozat\u00e1nak forgat\u00e1si alany\u00e1ul: alig v\u00e1rjuk, hogy l\u00e1thassuk, ker\u00e9kp\u00e1rkedvel\u0151knek alighanem k\u00f6telez\u0151 darab lesz!<\/p>\n<figure id=\"attachment_15501\" aria-describedby=\"caption-attachment-15501\" style=\"width: 950px\" class=\"wp-caption alignnone\"><a href=\"https:\/\/d2p6e6u75xmxt8.cloudfront.net\/12\/2022\/07\/62c85e492e53b.jpeg\"><img loading=\"lazy\" decoding=\"async\" class=\"size-full wp-image-15501\" src=\"https:\/\/d2p6e6u75xmxt8.cloudfront.net\/12\/2022\/07\/62c85e492e53b.jpeg\" alt=\"\" width=\"950\" height=\"475\" srcset=\"https:\/\/d2p6e6u75xmxt8.cloudfront.net\/12\/2022\/07\/62c85e492e53b.jpeg 950w, https:\/\/d2p6e6u75xmxt8.cloudfront.net\/12\/2022\/07\/62c85e492e53b-300x150.jpeg 300w, https:\/\/d2p6e6u75xmxt8.cloudfront.net\/12\/2022\/07\/62c85e492e53b-768x384.jpeg 768w\" sizes=\"auto, (max-width: 950px) 100vw, 950px\" \/><\/a><figcaption id=\"caption-attachment-15501\" class=\"wp-caption-text\">fot\u00f3: EFE<\/figcaption><\/figure>\n<p><span style=\"font-size: 10pt;\">Bor\u00edt\u00f3k\u00e9p: AFP<\/span><\/p>\n","protected":false},"excerpt":{"rendered":"<p>Beteljes\u00fclt a t\u00f6k\u00e9letes d\u00e1n forgat\u00f3k\u00f6nyv: a felejthetetlen d\u00e1niai Tour-rajt ut\u00e1n Jonas Vingegaard nagyszer\u0171 gy\u0151zelm\u00e9vel z\u00e1rult a vil\u00e1g legnagyobb ker\u00e9kp\u00e1rversenye. Tadej [&hellip;]<\/p>\n","protected":false},"author":145,"featured_media":15502,"comment_status":"open","ping_status":"open","sticky":false,"template":"","format":"standard","meta":{"footnotes":""},"categories":[96],"tags":[],"global-categories":[419],"class_list":["post-15496","post","type-post","status-publish","format-standard","has-post-thumbnail","hentry","category-tour-de-france","global-categories-cycling"],"yoast_head":"<!-- This site is optimized with the Yoast SEO Premium plugin v25.3 (Yoast SEO v25.9) - https:\/\/yoast.com\/wordpress\/plugins\/seo\/ -->\n<title>Vingegaard: \u201eRem\u00e9ltem, hogy harcban lehetek a gy\u0151zelem\u00e9rt, de csak a legv\u00e9g\u00e9n hittem el\u201d - \u0160koda We Love Cycling - Magyarorsz\u00e1g<\/title>\n<meta name=\"robots\" content=\"index, follow, max-snippet:-1, max-image-preview:large, max-video-preview:-1\" \/>\n<link rel=\"canonical\" href=\"https:\/\/www.welovecycling.com\/hu\/tour-de-france\/vingegaard-remeltem-hogy-harcban-lehetek-a-gyozelemert-de-csak-a-legvegen-hittem-el\/\" \/>\n<meta property=\"og:locale\" content=\"hu_HU\" \/>\n<meta property=\"og:type\" content=\"article\" \/>\n<meta property=\"og:title\" content=\"Vingegaard: \u201eRem\u00e9ltem, hogy harcban lehetek a gy\u0151zelem\u00e9rt, de csak a legv\u00e9g\u00e9n hittem el\u201d\" \/>\n<meta property=\"og:description\" content=\"Beteljes\u00fclt a t\u00f6k\u00e9letes d\u00e1n forgat\u00f3k\u00f6nyv: a felejthetetlen d\u00e1niai Tour-rajt ut\u00e1n Jonas Vingegaard nagyszer\u0171 gy\u0151zelm\u00e9vel z\u00e1rult a vil\u00e1g legnagyobb ker\u00e9kp\u00e1rversenye. Tadej [&hellip;]\" \/>\n<meta property=\"og:url\" content=\"https:\/\/www.welovecycling.com\/hu\/tour-de-france\/vingegaard-remeltem-hogy-harcban-lehetek-a-gyozelemert-de-csak-a-legvegen-hittem-el\/\" \/>\n<meta property=\"og:site_name\" content=\"\u0160koda We Love Cycling - Magyarorsz\u00e1g\" \/>\n<meta property=\"article:publisher\" content=\"https:\/\/www.facebook.com\/WeLoveCyclingHungary\/\" \/>\n<meta property=\"article:published_time\" content=\"2022-07-25T09:15:49+00:00\" \/>\n<meta property=\"og:image\" content=\"https:\/\/d2p6e6u75xmxt8.cloudfront.net\/12\/2022\/07\/220364-scaled.jpg\" \/>\n\t<meta property=\"og:image:width\" content=\"2560\" \/>\n\t<meta property=\"og:image:height\" content=\"1570\" \/>\n\t<meta property=\"og:image:type\" content=\"image\/jpeg\" \/>\n<meta name=\"author\" content=\"kitti\" \/>\n<meta name=\"twitter:card\" content=\"summary_large_image\" \/>\n<meta name=\"twitter:label1\" content=\"Written by\" \/>\n\t<meta name=\"twitter:data1\" content=\"We Love Cycling\" \/>\n\t<meta name=\"twitter:label2\" content=\"Est. reading time\" \/>\n\t<meta name=\"twitter:data2\" content=\"4 minutes\" \/>\n<script type=\"application\/ld+json\" class=\"yoast-schema-graph\">{\"@context\":\"https:\/\/schema.org\",\"@graph\":[{\"@type\":\"WebPage\",\"@id\":\"https:\/\/www.welovecycling.com\/hu\/tour-de-france\/vingegaard-remeltem-hogy-harcban-lehetek-a-gyozelemert-de-csak-a-legvegen-hittem-el\/\",\"url\":\"https:\/\/www.welovecycling.com\/hu\/tour-de-france\/vingegaard-remeltem-hogy-harcban-lehetek-a-gyozelemert-de-csak-a-legvegen-hittem-el\/\",\"name\":\"Vingegaard: \u201eRem\u00e9ltem, hogy harcban lehetek a gy\u0151zelem\u00e9rt, de csak a legv\u00e9g\u00e9n hittem el\u201d - \u0160koda We Love Cycling - Magyarorsz\u00e1g\",\"isPartOf\":{\"@id\":\"https:\/\/www.welovecycling.com\/hu\/#website\"},\"primaryImageOfPage\":{\"@id\":\"https:\/\/www.welovecycling.com\/hu\/tour-de-france\/vingegaard-remeltem-hogy-harcban-lehetek-a-gyozelemert-de-csak-a-legvegen-hittem-el\/#primaryimage\"},\"image\":{\"@id\":\"https:\/\/www.welovecycling.com\/hu\/tour-de-france\/vingegaard-remeltem-hogy-harcban-lehetek-a-gyozelemert-de-csak-a-legvegen-hittem-el\/#primaryimage\"},\"thumbnailUrl\":\"https:\/\/d2p6e6u75xmxt8.cloudfront.net\/12\/2022\/07\/220364-scaled.jpg\",\"datePublished\":\"2022-07-25T09:15:49+00:00\",\"author\":{\"@id\":\"https:\/\/www.welovecycling.com\/hu\/#\/schema\/person\/bec7dcdbcc59f58489cf603e4040ced1\"},\"breadcrumb\":{\"@id\":\"https:\/\/www.welovecycling.com\/hu\/tour-de-france\/vingegaard-remeltem-hogy-harcban-lehetek-a-gyozelemert-de-csak-a-legvegen-hittem-el\/#breadcrumb\"},\"inLanguage\":\"hu\",\"potentialAction\":[{\"@type\":\"ReadAction\",\"target\":[\"https:\/\/www.welovecycling.com\/hu\/tour-de-france\/vingegaard-remeltem-hogy-harcban-lehetek-a-gyozelemert-de-csak-a-legvegen-hittem-el\/\"]}]},{\"@type\":\"ImageObject\",\"inLanguage\":\"hu\",\"@id\":\"https:\/\/www.welovecycling.com\/hu\/tour-de-france\/vingegaard-remeltem-hogy-harcban-lehetek-a-gyozelemert-de-csak-a-legvegen-hittem-el\/#primaryimage\",\"url\":\"https:\/\/d2p6e6u75xmxt8.cloudfront.net\/12\/2022\/07\/220364-scaled.jpg\",\"contentUrl\":\"https:\/\/d2p6e6u75xmxt8.cloudfront.net\/12\/2022\/07\/220364-scaled.jpg\",\"width\":2560,\"height\":1570},{\"@type\":\"BreadcrumbList\",\"@id\":\"https:\/\/www.welovecycling.com\/hu\/tour-de-france\/vingegaard-remeltem-hogy-harcban-lehetek-a-gyozelemert-de-csak-a-legvegen-hittem-el\/#breadcrumb\",\"itemListElement\":[{\"@type\":\"ListItem\",\"position\":1,\"name\":\"Home\",\"item\":\"https:\/\/www.welovecycling.com\/hu\/\"},{\"@type\":\"ListItem\",\"position\":2,\"name\":\"Vingegaard: \u201eRem\u00e9ltem, hogy harcban lehetek a gy\u0151zelem\u00e9rt, de csak a legv\u00e9g\u00e9n hittem el\u201d\"}]},{\"@type\":\"WebSite\",\"@id\":\"https:\/\/www.welovecycling.com\/hu\/#website\",\"url\":\"https:\/\/www.welovecycling.com\/hu\/\",\"name\":\"\u0160koda We Love Cycling - Magyarorsz\u00e1g\",\"description\":\"\u0160koda WeLoveCycling\",\"potentialAction\":[{\"@type\":\"SearchAction\",\"target\":{\"@type\":\"EntryPoint\",\"urlTemplate\":\"https:\/\/www.welovecycling.com\/hu\/?s={search_term_string}\"},\"query-input\":{\"@type\":\"PropertyValueSpecification\",\"valueRequired\":true,\"valueName\":\"search_term_string\"}}],\"inLanguage\":\"hu\"},{\"@type\":\"Person\",\"@id\":\"https:\/\/www.welovecycling.com\/hu\/#\/schema\/person\/bec7dcdbcc59f58489cf603e4040ced1\",\"name\":\"kitti\",\"image\":{\"@type\":\"ImageObject\",\"inLanguage\":\"hu\",\"@id\":\"https:\/\/www.welovecycling.com\/hu\/#\/schema\/person\/image\/\",\"url\":\"https:\/\/secure.gravatar.com\/avatar\/e3196a110e1b57b96f56d92d10ce9bb4e9d7210076832a16243337e949410b52?s=96&d=mm&r=g\",\"contentUrl\":\"https:\/\/secure.gravatar.com\/avatar\/e3196a110e1b57b96f56d92d10ce9bb4e9d7210076832a16243337e949410b52?s=96&d=mm&r=g\",\"caption\":\"kitti\"},\"url\":\"https:\/\/www.welovecycling.com\/hu\/author\/kitti\/\"}]}<\/script>\n<!-- \/ Yoast SEO Premium plugin. -->","yoast_head_json":{"title":"Vingegaard: \u201eRem\u00e9ltem, hogy harcban lehetek a gy\u0151zelem\u00e9rt, de csak a legv\u00e9g\u00e9n hittem el\u201d - \u0160koda We Love Cycling - Magyarorsz\u00e1g","robots":{"index":"index","follow":"follow","max-snippet":"max-snippet:-1","max-image-preview":"max-image-preview:large","max-video-preview":"max-video-preview:-1"},"canonical":"https:\/\/www.welovecycling.com\/hu\/tour-de-france\/vingegaard-remeltem-hogy-harcban-lehetek-a-gyozelemert-de-csak-a-legvegen-hittem-el\/","og_locale":"hu_HU","og_type":"article","og_title":"Vingegaard: \u201eRem\u00e9ltem, hogy harcban lehetek a gy\u0151zelem\u00e9rt, de csak a legv\u00e9g\u00e9n hittem el\u201d","og_description":"Beteljes\u00fclt a t\u00f6k\u00e9letes d\u00e1n forgat\u00f3k\u00f6nyv: a felejthetetlen d\u00e1niai Tour-rajt ut\u00e1n Jonas Vingegaard nagyszer\u0171 gy\u0151zelm\u00e9vel z\u00e1rult a vil\u00e1g legnagyobb ker\u00e9kp\u00e1rversenye. Tadej [&hellip;]","og_url":"https:\/\/www.welovecycling.com\/hu\/tour-de-france\/vingegaard-remeltem-hogy-harcban-lehetek-a-gyozelemert-de-csak-a-legvegen-hittem-el\/","og_site_name":"\u0160koda We Love Cycling - Magyarorsz\u00e1g","article_publisher":"https:\/\/www.facebook.com\/WeLoveCyclingHungary\/","article_published_time":"2022-07-25T09:15:49+00:00","og_image":[{"width":2560,"height":1570,"url":"https:\/\/d2p6e6u75xmxt8.cloudfront.net\/12\/2022\/07\/220364-scaled.jpg","type":"image\/jpeg"}],"author":"kitti","twitter_card":"summary_large_image","twitter_misc":{"Written by":"We Love Cycling","Est. reading time":"4 minutes"},"schema":{"@context":"https:\/\/schema.org","@graph":[{"@type":"WebPage","@id":"https:\/\/www.welovecycling.com\/hu\/tour-de-france\/vingegaard-remeltem-hogy-harcban-lehetek-a-gyozelemert-de-csak-a-legvegen-hittem-el\/","url":"https:\/\/www.welovecycling.com\/hu\/tour-de-france\/vingegaard-remeltem-hogy-harcban-lehetek-a-gyozelemert-de-csak-a-legvegen-hittem-el\/","name":"Vingegaard: \u201eRem\u00e9ltem, hogy harcban lehetek a gy\u0151zelem\u00e9rt, de csak a legv\u00e9g\u00e9n hittem el\u201d - \u0160koda We Love Cycling - Magyarorsz\u00e1g","isPartOf":{"@id":"https:\/\/www.welovecycling.com\/hu\/#website"},"primaryImageOfPage":{"@id":"https:\/\/www.welovecycling.com\/hu\/tour-de-france\/vingegaard-remeltem-hogy-harcban-lehetek-a-gyozelemert-de-csak-a-legvegen-hittem-el\/#primaryimage"},"image":{"@id":"https:\/\/www.welovecycling.com\/hu\/tour-de-france\/vingegaard-remeltem-hogy-harcban-lehetek-a-gyozelemert-de-csak-a-legvegen-hittem-el\/#primaryimage"},"thumbnailUrl":"https:\/\/d2p6e6u75xmxt8.cloudfront.net\/12\/2022\/07\/220364-scaled.jpg","datePublished":"2022-07-25T09:15:49+00:00","author":{"@id":"https:\/\/www.welovecycling.com\/hu\/#\/schema\/person\/bec7dcdbcc59f58489cf603e4040ced1"},"breadcrumb":{"@id":"https:\/\/www.welovecycling.com\/hu\/tour-de-france\/vingegaard-remeltem-hogy-harcban-lehetek-a-gyozelemert-de-csak-a-legvegen-hittem-el\/#breadcrumb"},"inLanguage":"hu","potentialAction":[{"@type":"ReadAction","target":["https:\/\/www.welovecycling.com\/hu\/tour-de-france\/vingegaard-remeltem-hogy-harcban-lehetek-a-gyozelemert-de-csak-a-legvegen-hittem-el\/"]}]},{"@type":"ImageObject","inLanguage":"hu","@id":"https:\/\/www.welovecycling.com\/hu\/tour-de-france\/vingegaard-remeltem-hogy-harcban-lehetek-a-gyozelemert-de-csak-a-legvegen-hittem-el\/#primaryimage","url":"https:\/\/d2p6e6u75xmxt8.cloudfront.net\/12\/2022\/07\/220364-scaled.jpg","contentUrl":"https:\/\/d2p6e6u75xmxt8.cloudfront.net\/12\/2022\/07\/220364-scaled.jpg","width":2560,"height":1570},{"@type":"BreadcrumbList","@id":"https:\/\/www.welovecycling.com\/hu\/tour-de-france\/vingegaard-remeltem-hogy-harcban-lehetek-a-gyozelemert-de-csak-a-legvegen-hittem-el\/#breadcrumb","itemListElement":[{"@type":"ListItem","position":1,"name":"Home","item":"https:\/\/www.welovecycling.com\/hu\/"},{"@type":"ListItem","position":2,"name":"Vingegaard: \u201eRem\u00e9ltem, hogy harcban lehetek a gy\u0151zelem\u00e9rt, de csak a legv\u00e9g\u00e9n hittem el\u201d"}]},{"@type":"WebSite","@id":"https:\/\/www.welovecycling.com\/hu\/#website","url":"https:\/\/www.welovecycling.com\/hu\/","name":"\u0160koda We Love Cycling - Magyarorsz\u00e1g","description":"\u0160koda WeLoveCycling","potentialAction":[{"@type":"SearchAction","target":{"@type":"EntryPoint","urlTemplate":"https:\/\/www.welovecycling.com\/hu\/?s={search_term_string}"},"query-input":{"@type":"PropertyValueSpecification","valueRequired":true,"valueName":"search_term_string"}}],"inLanguage":"hu"},{"@type":"Person","@id":"https:\/\/www.welovecycling.com\/hu\/#\/schema\/person\/bec7dcdbcc59f58489cf603e4040ced1","name":"kitti","image":{"@type":"ImageObject","inLanguage":"hu","@id":"https:\/\/www.welovecycling.com\/hu\/#\/schema\/person\/image\/","url":"https:\/\/secure.gravatar.com\/avatar\/e3196a110e1b57b96f56d92d10ce9bb4e9d7210076832a16243337e949410b52?s=96&d=mm&r=g","contentUrl":"https:\/\/secure.gravatar.com\/avatar\/e3196a110e1b57b96f56d92d10ce9bb4e9d7210076832a16243337e949410b52?s=96&d=mm&r=g","caption":"kitti"},"url":"https:\/\/www.welovecycling.com\/hu\/author\/kitti\/"}]}},"_links":{"self":[{"href":"https:\/\/www.welovecycling.com\/hu\/wp-json\/wp\/v2\/posts\/15496","targetHints":{"allow":["GET"]}}],"collection":[{"href":"https:\/\/www.welovecycling.com\/hu\/wp-json\/wp\/v2\/posts"}],"about":[{"href":"https:\/\/www.welovecycling.com\/hu\/wp-json\/wp\/v2\/types\/post"}],"author":[{"embeddable":true,"href":"https:\/\/www.welovecycling.com\/hu\/wp-json\/wp\/v2\/users\/145"}],"replies":[{"embeddable":true,"href":"https:\/\/www.welovecycling.com\/hu\/wp-json\/wp\/v2\/comments?post=15496"}],"version-history":[{"count":2,"href":"https:\/\/www.welovecycling.com\/hu\/wp-json\/wp\/v2\/posts\/15496\/revisions"}],"predecessor-version":[{"id":15506,"href":"https:\/\/www.welovecycling.com\/hu\/wp-json\/wp\/v2\/posts\/15496\/revisions\/15506"}],"wp:featuredmedia":[{"embeddable":true,"href":"https:\/\/www.welovecycling.com\/hu\/wp-json\/wp\/v2\/media\/15502"}],"wp:attachment":[{"href":"https:\/\/www.welovecycling.com\/hu\/wp-json\/wp\/v2\/media?parent=15496"}],"wp:term":[{"taxonomy":"category","embeddable":true,"href":"https:\/\/www.welovecycling.com\/hu\/wp-json\/wp\/v2\/categories?post=15496"},{"taxonomy":"post_tag","embeddable":true,"href":"https:\/\/www.welovecycling.com\/hu\/wp-json\/wp\/v2\/tags?post=15496"},{"taxonomy":"global-categories","embeddable":true,"href":"https:\/\/www.welovecycling.com\/hu\/wp-json\/wp\/v2\/global-categories?post=15496"}],"curies":[{"name":"wp","href":"https:\/\/api.w.org\/{rel}","templated":true}]}}