{"id":15486,"date":"2022-07-29T13:00:53","date_gmt":"2022-07-29T11:00:53","guid":{"rendered":"https:\/\/www.welovecycling.com\/hu\/?p=15486"},"modified":"2022-07-25T10:45:45","modified_gmt":"2022-07-25T08:45:45","slug":"wlc-heroes-bakonyi-karpati-peter-aki-meg-sem-all-a-felhokig","status":"publish","type":"post","link":"https:\/\/www.welovecycling.com\/hu\/wlc-heroes\/wlc-heroes-bakonyi-karpati-peter-aki-meg-sem-all-a-felhokig\/","title":{"rendered":"WLC Heroes: Bakonyi-K\u00e1rp\u00e1ti P\u00e9ter, aki meg sem \u00e1ll a felh\u0151kig"},"content":{"rendered":"<p><strong>Nem minden h\u0151s visel k\u00f6penyt: van, aki biciklisnadr\u00e1gban menti meg a vil\u00e1got. Strava klubunkban olyan teljes\u00edtm\u00e9nyeknek vagyunk szemtan\u00fai nap mint nap, amik mellett nem mehet\u00fcnk el. \u00dagy gondoljuk, az az akarater\u0151, munka \u00e9s kitart\u00e1s, ami ezekhez sz\u00fcks\u00e9ges, meg\u00e9rdemli a jutalmat. Ez\u00e9rt ind\u00edtottuk el WLC Heroes kamp\u00e1nyunkat, mely sor\u00e1n \u00e9remmel m\u00e9lt\u00e1nyoljuk a bring\u00e1z\u00e1s h\u0151seit, \u00e9s bemutatjuk \u0151ket nektek, hogy inspir\u00e1ljanak \u00e9s mozgat\u00f3rug\u00f3i lehessenek a sz\u00e9lesebb ker\u00e9kp\u00e1ros k\u00f6z\u00f6ss\u00e9gnek!<\/strong><!--more--><\/p>\n<p>P\u00e9ter, becenev\u00e9n Paha, 2012 \u00f3ta \u00e9l Auszti\u00e1ban, Salzburg v\u00e1ros\u00e1ban csal\u00e1dj\u00e1val \u2013 volt teh\u00e1t ideje felfedezni a legcsod\u00e1latosabb bicikliutakat, amiket \u00e9rdemes neked is \u00e9l\u0151ben l\u00e1tni! Belef\u00e9r m\u00e9g a ny\u00e1rba egy t\u00fara a szomsz\u00e9dba?<br \/>\nMinden h\u00f3napban teljes\u00edti a 100 km-es t\u00e1vot, folyamatosan \u00faj kih\u00edv\u00e1sokat keres, \u00e9s fagyban, h\u00f3ban, es\u0151ben is nekiindul, hogy \u00faj t\u00e1jakat fedezzen fel. Igazi inspir\u00e1ci\u00f3, aki \u00e9rdemes k\u00f6vetni Strav\u00e1n, f\u0151leg, ha nem \u00e1ll t\u0151led t\u00e1vol n\u00e9h\u00e1ny \u00f3ra utaz\u00e1s egy ilyen kil\u00e1t\u00e1s\u00e9rt:<\/p>\n<p><img loading=\"lazy\" decoding=\"async\" class=\"alignnone size-full wp-image-15489\" src=\"https:\/\/d2p6e6u75xmxt8.cloudfront.net\/12\/2022\/07\/IMG_20211112_161200-01.jpg\" alt=\"\" width=\"960\" height=\"960\" srcset=\"https:\/\/d2p6e6u75xmxt8.cloudfront.net\/12\/2022\/07\/IMG_20211112_161200-01.jpg 960w, https:\/\/d2p6e6u75xmxt8.cloudfront.net\/12\/2022\/07\/IMG_20211112_161200-01-300x300.jpg 300w, https:\/\/d2p6e6u75xmxt8.cloudfront.net\/12\/2022\/07\/IMG_20211112_161200-01-150x150.jpg 150w, https:\/\/d2p6e6u75xmxt8.cloudfront.net\/12\/2022\/07\/IMG_20211112_161200-01-768x768.jpg 768w\" sizes=\"auto, (max-width: 960px) 100vw, 960px\" \/><\/p>\n<p>Vagy egy ilyen\u00e9rt:<\/p>\n<p><img loading=\"lazy\" decoding=\"async\" class=\"alignnone size-full wp-image-15490\" src=\"https:\/\/d2p6e6u75xmxt8.cloudfront.net\/12\/2022\/07\/IMG_20220522_083332-01.jpg\" alt=\"\" width=\"960\" height=\"960\" srcset=\"https:\/\/d2p6e6u75xmxt8.cloudfront.net\/12\/2022\/07\/IMG_20220522_083332-01.jpg 960w, https:\/\/d2p6e6u75xmxt8.cloudfront.net\/12\/2022\/07\/IMG_20220522_083332-01-300x300.jpg 300w, https:\/\/d2p6e6u75xmxt8.cloudfront.net\/12\/2022\/07\/IMG_20220522_083332-01-150x150.jpg 150w, https:\/\/d2p6e6u75xmxt8.cloudfront.net\/12\/2022\/07\/IMG_20220522_083332-01-768x768.jpg 768w\" sizes=\"auto, (max-width: 960px) 100vw, 960px\" \/><\/p>\n<p>Ismerd meg leg\u00fajabb bring\u00e1s H\u0151s\u00fcnket, \u00e9s \u00e9ld \u00e1t te is a flow \u00e9lm\u00e9nyt, amit az Alpok hegyei ny\u00fajtanak!<\/p>\n<p><strong><em>Milyen k\u00fcl\u00f6nbs\u00e9geket tapasztalsz az osztr\u00e1k \u00e9s a magyar ker\u00e9kp\u00e1ros kult\u00fara \u00e9s a lehet\u0151s\u00e9gek k\u00f6z\u00f6tt?<\/em><\/strong><\/p>\n<p>K\u00e9t l\u00e9nyeges k\u00fcl\u00f6nbs\u00e9get emeln\u00e9k ki, mindkett\u0151 legink\u00e1bb az orsz\u00e1g\u00fati ker\u00e9kp\u00e1roz\u00e1s szempontj\u00e1b\u00f3l l\u00e9nyeges.\u00a0 Az egyik az \u00fath\u00e1l\u00f3zat min\u0151s\u00e9ge, k\u00fcl\u00f6n\u00f6s tekintettel azokra az alacsonyabb rend\u0171 utakra, ahol a g\u00e9pj\u00e1rm\u0171forgalom mellett nyugodtan lehet(ne) ker\u00e9kp\u00e1rozni.\u00a0 Ezeknek az utaknak sajnos Magyarorsz\u00e1gon \u201cmostoh\u00e1bb sorsa\u201d van, mint Ausztri\u00e1ban, \u00e1ltal\u00e1ban sokkal rosszabb min\u0151s\u00e9g\u0171ek \u00e9s emiatt kev\u00e9sb\u00e9 \u00e9lvezetes rajtuk tekerni.\u00a0 Szerencs\u00e9re az\u00e9rt az ut\u00f3bbi id\u0151ben tapasztalhat\u00f3 n\u00e9mi javul\u00e1s ezen a t\u00e9ren, t\u00f6bb olyan \u00fatszakaszon is volt szerencs\u00e9m mostans\u00e1g j\u00e1rni (pl. a Mecsekben), amit nemr\u00e9g \u00faj\u00edtottak fel.<\/p>\n<p>Szint\u00e9n orsz\u00e1g\u00fatis szempontb\u00f3l n\u00e9zve Magyarorsz\u00e1gon a ker\u00e9kp\u00e1roz\u00e1s sokkal k\u00f6z\u00f6ss\u00e9gibb sport, mint Ausztri\u00e1ban, otthon sokkal k\u00f6nnyebb tal\u00e1lni lehet\u0151s\u00e9get \u201cgroup ride\u201d-okra, ak\u00e1r ismeretlen sportt\u00e1rsakkal is, m\u00edg Ausztri\u00e1ban ez ink\u00e1bb egy\u00e9ni, vagy sz\u0171kebb, \u00f6sszeszokottabb t\u00e1rsas\u00e1gok id\u0151t\u00f6lt\u00e9se.\u00a0 Mindk\u00e9t orsz\u00e1gban seg\u00edt\u0151k\u00e9szek a bring\u00e1sok, mindk\u00e9t helyen tapasztaltam m\u00e1r, hogy valamilyen m\u0171szaki hiba vagy csak egy sima defekt eset\u00e9n t\u00f6bben meg\u00e1lltak \u00e9s k\u00e9rdezt\u00e9k, hogy tudnak-e seg\u00edteni valamiben.<\/p>\n<p>Nekem Ausztri\u00e1ban nagyon hi\u00e1nyzik a \u201ckieg\u00e9sz\u00edt\u0151\u201d infrastrukt\u00fara, 30-40 kilom\u00e9tereket lehet an\u00e9lk\u00fcl megtenni, f\u0151leg vas\u00e1rnaponk\u00e9nt, hogy egy-egy t\u00e1voli benzink\u00faton vagy vend\u00e9gl\u0151n k\u00edv\u00fcl b\u00e1rmilyen friss\u00edt\u00e9si lehet\u0151s\u00e9g is ad\u00f3dna.\u00a0 Magyarorsz\u00e1gon m\u00e9g a legkisebb faluban is akad minimum egy vegyesbolt \u00e9s\/vagy kocsma vagy ha m\u00e1s nem, akkor egy k\u00f6zk\u00fat.<\/p>\n<p><strong><em>Mi\u00e9rt szeretsz Strava-kih\u00edv\u00e1sokat teljes\u00edteni?<\/em><\/strong><\/p>\n<p>Azokat a Strava-kih\u00edv\u00e1sokat szeretem legink\u00e1bb, melyek motiv\u00e1ci\u00f3t jelentenek.\u00a0 Amikor elkezdtem biciklizni, a havi <a href=\"https:\/\/www.strava.com\/challenges\/gran-fondo-5\">Gran Fondo<\/a> kih\u00edv\u00e1s p\u00e9ld\u00e1ul remek \u00f6szt\u00f6nz\u00e9s volt az els\u0151 sz\u00e1z kilom\u00e9teres t\u00fara teljes\u00edt\u00e9s\u00e9hez.\u00a0 Az\u00f3ta nem is volt olyan h\u00f3nap, amikor ezt a kih\u00edv\u00e1st nem csin\u00e1ltam volna meg.\u00a0 Szint\u00e9n hasonl\u00f3 jelleg\u0171 <a href=\"https:\/\/www.strava.com\/challenges\/2807\">a decemberi Festive 500 kih\u00edv\u00e1s<\/a>, aminek teljes\u00edt\u00e9s\u00e9\u00e9rt r\u00e9gebben nem csak egy virtu\u00e1lis plecsni, hanem egy igazi kit\u0171z\u0151 is j\u00e1rt.\u00a0 Id\u0151nk\u00e9nt lehet tal\u00e1lni olyan marketing c\u00e9l\u00fa kih\u00edv\u00e1sokat is, amelyek jutalma nem csak egy 10%-os kuponk\u00f3d, hanem valami komolyabb ker\u00e9kp\u00e1ros ruhadarab, vagy kieg\u00e9sz\u00edt\u0151.<\/p>\n<p><strong><em>Mi\u00f3ta biciklizel \u00e9s most milyen bring\u00e1n tekersz?<\/em><\/strong><\/p>\n<p>K\u00f6z\u00e9piskol\u00e1s koromban orsz\u00e1g\u00fatiztam el\u0151sz\u00f6r, egy oszt\u00e1lyt\u00e1rsammal r\u00f3ttuk a Pilis \u00fatjait egy \u00f6tsebess\u00e9ges Csepel versenyker\u00e9kp\u00e1r nyerg\u00e9ben.\u00a0 Azt\u00e1n egy hossz\u00fa sz\u00fcnet ut\u00e1n 2015-ben kezdtem \u00fajra az alapokt\u00f3l, el\u0151sz\u00f6r egy monti, ut\u00e1na egy trekking, majd 2019 tavasz\u00e1t\u00f3l \u00fajra orsz\u00e1g\u00fat k\u00f6vetkezett.\u00a0 Jelenleg k\u00e9t biciklit haszn\u00e1lok, egy 2017-es aluv\u00e1zas Focus Cayo-t \u00e9s egy 2020-as karbonv\u00e1zas Giant TCR-t.\u00a0 A Focus igazi \u201cig\u00e1sl\u00f3\u201d, vele j\u00e1rok munk\u00e1ba, illetve t\u00e9len csak \u0151t haszn\u00e1lom.\u00a0 A Giant az \u201c\u00fcnnepl\u0151s\u201d bringa, nagyobb t\u00far\u00e1kra, k\u00fclf\u00f6ldre ink\u00e1bb \u0151t viszem magammal.\u00a0 Van m\u00e9g egy v\u00e1rosi k\u00f6zleked\u00e9sre haszn\u00e1lt egysebess\u00e9ges, ac\u00e9lv\u00e1zas Viking Blade biciklim is, \u00e9s ha g\u00f6rg\u0151z\u00f6m (r\u00e9gebben t\u00f6bbet, mostan\u00e1ban egyre kevesebbet), ahhoz egy Wahoo Kick Core-t haszn\u00e1lok.<\/p>\n<p><img loading=\"lazy\" decoding=\"async\" class=\"alignnone size-large wp-image-15491\" src=\"https:\/\/d2p6e6u75xmxt8.cloudfront.net\/12\/2022\/07\/GLOE0969-original-1024x683.jpg\" alt=\"\" width=\"1024\" height=\"683\" srcset=\"https:\/\/d2p6e6u75xmxt8.cloudfront.net\/12\/2022\/07\/GLOE0969-original-1024x683.jpg 1024w, https:\/\/d2p6e6u75xmxt8.cloudfront.net\/12\/2022\/07\/GLOE0969-original-300x200.jpg 300w, https:\/\/d2p6e6u75xmxt8.cloudfront.net\/12\/2022\/07\/GLOE0969-original-768x512.jpg 768w, https:\/\/d2p6e6u75xmxt8.cloudfront.net\/12\/2022\/07\/GLOE0969-original-1536x1024.jpg 1536w, https:\/\/d2p6e6u75xmxt8.cloudfront.net\/12\/2022\/07\/GLOE0969-original-2048x1365.jpg 2048w, https:\/\/d2p6e6u75xmxt8.cloudfront.net\/12\/2022\/07\/GLOE0969-original-1920x1280.jpg 1920w, https:\/\/d2p6e6u75xmxt8.cloudfront.net\/12\/2022\/07\/GLOE0969-original-272x182.jpg 272w, https:\/\/d2p6e6u75xmxt8.cloudfront.net\/12\/2022\/07\/GLOE0969-original-1920x1280.jpg 1920w\" sizes=\"auto, (max-width: 1024px) 100vw, 1024px\" \/><\/p>\n<p><strong><em>\u00dagy l\u00e1ttuk, hogy nem zavar semmilyen id\u0151j\u00e1r\u00e1s. Hogyan k\u00e9sz\u00fclsz fel egy t\u00e9li edz\u00e9sre?<\/em><\/strong><\/p>\n<p>Az osztr\u00e1kok szokt\u00e1k mondani, hogy nincs rossz id\u0151j\u00e1r\u00e1s, csak nem megfelel\u0151 \u00f6lt\u00f6zet.\u00a0 \u00dagy gondolom, hogy ez a mond\u00e1s abszol\u00fat meg\u00e1llja a hely\u00e9t a ker\u00e9kp\u00e1roz\u00e1sban is. Az \u00e9vszaknak \u00e9s az aktu\u00e1lis id\u0151j\u00e1r\u00e1snak megfelel\u0151en, r\u00e9tegesen \u00f6lt\u00f6zk\u00f6dve szinte b\u00e1rmilyen k\u00f6r\u00fclm\u00e9nyek k\u00f6z\u00f6tt lehet \u00e9lvezni a ker\u00e9kp\u00e1roz\u00e1st.\u00a0 Ezen k\u00edv\u00fcl a legjobb felk\u00e9sz\u00fcl\u00e9s a t\u00e9lre a folyamatos bring\u00e1z\u00e1s, a t\u00e9l (\u00e1ltal\u00e1ban) nem egyik napr\u00f3l a m\u00e1sikra k\u00f6sz\u00f6nt be, aki nem teszi le a biciklit az els\u0151 h\u0171v\u00f6sebb \u0151szi napon, az hamar hozz\u00e1szokik a hideghez.<\/p>\n<p><img loading=\"lazy\" decoding=\"async\" class=\"alignnone size-full wp-image-15492\" src=\"https:\/\/d2p6e6u75xmxt8.cloudfront.net\/12\/2022\/07\/IMG_20220508_114235-01.jpg\" alt=\"\" width=\"960\" height=\"960\" srcset=\"https:\/\/d2p6e6u75xmxt8.cloudfront.net\/12\/2022\/07\/IMG_20220508_114235-01.jpg 960w, https:\/\/d2p6e6u75xmxt8.cloudfront.net\/12\/2022\/07\/IMG_20220508_114235-01-300x300.jpg 300w, https:\/\/d2p6e6u75xmxt8.cloudfront.net\/12\/2022\/07\/IMG_20220508_114235-01-150x150.jpg 150w, https:\/\/d2p6e6u75xmxt8.cloudfront.net\/12\/2022\/07\/IMG_20220508_114235-01-768x768.jpg 768w\" sizes=\"auto, (max-width: 960px) 100vw, 960px\" \/><\/p>\n<p><strong><em>Mi a helyzet a hossz\u00fa, sok\u00f3r\u00e1s utakkal?<\/em><\/strong><\/p>\n<p>\u00dagy gondolom, ha az ember \u00e9lvezi azt, amit csin\u00e1l, legyen az ker\u00e9kp\u00e1roz\u00e1s vagy b\u00e1rmilyen m\u00e1s sport, nem is t\u0171nik fel, hogy mennyi id\u0151 telt el, mennyi ideje van \u00faton. Term\u00e9szetesen a hossz\u00fa utakn\u00e1l figyelni kell a megfelel\u0151 folyad\u00e9k- \u00e9s energiabevitelre \u00e9s mindenkinek tudnia kell, mi az a t\u00e1vols\u00e1g illetve id\u0151, amennyit b\u00edr, illetve ameddig m\u00e9g j\u00f3lesik, amit csin\u00e1l.\u00a0 N\u00e1lam ez valahol 8-10 \u00f3ra k\u00f6r\u00fcl van, de nem egy olyan sportt\u00e1rsat ismerek, akiknek ez csak ez csak egy laza bemeleg\u00edt\u00e9s egy t\u00f6bbnapos \u00fat elej\u00e9n.<\/p>\n<p><strong><em>Mi motiv\u00e1l legink\u00e1bb? A t\u00e1jak, a siker\u00e9lm\u00e9ny, a gy\u0171jt\u00f6tt kilom\u00e9terek?<\/em><\/strong><\/p>\n<p>A manaps\u00e1g divatos sz\u00f3haszn\u00e1lattal \u00e9lve a <em>\u201cflow\u201d<\/em>.\u00a0 Amikor a ker\u00e9kp\u00e1r nyerg\u00e9ben \u00fagy \u00e9rzem, hogy most b\u00e1rmeddig tudn\u00e9k tekerni, most b\u00e1rhov\u00e1 el tudn\u00e9k jutni, b\u00e1rmennyi hegyet meg tudn\u00e9k m\u00e1szni \u00e9s egy\u00e1ltal\u00e1n, hogy k\u00e9pes vagyok r\u00e1, hogy ott legyek. Term\u00e9szetesen ehhez a megfelel\u0151 k\u00f6rnyezet nagyon sokat hozz\u00e1 tud tenni, val\u00f3sz\u00edn\u0171leg k\u00f6nnyeben j\u00f6n a flow az Alpok hegyeit m\u00e1szva, mint a munk\u00e1ba menet, de ugyan\u00fagy tudom \u00e9lvezni azokat a helyeket, azokat az utakat is, ahol m\u00e1r \u201cezredszerre\u201d j\u00e1rok.\u00a0 Ezek f\u00e9ny\u00e9ben a gy\u0171jt\u00f6tt kilom\u00e9terek illetve szintek m\u00e1sodlagosak sz\u00e1momra.<\/p>\n<p><img loading=\"lazy\" decoding=\"async\" class=\"alignnone size-full wp-image-15493\" src=\"https:\/\/d2p6e6u75xmxt8.cloudfront.net\/12\/2022\/07\/IMG_20220610_133453.jpg\" alt=\"\" width=\"720\" height=\"960\" srcset=\"https:\/\/d2p6e6u75xmxt8.cloudfront.net\/12\/2022\/07\/IMG_20220610_133453.jpg 720w, https:\/\/d2p6e6u75xmxt8.cloudfront.net\/12\/2022\/07\/IMG_20220610_133453-225x300.jpg 225w\" sizes=\"auto, (max-width: 720px) 100vw, 720px\" \/><\/p>\n<p><strong><em>Milyen sz\u00e9p \u00fatic\u00e9lokat aj\u00e1nlan\u00e1l azoknak, akik id\u00e9n Ausztri\u00e1ba mennek nyaralni?<\/em><\/strong><\/p>\n<p>Ausztri\u00e1t b\u00e1rkinek tudom aj\u00e1nlani, aki ker\u00e9kp\u00e1ros kikapcsol\u00f3d\u00e1st tervez, legyen sz\u00f3 ak\u00e1r k\u00e9nyelmes csal\u00e1di t\u00far\u00e1kr\u00f3l, ak\u00e1r montiz\u00e1sr\u00f3l, ak\u00e1r orsz\u00e1g\u00fatiz\u00e1sr\u00f3l.\u00a0 N\u00e9mik\u00e9pp hazabesz\u00e9lve Salzburg ide\u00e1lis kiindul\u00f3pont lehet b\u00e1rki sz\u00e1m\u00e1ra, hiszen innen ugyanolyan gyorsan \u00e9s k\u00f6nnyen el\u00e9rhet\u0151ek pl. a Salzkammergut csodasz\u00e9p tavai \u00e9s hegyei, mint a Hohe Tauern k\u00e9tezres cs\u00facsai, Flachgau vagy ak\u00e1r a k\u00f6zeli Bajororsz\u00e1g dimbes-dombos vid\u00e9ke.\u00a0 A ker\u00e9kp\u00e1rr\u00f3l lesz\u00e1llva pedig kellemes program lehet egy salzburgi v\u00e1rosn\u00e9z\u00e9s, egy kir\u00e1ndul\u00e1s a k\u00f6zeli Hallstadtba vagy Bad Ischlbe. Hasonl\u00f3 a helyzet, ha valaki kir\u00e1ndulni, t\u00far\u00e1zni vagy ak\u00e1r hegyet m\u00e1szni szeretne.<\/p>\n<p><em>Ha ismersz olyan bring\u00e1st, akinek kij\u00e1r az elismer\u00e9s inspir\u00e1l\u00f3 teljes\u00edtm\u00e9nye miatt, \u00e9s \u00fagy gondolod, b\u00fcszk\u00e9n akasztan\u00e1 a nyak\u00e1ba a WLC Heroes \u00e9rm\u00e9t, \u00edrd meg nek\u00fcnk a <\/em><a href=\"welovecycling@skoda.hu\"><em>welovecycling@skoda.hu<\/em><\/a><em> e-mail c\u00edmre vagy <\/em><a href=\"https:\/\/www.facebook.com\/WeLoveCyclingHungary\"><em>Messenger \u00fczenetben<\/em><\/a><em>, hogy ki \u0151 \u00e9s mi\u00e9rt vagy r\u00e1 b\u00fcszke! Kiemelked\u0151 Strava-linkeket is v\u00e1runk! Magadat nevezn\u00e9d? Csak b\u00e1tran! \ud83d\ude42<\/em><\/p>\n","protected":false},"excerpt":{"rendered":"<p>Nem minden h\u0151s visel k\u00f6penyt: van, aki biciklisnadr\u00e1gban menti meg a vil\u00e1got. Strava klubunkban olyan teljes\u00edtm\u00e9nyeknek vagyunk szemtan\u00fai nap mint [&hellip;]<\/p>\n","protected":false},"author":71,"featured_media":15487,"comment_status":"open","ping_status":"open","sticky":false,"template":"","format":"standard","meta":{"footnotes":""},"categories":[467],"tags":[],"global-categories":[],"class_list":["post-15486","post","type-post","status-publish","format-standard","has-post-thumbnail","hentry","category-wlc-heroes"],"yoast_head":"<!-- This site is optimized with the Yoast SEO Premium plugin v25.3 (Yoast SEO v25.9) - https:\/\/yoast.com\/wordpress\/plugins\/seo\/ -->\n<title>WLC Heroes: Bakonyi-K\u00e1rp\u00e1ti P\u00e9ter, aki meg sem \u00e1ll a felh\u0151kig<\/title>\n<meta name=\"description\" content=\"Nem minden h\u0151s visel k\u00f6penyt: van, aki biciklisnadr\u00e1gban menti meg a vil\u00e1got. Strava klubunkban olyan teljes\u00edtm\u00e9nyeknek vagyunk szemtan\u00fai nap mint nap, amik mellett nem mehet\u00fcnk el. \u00dagy gondoljuk, az az akarater\u0151, munka \u00e9s kitart\u00e1s, ami ezekhez sz\u00fcks\u00e9ges, meg\u00e9rdemli a jutalmat. Ez\u00e9rt ind\u00edtottuk el WLC Heroes kamp\u00e1nyunkat, mely sor\u00e1n \u00e9remmel m\u00e9lt\u00e1nyoljuk a bring\u00e1z\u00e1s h\u0151seit, \u00e9s bemutatjuk \u0151ket nektek, hogy inspir\u00e1ljanak \u00e9s mozgat\u00f3rug\u00f3i lehessenek a sz\u00e9lesebb ker\u00e9kp\u00e1ros k\u00f6z\u00f6ss\u00e9gnek!\" \/>\n<meta name=\"robots\" content=\"index, follow, max-snippet:-1, max-image-preview:large, max-video-preview:-1\" \/>\n<link rel=\"canonical\" href=\"https:\/\/www.welovecycling.com\/hu\/wlc-heroes\/wlc-heroes-bakonyi-karpati-peter-aki-meg-sem-all-a-felhokig\/\" \/>\n<meta property=\"og:locale\" content=\"hu_HU\" \/>\n<meta property=\"og:type\" content=\"article\" \/>\n<meta property=\"og:title\" content=\"WLC Heroes: Bakonyi-K\u00e1rp\u00e1ti P\u00e9ter, aki meg sem \u00e1ll a felh\u0151kig\" \/>\n<meta property=\"og:description\" content=\"Nem minden h\u0151s visel k\u00f6penyt: van, aki biciklisnadr\u00e1gban menti meg a vil\u00e1got. Strava klubunkban olyan teljes\u00edtm\u00e9nyeknek vagyunk szemtan\u00fai nap mint nap, amik mellett nem mehet\u00fcnk el. \u00dagy gondoljuk, az az akarater\u0151, munka \u00e9s kitart\u00e1s, ami ezekhez sz\u00fcks\u00e9ges, meg\u00e9rdemli a jutalmat. Ez\u00e9rt ind\u00edtottuk el WLC Heroes kamp\u00e1nyunkat, mely sor\u00e1n \u00e9remmel m\u00e9lt\u00e1nyoljuk a bring\u00e1z\u00e1s h\u0151seit, \u00e9s bemutatjuk \u0151ket nektek, hogy inspir\u00e1ljanak \u00e9s mozgat\u00f3rug\u00f3i lehessenek a sz\u00e9lesebb ker\u00e9kp\u00e1ros k\u00f6z\u00f6ss\u00e9gnek!\" \/>\n<meta property=\"og:url\" content=\"https:\/\/www.welovecycling.com\/hu\/wlc-heroes\/wlc-heroes-bakonyi-karpati-peter-aki-meg-sem-all-a-felhokig\/\" \/>\n<meta property=\"og:site_name\" content=\"\u0160koda We Love Cycling - Magyarorsz\u00e1g\" \/>\n<meta property=\"article:publisher\" content=\"https:\/\/www.facebook.com\/WeLoveCyclingHungary\/\" \/>\n<meta property=\"article:published_time\" content=\"2022-07-29T11:00:53+00:00\" \/>\n<meta property=\"og:image\" content=\"https:\/\/d2p6e6u75xmxt8.cloudfront.net\/12\/2022\/07\/BAKONYI_KARPATI_PETER_1200x630_FB_simple.png\" \/>\n\t<meta property=\"og:image:width\" content=\"1200\" \/>\n\t<meta property=\"og:image:height\" content=\"630\" \/>\n\t<meta property=\"og:image:type\" content=\"image\/png\" \/>\n<meta name=\"author\" content=\"hegyizs\" \/>\n<meta name=\"twitter:card\" content=\"summary_large_image\" \/>\n<meta name=\"twitter:label1\" content=\"Written by\" \/>\n\t<meta name=\"twitter:data1\" content=\"WLC\" \/>\n\t<meta name=\"twitter:label2\" content=\"Est. reading time\" \/>\n\t<meta name=\"twitter:data2\" content=\"7 minutes\" \/>\n<script type=\"application\/ld+json\" class=\"yoast-schema-graph\">{\"@context\":\"https:\/\/schema.org\",\"@graph\":[{\"@type\":\"WebPage\",\"@id\":\"https:\/\/www.welovecycling.com\/hu\/wlc-heroes\/wlc-heroes-bakonyi-karpati-peter-aki-meg-sem-all-a-felhokig\/\",\"url\":\"https:\/\/www.welovecycling.com\/hu\/wlc-heroes\/wlc-heroes-bakonyi-karpati-peter-aki-meg-sem-all-a-felhokig\/\",\"name\":\"WLC Heroes: Bakonyi-K\u00e1rp\u00e1ti P\u00e9ter, aki meg sem \u00e1ll a felh\u0151kig\",\"isPartOf\":{\"@id\":\"https:\/\/www.welovecycling.com\/hu\/#website\"},\"primaryImageOfPage\":{\"@id\":\"https:\/\/www.welovecycling.com\/hu\/wlc-heroes\/wlc-heroes-bakonyi-karpati-peter-aki-meg-sem-all-a-felhokig\/#primaryimage\"},\"image\":{\"@id\":\"https:\/\/www.welovecycling.com\/hu\/wlc-heroes\/wlc-heroes-bakonyi-karpati-peter-aki-meg-sem-all-a-felhokig\/#primaryimage\"},\"thumbnailUrl\":\"https:\/\/d2p6e6u75xmxt8.cloudfront.net\/12\/2022\/07\/BAKONYI_KARPATI_PETER_990x660_CIKK_UJ_JO.png\",\"datePublished\":\"2022-07-29T11:00:53+00:00\",\"author\":{\"@id\":\"https:\/\/www.welovecycling.com\/hu\/#\/schema\/person\/414a2aebf1801691a5320edb6468e194\"},\"description\":\"Nem minden h\u0151s visel k\u00f6penyt: van, aki biciklisnadr\u00e1gban menti meg a vil\u00e1got. Strava klubunkban olyan teljes\u00edtm\u00e9nyeknek vagyunk szemtan\u00fai nap mint nap, amik mellett nem mehet\u00fcnk el. \u00dagy gondoljuk, az az akarater\u0151, munka \u00e9s kitart\u00e1s, ami ezekhez sz\u00fcks\u00e9ges, meg\u00e9rdemli a jutalmat. Ez\u00e9rt ind\u00edtottuk el WLC Heroes kamp\u00e1nyunkat, mely sor\u00e1n \u00e9remmel m\u00e9lt\u00e1nyoljuk a bring\u00e1z\u00e1s h\u0151seit, \u00e9s bemutatjuk \u0151ket nektek, hogy inspir\u00e1ljanak \u00e9s mozgat\u00f3rug\u00f3i lehessenek a sz\u00e9lesebb ker\u00e9kp\u00e1ros k\u00f6z\u00f6ss\u00e9gnek!\",\"breadcrumb\":{\"@id\":\"https:\/\/www.welovecycling.com\/hu\/wlc-heroes\/wlc-heroes-bakonyi-karpati-peter-aki-meg-sem-all-a-felhokig\/#breadcrumb\"},\"inLanguage\":\"hu\",\"potentialAction\":[{\"@type\":\"ReadAction\",\"target\":[\"https:\/\/www.welovecycling.com\/hu\/wlc-heroes\/wlc-heroes-bakonyi-karpati-peter-aki-meg-sem-all-a-felhokig\/\"]}]},{\"@type\":\"ImageObject\",\"inLanguage\":\"hu\",\"@id\":\"https:\/\/www.welovecycling.com\/hu\/wlc-heroes\/wlc-heroes-bakonyi-karpati-peter-aki-meg-sem-all-a-felhokig\/#primaryimage\",\"url\":\"https:\/\/d2p6e6u75xmxt8.cloudfront.net\/12\/2022\/07\/BAKONYI_KARPATI_PETER_990x660_CIKK_UJ_JO.png\",\"contentUrl\":\"https:\/\/d2p6e6u75xmxt8.cloudfront.net\/12\/2022\/07\/BAKONYI_KARPATI_PETER_990x660_CIKK_UJ_JO.png\",\"width\":990,\"height\":660},{\"@type\":\"BreadcrumbList\",\"@id\":\"https:\/\/www.welovecycling.com\/hu\/wlc-heroes\/wlc-heroes-bakonyi-karpati-peter-aki-meg-sem-all-a-felhokig\/#breadcrumb\",\"itemListElement\":[{\"@type\":\"ListItem\",\"position\":1,\"name\":\"Home\",\"item\":\"https:\/\/www.welovecycling.com\/hu\/\"},{\"@type\":\"ListItem\",\"position\":2,\"name\":\"WLC Heroes: Bakonyi-K\u00e1rp\u00e1ti P\u00e9ter, aki meg sem \u00e1ll a felh\u0151kig\"}]},{\"@type\":\"WebSite\",\"@id\":\"https:\/\/www.welovecycling.com\/hu\/#website\",\"url\":\"https:\/\/www.welovecycling.com\/hu\/\",\"name\":\"\u0160koda We Love Cycling - Magyarorsz\u00e1g\",\"description\":\"\u0160koda WeLoveCycling\",\"potentialAction\":[{\"@type\":\"SearchAction\",\"target\":{\"@type\":\"EntryPoint\",\"urlTemplate\":\"https:\/\/www.welovecycling.com\/hu\/?s={search_term_string}\"},\"query-input\":{\"@type\":\"PropertyValueSpecification\",\"valueRequired\":true,\"valueName\":\"search_term_string\"}}],\"inLanguage\":\"hu\"},{\"@type\":\"Person\",\"@id\":\"https:\/\/www.welovecycling.com\/hu\/#\/schema\/person\/414a2aebf1801691a5320edb6468e194\",\"name\":\"hegyizs\",\"image\":{\"@type\":\"ImageObject\",\"inLanguage\":\"hu\",\"@id\":\"https:\/\/www.welovecycling.com\/hu\/#\/schema\/person\/image\/\",\"url\":\"https:\/\/secure.gravatar.com\/avatar\/02cf8a7906b8cf90cecb4679defac7cfd33a1c2e3b88e4903d947f3bb58eedd3?s=96&d=mm&r=g\",\"contentUrl\":\"https:\/\/secure.gravatar.com\/avatar\/02cf8a7906b8cf90cecb4679defac7cfd33a1c2e3b88e4903d947f3bb58eedd3?s=96&d=mm&r=g\",\"caption\":\"hegyizs\"},\"url\":\"https:\/\/www.welovecycling.com\/hu\/author\/hegyizs\/\"}]}<\/script>\n<!-- \/ Yoast SEO Premium plugin. -->","yoast_head_json":{"title":"WLC Heroes: Bakonyi-K\u00e1rp\u00e1ti P\u00e9ter, aki meg sem \u00e1ll a felh\u0151kig","description":"Nem minden h\u0151s visel k\u00f6penyt: van, aki biciklisnadr\u00e1gban menti meg a vil\u00e1got. Strava klubunkban olyan teljes\u00edtm\u00e9nyeknek vagyunk szemtan\u00fai nap mint nap, amik mellett nem mehet\u00fcnk el. \u00dagy gondoljuk, az az akarater\u0151, munka \u00e9s kitart\u00e1s, ami ezekhez sz\u00fcks\u00e9ges, meg\u00e9rdemli a jutalmat. Ez\u00e9rt ind\u00edtottuk el WLC Heroes kamp\u00e1nyunkat, mely sor\u00e1n \u00e9remmel m\u00e9lt\u00e1nyoljuk a bring\u00e1z\u00e1s h\u0151seit, \u00e9s bemutatjuk \u0151ket nektek, hogy inspir\u00e1ljanak \u00e9s mozgat\u00f3rug\u00f3i lehessenek a sz\u00e9lesebb ker\u00e9kp\u00e1ros k\u00f6z\u00f6ss\u00e9gnek!","robots":{"index":"index","follow":"follow","max-snippet":"max-snippet:-1","max-image-preview":"max-image-preview:large","max-video-preview":"max-video-preview:-1"},"canonical":"https:\/\/www.welovecycling.com\/hu\/wlc-heroes\/wlc-heroes-bakonyi-karpati-peter-aki-meg-sem-all-a-felhokig\/","og_locale":"hu_HU","og_type":"article","og_title":"WLC Heroes: Bakonyi-K\u00e1rp\u00e1ti P\u00e9ter, aki meg sem \u00e1ll a felh\u0151kig","og_description":"Nem minden h\u0151s visel k\u00f6penyt: van, aki biciklisnadr\u00e1gban menti meg a vil\u00e1got. Strava klubunkban olyan teljes\u00edtm\u00e9nyeknek vagyunk szemtan\u00fai nap mint nap, amik mellett nem mehet\u00fcnk el. \u00dagy gondoljuk, az az akarater\u0151, munka \u00e9s kitart\u00e1s, ami ezekhez sz\u00fcks\u00e9ges, meg\u00e9rdemli a jutalmat. Ez\u00e9rt ind\u00edtottuk el WLC Heroes kamp\u00e1nyunkat, mely sor\u00e1n \u00e9remmel m\u00e9lt\u00e1nyoljuk a bring\u00e1z\u00e1s h\u0151seit, \u00e9s bemutatjuk \u0151ket nektek, hogy inspir\u00e1ljanak \u00e9s mozgat\u00f3rug\u00f3i lehessenek a sz\u00e9lesebb ker\u00e9kp\u00e1ros k\u00f6z\u00f6ss\u00e9gnek!","og_url":"https:\/\/www.welovecycling.com\/hu\/wlc-heroes\/wlc-heroes-bakonyi-karpati-peter-aki-meg-sem-all-a-felhokig\/","og_site_name":"\u0160koda We Love Cycling - Magyarorsz\u00e1g","article_publisher":"https:\/\/www.facebook.com\/WeLoveCyclingHungary\/","article_published_time":"2022-07-29T11:00:53+00:00","og_image":[{"width":1200,"height":630,"url":"https:\/\/d2p6e6u75xmxt8.cloudfront.net\/12\/2022\/07\/BAKONYI_KARPATI_PETER_1200x630_FB_simple.png","type":"image\/png"}],"author":"hegyizs","twitter_card":"summary_large_image","twitter_misc":{"Written by":"WLC","Est. reading time":"7 minutes"},"schema":{"@context":"https:\/\/schema.org","@graph":[{"@type":"WebPage","@id":"https:\/\/www.welovecycling.com\/hu\/wlc-heroes\/wlc-heroes-bakonyi-karpati-peter-aki-meg-sem-all-a-felhokig\/","url":"https:\/\/www.welovecycling.com\/hu\/wlc-heroes\/wlc-heroes-bakonyi-karpati-peter-aki-meg-sem-all-a-felhokig\/","name":"WLC Heroes: Bakonyi-K\u00e1rp\u00e1ti P\u00e9ter, aki meg sem \u00e1ll a felh\u0151kig","isPartOf":{"@id":"https:\/\/www.welovecycling.com\/hu\/#website"},"primaryImageOfPage":{"@id":"https:\/\/www.welovecycling.com\/hu\/wlc-heroes\/wlc-heroes-bakonyi-karpati-peter-aki-meg-sem-all-a-felhokig\/#primaryimage"},"image":{"@id":"https:\/\/www.welovecycling.com\/hu\/wlc-heroes\/wlc-heroes-bakonyi-karpati-peter-aki-meg-sem-all-a-felhokig\/#primaryimage"},"thumbnailUrl":"https:\/\/d2p6e6u75xmxt8.cloudfront.net\/12\/2022\/07\/BAKONYI_KARPATI_PETER_990x660_CIKK_UJ_JO.png","datePublished":"2022-07-29T11:00:53+00:00","author":{"@id":"https:\/\/www.welovecycling.com\/hu\/#\/schema\/person\/414a2aebf1801691a5320edb6468e194"},"description":"Nem minden h\u0151s visel k\u00f6penyt: van, aki biciklisnadr\u00e1gban menti meg a vil\u00e1got. Strava klubunkban olyan teljes\u00edtm\u00e9nyeknek vagyunk szemtan\u00fai nap mint nap, amik mellett nem mehet\u00fcnk el. \u00dagy gondoljuk, az az akarater\u0151, munka \u00e9s kitart\u00e1s, ami ezekhez sz\u00fcks\u00e9ges, meg\u00e9rdemli a jutalmat. Ez\u00e9rt ind\u00edtottuk el WLC Heroes kamp\u00e1nyunkat, mely sor\u00e1n \u00e9remmel m\u00e9lt\u00e1nyoljuk a bring\u00e1z\u00e1s h\u0151seit, \u00e9s bemutatjuk \u0151ket nektek, hogy inspir\u00e1ljanak \u00e9s mozgat\u00f3rug\u00f3i lehessenek a sz\u00e9lesebb ker\u00e9kp\u00e1ros k\u00f6z\u00f6ss\u00e9gnek!","breadcrumb":{"@id":"https:\/\/www.welovecycling.com\/hu\/wlc-heroes\/wlc-heroes-bakonyi-karpati-peter-aki-meg-sem-all-a-felhokig\/#breadcrumb"},"inLanguage":"hu","potentialAction":[{"@type":"ReadAction","target":["https:\/\/www.welovecycling.com\/hu\/wlc-heroes\/wlc-heroes-bakonyi-karpati-peter-aki-meg-sem-all-a-felhokig\/"]}]},{"@type":"ImageObject","inLanguage":"hu","@id":"https:\/\/www.welovecycling.com\/hu\/wlc-heroes\/wlc-heroes-bakonyi-karpati-peter-aki-meg-sem-all-a-felhokig\/#primaryimage","url":"https:\/\/d2p6e6u75xmxt8.cloudfront.net\/12\/2022\/07\/BAKONYI_KARPATI_PETER_990x660_CIKK_UJ_JO.png","contentUrl":"https:\/\/d2p6e6u75xmxt8.cloudfront.net\/12\/2022\/07\/BAKONYI_KARPATI_PETER_990x660_CIKK_UJ_JO.png","width":990,"height":660},{"@type":"BreadcrumbList","@id":"https:\/\/www.welovecycling.com\/hu\/wlc-heroes\/wlc-heroes-bakonyi-karpati-peter-aki-meg-sem-all-a-felhokig\/#breadcrumb","itemListElement":[{"@type":"ListItem","position":1,"name":"Home","item":"https:\/\/www.welovecycling.com\/hu\/"},{"@type":"ListItem","position":2,"name":"WLC Heroes: Bakonyi-K\u00e1rp\u00e1ti P\u00e9ter, aki meg sem \u00e1ll a felh\u0151kig"}]},{"@type":"WebSite","@id":"https:\/\/www.welovecycling.com\/hu\/#website","url":"https:\/\/www.welovecycling.com\/hu\/","name":"\u0160koda We Love Cycling - Magyarorsz\u00e1g","description":"\u0160koda WeLoveCycling","potentialAction":[{"@type":"SearchAction","target":{"@type":"EntryPoint","urlTemplate":"https:\/\/www.welovecycling.com\/hu\/?s={search_term_string}"},"query-input":{"@type":"PropertyValueSpecification","valueRequired":true,"valueName":"search_term_string"}}],"inLanguage":"hu"},{"@type":"Person","@id":"https:\/\/www.welovecycling.com\/hu\/#\/schema\/person\/414a2aebf1801691a5320edb6468e194","name":"hegyizs","image":{"@type":"ImageObject","inLanguage":"hu","@id":"https:\/\/www.welovecycling.com\/hu\/#\/schema\/person\/image\/","url":"https:\/\/secure.gravatar.com\/avatar\/02cf8a7906b8cf90cecb4679defac7cfd33a1c2e3b88e4903d947f3bb58eedd3?s=96&d=mm&r=g","contentUrl":"https:\/\/secure.gravatar.com\/avatar\/02cf8a7906b8cf90cecb4679defac7cfd33a1c2e3b88e4903d947f3bb58eedd3?s=96&d=mm&r=g","caption":"hegyizs"},"url":"https:\/\/www.welovecycling.com\/hu\/author\/hegyizs\/"}]}},"_links":{"self":[{"href":"https:\/\/www.welovecycling.com\/hu\/wp-json\/wp\/v2\/posts\/15486","targetHints":{"allow":["GET"]}}],"collection":[{"href":"https:\/\/www.welovecycling.com\/hu\/wp-json\/wp\/v2\/posts"}],"about":[{"href":"https:\/\/www.welovecycling.com\/hu\/wp-json\/wp\/v2\/types\/post"}],"author":[{"embeddable":true,"href":"https:\/\/www.welovecycling.com\/hu\/wp-json\/wp\/v2\/users\/71"}],"replies":[{"embeddable":true,"href":"https:\/\/www.welovecycling.com\/hu\/wp-json\/wp\/v2\/comments?post=15486"}],"version-history":[{"count":2,"href":"https:\/\/www.welovecycling.com\/hu\/wp-json\/wp\/v2\/posts\/15486\/revisions"}],"predecessor-version":[{"id":15495,"href":"https:\/\/www.welovecycling.com\/hu\/wp-json\/wp\/v2\/posts\/15486\/revisions\/15495"}],"wp:featuredmedia":[{"embeddable":true,"href":"https:\/\/www.welovecycling.com\/hu\/wp-json\/wp\/v2\/media\/15487"}],"wp:attachment":[{"href":"https:\/\/www.welovecycling.com\/hu\/wp-json\/wp\/v2\/media?parent=15486"}],"wp:term":[{"taxonomy":"category","embeddable":true,"href":"https:\/\/www.welovecycling.com\/hu\/wp-json\/wp\/v2\/categories?post=15486"},{"taxonomy":"post_tag","embeddable":true,"href":"https:\/\/www.welovecycling.com\/hu\/wp-json\/wp\/v2\/tags?post=15486"},{"taxonomy":"global-categories","embeddable":true,"href":"https:\/\/www.welovecycling.com\/hu\/wp-json\/wp\/v2\/global-categories?post=15486"}],"curies":[{"name":"wp","href":"https:\/\/api.w.org\/{rel}","templated":true}]}}