{"id":15481,"date":"2022-07-25T09:34:03","date_gmt":"2022-07-25T07:34:03","guid":{"rendered":"https:\/\/www.welovecycling.com\/hu\/?p=15481"},"modified":"2022-07-25T09:34:03","modified_gmt":"2022-07-25T07:34:03","slug":"jonas-vingegaard-a-tour-de-france-gyoztese","status":"publish","type":"post","link":"https:\/\/www.welovecycling.com\/hu\/tour-de-france\/jonas-vingegaard-a-tour-de-france-gyoztese\/","title":{"rendered":"Jonas Vingegaard a Tour de France gy\u0151ztese"},"content":{"rendered":"<p><strong>K\u00e9ts\u00e9gtelen\u00fcl \u0151 volt a leger\u0151sebb versenyz\u0151 az idei mez\u0151nyben. A 25 \u00e9ves d\u00e1n hat\u00e1rozottan meg\u00e9rdemelte a gy\u0151zelmet \u00e9s az elismer\u00e9st.<\/strong><\/p>\n<p><!--more--><\/p>\n<p>Miut\u00e1n lehagyta\u00a0Tadej Poga\u010dart a 11. szakaszon, nem volt k\u00e9rd\u00e9s, hogy ki a legjobb ker\u00e9kp\u00e1ros a 109. Tour de France-on.<\/p>\n<p>Az utols\u00f3 etapon Jasper Philipsen szerezte meg az els\u0151 helyet, aki legy\u0151zte Dylan Groenewegent \u00e9s Alexander Kristoffot.<\/p>\n<p>A \u0160koda Green Jersey Wout van Aert-\u00e9, aki biztons\u00e1gosan v\u00e9gzett a mez\u0151ny m\u00f6g\u00f6tt a Jumbo-Visma vezet\u0151j\u00e9vel, Jonas Vingegaarddal.<\/p>\n<figure id=\"attachment_15482\" aria-describedby=\"caption-attachment-15482\" style=\"width: 850px\" class=\"wp-caption alignnone\"><a href=\"https:\/\/d2p6e6u75xmxt8.cloudfront.net\/12\/2022\/07\/a2754ef5e39a48c69b78bacc29b5702a.jpg\"><img loading=\"lazy\" decoding=\"async\" class=\"size-full wp-image-15482\" src=\"https:\/\/d2p6e6u75xmxt8.cloudfront.net\/12\/2022\/07\/a2754ef5e39a48c69b78bacc29b5702a.jpg\" alt=\"\" width=\"850\" height=\"478\" srcset=\"https:\/\/d2p6e6u75xmxt8.cloudfront.net\/12\/2022\/07\/a2754ef5e39a48c69b78bacc29b5702a.jpg 850w, https:\/\/d2p6e6u75xmxt8.cloudfront.net\/12\/2022\/07\/a2754ef5e39a48c69b78bacc29b5702a-300x169.jpg 300w, https:\/\/d2p6e6u75xmxt8.cloudfront.net\/12\/2022\/07\/a2754ef5e39a48c69b78bacc29b5702a-768x432.jpg 768w\" sizes=\"auto, (max-width: 850px) 100vw, 850px\" \/><\/a><figcaption id=\"caption-attachment-15482\" class=\"wp-caption-text\">Forr\u00e1s: Twitter\/Tour de France<\/figcaption><\/figure>\n<p><strong>\u00d6sszetett eredm\u00e9nyek<\/strong><\/p>\n<p>1. Jonas VINGEGAARD (JUMBO \u2013 VISMA) 79:33:20<br \/>\n2. Tadej POGA\u010cAR (UAE TEAM EMIRATES) + 02:43<br \/>\n3. Geraint THOMAS (INEOS GRENADIERS) +07:22<br \/>\n4. D. GAUDU (GROUPAMA \u2013 FDJ) + 13:39<br \/>\n5. A. VLASOV (BORA \u2013 HANSGROHE) + 15:46<br \/>\n6.\u00a0N. QUINTANA (TEAM ARKEA \u2013 SAMSIC) + 16:33<br \/>\n7.\u00a0R. BARDET (TEAM DSM) + 18:11-<br \/>\n8. L. MEINTJES (INTERMARCHE \u2013 WANTY \u2013 GOBERT MATERIAUX) + 18:44<br \/>\n9. A. LUTSENKO (ASTANA \u2013 QAZAQSTAN TEAM) + 22:56<br \/>\n10. A. YATES (INEOS GRENADIERS) + 24:52<\/p>\n<p><strong>Pontverseny eredm\u00e9nyek<\/strong><\/p>\n<p>Wout VAN AERT \u2013 (JUMBO \u2013 VISMA) \u2013 480 pont<br \/>\n2. Jasper PHILIPSEN (ALPECIN \u2013 DECEUNINCK) \u2013 286 pont<br \/>\n3. Tadej POGA\u010cAR (UAE TEAM EMIRATES) \u2013 250 pont<\/p>\n","protected":false},"excerpt":{"rendered":"<p>K\u00e9ts\u00e9gtelen\u00fcl \u0151 volt a leger\u0151sebb versenyz\u0151 az idei mez\u0151nyben. A 25 \u00e9ves d\u00e1n hat\u00e1rozottan meg\u00e9rdemelte a gy\u0151zelmet \u00e9s az elismer\u00e9st.<\/p>\n","protected":false},"author":145,"featured_media":15483,"comment_status":"open","ping_status":"open","sticky":false,"template":"","format":"standard","meta":{"footnotes":""},"categories":[96],"tags":[],"global-categories":[419],"class_list":["post-15481","post","type-post","status-publish","format-standard","has-post-thumbnail","hentry","category-tour-de-france","global-categories-cycling"],"yoast_head":"<!-- This site is optimized with the Yoast SEO Premium plugin v25.3 (Yoast SEO v25.9) - https:\/\/yoast.com\/wordpress\/plugins\/seo\/ -->\n<title>Jonas Vingegaard a Tour de France gy\u0151ztese - \u0160koda We Love Cycling - Magyarorsz\u00e1g<\/title>\n<meta name=\"robots\" content=\"index, follow, max-snippet:-1, max-image-preview:large, max-video-preview:-1\" \/>\n<link rel=\"canonical\" href=\"https:\/\/www.welovecycling.com\/hu\/tour-de-france\/jonas-vingegaard-a-tour-de-france-gyoztese\/\" \/>\n<meta property=\"og:locale\" content=\"hu_HU\" \/>\n<meta property=\"og:type\" content=\"article\" \/>\n<meta property=\"og:title\" content=\"Jonas Vingegaard a Tour de France gy\u0151ztese\" \/>\n<meta property=\"og:description\" content=\"K\u00e9ts\u00e9gtelen\u00fcl \u0151 volt a leger\u0151sebb versenyz\u0151 az idei mez\u0151nyben. A 25 \u00e9ves d\u00e1n hat\u00e1rozottan meg\u00e9rdemelte a gy\u0151zelmet \u00e9s az elismer\u00e9st.\" \/>\n<meta property=\"og:url\" content=\"https:\/\/www.welovecycling.com\/hu\/tour-de-france\/jonas-vingegaard-a-tour-de-france-gyoztese\/\" \/>\n<meta property=\"og:site_name\" content=\"\u0160koda We Love Cycling - Magyarorsz\u00e1g\" \/>\n<meta property=\"article:publisher\" content=\"https:\/\/www.facebook.com\/WeLoveCyclingHungary\/\" \/>\n<meta property=\"article:published_time\" content=\"2022-07-25T07:34:03+00:00\" \/>\n<meta property=\"og:image\" content=\"https:\/\/d2p6e6u75xmxt8.cloudfront.net\/12\/2022\/07\/Wout-van-Aert-CVR-profimedia-0709536997.jpg\" \/>\n\t<meta property=\"og:image:width\" content=\"990\" \/>\n\t<meta property=\"og:image:height\" content=\"660\" \/>\n\t<meta property=\"og:image:type\" content=\"image\/jpeg\" \/>\n<meta name=\"author\" content=\"kitti\" \/>\n<meta name=\"twitter:card\" content=\"summary_large_image\" \/>\n<meta name=\"twitter:label1\" content=\"Written by\" \/>\n\t<meta name=\"twitter:data1\" content=\"We Love Cycling\" \/>\n\t<meta name=\"twitter:label2\" content=\"Est. reading time\" \/>\n\t<meta name=\"twitter:data2\" content=\"1 minute\" \/>\n<script type=\"application\/ld+json\" class=\"yoast-schema-graph\">{\"@context\":\"https:\/\/schema.org\",\"@graph\":[{\"@type\":\"WebPage\",\"@id\":\"https:\/\/www.welovecycling.com\/hu\/tour-de-france\/jonas-vingegaard-a-tour-de-france-gyoztese\/\",\"url\":\"https:\/\/www.welovecycling.com\/hu\/tour-de-france\/jonas-vingegaard-a-tour-de-france-gyoztese\/\",\"name\":\"Jonas Vingegaard a Tour de France gy\u0151ztese - \u0160koda We Love Cycling - Magyarorsz\u00e1g\",\"isPartOf\":{\"@id\":\"https:\/\/www.welovecycling.com\/hu\/#website\"},\"primaryImageOfPage\":{\"@id\":\"https:\/\/www.welovecycling.com\/hu\/tour-de-france\/jonas-vingegaard-a-tour-de-france-gyoztese\/#primaryimage\"},\"image\":{\"@id\":\"https:\/\/www.welovecycling.com\/hu\/tour-de-france\/jonas-vingegaard-a-tour-de-france-gyoztese\/#primaryimage\"},\"thumbnailUrl\":\"https:\/\/d2p6e6u75xmxt8.cloudfront.net\/12\/2022\/07\/Wout-van-Aert-CVR-profimedia-0709536997.jpg\",\"datePublished\":\"2022-07-25T07:34:03+00:00\",\"author\":{\"@id\":\"https:\/\/www.welovecycling.com\/hu\/#\/schema\/person\/bec7dcdbcc59f58489cf603e4040ced1\"},\"breadcrumb\":{\"@id\":\"https:\/\/www.welovecycling.com\/hu\/tour-de-france\/jonas-vingegaard-a-tour-de-france-gyoztese\/#breadcrumb\"},\"inLanguage\":\"hu\",\"potentialAction\":[{\"@type\":\"ReadAction\",\"target\":[\"https:\/\/www.welovecycling.com\/hu\/tour-de-france\/jonas-vingegaard-a-tour-de-france-gyoztese\/\"]}]},{\"@type\":\"ImageObject\",\"inLanguage\":\"hu\",\"@id\":\"https:\/\/www.welovecycling.com\/hu\/tour-de-france\/jonas-vingegaard-a-tour-de-france-gyoztese\/#primaryimage\",\"url\":\"https:\/\/d2p6e6u75xmxt8.cloudfront.net\/12\/2022\/07\/Wout-van-Aert-CVR-profimedia-0709536997.jpg\",\"contentUrl\":\"https:\/\/d2p6e6u75xmxt8.cloudfront.net\/12\/2022\/07\/Wout-van-Aert-CVR-profimedia-0709536997.jpg\",\"width\":990,\"height\":660},{\"@type\":\"BreadcrumbList\",\"@id\":\"https:\/\/www.welovecycling.com\/hu\/tour-de-france\/jonas-vingegaard-a-tour-de-france-gyoztese\/#breadcrumb\",\"itemListElement\":[{\"@type\":\"ListItem\",\"position\":1,\"name\":\"Home\",\"item\":\"https:\/\/www.welovecycling.com\/hu\/\"},{\"@type\":\"ListItem\",\"position\":2,\"name\":\"Jonas Vingegaard a Tour de France gy\u0151ztese\"}]},{\"@type\":\"WebSite\",\"@id\":\"https:\/\/www.welovecycling.com\/hu\/#website\",\"url\":\"https:\/\/www.welovecycling.com\/hu\/\",\"name\":\"\u0160koda We Love Cycling - Magyarorsz\u00e1g\",\"description\":\"\u0160koda WeLoveCycling\",\"potentialAction\":[{\"@type\":\"SearchAction\",\"target\":{\"@type\":\"EntryPoint\",\"urlTemplate\":\"https:\/\/www.welovecycling.com\/hu\/?s={search_term_string}\"},\"query-input\":{\"@type\":\"PropertyValueSpecification\",\"valueRequired\":true,\"valueName\":\"search_term_string\"}}],\"inLanguage\":\"hu\"},{\"@type\":\"Person\",\"@id\":\"https:\/\/www.welovecycling.com\/hu\/#\/schema\/person\/bec7dcdbcc59f58489cf603e4040ced1\",\"name\":\"kitti\",\"image\":{\"@type\":\"ImageObject\",\"inLanguage\":\"hu\",\"@id\":\"https:\/\/www.welovecycling.com\/hu\/#\/schema\/person\/image\/\",\"url\":\"https:\/\/secure.gravatar.com\/avatar\/e3196a110e1b57b96f56d92d10ce9bb4e9d7210076832a16243337e949410b52?s=96&d=mm&r=g\",\"contentUrl\":\"https:\/\/secure.gravatar.com\/avatar\/e3196a110e1b57b96f56d92d10ce9bb4e9d7210076832a16243337e949410b52?s=96&d=mm&r=g\",\"caption\":\"kitti\"},\"url\":\"https:\/\/www.welovecycling.com\/hu\/author\/kitti\/\"}]}<\/script>\n<!-- \/ Yoast SEO Premium plugin. -->","yoast_head_json":{"title":"Jonas Vingegaard a Tour de France gy\u0151ztese - \u0160koda We Love Cycling - Magyarorsz\u00e1g","robots":{"index":"index","follow":"follow","max-snippet":"max-snippet:-1","max-image-preview":"max-image-preview:large","max-video-preview":"max-video-preview:-1"},"canonical":"https:\/\/www.welovecycling.com\/hu\/tour-de-france\/jonas-vingegaard-a-tour-de-france-gyoztese\/","og_locale":"hu_HU","og_type":"article","og_title":"Jonas Vingegaard a Tour de France gy\u0151ztese","og_description":"K\u00e9ts\u00e9gtelen\u00fcl \u0151 volt a leger\u0151sebb versenyz\u0151 az idei mez\u0151nyben. A 25 \u00e9ves d\u00e1n hat\u00e1rozottan meg\u00e9rdemelte a gy\u0151zelmet \u00e9s az elismer\u00e9st.","og_url":"https:\/\/www.welovecycling.com\/hu\/tour-de-france\/jonas-vingegaard-a-tour-de-france-gyoztese\/","og_site_name":"\u0160koda We Love Cycling - Magyarorsz\u00e1g","article_publisher":"https:\/\/www.facebook.com\/WeLoveCyclingHungary\/","article_published_time":"2022-07-25T07:34:03+00:00","og_image":[{"width":990,"height":660,"url":"https:\/\/d2p6e6u75xmxt8.cloudfront.net\/12\/2022\/07\/Wout-van-Aert-CVR-profimedia-0709536997.jpg","type":"image\/jpeg"}],"author":"kitti","twitter_card":"summary_large_image","twitter_misc":{"Written by":"We Love Cycling","Est. reading time":"1 minute"},"schema":{"@context":"https:\/\/schema.org","@graph":[{"@type":"WebPage","@id":"https:\/\/www.welovecycling.com\/hu\/tour-de-france\/jonas-vingegaard-a-tour-de-france-gyoztese\/","url":"https:\/\/www.welovecycling.com\/hu\/tour-de-france\/jonas-vingegaard-a-tour-de-france-gyoztese\/","name":"Jonas Vingegaard a Tour de France gy\u0151ztese - \u0160koda We Love Cycling - Magyarorsz\u00e1g","isPartOf":{"@id":"https:\/\/www.welovecycling.com\/hu\/#website"},"primaryImageOfPage":{"@id":"https:\/\/www.welovecycling.com\/hu\/tour-de-france\/jonas-vingegaard-a-tour-de-france-gyoztese\/#primaryimage"},"image":{"@id":"https:\/\/www.welovecycling.com\/hu\/tour-de-france\/jonas-vingegaard-a-tour-de-france-gyoztese\/#primaryimage"},"thumbnailUrl":"https:\/\/d2p6e6u75xmxt8.cloudfront.net\/12\/2022\/07\/Wout-van-Aert-CVR-profimedia-0709536997.jpg","datePublished":"2022-07-25T07:34:03+00:00","author":{"@id":"https:\/\/www.welovecycling.com\/hu\/#\/schema\/person\/bec7dcdbcc59f58489cf603e4040ced1"},"breadcrumb":{"@id":"https:\/\/www.welovecycling.com\/hu\/tour-de-france\/jonas-vingegaard-a-tour-de-france-gyoztese\/#breadcrumb"},"inLanguage":"hu","potentialAction":[{"@type":"ReadAction","target":["https:\/\/www.welovecycling.com\/hu\/tour-de-france\/jonas-vingegaard-a-tour-de-france-gyoztese\/"]}]},{"@type":"ImageObject","inLanguage":"hu","@id":"https:\/\/www.welovecycling.com\/hu\/tour-de-france\/jonas-vingegaard-a-tour-de-france-gyoztese\/#primaryimage","url":"https:\/\/d2p6e6u75xmxt8.cloudfront.net\/12\/2022\/07\/Wout-van-Aert-CVR-profimedia-0709536997.jpg","contentUrl":"https:\/\/d2p6e6u75xmxt8.cloudfront.net\/12\/2022\/07\/Wout-van-Aert-CVR-profimedia-0709536997.jpg","width":990,"height":660},{"@type":"BreadcrumbList","@id":"https:\/\/www.welovecycling.com\/hu\/tour-de-france\/jonas-vingegaard-a-tour-de-france-gyoztese\/#breadcrumb","itemListElement":[{"@type":"ListItem","position":1,"name":"Home","item":"https:\/\/www.welovecycling.com\/hu\/"},{"@type":"ListItem","position":2,"name":"Jonas Vingegaard a Tour de France gy\u0151ztese"}]},{"@type":"WebSite","@id":"https:\/\/www.welovecycling.com\/hu\/#website","url":"https:\/\/www.welovecycling.com\/hu\/","name":"\u0160koda We Love Cycling - Magyarorsz\u00e1g","description":"\u0160koda WeLoveCycling","potentialAction":[{"@type":"SearchAction","target":{"@type":"EntryPoint","urlTemplate":"https:\/\/www.welovecycling.com\/hu\/?s={search_term_string}"},"query-input":{"@type":"PropertyValueSpecification","valueRequired":true,"valueName":"search_term_string"}}],"inLanguage":"hu"},{"@type":"Person","@id":"https:\/\/www.welovecycling.com\/hu\/#\/schema\/person\/bec7dcdbcc59f58489cf603e4040ced1","name":"kitti","image":{"@type":"ImageObject","inLanguage":"hu","@id":"https:\/\/www.welovecycling.com\/hu\/#\/schema\/person\/image\/","url":"https:\/\/secure.gravatar.com\/avatar\/e3196a110e1b57b96f56d92d10ce9bb4e9d7210076832a16243337e949410b52?s=96&d=mm&r=g","contentUrl":"https:\/\/secure.gravatar.com\/avatar\/e3196a110e1b57b96f56d92d10ce9bb4e9d7210076832a16243337e949410b52?s=96&d=mm&r=g","caption":"kitti"},"url":"https:\/\/www.welovecycling.com\/hu\/author\/kitti\/"}]}},"_links":{"self":[{"href":"https:\/\/www.welovecycling.com\/hu\/wp-json\/wp\/v2\/posts\/15481","targetHints":{"allow":["GET"]}}],"collection":[{"href":"https:\/\/www.welovecycling.com\/hu\/wp-json\/wp\/v2\/posts"}],"about":[{"href":"https:\/\/www.welovecycling.com\/hu\/wp-json\/wp\/v2\/types\/post"}],"author":[{"embeddable":true,"href":"https:\/\/www.welovecycling.com\/hu\/wp-json\/wp\/v2\/users\/145"}],"replies":[{"embeddable":true,"href":"https:\/\/www.welovecycling.com\/hu\/wp-json\/wp\/v2\/comments?post=15481"}],"version-history":[{"count":1,"href":"https:\/\/www.welovecycling.com\/hu\/wp-json\/wp\/v2\/posts\/15481\/revisions"}],"predecessor-version":[{"id":15484,"href":"https:\/\/www.welovecycling.com\/hu\/wp-json\/wp\/v2\/posts\/15481\/revisions\/15484"}],"wp:featuredmedia":[{"embeddable":true,"href":"https:\/\/www.welovecycling.com\/hu\/wp-json\/wp\/v2\/media\/15483"}],"wp:attachment":[{"href":"https:\/\/www.welovecycling.com\/hu\/wp-json\/wp\/v2\/media?parent=15481"}],"wp:term":[{"taxonomy":"category","embeddable":true,"href":"https:\/\/www.welovecycling.com\/hu\/wp-json\/wp\/v2\/categories?post=15481"},{"taxonomy":"post_tag","embeddable":true,"href":"https:\/\/www.welovecycling.com\/hu\/wp-json\/wp\/v2\/tags?post=15481"},{"taxonomy":"global-categories","embeddable":true,"href":"https:\/\/www.welovecycling.com\/hu\/wp-json\/wp\/v2\/global-categories?post=15481"}],"curies":[{"name":"wp","href":"https:\/\/api.w.org\/{rel}","templated":true}]}}