{"id":15474,"date":"2022-07-30T08:00:10","date_gmt":"2022-07-30T06:00:10","guid":{"rendered":"https:\/\/www.welovecycling.com\/hu\/?p=15474"},"modified":"2022-07-22T13:55:29","modified_gmt":"2022-07-22T11:55:29","slug":"strava-kutatas-miert-biciklizik-kevesebb-no-a-varosokban","status":"publish","type":"post","link":"https:\/\/www.welovecycling.com\/hu\/kozosseg-es-kultura\/strava-kutatas-miert-biciklizik-kevesebb-no-a-varosokban\/","title":{"rendered":"Strava-kutat\u00e1s: Mi\u00e9rt biciklizik kevesebb n\u0151 a v\u00e1rosokban?"},"content":{"rendered":"<p><strong>Aki csak benne van a bicikliz\u00e9s vil\u00e1g\u00e1ban, tudja, hogy t\u00f6bb f\u00e9rfi \u00fcl nyeregben, mint n\u0151, mind a v\u00e1rosban, mind m\u00e1shol. A ker\u00e9kp\u00e1roz\u00e1s el\u0151nyei ugyan\u00fagy jelen vannak a n\u0151k eset\u00e9ben, mint a f\u00e9rfiak\u00e9ban, \u00edgy semmi \u00e9rtelme ennek a k\u00fcl\u00f6nbs\u00e9gnek. K\u00e9rd\u00e9s, hogy akkor mi\u00e9rt van ez \u00edgy? Mi akad\u00e1lyozza a n\u0151ket abban, hogy gyakrabban tekerjenek, s\u0151t, t\u00f6bbet \u00e9s messzebbre?<\/strong><\/p>\n<p><!--more--><\/p>\n<p>A Torin\u00f3i Egyetem \u00e1ltal v\u00e9gzett tanulm\u00e1ny k\u00fcl\u00f6nb\u00f6z\u0151 okokat vizsg\u00e1lt \u00e9s tal\u00e1lt arra vonatkoz\u00f3an, hogy a v\u00e1rosi ter\u00fcleteken mi\u00e9rt teker kevesebb n\u0151, mint f\u00e9rfi. A Strava adatait n\u00e9gy \u00e9vre visszamen\u0151leg (2014-2018) elemezt\u00e9k az Egyes\u00fclt \u00c1llamokban, az Egyes\u00fclt Kir\u00e1lys\u00e1gban, Olaszorsz\u00e1gban \u00e9s a Benelux \u00e1llamokban. Kider\u00fclt, hogy mind\u00f6ssze minden negyedik ker\u00e9kp\u00e1ros utat tette meg n\u0151. Ez el\u00e9g rossz ar\u00e1ny!<\/p>\n<p>A megfelel\u0151 infrastrukt\u00fara egy\u00e9rtelm\u0171en hozz\u00e1j\u00e1rul a ker\u00e9kp\u00e1roz\u00e1s n\u00e9pszer\u0171s\u00edt\u00e9s\u00e9hez. Term\u00e9szetes, \u00e9s az adatok is al\u00e1t\u00e1masztott\u00e1k, hogy azokon a ter\u00fcleteken, ahol a biztons\u00e1g priorit\u00e1s, t\u00f6bb a n\u0151i kerekes. Az utak \u00e9s jellemz\u0151ik jav\u00edt\u00e1s\u00e1val teh\u00e1t emberek sz\u00e9lesebb k\u00f6re bevonhat\u00f3 a sportba.<\/p>\n<h2><strong>Milyen akad\u00e1lyok \u00e1llnak a n\u0151i ker\u00e9kp\u00e1rosok el\u0151tt?<\/strong><\/h2>\n<ul>\n<li>Bizalmatlans\u00e1g az utc\u00e1kon t\u00f6rt\u00e9n\u0151 sportol\u00e1s biztons\u00e1g\u00e1val szemben<\/li>\n<li>Emelked\u0151k<\/li>\n<li>Magas forgalom<\/li>\n<li>Magas l\u00e9gszennyezetts\u00e9g<\/li>\n<li>Alacsonyabb bev\u00e9tel<\/li>\n<li>\u00c9jszakai f\u00e9nykibocs\u00e1t\u00e1s<\/li>\n<li>Zaklat\u00e1s<\/li>\n<li>A nemek k\u00f6z\u00f6tti egyenl\u0151tlens\u00e9g<\/li>\n<\/ul>\n<p>Ami a tanulm\u00e1ny angol r\u00e9sz\u00e9t illeti: a brit adatok alapj\u00e1n a f\u00e9rfiak nemcsak gyakrabban bicikliznek, de nagyobb t\u00e1vokat is tesznek meg. N\u00e9h\u00e1ny eur\u00f3pai orsz\u00e1gban m\u00e1s a helyzet, D\u00e1ni\u00e1ban, N\u00e9metorsz\u00e1gban \u00e9s Hollandi\u00e1ban a ker\u00e9kp\u00e1rosok majdnem fel\u00e9t n\u0151k teszik ki. Ez azt bizony\u00edtja, hogy a szakad\u00e9k nem eredend\u0151en a nemekhez k\u00f6t\u0151dik, hanem ink\u00e1bb \u201ehelyspecifikus akad\u00e1lyokat\u201d foglal mag\u00e1ban, melyeket azonos\u00edtani kell \u00e9s elt\u00e1vol\u00edtani, hogy a ker\u00e9kp\u00e1roz\u00e1s mindenki sz\u00e1m\u00e1ra el\u00e9rhet\u0151 legyen.<\/p>\n<p>A tanulm\u00e1ny megvizsg\u00e1lta ezeket a helyf\u00fcgg\u0151 akad\u00e1lyokat, \u00e9s arra jutott, hogy a s\u00edk vid\u00e9keken magasabb a n\u0151k ar\u00e1nya, aminek sz\u00e1mos oka lehet \u2013 ak\u00e1r struktur\u00e1lis, ak\u00e1r morfol\u00f3giai, ak\u00e1r kultur\u00e1lis eredet\u0171. P\u00e9ld\u00e1ul, ha felt\u00e9telezz\u00fck, hogy a n\u0151k gyakrabban visznek magukkal gyereket, vagy teli bev\u00e1s\u00e1rl\u00f3szatyrokat a ker\u00e9kp\u00e1ron, akkor \u00e9rthet\u0151, hogy ezt nehezebb dombos ter\u00fcleten megtenni\u00fck.<\/p>\n<p>A ker\u00e9kp\u00e1rok sz\u00e1m\u00e1ra kijel\u00f6lt s\u00e1vok kialak\u00edt\u00e1sa az utakon vagy az alacsony sebess\u00e9gkorl\u00e1toz\u00e1si z\u00f3n\u00e1k n\u00f6vel\u00e9se nem biztos, hogy seg\u00edt ezekben a helyzetekben. M\u00e1s \u00f6szt\u00f6nz\u0151k viszont hasznosak lehetnek, p\u00e9ld\u00e1ul a k\u00f6z\u00f6ss\u00e9gi e-biciklik is.<\/p>\n<p>Egy m\u00e1sik \u00f6sszef\u00fcgg\u00e9s a l\u00e9gszennyezetts\u00e9ggel volt kapcsolatos. Ez pedig k\u00f6zvetve m\u00e1s okokkal is rezon\u00e1l.<\/p>\n<p>A tanulm\u00e1ny meg\u00e1llap\u00edtotta, hogy a nem elz\u00e1rt ker\u00e9kp\u00e1rutak is biztons\u00e1gosabbak a semmilyenn\u00e9l, \u00e9s ezt a n\u0151k is \u00edgy \u00e9rzik.<\/p>\n<p>Egy m\u00e1sik pont arra h\u00edvta fel a figyelmet, hogy a viszonylag gazdagabb \u00e9s alacsonyabb \u00e9jszakai f\u00e9nykibocs\u00e1t\u00e1ssal rendelkez\u0151 v\u00e1rosok nemek szerint egyenl\u0151bb sz\u00e1m\u00fa ker\u00e9kp\u00e1rost eredm\u00e9nyeztek, b\u00e1r nem vil\u00e1gos, hogy mi\u00e9rt.<\/p>\n<p>A kutat\u00f3k kifejtett\u00e9k, hogy sz\u00e1mos nem-specifikus akad\u00e1ly l\u00e9tezik a biztons\u00e1gon k\u00edv\u00fcl is, melyeket \u00e9rdemes tov\u00e1bbi vizsg\u00e1latok al\u00e1 vetni. Ezek lehetnek kultur\u00e1lis, pszichol\u00f3giai \u00e9s k\u00f6rnyezeti akad\u00e1lyok is.<\/p>\n<p>A k\u00e9rd\u00e9s term\u00e9szetesen \u00f6sszetett \u00e9s sokr\u00e9t\u0171. A nemek k\u00f6z\u00f6tti egyenl\u0151tlens\u00e9g a t\u00e1gabb t\u00e1rsadalmi szinteken is probl\u00e9ma. Nem l\u00e9tezik a vil\u00e1g \u00f6sszes v\u00e1ros\u00e1ra alkalmas megold\u00e1s, minden ter\u00fcletnek \u00f6n\u00e1ll\u00f3an kell dolgoznia azon, hogy a ker\u00e9kp\u00e1roz\u00e1s mindenki sz\u00e1m\u00e1ra el\u00e9rhet\u0151 legyen. Ehhez pedig k\u00f6zvetlen\u00fcl kell kommunik\u00e1lni az \u00e9rintettekkel!<\/p>\n","protected":false},"excerpt":{"rendered":"<p>Aki csak benne van a bicikliz\u00e9s vil\u00e1g\u00e1ban, tudja, hogy t\u00f6bb f\u00e9rfi \u00fcl nyeregben, mint n\u0151, mind a v\u00e1rosban, mind m\u00e1shol. [&hellip;]<\/p>\n","protected":false},"author":71,"featured_media":15475,"comment_status":"open","ping_status":"open","sticky":false,"template":"","format":"standard","meta":{"footnotes":""},"categories":[12],"tags":[],"global-categories":[],"class_list":["post-15474","post","type-post","status-publish","format-standard","has-post-thumbnail","hentry","category-kozosseg-es-kultura"],"yoast_head":"<!-- This site is optimized with the Yoast SEO Premium plugin v25.3 (Yoast SEO v25.9) - https:\/\/yoast.com\/wordpress\/plugins\/seo\/ -->\n<title>Strava-kutat\u00e1s: Mi\u00e9rt biciklizik kevesebb n\u0151 a v\u00e1rosokban?<\/title>\n<meta name=\"description\" content=\"Aki csak benne van a bicikliz\u00e9s vil\u00e1g\u00e1ban, tudja, hogy t\u00f6bb f\u00e9rfi \u00fcl nyeregben, mint n\u0151, mind a v\u00e1rosban, mind m\u00e1shol. A ker\u00e9kp\u00e1roz\u00e1s el\u0151nyei ugyan\u00fagy jelen vannak a n\u0151k eset\u00e9ben, mint a f\u00e9rfiak\u00e9ban, \u00edgy semmi \u00e9rtelme ennek a k\u00fcl\u00f6nbs\u00e9gnek. K\u00e9rd\u00e9s, hogy akkor mi\u00e9rt van ez \u00edgy? Mi akad\u00e1lyozza a n\u0151ket abban, hogy gyakrabban tekerjenek, s\u0151t, t\u00f6bbet \u00e9s messzebbre?\" \/>\n<meta name=\"robots\" content=\"index, follow, max-snippet:-1, max-image-preview:large, max-video-preview:-1\" \/>\n<link rel=\"canonical\" href=\"https:\/\/www.welovecycling.com\/hu\/kozosseg-es-kultura\/strava-kutatas-miert-biciklizik-kevesebb-no-a-varosokban\/\" \/>\n<meta property=\"og:locale\" content=\"hu_HU\" \/>\n<meta property=\"og:type\" content=\"article\" \/>\n<meta property=\"og:title\" content=\"Strava-kutat\u00e1s: Mi\u00e9rt biciklizik kevesebb n\u0151 a v\u00e1rosokban?\" \/>\n<meta property=\"og:description\" content=\"Aki csak benne van a bicikliz\u00e9s vil\u00e1g\u00e1ban, tudja, hogy t\u00f6bb f\u00e9rfi \u00fcl nyeregben, mint n\u0151, mind a v\u00e1rosban, mind m\u00e1shol. A ker\u00e9kp\u00e1roz\u00e1s el\u0151nyei ugyan\u00fagy jelen vannak a n\u0151k eset\u00e9ben, mint a f\u00e9rfiak\u00e9ban, \u00edgy semmi \u00e9rtelme ennek a k\u00fcl\u00f6nbs\u00e9gnek. K\u00e9rd\u00e9s, hogy akkor mi\u00e9rt van ez \u00edgy? Mi akad\u00e1lyozza a n\u0151ket abban, hogy gyakrabban tekerjenek, s\u0151t, t\u00f6bbet \u00e9s messzebbre?\" \/>\n<meta property=\"og:url\" content=\"https:\/\/www.welovecycling.com\/hu\/kozosseg-es-kultura\/strava-kutatas-miert-biciklizik-kevesebb-no-a-varosokban\/\" \/>\n<meta property=\"og:site_name\" content=\"\u0160koda We Love Cycling - Magyarorsz\u00e1g\" \/>\n<meta property=\"article:publisher\" content=\"https:\/\/www.facebook.com\/WeLoveCyclingHungary\/\" \/>\n<meta property=\"article:published_time\" content=\"2022-07-30T06:00:10+00:00\" \/>\n<meta property=\"og:image\" content=\"https:\/\/d2p6e6u75xmxt8.cloudfront.net\/12\/2022\/07\/Women-Urban-Cycling-profimedia-0350343262-CVR.jpg\" \/>\n\t<meta property=\"og:image:width\" content=\"990\" \/>\n\t<meta property=\"og:image:height\" content=\"660\" \/>\n\t<meta property=\"og:image:type\" content=\"image\/jpeg\" \/>\n<meta name=\"author\" content=\"hegyizs\" \/>\n<meta name=\"twitter:card\" content=\"summary_large_image\" \/>\n<meta name=\"twitter:label1\" content=\"Written by\" \/>\n\t<meta name=\"twitter:data1\" content=\"Charlotte Murray\" \/>\n\t<meta name=\"twitter:label2\" content=\"Est. reading time\" \/>\n\t<meta name=\"twitter:data2\" content=\"5\" \/>\n<script type=\"application\/ld+json\" class=\"yoast-schema-graph\">{\"@context\":\"https:\/\/schema.org\",\"@graph\":[{\"@type\":\"WebPage\",\"@id\":\"https:\/\/www.welovecycling.com\/hu\/kozosseg-es-kultura\/strava-kutatas-miert-biciklizik-kevesebb-no-a-varosokban\/\",\"url\":\"https:\/\/www.welovecycling.com\/hu\/kozosseg-es-kultura\/strava-kutatas-miert-biciklizik-kevesebb-no-a-varosokban\/\",\"name\":\"Strava-kutat\u00e1s: Mi\u00e9rt biciklizik kevesebb n\u0151 a v\u00e1rosokban?\",\"isPartOf\":{\"@id\":\"https:\/\/www.welovecycling.com\/hu\/#website\"},\"primaryImageOfPage\":{\"@id\":\"https:\/\/www.welovecycling.com\/hu\/kozosseg-es-kultura\/strava-kutatas-miert-biciklizik-kevesebb-no-a-varosokban\/#primaryimage\"},\"image\":{\"@id\":\"https:\/\/www.welovecycling.com\/hu\/kozosseg-es-kultura\/strava-kutatas-miert-biciklizik-kevesebb-no-a-varosokban\/#primaryimage\"},\"thumbnailUrl\":\"https:\/\/d2p6e6u75xmxt8.cloudfront.net\/12\/2022\/07\/Women-Urban-Cycling-profimedia-0350343262-CVR.jpg\",\"datePublished\":\"2022-07-30T06:00:10+00:00\",\"author\":{\"@id\":\"https:\/\/www.welovecycling.com\/hu\/#\/schema\/person\/414a2aebf1801691a5320edb6468e194\"},\"description\":\"Aki csak benne van a bicikliz\u00e9s vil\u00e1g\u00e1ban, tudja, hogy t\u00f6bb f\u00e9rfi \u00fcl nyeregben, mint n\u0151, mind a v\u00e1rosban, mind m\u00e1shol. A ker\u00e9kp\u00e1roz\u00e1s el\u0151nyei ugyan\u00fagy jelen vannak a n\u0151k eset\u00e9ben, mint a f\u00e9rfiak\u00e9ban, \u00edgy semmi \u00e9rtelme ennek a k\u00fcl\u00f6nbs\u00e9gnek. K\u00e9rd\u00e9s, hogy akkor mi\u00e9rt van ez \u00edgy? Mi akad\u00e1lyozza a n\u0151ket abban, hogy gyakrabban tekerjenek, s\u0151t, t\u00f6bbet \u00e9s messzebbre?\",\"breadcrumb\":{\"@id\":\"https:\/\/www.welovecycling.com\/hu\/kozosseg-es-kultura\/strava-kutatas-miert-biciklizik-kevesebb-no-a-varosokban\/#breadcrumb\"},\"inLanguage\":\"hu\",\"potentialAction\":[{\"@type\":\"ReadAction\",\"target\":[\"https:\/\/www.welovecycling.com\/hu\/kozosseg-es-kultura\/strava-kutatas-miert-biciklizik-kevesebb-no-a-varosokban\/\"]}]},{\"@type\":\"ImageObject\",\"inLanguage\":\"hu\",\"@id\":\"https:\/\/www.welovecycling.com\/hu\/kozosseg-es-kultura\/strava-kutatas-miert-biciklizik-kevesebb-no-a-varosokban\/#primaryimage\",\"url\":\"https:\/\/d2p6e6u75xmxt8.cloudfront.net\/12\/2022\/07\/Women-Urban-Cycling-profimedia-0350343262-CVR.jpg\",\"contentUrl\":\"https:\/\/d2p6e6u75xmxt8.cloudfront.net\/12\/2022\/07\/Women-Urban-Cycling-profimedia-0350343262-CVR.jpg\",\"width\":990,\"height\":660,\"caption\":\"Women cycling in Amsterdam\"},{\"@type\":\"BreadcrumbList\",\"@id\":\"https:\/\/www.welovecycling.com\/hu\/kozosseg-es-kultura\/strava-kutatas-miert-biciklizik-kevesebb-no-a-varosokban\/#breadcrumb\",\"itemListElement\":[{\"@type\":\"ListItem\",\"position\":1,\"name\":\"Home\",\"item\":\"https:\/\/www.welovecycling.com\/hu\/\"},{\"@type\":\"ListItem\",\"position\":2,\"name\":\"Strava-kutat\u00e1s: Mi\u00e9rt biciklizik kevesebb n\u0151 a v\u00e1rosokban?\"}]},{\"@type\":\"WebSite\",\"@id\":\"https:\/\/www.welovecycling.com\/hu\/#website\",\"url\":\"https:\/\/www.welovecycling.com\/hu\/\",\"name\":\"\u0160koda We Love Cycling - Magyarorsz\u00e1g\",\"description\":\"\u0160koda WeLoveCycling\",\"potentialAction\":[{\"@type\":\"SearchAction\",\"target\":{\"@type\":\"EntryPoint\",\"urlTemplate\":\"https:\/\/www.welovecycling.com\/hu\/?s={search_term_string}\"},\"query-input\":{\"@type\":\"PropertyValueSpecification\",\"valueRequired\":true,\"valueName\":\"search_term_string\"}}],\"inLanguage\":\"hu\"},{\"@type\":\"Person\",\"@id\":\"https:\/\/www.welovecycling.com\/hu\/#\/schema\/person\/414a2aebf1801691a5320edb6468e194\",\"name\":\"hegyizs\",\"image\":{\"@type\":\"ImageObject\",\"inLanguage\":\"hu\",\"@id\":\"https:\/\/www.welovecycling.com\/hu\/#\/schema\/person\/image\/\",\"url\":\"https:\/\/secure.gravatar.com\/avatar\/02cf8a7906b8cf90cecb4679defac7cfd33a1c2e3b88e4903d947f3bb58eedd3?s=96&d=mm&r=g\",\"contentUrl\":\"https:\/\/secure.gravatar.com\/avatar\/02cf8a7906b8cf90cecb4679defac7cfd33a1c2e3b88e4903d947f3bb58eedd3?s=96&d=mm&r=g\",\"caption\":\"hegyizs\"},\"url\":\"https:\/\/www.welovecycling.com\/hu\/author\/hegyizs\/\"}]}<\/script>\n<!-- \/ Yoast SEO Premium plugin. -->","yoast_head_json":{"title":"Strava-kutat\u00e1s: Mi\u00e9rt biciklizik kevesebb n\u0151 a v\u00e1rosokban?","description":"Aki csak benne van a bicikliz\u00e9s vil\u00e1g\u00e1ban, tudja, hogy t\u00f6bb f\u00e9rfi \u00fcl nyeregben, mint n\u0151, mind a v\u00e1rosban, mind m\u00e1shol. A ker\u00e9kp\u00e1roz\u00e1s el\u0151nyei ugyan\u00fagy jelen vannak a n\u0151k eset\u00e9ben, mint a f\u00e9rfiak\u00e9ban, \u00edgy semmi \u00e9rtelme ennek a k\u00fcl\u00f6nbs\u00e9gnek. K\u00e9rd\u00e9s, hogy akkor mi\u00e9rt van ez \u00edgy? Mi akad\u00e1lyozza a n\u0151ket abban, hogy gyakrabban tekerjenek, s\u0151t, t\u00f6bbet \u00e9s messzebbre?","robots":{"index":"index","follow":"follow","max-snippet":"max-snippet:-1","max-image-preview":"max-image-preview:large","max-video-preview":"max-video-preview:-1"},"canonical":"https:\/\/www.welovecycling.com\/hu\/kozosseg-es-kultura\/strava-kutatas-miert-biciklizik-kevesebb-no-a-varosokban\/","og_locale":"hu_HU","og_type":"article","og_title":"Strava-kutat\u00e1s: Mi\u00e9rt biciklizik kevesebb n\u0151 a v\u00e1rosokban?","og_description":"Aki csak benne van a bicikliz\u00e9s vil\u00e1g\u00e1ban, tudja, hogy t\u00f6bb f\u00e9rfi \u00fcl nyeregben, mint n\u0151, mind a v\u00e1rosban, mind m\u00e1shol. A ker\u00e9kp\u00e1roz\u00e1s el\u0151nyei ugyan\u00fagy jelen vannak a n\u0151k eset\u00e9ben, mint a f\u00e9rfiak\u00e9ban, \u00edgy semmi \u00e9rtelme ennek a k\u00fcl\u00f6nbs\u00e9gnek. K\u00e9rd\u00e9s, hogy akkor mi\u00e9rt van ez \u00edgy? Mi akad\u00e1lyozza a n\u0151ket abban, hogy gyakrabban tekerjenek, s\u0151t, t\u00f6bbet \u00e9s messzebbre?","og_url":"https:\/\/www.welovecycling.com\/hu\/kozosseg-es-kultura\/strava-kutatas-miert-biciklizik-kevesebb-no-a-varosokban\/","og_site_name":"\u0160koda We Love Cycling - Magyarorsz\u00e1g","article_publisher":"https:\/\/www.facebook.com\/WeLoveCyclingHungary\/","article_published_time":"2022-07-30T06:00:10+00:00","og_image":[{"width":990,"height":660,"url":"https:\/\/d2p6e6u75xmxt8.cloudfront.net\/12\/2022\/07\/Women-Urban-Cycling-profimedia-0350343262-CVR.jpg","type":"image\/jpeg"}],"author":"hegyizs","twitter_card":"summary_large_image","twitter_misc":{"Written by":"Charlotte Murray","Est. reading time":"5"},"schema":{"@context":"https:\/\/schema.org","@graph":[{"@type":"WebPage","@id":"https:\/\/www.welovecycling.com\/hu\/kozosseg-es-kultura\/strava-kutatas-miert-biciklizik-kevesebb-no-a-varosokban\/","url":"https:\/\/www.welovecycling.com\/hu\/kozosseg-es-kultura\/strava-kutatas-miert-biciklizik-kevesebb-no-a-varosokban\/","name":"Strava-kutat\u00e1s: Mi\u00e9rt biciklizik kevesebb n\u0151 a v\u00e1rosokban?","isPartOf":{"@id":"https:\/\/www.welovecycling.com\/hu\/#website"},"primaryImageOfPage":{"@id":"https:\/\/www.welovecycling.com\/hu\/kozosseg-es-kultura\/strava-kutatas-miert-biciklizik-kevesebb-no-a-varosokban\/#primaryimage"},"image":{"@id":"https:\/\/www.welovecycling.com\/hu\/kozosseg-es-kultura\/strava-kutatas-miert-biciklizik-kevesebb-no-a-varosokban\/#primaryimage"},"thumbnailUrl":"https:\/\/d2p6e6u75xmxt8.cloudfront.net\/12\/2022\/07\/Women-Urban-Cycling-profimedia-0350343262-CVR.jpg","datePublished":"2022-07-30T06:00:10+00:00","author":{"@id":"https:\/\/www.welovecycling.com\/hu\/#\/schema\/person\/414a2aebf1801691a5320edb6468e194"},"description":"Aki csak benne van a bicikliz\u00e9s vil\u00e1g\u00e1ban, tudja, hogy t\u00f6bb f\u00e9rfi \u00fcl nyeregben, mint n\u0151, mind a v\u00e1rosban, mind m\u00e1shol. A ker\u00e9kp\u00e1roz\u00e1s el\u0151nyei ugyan\u00fagy jelen vannak a n\u0151k eset\u00e9ben, mint a f\u00e9rfiak\u00e9ban, \u00edgy semmi \u00e9rtelme ennek a k\u00fcl\u00f6nbs\u00e9gnek. K\u00e9rd\u00e9s, hogy akkor mi\u00e9rt van ez \u00edgy? Mi akad\u00e1lyozza a n\u0151ket abban, hogy gyakrabban tekerjenek, s\u0151t, t\u00f6bbet \u00e9s messzebbre?","breadcrumb":{"@id":"https:\/\/www.welovecycling.com\/hu\/kozosseg-es-kultura\/strava-kutatas-miert-biciklizik-kevesebb-no-a-varosokban\/#breadcrumb"},"inLanguage":"hu","potentialAction":[{"@type":"ReadAction","target":["https:\/\/www.welovecycling.com\/hu\/kozosseg-es-kultura\/strava-kutatas-miert-biciklizik-kevesebb-no-a-varosokban\/"]}]},{"@type":"ImageObject","inLanguage":"hu","@id":"https:\/\/www.welovecycling.com\/hu\/kozosseg-es-kultura\/strava-kutatas-miert-biciklizik-kevesebb-no-a-varosokban\/#primaryimage","url":"https:\/\/d2p6e6u75xmxt8.cloudfront.net\/12\/2022\/07\/Women-Urban-Cycling-profimedia-0350343262-CVR.jpg","contentUrl":"https:\/\/d2p6e6u75xmxt8.cloudfront.net\/12\/2022\/07\/Women-Urban-Cycling-profimedia-0350343262-CVR.jpg","width":990,"height":660,"caption":"Women cycling in Amsterdam"},{"@type":"BreadcrumbList","@id":"https:\/\/www.welovecycling.com\/hu\/kozosseg-es-kultura\/strava-kutatas-miert-biciklizik-kevesebb-no-a-varosokban\/#breadcrumb","itemListElement":[{"@type":"ListItem","position":1,"name":"Home","item":"https:\/\/www.welovecycling.com\/hu\/"},{"@type":"ListItem","position":2,"name":"Strava-kutat\u00e1s: Mi\u00e9rt biciklizik kevesebb n\u0151 a v\u00e1rosokban?"}]},{"@type":"WebSite","@id":"https:\/\/www.welovecycling.com\/hu\/#website","url":"https:\/\/www.welovecycling.com\/hu\/","name":"\u0160koda We Love Cycling - Magyarorsz\u00e1g","description":"\u0160koda WeLoveCycling","potentialAction":[{"@type":"SearchAction","target":{"@type":"EntryPoint","urlTemplate":"https:\/\/www.welovecycling.com\/hu\/?s={search_term_string}"},"query-input":{"@type":"PropertyValueSpecification","valueRequired":true,"valueName":"search_term_string"}}],"inLanguage":"hu"},{"@type":"Person","@id":"https:\/\/www.welovecycling.com\/hu\/#\/schema\/person\/414a2aebf1801691a5320edb6468e194","name":"hegyizs","image":{"@type":"ImageObject","inLanguage":"hu","@id":"https:\/\/www.welovecycling.com\/hu\/#\/schema\/person\/image\/","url":"https:\/\/secure.gravatar.com\/avatar\/02cf8a7906b8cf90cecb4679defac7cfd33a1c2e3b88e4903d947f3bb58eedd3?s=96&d=mm&r=g","contentUrl":"https:\/\/secure.gravatar.com\/avatar\/02cf8a7906b8cf90cecb4679defac7cfd33a1c2e3b88e4903d947f3bb58eedd3?s=96&d=mm&r=g","caption":"hegyizs"},"url":"https:\/\/www.welovecycling.com\/hu\/author\/hegyizs\/"}]}},"_links":{"self":[{"href":"https:\/\/www.welovecycling.com\/hu\/wp-json\/wp\/v2\/posts\/15474","targetHints":{"allow":["GET"]}}],"collection":[{"href":"https:\/\/www.welovecycling.com\/hu\/wp-json\/wp\/v2\/posts"}],"about":[{"href":"https:\/\/www.welovecycling.com\/hu\/wp-json\/wp\/v2\/types\/post"}],"author":[{"embeddable":true,"href":"https:\/\/www.welovecycling.com\/hu\/wp-json\/wp\/v2\/users\/71"}],"replies":[{"embeddable":true,"href":"https:\/\/www.welovecycling.com\/hu\/wp-json\/wp\/v2\/comments?post=15474"}],"version-history":[{"count":1,"href":"https:\/\/www.welovecycling.com\/hu\/wp-json\/wp\/v2\/posts\/15474\/revisions"}],"predecessor-version":[{"id":15480,"href":"https:\/\/www.welovecycling.com\/hu\/wp-json\/wp\/v2\/posts\/15474\/revisions\/15480"}],"wp:featuredmedia":[{"embeddable":true,"href":"https:\/\/www.welovecycling.com\/hu\/wp-json\/wp\/v2\/media\/15475"}],"wp:attachment":[{"href":"https:\/\/www.welovecycling.com\/hu\/wp-json\/wp\/v2\/media?parent=15474"}],"wp:term":[{"taxonomy":"category","embeddable":true,"href":"https:\/\/www.welovecycling.com\/hu\/wp-json\/wp\/v2\/categories?post=15474"},{"taxonomy":"post_tag","embeddable":true,"href":"https:\/\/www.welovecycling.com\/hu\/wp-json\/wp\/v2\/tags?post=15474"},{"taxonomy":"global-categories","embeddable":true,"href":"https:\/\/www.welovecycling.com\/hu\/wp-json\/wp\/v2\/global-categories?post=15474"}],"curies":[{"name":"wp","href":"https:\/\/api.w.org\/{rel}","templated":true}]}}