{"id":15467,"date":"2022-07-28T08:00:55","date_gmt":"2022-07-28T06:00:55","guid":{"rendered":"https:\/\/www.welovecycling.com\/hu\/?p=15467"},"modified":"2022-07-22T13:53:59","modified_gmt":"2022-07-22T11:53:59","slug":"igy-eszik-a-jumbo-visma-a-tour-on-gepi-tanulas","status":"publish","type":"post","link":"https:\/\/www.welovecycling.com\/hu\/orszaguti-kerekpar\/igy-eszik-a-jumbo-visma-a-tour-on-gepi-tanulas\/","title":{"rendered":"\u00cdgy eszik a Jumbo-Visma a Tour-on: G\u00e9pi tanul\u00e1s"},"content":{"rendered":"<p><strong>Hogyan seg\u00edtheti a g\u00e9pi tanul\u00e1s a profi ker\u00e9kp\u00e1rosokat? A Tour de France-on sok csapat veszi komolyan a t\u00e1pl\u00e1lkoz\u00e1st, a Jumbo-Vism\u00e1n\u00e1l azonban senki nem tesz t\u00f6bbet a t\u00f6k\u00e9letes men\u00fc\u00e9rt. Az egyik dolog, ami megk\u00fcl\u00f6nb\u00f6zteti \u0151ket, az az, ahogy a technol\u00f3gi\u00e1t haszn\u00e1lj\u00e1k.<\/strong><\/p>\n<p><!--more--><\/p>\n<h2><strong>Rengeteg szempont sz\u00e1m\u00edt<\/strong><\/h2>\n<p>Nem k\u00f6nny\u0171 feladat pontosan kisz\u00e1m\u00edtani, hogy milyen \u00f6sszetev\u0151kre \u00e9s mennyi kal\u00f3ri\u00e1ra van sz\u00fcks\u00e9ge az egyes versenyz\u0151knek. Nem is olyan r\u00e9gen a csapat t\u00e1pl\u00e1lkoz\u00e1si szakemberei hetekkel, vagy ak\u00e1r h\u00f3napokkal a Tour kezdete el\u0151tt elkezdt\u00e9k \u00f6ssze\u00e1ll\u00edtani a becsl\u00e9seket. El\u0151sz\u00f6r a teljes\u00edtm\u00e9nyt, majd a tests\u00falyt \u00e9s a test\u00f6sszet\u00e9telt vizsg\u00e1lt\u00e1k meg. A versenyen azonban mindig akadnak el\u0151re nem l\u00e1that\u00f3 t\u00e9nyez\u0151k. Az id\u0151j\u00e1r\u00e1s, a csapatstrat\u00e9gia \u00e9s sok m\u00e1s dolog v\u00e1ltozik, amikhez az \u00e9tkez\u00e9seknek is alkalmazkodnia kell.<\/p>\n<p>Asker Jeukendrup, a Jumbo-Visma t\u00e1pl\u00e1lkoz\u00e1si vezet\u0151je elmondta, hogy nemr\u00e9g m\u00e9g minden versenyz\u0151 sz\u00e1m\u00e1ra t\u00e1bl\u00e1zatot k\u00e9sz\u00edtett, hogy ez alapj\u00e1n kisz\u00e1m\u00edtsa az optim\u00e1lis bevitelt, \u00e9s azt \u00e9tkez\u00e9sekk\u00e9 alak\u00edtsa \u00e1t.<\/p>\n<div class=\"embed-controller-wrapper\">\n<blockquote class=\"twitter-tweet\" data-width=\"500\" data-dnt=\"true\">\n<p lang=\"en\" dir=\"ltr\">\ud83c\uddeb\ud83c\uddf7 <a href=\"https:\/\/twitter.com\/hashtag\/TDF2022?src=hash&amp;ref_src=twsrc%5Etfw\">#TDF2022<\/a><\/p>\n<p>Pre-race chat \ud83d\udde3<br \/>What are <a href=\"https:\/\/twitter.com\/rogla?ref_src=twsrc%5Etfw\">@rogla<\/a> and <a href=\"https:\/\/twitter.com\/LAPORTEChristop?ref_src=twsrc%5Etfw\">@LAPORTEChristop<\/a> talking about? \ud83e\udd14 <a href=\"https:\/\/t.co\/EVS3DtzvWX\">pic.twitter.com\/EVS3DtzvWX<\/a><\/p>\n<p>&mdash; Team Visma | Lease a Bike (@vismaleaseabike) <a href=\"https:\/\/twitter.com\/vismaleaseabike\/status\/1546807730173841408?ref_src=twsrc%5Etfw\">July 12, 2022<\/a><\/p><\/blockquote>\n<p><script async data-src=\"https:\/\/platform.twitter.com\/widgets.js\" charset=\"utf-8\"><\/script><\/div>\n<p><em>\u201eNagyon id\u0151ig\u00e9nyes folyamat volt, r\u00e1ad\u00e1sul egyszerre csak 2 versenyz\u0151re tudtam sz\u00e1molni. Igyekezt\u00fcnk fejleszteni a m\u00f3dszert, de az igazi el\u0151rel\u00e9p\u00e9s a Jumbo Foodcoach alkalmaz\u00e1s elind\u00edt\u00e1sa volt, ami elv\u00e9gzi helyett\u00fcnk a sz\u00e1m\u00edt\u00e1sokat \u00e9s azt is megmondja, milyen \u00e9telekkel vihetik be a versenyz\u0151k az optim\u00e1lis mennyis\u00e9g\u0171 t\u00e1panyagokat. A Jumbo nagyszer\u0171 partner, amit folyamatosan m\u00e9g jobb\u00e1 tesz\u00fcnk.\u201d<\/em><\/p>\n<h2><strong>Adatgy\u0171jt\u00e9s<\/strong><\/h2>\n<p>Nagy ugr\u00e1s volt a csapat sz\u00e1m\u00e1ra az applik\u00e1ci\u00f3, ami seg\u00edt automatiz\u00e1lni a folyamatot. Ahhoz azonban, hogy hat\u00e9konyan m\u0171k\u00f6dhessen, rendelkeznie kell minden sz\u00fcks\u00e9ges adattal. A k\u00f6vetkez\u0151kr\u0151l van sz\u00f3:<\/p>\n<ul>\n<li>Minden csapattag ker\u00e9kp\u00e1rj\u00e1n egy Garmin eszk\u00f6z gy\u0171jti az adatokat az \u00fatvonalr\u00f3l, a teljes t\u00e1vr\u00f3l, a szintemelked\u00e9sr\u0151l, stb.<\/li>\n<li>Egy teljes\u00edtm\u00e9nym\u00e9r\u0151 figyeli az el\u00e9getett kal\u00f3ri\u00e1kat.<\/li>\n<li>A versenyz\u0151k egy\u00e9ni s\u00falya, magass\u00e1ga \u00e9s szerepe (sprinter, m\u00e1sz\u00f3, stb.)<\/li>\n<li>Id\u0151j\u00e1r\u00e1s-el\u0151rejelz\u00e9s a versenyz\u0151k GPS-helymeghat\u00e1roz\u00e1si adataival kombin\u00e1lva, mely seg\u00edt kisz\u00e1m\u00edtani a napi jellemz\u0151ket (h\u00e1t-, vagy szembesz\u00e9l, stb.)<\/li>\n<\/ul>\n<p>Az adatok \u00f6sszegy\u0171jt\u00e9s\u00e9t \u00e9s megjelen\u00edt\u00e9s\u00e9t a Smartbase, egy adatkezel\u00e9si \u00e9s elemz\u00e9si platform biztos\u00edtja. A Jumbo-Visma edz\u0151i is ezt a fel\u00fcletet haszn\u00e1lj\u00e1k az adatbevitelhez.<\/p>\n<h2><strong>Fel\u00fcgyelt tanul\u00e1s<\/strong><\/h2>\n<p>A k\u00f6vetkez\u0151 l\u00e9p\u00e9s az adathalmaz megtiszt\u00edt\u00e1sa a hib\u00e1kt\u00f3l. Ha p\u00e9ld\u00e1ul egy ker\u00e9kp\u00e1ros elfelejti kikapcsolni Garminj\u00e1t egy szakasz v\u00e9g\u00e9n, akkor ki kell z\u00e1rni azokat az adatokat, amiket a k\u00e9sz\u00fcl\u00e9k az \u00fat v\u00e9ge ut\u00e1n gy\u0171jt\u00f6tt. Bizonyos v\u00e1ltoz\u00f3kat relat\u00edvv\u00e1 kell tenni, hogy k\u00f6nnyen \u00f6sszehasonl\u00edthat\u00f3ak legyenek a szakaszok \u00e9s versenyek. Majd elk\u00e9sz\u00fclnek az el\u0151rejelz\u00e9sek.<\/p>\n<p>A Jumbo-Visma felvitt p\u00e9ldaedz\u00e9seit haszn\u00e1lva tanulta meg az algoritmus, hogy melyik versenyz\u0151nek, milyen teljes\u00edtm\u00e9nyhez, mennyi kal\u00f3ri\u00e1ra van sz\u00fcks\u00e9ge.<\/p>\n<h2><strong>Sokkal pontosabb<\/strong><\/h2>\n<p>Mindez nagyszer\u0171nek hangzik, de a k\u00e9rd\u00e9s, hogy vannak-e olyan pontosak az el\u0151rejelz\u00e9sek \u00e9s sz\u00e1m\u00edt\u00e1sok, mint ha manu\u00e1lisan k\u00e9sz\u00edten\u00e9k el \u0151ket a szak\u00e9rt\u0151k. Ahhoz, hogy ez kider\u00fclj\u00f6n, ugyanazzal a m\u00f3dszerrel lem\u00e9rt\u00e9k mind a k\u00e9t verzi\u00f3 pontoss\u00e1g\u00e1t. A mutat\u00f3 0-100% k\u00f6z\u00f6tt jelzi a modell \u00e9s a val\u00f3s\u00e1g k\u00f6z\u00f6tti kapcsolat er\u0151ss\u00e9g\u00e9t. Az eredm\u00e9nyek szerint a g\u00e9pi modell 82%-ot \u00e9rt el, a manu\u00e1lis el\u0151rejelz\u00e9sek pedig csak 52%-ot. Nem csak pontosabb az algoritmus, de gyorsabb is, \u00edgy a szak\u00e9rt\u0151knek t\u00f6bb ideje van reag\u00e1lni a v\u00e1ratlan t\u00e9nyez\u0151kre.<\/p>\n<h2><strong>Kal\u00f3ri\u00e1kb\u00f3l \u00e9tkez\u00e9sek<\/strong><\/h2>\n<p>A Jumbo Foodcoach alkalmaz\u00e1s \u00f6sszek\u00f6ti a sz\u00e1lakat. Amikor a t\u00e1pl\u00e1lkoz\u00e1si szak\u00e9rt\u0151 be\u00edrja a g\u00e9pi tanul\u00e1s sor\u00e1n kapott optim\u00e1lis kal\u00f3riasz\u00e1mot, m\u00e1ris kidobja a minta\u00e9teleket, melyek \u00e9ppen annyi t\u00e1panyagot tartalmaznak, amennyi kell. Annyira k\u00f6nny\u0171 \u00edgy \u00f6ssze\u00e1ll\u00edtani az \u00e9trendet! Val\u00f3sz\u00edn\u0171leg ez az app az egyik f\u0151 oka annak, hogy a Jumbo folyamatosan nyer. Az alkalmaz\u00e1st megn\u00e9zheted az <a href=\"https:\/\/apps.apple.com\/hu\/app\/jumbo-foodcoach\/id1486068608?l=hu\">AppStore<\/a>-ban vagy a <a href=\"https:\/\/play.google.com\/store\/apps\/details?id=com.jumbo.foodcoach&amp;hl=hu&amp;gl=US\">Google Play<\/a>-en is!<\/p>\n","protected":false},"excerpt":{"rendered":"<p>Hogyan seg\u00edtheti a g\u00e9pi tanul\u00e1s a profi ker\u00e9kp\u00e1rosokat? A Tour de France-on sok csapat veszi komolyan a t\u00e1pl\u00e1lkoz\u00e1st, a Jumbo-Vism\u00e1n\u00e1l [&hellip;]<\/p>\n","protected":false},"author":71,"featured_media":15469,"comment_status":"open","ping_status":"open","sticky":false,"template":"","format":"standard","meta":{"footnotes":""},"categories":[8],"tags":[],"global-categories":[],"class_list":["post-15467","post","type-post","status-publish","format-standard","has-post-thumbnail","hentry","category-orszaguti-kerekpar"],"yoast_head":"<!-- This site is optimized with the Yoast SEO Premium plugin v25.3 (Yoast SEO v25.9) - https:\/\/yoast.com\/wordpress\/plugins\/seo\/ -->\n<title>\u00cdgy eszik a Jumbo-Visma a Tour-on: G\u00e9pi tanul\u00e1s<\/title>\n<meta name=\"description\" content=\"Hogyan seg\u00edtheti a g\u00e9pi tanul\u00e1s a profi ker\u00e9kp\u00e1rosokat? A Tour de France-on sok csapat veszi komolyan a t\u00e1pl\u00e1lkoz\u00e1st, a Jumbo-Vism\u00e1n\u00e1l azonban senki nem tesz t\u00f6bbet a t\u00f6k\u00e9letes men\u00fc\u00e9rt. Az egyik dolog, ami megk\u00fcl\u00f6nb\u00f6zteti \u0151ket, az az, ahogy a technol\u00f3gi\u00e1t haszn\u00e1lj\u00e1k.\" \/>\n<meta name=\"robots\" content=\"index, follow, max-snippet:-1, max-image-preview:large, max-video-preview:-1\" \/>\n<link rel=\"canonical\" href=\"https:\/\/www.welovecycling.com\/hu\/orszaguti-kerekpar\/igy-eszik-a-jumbo-visma-a-tour-on-gepi-tanulas\/\" \/>\n<meta property=\"og:locale\" content=\"hu_HU\" \/>\n<meta property=\"og:type\" content=\"article\" \/>\n<meta property=\"og:title\" content=\"\u00cdgy eszik a Jumbo-Visma a Tour-on: G\u00e9pi tanul\u00e1s\" \/>\n<meta property=\"og:description\" content=\"Hogyan seg\u00edtheti a g\u00e9pi tanul\u00e1s a profi ker\u00e9kp\u00e1rosokat? A Tour de France-on sok csapat veszi komolyan a t\u00e1pl\u00e1lkoz\u00e1st, a Jumbo-Vism\u00e1n\u00e1l azonban senki nem tesz t\u00f6bbet a t\u00f6k\u00e9letes men\u00fc\u00e9rt. Az egyik dolog, ami megk\u00fcl\u00f6nb\u00f6zteti \u0151ket, az az, ahogy a technol\u00f3gi\u00e1t haszn\u00e1lj\u00e1k.\" \/>\n<meta property=\"og:url\" content=\"https:\/\/www.welovecycling.com\/hu\/orszaguti-kerekpar\/igy-eszik-a-jumbo-visma-a-tour-on-gepi-tanulas\/\" \/>\n<meta property=\"og:site_name\" content=\"\u0160koda We Love Cycling - Magyarorsz\u00e1g\" \/>\n<meta property=\"article:publisher\" content=\"https:\/\/www.facebook.com\/WeLoveCyclingHungary\/\" \/>\n<meta property=\"article:published_time\" content=\"2022-07-28T06:00:55+00:00\" \/>\n<meta property=\"og:image\" content=\"https:\/\/d2p6e6u75xmxt8.cloudfront.net\/12\/2022\/07\/Jumbo-Visma-profimedia-0557100980-1024x694-CVR.jpg\" \/>\n\t<meta property=\"og:image:width\" content=\"990\" \/>\n\t<meta property=\"og:image:height\" content=\"660\" \/>\n\t<meta property=\"og:image:type\" content=\"image\/jpeg\" \/>\n<meta name=\"author\" content=\"hegyizs\" \/>\n<meta name=\"twitter:card\" content=\"summary_large_image\" \/>\n<meta name=\"twitter:label1\" content=\"Written by\" \/>\n\t<meta name=\"twitter:data1\" content=\"Jiri Kaloc\" \/>\n\t<meta name=\"twitter:label2\" content=\"Est. reading time\" \/>\n\t<meta name=\"twitter:data2\" content=\"5\" \/>\n<script type=\"application\/ld+json\" class=\"yoast-schema-graph\">{\"@context\":\"https:\/\/schema.org\",\"@graph\":[{\"@type\":\"WebPage\",\"@id\":\"https:\/\/www.welovecycling.com\/hu\/orszaguti-kerekpar\/igy-eszik-a-jumbo-visma-a-tour-on-gepi-tanulas\/\",\"url\":\"https:\/\/www.welovecycling.com\/hu\/orszaguti-kerekpar\/igy-eszik-a-jumbo-visma-a-tour-on-gepi-tanulas\/\",\"name\":\"\u00cdgy eszik a Jumbo-Visma a Tour-on: G\u00e9pi tanul\u00e1s\",\"isPartOf\":{\"@id\":\"https:\/\/www.welovecycling.com\/hu\/#website\"},\"primaryImageOfPage\":{\"@id\":\"https:\/\/www.welovecycling.com\/hu\/orszaguti-kerekpar\/igy-eszik-a-jumbo-visma-a-tour-on-gepi-tanulas\/#primaryimage\"},\"image\":{\"@id\":\"https:\/\/www.welovecycling.com\/hu\/orszaguti-kerekpar\/igy-eszik-a-jumbo-visma-a-tour-on-gepi-tanulas\/#primaryimage\"},\"thumbnailUrl\":\"https:\/\/d2p6e6u75xmxt8.cloudfront.net\/12\/2022\/07\/Jumbo-Visma-profimedia-0557100980-1024x694-CVR.jpg\",\"datePublished\":\"2022-07-28T06:00:55+00:00\",\"author\":{\"@id\":\"https:\/\/www.welovecycling.com\/hu\/#\/schema\/person\/414a2aebf1801691a5320edb6468e194\"},\"description\":\"Hogyan seg\u00edtheti a g\u00e9pi tanul\u00e1s a profi ker\u00e9kp\u00e1rosokat? A Tour de France-on sok csapat veszi komolyan a t\u00e1pl\u00e1lkoz\u00e1st, a Jumbo-Vism\u00e1n\u00e1l azonban senki nem tesz t\u00f6bbet a t\u00f6k\u00e9letes men\u00fc\u00e9rt. Az egyik dolog, ami megk\u00fcl\u00f6nb\u00f6zteti \u0151ket, az az, ahogy a technol\u00f3gi\u00e1t haszn\u00e1lj\u00e1k.\",\"breadcrumb\":{\"@id\":\"https:\/\/www.welovecycling.com\/hu\/orszaguti-kerekpar\/igy-eszik-a-jumbo-visma-a-tour-on-gepi-tanulas\/#breadcrumb\"},\"inLanguage\":\"hu\",\"potentialAction\":[{\"@type\":\"ReadAction\",\"target\":[\"https:\/\/www.welovecycling.com\/hu\/orszaguti-kerekpar\/igy-eszik-a-jumbo-visma-a-tour-on-gepi-tanulas\/\"]}]},{\"@type\":\"ImageObject\",\"inLanguage\":\"hu\",\"@id\":\"https:\/\/www.welovecycling.com\/hu\/orszaguti-kerekpar\/igy-eszik-a-jumbo-visma-a-tour-on-gepi-tanulas\/#primaryimage\",\"url\":\"https:\/\/d2p6e6u75xmxt8.cloudfront.net\/12\/2022\/07\/Jumbo-Visma-profimedia-0557100980-1024x694-CVR.jpg\",\"contentUrl\":\"https:\/\/d2p6e6u75xmxt8.cloudfront.net\/12\/2022\/07\/Jumbo-Visma-profimedia-0557100980-1024x694-CVR.jpg\",\"width\":990,\"height\":660,\"caption\":\"Team Jumbo Visma\"},{\"@type\":\"BreadcrumbList\",\"@id\":\"https:\/\/www.welovecycling.com\/hu\/orszaguti-kerekpar\/igy-eszik-a-jumbo-visma-a-tour-on-gepi-tanulas\/#breadcrumb\",\"itemListElement\":[{\"@type\":\"ListItem\",\"position\":1,\"name\":\"Home\",\"item\":\"https:\/\/www.welovecycling.com\/hu\/\"},{\"@type\":\"ListItem\",\"position\":2,\"name\":\"\u00cdgy eszik a Jumbo-Visma a Tour-on: G\u00e9pi tanul\u00e1s\"}]},{\"@type\":\"WebSite\",\"@id\":\"https:\/\/www.welovecycling.com\/hu\/#website\",\"url\":\"https:\/\/www.welovecycling.com\/hu\/\",\"name\":\"\u0160koda We Love Cycling - Magyarorsz\u00e1g\",\"description\":\"\u0160koda WeLoveCycling\",\"potentialAction\":[{\"@type\":\"SearchAction\",\"target\":{\"@type\":\"EntryPoint\",\"urlTemplate\":\"https:\/\/www.welovecycling.com\/hu\/?s={search_term_string}\"},\"query-input\":{\"@type\":\"PropertyValueSpecification\",\"valueRequired\":true,\"valueName\":\"search_term_string\"}}],\"inLanguage\":\"hu\"},{\"@type\":\"Person\",\"@id\":\"https:\/\/www.welovecycling.com\/hu\/#\/schema\/person\/414a2aebf1801691a5320edb6468e194\",\"name\":\"hegyizs\",\"image\":{\"@type\":\"ImageObject\",\"inLanguage\":\"hu\",\"@id\":\"https:\/\/www.welovecycling.com\/hu\/#\/schema\/person\/image\/\",\"url\":\"https:\/\/secure.gravatar.com\/avatar\/02cf8a7906b8cf90cecb4679defac7cfd33a1c2e3b88e4903d947f3bb58eedd3?s=96&d=mm&r=g\",\"contentUrl\":\"https:\/\/secure.gravatar.com\/avatar\/02cf8a7906b8cf90cecb4679defac7cfd33a1c2e3b88e4903d947f3bb58eedd3?s=96&d=mm&r=g\",\"caption\":\"hegyizs\"},\"url\":\"https:\/\/www.welovecycling.com\/hu\/author\/hegyizs\/\"}]}<\/script>\n<!-- \/ Yoast SEO Premium plugin. -->","yoast_head_json":{"title":"\u00cdgy eszik a Jumbo-Visma a Tour-on: G\u00e9pi tanul\u00e1s","description":"Hogyan seg\u00edtheti a g\u00e9pi tanul\u00e1s a profi ker\u00e9kp\u00e1rosokat? A Tour de France-on sok csapat veszi komolyan a t\u00e1pl\u00e1lkoz\u00e1st, a Jumbo-Vism\u00e1n\u00e1l azonban senki nem tesz t\u00f6bbet a t\u00f6k\u00e9letes men\u00fc\u00e9rt. Az egyik dolog, ami megk\u00fcl\u00f6nb\u00f6zteti \u0151ket, az az, ahogy a technol\u00f3gi\u00e1t haszn\u00e1lj\u00e1k.","robots":{"index":"index","follow":"follow","max-snippet":"max-snippet:-1","max-image-preview":"max-image-preview:large","max-video-preview":"max-video-preview:-1"},"canonical":"https:\/\/www.welovecycling.com\/hu\/orszaguti-kerekpar\/igy-eszik-a-jumbo-visma-a-tour-on-gepi-tanulas\/","og_locale":"hu_HU","og_type":"article","og_title":"\u00cdgy eszik a Jumbo-Visma a Tour-on: G\u00e9pi tanul\u00e1s","og_description":"Hogyan seg\u00edtheti a g\u00e9pi tanul\u00e1s a profi ker\u00e9kp\u00e1rosokat? A Tour de France-on sok csapat veszi komolyan a t\u00e1pl\u00e1lkoz\u00e1st, a Jumbo-Vism\u00e1n\u00e1l azonban senki nem tesz t\u00f6bbet a t\u00f6k\u00e9letes men\u00fc\u00e9rt. Az egyik dolog, ami megk\u00fcl\u00f6nb\u00f6zteti \u0151ket, az az, ahogy a technol\u00f3gi\u00e1t haszn\u00e1lj\u00e1k.","og_url":"https:\/\/www.welovecycling.com\/hu\/orszaguti-kerekpar\/igy-eszik-a-jumbo-visma-a-tour-on-gepi-tanulas\/","og_site_name":"\u0160koda We Love Cycling - Magyarorsz\u00e1g","article_publisher":"https:\/\/www.facebook.com\/WeLoveCyclingHungary\/","article_published_time":"2022-07-28T06:00:55+00:00","og_image":[{"width":990,"height":660,"url":"https:\/\/d2p6e6u75xmxt8.cloudfront.net\/12\/2022\/07\/Jumbo-Visma-profimedia-0557100980-1024x694-CVR.jpg","type":"image\/jpeg"}],"author":"hegyizs","twitter_card":"summary_large_image","twitter_misc":{"Written by":"Jiri Kaloc","Est. reading time":"5"},"schema":{"@context":"https:\/\/schema.org","@graph":[{"@type":"WebPage","@id":"https:\/\/www.welovecycling.com\/hu\/orszaguti-kerekpar\/igy-eszik-a-jumbo-visma-a-tour-on-gepi-tanulas\/","url":"https:\/\/www.welovecycling.com\/hu\/orszaguti-kerekpar\/igy-eszik-a-jumbo-visma-a-tour-on-gepi-tanulas\/","name":"\u00cdgy eszik a Jumbo-Visma a Tour-on: G\u00e9pi tanul\u00e1s","isPartOf":{"@id":"https:\/\/www.welovecycling.com\/hu\/#website"},"primaryImageOfPage":{"@id":"https:\/\/www.welovecycling.com\/hu\/orszaguti-kerekpar\/igy-eszik-a-jumbo-visma-a-tour-on-gepi-tanulas\/#primaryimage"},"image":{"@id":"https:\/\/www.welovecycling.com\/hu\/orszaguti-kerekpar\/igy-eszik-a-jumbo-visma-a-tour-on-gepi-tanulas\/#primaryimage"},"thumbnailUrl":"https:\/\/d2p6e6u75xmxt8.cloudfront.net\/12\/2022\/07\/Jumbo-Visma-profimedia-0557100980-1024x694-CVR.jpg","datePublished":"2022-07-28T06:00:55+00:00","author":{"@id":"https:\/\/www.welovecycling.com\/hu\/#\/schema\/person\/414a2aebf1801691a5320edb6468e194"},"description":"Hogyan seg\u00edtheti a g\u00e9pi tanul\u00e1s a profi ker\u00e9kp\u00e1rosokat? A Tour de France-on sok csapat veszi komolyan a t\u00e1pl\u00e1lkoz\u00e1st, a Jumbo-Vism\u00e1n\u00e1l azonban senki nem tesz t\u00f6bbet a t\u00f6k\u00e9letes men\u00fc\u00e9rt. Az egyik dolog, ami megk\u00fcl\u00f6nb\u00f6zteti \u0151ket, az az, ahogy a technol\u00f3gi\u00e1t haszn\u00e1lj\u00e1k.","breadcrumb":{"@id":"https:\/\/www.welovecycling.com\/hu\/orszaguti-kerekpar\/igy-eszik-a-jumbo-visma-a-tour-on-gepi-tanulas\/#breadcrumb"},"inLanguage":"hu","potentialAction":[{"@type":"ReadAction","target":["https:\/\/www.welovecycling.com\/hu\/orszaguti-kerekpar\/igy-eszik-a-jumbo-visma-a-tour-on-gepi-tanulas\/"]}]},{"@type":"ImageObject","inLanguage":"hu","@id":"https:\/\/www.welovecycling.com\/hu\/orszaguti-kerekpar\/igy-eszik-a-jumbo-visma-a-tour-on-gepi-tanulas\/#primaryimage","url":"https:\/\/d2p6e6u75xmxt8.cloudfront.net\/12\/2022\/07\/Jumbo-Visma-profimedia-0557100980-1024x694-CVR.jpg","contentUrl":"https:\/\/d2p6e6u75xmxt8.cloudfront.net\/12\/2022\/07\/Jumbo-Visma-profimedia-0557100980-1024x694-CVR.jpg","width":990,"height":660,"caption":"Team Jumbo Visma"},{"@type":"BreadcrumbList","@id":"https:\/\/www.welovecycling.com\/hu\/orszaguti-kerekpar\/igy-eszik-a-jumbo-visma-a-tour-on-gepi-tanulas\/#breadcrumb","itemListElement":[{"@type":"ListItem","position":1,"name":"Home","item":"https:\/\/www.welovecycling.com\/hu\/"},{"@type":"ListItem","position":2,"name":"\u00cdgy eszik a Jumbo-Visma a Tour-on: G\u00e9pi tanul\u00e1s"}]},{"@type":"WebSite","@id":"https:\/\/www.welovecycling.com\/hu\/#website","url":"https:\/\/www.welovecycling.com\/hu\/","name":"\u0160koda We Love Cycling - Magyarorsz\u00e1g","description":"\u0160koda WeLoveCycling","potentialAction":[{"@type":"SearchAction","target":{"@type":"EntryPoint","urlTemplate":"https:\/\/www.welovecycling.com\/hu\/?s={search_term_string}"},"query-input":{"@type":"PropertyValueSpecification","valueRequired":true,"valueName":"search_term_string"}}],"inLanguage":"hu"},{"@type":"Person","@id":"https:\/\/www.welovecycling.com\/hu\/#\/schema\/person\/414a2aebf1801691a5320edb6468e194","name":"hegyizs","image":{"@type":"ImageObject","inLanguage":"hu","@id":"https:\/\/www.welovecycling.com\/hu\/#\/schema\/person\/image\/","url":"https:\/\/secure.gravatar.com\/avatar\/02cf8a7906b8cf90cecb4679defac7cfd33a1c2e3b88e4903d947f3bb58eedd3?s=96&d=mm&r=g","contentUrl":"https:\/\/secure.gravatar.com\/avatar\/02cf8a7906b8cf90cecb4679defac7cfd33a1c2e3b88e4903d947f3bb58eedd3?s=96&d=mm&r=g","caption":"hegyizs"},"url":"https:\/\/www.welovecycling.com\/hu\/author\/hegyizs\/"}]}},"_links":{"self":[{"href":"https:\/\/www.welovecycling.com\/hu\/wp-json\/wp\/v2\/posts\/15467","targetHints":{"allow":["GET"]}}],"collection":[{"href":"https:\/\/www.welovecycling.com\/hu\/wp-json\/wp\/v2\/posts"}],"about":[{"href":"https:\/\/www.welovecycling.com\/hu\/wp-json\/wp\/v2\/types\/post"}],"author":[{"embeddable":true,"href":"https:\/\/www.welovecycling.com\/hu\/wp-json\/wp\/v2\/users\/71"}],"replies":[{"embeddable":true,"href":"https:\/\/www.welovecycling.com\/hu\/wp-json\/wp\/v2\/comments?post=15467"}],"version-history":[{"count":1,"href":"https:\/\/www.welovecycling.com\/hu\/wp-json\/wp\/v2\/posts\/15467\/revisions"}],"predecessor-version":[{"id":15478,"href":"https:\/\/www.welovecycling.com\/hu\/wp-json\/wp\/v2\/posts\/15467\/revisions\/15478"}],"wp:featuredmedia":[{"embeddable":true,"href":"https:\/\/www.welovecycling.com\/hu\/wp-json\/wp\/v2\/media\/15469"}],"wp:attachment":[{"href":"https:\/\/www.welovecycling.com\/hu\/wp-json\/wp\/v2\/media?parent=15467"}],"wp:term":[{"taxonomy":"category","embeddable":true,"href":"https:\/\/www.welovecycling.com\/hu\/wp-json\/wp\/v2\/categories?post=15467"},{"taxonomy":"post_tag","embeddable":true,"href":"https:\/\/www.welovecycling.com\/hu\/wp-json\/wp\/v2\/tags?post=15467"},{"taxonomy":"global-categories","embeddable":true,"href":"https:\/\/www.welovecycling.com\/hu\/wp-json\/wp\/v2\/global-categories?post=15467"}],"curies":[{"name":"wp","href":"https:\/\/api.w.org\/{rel}","templated":true}]}}