{"id":15463,"date":"2022-07-27T08:00:03","date_gmt":"2022-07-27T06:00:03","guid":{"rendered":"https:\/\/www.welovecycling.com\/hu\/?p=15463"},"modified":"2022-07-22T13:53:25","modified_gmt":"2022-07-22T11:53:25","slug":"indurain-es-riis-tortenete-az-1996-os-tour-rol","status":"publish","type":"post","link":"https:\/\/www.welovecycling.com\/hu\/orszaguti-kerekpar\/indurain-es-riis-tortenete-az-1996-os-tour-rol\/","title":{"rendered":"Indurain \u00e9s Riis t\u00f6rt\u00e9nete az 1996-os Tour-r\u00f3l"},"content":{"rendered":"<p><strong>Az 1996-os Touron Miguel \u201eBig Mig\u201d Indurain volt a k\u00f6z\u00f6ns\u00e9gkedvenc. Az el\u0151z\u0151 \u00e9vben megnyerte az \u00f6t\u00f6dik Tour-j\u00e1t, \u00e9s szeretett volna \u0151 lenni az els\u0151, aki hat c\u00edmmel b\u00fcszk\u00e9lkedhet. Bjarne Riis azonban mer\u00e9sz kih\u00edv\u00f3. A kilencedik \u00e9s a 16. szakaszban ny\u00fajtott teljes\u00edtm\u00e9ny\u00e9vel megmutatta, milyen egy igaz\u00e1n izgalmas verseny.<\/strong><\/p>\n<p><!--more--><\/p>\n<p>A 16. szakaszban Riis olyasmit tett, amit kor\u00e1bban \u00e9s az\u00f3ta sem l\u00e1ttunk, \u00e9s letasz\u00edtotta a tr\u00f3nj\u00e1r\u00f3l a nagy bajnokot.<\/p>\n<p>Riis 1989-ben indult el\u0151sz\u00f6r a Tour-on, de csak 1993-ban tudott kit\u00f6rtni, amikor szakaszt nyert \u00e9s \u00f6t\u00f6dik helyez\u00e9st \u00e9rt el az \u00f6sszetettben. 1994-ben ism\u00e9rt szakaszgy\u0151zelmet szerzett, 1995-ben pedig egy napig viselhette a s\u00e1rga trik\u00f3t, \u00edgy harmadik lett! \u0150 vezette a Team Telekomot az 1996-os versenyen.<\/p>\n<p>Ebben az \u00e9vben egy id\u0151futammal nyitott a Tour, ahol Riis \u00e9s Indurain szinten d\u00f6ntetlent \u00e9rtek el, 11, illetve 12 m\u00e1sodperccel voltak lassabbak a gy\u0151ztes Alex Z\u00fcll\u00e9n\u00e9l. A k\u00f6vetkez\u0151 \u00f6t szakasz a sprinterek, p\u00e9ld\u00e1ul Mario Cipollini \u00e9s Erik Zabel j\u00e1tsz\u00f3tere volt. Miel\u0151tt a hetedik szakaszn\u00e1l elkezd\u0151d\u00f6tt volna a m\u00e1sz\u00e1s, Riis \u00e9s Indurain az \u00f6sszetettben a hetedik \u00e9s nyolcadik helyen \u00e1llt egym\u00e1s mellett, 4 perc 16 m\u00e1sodperccel, illetve 4 perc 17 m\u00e1sodperccel lemaradva.<\/p>\n<p>Indurain form\u00e1ban volt a hetedik szakaszban: jelezte a t\u00f6bbieknek, hogy a m\u00e1sodik hely\u00e9rt versenyeznek. Azt\u00e1n, a c\u00e9l el\u0151tt h\u00e1rom kilom\u00e9terrel, megt\u00f6rt\u00e9nt a lehetetlen. Indurain bajban volt! A t\u00f6bbi nagymen\u0151vel egy\u00fctt \u00e9rkez\u0151 Riis lehagyta. Kifogyott az \u00e9telb\u0151l \u00e9s kezdett kif\u00e1radni.<\/p>\n<p>Indurain k\u00e9ts\u00e9gbeesetten jelezte a t\u00f6bbieknek, hogy \u00e9lelemre van sz\u00fcks\u00e9ge. Megsajn\u00e1lt\u00e1k \u00e9s adtak neki. Mindenkit megd\u00f6bbentett, hogy ilyen elemi hib\u00e1t k\u00f6vetett el egy ennyire tapasztalt versenyz\u0151. V\u00e9g\u00fcl t\u00f6bb mint n\u00e9gy perccel lemaradva v\u00e9gzett a szakaszgy\u0151ztes m\u00f6g\u00f6tt. Riis ekkor a negyedik helyen \u00e1llt, mind\u00f6ssze nyolc m\u00e1sodperccel a s\u00e1rga trik\u00f3s m\u00f6g\u00f6tt, Indurain pedig a 14. volt h\u00e1rom perc 32 m\u00e1sodperccel lemaradva. \u00d6t \u00e9v egyeduralom ut\u00e1n \u00fagy t\u0171nt, most b\u00e1rki nyerhet.<\/p>\n<p>A k\u00f6vetkez\u0151 szakasz, egy egy\u00e9ni id\u0151futam, a Vals d\u2019Is\u00e9re-hez vezetett fel. A remek m\u00e1sz\u00f3, Indurain felj\u00f6tt a 11. helyre, de m\u00e9g \u00edgy is majdnem egy percet vesz\u00edtett Riis ellen.<\/p>\n<p>A 9. etapon Riis szinte a kezdetekt\u0151l t\u00e1madott. Az els\u0151 h\u00e1romra m\u00e9g v\u00e1laszoltak, de a negyedik m\u00e1r t\u00fal sok volt a t\u00f6bbieknek. Az els\u0151 emelked\u0151 tetej\u00e9n 20 m\u00e1sodperccel az \u00fcld\u00f6z\u0151k el\u0151tt j\u00e1rt, az utols\u00f3n pedig m\u00e9g t\u00f6bbel vezetett. Elk\u00e9peszt\u0151 teljes\u00edtm\u00e9ny\u00e9vel aznap megszerezte a s\u00e1rga mezt. Miguel Indurain h\u00e1tr\u00e1nya 4 perc 38 m\u00e1sodpercre n\u0151tt, de m\u00e9g t\u00f6bb mint a verseny fele h\u00e1tra volt.<\/p>\n<p>A k\u00f6vetkez\u0151 n\u00e9h\u00e1ny szakaszon a Team Telekom ir\u00e1ny\u00edtotta a versenyt. Hagyt\u00e1k, hogy azok a versenyz\u0151k, akik nem jelentettek fenyeget\u00e9st Riis-re, megel\u0151zz\u00e9k, de a val\u00f3di fenyeget\u00e9seket elh\u00e1r\u00edtott\u00e1k. \u00cdgy a v\u00e9gs\u0151 csata a Pireneusokra maradt. Ez a 16. etap a versenyt\u00f6rt\u00e9nelem egyik legmegh\u00f6kkent\u0151bb szakaszak\u00e9nt maradt fent.<\/p>\n<figure id=\"attachment_15464\" aria-describedby=\"caption-attachment-15464\" style=\"width: 1000px\" class=\"wp-caption alignnone\"><a href=\"https:\/\/d2p6e6u75xmxt8.cloudfront.net\/12\/2022\/07\/Riis-Indurain-1996-Tour-profimedia-0068506801.jpg\"><img loading=\"lazy\" decoding=\"async\" class=\"size-full wp-image-15464\" src=\"https:\/\/d2p6e6u75xmxt8.cloudfront.net\/12\/2022\/07\/Riis-Indurain-1996-Tour-profimedia-0068506801.jpg\" alt=\"Riis and Indurain at 1996\" width=\"1000\" height=\"740\" srcset=\"https:\/\/d2p6e6u75xmxt8.cloudfront.net\/12\/2022\/07\/Riis-Indurain-1996-Tour-profimedia-0068506801.jpg 1000w, https:\/\/d2p6e6u75xmxt8.cloudfront.net\/12\/2022\/07\/Riis-Indurain-1996-Tour-profimedia-0068506801-300x222.jpg 300w, https:\/\/d2p6e6u75xmxt8.cloudfront.net\/12\/2022\/07\/Riis-Indurain-1996-Tour-profimedia-0068506801-768x568.jpg 768w\" sizes=\"auto, (max-width: 1000px) 100vw, 1000px\" \/><\/a><figcaption id=\"caption-attachment-15464\" class=\"wp-caption-text\"><em>Bar\u00e1ti besz\u00e9lget\u00e9s a k\u00e9t riv\u00e1lis k\u00f6z\u00f6tt. \u00a9 Profimedia<\/em><\/figcaption><\/figure>\n<p>A 199 kilom\u00e9teres 16. szakasz egy hossz\u00fa \u00e9s kem\u00e9ny m\u00e1sz\u00e1sban cs\u00facsosodott ki a Hautacam-on. A legjobbak m\u00e9g egy\u00fctt v\u00e1gtak neki az emelked\u0151nek, de Alex Z\u00fclle hamar megel\u0151zte a mez\u0151nyt. Kilenc kilom\u00e9terrel a c\u00e9l el\u0151tt Riis tette el\u0151sz\u00f6r pr\u00f3b\u00e1ra a t\u00f6bbieket egy tapogat\u00f3z\u00f3 t\u00e1mad\u00e1ssal, de Indurain tartotta a temp\u00f3t. Riis lass\u00edtott, azt\u00e1n \u00fajult er\u0151vel h\u00fazott el. M\u00e1r csak n\u00e9gyen maradtak mellette. Azt\u00e1n valami teljesen v\u00e1ratlan dolgot tett.<\/p>\n<p>Kicsit lelass\u00edtott, \u00fagy tett, mintha bajban lenne, \u00e9s a t\u00f6bbiek mellett tekert, j\u00f3 alaposan megfigyelve minden versenyz\u0151t. Amikor megbizonyosodott r\u00f3la, hogy mindannyian a hat\u00e1raikat feszegetik, fogta mag\u00e1t \u00e9s felsz\u00e1guldott a dombra, otthagyva \u0151ket a porban. Egyed\u00fcl \u00e9rt c\u00e9lba, k\u00e9t perccel \u00e9s 28 m\u00e1sodperccel Indurain el\u0151tt. Rendk\u00edv\u00fcl kock\u00e1zatos man\u0151ver. Feladta a poz\u00edci\u00f3j\u00e1t \u00e9s a lend\u00fclet\u00e9t egy meredek hegyen, a vil\u00e1g legjobb hegym\u00e1sz\u00f3i el\u0151tt. Micsoda \u00f6nbizalom!<\/p>\n<p>A 17. szakasz volt az utols\u00f3, ahol a versenyz\u0151k m\u00e9g re\u00e1lisan tudtak id\u0151t szerezni Riis ellen\u00e9ben. A hegyi etap \u00f6sszesen h\u00e9t emelked\u0151b\u0151l \u00e1llt, ebb\u0151l \u00f6t m\u00e1sodik vagy magasabb kateg\u00f3ri\u00e1j\u00fa. Az els\u0151 kem\u00e9ny m\u00e1sz\u00e1s sor\u00e1n Riis er\u0151s temp\u00f3t dikt\u00e1lt, \u00edgy a csapat 11 f\u0151re ritkult. Richard Virenque \u00e9s Laurent Dufaux tartotta mag\u00e1t, Indurain viszont nem. Az etap egy sprint sor\u00e1n d\u0151lt el Riis \u00e9s Dufaux k\u00f6z\u00f6tt, amit Riis kis h\u00edj\u00e1n elvesz\u00edtett.<\/p>\n<p>A 20. szakasz, egy 63,5 km-es egy\u00e9ni id\u0151futam k\u00f6vetkezett. Nem t\u0171nt val\u00f3sz\u00edn\u0171nek, hogy Riis elvesz\u00edti itt az el\u0151ny\u00e9t. F\u00e1radtnak t\u0171nt a h\u00e1rom kem\u00e9ny h\u00e9t ut\u00e1n, de meg\u0151rizte a s\u00e1rga mezt. Az igazi meglepet\u00e9st Jan Ullrich jelentette, aki k\u00e9t perc 18 m\u00e1sodperccel verte a csapatvezet\u0151j\u00e9t, s\u0151t 56 m\u00e1sodperccel Induraint is. Egy \u00e9vvel k\u00e9s\u0151bb fontos szerepe lett a k\u00e9t csapatt\u00e1rs rivaliz\u00e1l\u00e1s\u00e1nak, azonban az 1996-os Tour eld\u0151lt. Miguel Indurain v\u00e9g\u00fcl a 11. helyen v\u00e9gzett, 14 perc 14 m\u00e1sodperccel az \u00faj bajnok, Bjarne Riis m\u00f6g\u00f6tt, aki 11 \u00e9ven \u00e1t k\u00fczd\u00f6tt a c\u00edm\u00e9rt. Sajnos p\u00e1lyafut\u00e1sa sor\u00e1n soha nem tudta megism\u00e9telni t\u00f6bb\u00e9 ezt a teljes\u00edtm\u00e9nyt.<\/p>\n","protected":false},"excerpt":{"rendered":"<p>Az 1996-os Touron Miguel \u201eBig Mig\u201d Indurain volt a k\u00f6z\u00f6ns\u00e9gkedvenc. Az el\u0151z\u0151 \u00e9vben megnyerte az \u00f6t\u00f6dik Tour-j\u00e1t, \u00e9s szeretett volna [&hellip;]<\/p>\n","protected":false},"author":71,"featured_media":15466,"comment_status":"open","ping_status":"open","sticky":false,"template":"","format":"standard","meta":{"footnotes":""},"categories":[8],"tags":[],"global-categories":[],"class_list":["post-15463","post","type-post","status-publish","format-standard","has-post-thumbnail","hentry","category-orszaguti-kerekpar"],"yoast_head":"<!-- This site is optimized with the Yoast SEO Premium plugin v25.3 (Yoast SEO v25.9) - https:\/\/yoast.com\/wordpress\/plugins\/seo\/ -->\n<title>Indurain \u00e9s Riis t\u00f6rt\u00e9nete az 1996-os Tour-r\u00f3l<\/title>\n<meta name=\"description\" content=\"Az 1996-os Touron Miguel \u201eBig Mig\u201d Indurain volt a k\u00f6z\u00f6ns\u00e9gkedvenc. Az el\u0151z\u0151 \u00e9vben megnyerte az \u00f6t\u00f6dik Tour-j\u00e1t, \u00e9s szeretett volna \u0151 lenni az els\u0151, aki hat c\u00edmmel b\u00fcszk\u00e9lkedhet. Bjarne Riis azonban mer\u00e9sz kih\u00edv\u00f3. A kilencedik \u00e9s a 16. szakaszban ny\u00fajtott teljes\u00edtm\u00e9ny\u00e9vel megmutatta, milyen egy igaz\u00e1n izgalmas verseny.\" \/>\n<meta name=\"robots\" content=\"index, follow, max-snippet:-1, max-image-preview:large, max-video-preview:-1\" \/>\n<link rel=\"canonical\" href=\"https:\/\/www.welovecycling.com\/hu\/orszaguti-kerekpar\/indurain-es-riis-tortenete-az-1996-os-tour-rol\/\" \/>\n<meta property=\"og:locale\" content=\"hu_HU\" \/>\n<meta property=\"og:type\" content=\"article\" \/>\n<meta property=\"og:title\" content=\"Indurain \u00e9s Riis t\u00f6rt\u00e9nete az 1996-os Tour-r\u00f3l\" \/>\n<meta property=\"og:description\" content=\"Az 1996-os Touron Miguel \u201eBig Mig\u201d Indurain volt a k\u00f6z\u00f6ns\u00e9gkedvenc. Az el\u0151z\u0151 \u00e9vben megnyerte az \u00f6t\u00f6dik Tour-j\u00e1t, \u00e9s szeretett volna \u0151 lenni az els\u0151, aki hat c\u00edmmel b\u00fcszk\u00e9lkedhet. Bjarne Riis azonban mer\u00e9sz kih\u00edv\u00f3. A kilencedik \u00e9s a 16. szakaszban ny\u00fajtott teljes\u00edtm\u00e9ny\u00e9vel megmutatta, milyen egy igaz\u00e1n izgalmas verseny.\" \/>\n<meta property=\"og:url\" content=\"https:\/\/www.welovecycling.com\/hu\/orszaguti-kerekpar\/indurain-es-riis-tortenete-az-1996-os-tour-rol\/\" \/>\n<meta property=\"og:site_name\" content=\"\u0160koda We Love Cycling - Magyarorsz\u00e1g\" \/>\n<meta property=\"article:publisher\" content=\"https:\/\/www.facebook.com\/WeLoveCyclingHungary\/\" \/>\n<meta property=\"article:published_time\" content=\"2022-07-27T06:00:03+00:00\" \/>\n<meta property=\"og:image\" content=\"https:\/\/d2p6e6u75xmxt8.cloudfront.net\/12\/2022\/07\/Indurain-Riis-Tour-profimedia-0020438669-CVR.jpg\" \/>\n\t<meta property=\"og:image:width\" content=\"990\" \/>\n\t<meta property=\"og:image:height\" content=\"660\" \/>\n\t<meta property=\"og:image:type\" content=\"image\/jpeg\" \/>\n<meta name=\"author\" content=\"hegyizs\" \/>\n<meta name=\"twitter:card\" content=\"summary_large_image\" \/>\n<meta name=\"twitter:label1\" content=\"Written by\" \/>\n\t<meta name=\"twitter:data1\" content=\"Jiri Kaloc\" \/>\n\t<meta name=\"twitter:label2\" content=\"Est. reading time\" \/>\n\t<meta name=\"twitter:data2\" content=\"6\" \/>\n<script type=\"application\/ld+json\" class=\"yoast-schema-graph\">{\"@context\":\"https:\/\/schema.org\",\"@graph\":[{\"@type\":\"WebPage\",\"@id\":\"https:\/\/www.welovecycling.com\/hu\/orszaguti-kerekpar\/indurain-es-riis-tortenete-az-1996-os-tour-rol\/\",\"url\":\"https:\/\/www.welovecycling.com\/hu\/orszaguti-kerekpar\/indurain-es-riis-tortenete-az-1996-os-tour-rol\/\",\"name\":\"Indurain \u00e9s Riis t\u00f6rt\u00e9nete az 1996-os Tour-r\u00f3l\",\"isPartOf\":{\"@id\":\"https:\/\/www.welovecycling.com\/hu\/#website\"},\"primaryImageOfPage\":{\"@id\":\"https:\/\/www.welovecycling.com\/hu\/orszaguti-kerekpar\/indurain-es-riis-tortenete-az-1996-os-tour-rol\/#primaryimage\"},\"image\":{\"@id\":\"https:\/\/www.welovecycling.com\/hu\/orszaguti-kerekpar\/indurain-es-riis-tortenete-az-1996-os-tour-rol\/#primaryimage\"},\"thumbnailUrl\":\"https:\/\/d2p6e6u75xmxt8.cloudfront.net\/12\/2022\/07\/Indurain-Riis-Tour-profimedia-0020438669-CVR.jpg\",\"datePublished\":\"2022-07-27T06:00:03+00:00\",\"author\":{\"@id\":\"https:\/\/www.welovecycling.com\/hu\/#\/schema\/person\/414a2aebf1801691a5320edb6468e194\"},\"description\":\"Az 1996-os Touron Miguel \u201eBig Mig\u201d Indurain volt a k\u00f6z\u00f6ns\u00e9gkedvenc. Az el\u0151z\u0151 \u00e9vben megnyerte az \u00f6t\u00f6dik Tour-j\u00e1t, \u00e9s szeretett volna \u0151 lenni az els\u0151, aki hat c\u00edmmel b\u00fcszk\u00e9lkedhet. Bjarne Riis azonban mer\u00e9sz kih\u00edv\u00f3. A kilencedik \u00e9s a 16. szakaszban ny\u00fajtott teljes\u00edtm\u00e9ny\u00e9vel megmutatta, milyen egy igaz\u00e1n izgalmas verseny.\",\"breadcrumb\":{\"@id\":\"https:\/\/www.welovecycling.com\/hu\/orszaguti-kerekpar\/indurain-es-riis-tortenete-az-1996-os-tour-rol\/#breadcrumb\"},\"inLanguage\":\"hu\",\"potentialAction\":[{\"@type\":\"ReadAction\",\"target\":[\"https:\/\/www.welovecycling.com\/hu\/orszaguti-kerekpar\/indurain-es-riis-tortenete-az-1996-os-tour-rol\/\"]}]},{\"@type\":\"ImageObject\",\"inLanguage\":\"hu\",\"@id\":\"https:\/\/www.welovecycling.com\/hu\/orszaguti-kerekpar\/indurain-es-riis-tortenete-az-1996-os-tour-rol\/#primaryimage\",\"url\":\"https:\/\/d2p6e6u75xmxt8.cloudfront.net\/12\/2022\/07\/Indurain-Riis-Tour-profimedia-0020438669-CVR.jpg\",\"contentUrl\":\"https:\/\/d2p6e6u75xmxt8.cloudfront.net\/12\/2022\/07\/Indurain-Riis-Tour-profimedia-0020438669-CVR.jpg\",\"width\":990,\"height\":660,\"caption\":\"Indurain and Riis\"},{\"@type\":\"BreadcrumbList\",\"@id\":\"https:\/\/www.welovecycling.com\/hu\/orszaguti-kerekpar\/indurain-es-riis-tortenete-az-1996-os-tour-rol\/#breadcrumb\",\"itemListElement\":[{\"@type\":\"ListItem\",\"position\":1,\"name\":\"Home\",\"item\":\"https:\/\/www.welovecycling.com\/hu\/\"},{\"@type\":\"ListItem\",\"position\":2,\"name\":\"Indurain \u00e9s Riis t\u00f6rt\u00e9nete az 1996-os Tour-r\u00f3l\"}]},{\"@type\":\"WebSite\",\"@id\":\"https:\/\/www.welovecycling.com\/hu\/#website\",\"url\":\"https:\/\/www.welovecycling.com\/hu\/\",\"name\":\"\u0160koda We Love Cycling - Magyarorsz\u00e1g\",\"description\":\"\u0160koda WeLoveCycling\",\"potentialAction\":[{\"@type\":\"SearchAction\",\"target\":{\"@type\":\"EntryPoint\",\"urlTemplate\":\"https:\/\/www.welovecycling.com\/hu\/?s={search_term_string}\"},\"query-input\":{\"@type\":\"PropertyValueSpecification\",\"valueRequired\":true,\"valueName\":\"search_term_string\"}}],\"inLanguage\":\"hu\"},{\"@type\":\"Person\",\"@id\":\"https:\/\/www.welovecycling.com\/hu\/#\/schema\/person\/414a2aebf1801691a5320edb6468e194\",\"name\":\"hegyizs\",\"image\":{\"@type\":\"ImageObject\",\"inLanguage\":\"hu\",\"@id\":\"https:\/\/www.welovecycling.com\/hu\/#\/schema\/person\/image\/\",\"url\":\"https:\/\/secure.gravatar.com\/avatar\/02cf8a7906b8cf90cecb4679defac7cfd33a1c2e3b88e4903d947f3bb58eedd3?s=96&d=mm&r=g\",\"contentUrl\":\"https:\/\/secure.gravatar.com\/avatar\/02cf8a7906b8cf90cecb4679defac7cfd33a1c2e3b88e4903d947f3bb58eedd3?s=96&d=mm&r=g\",\"caption\":\"hegyizs\"},\"url\":\"https:\/\/www.welovecycling.com\/hu\/author\/hegyizs\/\"}]}<\/script>\n<!-- \/ Yoast SEO Premium plugin. -->","yoast_head_json":{"title":"Indurain \u00e9s Riis t\u00f6rt\u00e9nete az 1996-os Tour-r\u00f3l","description":"Az 1996-os Touron Miguel \u201eBig Mig\u201d Indurain volt a k\u00f6z\u00f6ns\u00e9gkedvenc. Az el\u0151z\u0151 \u00e9vben megnyerte az \u00f6t\u00f6dik Tour-j\u00e1t, \u00e9s szeretett volna \u0151 lenni az els\u0151, aki hat c\u00edmmel b\u00fcszk\u00e9lkedhet. Bjarne Riis azonban mer\u00e9sz kih\u00edv\u00f3. A kilencedik \u00e9s a 16. szakaszban ny\u00fajtott teljes\u00edtm\u00e9ny\u00e9vel megmutatta, milyen egy igaz\u00e1n izgalmas verseny.","robots":{"index":"index","follow":"follow","max-snippet":"max-snippet:-1","max-image-preview":"max-image-preview:large","max-video-preview":"max-video-preview:-1"},"canonical":"https:\/\/www.welovecycling.com\/hu\/orszaguti-kerekpar\/indurain-es-riis-tortenete-az-1996-os-tour-rol\/","og_locale":"hu_HU","og_type":"article","og_title":"Indurain \u00e9s Riis t\u00f6rt\u00e9nete az 1996-os Tour-r\u00f3l","og_description":"Az 1996-os Touron Miguel \u201eBig Mig\u201d Indurain volt a k\u00f6z\u00f6ns\u00e9gkedvenc. Az el\u0151z\u0151 \u00e9vben megnyerte az \u00f6t\u00f6dik Tour-j\u00e1t, \u00e9s szeretett volna \u0151 lenni az els\u0151, aki hat c\u00edmmel b\u00fcszk\u00e9lkedhet. Bjarne Riis azonban mer\u00e9sz kih\u00edv\u00f3. A kilencedik \u00e9s a 16. szakaszban ny\u00fajtott teljes\u00edtm\u00e9ny\u00e9vel megmutatta, milyen egy igaz\u00e1n izgalmas verseny.","og_url":"https:\/\/www.welovecycling.com\/hu\/orszaguti-kerekpar\/indurain-es-riis-tortenete-az-1996-os-tour-rol\/","og_site_name":"\u0160koda We Love Cycling - Magyarorsz\u00e1g","article_publisher":"https:\/\/www.facebook.com\/WeLoveCyclingHungary\/","article_published_time":"2022-07-27T06:00:03+00:00","og_image":[{"width":990,"height":660,"url":"https:\/\/d2p6e6u75xmxt8.cloudfront.net\/12\/2022\/07\/Indurain-Riis-Tour-profimedia-0020438669-CVR.jpg","type":"image\/jpeg"}],"author":"hegyizs","twitter_card":"summary_large_image","twitter_misc":{"Written by":"Jiri Kaloc","Est. reading time":"6"},"schema":{"@context":"https:\/\/schema.org","@graph":[{"@type":"WebPage","@id":"https:\/\/www.welovecycling.com\/hu\/orszaguti-kerekpar\/indurain-es-riis-tortenete-az-1996-os-tour-rol\/","url":"https:\/\/www.welovecycling.com\/hu\/orszaguti-kerekpar\/indurain-es-riis-tortenete-az-1996-os-tour-rol\/","name":"Indurain \u00e9s Riis t\u00f6rt\u00e9nete az 1996-os Tour-r\u00f3l","isPartOf":{"@id":"https:\/\/www.welovecycling.com\/hu\/#website"},"primaryImageOfPage":{"@id":"https:\/\/www.welovecycling.com\/hu\/orszaguti-kerekpar\/indurain-es-riis-tortenete-az-1996-os-tour-rol\/#primaryimage"},"image":{"@id":"https:\/\/www.welovecycling.com\/hu\/orszaguti-kerekpar\/indurain-es-riis-tortenete-az-1996-os-tour-rol\/#primaryimage"},"thumbnailUrl":"https:\/\/d2p6e6u75xmxt8.cloudfront.net\/12\/2022\/07\/Indurain-Riis-Tour-profimedia-0020438669-CVR.jpg","datePublished":"2022-07-27T06:00:03+00:00","author":{"@id":"https:\/\/www.welovecycling.com\/hu\/#\/schema\/person\/414a2aebf1801691a5320edb6468e194"},"description":"Az 1996-os Touron Miguel \u201eBig Mig\u201d Indurain volt a k\u00f6z\u00f6ns\u00e9gkedvenc. Az el\u0151z\u0151 \u00e9vben megnyerte az \u00f6t\u00f6dik Tour-j\u00e1t, \u00e9s szeretett volna \u0151 lenni az els\u0151, aki hat c\u00edmmel b\u00fcszk\u00e9lkedhet. Bjarne Riis azonban mer\u00e9sz kih\u00edv\u00f3. A kilencedik \u00e9s a 16. szakaszban ny\u00fajtott teljes\u00edtm\u00e9ny\u00e9vel megmutatta, milyen egy igaz\u00e1n izgalmas verseny.","breadcrumb":{"@id":"https:\/\/www.welovecycling.com\/hu\/orszaguti-kerekpar\/indurain-es-riis-tortenete-az-1996-os-tour-rol\/#breadcrumb"},"inLanguage":"hu","potentialAction":[{"@type":"ReadAction","target":["https:\/\/www.welovecycling.com\/hu\/orszaguti-kerekpar\/indurain-es-riis-tortenete-az-1996-os-tour-rol\/"]}]},{"@type":"ImageObject","inLanguage":"hu","@id":"https:\/\/www.welovecycling.com\/hu\/orszaguti-kerekpar\/indurain-es-riis-tortenete-az-1996-os-tour-rol\/#primaryimage","url":"https:\/\/d2p6e6u75xmxt8.cloudfront.net\/12\/2022\/07\/Indurain-Riis-Tour-profimedia-0020438669-CVR.jpg","contentUrl":"https:\/\/d2p6e6u75xmxt8.cloudfront.net\/12\/2022\/07\/Indurain-Riis-Tour-profimedia-0020438669-CVR.jpg","width":990,"height":660,"caption":"Indurain and Riis"},{"@type":"BreadcrumbList","@id":"https:\/\/www.welovecycling.com\/hu\/orszaguti-kerekpar\/indurain-es-riis-tortenete-az-1996-os-tour-rol\/#breadcrumb","itemListElement":[{"@type":"ListItem","position":1,"name":"Home","item":"https:\/\/www.welovecycling.com\/hu\/"},{"@type":"ListItem","position":2,"name":"Indurain \u00e9s Riis t\u00f6rt\u00e9nete az 1996-os Tour-r\u00f3l"}]},{"@type":"WebSite","@id":"https:\/\/www.welovecycling.com\/hu\/#website","url":"https:\/\/www.welovecycling.com\/hu\/","name":"\u0160koda We Love Cycling - Magyarorsz\u00e1g","description":"\u0160koda WeLoveCycling","potentialAction":[{"@type":"SearchAction","target":{"@type":"EntryPoint","urlTemplate":"https:\/\/www.welovecycling.com\/hu\/?s={search_term_string}"},"query-input":{"@type":"PropertyValueSpecification","valueRequired":true,"valueName":"search_term_string"}}],"inLanguage":"hu"},{"@type":"Person","@id":"https:\/\/www.welovecycling.com\/hu\/#\/schema\/person\/414a2aebf1801691a5320edb6468e194","name":"hegyizs","image":{"@type":"ImageObject","inLanguage":"hu","@id":"https:\/\/www.welovecycling.com\/hu\/#\/schema\/person\/image\/","url":"https:\/\/secure.gravatar.com\/avatar\/02cf8a7906b8cf90cecb4679defac7cfd33a1c2e3b88e4903d947f3bb58eedd3?s=96&d=mm&r=g","contentUrl":"https:\/\/secure.gravatar.com\/avatar\/02cf8a7906b8cf90cecb4679defac7cfd33a1c2e3b88e4903d947f3bb58eedd3?s=96&d=mm&r=g","caption":"hegyizs"},"url":"https:\/\/www.welovecycling.com\/hu\/author\/hegyizs\/"}]}},"_links":{"self":[{"href":"https:\/\/www.welovecycling.com\/hu\/wp-json\/wp\/v2\/posts\/15463","targetHints":{"allow":["GET"]}}],"collection":[{"href":"https:\/\/www.welovecycling.com\/hu\/wp-json\/wp\/v2\/posts"}],"about":[{"href":"https:\/\/www.welovecycling.com\/hu\/wp-json\/wp\/v2\/types\/post"}],"author":[{"embeddable":true,"href":"https:\/\/www.welovecycling.com\/hu\/wp-json\/wp\/v2\/users\/71"}],"replies":[{"embeddable":true,"href":"https:\/\/www.welovecycling.com\/hu\/wp-json\/wp\/v2\/comments?post=15463"}],"version-history":[{"count":2,"href":"https:\/\/www.welovecycling.com\/hu\/wp-json\/wp\/v2\/posts\/15463\/revisions"}],"predecessor-version":[{"id":15477,"href":"https:\/\/www.welovecycling.com\/hu\/wp-json\/wp\/v2\/posts\/15463\/revisions\/15477"}],"wp:featuredmedia":[{"embeddable":true,"href":"https:\/\/www.welovecycling.com\/hu\/wp-json\/wp\/v2\/media\/15466"}],"wp:attachment":[{"href":"https:\/\/www.welovecycling.com\/hu\/wp-json\/wp\/v2\/media?parent=15463"}],"wp:term":[{"taxonomy":"category","embeddable":true,"href":"https:\/\/www.welovecycling.com\/hu\/wp-json\/wp\/v2\/categories?post=15463"},{"taxonomy":"post_tag","embeddable":true,"href":"https:\/\/www.welovecycling.com\/hu\/wp-json\/wp\/v2\/tags?post=15463"},{"taxonomy":"global-categories","embeddable":true,"href":"https:\/\/www.welovecycling.com\/hu\/wp-json\/wp\/v2\/global-categories?post=15463"}],"curies":[{"name":"wp","href":"https:\/\/api.w.org\/{rel}","templated":true}]}}