{"id":15458,"date":"2022-07-26T08:00:05","date_gmt":"2022-07-26T06:00:05","guid":{"rendered":"https:\/\/www.welovecycling.com\/hu\/?p=15458"},"modified":"2022-07-22T13:52:53","modified_gmt":"2022-07-22T11:52:53","slug":"2022-letape-du-tour-hirhedt-es-hires-emelkedok-a-forron-tuzo-nap-alatt","status":"publish","type":"post","link":"https:\/\/www.welovecycling.com\/hu\/orszaguti-kerekpar\/2022-letape-du-tour-hirhedt-es-hires-emelkedok-a-forron-tuzo-nap-alatt\/","title":{"rendered":"2022 L\u2019\u00c9tape du Tour: h\u00edrhedt \u00e9s h\u00edres emelked\u0151k, a forr\u00f3n t\u0171z\u0151 nap alatt"},"content":{"rendered":"<p><strong>Id\u00e9n 30. alkalommal rendezt\u00e9k meg a vil\u00e1g legrangosabb amat\u0151r orsz\u00e1g\u00fati verseny\u00e9t, a L\u2019\u00c9tape du Tour-t. 2022. j\u00falius 10-\u00e9n Instagram-sorsol\u00e1sunk n\u00e9gy szerencs\u00e9s nyertese \u00e1llt a rajtvonalhoz tov\u00e1bbi 16 000 ker\u00e9kp\u00e1ros mellett, akiknek legnagyobb \u00e1lmuk volt, hogy \u00edzel\u00edt\u0151t kapjanak a Tour-\u00e9lm\u00e9nyb\u0151l, ugyanazon az \u00fatvonalon, ahol nem sokkal k\u00e9s\u0151bb a profik k\u00fczd\u00f6ttek. Milyen \u00e9rz\u00e9s lehet a ker\u00e9kp\u00e1rsport-t\u00f6rt\u00e9nelem r\u00e9sz\u00e9v\u00e9 v\u00e1lni?<\/strong><\/p>\n<p><!--more--><\/p>\n<p>Az els\u0151 L\u2019\u00c9tape du Tourra 1993-ban ker\u00fclt sor, jelenleg az ASO szervezi a megm\u00e9rettet\u00e9st, a V\u00e9lo Magazinnal k\u00f6z\u00f6sen, \u00e1ltal\u00e1ban a Tour egyik pihen\u0151napj\u00e1n. Hogy kell\u0151k\u00e9pp \u00e9rdekes (\u00e9s f\u00e1raszt\u00f3) legyen az esem\u00e9ny, \u00e1ltal\u00e1ban a Pireneusok vagy a Francia Alpok h\u00edrhedt hegyi \u00fatjain halad \u00e1t az \u00fatvonal, a forgalom el\u0151l elz\u00e1rt szakaszokon, kb. 15.000 versenyz\u0151vel, a vil\u00e1g minden t\u00e1j\u00e1r\u00f3l. A francia amat\u0151r szakasz mellett egy\u00e9bk\u00e9nt a L\u2019\u00c9tape sz\u00e1mos nemzetk\u00f6zi offshoot esem\u00e9nyt is tart, p\u00e9ld\u00e1ul Csehorsz\u00e1gban, Kolumbi\u00e1ban, Ausztr\u00e1li\u00e1ban \u00e9s Braz\u00edli\u00e1ban.<\/p>\n<p>Az idei verseny a Tour de France 12. szakasz\u00e1t m\u00e1solta le, 170 km Brian\u00e7ont\u00f3l Alpe d\u2019Huezig, 4500 m\u00e9teres szintemelked\u00e9ssel. A versenyz\u0151ket a legend\u00e1s Col du Galibier (Hors Cat\u00e9gorie), Col de la Croix de Fer (Hors Cat\u00e9gorie) \u00e9s v\u00e9g\u00fcl az Alpe d&#8217;Huez (Hors Cat\u00e9gorie) v\u00e1rta. A r\u00e9sztvev\u0151k szerencs\u00e9tlens\u00e9g\u00e9re a francia ny\u00e1r \u00fagy d\u00f6nt\u00f6tt, hogy aznap igaz\u00e1n kitesz mag\u00e1\u00e9rt, \u00edgy m\u00e1r reggel 30 fok feletti volt a h\u0151m\u00e9rs\u00e9klet.<\/p>\n<figure id=\"attachment_15460\" aria-describedby=\"caption-attachment-15460\" style=\"width: 1024px\" class=\"wp-caption alignnone\"><a href=\"https:\/\/d2p6e6u75xmxt8.cloudfront.net\/12\/2022\/07\/LEtape.jpg\"><img loading=\"lazy\" decoding=\"async\" class=\"wp-image-15460 size-full\" src=\"https:\/\/d2p6e6u75xmxt8.cloudfront.net\/12\/2022\/07\/LEtape.jpg\" alt=\"L'Etape\" width=\"1024\" height=\"768\" srcset=\"https:\/\/d2p6e6u75xmxt8.cloudfront.net\/12\/2022\/07\/LEtape.jpg 1024w, https:\/\/d2p6e6u75xmxt8.cloudfront.net\/12\/2022\/07\/LEtape-300x225.jpg 300w, https:\/\/d2p6e6u75xmxt8.cloudfront.net\/12\/2022\/07\/LEtape-768x576.jpg 768w\" sizes=\"auto, (max-width: 1024px) 100vw, 1024px\" \/><\/a><figcaption id=\"caption-attachment-15460\" class=\"wp-caption-text\"><em>A \u0160koda-csapat akci\u00f3ban. \u00a9 Profimedia<\/em><\/figcaption><\/figure>\n<p>Annak ellen\u00e9re, hogy a L\u2019\u00c9tape a lehet\u0151 legk\u00f6zelebb igyekszik hozni a profi verseny atmoszf\u00e9r\u00e1j\u00e1t a r\u00e9sztvev\u0151kh\u00f6z, sokan k\u00f6z\u00fcl\u00fck szinte egyed\u00fcl, vagy a seg\u00edt\u0151csapat szerep\u00e9t bet\u00f6lt\u0151 bar\u00e1tokkal \u00e9s csal\u00e1dtagokkal v\u00e1gnak neki a szakasznak. A We Love Cycling magazin \u00e9s a \u0160koda azonban felejthetetlen \u00e9lm\u00e9nyt akart teremteni annak a szerencs\u00e9s n\u00e9gyesnek, aki megnyerte a VIP-lehet\u0151s\u00e9get, \u00e9s biztos\u00edtottunk sz\u00e1mukra minden seg\u00edts\u00e9get, amit a profik is megkapnak. A csomag tartalmazta a rep\u00fcl\u00e9st, a sz\u00e1ll\u00e1st, a professzion\u00e1lis kiszolg\u00e1l\u00e1st a Festk\u00e1t\u00f3l, a helysz\u00edni t\u00e1mogat\u00e1st, s\u0151t, m\u00e9g a rajtsz\u00e1mukat is a \u0160koda csapata gy\u0171jt\u00f6tte be nekik, hogy csakis a teljes\u00edtm\u00e9ny\u00fckre kelljen koncentr\u00e1lni. Igyekezt\u00fcnk val\u00f3ban csapat-hangulatot teremteni: a \u0160koda ker\u00e9kp\u00e1ros felszerel\u00e9sek, a Feska kulacsok \u00e9s t\u00e1sk\u00e1k, a Nutrend \u00e9lelmiszercsomagok \u00e9s a WLC eml\u00e9kp\u00f3l\u00f3k mind ezt a c\u00e9lt szolg\u00e1lt\u00e1k.<\/p>\n<p>A N\u00e9metorsz\u00e1gb\u00f3l, Ausztri\u00e1b\u00f3l, Nagy-Britanni\u00e1b\u00f3l \u00e9s Rom\u00e1ni\u00e1b\u00f3l \u00e9rkezett elsz\u00e1nt n\u00e9gyest, h\u00e1rom n\u0151t \u00e9s egy f\u00e9rfit, csapatkapit\u00e1nyaik, Ji\u0159\u00ed Je\u017eek \u00e9s Cameron Jeffers vezett\u00e9k csat\u00e1ba, akik a verseny el\u0151tt eligaz\u00edtott\u00e1k \u0151ket, \u00e9s titkos tippeket \u00e9s tr\u00fckk\u00f6ket osztottak meg vel\u00fck. A Festka pedig alaposan \u00e1tvizsg\u00e1lta mindenki j\u00e1rg\u00e1ny\u00e1t. Azt\u00e1n j\u00f6tt a rajt.<\/p>\n<p>https:\/\/www.instagram.com\/p\/Cf4y1GQqBd0\/?hl=cs<\/p>\n<p>Cameron Jeffers egy leny\u0171g\u00f6z\u0151 rajt ut\u00e1n els\u0151k\u00e9nt \u00e9rkezett meg az els\u0151 friss\u00edt\u0151ponthoz (a Col du Galibier emelked\u0151 el\u0151tt) az els\u0151 30-50 f\u0151b\u0151l \u00e1ll\u00f3 csapattal, de balszerencs\u00e9j\u00e9re t\u00f6nkrement a biciklije. M\u00e9g nagyobb szerencs\u00e9tlens\u00e9g a szerencs\u00e9tlens\u00e9gben, hogy a legk\u00f6zelebbi Shimano t\u00e1mogat\u00f3 aut\u00f3 kifogyott a sz\u00fcks\u00e9ges alkatr\u00e9szekb\u0151l, a k\u00f6vetkez\u0151 \u00e1llom\u00e1s pedig, ahol seg\u00edteni tudtak volna neki, 100 km-re volt. \u00cdgy sz\u00e1m\u00e1ra sajnos v\u00e9get \u00e9rt a verseny.<\/p>\n<p>A \u0160koda csapat azonban hajtott tov\u00e1bb \u2013 \u00e9s mindenkinek siker\u00fclt \u00e1tl\u00e9pnie az idei L\u2019\u00c9tape du Tour c\u00e9lvonal\u00e1t! A brit Olivia French v\u00e9gzett az els\u0151 helyen, \u0151t az osztr\u00e1k Teresa Vesely, a rom\u00e1n Jozsef Reinitz \u00e9s a n\u00e9met Christine Bertram k\u00f6vette.<\/p>\n<p>A L\u2019\u00c9tape v\u00e9gs\u0151 gy\u0151ztese a 33 \u00e9ves Stefan Kirchmair lett, hihetetlen 5 \u00f3ra 17 perc alatt \u00e9rt c\u00e9lba, \u00edgy hatalmas k\u00fcl\u00f6nbs\u00e9ggel, hat perccel k\u00e9s\u0151bb \u00e9rt be a m\u00e1sodik helyezett, Loic Ruffaut.<\/p>\n<p>\u00d6sszehasonl\u00edt\u00e1sk\u00e9ppen Cameron&#8217;s k\u00e9s\u0151bb \u00fagy becs\u00fclte, hogy a profik val\u00f3sz\u00edn\u0171leg 4:50-5 \u00f3ra alatt teljes\u00edten\u00e9k ugyanezt a szakaszt. Ez nem t\u0171nik akkora k\u00fcl\u00f6nbs\u00e9gnek, de figyelembe kell venni az \u00f6sszes t\u00f6bbi gyilkos etapot, ami nekik m\u00e1r a l\u00e1bukban van.<\/p>\n<p>\u00d6sszess\u00e9g\u00e9ben a \u0160koda csapata egyet\u00e9rtett abban, hogy b\u00e1r feszegett\u00e9k a hat\u00e1raikat, egy felemel\u0151 \u00e9lm\u00e9nyben volt r\u00e9sz\u00fck. Kev\u00e9s izgalmasabb dolog l\u00e9tezik, mint egy ilyen adrenalinl\u00f6ket, \u00e9s persze a b\u00fcszkes\u00e9g \u00e9rz\u00e9se, ami a c\u00e9lban \u00f6nt el, szint\u00e9n le\u00edrhatatlan.<\/p>\n","protected":false},"excerpt":{"rendered":"<p>Id\u00e9n 30. alkalommal rendezt\u00e9k meg a vil\u00e1g legrangosabb amat\u0151r orsz\u00e1g\u00fati verseny\u00e9t, a L\u2019\u00c9tape du Tour-t. 2022. j\u00falius 10-\u00e9n Instagram-sorsol\u00e1sunk n\u00e9gy [&hellip;]<\/p>\n","protected":false},"author":71,"featured_media":15462,"comment_status":"closed","ping_status":"closed","sticky":false,"template":"","format":"standard","meta":{"footnotes":""},"categories":[8],"tags":[],"global-categories":[],"class_list":["post-15458","post","type-post","status-publish","format-standard","has-post-thumbnail","hentry","category-orszaguti-kerekpar"],"yoast_head":"<!-- This site is optimized with the Yoast SEO Premium plugin v25.3 (Yoast SEO v25.9) - https:\/\/yoast.com\/wordpress\/plugins\/seo\/ -->\n<title>2022 L\u2019\u00c9tape du Tour: h\u00edrhedt \u00e9s h\u00edres emelked\u0151k, a forr\u00f3n t\u0171z\u0151 nap alatt<\/title>\n<meta name=\"description\" content=\"Id\u00e9n 30. alkalommal rendezt\u00e9k meg a vil\u00e1g legrangosabb amat\u0151r orsz\u00e1g\u00fati verseny\u00e9t, a L\u2019\u00c9tape du Tour-t. 2022. j\u00falius 10-\u00e9n Instagram-sorsol\u00e1sunk n\u00e9gy szerencs\u00e9s nyertese \u00e1llt a rajtvonalhoz tov\u00e1bbi 16 000 ker\u00e9kp\u00e1ros mellett, akiknek legnagyobb \u00e1lmuk volt, hogy \u00edzel\u00edt\u0151t kapjanak a Tour-\u00e9lm\u00e9nyb\u0151l, ugyanazon az \u00fatvonalon, ahol nem sokkal k\u00e9s\u0151bb a profik k\u00fczd\u00f6ttek. Milyen \u00e9rz\u00e9s lehet a ker\u00e9kp\u00e1rsport-t\u00f6rt\u00e9nelem r\u00e9sz\u00e9v\u00e9 v\u00e1lni?\" \/>\n<meta name=\"robots\" content=\"index, follow, max-snippet:-1, max-image-preview:large, max-video-preview:-1\" \/>\n<link rel=\"canonical\" href=\"https:\/\/www.welovecycling.com\/hu\/orszaguti-kerekpar\/2022-letape-du-tour-hirhedt-es-hires-emelkedok-a-forron-tuzo-nap-alatt\/\" \/>\n<meta property=\"og:locale\" content=\"hu_HU\" \/>\n<meta property=\"og:type\" content=\"article\" \/>\n<meta property=\"og:title\" content=\"2022 L\u2019\u00c9tape du Tour: h\u00edrhedt \u00e9s h\u00edres emelked\u0151k, a forr\u00f3n t\u0171z\u0151 nap alatt\" \/>\n<meta property=\"og:description\" content=\"Id\u00e9n 30. alkalommal rendezt\u00e9k meg a vil\u00e1g legrangosabb amat\u0151r orsz\u00e1g\u00fati verseny\u00e9t, a L\u2019\u00c9tape du Tour-t. 2022. j\u00falius 10-\u00e9n Instagram-sorsol\u00e1sunk n\u00e9gy szerencs\u00e9s nyertese \u00e1llt a rajtvonalhoz tov\u00e1bbi 16 000 ker\u00e9kp\u00e1ros mellett, akiknek legnagyobb \u00e1lmuk volt, hogy \u00edzel\u00edt\u0151t kapjanak a Tour-\u00e9lm\u00e9nyb\u0151l, ugyanazon az \u00fatvonalon, ahol nem sokkal k\u00e9s\u0151bb a profik k\u00fczd\u00f6ttek. Milyen \u00e9rz\u00e9s lehet a ker\u00e9kp\u00e1rsport-t\u00f6rt\u00e9nelem r\u00e9sz\u00e9v\u00e9 v\u00e1lni?\" \/>\n<meta property=\"og:url\" content=\"https:\/\/www.welovecycling.com\/hu\/orszaguti-kerekpar\/2022-letape-du-tour-hirhedt-es-hires-emelkedok-a-forron-tuzo-nap-alatt\/\" \/>\n<meta property=\"og:site_name\" content=\"\u0160koda We Love Cycling - Magyarorsz\u00e1g\" \/>\n<meta property=\"article:publisher\" content=\"https:\/\/www.facebook.com\/WeLoveCyclingHungary\/\" \/>\n<meta property=\"article:published_time\" content=\"2022-07-26T06:00:05+00:00\" \/>\n<meta property=\"og:image\" content=\"https:\/\/d2p6e6u75xmxt8.cloudfront.net\/12\/2022\/07\/SKODA-LEtape-CVR.jpg\" \/>\n\t<meta property=\"og:image:width\" content=\"990\" \/>\n\t<meta property=\"og:image:height\" content=\"660\" \/>\n\t<meta property=\"og:image:type\" content=\"image\/jpeg\" \/>\n<meta name=\"author\" content=\"hegyizs\" \/>\n<meta name=\"twitter:card\" content=\"summary_large_image\" \/>\n<meta name=\"twitter:label1\" content=\"Written by\" \/>\n\t<meta name=\"twitter:data1\" content=\"We Love Cycling\" \/>\n\t<meta name=\"twitter:label2\" content=\"Est. reading time\" \/>\n\t<meta name=\"twitter:data2\" content=\"5\" \/>\n<script type=\"application\/ld+json\" class=\"yoast-schema-graph\">{\"@context\":\"https:\/\/schema.org\",\"@graph\":[{\"@type\":\"WebPage\",\"@id\":\"https:\/\/www.welovecycling.com\/hu\/orszaguti-kerekpar\/2022-letape-du-tour-hirhedt-es-hires-emelkedok-a-forron-tuzo-nap-alatt\/\",\"url\":\"https:\/\/www.welovecycling.com\/hu\/orszaguti-kerekpar\/2022-letape-du-tour-hirhedt-es-hires-emelkedok-a-forron-tuzo-nap-alatt\/\",\"name\":\"2022 L\u2019\u00c9tape du Tour: h\u00edrhedt \u00e9s h\u00edres emelked\u0151k, a forr\u00f3n t\u0171z\u0151 nap alatt\",\"isPartOf\":{\"@id\":\"https:\/\/www.welovecycling.com\/hu\/#website\"},\"primaryImageOfPage\":{\"@id\":\"https:\/\/www.welovecycling.com\/hu\/orszaguti-kerekpar\/2022-letape-du-tour-hirhedt-es-hires-emelkedok-a-forron-tuzo-nap-alatt\/#primaryimage\"},\"image\":{\"@id\":\"https:\/\/www.welovecycling.com\/hu\/orszaguti-kerekpar\/2022-letape-du-tour-hirhedt-es-hires-emelkedok-a-forron-tuzo-nap-alatt\/#primaryimage\"},\"thumbnailUrl\":\"https:\/\/d2p6e6u75xmxt8.cloudfront.net\/12\/2022\/07\/SKODA-LEtape-CVR.jpg\",\"datePublished\":\"2022-07-26T06:00:05+00:00\",\"author\":{\"@id\":\"https:\/\/www.welovecycling.com\/hu\/#\/schema\/person\/414a2aebf1801691a5320edb6468e194\"},\"description\":\"Id\u00e9n 30. alkalommal rendezt\u00e9k meg a vil\u00e1g legrangosabb amat\u0151r orsz\u00e1g\u00fati verseny\u00e9t, a L\u2019\u00c9tape du Tour-t. 2022. j\u00falius 10-\u00e9n Instagram-sorsol\u00e1sunk n\u00e9gy szerencs\u00e9s nyertese \u00e1llt a rajtvonalhoz tov\u00e1bbi 16 000 ker\u00e9kp\u00e1ros mellett, akiknek legnagyobb \u00e1lmuk volt, hogy \u00edzel\u00edt\u0151t kapjanak a Tour-\u00e9lm\u00e9nyb\u0151l, ugyanazon az \u00fatvonalon, ahol nem sokkal k\u00e9s\u0151bb a profik k\u00fczd\u00f6ttek. Milyen \u00e9rz\u00e9s lehet a ker\u00e9kp\u00e1rsport-t\u00f6rt\u00e9nelem r\u00e9sz\u00e9v\u00e9 v\u00e1lni?\",\"breadcrumb\":{\"@id\":\"https:\/\/www.welovecycling.com\/hu\/orszaguti-kerekpar\/2022-letape-du-tour-hirhedt-es-hires-emelkedok-a-forron-tuzo-nap-alatt\/#breadcrumb\"},\"inLanguage\":\"hu\",\"potentialAction\":[{\"@type\":\"ReadAction\",\"target\":[\"https:\/\/www.welovecycling.com\/hu\/orszaguti-kerekpar\/2022-letape-du-tour-hirhedt-es-hires-emelkedok-a-forron-tuzo-nap-alatt\/\"]}]},{\"@type\":\"ImageObject\",\"inLanguage\":\"hu\",\"@id\":\"https:\/\/www.welovecycling.com\/hu\/orszaguti-kerekpar\/2022-letape-du-tour-hirhedt-es-hires-emelkedok-a-forron-tuzo-nap-alatt\/#primaryimage\",\"url\":\"https:\/\/d2p6e6u75xmxt8.cloudfront.net\/12\/2022\/07\/SKODA-LEtape-CVR.jpg\",\"contentUrl\":\"https:\/\/d2p6e6u75xmxt8.cloudfront.net\/12\/2022\/07\/SKODA-LEtape-CVR.jpg\",\"width\":990,\"height\":660,\"caption\":\"L'Etape\"},{\"@type\":\"BreadcrumbList\",\"@id\":\"https:\/\/www.welovecycling.com\/hu\/orszaguti-kerekpar\/2022-letape-du-tour-hirhedt-es-hires-emelkedok-a-forron-tuzo-nap-alatt\/#breadcrumb\",\"itemListElement\":[{\"@type\":\"ListItem\",\"position\":1,\"name\":\"Home\",\"item\":\"https:\/\/www.welovecycling.com\/hu\/\"},{\"@type\":\"ListItem\",\"position\":2,\"name\":\"2022 L\u2019\u00c9tape du Tour: h\u00edrhedt \u00e9s h\u00edres emelked\u0151k, a forr\u00f3n t\u0171z\u0151 nap alatt\"}]},{\"@type\":\"WebSite\",\"@id\":\"https:\/\/www.welovecycling.com\/hu\/#website\",\"url\":\"https:\/\/www.welovecycling.com\/hu\/\",\"name\":\"\u0160koda We Love Cycling - Magyarorsz\u00e1g\",\"description\":\"\u0160koda WeLoveCycling\",\"potentialAction\":[{\"@type\":\"SearchAction\",\"target\":{\"@type\":\"EntryPoint\",\"urlTemplate\":\"https:\/\/www.welovecycling.com\/hu\/?s={search_term_string}\"},\"query-input\":{\"@type\":\"PropertyValueSpecification\",\"valueRequired\":true,\"valueName\":\"search_term_string\"}}],\"inLanguage\":\"hu\"},{\"@type\":\"Person\",\"@id\":\"https:\/\/www.welovecycling.com\/hu\/#\/schema\/person\/414a2aebf1801691a5320edb6468e194\",\"name\":\"hegyizs\",\"image\":{\"@type\":\"ImageObject\",\"inLanguage\":\"hu\",\"@id\":\"https:\/\/www.welovecycling.com\/hu\/#\/schema\/person\/image\/\",\"url\":\"https:\/\/secure.gravatar.com\/avatar\/02cf8a7906b8cf90cecb4679defac7cfd33a1c2e3b88e4903d947f3bb58eedd3?s=96&d=mm&r=g\",\"contentUrl\":\"https:\/\/secure.gravatar.com\/avatar\/02cf8a7906b8cf90cecb4679defac7cfd33a1c2e3b88e4903d947f3bb58eedd3?s=96&d=mm&r=g\",\"caption\":\"hegyizs\"},\"url\":\"https:\/\/www.welovecycling.com\/hu\/author\/hegyizs\/\"}]}<\/script>\n<!-- \/ Yoast SEO Premium plugin. -->","yoast_head_json":{"title":"2022 L\u2019\u00c9tape du Tour: h\u00edrhedt \u00e9s h\u00edres emelked\u0151k, a forr\u00f3n t\u0171z\u0151 nap alatt","description":"Id\u00e9n 30. alkalommal rendezt\u00e9k meg a vil\u00e1g legrangosabb amat\u0151r orsz\u00e1g\u00fati verseny\u00e9t, a L\u2019\u00c9tape du Tour-t. 2022. j\u00falius 10-\u00e9n Instagram-sorsol\u00e1sunk n\u00e9gy szerencs\u00e9s nyertese \u00e1llt a rajtvonalhoz tov\u00e1bbi 16 000 ker\u00e9kp\u00e1ros mellett, akiknek legnagyobb \u00e1lmuk volt, hogy \u00edzel\u00edt\u0151t kapjanak a Tour-\u00e9lm\u00e9nyb\u0151l, ugyanazon az \u00fatvonalon, ahol nem sokkal k\u00e9s\u0151bb a profik k\u00fczd\u00f6ttek. Milyen \u00e9rz\u00e9s lehet a ker\u00e9kp\u00e1rsport-t\u00f6rt\u00e9nelem r\u00e9sz\u00e9v\u00e9 v\u00e1lni?","robots":{"index":"index","follow":"follow","max-snippet":"max-snippet:-1","max-image-preview":"max-image-preview:large","max-video-preview":"max-video-preview:-1"},"canonical":"https:\/\/www.welovecycling.com\/hu\/orszaguti-kerekpar\/2022-letape-du-tour-hirhedt-es-hires-emelkedok-a-forron-tuzo-nap-alatt\/","og_locale":"hu_HU","og_type":"article","og_title":"2022 L\u2019\u00c9tape du Tour: h\u00edrhedt \u00e9s h\u00edres emelked\u0151k, a forr\u00f3n t\u0171z\u0151 nap alatt","og_description":"Id\u00e9n 30. alkalommal rendezt\u00e9k meg a vil\u00e1g legrangosabb amat\u0151r orsz\u00e1g\u00fati verseny\u00e9t, a L\u2019\u00c9tape du Tour-t. 2022. j\u00falius 10-\u00e9n Instagram-sorsol\u00e1sunk n\u00e9gy szerencs\u00e9s nyertese \u00e1llt a rajtvonalhoz tov\u00e1bbi 16 000 ker\u00e9kp\u00e1ros mellett, akiknek legnagyobb \u00e1lmuk volt, hogy \u00edzel\u00edt\u0151t kapjanak a Tour-\u00e9lm\u00e9nyb\u0151l, ugyanazon az \u00fatvonalon, ahol nem sokkal k\u00e9s\u0151bb a profik k\u00fczd\u00f6ttek. Milyen \u00e9rz\u00e9s lehet a ker\u00e9kp\u00e1rsport-t\u00f6rt\u00e9nelem r\u00e9sz\u00e9v\u00e9 v\u00e1lni?","og_url":"https:\/\/www.welovecycling.com\/hu\/orszaguti-kerekpar\/2022-letape-du-tour-hirhedt-es-hires-emelkedok-a-forron-tuzo-nap-alatt\/","og_site_name":"\u0160koda We Love Cycling - Magyarorsz\u00e1g","article_publisher":"https:\/\/www.facebook.com\/WeLoveCyclingHungary\/","article_published_time":"2022-07-26T06:00:05+00:00","og_image":[{"width":990,"height":660,"url":"https:\/\/d2p6e6u75xmxt8.cloudfront.net\/12\/2022\/07\/SKODA-LEtape-CVR.jpg","type":"image\/jpeg"}],"author":"hegyizs","twitter_card":"summary_large_image","twitter_misc":{"Written by":"We Love Cycling","Est. reading time":"5"},"schema":{"@context":"https:\/\/schema.org","@graph":[{"@type":"WebPage","@id":"https:\/\/www.welovecycling.com\/hu\/orszaguti-kerekpar\/2022-letape-du-tour-hirhedt-es-hires-emelkedok-a-forron-tuzo-nap-alatt\/","url":"https:\/\/www.welovecycling.com\/hu\/orszaguti-kerekpar\/2022-letape-du-tour-hirhedt-es-hires-emelkedok-a-forron-tuzo-nap-alatt\/","name":"2022 L\u2019\u00c9tape du Tour: h\u00edrhedt \u00e9s h\u00edres emelked\u0151k, a forr\u00f3n t\u0171z\u0151 nap alatt","isPartOf":{"@id":"https:\/\/www.welovecycling.com\/hu\/#website"},"primaryImageOfPage":{"@id":"https:\/\/www.welovecycling.com\/hu\/orszaguti-kerekpar\/2022-letape-du-tour-hirhedt-es-hires-emelkedok-a-forron-tuzo-nap-alatt\/#primaryimage"},"image":{"@id":"https:\/\/www.welovecycling.com\/hu\/orszaguti-kerekpar\/2022-letape-du-tour-hirhedt-es-hires-emelkedok-a-forron-tuzo-nap-alatt\/#primaryimage"},"thumbnailUrl":"https:\/\/d2p6e6u75xmxt8.cloudfront.net\/12\/2022\/07\/SKODA-LEtape-CVR.jpg","datePublished":"2022-07-26T06:00:05+00:00","author":{"@id":"https:\/\/www.welovecycling.com\/hu\/#\/schema\/person\/414a2aebf1801691a5320edb6468e194"},"description":"Id\u00e9n 30. alkalommal rendezt\u00e9k meg a vil\u00e1g legrangosabb amat\u0151r orsz\u00e1g\u00fati verseny\u00e9t, a L\u2019\u00c9tape du Tour-t. 2022. j\u00falius 10-\u00e9n Instagram-sorsol\u00e1sunk n\u00e9gy szerencs\u00e9s nyertese \u00e1llt a rajtvonalhoz tov\u00e1bbi 16 000 ker\u00e9kp\u00e1ros mellett, akiknek legnagyobb \u00e1lmuk volt, hogy \u00edzel\u00edt\u0151t kapjanak a Tour-\u00e9lm\u00e9nyb\u0151l, ugyanazon az \u00fatvonalon, ahol nem sokkal k\u00e9s\u0151bb a profik k\u00fczd\u00f6ttek. Milyen \u00e9rz\u00e9s lehet a ker\u00e9kp\u00e1rsport-t\u00f6rt\u00e9nelem r\u00e9sz\u00e9v\u00e9 v\u00e1lni?","breadcrumb":{"@id":"https:\/\/www.welovecycling.com\/hu\/orszaguti-kerekpar\/2022-letape-du-tour-hirhedt-es-hires-emelkedok-a-forron-tuzo-nap-alatt\/#breadcrumb"},"inLanguage":"hu","potentialAction":[{"@type":"ReadAction","target":["https:\/\/www.welovecycling.com\/hu\/orszaguti-kerekpar\/2022-letape-du-tour-hirhedt-es-hires-emelkedok-a-forron-tuzo-nap-alatt\/"]}]},{"@type":"ImageObject","inLanguage":"hu","@id":"https:\/\/www.welovecycling.com\/hu\/orszaguti-kerekpar\/2022-letape-du-tour-hirhedt-es-hires-emelkedok-a-forron-tuzo-nap-alatt\/#primaryimage","url":"https:\/\/d2p6e6u75xmxt8.cloudfront.net\/12\/2022\/07\/SKODA-LEtape-CVR.jpg","contentUrl":"https:\/\/d2p6e6u75xmxt8.cloudfront.net\/12\/2022\/07\/SKODA-LEtape-CVR.jpg","width":990,"height":660,"caption":"L'Etape"},{"@type":"BreadcrumbList","@id":"https:\/\/www.welovecycling.com\/hu\/orszaguti-kerekpar\/2022-letape-du-tour-hirhedt-es-hires-emelkedok-a-forron-tuzo-nap-alatt\/#breadcrumb","itemListElement":[{"@type":"ListItem","position":1,"name":"Home","item":"https:\/\/www.welovecycling.com\/hu\/"},{"@type":"ListItem","position":2,"name":"2022 L\u2019\u00c9tape du Tour: h\u00edrhedt \u00e9s h\u00edres emelked\u0151k, a forr\u00f3n t\u0171z\u0151 nap alatt"}]},{"@type":"WebSite","@id":"https:\/\/www.welovecycling.com\/hu\/#website","url":"https:\/\/www.welovecycling.com\/hu\/","name":"\u0160koda We Love Cycling - Magyarorsz\u00e1g","description":"\u0160koda WeLoveCycling","potentialAction":[{"@type":"SearchAction","target":{"@type":"EntryPoint","urlTemplate":"https:\/\/www.welovecycling.com\/hu\/?s={search_term_string}"},"query-input":{"@type":"PropertyValueSpecification","valueRequired":true,"valueName":"search_term_string"}}],"inLanguage":"hu"},{"@type":"Person","@id":"https:\/\/www.welovecycling.com\/hu\/#\/schema\/person\/414a2aebf1801691a5320edb6468e194","name":"hegyizs","image":{"@type":"ImageObject","inLanguage":"hu","@id":"https:\/\/www.welovecycling.com\/hu\/#\/schema\/person\/image\/","url":"https:\/\/secure.gravatar.com\/avatar\/02cf8a7906b8cf90cecb4679defac7cfd33a1c2e3b88e4903d947f3bb58eedd3?s=96&d=mm&r=g","contentUrl":"https:\/\/secure.gravatar.com\/avatar\/02cf8a7906b8cf90cecb4679defac7cfd33a1c2e3b88e4903d947f3bb58eedd3?s=96&d=mm&r=g","caption":"hegyizs"},"url":"https:\/\/www.welovecycling.com\/hu\/author\/hegyizs\/"}]}},"_links":{"self":[{"href":"https:\/\/www.welovecycling.com\/hu\/wp-json\/wp\/v2\/posts\/15458","targetHints":{"allow":["GET"]}}],"collection":[{"href":"https:\/\/www.welovecycling.com\/hu\/wp-json\/wp\/v2\/posts"}],"about":[{"href":"https:\/\/www.welovecycling.com\/hu\/wp-json\/wp\/v2\/types\/post"}],"author":[{"embeddable":true,"href":"https:\/\/www.welovecycling.com\/hu\/wp-json\/wp\/v2\/users\/71"}],"replies":[{"embeddable":true,"href":"https:\/\/www.welovecycling.com\/hu\/wp-json\/wp\/v2\/comments?post=15458"}],"version-history":[{"count":2,"href":"https:\/\/www.welovecycling.com\/hu\/wp-json\/wp\/v2\/posts\/15458\/revisions"}],"predecessor-version":[{"id":15476,"href":"https:\/\/www.welovecycling.com\/hu\/wp-json\/wp\/v2\/posts\/15458\/revisions\/15476"}],"wp:featuredmedia":[{"embeddable":true,"href":"https:\/\/www.welovecycling.com\/hu\/wp-json\/wp\/v2\/media\/15462"}],"wp:attachment":[{"href":"https:\/\/www.welovecycling.com\/hu\/wp-json\/wp\/v2\/media?parent=15458"}],"wp:term":[{"taxonomy":"category","embeddable":true,"href":"https:\/\/www.welovecycling.com\/hu\/wp-json\/wp\/v2\/categories?post=15458"},{"taxonomy":"post_tag","embeddable":true,"href":"https:\/\/www.welovecycling.com\/hu\/wp-json\/wp\/v2\/tags?post=15458"},{"taxonomy":"global-categories","embeddable":true,"href":"https:\/\/www.welovecycling.com\/hu\/wp-json\/wp\/v2\/global-categories?post=15458"}],"curies":[{"name":"wp","href":"https:\/\/api.w.org\/{rel}","templated":true}]}}