{"id":15452,"date":"2022-08-03T08:00:09","date_gmt":"2022-08-03T06:00:09","guid":{"rendered":"https:\/\/www.welovecycling.com\/hu\/?p=15452"},"modified":"2022-07-27T15:30:16","modified_gmt":"2022-07-27T13:30:16","slug":"igy-eszik-a-jumbo-visma-ketonok","status":"publish","type":"post","link":"https:\/\/www.welovecycling.com\/hu\/edzes-es-eletmod\/igy-eszik-a-jumbo-visma-ketonok\/","title":{"rendered":"\u00cdgy eszik a Jumbo-Visma \u2013 Ketonok"},"content":{"rendered":"<p><strong>A Jumbo-Visma a t\u00f6k\u00e9letess\u00e9gre gy\u00far, ha a t\u00e1pl\u00e1lkoz\u00e1sr\u00f3l van sz\u00f3, ennek pedig nagyszer\u0171 p\u00e9ld\u00e1i a ketonok. Mik ezek \u00e9s milyen szerepet j\u00e1tszanak a csapat strat\u00e9gi\u00e1j\u00e1ban?<\/strong><\/p>\n<p><!--more--><\/p>\n<h2><strong>A keton-kieg\u00e9sz\u00edt\u0151k szerepe<\/strong><\/h2>\n<p>A szervezet akkor haszn\u00e1lja a ketonokat energiaforr\u00e1sk\u00e9nt, ha nem \u00e1ll rendelkez\u00e9sre gl\u00fck\u00f3z. A tested term\u00e9szetes m\u00f3don termel ketonokat, amikor koplalsz, alacsony sz\u00e9nhidr\u00e1ttartalm\u00fa \u00e9trendet eszel, vagy egy igaz\u00e1n hossz\u00fa ker\u00e9kp\u00e1roz\u00e1sra indulsz. A ketonok t\u00e1pl\u00e1l\u00e9kkieg\u00e9sz\u00edt\u0151 form\u00e1j\u00e1ban is bevihet\u0151k. Csak\u00fagy, ahogy te megiszol egy cukros gl\u00fck\u00f3zzal t\u00f6lt\u00f6tt energiaitalt, a Tour de France ker\u00e9kp\u00e1rosai k\u00f6z\u00fcl sokan ketontartalm\u00fa italokat haszn\u00e1lnak.<\/p>\n<p>A kutat\u00e1sok szerint a keton-kieg\u00e9sz\u00edt\u0151k val\u00f3ban n\u00f6velik a v\u00e9r ketonszintj\u00e9t, ezt a pluszt pedig a szervezet j\u00f3l tudja hasznos\u00edtani edz\u00e9s sor\u00e1n. Ha sz\u00e9nhidr\u00e1tokkal egy\u00fctt fogyasztj\u00e1k, a keton-kieg\u00e9sz\u00edt\u0151k a glikog\u00e9n-\u00fajraszint\u00e9zis jav\u00edt\u00e1s\u00e1val seg\u00edtik a regener\u00e1ci\u00f3t, ami k\u00fcl\u00f6n\u00f6sen fontos a Tour-on. Egyesek azt \u00e1ll\u00edtj\u00e1k, hogy ak\u00e1r az \u00e1ll\u00f3k\u00e9pess\u00e9gi teljes\u00edtm\u00e9nyt is jav\u00edthatj\u00e1k, de a kutat\u00e1sok ezt jelenleg nem t\u00e1masztj\u00e1k al\u00e1.<\/p>\n<figure id=\"attachment_15453\" aria-describedby=\"caption-attachment-15453\" style=\"width: 1250px\" class=\"wp-caption alignnone\"><a href=\"https:\/\/d2p6e6u75xmxt8.cloudfront.net\/12\/2022\/07\/Vingegaard-Energy-Gel-profimedia-0707857819.jpg\"><img loading=\"lazy\" decoding=\"async\" class=\"size-full wp-image-15453\" src=\"https:\/\/d2p6e6u75xmxt8.cloudfront.net\/12\/2022\/07\/Vingegaard-Energy-Gel-profimedia-0707857819.jpg\" alt=\"Jonas Vingegaard eating at the Tour\" width=\"1250\" height=\"793\" srcset=\"https:\/\/d2p6e6u75xmxt8.cloudfront.net\/12\/2022\/07\/Vingegaard-Energy-Gel-profimedia-0707857819.jpg 1250w, https:\/\/d2p6e6u75xmxt8.cloudfront.net\/12\/2022\/07\/Vingegaard-Energy-Gel-profimedia-0707857819-300x190.jpg 300w, https:\/\/d2p6e6u75xmxt8.cloudfront.net\/12\/2022\/07\/Vingegaard-Energy-Gel-profimedia-0707857819-1024x650.jpg 1024w, https:\/\/d2p6e6u75xmxt8.cloudfront.net\/12\/2022\/07\/Vingegaard-Energy-Gel-profimedia-0707857819-768x487.jpg 768w\" sizes=\"auto, (max-width: 1250px) 100vw, 1250px\" \/><\/a><figcaption id=\"caption-attachment-15453\" class=\"wp-caption-text\"><em>Vingegaard \u00e9s Wout Van Aert a 2022-es Tour 15. szakasz\u00e1nak kezdet\u00e9re v\u00e1r. \u00a9Profimedia<\/em><\/figcaption><\/figure>\n<h2><strong>A Jumbo-Visma az els\u0151k k\u00f6z\u00f6tt fogyaszt ketonokat<\/strong><\/h2>\n<p>2018-ban felr\u00f6ppentek az els\u0151 pletyk\u00e1k, hogy a Tour egyes csapatai ketonokat haszn\u00e1lnak. A Jumbo-Visma az els\u0151k k\u00f6z\u00f6tt er\u0151s\u00edtette meg, hogy igen, a ketonok a t\u00e1pl\u00e1lkoz\u00e1si strat\u00e9gi\u00e1juk r\u00e9sz\u00e9t k\u00e9pezik. \u00c9s \u00fagy t\u0171nik, bev\u00e1lt nekik a dolog, mert m\u00e9g most is ragaszkodnak hozz\u00e1. A 2020-as TdF sajt\u00f3t\u00e1j\u00e9koztat\u00f3j\u00e1n Primoz Rogli\u010d is meger\u0151s\u00edtette, b\u00e1r nem volt meggy\u0151z\u0151dve a hat\u00e1sair\u00f3l: <em>\u201eIgen, m\u00e9g mindig haszn\u00e1ljuk. Nagyon neh\u00e9z megmondani, mik a val\u00f3di hat\u00e1sai. Neh\u00e9z \u00e9rezni a k\u00fcl\u00f6nbs\u00e9get.\u201d<\/em><\/p>\n<h2><strong>Mi\u00e9rt j\u00f3k a ketonok?<\/strong><\/h2>\n<p>Asker Jeukendrup, a Jumbo-Visma t\u00e1pl\u00e1lkoz\u00e1si szak\u00e9rt\u0151je kifejtette, hogy a ketonok haszn\u00e1lat\u00e1t m\u00e9g nem alapozza megb\u00edzhat\u00f3 kutat\u00e1s, ink\u00e1bb csak gondolati szinten b\u00edznak j\u00f3t\u00e9kony hat\u00e1saiban.<\/p>\n<p><em>\u201eM\u00e9g k\u00eds\u00e9rleti jelleg\u0171 a ketonok haszn\u00e1lata, kev\u00e9s tanulm\u00e1nyra t\u00e1maszkodhatunk. PhD-munk\u00e1m sor\u00e1n k\u00f6zepes l\u00e1nc\u00fa trigliceridekkel k\u00eds\u00e9rleteztem (MCT) \u2013 ezek r\u00e9szben ketontestekk\u00e9 alakulnak. Bebizony\u00edtottuk, hogy az MCT-ket gyorsan fel tudja haszn\u00e1lni a szervezet \u00e9s j\u00f3 \u00fczemanyagot jelentenek. Felesleges azonban \u00fczemanyagokon gondolkodni, ameddig nincs a bevitel\u00fckre strat\u00e9gi\u00e1nk.\u201d<\/em><\/p>\n<p>\u00c9s pontosan ezt dolgozta ki a Jumbo-Visma. A kiv\u00e1l\u00f3an kidolgozott strat\u00e9giai alapokra \u00e9p\u00edtette r\u00e1 a ketonp\u00f3tl\u00e1st.<\/p>\n<h2><strong>A hat\u00e1rok kitol\u00e1s\u00e1hoz<\/strong><\/h2>\n<p>Grischa Niermann, a Jumbo-Visma sportigazgat\u00f3ja elmondta, hogy a keton-kieg\u00e9sz\u00edt\u0151k csak egy kis r\u00e9sz\u00e9t k\u00e9pezik a csapat \u00f6sszetett teljes\u00edtm\u00e9nyrejtv\u00e9ny\u00e9nek, nem csodatablett\u00e1k, ahogy azt sokan rem\u00e9lik.<\/p>\n<p><em>\u201eSokan azt hiszik, hogy a keton csodaszer, \u00e9s 20%-kal gyorsabb\u00e1 teszi az embert. Szerintem ez tot\u00e1lis baroms\u00e1g. Ha haszn\u00e1lod, elhiszed, hogy van valami hat\u00e1sa, de 100%-ig meg vagyok gy\u0151z\u0151dve arr\u00f3l, hogy nem csoda-kieg\u00e9sz\u00edt\u0151, amit\u0151l hatalmas k\u00fcl\u00f6nbs\u00e9geket \u00e9rzel majd.&#8221;<\/em><\/p>\n<p>A Jumbo-Visma a t\u00e1pl\u00e1lkoz\u00e1si rendj\u00e9t a <u>Foodcoach nev\u0171 alkalmaz\u00e1s<\/u> k\u00f6r\u00e9 \u00f6sszpontos\u00edtja, amit g\u00e9pi tanul\u00e1s vez\u00e9rel. Ez biztos\u00edtja, hogy minden versenyz\u0151 eset\u00e9ben megfelel\u0151ek legyenek az alapok. A gl\u00fck\u00f3zmonitorok haszn\u00e1lat\u00e1val, valamint a ketonok bevezet\u00e9s\u00e9vel igazi \u00fatt\u00f6r\u0151k lettek. Apr\u00f3 fejleszt\u00e9sekben gondolkodnak, melyek \u00f6sszead\u00f3dva eljuttatj\u00e1k \u0151ket a sikerhez \u2013 ahogy ezt a Team Sky is tette.<\/p>\n<p><em>\u201eEbbe a strat\u00e9gi\u00e1ba sok minden m\u00e1s is beletartozik, k\u00fcl\u00f6n\u00f6sen a Foodcoach alkalmaz\u00e1sunk, mely seg\u00edts\u00e9g\u00e9vel mindent m\u00e9r\u00fcnk \u00e9s pontosan kisz\u00e1m\u00edtjuk, mennyit fogyasztanak a versenyz\u0151ink, \u00e9s miket kell enni\u00fck, hogy b\u00edrj\u00e1k a versenyt. A keton a teljes regener\u00e1ci\u00f3s terv egyik kis darabja. Vannak, akikn\u00e9l t\u00f6bbet seg\u00edtenek, m\u00e1sokn\u00e1l kevesebbet. Az eg\u00e9sz kirak\u00f3st j\u00f3l kell \u00f6sszerakni ahhoz, hogy b\u00e1rmilyen el\u0151nyt jelentsen\u201d<\/em> \u2013 magyar\u00e1zta Niermann.<\/p>\n","protected":false},"excerpt":{"rendered":"<p>A Jumbo-Visma a t\u00f6k\u00e9letess\u00e9gre gy\u00far, ha a t\u00e1pl\u00e1lkoz\u00e1sr\u00f3l van sz\u00f3, ennek pedig nagyszer\u0171 p\u00e9ld\u00e1i a ketonok. Mik ezek \u00e9s milyen [&hellip;]<\/p>\n","protected":false},"author":71,"featured_media":15455,"comment_status":"open","ping_status":"open","sticky":false,"template":"","format":"standard","meta":{"footnotes":""},"categories":[6],"tags":[],"global-categories":[],"class_list":["post-15452","post","type-post","status-publish","format-standard","has-post-thumbnail","hentry","category-edzes-es-eletmod"],"yoast_head":"<!-- This site is optimized with the Yoast SEO Premium plugin v25.3 (Yoast SEO v25.9) - https:\/\/yoast.com\/wordpress\/plugins\/seo\/ -->\n<title>\u00cdgy eszik a Jumbo-Visma \u2013 Ketonok<\/title>\n<meta name=\"description\" content=\"A Jumbo-Visma a t\u00f6k\u00e9letess\u00e9gre gy\u00far, ha a t\u00e1pl\u00e1lkoz\u00e1sr\u00f3l van sz\u00f3, ennek pedig nagyszer\u0171 p\u00e9ld\u00e1i a ketonok. Mik ezek \u00e9s milyen szerepet j\u00e1tszanak a csapat strat\u00e9gi\u00e1j\u00e1ban?\" \/>\n<meta name=\"robots\" content=\"index, follow, max-snippet:-1, max-image-preview:large, max-video-preview:-1\" \/>\n<link rel=\"canonical\" href=\"https:\/\/www.welovecycling.com\/hu\/edzes-es-eletmod\/igy-eszik-a-jumbo-visma-ketonok\/\" \/>\n<meta property=\"og:locale\" content=\"hu_HU\" \/>\n<meta property=\"og:type\" content=\"article\" \/>\n<meta property=\"og:title\" content=\"\u00cdgy eszik a Jumbo-Visma \u2013 Ketonok\" \/>\n<meta property=\"og:description\" content=\"A Jumbo-Visma a t\u00f6k\u00e9letess\u00e9gre gy\u00far, ha a t\u00e1pl\u00e1lkoz\u00e1sr\u00f3l van sz\u00f3, ennek pedig nagyszer\u0171 p\u00e9ld\u00e1i a ketonok. Mik ezek \u00e9s milyen szerepet j\u00e1tszanak a csapat strat\u00e9gi\u00e1j\u00e1ban?\" \/>\n<meta property=\"og:url\" content=\"https:\/\/www.welovecycling.com\/hu\/edzes-es-eletmod\/igy-eszik-a-jumbo-visma-ketonok\/\" \/>\n<meta property=\"og:site_name\" content=\"\u0160koda We Love Cycling - Magyarorsz\u00e1g\" \/>\n<meta property=\"article:publisher\" content=\"https:\/\/www.facebook.com\/WeLoveCyclingHungary\/\" \/>\n<meta property=\"article:published_time\" content=\"2022-08-03T06:00:09+00:00\" \/>\n<meta property=\"og:image\" content=\"https:\/\/d2p6e6u75xmxt8.cloudfront.net\/12\/2022\/07\/Jonas-Vingegaard-Drinking-profimedia-0707868846-CVR.jpg\" \/>\n\t<meta property=\"og:image:width\" content=\"990\" \/>\n\t<meta property=\"og:image:height\" content=\"660\" \/>\n\t<meta property=\"og:image:type\" content=\"image\/jpeg\" \/>\n<meta name=\"author\" content=\"hegyizs\" \/>\n<meta name=\"twitter:card\" content=\"summary_large_image\" \/>\n<meta name=\"twitter:label1\" content=\"Written by\" \/>\n\t<meta name=\"twitter:data1\" content=\"Jiri Kaloc\" \/>\n\t<meta name=\"twitter:label2\" content=\"Est. reading time\" \/>\n\t<meta name=\"twitter:data2\" content=\"5\" \/>\n<script type=\"application\/ld+json\" class=\"yoast-schema-graph\">{\"@context\":\"https:\/\/schema.org\",\"@graph\":[{\"@type\":\"WebPage\",\"@id\":\"https:\/\/www.welovecycling.com\/hu\/edzes-es-eletmod\/igy-eszik-a-jumbo-visma-ketonok\/\",\"url\":\"https:\/\/www.welovecycling.com\/hu\/edzes-es-eletmod\/igy-eszik-a-jumbo-visma-ketonok\/\",\"name\":\"\u00cdgy eszik a Jumbo-Visma \u2013 Ketonok\",\"isPartOf\":{\"@id\":\"https:\/\/www.welovecycling.com\/hu\/#website\"},\"primaryImageOfPage\":{\"@id\":\"https:\/\/www.welovecycling.com\/hu\/edzes-es-eletmod\/igy-eszik-a-jumbo-visma-ketonok\/#primaryimage\"},\"image\":{\"@id\":\"https:\/\/www.welovecycling.com\/hu\/edzes-es-eletmod\/igy-eszik-a-jumbo-visma-ketonok\/#primaryimage\"},\"thumbnailUrl\":\"https:\/\/d2p6e6u75xmxt8.cloudfront.net\/12\/2022\/07\/Jonas-Vingegaard-Drinking-profimedia-0707868846-CVR.jpg\",\"datePublished\":\"2022-08-03T06:00:09+00:00\",\"author\":{\"@id\":\"https:\/\/www.welovecycling.com\/hu\/#\/schema\/person\/414a2aebf1801691a5320edb6468e194\"},\"description\":\"A Jumbo-Visma a t\u00f6k\u00e9letess\u00e9gre gy\u00far, ha a t\u00e1pl\u00e1lkoz\u00e1sr\u00f3l van sz\u00f3, ennek pedig nagyszer\u0171 p\u00e9ld\u00e1i a ketonok. Mik ezek \u00e9s milyen szerepet j\u00e1tszanak a csapat strat\u00e9gi\u00e1j\u00e1ban?\",\"breadcrumb\":{\"@id\":\"https:\/\/www.welovecycling.com\/hu\/edzes-es-eletmod\/igy-eszik-a-jumbo-visma-ketonok\/#breadcrumb\"},\"inLanguage\":\"hu\",\"potentialAction\":[{\"@type\":\"ReadAction\",\"target\":[\"https:\/\/www.welovecycling.com\/hu\/edzes-es-eletmod\/igy-eszik-a-jumbo-visma-ketonok\/\"]}]},{\"@type\":\"ImageObject\",\"inLanguage\":\"hu\",\"@id\":\"https:\/\/www.welovecycling.com\/hu\/edzes-es-eletmod\/igy-eszik-a-jumbo-visma-ketonok\/#primaryimage\",\"url\":\"https:\/\/d2p6e6u75xmxt8.cloudfront.net\/12\/2022\/07\/Jonas-Vingegaard-Drinking-profimedia-0707868846-CVR.jpg\",\"contentUrl\":\"https:\/\/d2p6e6u75xmxt8.cloudfront.net\/12\/2022\/07\/Jonas-Vingegaard-Drinking-profimedia-0707868846-CVR.jpg\",\"width\":990,\"height\":660,\"caption\":\"Vingegaard drinking\"},{\"@type\":\"BreadcrumbList\",\"@id\":\"https:\/\/www.welovecycling.com\/hu\/edzes-es-eletmod\/igy-eszik-a-jumbo-visma-ketonok\/#breadcrumb\",\"itemListElement\":[{\"@type\":\"ListItem\",\"position\":1,\"name\":\"Home\",\"item\":\"https:\/\/www.welovecycling.com\/hu\/\"},{\"@type\":\"ListItem\",\"position\":2,\"name\":\"\u00cdgy eszik a Jumbo-Visma \u2013 Ketonok\"}]},{\"@type\":\"WebSite\",\"@id\":\"https:\/\/www.welovecycling.com\/hu\/#website\",\"url\":\"https:\/\/www.welovecycling.com\/hu\/\",\"name\":\"\u0160koda We Love Cycling - Magyarorsz\u00e1g\",\"description\":\"\u0160koda WeLoveCycling\",\"potentialAction\":[{\"@type\":\"SearchAction\",\"target\":{\"@type\":\"EntryPoint\",\"urlTemplate\":\"https:\/\/www.welovecycling.com\/hu\/?s={search_term_string}\"},\"query-input\":{\"@type\":\"PropertyValueSpecification\",\"valueRequired\":true,\"valueName\":\"search_term_string\"}}],\"inLanguage\":\"hu\"},{\"@type\":\"Person\",\"@id\":\"https:\/\/www.welovecycling.com\/hu\/#\/schema\/person\/414a2aebf1801691a5320edb6468e194\",\"name\":\"hegyizs\",\"image\":{\"@type\":\"ImageObject\",\"inLanguage\":\"hu\",\"@id\":\"https:\/\/www.welovecycling.com\/hu\/#\/schema\/person\/image\/\",\"url\":\"https:\/\/secure.gravatar.com\/avatar\/02cf8a7906b8cf90cecb4679defac7cfd33a1c2e3b88e4903d947f3bb58eedd3?s=96&d=mm&r=g\",\"contentUrl\":\"https:\/\/secure.gravatar.com\/avatar\/02cf8a7906b8cf90cecb4679defac7cfd33a1c2e3b88e4903d947f3bb58eedd3?s=96&d=mm&r=g\",\"caption\":\"hegyizs\"},\"url\":\"https:\/\/www.welovecycling.com\/hu\/author\/hegyizs\/\"}]}<\/script>\n<!-- \/ Yoast SEO Premium plugin. -->","yoast_head_json":{"title":"\u00cdgy eszik a Jumbo-Visma \u2013 Ketonok","description":"A Jumbo-Visma a t\u00f6k\u00e9letess\u00e9gre gy\u00far, ha a t\u00e1pl\u00e1lkoz\u00e1sr\u00f3l van sz\u00f3, ennek pedig nagyszer\u0171 p\u00e9ld\u00e1i a ketonok. Mik ezek \u00e9s milyen szerepet j\u00e1tszanak a csapat strat\u00e9gi\u00e1j\u00e1ban?","robots":{"index":"index","follow":"follow","max-snippet":"max-snippet:-1","max-image-preview":"max-image-preview:large","max-video-preview":"max-video-preview:-1"},"canonical":"https:\/\/www.welovecycling.com\/hu\/edzes-es-eletmod\/igy-eszik-a-jumbo-visma-ketonok\/","og_locale":"hu_HU","og_type":"article","og_title":"\u00cdgy eszik a Jumbo-Visma \u2013 Ketonok","og_description":"A Jumbo-Visma a t\u00f6k\u00e9letess\u00e9gre gy\u00far, ha a t\u00e1pl\u00e1lkoz\u00e1sr\u00f3l van sz\u00f3, ennek pedig nagyszer\u0171 p\u00e9ld\u00e1i a ketonok. Mik ezek \u00e9s milyen szerepet j\u00e1tszanak a csapat strat\u00e9gi\u00e1j\u00e1ban?","og_url":"https:\/\/www.welovecycling.com\/hu\/edzes-es-eletmod\/igy-eszik-a-jumbo-visma-ketonok\/","og_site_name":"\u0160koda We Love Cycling - Magyarorsz\u00e1g","article_publisher":"https:\/\/www.facebook.com\/WeLoveCyclingHungary\/","article_published_time":"2022-08-03T06:00:09+00:00","og_image":[{"width":990,"height":660,"url":"https:\/\/d2p6e6u75xmxt8.cloudfront.net\/12\/2022\/07\/Jonas-Vingegaard-Drinking-profimedia-0707868846-CVR.jpg","type":"image\/jpeg"}],"author":"hegyizs","twitter_card":"summary_large_image","twitter_misc":{"Written by":"Jiri Kaloc","Est. reading time":"5"},"schema":{"@context":"https:\/\/schema.org","@graph":[{"@type":"WebPage","@id":"https:\/\/www.welovecycling.com\/hu\/edzes-es-eletmod\/igy-eszik-a-jumbo-visma-ketonok\/","url":"https:\/\/www.welovecycling.com\/hu\/edzes-es-eletmod\/igy-eszik-a-jumbo-visma-ketonok\/","name":"\u00cdgy eszik a Jumbo-Visma \u2013 Ketonok","isPartOf":{"@id":"https:\/\/www.welovecycling.com\/hu\/#website"},"primaryImageOfPage":{"@id":"https:\/\/www.welovecycling.com\/hu\/edzes-es-eletmod\/igy-eszik-a-jumbo-visma-ketonok\/#primaryimage"},"image":{"@id":"https:\/\/www.welovecycling.com\/hu\/edzes-es-eletmod\/igy-eszik-a-jumbo-visma-ketonok\/#primaryimage"},"thumbnailUrl":"https:\/\/d2p6e6u75xmxt8.cloudfront.net\/12\/2022\/07\/Jonas-Vingegaard-Drinking-profimedia-0707868846-CVR.jpg","datePublished":"2022-08-03T06:00:09+00:00","author":{"@id":"https:\/\/www.welovecycling.com\/hu\/#\/schema\/person\/414a2aebf1801691a5320edb6468e194"},"description":"A Jumbo-Visma a t\u00f6k\u00e9letess\u00e9gre gy\u00far, ha a t\u00e1pl\u00e1lkoz\u00e1sr\u00f3l van sz\u00f3, ennek pedig nagyszer\u0171 p\u00e9ld\u00e1i a ketonok. Mik ezek \u00e9s milyen szerepet j\u00e1tszanak a csapat strat\u00e9gi\u00e1j\u00e1ban?","breadcrumb":{"@id":"https:\/\/www.welovecycling.com\/hu\/edzes-es-eletmod\/igy-eszik-a-jumbo-visma-ketonok\/#breadcrumb"},"inLanguage":"hu","potentialAction":[{"@type":"ReadAction","target":["https:\/\/www.welovecycling.com\/hu\/edzes-es-eletmod\/igy-eszik-a-jumbo-visma-ketonok\/"]}]},{"@type":"ImageObject","inLanguage":"hu","@id":"https:\/\/www.welovecycling.com\/hu\/edzes-es-eletmod\/igy-eszik-a-jumbo-visma-ketonok\/#primaryimage","url":"https:\/\/d2p6e6u75xmxt8.cloudfront.net\/12\/2022\/07\/Jonas-Vingegaard-Drinking-profimedia-0707868846-CVR.jpg","contentUrl":"https:\/\/d2p6e6u75xmxt8.cloudfront.net\/12\/2022\/07\/Jonas-Vingegaard-Drinking-profimedia-0707868846-CVR.jpg","width":990,"height":660,"caption":"Vingegaard drinking"},{"@type":"BreadcrumbList","@id":"https:\/\/www.welovecycling.com\/hu\/edzes-es-eletmod\/igy-eszik-a-jumbo-visma-ketonok\/#breadcrumb","itemListElement":[{"@type":"ListItem","position":1,"name":"Home","item":"https:\/\/www.welovecycling.com\/hu\/"},{"@type":"ListItem","position":2,"name":"\u00cdgy eszik a Jumbo-Visma \u2013 Ketonok"}]},{"@type":"WebSite","@id":"https:\/\/www.welovecycling.com\/hu\/#website","url":"https:\/\/www.welovecycling.com\/hu\/","name":"\u0160koda We Love Cycling - Magyarorsz\u00e1g","description":"\u0160koda WeLoveCycling","potentialAction":[{"@type":"SearchAction","target":{"@type":"EntryPoint","urlTemplate":"https:\/\/www.welovecycling.com\/hu\/?s={search_term_string}"},"query-input":{"@type":"PropertyValueSpecification","valueRequired":true,"valueName":"search_term_string"}}],"inLanguage":"hu"},{"@type":"Person","@id":"https:\/\/www.welovecycling.com\/hu\/#\/schema\/person\/414a2aebf1801691a5320edb6468e194","name":"hegyizs","image":{"@type":"ImageObject","inLanguage":"hu","@id":"https:\/\/www.welovecycling.com\/hu\/#\/schema\/person\/image\/","url":"https:\/\/secure.gravatar.com\/avatar\/02cf8a7906b8cf90cecb4679defac7cfd33a1c2e3b88e4903d947f3bb58eedd3?s=96&d=mm&r=g","contentUrl":"https:\/\/secure.gravatar.com\/avatar\/02cf8a7906b8cf90cecb4679defac7cfd33a1c2e3b88e4903d947f3bb58eedd3?s=96&d=mm&r=g","caption":"hegyizs"},"url":"https:\/\/www.welovecycling.com\/hu\/author\/hegyizs\/"}]}},"_links":{"self":[{"href":"https:\/\/www.welovecycling.com\/hu\/wp-json\/wp\/v2\/posts\/15452","targetHints":{"allow":["GET"]}}],"collection":[{"href":"https:\/\/www.welovecycling.com\/hu\/wp-json\/wp\/v2\/posts"}],"about":[{"href":"https:\/\/www.welovecycling.com\/hu\/wp-json\/wp\/v2\/types\/post"}],"author":[{"embeddable":true,"href":"https:\/\/www.welovecycling.com\/hu\/wp-json\/wp\/v2\/users\/71"}],"replies":[{"embeddable":true,"href":"https:\/\/www.welovecycling.com\/hu\/wp-json\/wp\/v2\/comments?post=15452"}],"version-history":[{"count":2,"href":"https:\/\/www.welovecycling.com\/hu\/wp-json\/wp\/v2\/posts\/15452\/revisions"}],"predecessor-version":[{"id":15510,"href":"https:\/\/www.welovecycling.com\/hu\/wp-json\/wp\/v2\/posts\/15452\/revisions\/15510"}],"wp:featuredmedia":[{"embeddable":true,"href":"https:\/\/www.welovecycling.com\/hu\/wp-json\/wp\/v2\/media\/15455"}],"wp:attachment":[{"href":"https:\/\/www.welovecycling.com\/hu\/wp-json\/wp\/v2\/media?parent=15452"}],"wp:term":[{"taxonomy":"category","embeddable":true,"href":"https:\/\/www.welovecycling.com\/hu\/wp-json\/wp\/v2\/categories?post=15452"},{"taxonomy":"post_tag","embeddable":true,"href":"https:\/\/www.welovecycling.com\/hu\/wp-json\/wp\/v2\/tags?post=15452"},{"taxonomy":"global-categories","embeddable":true,"href":"https:\/\/www.welovecycling.com\/hu\/wp-json\/wp\/v2\/global-categories?post=15452"}],"curies":[{"name":"wp","href":"https:\/\/api.w.org\/{rel}","templated":true}]}}