{"id":15449,"date":"2022-08-01T08:00:27","date_gmt":"2022-08-01T06:00:27","guid":{"rendered":"https:\/\/www.welovecycling.com\/hu\/?p=15449"},"modified":"2022-08-02T09:16:07","modified_gmt":"2022-08-02T07:16:07","slug":"a-leggyakoribb-hibak-gyerekbiciklik-beallitasakor","status":"publish","type":"post","link":"https:\/\/www.welovecycling.com\/hu\/csalad\/a-leggyakoribb-hibak-gyerekbiciklik-beallitasakor\/","title":{"rendered":"A leggyakoribb hib\u00e1k gyerekbiciklik be\u00e1ll\u00edt\u00e1sakor"},"content":{"rendered":"<p><strong>K\u00e9szen \u00e1ll gyermeked a k\u00f6z\u00f6s ker\u00e9kp\u00e1ros kalandokra? Nem csak a megfelel\u0151 m\u00e9ret kiv\u00e1laszt\u00e1sa nagyon fontos \u00faj bicikli v\u00e1s\u00e1rl\u00e1sakor, hanem az is, hogyan \u00e1ll\u00edtjuk be a j\u00e1rg\u00e1nyt. Egy j\u00f3l felszerelt ker\u00e9kp\u00e1r lehet\u0151v\u00e9 teszi, hogy a legkisebbek is gyorsan \u00e9s sokkal k\u00f6nnyebben megtanuljanak \u00e9s megszeressenek tekerni. Richard Gasperotti mes\u00e9l a leggyakoribb hib\u00e1kr\u00f3l, amiket elk\u00f6vetnek a sz\u00fcl\u0151k, amikor \u00faj bring\u00e1t vesznek gyerek\u00fcknek.<\/strong><\/p>\n<p><!--more--><\/p>\n<h2><strong>1. Rossz m\u00e9retet v\u00e1lasztanak<\/strong><\/h2>\n<p>Nem lehet el\u00e9gg\u00e9 hangs\u00falyozni, mennyire gyakori hiba a nem megfelel\u0151 m\u00e9ret\u0171 bringa kiv\u00e1laszt\u00e1sa. Tudjuk, hogy a sz\u00fcl\u0151k szeretn\u00e9nek kicsit sp\u00f3rolni, ez\u00e9rt eggyel nagyobbat vesznek, hogy m\u00e9g n\u00e9h\u00e1ny \u00e9vig ne kelljen lecser\u00e9lni, ennek a d\u00f6nt\u00e9snek azonban van p\u00e1r el\u00e9g negat\u00edv k\u00f6vetkezm\u00e9nye. Egy t\u00fal nagy bring\u00e1t neh\u00e9z ir\u00e1ny\u00edtani \u00e9s hajtani is, ez pedig lehet, hogy elveszi a kicsik kedv\u00e9t a teker\u00e9st\u0151l.c<\/p>\n<h2><strong>2. Al\u00e1becs\u00fclik az \u00fcl\u00e9smagass\u00e1got<\/strong><\/h2>\n<p>Hajlamosak vagyunk alacsonyabbra \u00e1ll\u00edtani az \u00fcl\u00e9st a kellet\u00e9n\u00e9l, hogy gyermek\u00fcnk magabiztosabban le tudja tenni a l\u00e1b\u00e1t \u00e9s ne kelljen f\u00e9lnie att\u00f3l, hogy feld\u0151l. Ez azonban nem j\u00f3 megk\u00f6zel\u00edt\u00e9s. Ha az \u00fcl\u00e9s t\u00fal alacsony, k\u00e9nyelmetlen lesz tekerni a ped\u00e1lokat \u00e9s romlik az egyens\u00faly is. Ahhoz, hogy meg\u00e1llap\u00edtsd a megfelel\u0151 magass\u00e1got, \u00fcltesd a gyereket a nyeregbe \u00e9s d\u00f6ntsd 15 fokkal oldalra a ker\u00e9kp\u00e1rt. Ezen a ponton kell le\u00e9rnie a teljes talp\u00e1nak.<\/p>\n<figure id=\"attachment_12756\" aria-describedby=\"caption-attachment-12756\" style=\"width: 1000px\" class=\"wp-caption alignnone\"><a href=\"https:\/\/d2p6e6u75xmxt8.cloudfront.net\/12\/2021\/10\/Kid-on-a-bike-profimedia-0636986791.jpg\"><img loading=\"lazy\" decoding=\"async\" class=\"wp-image-12756 size-full\" src=\"https:\/\/d2p6e6u75xmxt8.cloudfront.net\/12\/2021\/10\/Kid-on-a-bike-profimedia-0636986791.jpg\" alt=\"A child on a bike\" width=\"1000\" height=\"668\" srcset=\"https:\/\/d2p6e6u75xmxt8.cloudfront.net\/12\/2021\/10\/Kid-on-a-bike-profimedia-0636986791.jpg 1000w, https:\/\/d2p6e6u75xmxt8.cloudfront.net\/12\/2021\/10\/Kid-on-a-bike-profimedia-0636986791-300x200.jpg 300w, https:\/\/d2p6e6u75xmxt8.cloudfront.net\/12\/2021\/10\/Kid-on-a-bike-profimedia-0636986791-768x513.jpg 768w, https:\/\/d2p6e6u75xmxt8.cloudfront.net\/12\/2021\/10\/Kid-on-a-bike-profimedia-0636986791-272x182.jpg 272w\" sizes=\"auto, (max-width: 1000px) 100vw, 1000px\" \/><\/a><figcaption id=\"caption-attachment-12756\" class=\"wp-caption-text\">\u00c1ll\u00edtsd be j\u00f3l gyermeked els\u0151 ker\u00e9kp\u00e1rj\u00e1t, hogy \u00e9lvezze a teker\u00e9st! \u00a9 Profimedia<\/figcaption><\/figure>\n<h2><strong>3. A korm\u00e1ny be\u00e1ll\u00edt\u00e1sa<\/strong><\/h2>\n<p>A t\u00f6k\u00e9letesen be\u00e1ll\u00edtott korm\u00e1ny a kulcsa a ker\u00e9kp\u00e1r ir\u00e1ny\u00edt\u00e1s\u00e1nak. N\u00e9ha a gyerekeknek t\u00fal vastag a markolat, \u00edgy nem tudj\u00e1k stabilan fogni. Mi sem k\u00f6nnyebb, mint lecser\u00e9lni egy v\u00e9konyabbra!<\/p>\n<h2><strong>4. Rossz guminyom\u00e1s<\/strong><\/h2>\n<p>Mivel a gyerekek s\u00falya kisebb, mint a feln\u0151ttek\u00e9, kisebb guminyom\u00e1sra lesz sz\u00fcks\u00e9g. A kev\u00e9sb\u00e9 kem\u00e9nyre f\u00fajt ker\u00e9k jobban tapad \u00e9s seg\u00edt a kicsiknek egyens\u00falyozni. A feln\u0151tt ker\u00e9kp\u00e1rok eset\u00e9ben 2,5 bar nyom\u00e1st javaslunk, a gyerekek\u00e9n\u00e9l viszont el\u00e9g a 0,7-1,1 bar.<\/p>\n<h2><strong>5. A f\u00e9kkarok be\u00e1ll\u00edt\u00e1sa<\/strong><\/h2>\n<p>Fontos, hogy a gyerekek k\u00e9nyelmesen el\u00e9rj\u00e9k a f\u00e9kkarokat! Akkor a leghat\u00e9konyabb a f\u00e9ker\u0151, ha a mutat\u00f3ujjukkal a karok v\u00e9g\u00e9t be tudj\u00e1k h\u00fazni. Legyen el\u00e9g t\u00e1vols\u00e1g a korm\u00e1nyt tart\u00f3 ujjak \u00e9s a f\u00e9kkar k\u00f6z\u00f6tt, hogy ne nyom\u00f3djanak \u00f6ssze!<\/p>\n<h2><strong>6. Rossz cip\u0151v\u00e1laszt\u00e1s<\/strong><\/h2>\n<p>A ped\u00e1lok a ker\u00e9kp\u00e1r vez\u00e9rl\u00e9s\u00e9\u00e9rt felel\u0151s \u00f6t \u00e9rintkez\u00e9si pont k\u00f6z\u00fcl kett\u0151t jelentenek, \u00edgy \u00e9rthet\u0151, hogy a megfelel\u0151 \u00e9rintkez\u00e9st biztos\u00edt\u00f3 l\u00e1bbelik mennyire sokat sz\u00e1m\u00edtanak. A lapos \u00e9s cs\u00fasz\u00e1smentes talp hozz\u00e1j\u00e1rul a jobb koordin\u00e1ci\u00f3hoz \u00e9s a helyes l\u00e1btart\u00e1s kialakul\u00e1s\u00e1hoz. Ne felejtsd el, hogy a l\u00e1bfejek mindig el\u0151re mutassanak teker\u00e9s k\u00f6zben!<\/p>\n<h2><strong>7. B\u00e9lelt ker\u00e9kp\u00e1ros nadr\u00e1g<\/strong><\/h2>\n<p>Ami nek\u00fcnk kellemes, az a gyerekeknek is! A puha \u00fcl\u00e9sr\u0151l \u00e9s a k\u00e9nyelmes utaz\u00e1sr\u00f3l a nadr\u00e1gb\u00e9l\u00e9s gondoskodik, ami m\u00e1r gyerekm\u00e9retben is rengeteg helyen el\u00e9rhet\u0151.<\/p>\n","protected":false},"excerpt":{"rendered":"<p>K\u00e9szen \u00e1ll gyermeked a k\u00f6z\u00f6s ker\u00e9kp\u00e1ros kalandokra? Nem csak a megfelel\u0151 m\u00e9ret kiv\u00e1laszt\u00e1sa nagyon fontos \u00faj bicikli v\u00e1s\u00e1rl\u00e1sakor, hanem az [&hellip;]<\/p>\n","protected":false},"author":71,"featured_media":15451,"comment_status":"open","ping_status":"open","sticky":false,"template":"","format":"standard","meta":{"footnotes":""},"categories":[11],"tags":[],"global-categories":[],"class_list":["post-15449","post","type-post","status-publish","format-standard","has-post-thumbnail","hentry","category-csalad"],"yoast_head":"<!-- This site is optimized with the Yoast SEO Premium plugin v25.3 (Yoast SEO v25.9) - https:\/\/yoast.com\/wordpress\/plugins\/seo\/ -->\n<title>A leggyakoribb hib\u00e1k gyerekbiciklik be\u00e1ll\u00edt\u00e1sakor<\/title>\n<meta name=\"description\" content=\"K\u00e9szen \u00e1ll gyermeked a k\u00f6z\u00f6s ker\u00e9kp\u00e1ros kalandokra? Nem csak a megfelel\u0151 m\u00e9ret kiv\u00e1laszt\u00e1sa nagyon fontos \u00faj bicikli v\u00e1s\u00e1rl\u00e1sakor, hanem az is, hogyan \u00e1ll\u00edtjuk be a j\u00e1rg\u00e1nyt. Egy j\u00f3l felszerelt ker\u00e9kp\u00e1r lehet\u0151v\u00e9 teszi, hogy a legkisebbek is gyorsan \u00e9s sokkal k\u00f6nnyebben megtanuljanak \u00e9s megszeressenek tekerni. Richard Gasperotti mes\u00e9l a leggyakoribb hib\u00e1kr\u00f3l, amiket elk\u00f6vetnek a sz\u00fcl\u0151k, amikor \u00faj bring\u00e1t vesznek gyerek\u00fcknek.\" \/>\n<meta name=\"robots\" content=\"index, follow, max-snippet:-1, max-image-preview:large, max-video-preview:-1\" \/>\n<link rel=\"canonical\" href=\"https:\/\/www.welovecycling.com\/hu\/csalad\/a-leggyakoribb-hibak-gyerekbiciklik-beallitasakor\/\" \/>\n<meta property=\"og:locale\" content=\"hu_HU\" \/>\n<meta property=\"og:type\" content=\"article\" \/>\n<meta property=\"og:title\" content=\"A leggyakoribb hib\u00e1k gyerekbiciklik be\u00e1ll\u00edt\u00e1sakor\" \/>\n<meta property=\"og:description\" content=\"K\u00e9szen \u00e1ll gyermeked a k\u00f6z\u00f6s ker\u00e9kp\u00e1ros kalandokra? Nem csak a megfelel\u0151 m\u00e9ret kiv\u00e1laszt\u00e1sa nagyon fontos \u00faj bicikli v\u00e1s\u00e1rl\u00e1sakor, hanem az is, hogyan \u00e1ll\u00edtjuk be a j\u00e1rg\u00e1nyt. Egy j\u00f3l felszerelt ker\u00e9kp\u00e1r lehet\u0151v\u00e9 teszi, hogy a legkisebbek is gyorsan \u00e9s sokkal k\u00f6nnyebben megtanuljanak \u00e9s megszeressenek tekerni. Richard Gasperotti mes\u00e9l a leggyakoribb hib\u00e1kr\u00f3l, amiket elk\u00f6vetnek a sz\u00fcl\u0151k, amikor \u00faj bring\u00e1t vesznek gyerek\u00fcknek.\" \/>\n<meta property=\"og:url\" content=\"https:\/\/www.welovecycling.com\/hu\/csalad\/a-leggyakoribb-hibak-gyerekbiciklik-beallitasakor\/\" \/>\n<meta property=\"og:site_name\" content=\"\u0160koda We Love Cycling - Magyarorsz\u00e1g\" \/>\n<meta property=\"article:publisher\" content=\"https:\/\/www.facebook.com\/WeLoveCyclingHungary\/\" \/>\n<meta property=\"article:published_time\" content=\"2022-08-01T06:00:27+00:00\" \/>\n<meta property=\"article:modified_time\" content=\"2022-08-02T07:16:07+00:00\" \/>\n<meta property=\"og:image\" content=\"https:\/\/d2p6e6u75xmxt8.cloudfront.net\/12\/2022\/07\/Kids-Bicycles-profimedia-0453178389-CVR.jpg\" \/>\n\t<meta property=\"og:image:width\" content=\"990\" \/>\n\t<meta property=\"og:image:height\" content=\"660\" \/>\n\t<meta property=\"og:image:type\" content=\"image\/jpeg\" \/>\n<meta name=\"author\" content=\"hegyizs\" \/>\n<meta name=\"twitter:card\" content=\"summary_large_image\" \/>\n<meta name=\"twitter:label1\" content=\"Written by\" \/>\n\t<meta name=\"twitter:data1\" content=\"Adam Marsal\" \/>\n\t<meta name=\"twitter:label2\" content=\"Est. reading time\" \/>\n\t<meta name=\"twitter:data2\" content=\"5\" \/>\n<script type=\"application\/ld+json\" class=\"yoast-schema-graph\">{\"@context\":\"https:\/\/schema.org\",\"@graph\":[{\"@type\":\"WebPage\",\"@id\":\"https:\/\/www.welovecycling.com\/hu\/csalad\/a-leggyakoribb-hibak-gyerekbiciklik-beallitasakor\/\",\"url\":\"https:\/\/www.welovecycling.com\/hu\/csalad\/a-leggyakoribb-hibak-gyerekbiciklik-beallitasakor\/\",\"name\":\"A leggyakoribb hib\u00e1k gyerekbiciklik be\u00e1ll\u00edt\u00e1sakor\",\"isPartOf\":{\"@id\":\"https:\/\/www.welovecycling.com\/hu\/#website\"},\"primaryImageOfPage\":{\"@id\":\"https:\/\/www.welovecycling.com\/hu\/csalad\/a-leggyakoribb-hibak-gyerekbiciklik-beallitasakor\/#primaryimage\"},\"image\":{\"@id\":\"https:\/\/www.welovecycling.com\/hu\/csalad\/a-leggyakoribb-hibak-gyerekbiciklik-beallitasakor\/#primaryimage\"},\"thumbnailUrl\":\"https:\/\/d2p6e6u75xmxt8.cloudfront.net\/12\/2022\/07\/Kids-Bicycles-profimedia-0453178389-CVR.jpg\",\"datePublished\":\"2022-08-01T06:00:27+00:00\",\"dateModified\":\"2022-08-02T07:16:07+00:00\",\"author\":{\"@id\":\"https:\/\/www.welovecycling.com\/hu\/#\/schema\/person\/414a2aebf1801691a5320edb6468e194\"},\"description\":\"K\u00e9szen \u00e1ll gyermeked a k\u00f6z\u00f6s ker\u00e9kp\u00e1ros kalandokra? Nem csak a megfelel\u0151 m\u00e9ret kiv\u00e1laszt\u00e1sa nagyon fontos \u00faj bicikli v\u00e1s\u00e1rl\u00e1sakor, hanem az is, hogyan \u00e1ll\u00edtjuk be a j\u00e1rg\u00e1nyt. Egy j\u00f3l felszerelt ker\u00e9kp\u00e1r lehet\u0151v\u00e9 teszi, hogy a legkisebbek is gyorsan \u00e9s sokkal k\u00f6nnyebben megtanuljanak \u00e9s megszeressenek tekerni. Richard Gasperotti mes\u00e9l a leggyakoribb hib\u00e1kr\u00f3l, amiket elk\u00f6vetnek a sz\u00fcl\u0151k, amikor \u00faj bring\u00e1t vesznek gyerek\u00fcknek.\",\"breadcrumb\":{\"@id\":\"https:\/\/www.welovecycling.com\/hu\/csalad\/a-leggyakoribb-hibak-gyerekbiciklik-beallitasakor\/#breadcrumb\"},\"inLanguage\":\"hu\",\"potentialAction\":[{\"@type\":\"ReadAction\",\"target\":[\"https:\/\/www.welovecycling.com\/hu\/csalad\/a-leggyakoribb-hibak-gyerekbiciklik-beallitasakor\/\"]}]},{\"@type\":\"ImageObject\",\"inLanguage\":\"hu\",\"@id\":\"https:\/\/www.welovecycling.com\/hu\/csalad\/a-leggyakoribb-hibak-gyerekbiciklik-beallitasakor\/#primaryimage\",\"url\":\"https:\/\/d2p6e6u75xmxt8.cloudfront.net\/12\/2022\/07\/Kids-Bicycles-profimedia-0453178389-CVR.jpg\",\"contentUrl\":\"https:\/\/d2p6e6u75xmxt8.cloudfront.net\/12\/2022\/07\/Kids-Bicycles-profimedia-0453178389-CVR.jpg\",\"width\":990,\"height\":660,\"caption\":\"Children's Bicycles\"},{\"@type\":\"BreadcrumbList\",\"@id\":\"https:\/\/www.welovecycling.com\/hu\/csalad\/a-leggyakoribb-hibak-gyerekbiciklik-beallitasakor\/#breadcrumb\",\"itemListElement\":[{\"@type\":\"ListItem\",\"position\":1,\"name\":\"Home\",\"item\":\"https:\/\/www.welovecycling.com\/hu\/\"},{\"@type\":\"ListItem\",\"position\":2,\"name\":\"A leggyakoribb hib\u00e1k gyerekbiciklik be\u00e1ll\u00edt\u00e1sakor\"}]},{\"@type\":\"WebSite\",\"@id\":\"https:\/\/www.welovecycling.com\/hu\/#website\",\"url\":\"https:\/\/www.welovecycling.com\/hu\/\",\"name\":\"\u0160koda We Love Cycling - Magyarorsz\u00e1g\",\"description\":\"\u0160koda WeLoveCycling\",\"potentialAction\":[{\"@type\":\"SearchAction\",\"target\":{\"@type\":\"EntryPoint\",\"urlTemplate\":\"https:\/\/www.welovecycling.com\/hu\/?s={search_term_string}\"},\"query-input\":{\"@type\":\"PropertyValueSpecification\",\"valueRequired\":true,\"valueName\":\"search_term_string\"}}],\"inLanguage\":\"hu\"},{\"@type\":\"Person\",\"@id\":\"https:\/\/www.welovecycling.com\/hu\/#\/schema\/person\/414a2aebf1801691a5320edb6468e194\",\"name\":\"hegyizs\",\"image\":{\"@type\":\"ImageObject\",\"inLanguage\":\"hu\",\"@id\":\"https:\/\/www.welovecycling.com\/hu\/#\/schema\/person\/image\/\",\"url\":\"https:\/\/secure.gravatar.com\/avatar\/02cf8a7906b8cf90cecb4679defac7cfd33a1c2e3b88e4903d947f3bb58eedd3?s=96&d=mm&r=g\",\"contentUrl\":\"https:\/\/secure.gravatar.com\/avatar\/02cf8a7906b8cf90cecb4679defac7cfd33a1c2e3b88e4903d947f3bb58eedd3?s=96&d=mm&r=g\",\"caption\":\"hegyizs\"},\"url\":\"https:\/\/www.welovecycling.com\/hu\/author\/hegyizs\/\"}]}<\/script>\n<!-- \/ Yoast SEO Premium plugin. -->","yoast_head_json":{"title":"A leggyakoribb hib\u00e1k gyerekbiciklik be\u00e1ll\u00edt\u00e1sakor","description":"K\u00e9szen \u00e1ll gyermeked a k\u00f6z\u00f6s ker\u00e9kp\u00e1ros kalandokra? Nem csak a megfelel\u0151 m\u00e9ret kiv\u00e1laszt\u00e1sa nagyon fontos \u00faj bicikli v\u00e1s\u00e1rl\u00e1sakor, hanem az is, hogyan \u00e1ll\u00edtjuk be a j\u00e1rg\u00e1nyt. Egy j\u00f3l felszerelt ker\u00e9kp\u00e1r lehet\u0151v\u00e9 teszi, hogy a legkisebbek is gyorsan \u00e9s sokkal k\u00f6nnyebben megtanuljanak \u00e9s megszeressenek tekerni. Richard Gasperotti mes\u00e9l a leggyakoribb hib\u00e1kr\u00f3l, amiket elk\u00f6vetnek a sz\u00fcl\u0151k, amikor \u00faj bring\u00e1t vesznek gyerek\u00fcknek.","robots":{"index":"index","follow":"follow","max-snippet":"max-snippet:-1","max-image-preview":"max-image-preview:large","max-video-preview":"max-video-preview:-1"},"canonical":"https:\/\/www.welovecycling.com\/hu\/csalad\/a-leggyakoribb-hibak-gyerekbiciklik-beallitasakor\/","og_locale":"hu_HU","og_type":"article","og_title":"A leggyakoribb hib\u00e1k gyerekbiciklik be\u00e1ll\u00edt\u00e1sakor","og_description":"K\u00e9szen \u00e1ll gyermeked a k\u00f6z\u00f6s ker\u00e9kp\u00e1ros kalandokra? Nem csak a megfelel\u0151 m\u00e9ret kiv\u00e1laszt\u00e1sa nagyon fontos \u00faj bicikli v\u00e1s\u00e1rl\u00e1sakor, hanem az is, hogyan \u00e1ll\u00edtjuk be a j\u00e1rg\u00e1nyt. Egy j\u00f3l felszerelt ker\u00e9kp\u00e1r lehet\u0151v\u00e9 teszi, hogy a legkisebbek is gyorsan \u00e9s sokkal k\u00f6nnyebben megtanuljanak \u00e9s megszeressenek tekerni. Richard Gasperotti mes\u00e9l a leggyakoribb hib\u00e1kr\u00f3l, amiket elk\u00f6vetnek a sz\u00fcl\u0151k, amikor \u00faj bring\u00e1t vesznek gyerek\u00fcknek.","og_url":"https:\/\/www.welovecycling.com\/hu\/csalad\/a-leggyakoribb-hibak-gyerekbiciklik-beallitasakor\/","og_site_name":"\u0160koda We Love Cycling - Magyarorsz\u00e1g","article_publisher":"https:\/\/www.facebook.com\/WeLoveCyclingHungary\/","article_published_time":"2022-08-01T06:00:27+00:00","article_modified_time":"2022-08-02T07:16:07+00:00","og_image":[{"width":990,"height":660,"url":"https:\/\/d2p6e6u75xmxt8.cloudfront.net\/12\/2022\/07\/Kids-Bicycles-profimedia-0453178389-CVR.jpg","type":"image\/jpeg"}],"author":"hegyizs","twitter_card":"summary_large_image","twitter_misc":{"Written by":"Adam Marsal","Est. reading time":"5"},"schema":{"@context":"https:\/\/schema.org","@graph":[{"@type":"WebPage","@id":"https:\/\/www.welovecycling.com\/hu\/csalad\/a-leggyakoribb-hibak-gyerekbiciklik-beallitasakor\/","url":"https:\/\/www.welovecycling.com\/hu\/csalad\/a-leggyakoribb-hibak-gyerekbiciklik-beallitasakor\/","name":"A leggyakoribb hib\u00e1k gyerekbiciklik be\u00e1ll\u00edt\u00e1sakor","isPartOf":{"@id":"https:\/\/www.welovecycling.com\/hu\/#website"},"primaryImageOfPage":{"@id":"https:\/\/www.welovecycling.com\/hu\/csalad\/a-leggyakoribb-hibak-gyerekbiciklik-beallitasakor\/#primaryimage"},"image":{"@id":"https:\/\/www.welovecycling.com\/hu\/csalad\/a-leggyakoribb-hibak-gyerekbiciklik-beallitasakor\/#primaryimage"},"thumbnailUrl":"https:\/\/d2p6e6u75xmxt8.cloudfront.net\/12\/2022\/07\/Kids-Bicycles-profimedia-0453178389-CVR.jpg","datePublished":"2022-08-01T06:00:27+00:00","dateModified":"2022-08-02T07:16:07+00:00","author":{"@id":"https:\/\/www.welovecycling.com\/hu\/#\/schema\/person\/414a2aebf1801691a5320edb6468e194"},"description":"K\u00e9szen \u00e1ll gyermeked a k\u00f6z\u00f6s ker\u00e9kp\u00e1ros kalandokra? Nem csak a megfelel\u0151 m\u00e9ret kiv\u00e1laszt\u00e1sa nagyon fontos \u00faj bicikli v\u00e1s\u00e1rl\u00e1sakor, hanem az is, hogyan \u00e1ll\u00edtjuk be a j\u00e1rg\u00e1nyt. Egy j\u00f3l felszerelt ker\u00e9kp\u00e1r lehet\u0151v\u00e9 teszi, hogy a legkisebbek is gyorsan \u00e9s sokkal k\u00f6nnyebben megtanuljanak \u00e9s megszeressenek tekerni. Richard Gasperotti mes\u00e9l a leggyakoribb hib\u00e1kr\u00f3l, amiket elk\u00f6vetnek a sz\u00fcl\u0151k, amikor \u00faj bring\u00e1t vesznek gyerek\u00fcknek.","breadcrumb":{"@id":"https:\/\/www.welovecycling.com\/hu\/csalad\/a-leggyakoribb-hibak-gyerekbiciklik-beallitasakor\/#breadcrumb"},"inLanguage":"hu","potentialAction":[{"@type":"ReadAction","target":["https:\/\/www.welovecycling.com\/hu\/csalad\/a-leggyakoribb-hibak-gyerekbiciklik-beallitasakor\/"]}]},{"@type":"ImageObject","inLanguage":"hu","@id":"https:\/\/www.welovecycling.com\/hu\/csalad\/a-leggyakoribb-hibak-gyerekbiciklik-beallitasakor\/#primaryimage","url":"https:\/\/d2p6e6u75xmxt8.cloudfront.net\/12\/2022\/07\/Kids-Bicycles-profimedia-0453178389-CVR.jpg","contentUrl":"https:\/\/d2p6e6u75xmxt8.cloudfront.net\/12\/2022\/07\/Kids-Bicycles-profimedia-0453178389-CVR.jpg","width":990,"height":660,"caption":"Children's Bicycles"},{"@type":"BreadcrumbList","@id":"https:\/\/www.welovecycling.com\/hu\/csalad\/a-leggyakoribb-hibak-gyerekbiciklik-beallitasakor\/#breadcrumb","itemListElement":[{"@type":"ListItem","position":1,"name":"Home","item":"https:\/\/www.welovecycling.com\/hu\/"},{"@type":"ListItem","position":2,"name":"A leggyakoribb hib\u00e1k gyerekbiciklik be\u00e1ll\u00edt\u00e1sakor"}]},{"@type":"WebSite","@id":"https:\/\/www.welovecycling.com\/hu\/#website","url":"https:\/\/www.welovecycling.com\/hu\/","name":"\u0160koda We Love Cycling - Magyarorsz\u00e1g","description":"\u0160koda WeLoveCycling","potentialAction":[{"@type":"SearchAction","target":{"@type":"EntryPoint","urlTemplate":"https:\/\/www.welovecycling.com\/hu\/?s={search_term_string}"},"query-input":{"@type":"PropertyValueSpecification","valueRequired":true,"valueName":"search_term_string"}}],"inLanguage":"hu"},{"@type":"Person","@id":"https:\/\/www.welovecycling.com\/hu\/#\/schema\/person\/414a2aebf1801691a5320edb6468e194","name":"hegyizs","image":{"@type":"ImageObject","inLanguage":"hu","@id":"https:\/\/www.welovecycling.com\/hu\/#\/schema\/person\/image\/","url":"https:\/\/secure.gravatar.com\/avatar\/02cf8a7906b8cf90cecb4679defac7cfd33a1c2e3b88e4903d947f3bb58eedd3?s=96&d=mm&r=g","contentUrl":"https:\/\/secure.gravatar.com\/avatar\/02cf8a7906b8cf90cecb4679defac7cfd33a1c2e3b88e4903d947f3bb58eedd3?s=96&d=mm&r=g","caption":"hegyizs"},"url":"https:\/\/www.welovecycling.com\/hu\/author\/hegyizs\/"}]}},"_links":{"self":[{"href":"https:\/\/www.welovecycling.com\/hu\/wp-json\/wp\/v2\/posts\/15449","targetHints":{"allow":["GET"]}}],"collection":[{"href":"https:\/\/www.welovecycling.com\/hu\/wp-json\/wp\/v2\/posts"}],"about":[{"href":"https:\/\/www.welovecycling.com\/hu\/wp-json\/wp\/v2\/types\/post"}],"author":[{"embeddable":true,"href":"https:\/\/www.welovecycling.com\/hu\/wp-json\/wp\/v2\/users\/71"}],"replies":[{"embeddable":true,"href":"https:\/\/www.welovecycling.com\/hu\/wp-json\/wp\/v2\/comments?post=15449"}],"version-history":[{"count":2,"href":"https:\/\/www.welovecycling.com\/hu\/wp-json\/wp\/v2\/posts\/15449\/revisions"}],"predecessor-version":[{"id":15532,"href":"https:\/\/www.welovecycling.com\/hu\/wp-json\/wp\/v2\/posts\/15449\/revisions\/15532"}],"wp:featuredmedia":[{"embeddable":true,"href":"https:\/\/www.welovecycling.com\/hu\/wp-json\/wp\/v2\/media\/15451"}],"wp:attachment":[{"href":"https:\/\/www.welovecycling.com\/hu\/wp-json\/wp\/v2\/media?parent=15449"}],"wp:term":[{"taxonomy":"category","embeddable":true,"href":"https:\/\/www.welovecycling.com\/hu\/wp-json\/wp\/v2\/categories?post=15449"},{"taxonomy":"post_tag","embeddable":true,"href":"https:\/\/www.welovecycling.com\/hu\/wp-json\/wp\/v2\/tags?post=15449"},{"taxonomy":"global-categories","embeddable":true,"href":"https:\/\/www.welovecycling.com\/hu\/wp-json\/wp\/v2\/global-categories?post=15449"}],"curies":[{"name":"wp","href":"https:\/\/api.w.org\/{rel}","templated":true}]}}