{"id":15441,"date":"2022-07-22T09:29:32","date_gmt":"2022-07-22T07:29:32","guid":{"rendered":"https:\/\/www.welovecycling.com\/hu\/?p=15441"},"modified":"2022-07-22T09:29:32","modified_gmt":"2022-07-22T07:29:32","slug":"morkov-dramaja-es-jakobsen-kuzdelme-az-idovel-felemelo-fejezetek-a-tour-tikkaszto-poklabol","status":"publish","type":"post","link":"https:\/\/www.welovecycling.com\/hu\/orszaguti-kerekpar\/morkov-dramaja-es-jakobsen-kuzdelme-az-idovel-felemelo-fejezetek-a-tour-tikkaszto-poklabol\/","title":{"rendered":"M\u00f6rk\u00f6v dr\u00e1m\u00e1ja \u00e9s Jakobsen k\u00fczdelme az id\u0151vel: felemel\u0151 fejezetek a Tour tikkaszt\u00f3 pokl\u00e1b\u00f3l"},"content":{"rendered":"<p><strong>Az idei Tour de France sincs h\u00edj\u00e1n leny\u0171g\u00f6z\u0151 sportemberi teljes\u00edtm\u00e9nyeknek, dr\u00e1m\u00e1knak \u00e9s l\u00e9lekemel\u0151 pillanatoknak.<\/strong><!--more--><\/p>\n<p>Id\u00e9n a versenyz\u0151knek nem csak egym\u00e1ssal \u00e9s a brut\u00e1lis hegyekkel, de k\u00f6zben egy m\u00e9g kem\u00e9nyebb ellenf\u00e9llel is meg kell k\u00fczdeni\u00fck: az extr\u00e9m h\u0151s\u00e9ggel.<\/p>\n<p>H\u00e1rom h\u00e9ten \u00e1t napi 150-200 kilom\u00e9tereket teljes\u00edteni versenyk\u00f6r\u00fclm\u00e9nyek k\u00f6z\u00f6tt eleve emberfeletti. Id\u00e9n r\u00e1ad\u00e1sul a szokatlanul nagy meleg miatt nem egyszer 38-40 fokban kellett v\u00e9gigszenvednie a mez\u0151nynek a t\u00e1vokat, sokszor m\u00e9g a hegyekben sem volt kellemes a h\u0151m\u00e9rs\u00e9klet \u2013 a versenyz\u0151k szerint a t\u00f6bbi sport\u00e1gban ilyen extr\u00e9m k\u00f6r\u00fclm\u00e9nyek k\u00f6z\u00f6tt m\u00e1r lef\u00fajt\u00e1k volna a versenyt. (Arr\u00f3l, hogy a D\u00e9l-Franciaorsz\u00e1gban, a Pireneusok k\u00f6rny\u00e9k\u00e9n milyen emberpr\u00f3b\u00e1l\u00f3 melegek tudnak lenni ilyent\u00e1jt, Valter Attila is tudna mes\u00e9lni, aki az egy h\u00f3nappal kor\u00e1bbi okcit\u00e1n k\u00f6r\u00f6n kapott napsz\u00far\u00e1st, s adta fel v\u00e9g\u00fcl a versenyt a z\u00e1r\u00f3etapon. A magyar klasszis egy\u00e9bk\u00e9nt a h\u00e9ten Olaszorsz\u00e1gban edz\u0151t\u00e1borozott, ahol meg <a href=\"https:\/\/www.facebook.com\/permalink.php?story_fbid=1189087851887973&amp;id=200081904121911\">egy figyelmetlen motoros \u00fct\u00f6tte el<\/a>, szerencs\u00e9re nincs nagyobb baja).<\/p>\n<figure id=\"attachment_15442\" aria-describedby=\"caption-attachment-15442\" style=\"width: 1280px\" class=\"wp-caption alignnone\"><a href=\"https:\/\/d2p6e6u75xmxt8.cloudfront.net\/12\/2022\/07\/995b8f44bb4a3568a85cba1528cd0baaf14aa86c.jpg\"><img loading=\"lazy\" decoding=\"async\" class=\"size-full wp-image-15442\" src=\"https:\/\/d2p6e6u75xmxt8.cloudfront.net\/12\/2022\/07\/995b8f44bb4a3568a85cba1528cd0baaf14aa86c.jpg\" alt=\"\" width=\"1280\" height=\"720\" srcset=\"https:\/\/d2p6e6u75xmxt8.cloudfront.net\/12\/2022\/07\/995b8f44bb4a3568a85cba1528cd0baaf14aa86c.jpg 1280w, https:\/\/d2p6e6u75xmxt8.cloudfront.net\/12\/2022\/07\/995b8f44bb4a3568a85cba1528cd0baaf14aa86c-300x169.jpg 300w, https:\/\/d2p6e6u75xmxt8.cloudfront.net\/12\/2022\/07\/995b8f44bb4a3568a85cba1528cd0baaf14aa86c-1024x576.jpg 1024w, https:\/\/d2p6e6u75xmxt8.cloudfront.net\/12\/2022\/07\/995b8f44bb4a3568a85cba1528cd0baaf14aa86c-768x432.jpg 768w\" sizes=\"auto, (max-width: 1280px) 100vw, 1280px\" \/><\/a><figcaption id=\"caption-attachment-15442\" class=\"wp-caption-text\">Brut\u00e1lis a h\u0151s\u00e9g az idei Touron (fot\u00f3: Anne-Christine Poujoulat\/AFP)<\/figcaption><\/figure>\n<p>De tudn\u00e1nak mes\u00e9lni a Quick-Step versenyz\u0151i is.<\/p>\n<p>Az idei Tour egyik tragikus h\u0151se p\u00e9ld\u00e1ul mindenk\u00e9ppen Michael M\u00f6rk\u00f6v, aki alapesetben a vil\u00e1g egyik, ha nem a legjobb felvezet\u0151emberek\u00e9nt jeleskedik \u2013 oroszl\u00e1nr\u00e9sze volt Mark Cavendish tavalyi par\u00e1d\u00e9j\u00e1ban \u00e9s Eddy Merckx rekordj\u00e1nak kiegyenl\u00edt\u00e9s\u00e9ben is \u2013, most azonban eg\u00e9szen m\u00e1s miatt ker\u00fclt a figyelem k\u00f6z\u00e9ppontj\u00e1ba. A 15. etap az idei verseny holtversenyben m\u00e1sodik lehosszabb szakasza volt a maga 202.5 kilom\u00e9ter\u00e9vel, v\u00e9gig 40 fok k\u00f6r\u00fcli h\u0151s\u00e9ggel. Itt ker\u00fclt bajba a der\u00e9k d\u00e1n, amikor m\u00e1r a t\u00e1v elej\u00e9n elvesztette a kontaktot a f\u0151mez\u0151nnyel, visszamaradt, \u00e9s innent\u0151l egyed\u00fcl kellett megk\u00fczdenie az elemekkel. M\u00f6rk\u00f6v v\u00e9g\u00fcl \u00edgy is megcsin\u00e1lta: emberfeletti munk\u00e1val, az izzaszt\u00f3 melegben t\u00f6bb mint 180 (!) km-t egyed\u00fcl, seg\u00edt\u0151k n\u00e9lk\u00fcl v\u00e9gigtekerve be\u00e9rt a c\u00e9lba \u2013 csakhogy a szakaszgy\u0151ztes Jasper Philipsenhez k\u00e9pes t\u00f6bb mint egy\u00f3r\u00e1s h\u00e1tr\u00e1nnyal, \u00edgy kics\u00faszott a 20%-os limitid\u0151b\u0151l, ami azt jelentette, hi\u00e1ba a minden elismer\u00e9st meg\u00e9rdeml\u0151 egyszem\u00e9lyes k\u00fczdelem, a szab\u00e1lyok \u00e9rtelm\u00e9ben a versenye ezzel egy\u00fctt is v\u00e9get \u00e9rt. M\u00f6rk\u00f6v h\u0151sies tette a szakasz ut\u00e1ni nyilatkozata t\u00fckr\u00e9ben csak m\u00e9g ink\u00e1bb fel\u00e9rt\u00e9kel\u0151dik: elmondta, hogy mivel majd\u2019 30 km-rel maradt le a t\u00f6bbiekt\u0151l, m\u00e1r akkor tiszt\u00e1ban volt vele, hogy val\u00f3sz\u00edn\u0171leg nem fog be\u00e9rni limiten bel\u00fcl, \u00edgy b\u00e1r megtehette volna, hogy egyszer\u0171en csak feladja \u00e9s besz\u00e1ll a csapatkocsiba, erre nem volt hajland\u00f3 \u2013 ink\u00e1bb v\u00e9gigment egyed\u00fcl a tikkaszt\u00f3 h\u0151s\u00e9gben, hogy \u201esz\u00e9pen haljon meg\u201d.<\/p>\n<figure id=\"attachment_15445\" aria-describedby=\"caption-attachment-15445\" style=\"width: 1648px\" class=\"wp-caption alignnone\"><a href=\"https:\/\/d2p6e6u75xmxt8.cloudfront.net\/12\/2022\/07\/morkov.jpg\"><img loading=\"lazy\" decoding=\"async\" class=\"size-full wp-image-15445\" src=\"https:\/\/d2p6e6u75xmxt8.cloudfront.net\/12\/2022\/07\/morkov.jpg\" alt=\"\" width=\"1648\" height=\"1098\" srcset=\"https:\/\/d2p6e6u75xmxt8.cloudfront.net\/12\/2022\/07\/morkov.jpg 1648w, https:\/\/d2p6e6u75xmxt8.cloudfront.net\/12\/2022\/07\/morkov-300x200.jpg 300w, https:\/\/d2p6e6u75xmxt8.cloudfront.net\/12\/2022\/07\/morkov-1024x682.jpg 1024w, https:\/\/d2p6e6u75xmxt8.cloudfront.net\/12\/2022\/07\/morkov-768x512.jpg 768w, https:\/\/d2p6e6u75xmxt8.cloudfront.net\/12\/2022\/07\/morkov-1536x1023.jpg 1536w, https:\/\/d2p6e6u75xmxt8.cloudfront.net\/12\/2022\/07\/morkov-272x182.jpg 272w\" sizes=\"auto, (max-width: 1648px) 100vw, 1648px\" \/><\/a><figcaption id=\"caption-attachment-15445\" class=\"wp-caption-text\">A t\u00f6bb mint egy\u00f3r\u00e1s h\u00e1tr\u00e1nnyal utols\u00f3k\u00e9nt be\u00e9r\u0151 M\u00f6rk\u00f6v \u00f3ri\u00e1si tapsot kapott a k\u00f6z\u00f6ns\u00e9gt\u0151l h\u0151sies hozz\u00e1\u00e1ll\u00e1s\u00e1\u00e9rt (fot\u00f3: Wout Beel\/QuickStep-AlphaVinyl)<\/figcaption><\/figure>\n<p>Csapatt\u00e1rs\u00e1r\u00f3l, a kor\u00e1bban a hal\u00e1l tork\u00e1b\u00f3l visszat\u00e9r\u0151 \u00e9s az idei Tour de Hongrie-n a gyorsas\u00e1gi pontversenyt megnyer\u0151 Fabio Jakobsenr\u0151l m\u00e1r sz\u00e1mtalanszor mes\u00e9lt\u00fcnk, \u00e9s az idei Tour de France-on is akadtak nagy pillanatai. Azok ut\u00e1n, amiken kereszt\u00fclment, eleve megs\u00fcvegelend\u0151, hogy alig k\u00e9t \u00e9vvel k\u00e9s\u0151bb itt van a vil\u00e1g legnagyobb verseny\u00e9n, melyen r\u00e1ad\u00e1sul m\u00e9g szakaszt is nyert r\u00f6gt\u00f6n a m\u00e1sodik napon. A 17. szakaszon viszont \u0151 is az\u00e9rt k\u00fczd\u00f6tt, hogy ne j\u00e1rjon \u00fagy, mint M\u00f6rk\u00f6v. A Peyragudes els\u0151 kateg\u00f3ri\u00e1s hegyi befut\u00f3j\u00e1ra a v\u00e9gletekig kimer\u00fclt, m\u00e9g a t\u00f6bbi sprintern\u00e9l is jobban, t\u00e1rsainak \u00edgy a cs\u00facs el\u0151tt nem sokkal h\u00e1tra kellett hagyniuk, nehogy m\u00e9g t\u00f6bb quick-stepes kics\u00fasszon a limitid\u0151b\u0151l. Jakobsen v\u00e9g\u00fcl \u00f3ri\u00e1si szenved\u00e9sek \u00e1r\u00e1n, szinte egyhelyben tekerve fel\u00e9rt, versenyt futva az id\u0151vel, mik\u00f6zben csapata a c\u00e9ln\u00e1l v\u00e1rta \u00e9s hangosan biztatta. Meglett az eredm\u00e9nye: a h\u0151s\u00e9gben h\u00e1rom \u00e9s f\u00e9l \u00f3ra, 130 km \u00e9s 3364 m\u00e9ternyi szint lek\u00fczd\u00e9se ut\u00e1n felfoghatatlanul kicsi k\u00fcl\u00f6nbs\u00e9ggel, 16 m\u00e1sodperccel \u00e9rt be v\u00e9g\u00fcl a limiten bel\u00fcl, ennyin m\u00falott, hogy a gyorsas\u00e1gi pontverseny \u00f6t\u00f6dik helyezettj\u00e9nek id\u0151 el\u0151tt v\u00e9get \u00e9rjen a Tourja. Az igaz\u00e1n meghat\u00f3 pillanatok pedig csak ezut\u00e1n k\u00f6vetkeztek: a c\u00e9lba \u00e9r\u00e9s ut\u00e1n a v\u00e9gkimer\u00fcl\u00e9st\u0151l ker\u00e9kp\u00e1rj\u00e1val egy\u00fctt az \u00fatsz\u00e9li rekl\u00e1mt\u00e1bl\u00e1ra r\u00e1borul\u00f3 Jakobsenhez odaszaladtak csapatt\u00e1rsai, felseg\u00edtett\u00e9k, \u00e9s hi\u00e1ba lett utols\u00f3 aznap, gy\u0151ztesnek kij\u00e1r\u00f3 \u00fcnnepl\u00e9sben r\u00e9szes\u00edtett\u00e9k \u2013 bizonyos szempontb\u00f3l mindenk\u00e9ppen az is\u2026<\/p>\n<figure id=\"attachment_15443\" aria-describedby=\"caption-attachment-15443\" style=\"width: 1024px\" class=\"wp-caption alignnone\"><a href=\"https:\/\/d2p6e6u75xmxt8.cloudfront.net\/12\/2022\/07\/CX5UJLKdwwXnWBnd3bEeHR.jpg\"><img loading=\"lazy\" decoding=\"async\" class=\"size-full wp-image-15443\" src=\"https:\/\/d2p6e6u75xmxt8.cloudfront.net\/12\/2022\/07\/CX5UJLKdwwXnWBnd3bEeHR.jpg\" alt=\"\" width=\"1024\" height=\"683\" srcset=\"https:\/\/d2p6e6u75xmxt8.cloudfront.net\/12\/2022\/07\/CX5UJLKdwwXnWBnd3bEeHR.jpg 1024w, https:\/\/d2p6e6u75xmxt8.cloudfront.net\/12\/2022\/07\/CX5UJLKdwwXnWBnd3bEeHR-300x200.jpg 300w, https:\/\/d2p6e6u75xmxt8.cloudfront.net\/12\/2022\/07\/CX5UJLKdwwXnWBnd3bEeHR-768x512.jpg 768w, https:\/\/d2p6e6u75xmxt8.cloudfront.net\/12\/2022\/07\/CX5UJLKdwwXnWBnd3bEeHR-272x182.jpg 272w\" sizes=\"auto, (max-width: 1024px) 100vw, 1024px\" \/><\/a><figcaption id=\"caption-attachment-15443\" class=\"wp-caption-text\">Az \u00f3ri\u00e1sit k\u00fczd\u0151 Jakobsen\u00e9rt egy emberk\u00e9nt szor\u00edtott csapata a c\u00e9lban \u2013 meglett az eredm\u00e9nye (forr\u00e1s: Twitter\/QuickStep-AlphaVinyl)<\/figcaption><\/figure>\n<p><span style=\"font-size: 10pt;\"><em>Bor\u00edt\u00f3k\u00e9p: Getty Images<\/em><\/span><\/p>\n","protected":false},"excerpt":{"rendered":"<p>Az idei Tour de France sincs h\u00edj\u00e1n leny\u0171g\u00f6z\u0151 sportemberi teljes\u00edtm\u00e9nyeknek, dr\u00e1m\u00e1knak \u00e9s l\u00e9lekemel\u0151 pillanatoknak.<\/p>\n","protected":false},"author":145,"featured_media":15444,"comment_status":"open","ping_status":"open","sticky":false,"template":"","format":"standard","meta":{"footnotes":""},"categories":[8],"tags":[],"global-categories":[419],"class_list":["post-15441","post","type-post","status-publish","format-standard","has-post-thumbnail","hentry","category-orszaguti-kerekpar","global-categories-cycling"],"yoast_head":"<!-- This site is optimized with the Yoast SEO Premium plugin v25.3 (Yoast SEO v25.9) - https:\/\/yoast.com\/wordpress\/plugins\/seo\/ -->\n<title>M\u00f6rk\u00f6v dr\u00e1m\u00e1ja \u00e9s Jakobsen k\u00fczdelme az id\u0151vel: felemel\u0151 fejezetek a Tour tikkaszt\u00f3 pokl\u00e1b\u00f3l - \u0160koda We Love Cycling - Magyarorsz\u00e1g<\/title>\n<meta name=\"robots\" content=\"index, follow, max-snippet:-1, max-image-preview:large, max-video-preview:-1\" \/>\n<link rel=\"canonical\" href=\"https:\/\/www.welovecycling.com\/hu\/orszaguti-kerekpar\/morkov-dramaja-es-jakobsen-kuzdelme-az-idovel-felemelo-fejezetek-a-tour-tikkaszto-poklabol\/\" \/>\n<meta property=\"og:locale\" content=\"hu_HU\" \/>\n<meta property=\"og:type\" content=\"article\" \/>\n<meta property=\"og:title\" content=\"M\u00f6rk\u00f6v dr\u00e1m\u00e1ja \u00e9s Jakobsen k\u00fczdelme az id\u0151vel: felemel\u0151 fejezetek a Tour tikkaszt\u00f3 pokl\u00e1b\u00f3l\" \/>\n<meta property=\"og:description\" content=\"Az idei Tour de France sincs h\u00edj\u00e1n leny\u0171g\u00f6z\u0151 sportemberi teljes\u00edtm\u00e9nyeknek, dr\u00e1m\u00e1knak \u00e9s l\u00e9lekemel\u0151 pillanatoknak.\" \/>\n<meta property=\"og:url\" content=\"https:\/\/www.welovecycling.com\/hu\/orszaguti-kerekpar\/morkov-dramaja-es-jakobsen-kuzdelme-az-idovel-felemelo-fejezetek-a-tour-tikkaszto-poklabol\/\" \/>\n<meta property=\"og:site_name\" content=\"\u0160koda We Love Cycling - Magyarorsz\u00e1g\" \/>\n<meta property=\"article:publisher\" content=\"https:\/\/www.facebook.com\/WeLoveCyclingHungary\/\" \/>\n<meta property=\"article:published_time\" content=\"2022-07-22T07:29:32+00:00\" \/>\n<meta property=\"og:image\" content=\"https:\/\/d2p6e6u75xmxt8.cloudfront.net\/12\/2022\/07\/Fabio-Jakobsen-Le-Tour-Stage-17-2.jpg\" \/>\n\t<meta property=\"og:image:width\" content=\"1200\" \/>\n\t<meta property=\"og:image:height\" content=\"801\" \/>\n\t<meta property=\"og:image:type\" content=\"image\/jpeg\" \/>\n<meta name=\"author\" content=\"kitti\" \/>\n<meta name=\"twitter:card\" content=\"summary_large_image\" \/>\n<meta name=\"twitter:label1\" content=\"Written by\" \/>\n\t<meta name=\"twitter:data1\" content=\"We Love Cycling\" \/>\n\t<meta name=\"twitter:label2\" content=\"Est. reading time\" \/>\n\t<meta name=\"twitter:data2\" content=\"5 minutes\" \/>\n<script type=\"application\/ld+json\" class=\"yoast-schema-graph\">{\"@context\":\"https:\/\/schema.org\",\"@graph\":[{\"@type\":\"WebPage\",\"@id\":\"https:\/\/www.welovecycling.com\/hu\/orszaguti-kerekpar\/morkov-dramaja-es-jakobsen-kuzdelme-az-idovel-felemelo-fejezetek-a-tour-tikkaszto-poklabol\/\",\"url\":\"https:\/\/www.welovecycling.com\/hu\/orszaguti-kerekpar\/morkov-dramaja-es-jakobsen-kuzdelme-az-idovel-felemelo-fejezetek-a-tour-tikkaszto-poklabol\/\",\"name\":\"M\u00f6rk\u00f6v dr\u00e1m\u00e1ja \u00e9s Jakobsen k\u00fczdelme az id\u0151vel: felemel\u0151 fejezetek a Tour tikkaszt\u00f3 pokl\u00e1b\u00f3l - \u0160koda We Love Cycling - Magyarorsz\u00e1g\",\"isPartOf\":{\"@id\":\"https:\/\/www.welovecycling.com\/hu\/#website\"},\"primaryImageOfPage\":{\"@id\":\"https:\/\/www.welovecycling.com\/hu\/orszaguti-kerekpar\/morkov-dramaja-es-jakobsen-kuzdelme-az-idovel-felemelo-fejezetek-a-tour-tikkaszto-poklabol\/#primaryimage\"},\"image\":{\"@id\":\"https:\/\/www.welovecycling.com\/hu\/orszaguti-kerekpar\/morkov-dramaja-es-jakobsen-kuzdelme-az-idovel-felemelo-fejezetek-a-tour-tikkaszto-poklabol\/#primaryimage\"},\"thumbnailUrl\":\"https:\/\/d2p6e6u75xmxt8.cloudfront.net\/12\/2022\/07\/Fabio-Jakobsen-Le-Tour-Stage-17-2.jpg\",\"datePublished\":\"2022-07-22T07:29:32+00:00\",\"author\":{\"@id\":\"https:\/\/www.welovecycling.com\/hu\/#\/schema\/person\/bec7dcdbcc59f58489cf603e4040ced1\"},\"breadcrumb\":{\"@id\":\"https:\/\/www.welovecycling.com\/hu\/orszaguti-kerekpar\/morkov-dramaja-es-jakobsen-kuzdelme-az-idovel-felemelo-fejezetek-a-tour-tikkaszto-poklabol\/#breadcrumb\"},\"inLanguage\":\"hu\",\"potentialAction\":[{\"@type\":\"ReadAction\",\"target\":[\"https:\/\/www.welovecycling.com\/hu\/orszaguti-kerekpar\/morkov-dramaja-es-jakobsen-kuzdelme-az-idovel-felemelo-fejezetek-a-tour-tikkaszto-poklabol\/\"]}]},{\"@type\":\"ImageObject\",\"inLanguage\":\"hu\",\"@id\":\"https:\/\/www.welovecycling.com\/hu\/orszaguti-kerekpar\/morkov-dramaja-es-jakobsen-kuzdelme-az-idovel-felemelo-fejezetek-a-tour-tikkaszto-poklabol\/#primaryimage\",\"url\":\"https:\/\/d2p6e6u75xmxt8.cloudfront.net\/12\/2022\/07\/Fabio-Jakobsen-Le-Tour-Stage-17-2.jpg\",\"contentUrl\":\"https:\/\/d2p6e6u75xmxt8.cloudfront.net\/12\/2022\/07\/Fabio-Jakobsen-Le-Tour-Stage-17-2.jpg\",\"width\":1200,\"height\":801},{\"@type\":\"BreadcrumbList\",\"@id\":\"https:\/\/www.welovecycling.com\/hu\/orszaguti-kerekpar\/morkov-dramaja-es-jakobsen-kuzdelme-az-idovel-felemelo-fejezetek-a-tour-tikkaszto-poklabol\/#breadcrumb\",\"itemListElement\":[{\"@type\":\"ListItem\",\"position\":1,\"name\":\"Home\",\"item\":\"https:\/\/www.welovecycling.com\/hu\/\"},{\"@type\":\"ListItem\",\"position\":2,\"name\":\"M\u00f6rk\u00f6v dr\u00e1m\u00e1ja \u00e9s Jakobsen k\u00fczdelme az id\u0151vel: felemel\u0151 fejezetek a Tour tikkaszt\u00f3 pokl\u00e1b\u00f3l\"}]},{\"@type\":\"WebSite\",\"@id\":\"https:\/\/www.welovecycling.com\/hu\/#website\",\"url\":\"https:\/\/www.welovecycling.com\/hu\/\",\"name\":\"\u0160koda We Love Cycling - Magyarorsz\u00e1g\",\"description\":\"\u0160koda WeLoveCycling\",\"potentialAction\":[{\"@type\":\"SearchAction\",\"target\":{\"@type\":\"EntryPoint\",\"urlTemplate\":\"https:\/\/www.welovecycling.com\/hu\/?s={search_term_string}\"},\"query-input\":{\"@type\":\"PropertyValueSpecification\",\"valueRequired\":true,\"valueName\":\"search_term_string\"}}],\"inLanguage\":\"hu\"},{\"@type\":\"Person\",\"@id\":\"https:\/\/www.welovecycling.com\/hu\/#\/schema\/person\/bec7dcdbcc59f58489cf603e4040ced1\",\"name\":\"kitti\",\"image\":{\"@type\":\"ImageObject\",\"inLanguage\":\"hu\",\"@id\":\"https:\/\/www.welovecycling.com\/hu\/#\/schema\/person\/image\/\",\"url\":\"https:\/\/secure.gravatar.com\/avatar\/e3196a110e1b57b96f56d92d10ce9bb4e9d7210076832a16243337e949410b52?s=96&d=mm&r=g\",\"contentUrl\":\"https:\/\/secure.gravatar.com\/avatar\/e3196a110e1b57b96f56d92d10ce9bb4e9d7210076832a16243337e949410b52?s=96&d=mm&r=g\",\"caption\":\"kitti\"},\"url\":\"https:\/\/www.welovecycling.com\/hu\/author\/kitti\/\"}]}<\/script>\n<!-- \/ Yoast SEO Premium plugin. -->","yoast_head_json":{"title":"M\u00f6rk\u00f6v dr\u00e1m\u00e1ja \u00e9s Jakobsen k\u00fczdelme az id\u0151vel: felemel\u0151 fejezetek a Tour tikkaszt\u00f3 pokl\u00e1b\u00f3l - \u0160koda We Love Cycling - Magyarorsz\u00e1g","robots":{"index":"index","follow":"follow","max-snippet":"max-snippet:-1","max-image-preview":"max-image-preview:large","max-video-preview":"max-video-preview:-1"},"canonical":"https:\/\/www.welovecycling.com\/hu\/orszaguti-kerekpar\/morkov-dramaja-es-jakobsen-kuzdelme-az-idovel-felemelo-fejezetek-a-tour-tikkaszto-poklabol\/","og_locale":"hu_HU","og_type":"article","og_title":"M\u00f6rk\u00f6v dr\u00e1m\u00e1ja \u00e9s Jakobsen k\u00fczdelme az id\u0151vel: felemel\u0151 fejezetek a Tour tikkaszt\u00f3 pokl\u00e1b\u00f3l","og_description":"Az idei Tour de France sincs h\u00edj\u00e1n leny\u0171g\u00f6z\u0151 sportemberi teljes\u00edtm\u00e9nyeknek, dr\u00e1m\u00e1knak \u00e9s l\u00e9lekemel\u0151 pillanatoknak.","og_url":"https:\/\/www.welovecycling.com\/hu\/orszaguti-kerekpar\/morkov-dramaja-es-jakobsen-kuzdelme-az-idovel-felemelo-fejezetek-a-tour-tikkaszto-poklabol\/","og_site_name":"\u0160koda We Love Cycling - Magyarorsz\u00e1g","article_publisher":"https:\/\/www.facebook.com\/WeLoveCyclingHungary\/","article_published_time":"2022-07-22T07:29:32+00:00","og_image":[{"width":1200,"height":801,"url":"https:\/\/d2p6e6u75xmxt8.cloudfront.net\/12\/2022\/07\/Fabio-Jakobsen-Le-Tour-Stage-17-2.jpg","type":"image\/jpeg"}],"author":"kitti","twitter_card":"summary_large_image","twitter_misc":{"Written by":"We Love Cycling","Est. reading time":"5 minutes"},"schema":{"@context":"https:\/\/schema.org","@graph":[{"@type":"WebPage","@id":"https:\/\/www.welovecycling.com\/hu\/orszaguti-kerekpar\/morkov-dramaja-es-jakobsen-kuzdelme-az-idovel-felemelo-fejezetek-a-tour-tikkaszto-poklabol\/","url":"https:\/\/www.welovecycling.com\/hu\/orszaguti-kerekpar\/morkov-dramaja-es-jakobsen-kuzdelme-az-idovel-felemelo-fejezetek-a-tour-tikkaszto-poklabol\/","name":"M\u00f6rk\u00f6v dr\u00e1m\u00e1ja \u00e9s Jakobsen k\u00fczdelme az id\u0151vel: felemel\u0151 fejezetek a Tour tikkaszt\u00f3 pokl\u00e1b\u00f3l - \u0160koda We Love Cycling - Magyarorsz\u00e1g","isPartOf":{"@id":"https:\/\/www.welovecycling.com\/hu\/#website"},"primaryImageOfPage":{"@id":"https:\/\/www.welovecycling.com\/hu\/orszaguti-kerekpar\/morkov-dramaja-es-jakobsen-kuzdelme-az-idovel-felemelo-fejezetek-a-tour-tikkaszto-poklabol\/#primaryimage"},"image":{"@id":"https:\/\/www.welovecycling.com\/hu\/orszaguti-kerekpar\/morkov-dramaja-es-jakobsen-kuzdelme-az-idovel-felemelo-fejezetek-a-tour-tikkaszto-poklabol\/#primaryimage"},"thumbnailUrl":"https:\/\/d2p6e6u75xmxt8.cloudfront.net\/12\/2022\/07\/Fabio-Jakobsen-Le-Tour-Stage-17-2.jpg","datePublished":"2022-07-22T07:29:32+00:00","author":{"@id":"https:\/\/www.welovecycling.com\/hu\/#\/schema\/person\/bec7dcdbcc59f58489cf603e4040ced1"},"breadcrumb":{"@id":"https:\/\/www.welovecycling.com\/hu\/orszaguti-kerekpar\/morkov-dramaja-es-jakobsen-kuzdelme-az-idovel-felemelo-fejezetek-a-tour-tikkaszto-poklabol\/#breadcrumb"},"inLanguage":"hu","potentialAction":[{"@type":"ReadAction","target":["https:\/\/www.welovecycling.com\/hu\/orszaguti-kerekpar\/morkov-dramaja-es-jakobsen-kuzdelme-az-idovel-felemelo-fejezetek-a-tour-tikkaszto-poklabol\/"]}]},{"@type":"ImageObject","inLanguage":"hu","@id":"https:\/\/www.welovecycling.com\/hu\/orszaguti-kerekpar\/morkov-dramaja-es-jakobsen-kuzdelme-az-idovel-felemelo-fejezetek-a-tour-tikkaszto-poklabol\/#primaryimage","url":"https:\/\/d2p6e6u75xmxt8.cloudfront.net\/12\/2022\/07\/Fabio-Jakobsen-Le-Tour-Stage-17-2.jpg","contentUrl":"https:\/\/d2p6e6u75xmxt8.cloudfront.net\/12\/2022\/07\/Fabio-Jakobsen-Le-Tour-Stage-17-2.jpg","width":1200,"height":801},{"@type":"BreadcrumbList","@id":"https:\/\/www.welovecycling.com\/hu\/orszaguti-kerekpar\/morkov-dramaja-es-jakobsen-kuzdelme-az-idovel-felemelo-fejezetek-a-tour-tikkaszto-poklabol\/#breadcrumb","itemListElement":[{"@type":"ListItem","position":1,"name":"Home","item":"https:\/\/www.welovecycling.com\/hu\/"},{"@type":"ListItem","position":2,"name":"M\u00f6rk\u00f6v dr\u00e1m\u00e1ja \u00e9s Jakobsen k\u00fczdelme az id\u0151vel: felemel\u0151 fejezetek a Tour tikkaszt\u00f3 pokl\u00e1b\u00f3l"}]},{"@type":"WebSite","@id":"https:\/\/www.welovecycling.com\/hu\/#website","url":"https:\/\/www.welovecycling.com\/hu\/","name":"\u0160koda We Love Cycling - Magyarorsz\u00e1g","description":"\u0160koda WeLoveCycling","potentialAction":[{"@type":"SearchAction","target":{"@type":"EntryPoint","urlTemplate":"https:\/\/www.welovecycling.com\/hu\/?s={search_term_string}"},"query-input":{"@type":"PropertyValueSpecification","valueRequired":true,"valueName":"search_term_string"}}],"inLanguage":"hu"},{"@type":"Person","@id":"https:\/\/www.welovecycling.com\/hu\/#\/schema\/person\/bec7dcdbcc59f58489cf603e4040ced1","name":"kitti","image":{"@type":"ImageObject","inLanguage":"hu","@id":"https:\/\/www.welovecycling.com\/hu\/#\/schema\/person\/image\/","url":"https:\/\/secure.gravatar.com\/avatar\/e3196a110e1b57b96f56d92d10ce9bb4e9d7210076832a16243337e949410b52?s=96&d=mm&r=g","contentUrl":"https:\/\/secure.gravatar.com\/avatar\/e3196a110e1b57b96f56d92d10ce9bb4e9d7210076832a16243337e949410b52?s=96&d=mm&r=g","caption":"kitti"},"url":"https:\/\/www.welovecycling.com\/hu\/author\/kitti\/"}]}},"_links":{"self":[{"href":"https:\/\/www.welovecycling.com\/hu\/wp-json\/wp\/v2\/posts\/15441","targetHints":{"allow":["GET"]}}],"collection":[{"href":"https:\/\/www.welovecycling.com\/hu\/wp-json\/wp\/v2\/posts"}],"about":[{"href":"https:\/\/www.welovecycling.com\/hu\/wp-json\/wp\/v2\/types\/post"}],"author":[{"embeddable":true,"href":"https:\/\/www.welovecycling.com\/hu\/wp-json\/wp\/v2\/users\/145"}],"replies":[{"embeddable":true,"href":"https:\/\/www.welovecycling.com\/hu\/wp-json\/wp\/v2\/comments?post=15441"}],"version-history":[{"count":2,"href":"https:\/\/www.welovecycling.com\/hu\/wp-json\/wp\/v2\/posts\/15441\/revisions"}],"predecessor-version":[{"id":15447,"href":"https:\/\/www.welovecycling.com\/hu\/wp-json\/wp\/v2\/posts\/15441\/revisions\/15447"}],"wp:featuredmedia":[{"embeddable":true,"href":"https:\/\/www.welovecycling.com\/hu\/wp-json\/wp\/v2\/media\/15444"}],"wp:attachment":[{"href":"https:\/\/www.welovecycling.com\/hu\/wp-json\/wp\/v2\/media?parent=15441"}],"wp:term":[{"taxonomy":"category","embeddable":true,"href":"https:\/\/www.welovecycling.com\/hu\/wp-json\/wp\/v2\/categories?post=15441"},{"taxonomy":"post_tag","embeddable":true,"href":"https:\/\/www.welovecycling.com\/hu\/wp-json\/wp\/v2\/tags?post=15441"},{"taxonomy":"global-categories","embeddable":true,"href":"https:\/\/www.welovecycling.com\/hu\/wp-json\/wp\/v2\/global-categories?post=15441"}],"curies":[{"name":"wp","href":"https:\/\/api.w.org\/{rel}","templated":true}]}}