{"id":15432,"date":"2022-07-19T08:00:40","date_gmt":"2022-07-19T06:00:40","guid":{"rendered":"https:\/\/www.welovecycling.com\/hu\/?p=15432"},"modified":"2022-07-15T14:37:09","modified_gmt":"2022-07-15T12:37:09","slug":"pokol-a-hautacam-on-milyen-a-letape-du-tour-egy-atlagos-versenyzo-szamara","status":"publish","type":"post","link":"https:\/\/www.welovecycling.com\/hu\/orszaguti-kerekpar\/pokol-a-hautacam-on-milyen-a-letape-du-tour-egy-atlagos-versenyzo-szamara\/","title":{"rendered":"Pokol a Hautacam-on: Milyen a L\u2019Etape du Tour egy \u00e1tlagos versenyz\u0151 sz\u00e1m\u00e1ra?"},"content":{"rendered":"<p><strong>A hideg a csontjaimig hatol. Nem \u00e9rzem a kezemet \u00e9s a l\u00e1bamat. Az \u00f6sszes ker\u00e9kp\u00e1ros ruh\u00e1m rajtam van, de ez sem haszn\u00e1l. Egy pireneusi k\u00e1v\u00e9z\u00f3ban gubbasztok, k\u00f6r\u00fcl\u00f6ttem m\u00e1s ker\u00e9kp\u00e1rosokkal, mik\u00f6zben odakint szakad az es\u0151. Mindannyian forr\u00f3 italokat tartunk a kez\u00fcnkben, amiket alig \u00e9rz\u00fcnk, \u00e9s f\u00e1radt, \u00fcres tekintettel mered\u00fcnk magunk el\u00e9, tudv\u00e1n, hogy mind ugyanarra gondolunk: Mi\u00e9rt csin\u00e1ljuk ezt?<\/strong><\/p>\n<p><!--more--><\/p>\n<p>A L&#8217;Etape du Tour-t minden \u00e9v j\u00falius\u00e1ban, a Tour de France idej\u00e9n rendezik meg. Ez az egyik legnagyobb kih\u00edv\u00e1st jelent\u0151 verseny az amat\u0151r ker\u00e9kp\u00e1rosok sz\u00e1m\u00e1ra, ahol az indul\u00f3k belek\u00f3stolhatnak a profi ker\u00e9kp\u00e1roz\u00e1sba. A versenyz\u0151knek lehet\u0151s\u00e9g\u00fck van profi k\u00f6r\u00fclm\u00e9nyek k\u00f6z\u00f6tt (lez\u00e1rt utakon \u00e9s teljes t\u00e1mogat\u00e1ssal) teljes\u00edteni az adott \u00e9v egyik legnehezebb hegyi szakasz\u00e1t. T\u00f6bb mint 10\u00a0000 ker\u00e9kp\u00e1ros \u00e9rkezik a vil\u00e1g minden t\u00e1j\u00e1r\u00f3l, hogy megmutass\u00e1k, mire k\u00e9pesek. Legt\u00f6bbj\u00fck c\u00e9lja, hogy egy nap \u00fagy \u00e9ljenek majd, mint a h\u0151seik.<\/p>\n<p>Sz\u00e1momra ez a nap 2014-ben j\u00f6tt el. \u00c9desap\u00e1mmal bev\u00e1llaltuk az akkori Tour 18. szakasz\u00e1t. Pau-b\u00f3l indultunk, a szakaszt pedig a Hautacam tetej\u00e9n fejezt\u00fck be. Ez egy 140 km-es szakasz volt, de nem ez adta a dolog neh\u00e9zs\u00e9g\u00e9t. Az igazi kih\u00edv\u00e1s a szintemelked\u00e9s volt. Nemcsak a Hautacam-ot kellett megm\u00e1sznunk (13,6 km \u00e1tlagosan 7,8%-os emelked\u0151vel), hanem el\u0151tte m\u00e9g a f\u00e9lelmetes Col du Tourmalet emelked\u0151vel is meg kellett k\u00fczden\u00fcnk, melyet m\u00edtoszok \u00e9s legend\u00e1k \u00f6veznek. \u00d6sszesen teh\u00e1t egy nap alatt 4400 m\u00e9ter szintemelked\u00e9st teljes\u00edtett\u00fcnk, ami a Mount Everest fel\u00e9t jelenti.<\/p>\n<figure id=\"attachment_15434\" aria-describedby=\"caption-attachment-15434\" style=\"width: 1250px\" class=\"wp-caption alignnone\"><a href=\"https:\/\/d2p6e6u75xmxt8.cloudfront.net\/12\/2022\/07\/Hautacam-LEtape-profimedia-0233624714.jpg\"><img loading=\"lazy\" decoding=\"async\" class=\"size-full wp-image-15434\" src=\"https:\/\/d2p6e6u75xmxt8.cloudfront.net\/12\/2022\/07\/Hautacam-LEtape-profimedia-0233624714.jpg\" alt=\"L'Etape 2014\" width=\"1250\" height=\"762\" srcset=\"https:\/\/d2p6e6u75xmxt8.cloudfront.net\/12\/2022\/07\/Hautacam-LEtape-profimedia-0233624714.jpg 1250w, https:\/\/d2p6e6u75xmxt8.cloudfront.net\/12\/2022\/07\/Hautacam-LEtape-profimedia-0233624714-300x183.jpg 300w, https:\/\/d2p6e6u75xmxt8.cloudfront.net\/12\/2022\/07\/Hautacam-LEtape-profimedia-0233624714-1024x624.jpg 1024w, https:\/\/d2p6e6u75xmxt8.cloudfront.net\/12\/2022\/07\/Hautacam-LEtape-profimedia-0233624714-768x468.jpg 768w\" sizes=\"auto, (max-width: 1250px) 100vw, 1250px\" \/><\/a><figcaption id=\"caption-attachment-15434\" class=\"wp-caption-text\"><em>A 2014-es befut\u00f3k<\/em><\/figcaption><\/figure>\n<p>Egy ekkora esem\u00e9nyre kem\u00e9ny dolog felk\u00e9sz\u00fclni, f\u0151leg ha D\u00e9l-Angli\u00e1b\u00f3l sz\u00e1rmazol. A hath\u00f3napnyi edz\u00e9s alatt minden t\u0151lem telhet\u0151t megtettem, hogy a legink\u00e1bb imit\u00e1lni tudjam a versenyt Hampshire dombjain. Fokozatosan fejl\u0151dtem \u00e9s kezdtem egyre jobban tekerni \u2013 ap\u00e1val egy\u00fctt \u00fagy \u00e9rezt\u00fck, k\u00e9szen \u00e1llunk a nagy napra. Spoiler: nem \u00e1lltunk k\u00e9szen\u2026<\/p>\n<p>A verseny napj\u00e1n, j\u00falius 20-\u00e1n sz\u00e1raz \u00e9s napos id\u0151 volt Pau-ban. A 13 000 versenyz\u0151 mindegyike nehezen aludt el\u0151z\u0151 \u00e9jszaka, mert csak a verseny k\u00f6r\u00fcl forogtak a gondolataik. Ez\u00e9rt szinte megk\u00f6nnyebb\u00fcl\u00e9s volt, mikor reggel 8 \u00f3ra ut\u00e1n, 500 f\u0151s csoportokban v\u00e9gre elindulhattunk. Az elej\u00e9n minden z\u00f6kken\u0151mentes volt. Siker\u00fclt tartani az \u00e1tlagsebess\u00e9g\u00fcnket \u00e9s pr\u00f3b\u00e1ltunk egy kis el\u0151nyt szerezni magunknak az id\u0151korl\u00e1ttal szemben.<\/p>\n<p>28 kilom\u00e9ter ut\u00e1n C\u00f4te de B\u00e9n\u00e9jacq-hez \u00e9rt\u00fcnk. Az \u00fatvonalt\u00e9rk\u00e9pen ez csak egy kis fekv\u0151rend\u0151rnek t\u0171nt azokhoz az emelked\u0151kh\u00f6z k\u00e9pest, amik aznap m\u00e9g r\u00e1nk v\u00e1rtak. T\u00f6bb ezer hasonl\u00f3an gondolkod\u00f3 l\u00e9lekkel voltunk k\u00f6r\u00fclv\u00e9ve. Mindannyian \u00e9lvezt\u00fck, hogy azon az aszfalton haladhatunk, amelyen a profik alig n\u00e9h\u00e1ny nap m\u00falva gurulnak majd v\u00e9gig. Ez a pillanat azonban nem tartott sok\u00e1ig. Id\u0151k\u00f6zben \u201emegfeledkeztem\u201d ap\u00e1mr\u00f3l \u00e9s akkor l\u00e1ttam \u0151t \u00fajra, mikor \u00e9ppen \u00e1tgurult egy harmadik kateg\u00f3ri\u00e1s emelked\u0151 tetej\u00e9n, \u00e9s v\u00e9szj\u00f3sl\u00f3 pillant\u00e1st vetett r\u00e1m.<\/p>\n<p><em>\u201eEz a legnagyobb emelked\u0151, amivel valaha is dolgunk volt\u201d<\/em> &#8211; mondta.<\/p>\n<p>https:\/\/www.instagram.com\/p\/qt644GNMYk\/?hl=en<\/p>\n<p>Nem sokkal ezut\u00e1n egy \u00fajabb harmadik kateg\u00f3ri\u00e1s emelked\u0151t teljes\u00edtett\u00fcnk k\u00fcl\u00f6n\u00f6sebb probl\u00e9ma n\u00e9lk\u00fcl. V\u00e9szesen k\u00f6zeledett a Tourmalet. Ez volt az els\u0151 &#8220;col&#8221;, amit 1910-ben a Tour de France-on haszn\u00e1ltak, \u00e9s ami ut\u00e1n az akkori szakaszgy\u0151ztes, Octave Lapize \u00e1ll\u00edt\u00f3lag azt ki\u00e1ltotta a verseny szervez\u0151inek, hogy &#8220;gyilkosok vagytok&#8221;, ami\u00e9rt \u00e1tk\u00fcldt\u00e9k \u0151ket ezen az emelked\u0151n. Teljesen egyet\u00e9rtettem vele, mik\u00f6zben felfel\u00e9 k\u00edgy\u00f3ztunk. Az addigi vid\u00e1m hangulatunk \u2013 az id\u0151j\u00e1r\u00e1ssal egy\u00fctt \u2013 rosszra fordult. Csendesen haladtunk felfel\u00e9, k\u00f6zben pedig ink\u00e1bb hasonl\u00edtottunk egy temet\u00e9si menetre, mint a vil\u00e1g legjobb verseny\u00e9t \u00fcnnepl\u0151 ker\u00e9kp\u00e1rosokra. Egyre feljebb \u00e9s feljebb jutottunk, a versenyz\u0151k pedig elkezdtek elhaladni mellett\u00fcnk, csakhogy az ellenkez\u0151 ir\u00e1nyba, ugyanis sorra feladt\u00e1k a versenyt. Ennek hat\u00e1s\u00e1ra egyre csak er\u0151s\u00f6d\u00f6tt bennem a f\u00e9lelem, ap\u00e1mmal pedig v\u00e1ltottunk p\u00e1r agg\u00f3d\u00f3 pillant\u00e1st.<\/p>\n<p>Mire a cs\u00facsra \u00e9rt\u00fcnk a h\u0151m\u00e9rs\u00e9klet 18\u00b0C-r\u00f3l h\u00e1romra cs\u00f6kkent. Mindketten f\u00e1ztunk, a ny\u00e1ri felszerel\u00e9s\u00fcnk pedig, ami teljesen \u00e1t\u00e1zott az es\u0151ben, egy kicsit sem meleg\u00edtett fel minket. T\u00f6bb mint k\u00e9t \u00f3r\u00e1n \u00e1t k\u00ednl\u00f3dtam, mire fel\u00e9rtem ennek a 21 kilom\u00e9teres emelked\u0151nek a tetej\u00e9re. Nagyon b\u00fcszke voltam magamra, f\u0151leg miut\u00e1n annyi embert l\u00e1ttam visszafordulni. De a neheze m\u00e9g h\u00e1tra volt.<\/p>\n<p>Egy olyan lejt\u0151 \u00e1llt el\u0151tt\u00fcnk, ami m\u00e9g egy sz\u00e1raz napon is pr\u00f3b\u00e1ra tette volna a ker\u00e9kp\u00e1rkezel\u00e9si k\u00e9pess\u00e9geimet. Ahogy \u00f3vatosan haladtunk lefel\u00e9, r\u00e1j\u00f6ttem, hogy semmit sem \u00e9rzek a testemen. A l\u00e1bam remegett a hidegt\u0151l, a fagyos kezeimmel pedig alig b\u00edrtam kezelni a f\u00e9keket. Nagyon lassan haladtunk, az utunkat pedig magukra hagyott biciklik szeg\u00e9lyezt\u00e9k, melyekr\u0151l olyan versenyz\u0151k sz\u00e1lltak le, akik m\u00e1r nem b\u00edrt\u00e1k tov\u00e1bb a Pireneusok sz\u00e9ls\u0151s\u00e9ges k\u00f6r\u00fclm\u00e9nyeit.<\/p>\n<p><em>\u201eMi\u00e9rt csin\u00e1ljuk ezt?\u201d<\/em> \u2013 gondoltam.<\/p>\n<p>Teljesen kimer\u00fclten l\u00e9pt\u00fcnk be abba a kis k\u00e1v\u00e9z\u00f3ba, ami tele volt hozz\u00e1nk hasonl\u00f3 ker\u00e9kp\u00e1rosokkal. Az emelked\u0151 fizikailag, a lejt\u0151 pedig lelkileg k\u00e9sz\u00edtett ki minket. Mindketten elgondolkodtunk azon, hogy folytatni kellene-e a versenyt, de a v\u00e1lasz egy\u00e9rtelm\u0171 volt. Igen.<\/p>\n<p>Visszam\u00e1sztunk a biciklijeinkre \u00e9s k\u00fczd\u00f6tt\u00fcnk tov\u00e1bb, a kitart\u00e1sunk pedig kifizet\u0151d\u00f6tt, ugyanis el\u00e9rt\u00fck a Hautacam alj\u00e1t, ahol a m\u00e1r c\u00e9lba \u00e9rt versenyz\u0151k t\u00f6megei fogadtak minket, \u00e9s b\u00e1tor\u00edt\u00e1st ny\u00fajtottak az v\u00e9gs\u0151 emelked\u0151 el\u0151tt. Az utols\u00f3 13,8 kilom\u00e9ter a mai napig a leglassabban megtett t\u00e1v, amit valaha lebicikliztem. Gy\u00f6tr\u0151dtem, mik\u00f6zben a ped\u00e1lokat tekertem, a combizmaim folyamatosan panaszkodtak, ap\u00e1mnak pedig h\u00e1romszor is meg kellett \u00e1llnia, hogy megszabaduljon a v\u00e1dlij\u00e1ban l\u00e9v\u0151 g\u00f6rcs\u00f6kt\u0151l. Amikor m\u00e1r a nyolcadik \u00f3r\u00e1t t\u00f6lt\u00f6tt\u00fck a ker\u00e9kp\u00e1ron, elkezdt\u00fcnk agg\u00f3dni az id\u0151korl\u00e1t miatt, de v\u00e9g\u00fcl ez nem jelentett probl\u00e9m\u00e1t.<\/p>\n<p>K\u00e9t kilom\u00e9terrel a v\u00e9ge el\u0151tt m\u00e1r csak azon voltunk, hogy ki\u00e9lvezz\u00fck ennek a hihetetlen versenynek az utols\u00f3 perceit. Az Etape du Tour val\u00f3ban k\u00fcl\u00f6nleges. Lehet\u0151s\u00e9get adott arra, hogy \u00fagy \u00e9rezzem magam, mint egy profi versenyz\u0151, \u00e9s megtapasztaljam egy ilyen nagyszab\u00e1s\u00fa esem\u00e9ny magass\u00e1gait \u00e9s m\u00e9lys\u00e9geit a hegyi szakaszokon. Ezen a napon a mez\u0151ny t\u00f6bb mint 25%-a esett ki a c\u00e9l el\u0151tt. K\u00e9ts\u00e9gtelen, hogy ez a verseny nem a gyeng\u00e9knek val\u00f3, ahogy a Tour de France sem. De ahogy a Hautacam tetej\u00e9n \u00e1thaladtam a c\u00e9lvonalon, ugyanaz az \u00e9rz\u00e9s fogott el, mint amit a profik \u00e9rezhetnek, amikor a Champs Elys\u00e9es-n v\u00e9gre befejezik a Tour-t. \u00d6r\u00f6m, egyben megk\u00f6nnyebb\u00fcl\u00e9s. Ap\u00e1m is ugyan\u00edgy volt ezzel. Telve volt \u00e9rzelmekkel, de k\u00f6zben \u2013 ahogy \u0151 mondta \u2013 \u00f6r\u00fclt, hogy t\u00fal\u00e9lte ezt a &#8220;rohadt kem\u00e9ny napot&#8221;.<\/p>\n<p>Nyolc \u00e9v telt el az\u00f3ta \u00e9s ap\u00e1mmal lett egy k\u00f6z\u00f6s tetov\u00e1l\u00e1sunk \u2013 az \u00fatvonal k\u00f6rvonala \u2013 a verseny eml\u00e9k\u00e9re. Ak\u00e1rcsak ez a tetov\u00e1l\u00e1s, az a nap is mindig velem marad. Kegyetlen volt, de egyben hihetetlen \u00e9lm\u00e9ny is. M\u00e9lys\u00e9ges tiszteletet \u00e9rzek a profik ir\u00e1nt, akiket n\u00e9gy nappal k\u00e9s\u0151bb figyeltem, ahogy sokkal gyorsabban mentek, mint \u00e9n. Mindenki tapsot \u00e9rdemel, aki v\u00e1llalja ezt a kih\u00edv\u00e1st, ak\u00e1r Franciaorsz\u00e1gban, ak\u00e1r a vil\u00e1g m\u00e1s Etape-versenyein. Nemr\u00e9giben r\u00e9szt vettem a L&#8217;Etape Czech Republic-on, \u00e9s a pr\u00e1gai c\u00e9lba \u00e9rkez\u00e9skor ugyanazt a siker\u00e9lm\u00e9nyt \u00e9reztem, mint a Hautacam-on, m\u00e9g \u00fagy is, hogy ez \u00fatvonal kevesebb hegyet tartalmazott.<\/p>\n<p>Egy \u00e1tlagos ker\u00e9kp\u00e1ros sz\u00e1m\u00e1ra a L&#8217;Etape du Tour az egyik legnagyobb kih\u00edv\u00e1s, amit ebben a sportban v\u00e1llalhat. Akkor mi\u00e9rt \u00e9rdemes belev\u00e1gni? Nos, ezt a felfoghatatlan \u00e9rz\u00e9st csak akkor fogod megtapasztalni, ha egyszer v\u00e9gigcsin\u00e1lod a versenyt.<\/p>\n<p>Az idei L&#8217;Etape du Tour j\u00falius 10-\u00e9n ker\u00fclt megrendez\u00e9sre. A 2022-es Tour de France 12. szakasz\u00e1t k\u00f6vette, amely az Alpe D&#8217;Huez-en \u00e9rt v\u00e9get, el\u0151tte pedig a versenyz\u0151knek a Col du Galibier \u00e9s a Col du la Croix de Fer emelked\u0151k\u00f6n kellett \u00e1thaladniuk.<\/p>\n","protected":false},"excerpt":{"rendered":"<p>A hideg a csontjaimig hatol. Nem \u00e9rzem a kezemet \u00e9s a l\u00e1bamat. Az \u00f6sszes ker\u00e9kp\u00e1ros ruh\u00e1m rajtam van, de ez [&hellip;]<\/p>\n","protected":false},"author":71,"featured_media":15436,"comment_status":"open","ping_status":"open","sticky":false,"template":"","format":"standard","meta":{"footnotes":""},"categories":[8],"tags":[],"global-categories":[],"class_list":["post-15432","post","type-post","status-publish","format-standard","has-post-thumbnail","hentry","category-orszaguti-kerekpar"],"yoast_head":"<!-- This site is optimized with the Yoast SEO Premium plugin v25.3 (Yoast SEO v25.9) - https:\/\/yoast.com\/wordpress\/plugins\/seo\/ -->\n<title>Pokol a Hautacam-on: Milyen a L\u2019Etape du Tour egy \u00e1tlagos versenyz\u0151 sz\u00e1m\u00e1ra?<\/title>\n<meta name=\"description\" content=\"A hideg a csontjaimig hatol. Nem \u00e9rzem a kezemet \u00e9s a l\u00e1bamat. Az \u00f6sszes ker\u00e9kp\u00e1ros ruh\u00e1m rajtam van, de ez sem haszn\u00e1l. Egy pireneusi k\u00e1v\u00e9z\u00f3ban gubbasztok, k\u00f6r\u00fcl\u00f6ttem m\u00e1s ker\u00e9kp\u00e1rosokkal, mik\u00f6zben odakint szakad az es\u0151. Mindannyian forr\u00f3 italokat tartunk a kez\u00fcnkben, amiket alig \u00e9rz\u00fcnk, \u00e9s f\u00e1radt, \u00fcres tekintettel mered\u00fcnk magunk el\u00e9, tudv\u00e1n, hogy mind ugyanarra gondolunk: Mi\u00e9rt csin\u00e1ljuk ezt?\" \/>\n<meta name=\"robots\" content=\"index, follow, max-snippet:-1, max-image-preview:large, max-video-preview:-1\" \/>\n<link rel=\"canonical\" href=\"https:\/\/www.welovecycling.com\/hu\/orszaguti-kerekpar\/pokol-a-hautacam-on-milyen-a-letape-du-tour-egy-atlagos-versenyzo-szamara\/\" \/>\n<meta property=\"og:locale\" content=\"hu_HU\" \/>\n<meta property=\"og:type\" content=\"article\" \/>\n<meta property=\"og:title\" content=\"Pokol a Hautacam-on: Milyen a L\u2019Etape du Tour egy \u00e1tlagos versenyz\u0151 sz\u00e1m\u00e1ra?\" \/>\n<meta property=\"og:description\" content=\"A hideg a csontjaimig hatol. Nem \u00e9rzem a kezemet \u00e9s a l\u00e1bamat. Az \u00f6sszes ker\u00e9kp\u00e1ros ruh\u00e1m rajtam van, de ez sem haszn\u00e1l. Egy pireneusi k\u00e1v\u00e9z\u00f3ban gubbasztok, k\u00f6r\u00fcl\u00f6ttem m\u00e1s ker\u00e9kp\u00e1rosokkal, mik\u00f6zben odakint szakad az es\u0151. Mindannyian forr\u00f3 italokat tartunk a kez\u00fcnkben, amiket alig \u00e9rz\u00fcnk, \u00e9s f\u00e1radt, \u00fcres tekintettel mered\u00fcnk magunk el\u00e9, tudv\u00e1n, hogy mind ugyanarra gondolunk: Mi\u00e9rt csin\u00e1ljuk ezt?\" \/>\n<meta property=\"og:url\" content=\"https:\/\/www.welovecycling.com\/hu\/orszaguti-kerekpar\/pokol-a-hautacam-on-milyen-a-letape-du-tour-egy-atlagos-versenyzo-szamara\/\" \/>\n<meta property=\"og:site_name\" content=\"\u0160koda We Love Cycling - Magyarorsz\u00e1g\" \/>\n<meta property=\"article:publisher\" content=\"https:\/\/www.facebook.com\/WeLoveCyclingHungary\/\" \/>\n<meta property=\"article:published_time\" content=\"2022-07-19T06:00:40+00:00\" \/>\n<meta property=\"og:image\" content=\"https:\/\/d2p6e6u75xmxt8.cloudfront.net\/12\/2022\/07\/LEtape-2014-profimedia-0233624708-CVR.jpg\" \/>\n\t<meta property=\"og:image:width\" content=\"990\" \/>\n\t<meta property=\"og:image:height\" content=\"660\" \/>\n\t<meta property=\"og:image:type\" content=\"image\/jpeg\" \/>\n<meta name=\"author\" content=\"hegyizs\" \/>\n<meta name=\"twitter:card\" content=\"summary_large_image\" \/>\n<meta name=\"twitter:label1\" content=\"Written by\" \/>\n\t<meta name=\"twitter:data1\" content=\"Joshua Donaldson\" \/>\n\t<meta name=\"twitter:label2\" content=\"Est. reading time\" \/>\n\t<meta name=\"twitter:data2\" content=\"6\" \/>\n<script type=\"application\/ld+json\" class=\"yoast-schema-graph\">{\"@context\":\"https:\/\/schema.org\",\"@graph\":[{\"@type\":\"WebPage\",\"@id\":\"https:\/\/www.welovecycling.com\/hu\/orszaguti-kerekpar\/pokol-a-hautacam-on-milyen-a-letape-du-tour-egy-atlagos-versenyzo-szamara\/\",\"url\":\"https:\/\/www.welovecycling.com\/hu\/orszaguti-kerekpar\/pokol-a-hautacam-on-milyen-a-letape-du-tour-egy-atlagos-versenyzo-szamara\/\",\"name\":\"Pokol a Hautacam-on: Milyen a L\u2019Etape du Tour egy \u00e1tlagos versenyz\u0151 sz\u00e1m\u00e1ra?\",\"isPartOf\":{\"@id\":\"https:\/\/www.welovecycling.com\/hu\/#website\"},\"primaryImageOfPage\":{\"@id\":\"https:\/\/www.welovecycling.com\/hu\/orszaguti-kerekpar\/pokol-a-hautacam-on-milyen-a-letape-du-tour-egy-atlagos-versenyzo-szamara\/#primaryimage\"},\"image\":{\"@id\":\"https:\/\/www.welovecycling.com\/hu\/orszaguti-kerekpar\/pokol-a-hautacam-on-milyen-a-letape-du-tour-egy-atlagos-versenyzo-szamara\/#primaryimage\"},\"thumbnailUrl\":\"https:\/\/d2p6e6u75xmxt8.cloudfront.net\/12\/2022\/07\/LEtape-2014-profimedia-0233624708-CVR.jpg\",\"datePublished\":\"2022-07-19T06:00:40+00:00\",\"author\":{\"@id\":\"https:\/\/www.welovecycling.com\/hu\/#\/schema\/person\/414a2aebf1801691a5320edb6468e194\"},\"description\":\"A hideg a csontjaimig hatol. Nem \u00e9rzem a kezemet \u00e9s a l\u00e1bamat. Az \u00f6sszes ker\u00e9kp\u00e1ros ruh\u00e1m rajtam van, de ez sem haszn\u00e1l. Egy pireneusi k\u00e1v\u00e9z\u00f3ban gubbasztok, k\u00f6r\u00fcl\u00f6ttem m\u00e1s ker\u00e9kp\u00e1rosokkal, mik\u00f6zben odakint szakad az es\u0151. Mindannyian forr\u00f3 italokat tartunk a kez\u00fcnkben, amiket alig \u00e9rz\u00fcnk, \u00e9s f\u00e1radt, \u00fcres tekintettel mered\u00fcnk magunk el\u00e9, tudv\u00e1n, hogy mind ugyanarra gondolunk: Mi\u00e9rt csin\u00e1ljuk ezt?\",\"breadcrumb\":{\"@id\":\"https:\/\/www.welovecycling.com\/hu\/orszaguti-kerekpar\/pokol-a-hautacam-on-milyen-a-letape-du-tour-egy-atlagos-versenyzo-szamara\/#breadcrumb\"},\"inLanguage\":\"hu\",\"potentialAction\":[{\"@type\":\"ReadAction\",\"target\":[\"https:\/\/www.welovecycling.com\/hu\/orszaguti-kerekpar\/pokol-a-hautacam-on-milyen-a-letape-du-tour-egy-atlagos-versenyzo-szamara\/\"]}]},{\"@type\":\"ImageObject\",\"inLanguage\":\"hu\",\"@id\":\"https:\/\/www.welovecycling.com\/hu\/orszaguti-kerekpar\/pokol-a-hautacam-on-milyen-a-letape-du-tour-egy-atlagos-versenyzo-szamara\/#primaryimage\",\"url\":\"https:\/\/d2p6e6u75xmxt8.cloudfront.net\/12\/2022\/07\/LEtape-2014-profimedia-0233624708-CVR.jpg\",\"contentUrl\":\"https:\/\/d2p6e6u75xmxt8.cloudfront.net\/12\/2022\/07\/LEtape-2014-profimedia-0233624708-CVR.jpg\",\"width\":990,\"height\":660,\"caption\":\"Hautcam race\"},{\"@type\":\"BreadcrumbList\",\"@id\":\"https:\/\/www.welovecycling.com\/hu\/orszaguti-kerekpar\/pokol-a-hautacam-on-milyen-a-letape-du-tour-egy-atlagos-versenyzo-szamara\/#breadcrumb\",\"itemListElement\":[{\"@type\":\"ListItem\",\"position\":1,\"name\":\"Home\",\"item\":\"https:\/\/www.welovecycling.com\/hu\/\"},{\"@type\":\"ListItem\",\"position\":2,\"name\":\"Pokol a Hautacam-on: Milyen a L\u2019Etape du Tour egy \u00e1tlagos versenyz\u0151 sz\u00e1m\u00e1ra?\"}]},{\"@type\":\"WebSite\",\"@id\":\"https:\/\/www.welovecycling.com\/hu\/#website\",\"url\":\"https:\/\/www.welovecycling.com\/hu\/\",\"name\":\"\u0160koda We Love Cycling - Magyarorsz\u00e1g\",\"description\":\"\u0160koda WeLoveCycling\",\"potentialAction\":[{\"@type\":\"SearchAction\",\"target\":{\"@type\":\"EntryPoint\",\"urlTemplate\":\"https:\/\/www.welovecycling.com\/hu\/?s={search_term_string}\"},\"query-input\":{\"@type\":\"PropertyValueSpecification\",\"valueRequired\":true,\"valueName\":\"search_term_string\"}}],\"inLanguage\":\"hu\"},{\"@type\":\"Person\",\"@id\":\"https:\/\/www.welovecycling.com\/hu\/#\/schema\/person\/414a2aebf1801691a5320edb6468e194\",\"name\":\"hegyizs\",\"image\":{\"@type\":\"ImageObject\",\"inLanguage\":\"hu\",\"@id\":\"https:\/\/www.welovecycling.com\/hu\/#\/schema\/person\/image\/\",\"url\":\"https:\/\/secure.gravatar.com\/avatar\/02cf8a7906b8cf90cecb4679defac7cfd33a1c2e3b88e4903d947f3bb58eedd3?s=96&d=mm&r=g\",\"contentUrl\":\"https:\/\/secure.gravatar.com\/avatar\/02cf8a7906b8cf90cecb4679defac7cfd33a1c2e3b88e4903d947f3bb58eedd3?s=96&d=mm&r=g\",\"caption\":\"hegyizs\"},\"url\":\"https:\/\/www.welovecycling.com\/hu\/author\/hegyizs\/\"}]}<\/script>\n<!-- \/ Yoast SEO Premium plugin. -->","yoast_head_json":{"title":"Pokol a Hautacam-on: Milyen a L\u2019Etape du Tour egy \u00e1tlagos versenyz\u0151 sz\u00e1m\u00e1ra?","description":"A hideg a csontjaimig hatol. Nem \u00e9rzem a kezemet \u00e9s a l\u00e1bamat. Az \u00f6sszes ker\u00e9kp\u00e1ros ruh\u00e1m rajtam van, de ez sem haszn\u00e1l. Egy pireneusi k\u00e1v\u00e9z\u00f3ban gubbasztok, k\u00f6r\u00fcl\u00f6ttem m\u00e1s ker\u00e9kp\u00e1rosokkal, mik\u00f6zben odakint szakad az es\u0151. Mindannyian forr\u00f3 italokat tartunk a kez\u00fcnkben, amiket alig \u00e9rz\u00fcnk, \u00e9s f\u00e1radt, \u00fcres tekintettel mered\u00fcnk magunk el\u00e9, tudv\u00e1n, hogy mind ugyanarra gondolunk: Mi\u00e9rt csin\u00e1ljuk ezt?","robots":{"index":"index","follow":"follow","max-snippet":"max-snippet:-1","max-image-preview":"max-image-preview:large","max-video-preview":"max-video-preview:-1"},"canonical":"https:\/\/www.welovecycling.com\/hu\/orszaguti-kerekpar\/pokol-a-hautacam-on-milyen-a-letape-du-tour-egy-atlagos-versenyzo-szamara\/","og_locale":"hu_HU","og_type":"article","og_title":"Pokol a Hautacam-on: Milyen a L\u2019Etape du Tour egy \u00e1tlagos versenyz\u0151 sz\u00e1m\u00e1ra?","og_description":"A hideg a csontjaimig hatol. Nem \u00e9rzem a kezemet \u00e9s a l\u00e1bamat. Az \u00f6sszes ker\u00e9kp\u00e1ros ruh\u00e1m rajtam van, de ez sem haszn\u00e1l. Egy pireneusi k\u00e1v\u00e9z\u00f3ban gubbasztok, k\u00f6r\u00fcl\u00f6ttem m\u00e1s ker\u00e9kp\u00e1rosokkal, mik\u00f6zben odakint szakad az es\u0151. Mindannyian forr\u00f3 italokat tartunk a kez\u00fcnkben, amiket alig \u00e9rz\u00fcnk, \u00e9s f\u00e1radt, \u00fcres tekintettel mered\u00fcnk magunk el\u00e9, tudv\u00e1n, hogy mind ugyanarra gondolunk: Mi\u00e9rt csin\u00e1ljuk ezt?","og_url":"https:\/\/www.welovecycling.com\/hu\/orszaguti-kerekpar\/pokol-a-hautacam-on-milyen-a-letape-du-tour-egy-atlagos-versenyzo-szamara\/","og_site_name":"\u0160koda We Love Cycling - Magyarorsz\u00e1g","article_publisher":"https:\/\/www.facebook.com\/WeLoveCyclingHungary\/","article_published_time":"2022-07-19T06:00:40+00:00","og_image":[{"width":990,"height":660,"url":"https:\/\/d2p6e6u75xmxt8.cloudfront.net\/12\/2022\/07\/LEtape-2014-profimedia-0233624708-CVR.jpg","type":"image\/jpeg"}],"author":"hegyizs","twitter_card":"summary_large_image","twitter_misc":{"Written by":"Joshua Donaldson","Est. reading time":"6"},"schema":{"@context":"https:\/\/schema.org","@graph":[{"@type":"WebPage","@id":"https:\/\/www.welovecycling.com\/hu\/orszaguti-kerekpar\/pokol-a-hautacam-on-milyen-a-letape-du-tour-egy-atlagos-versenyzo-szamara\/","url":"https:\/\/www.welovecycling.com\/hu\/orszaguti-kerekpar\/pokol-a-hautacam-on-milyen-a-letape-du-tour-egy-atlagos-versenyzo-szamara\/","name":"Pokol a Hautacam-on: Milyen a L\u2019Etape du Tour egy \u00e1tlagos versenyz\u0151 sz\u00e1m\u00e1ra?","isPartOf":{"@id":"https:\/\/www.welovecycling.com\/hu\/#website"},"primaryImageOfPage":{"@id":"https:\/\/www.welovecycling.com\/hu\/orszaguti-kerekpar\/pokol-a-hautacam-on-milyen-a-letape-du-tour-egy-atlagos-versenyzo-szamara\/#primaryimage"},"image":{"@id":"https:\/\/www.welovecycling.com\/hu\/orszaguti-kerekpar\/pokol-a-hautacam-on-milyen-a-letape-du-tour-egy-atlagos-versenyzo-szamara\/#primaryimage"},"thumbnailUrl":"https:\/\/d2p6e6u75xmxt8.cloudfront.net\/12\/2022\/07\/LEtape-2014-profimedia-0233624708-CVR.jpg","datePublished":"2022-07-19T06:00:40+00:00","author":{"@id":"https:\/\/www.welovecycling.com\/hu\/#\/schema\/person\/414a2aebf1801691a5320edb6468e194"},"description":"A hideg a csontjaimig hatol. Nem \u00e9rzem a kezemet \u00e9s a l\u00e1bamat. Az \u00f6sszes ker\u00e9kp\u00e1ros ruh\u00e1m rajtam van, de ez sem haszn\u00e1l. Egy pireneusi k\u00e1v\u00e9z\u00f3ban gubbasztok, k\u00f6r\u00fcl\u00f6ttem m\u00e1s ker\u00e9kp\u00e1rosokkal, mik\u00f6zben odakint szakad az es\u0151. Mindannyian forr\u00f3 italokat tartunk a kez\u00fcnkben, amiket alig \u00e9rz\u00fcnk, \u00e9s f\u00e1radt, \u00fcres tekintettel mered\u00fcnk magunk el\u00e9, tudv\u00e1n, hogy mind ugyanarra gondolunk: Mi\u00e9rt csin\u00e1ljuk ezt?","breadcrumb":{"@id":"https:\/\/www.welovecycling.com\/hu\/orszaguti-kerekpar\/pokol-a-hautacam-on-milyen-a-letape-du-tour-egy-atlagos-versenyzo-szamara\/#breadcrumb"},"inLanguage":"hu","potentialAction":[{"@type":"ReadAction","target":["https:\/\/www.welovecycling.com\/hu\/orszaguti-kerekpar\/pokol-a-hautacam-on-milyen-a-letape-du-tour-egy-atlagos-versenyzo-szamara\/"]}]},{"@type":"ImageObject","inLanguage":"hu","@id":"https:\/\/www.welovecycling.com\/hu\/orszaguti-kerekpar\/pokol-a-hautacam-on-milyen-a-letape-du-tour-egy-atlagos-versenyzo-szamara\/#primaryimage","url":"https:\/\/d2p6e6u75xmxt8.cloudfront.net\/12\/2022\/07\/LEtape-2014-profimedia-0233624708-CVR.jpg","contentUrl":"https:\/\/d2p6e6u75xmxt8.cloudfront.net\/12\/2022\/07\/LEtape-2014-profimedia-0233624708-CVR.jpg","width":990,"height":660,"caption":"Hautcam race"},{"@type":"BreadcrumbList","@id":"https:\/\/www.welovecycling.com\/hu\/orszaguti-kerekpar\/pokol-a-hautacam-on-milyen-a-letape-du-tour-egy-atlagos-versenyzo-szamara\/#breadcrumb","itemListElement":[{"@type":"ListItem","position":1,"name":"Home","item":"https:\/\/www.welovecycling.com\/hu\/"},{"@type":"ListItem","position":2,"name":"Pokol a Hautacam-on: Milyen a L\u2019Etape du Tour egy \u00e1tlagos versenyz\u0151 sz\u00e1m\u00e1ra?"}]},{"@type":"WebSite","@id":"https:\/\/www.welovecycling.com\/hu\/#website","url":"https:\/\/www.welovecycling.com\/hu\/","name":"\u0160koda We Love Cycling - Magyarorsz\u00e1g","description":"\u0160koda WeLoveCycling","potentialAction":[{"@type":"SearchAction","target":{"@type":"EntryPoint","urlTemplate":"https:\/\/www.welovecycling.com\/hu\/?s={search_term_string}"},"query-input":{"@type":"PropertyValueSpecification","valueRequired":true,"valueName":"search_term_string"}}],"inLanguage":"hu"},{"@type":"Person","@id":"https:\/\/www.welovecycling.com\/hu\/#\/schema\/person\/414a2aebf1801691a5320edb6468e194","name":"hegyizs","image":{"@type":"ImageObject","inLanguage":"hu","@id":"https:\/\/www.welovecycling.com\/hu\/#\/schema\/person\/image\/","url":"https:\/\/secure.gravatar.com\/avatar\/02cf8a7906b8cf90cecb4679defac7cfd33a1c2e3b88e4903d947f3bb58eedd3?s=96&d=mm&r=g","contentUrl":"https:\/\/secure.gravatar.com\/avatar\/02cf8a7906b8cf90cecb4679defac7cfd33a1c2e3b88e4903d947f3bb58eedd3?s=96&d=mm&r=g","caption":"hegyizs"},"url":"https:\/\/www.welovecycling.com\/hu\/author\/hegyizs\/"}]}},"_links":{"self":[{"href":"https:\/\/www.welovecycling.com\/hu\/wp-json\/wp\/v2\/posts\/15432","targetHints":{"allow":["GET"]}}],"collection":[{"href":"https:\/\/www.welovecycling.com\/hu\/wp-json\/wp\/v2\/posts"}],"about":[{"href":"https:\/\/www.welovecycling.com\/hu\/wp-json\/wp\/v2\/types\/post"}],"author":[{"embeddable":true,"href":"https:\/\/www.welovecycling.com\/hu\/wp-json\/wp\/v2\/users\/71"}],"replies":[{"embeddable":true,"href":"https:\/\/www.welovecycling.com\/hu\/wp-json\/wp\/v2\/comments?post=15432"}],"version-history":[{"count":2,"href":"https:\/\/www.welovecycling.com\/hu\/wp-json\/wp\/v2\/posts\/15432\/revisions"}],"predecessor-version":[{"id":15437,"href":"https:\/\/www.welovecycling.com\/hu\/wp-json\/wp\/v2\/posts\/15432\/revisions\/15437"}],"wp:featuredmedia":[{"embeddable":true,"href":"https:\/\/www.welovecycling.com\/hu\/wp-json\/wp\/v2\/media\/15436"}],"wp:attachment":[{"href":"https:\/\/www.welovecycling.com\/hu\/wp-json\/wp\/v2\/media?parent=15432"}],"wp:term":[{"taxonomy":"category","embeddable":true,"href":"https:\/\/www.welovecycling.com\/hu\/wp-json\/wp\/v2\/categories?post=15432"},{"taxonomy":"post_tag","embeddable":true,"href":"https:\/\/www.welovecycling.com\/hu\/wp-json\/wp\/v2\/tags?post=15432"},{"taxonomy":"global-categories","embeddable":true,"href":"https:\/\/www.welovecycling.com\/hu\/wp-json\/wp\/v2\/global-categories?post=15432"}],"curies":[{"name":"wp","href":"https:\/\/api.w.org\/{rel}","templated":true}]}}