{"id":15420,"date":"2022-07-21T08:00:11","date_gmt":"2022-07-21T06:00:11","guid":{"rendered":"https:\/\/www.welovecycling.com\/hu\/?p=15420"},"modified":"2022-07-29T09:11:13","modified_gmt":"2022-07-29T07:11:13","slug":"elhagyja-a-quick-step-csapatat-mark-cavendish","status":"publish","type":"post","link":"https:\/\/www.welovecycling.com\/hu\/orszaguti-kerekpar\/elhagyja-a-quick-step-csapatat-mark-cavendish\/","title":{"rendered":"Elhagyja a Quick-Step csapat\u00e1t Mark Cavendish"},"content":{"rendered":"<p><strong>Mark Cavendish t\u00e1vozik a Quick-Step Alpha Vinylt\u0151l, amikor jelenlegi szerz\u0151d\u00e9se az \u00e9v v\u00e9g\u00e9n lej\u00e1r.<\/strong><!--more--><\/p>\n<p>A La Gazzetta dello Sport \u00fajs\u00e1gnak adott interj\u00faj\u00e1ban sz\u00e1molt be Patrick Lefevere arr\u00f3l, hogy Cavendish n\u00e1luk t\u00f6lt\u00f6tt ideje hamarosan v\u00e9get \u00e9r.<\/p>\n<p><em>\u201eAzt hiszem, lehetetlen, hogy maradjon. F\u00e1j a sz\u00edvem \u00e9rte\u2026 de \u00fagy t\u0171nik, elj\u00f6n az id\u0151, amikor meg kell k\u00f6sz\u00f6nn\u00fcnk, amit a csapat\u00e9rt tett, \u00e9s rem\u00e9lem, \u0151 is h\u00e1l\u00e1s lesz nek\u00fcnk\u201d<\/em> \u2013 mondta a csapatkapit\u00e1ny.<\/p>\n<p><em>\u201eTudom, hogy szeretne m\u00e9g k\u00e9t \u00e9vet vel\u00fcnk dolgozni\u2026 de nem r\u00e9sze a j\u00f6v\u0151beli terveinknek\u201d<\/em> \u2013 tette hozz\u00e1.<\/p>\n<p>A Cycling Weekly megkeres\u00e9s\u00e9re a Quick-Step Alpha Vinyl \u00edgy reag\u00e1lt: \u201e<em>Jelenleg nem nyilatkozunk Mark szerz\u0151d\u00e9s\u00e9r\u0151l, hiszen nincs egy\u00e9b inform\u00e1ci\u00f3nk, mint hogy \u00e9v v\u00e9g\u00e9n lej\u00e1r.\u201d<\/em><\/p>\n<p>M\u00e1r az is vit\u00e1kat v\u00e1ltott ki, hogy Cavendisht kihagyt\u00e1k a Tour de France-on indul\u00f3 csapatb\u00f3l. David Millar egyike volt a sz\u00e1mos h\u00edress\u00e9gnek, aki kiemelte, mennyire meg\u00e9rdemelte volna a versenyz\u0151 ezt a lehet\u0151s\u00e9get.<\/p>\n<p>Cavendish a k\u00f6zelm\u00faltban leny\u0171g\u00f6z\u0151 m\u00f3don megnyerte m\u00e1sodszorra is brit nemzeti bajnok lett. A 37 \u00e9ves j\u00e1t\u00e9kos kiv\u00e1l\u00f3 teljes\u00edtm\u00e9nyt ny\u00fajtott, hogy megszerezze a bajnoki mezt, \u00e9s azt nyilatkozta, hogy \u201eel\u00e9g j\u00f3 a Tour-hoz\u201d.<\/p>\n<p>34 Tour de France szakaszgy\u0151zelm\u00e9vel holtversenyben \u00e1ll Eddy Merckxszel, \u00e9s megengedte mag\u00e1nak, hogy egy 35. szakaszgy\u0151zelemr\u0151l \u00e1lmodozzon. Miel\u0151tt kider\u00fclt volna, hogy nem indul a versenyen, \u00edgy nyilatkozott: \u201eEl tudod k\u00e9pzelni, milyen lehet megnyerni a 35. szakaszod a Tour de France-on? Csod\u00e1latos lenne. \u00d6r\u00f6k \u00e9lm\u00e9ny.\u201d<\/p>\n<p>A h\u00edr, miszerint a Quick-Step nem aj\u00e1nlott fel neki szerz\u0151d\u00e9shosszabb\u00edt\u00e1st, nagy felt\u0171n\u00e9st keltett, hiszen a versenyz\u0151 Castle Douglas-ben ny\u00fajtott teljes\u00edtm\u00e9nye \u00e9s a megm\u00e9rettet\u00e9s el\u0151tti form\u00e1ja arr\u00f3l tan\u00faskodott, hogy m\u00e9g mindig k\u00e9pes a legmagasabb szinten teljes\u00edteni.<\/p>\n<p>Tal\u00e1n m\u00e1s csapatok felk\u00edn\u00e1lj\u00e1k neki az es\u00e9lyt a k\u00f6vetkez\u0151 \u00e9vben, hogy \u00fajra szakaszt nyerjen.<\/p>\n<p>Egy\u00e9bk\u00e9nt nem Cavendish volt az egyetlen nagy horderej\u0171 n\u00e9v a Quick-Step Alpha Vinylb\u0151l, aki id\u00e9n kimaradt a Tour de France-b\u00f3l. jelenlegi vil\u00e1gbajnok, Julian Alaphilippe is kispadr\u00f3l n\u00e9zi v\u00e9gig, mik\u00f6zben a Li\u00e8ge\u2013Bastogne\u2013Li\u00e8ge-en szerzett s\u00e9r\u00fcl\u00e9seib\u0151l l\u00e1badozik.<\/p>\n<p><em>Bor\u00edt\u00f3k\u00e9p: Alex Whitehead\/SWpix.com<\/em><\/p>\n<p><em>Forr\u00e1s: <\/em><a href=\"https:\/\/www.cyclingweekly.com\/racing\/mark-cavendish-expected-to-leave-quick-step-alpha-vinyl-at-end-of-the-year\"><em>cyclingweekly.com<\/em><\/a><\/p>\n","protected":false},"excerpt":{"rendered":"<p>Mark Cavendish t\u00e1vozik a Quick-Step Alpha Vinylt\u0151l, amikor jelenlegi szerz\u0151d\u00e9se az \u00e9v v\u00e9g\u00e9n lej\u00e1r.<\/p>\n","protected":false},"author":71,"featured_media":15421,"comment_status":"open","ping_status":"open","sticky":false,"template":"","format":"standard","meta":{"footnotes":""},"categories":[8],"tags":[],"global-categories":[],"class_list":["post-15420","post","type-post","status-publish","format-standard","has-post-thumbnail","hentry","category-orszaguti-kerekpar"],"yoast_head":"<!-- This site is optimized with the Yoast SEO Premium plugin v25.3 (Yoast SEO v25.9) - https:\/\/yoast.com\/wordpress\/plugins\/seo\/ -->\n<title>Elhagyja a Quick-Step csapat\u00e1t Mark Cavendish<\/title>\n<meta name=\"description\" content=\"Mark Cavendish t\u00e1vozik a Quick-Step Alpha Vinylt\u0151l, amikor jelenlegi szerz\u0151d\u00e9se az \u00e9v v\u00e9g\u00e9n lej\u00e1r.\" \/>\n<meta name=\"robots\" content=\"index, follow, max-snippet:-1, max-image-preview:large, max-video-preview:-1\" \/>\n<link rel=\"canonical\" href=\"https:\/\/www.welovecycling.com\/hu\/orszaguti-kerekpar\/elhagyja-a-quick-step-csapatat-mark-cavendish\/\" \/>\n<meta property=\"og:locale\" content=\"hu_HU\" \/>\n<meta property=\"og:type\" content=\"article\" \/>\n<meta property=\"og:title\" content=\"Elhagyja a Quick-Step csapat\u00e1t Mark Cavendish\" \/>\n<meta property=\"og:description\" content=\"Mark Cavendish t\u00e1vozik a Quick-Step Alpha Vinylt\u0151l, amikor jelenlegi szerz\u0151d\u00e9se az \u00e9v v\u00e9g\u00e9n lej\u00e1r.\" \/>\n<meta property=\"og:url\" content=\"https:\/\/www.welovecycling.com\/hu\/orszaguti-kerekpar\/elhagyja-a-quick-step-csapatat-mark-cavendish\/\" \/>\n<meta property=\"og:site_name\" content=\"\u0160koda We Love Cycling - Magyarorsz\u00e1g\" \/>\n<meta property=\"article:publisher\" content=\"https:\/\/www.facebook.com\/WeLoveCyclingHungary\/\" \/>\n<meta property=\"article:published_time\" content=\"2022-07-21T06:00:11+00:00\" \/>\n<meta property=\"article:modified_time\" content=\"2022-07-29T07:11:13+00:00\" \/>\n<meta property=\"og:image\" content=\"https:\/\/d2p6e6u75xmxt8.cloudfront.net\/12\/2022\/07\/mfjgK3SWFTSZ4RcfcCKFtm-1920-80.jpeg\" \/>\n\t<meta property=\"og:image:width\" content=\"1920\" \/>\n\t<meta property=\"og:image:height\" content=\"1279\" \/>\n\t<meta property=\"og:image:type\" content=\"image\/jpeg\" \/>\n<meta name=\"author\" content=\"hegyizs\" \/>\n<meta name=\"twitter:card\" content=\"summary_large_image\" \/>\n<meta name=\"twitter:label1\" content=\"Written by\" \/>\n\t<meta name=\"twitter:data1\" content=\"WLC\" \/>\n\t<meta name=\"twitter:label2\" content=\"Est. reading time\" \/>\n\t<meta name=\"twitter:data2\" content=\"2 minutes\" \/>\n<script type=\"application\/ld+json\" class=\"yoast-schema-graph\">{\"@context\":\"https:\/\/schema.org\",\"@graph\":[{\"@type\":\"WebPage\",\"@id\":\"https:\/\/www.welovecycling.com\/hu\/orszaguti-kerekpar\/elhagyja-a-quick-step-csapatat-mark-cavendish\/\",\"url\":\"https:\/\/www.welovecycling.com\/hu\/orszaguti-kerekpar\/elhagyja-a-quick-step-csapatat-mark-cavendish\/\",\"name\":\"Elhagyja a Quick-Step csapat\u00e1t Mark Cavendish\",\"isPartOf\":{\"@id\":\"https:\/\/www.welovecycling.com\/hu\/#website\"},\"primaryImageOfPage\":{\"@id\":\"https:\/\/www.welovecycling.com\/hu\/orszaguti-kerekpar\/elhagyja-a-quick-step-csapatat-mark-cavendish\/#primaryimage\"},\"image\":{\"@id\":\"https:\/\/www.welovecycling.com\/hu\/orszaguti-kerekpar\/elhagyja-a-quick-step-csapatat-mark-cavendish\/#primaryimage\"},\"thumbnailUrl\":\"https:\/\/d2p6e6u75xmxt8.cloudfront.net\/12\/2022\/07\/mfjgK3SWFTSZ4RcfcCKFtm-1920-80.jpeg\",\"datePublished\":\"2022-07-21T06:00:11+00:00\",\"dateModified\":\"2022-07-29T07:11:13+00:00\",\"author\":{\"@id\":\"https:\/\/www.welovecycling.com\/hu\/#\/schema\/person\/414a2aebf1801691a5320edb6468e194\"},\"description\":\"Mark Cavendish t\u00e1vozik a Quick-Step Alpha Vinylt\u0151l, amikor jelenlegi szerz\u0151d\u00e9se az \u00e9v v\u00e9g\u00e9n lej\u00e1r.\",\"breadcrumb\":{\"@id\":\"https:\/\/www.welovecycling.com\/hu\/orszaguti-kerekpar\/elhagyja-a-quick-step-csapatat-mark-cavendish\/#breadcrumb\"},\"inLanguage\":\"hu\",\"potentialAction\":[{\"@type\":\"ReadAction\",\"target\":[\"https:\/\/www.welovecycling.com\/hu\/orszaguti-kerekpar\/elhagyja-a-quick-step-csapatat-mark-cavendish\/\"]}]},{\"@type\":\"ImageObject\",\"inLanguage\":\"hu\",\"@id\":\"https:\/\/www.welovecycling.com\/hu\/orszaguti-kerekpar\/elhagyja-a-quick-step-csapatat-mark-cavendish\/#primaryimage\",\"url\":\"https:\/\/d2p6e6u75xmxt8.cloudfront.net\/12\/2022\/07\/mfjgK3SWFTSZ4RcfcCKFtm-1920-80.jpeg\",\"contentUrl\":\"https:\/\/d2p6e6u75xmxt8.cloudfront.net\/12\/2022\/07\/mfjgK3SWFTSZ4RcfcCKFtm-1920-80.jpeg\",\"width\":1920,\"height\":1279},{\"@type\":\"BreadcrumbList\",\"@id\":\"https:\/\/www.welovecycling.com\/hu\/orszaguti-kerekpar\/elhagyja-a-quick-step-csapatat-mark-cavendish\/#breadcrumb\",\"itemListElement\":[{\"@type\":\"ListItem\",\"position\":1,\"name\":\"Home\",\"item\":\"https:\/\/www.welovecycling.com\/hu\/\"},{\"@type\":\"ListItem\",\"position\":2,\"name\":\"Elhagyja a Quick-Step csapat\u00e1t Mark Cavendish\"}]},{\"@type\":\"WebSite\",\"@id\":\"https:\/\/www.welovecycling.com\/hu\/#website\",\"url\":\"https:\/\/www.welovecycling.com\/hu\/\",\"name\":\"\u0160koda We Love Cycling - Magyarorsz\u00e1g\",\"description\":\"\u0160koda WeLoveCycling\",\"potentialAction\":[{\"@type\":\"SearchAction\",\"target\":{\"@type\":\"EntryPoint\",\"urlTemplate\":\"https:\/\/www.welovecycling.com\/hu\/?s={search_term_string}\"},\"query-input\":{\"@type\":\"PropertyValueSpecification\",\"valueRequired\":true,\"valueName\":\"search_term_string\"}}],\"inLanguage\":\"hu\"},{\"@type\":\"Person\",\"@id\":\"https:\/\/www.welovecycling.com\/hu\/#\/schema\/person\/414a2aebf1801691a5320edb6468e194\",\"name\":\"hegyizs\",\"image\":{\"@type\":\"ImageObject\",\"inLanguage\":\"hu\",\"@id\":\"https:\/\/www.welovecycling.com\/hu\/#\/schema\/person\/image\/\",\"url\":\"https:\/\/secure.gravatar.com\/avatar\/02cf8a7906b8cf90cecb4679defac7cfd33a1c2e3b88e4903d947f3bb58eedd3?s=96&d=mm&r=g\",\"contentUrl\":\"https:\/\/secure.gravatar.com\/avatar\/02cf8a7906b8cf90cecb4679defac7cfd33a1c2e3b88e4903d947f3bb58eedd3?s=96&d=mm&r=g\",\"caption\":\"hegyizs\"},\"url\":\"https:\/\/www.welovecycling.com\/hu\/author\/hegyizs\/\"}]}<\/script>\n<!-- \/ Yoast SEO Premium plugin. -->","yoast_head_json":{"title":"Elhagyja a Quick-Step csapat\u00e1t Mark Cavendish","description":"Mark Cavendish t\u00e1vozik a Quick-Step Alpha Vinylt\u0151l, amikor jelenlegi szerz\u0151d\u00e9se az \u00e9v v\u00e9g\u00e9n lej\u00e1r.","robots":{"index":"index","follow":"follow","max-snippet":"max-snippet:-1","max-image-preview":"max-image-preview:large","max-video-preview":"max-video-preview:-1"},"canonical":"https:\/\/www.welovecycling.com\/hu\/orszaguti-kerekpar\/elhagyja-a-quick-step-csapatat-mark-cavendish\/","og_locale":"hu_HU","og_type":"article","og_title":"Elhagyja a Quick-Step csapat\u00e1t Mark Cavendish","og_description":"Mark Cavendish t\u00e1vozik a Quick-Step Alpha Vinylt\u0151l, amikor jelenlegi szerz\u0151d\u00e9se az \u00e9v v\u00e9g\u00e9n lej\u00e1r.","og_url":"https:\/\/www.welovecycling.com\/hu\/orszaguti-kerekpar\/elhagyja-a-quick-step-csapatat-mark-cavendish\/","og_site_name":"\u0160koda We Love Cycling - Magyarorsz\u00e1g","article_publisher":"https:\/\/www.facebook.com\/WeLoveCyclingHungary\/","article_published_time":"2022-07-21T06:00:11+00:00","article_modified_time":"2022-07-29T07:11:13+00:00","og_image":[{"width":1920,"height":1279,"url":"https:\/\/d2p6e6u75xmxt8.cloudfront.net\/12\/2022\/07\/mfjgK3SWFTSZ4RcfcCKFtm-1920-80.jpeg","type":"image\/jpeg"}],"author":"hegyizs","twitter_card":"summary_large_image","twitter_misc":{"Written by":"WLC","Est. reading time":"2 minutes"},"schema":{"@context":"https:\/\/schema.org","@graph":[{"@type":"WebPage","@id":"https:\/\/www.welovecycling.com\/hu\/orszaguti-kerekpar\/elhagyja-a-quick-step-csapatat-mark-cavendish\/","url":"https:\/\/www.welovecycling.com\/hu\/orszaguti-kerekpar\/elhagyja-a-quick-step-csapatat-mark-cavendish\/","name":"Elhagyja a Quick-Step csapat\u00e1t Mark Cavendish","isPartOf":{"@id":"https:\/\/www.welovecycling.com\/hu\/#website"},"primaryImageOfPage":{"@id":"https:\/\/www.welovecycling.com\/hu\/orszaguti-kerekpar\/elhagyja-a-quick-step-csapatat-mark-cavendish\/#primaryimage"},"image":{"@id":"https:\/\/www.welovecycling.com\/hu\/orszaguti-kerekpar\/elhagyja-a-quick-step-csapatat-mark-cavendish\/#primaryimage"},"thumbnailUrl":"https:\/\/d2p6e6u75xmxt8.cloudfront.net\/12\/2022\/07\/mfjgK3SWFTSZ4RcfcCKFtm-1920-80.jpeg","datePublished":"2022-07-21T06:00:11+00:00","dateModified":"2022-07-29T07:11:13+00:00","author":{"@id":"https:\/\/www.welovecycling.com\/hu\/#\/schema\/person\/414a2aebf1801691a5320edb6468e194"},"description":"Mark Cavendish t\u00e1vozik a Quick-Step Alpha Vinylt\u0151l, amikor jelenlegi szerz\u0151d\u00e9se az \u00e9v v\u00e9g\u00e9n lej\u00e1r.","breadcrumb":{"@id":"https:\/\/www.welovecycling.com\/hu\/orszaguti-kerekpar\/elhagyja-a-quick-step-csapatat-mark-cavendish\/#breadcrumb"},"inLanguage":"hu","potentialAction":[{"@type":"ReadAction","target":["https:\/\/www.welovecycling.com\/hu\/orszaguti-kerekpar\/elhagyja-a-quick-step-csapatat-mark-cavendish\/"]}]},{"@type":"ImageObject","inLanguage":"hu","@id":"https:\/\/www.welovecycling.com\/hu\/orszaguti-kerekpar\/elhagyja-a-quick-step-csapatat-mark-cavendish\/#primaryimage","url":"https:\/\/d2p6e6u75xmxt8.cloudfront.net\/12\/2022\/07\/mfjgK3SWFTSZ4RcfcCKFtm-1920-80.jpeg","contentUrl":"https:\/\/d2p6e6u75xmxt8.cloudfront.net\/12\/2022\/07\/mfjgK3SWFTSZ4RcfcCKFtm-1920-80.jpeg","width":1920,"height":1279},{"@type":"BreadcrumbList","@id":"https:\/\/www.welovecycling.com\/hu\/orszaguti-kerekpar\/elhagyja-a-quick-step-csapatat-mark-cavendish\/#breadcrumb","itemListElement":[{"@type":"ListItem","position":1,"name":"Home","item":"https:\/\/www.welovecycling.com\/hu\/"},{"@type":"ListItem","position":2,"name":"Elhagyja a Quick-Step csapat\u00e1t Mark Cavendish"}]},{"@type":"WebSite","@id":"https:\/\/www.welovecycling.com\/hu\/#website","url":"https:\/\/www.welovecycling.com\/hu\/","name":"\u0160koda We Love Cycling - Magyarorsz\u00e1g","description":"\u0160koda WeLoveCycling","potentialAction":[{"@type":"SearchAction","target":{"@type":"EntryPoint","urlTemplate":"https:\/\/www.welovecycling.com\/hu\/?s={search_term_string}"},"query-input":{"@type":"PropertyValueSpecification","valueRequired":true,"valueName":"search_term_string"}}],"inLanguage":"hu"},{"@type":"Person","@id":"https:\/\/www.welovecycling.com\/hu\/#\/schema\/person\/414a2aebf1801691a5320edb6468e194","name":"hegyizs","image":{"@type":"ImageObject","inLanguage":"hu","@id":"https:\/\/www.welovecycling.com\/hu\/#\/schema\/person\/image\/","url":"https:\/\/secure.gravatar.com\/avatar\/02cf8a7906b8cf90cecb4679defac7cfd33a1c2e3b88e4903d947f3bb58eedd3?s=96&d=mm&r=g","contentUrl":"https:\/\/secure.gravatar.com\/avatar\/02cf8a7906b8cf90cecb4679defac7cfd33a1c2e3b88e4903d947f3bb58eedd3?s=96&d=mm&r=g","caption":"hegyizs"},"url":"https:\/\/www.welovecycling.com\/hu\/author\/hegyizs\/"}]}},"_links":{"self":[{"href":"https:\/\/www.welovecycling.com\/hu\/wp-json\/wp\/v2\/posts\/15420","targetHints":{"allow":["GET"]}}],"collection":[{"href":"https:\/\/www.welovecycling.com\/hu\/wp-json\/wp\/v2\/posts"}],"about":[{"href":"https:\/\/www.welovecycling.com\/hu\/wp-json\/wp\/v2\/types\/post"}],"author":[{"embeddable":true,"href":"https:\/\/www.welovecycling.com\/hu\/wp-json\/wp\/v2\/users\/71"}],"replies":[{"embeddable":true,"href":"https:\/\/www.welovecycling.com\/hu\/wp-json\/wp\/v2\/comments?post=15420"}],"version-history":[{"count":2,"href":"https:\/\/www.welovecycling.com\/hu\/wp-json\/wp\/v2\/posts\/15420\/revisions"}],"predecessor-version":[{"id":15520,"href":"https:\/\/www.welovecycling.com\/hu\/wp-json\/wp\/v2\/posts\/15420\/revisions\/15520"}],"wp:featuredmedia":[{"embeddable":true,"href":"https:\/\/www.welovecycling.com\/hu\/wp-json\/wp\/v2\/media\/15421"}],"wp:attachment":[{"href":"https:\/\/www.welovecycling.com\/hu\/wp-json\/wp\/v2\/media?parent=15420"}],"wp:term":[{"taxonomy":"category","embeddable":true,"href":"https:\/\/www.welovecycling.com\/hu\/wp-json\/wp\/v2\/categories?post=15420"},{"taxonomy":"post_tag","embeddable":true,"href":"https:\/\/www.welovecycling.com\/hu\/wp-json\/wp\/v2\/tags?post=15420"},{"taxonomy":"global-categories","embeddable":true,"href":"https:\/\/www.welovecycling.com\/hu\/wp-json\/wp\/v2\/global-categories?post=15420"}],"curies":[{"name":"wp","href":"https:\/\/api.w.org\/{rel}","templated":true}]}}