{"id":15405,"date":"2022-07-15T11:38:32","date_gmt":"2022-07-15T09:38:32","guid":{"rendered":"https:\/\/www.welovecycling.com\/hu\/?p=15405"},"modified":"2022-07-15T11:38:32","modified_gmt":"2022-07-15T09:38:32","slug":"a-szereny-dan-halasfiu-vingegaard-nemreg-meg-a-halpiacon-csomagolt-reszmunkaidoben-most-tour-gyoztes-lehet","status":"publish","type":"post","link":"https:\/\/www.welovecycling.com\/hu\/orszaguti-kerekpar\/a-szereny-dan-halasfiu-vingegaard-nemreg-meg-a-halpiacon-csomagolt-reszmunkaidoben-most-tour-gyoztes-lehet\/","title":{"rendered":"A szer\u00e9ny d\u00e1n halasfi\u00fa: Vingegaard nemr\u00e9g m\u00e9g a halpiacon csomagolt r\u00e9szmunkaid\u0151ben, most Tour-gy\u0151ztes lehet"},"content":{"rendered":"<p><strong>Jonas Vingegaard olyan \u00e9rt\u00e9keket kapott sz\u00fcleit\u0151l, amelyek kulcsszerepet j\u00e1tszanak kitart\u00e1s\u00e1ban, munkab\u00edr\u00e1s\u00e1ban \u00e9s sikereiben. Az \u00faj d\u00e1n nemzeti h\u0151s t\u00f6rt\u00e9nete p\u00e9lda\u00e9rt\u00e9k\u0171 mindenki sz\u00e1m\u00e1ra.<\/strong><!--more--><\/p>\n<p>Az ut\u00f3bbi \u00e9vek (\u00e9vtized?) egyik legnagyszer\u0171bb szakasza volt a Tour de France 11., Albertville \u00e9s a Col du Granon k\u00f6z\u00f6tti etapja, mely fantasztikus versenyt \u00e9s fantasztikus fordulatokat hozott.<\/p>\n<p>A 151 km-es t\u00e1v egy-egy els\u0151 \u00e9s m\u00e1sodik, majd a v\u00e9g\u00e9n k\u00e9t kiemelt kateg\u00f3ri\u00e1s hegyet tartalmazott, k\u00f6zte a legut\u00f3bb 1986-ban Tour-szerepl\u0151 Col du Galibier-vel, itt volt az idei verseny legmagasabb cs\u00facsa is 2630 m-en. \u00c9s itt kezdte el a Jumbo \u00f6sszehangolt aknamunk\u00e1j\u00e1t a c\u00edmv\u00e9d\u0151 \u00e9s \u00f6sszetett \u00e9llovas Tadej Poga\u010dar ellen, m\u00e1r j\u00f3 60 km-rel a v\u00e9ge el\u0151tt, \u00e9s a folyamatos felv\u00e1ltott t\u00e1mad\u00e1sok nyom\u00e1n olyasmi t\u00f6rt\u00e9nt, ami eddig m\u00e9g sosem. A megrogyaszthatatlannak t\u0171n\u0151 szlov\u00e9n a legv\u00e9g\u00e9re csak megrogyott, nem is kicsit: Jonas Vingegaard d\u00f6nt\u0151, 4.6 km-rel a c\u00e9l el\u0151tt ind\u00edtott akci\u00f3j\u00e1t m\u00e1r nem tudta \u00e1tvenni, v\u00e9g\u00fcl teljesen elfogyott, t\u0151le soha nem l\u00e1tott szenved\u00e9ssel \u00e9rt be a 2400 m-en kijel\u00f6lt c\u00e9lba \u2013 a s\u00e1rga trik\u00f3t \u00e1tvev\u0151 d\u00e1nt\u00f3l majdnem h\u00e1rom percet kapott, de m\u00e9g Romain Bardet is bej\u00f6tt el\u00e9 m\u00e1sodiknak az \u00f6sszetett versenyben.<\/p>\n<figure id=\"attachment_15408\" aria-describedby=\"caption-attachment-15408\" style=\"width: 1920px\" class=\"wp-caption alignnone\"><a href=\"https:\/\/d2p6e6u75xmxt8.cloudfront.net\/12\/2022\/07\/vinge-pogi-scaled.jpg\"><img loading=\"lazy\" decoding=\"async\" class=\"wp-image-15408 size-extra-large\" src=\"https:\/\/d2p6e6u75xmxt8.cloudfront.net\/12\/2022\/07\/vinge-pogi-1920x1276.jpg\" alt=\"\" width=\"1920\" height=\"1276\" srcset=\"https:\/\/d2p6e6u75xmxt8.cloudfront.net\/12\/2022\/07\/vinge-pogi-1920x1276.jpg 1920w, https:\/\/d2p6e6u75xmxt8.cloudfront.net\/12\/2022\/07\/vinge-pogi-300x199.jpg 300w, https:\/\/d2p6e6u75xmxt8.cloudfront.net\/12\/2022\/07\/vinge-pogi-1024x681.jpg 1024w, https:\/\/d2p6e6u75xmxt8.cloudfront.net\/12\/2022\/07\/vinge-pogi-768x511.jpg 768w, https:\/\/d2p6e6u75xmxt8.cloudfront.net\/12\/2022\/07\/vinge-pogi-1536x1021.jpg 1536w, https:\/\/d2p6e6u75xmxt8.cloudfront.net\/12\/2022\/07\/vinge-pogi-2048x1361.jpg 2048w, https:\/\/d2p6e6u75xmxt8.cloudfront.net\/12\/2022\/07\/vinge-pogi-272x182.jpg 272w, https:\/\/d2p6e6u75xmxt8.cloudfront.net\/12\/2022\/07\/vinge-pogi-1920x1276.jpg 1920w\" sizes=\"auto, (max-width: 1920px) 100vw, 1920px\" \/><\/a><figcaption id=\"caption-attachment-15408\" class=\"wp-caption-text\"><em>Pogacar itt m\u00e9g s\u00e1rg\u00e1ban, de a szenz\u00e1ci\u00f3s verseny ut\u00e1n Vingegaard-ra ker\u00fclt \u00e1t a trik\u00f3 (fot\u00f3: Getty)<\/em><\/figcaption><\/figure>\n<p>Vingegaard \u00f3ri\u00e1si meglepet\u00e9sre m\u00e1r tavaly is m\u00e1sodikk\u00e9nt v\u00e9gzett a Touron Poga\u010dar m\u00f6g\u00f6tt, most azonban minden es\u00e9lye megvan r\u00e1, hogy remek form\u00e1j\u00e1ban, bivalyer\u0151s csapat\u00e1val a h\u00e1ta m\u00f6g\u00f6tt meg is nyerje a vil\u00e1g legnagyobb ker\u00e9kp\u00e1rverseny\u00e9t.<\/p>\n<p>A d\u00e1n \u201ehalasfi\u00fa\u201d t\u00f6rt\u00e9nete \u00f6nmag\u00e1ban meg\u00e9r egy mis\u00e9t. Vingegaard-nak a tavalyi esztend\u0151 hozta meg az \u00e1tt\u00f6r\u00e9st, amikor sz\u00f3 szerint berobbant az elitbe: m\u00e1r az \u00e9vnyit\u00f3 UAE Touron megcib\u00e1lta Poga\u010dar bajsz\u00e1t azzal, hogy az \u00f6t\u00f6dik szakaszt megnyerte el\u0151tte h\u00e1rom m\u00e1sodperccel, majd j\u00f6tt az eml\u00e9kezetes Tour-ja, ahol ut\u00f3lag ker\u00fclt be a Jumbo-keretbe Tom Dumoulin hely\u00e9re, \u00e9s egyb\u0151l szenz\u00e1ci\u00f3s m\u00e1sodik helyet szerzett. A d\u00e1nok \u00faj nemzeti h\u0151se az\u00f3ta is a mez\u0151ny egyik legkedveltebb, legszer\u00e9nyebb figur\u00e1ja, aki sosem felejtette el, honnan j\u00f6tt, \u00e9s milyen kem\u00e9nyen kellett dolgoznia az\u00e9rt, hogy megval\u00f3s\u00edtsa \u00e1lmait. 2017-ben m\u00e9g egy isten h\u00e1ta m\u00f6g\u00f6tti \u00e9szaknyugat-d\u00e1niai halpiacon csomagolta a halakat r\u00e9szmunkaid\u0151ben: a nap els\u0151 fel\u00e9ben k\u00e9tkezi munk\u00e1t v\u00e9gzett \u2013 jeget lap\u00e1tolt, halat v\u00e1gott \u00e9s csomagolt \u2013, hogy a m\u00e1sik fel\u00e9t a bringaedz\u00e9sekkel t\u00f6lthesse a helyi kontinent\u00e1lis csapatn\u00e1l (ColoQuick), \u00e9s egyszer majd el\u00e9rhesse a v\u00e1gyott profi szintet.<\/p>\n<figure id=\"attachment_15409\" aria-describedby=\"caption-attachment-15409\" style=\"width: 1510px\" class=\"wp-caption alignnone\"><a href=\"https:\/\/d2p6e6u75xmxt8.cloudfront.net\/12\/2022\/07\/vingegaard-fish.jpg\"><img loading=\"lazy\" decoding=\"async\" class=\"size-full wp-image-15409\" src=\"https:\/\/d2p6e6u75xmxt8.cloudfront.net\/12\/2022\/07\/vingegaard-fish.jpg\" alt=\"\" width=\"1510\" height=\"880\" srcset=\"https:\/\/d2p6e6u75xmxt8.cloudfront.net\/12\/2022\/07\/vingegaard-fish.jpg 1510w, https:\/\/d2p6e6u75xmxt8.cloudfront.net\/12\/2022\/07\/vingegaard-fish-300x175.jpg 300w, https:\/\/d2p6e6u75xmxt8.cloudfront.net\/12\/2022\/07\/vingegaard-fish-1024x597.jpg 1024w, https:\/\/d2p6e6u75xmxt8.cloudfront.net\/12\/2022\/07\/vingegaard-fish-768x448.jpg 768w\" sizes=\"auto, (max-width: 1510px) 100vw, 1510px\" \/><\/a><figcaption id=\"caption-attachment-15409\" class=\"wp-caption-text\"><em>Vingegaard nagy \u00fatja a halcsomagol\u00f3-\u00fczemb\u0151l a Tour de France-dobog\u00f3 tetej\u00e9ig (forr\u00e1s: Twitter\/ammattipy\u00f6r\u00e4ily)<\/em><\/figcaption><\/figure>\n<p>\u00c9desapja el\u00e1rulta, hogy a kis Jonas eredetileg focista szeretett volna lenni, de ahhoz t\u00fal apr\u00f3 \u00e9s t\u00f6r\u00e9keny volt a termete, \u00edgy h\u00e1t egyszer elvitte a d\u00e1n k\u00f6rversenyre, ami akkor \u00e9ppen a lak\u00f3hely\u00fck v\u00e1ros\u00e1b\u00f3l indult, \u00e9s itt nagyj\u00e1b\u00f3l el is d\u0151lt a fi\u00facska sorsa. \u00c9desanyja hozz\u00e1tette, hogy fia egy\u00e9bk\u00e9nt is nagyon szeretett ker\u00e9kp\u00e1rozni m\u00e1r eg\u00e9szen kiskor\u00e1t\u00f3l kezdve, de amikor komolyabban ezzel kezdett foglalkozni, az elej\u00e9n nagyon nehezen ment a dolog, kem\u00e9ny id\u0151szakokon kellett \u00e1tmennie. A munka viszont sosem volt \u201eb\u00fcd\u00f6s\u201d Jonasnak, ezt a hozz\u00e1\u00e1ll\u00e1st sz\u00fcleit\u0151l \u00f6r\u00f6k\u00f6lte, akik azt vallj\u00e1k: <em>\u201eSzerint\u00fcnk nem helyes, hogy sok sr\u00e1c m\u00e1r nagyon fiatalon egyb\u0151l elszeg\u0151dik profinak. El\u0151bb meg kellene tapasztalniuk, hogy a val\u00f3 \u00e9letben minden\u00e9rt meg kell dolgozni ahhoz, hogy feljebb juss. Lesz el\u00e9g id\u0151d a profiskod\u00e1sra, de el\u0151tte meg kell tanulni a szab\u00e1lyokat \u00e9s kereteket, hogy azt\u00e1n ki tudd hozni magadb\u00f3l a legjobbat.\u201d<\/em><\/p>\n<p>A mai napig D\u00e1ni\u00e1ban \u00e9l\u0151 Jonas maga is \u00edgy gondolkodik<em>. \u201eSzerintem pont az\u00e9rt tudtam megtenni ezeket a nagy l\u00e9p\u00e9seket, mert anno a hal\u00fczemben dolgoztam<\/em>\u201d \u2013 mondta m\u00e9g tavalyi Tour-m\u00e1sodik helye ut\u00e1n. \u2013 \u201e<em>Teljesen m\u00e1s a motiv\u00e1ci\u00f3 ugyanis, amikor reggel kor\u00e1n fel kell kelned \u00e9s dolgozni menned, hogy azt\u00e1n \u00f3r\u00e1kon \u00e1t eddz a bring\u00e1n. Szerintem ennek k\u00f6sz\u00f6nhetem az eredm\u00e9nyeimet!\u201d<\/em><\/p>\n<figure id=\"attachment_15406\" aria-describedby=\"caption-attachment-15406\" style=\"width: 1800px\" class=\"wp-caption alignnone\"><a href=\"https:\/\/d2p6e6u75xmxt8.cloudfront.net\/12\/2022\/07\/13tour1-mobileMasterAt3x.jpg\"><img loading=\"lazy\" decoding=\"async\" class=\"size-full wp-image-15406\" src=\"https:\/\/d2p6e6u75xmxt8.cloudfront.net\/12\/2022\/07\/13tour1-mobileMasterAt3x.jpg\" alt=\"\" width=\"1800\" height=\"1200\" srcset=\"https:\/\/d2p6e6u75xmxt8.cloudfront.net\/12\/2022\/07\/13tour1-mobileMasterAt3x.jpg 1800w, https:\/\/d2p6e6u75xmxt8.cloudfront.net\/12\/2022\/07\/13tour1-mobileMasterAt3x-300x200.jpg 300w, https:\/\/d2p6e6u75xmxt8.cloudfront.net\/12\/2022\/07\/13tour1-mobileMasterAt3x-1024x683.jpg 1024w, https:\/\/d2p6e6u75xmxt8.cloudfront.net\/12\/2022\/07\/13tour1-mobileMasterAt3x-768x512.jpg 768w, https:\/\/d2p6e6u75xmxt8.cloudfront.net\/12\/2022\/07\/13tour1-mobileMasterAt3x-1536x1024.jpg 1536w, https:\/\/d2p6e6u75xmxt8.cloudfront.net\/12\/2022\/07\/13tour1-mobileMasterAt3x-272x182.jpg 272w\" sizes=\"auto, (max-width: 1800px) 100vw, 1800px\" \/><\/a><figcaption id=\"caption-attachment-15406\" class=\"wp-caption-text\"><span style=\"font-size: 10pt;\"><em>fot\u00f3: Daniel Cole\/AP<\/em><\/span><\/figcaption><\/figure>\n<p><span style=\"font-size: 10pt;\"><em>Bor\u00edt\u00f3k\u00e9p: ANNE-CHRISTINE POUJOULAT\/AFP<\/em><\/span><\/p>\n","protected":false},"excerpt":{"rendered":"<p>Jonas Vingegaard olyan \u00e9rt\u00e9keket kapott sz\u00fcleit\u0151l, amelyek kulcsszerepet j\u00e1tszanak kitart\u00e1s\u00e1ban, munkab\u00edr\u00e1s\u00e1ban \u00e9s sikereiben. Az \u00faj d\u00e1n nemzeti h\u0151s t\u00f6rt\u00e9nete p\u00e9lda\u00e9rt\u00e9k\u0171 [&hellip;]<\/p>\n","protected":false},"author":145,"featured_media":15407,"comment_status":"open","ping_status":"open","sticky":false,"template":"","format":"standard","meta":{"footnotes":""},"categories":[8],"tags":[],"global-categories":[419],"class_list":["post-15405","post","type-post","status-publish","format-standard","has-post-thumbnail","hentry","category-orszaguti-kerekpar","global-categories-cycling"],"yoast_head":"<!-- This site is optimized with the Yoast SEO Premium plugin v25.3 (Yoast SEO v25.9) - https:\/\/yoast.com\/wordpress\/plugins\/seo\/ -->\n<title>A szer\u00e9ny d\u00e1n halasfi\u00fa: Vingegaard nemr\u00e9g m\u00e9g a halpiacon csomagolt r\u00e9szmunkaid\u0151ben, most Tour-gy\u0151ztes lehet - \u0160koda We Love Cycling - Magyarorsz\u00e1g<\/title>\n<meta name=\"robots\" content=\"index, follow, max-snippet:-1, max-image-preview:large, max-video-preview:-1\" \/>\n<link rel=\"canonical\" href=\"https:\/\/www.welovecycling.com\/hu\/orszaguti-kerekpar\/a-szereny-dan-halasfiu-vingegaard-nemreg-meg-a-halpiacon-csomagolt-reszmunkaidoben-most-tour-gyoztes-lehet\/\" \/>\n<meta property=\"og:locale\" content=\"hu_HU\" \/>\n<meta property=\"og:type\" content=\"article\" \/>\n<meta property=\"og:title\" content=\"A szer\u00e9ny d\u00e1n halasfi\u00fa: Vingegaard nemr\u00e9g m\u00e9g a halpiacon csomagolt r\u00e9szmunkaid\u0151ben, most Tour-gy\u0151ztes lehet\" \/>\n<meta property=\"og:description\" content=\"Jonas Vingegaard olyan \u00e9rt\u00e9keket kapott sz\u00fcleit\u0151l, amelyek kulcsszerepet j\u00e1tszanak kitart\u00e1s\u00e1ban, munkab\u00edr\u00e1s\u00e1ban \u00e9s sikereiben. Az \u00faj d\u00e1n nemzeti h\u0151s t\u00f6rt\u00e9nete p\u00e9lda\u00e9rt\u00e9k\u0171 [&hellip;]\" \/>\n<meta property=\"og:url\" content=\"https:\/\/www.welovecycling.com\/hu\/orszaguti-kerekpar\/a-szereny-dan-halasfiu-vingegaard-nemreg-meg-a-halpiacon-csomagolt-reszmunkaidoben-most-tour-gyoztes-lehet\/\" \/>\n<meta property=\"og:site_name\" content=\"\u0160koda We Love Cycling - Magyarorsz\u00e1g\" \/>\n<meta property=\"article:publisher\" content=\"https:\/\/www.facebook.com\/WeLoveCyclingHungary\/\" \/>\n<meta property=\"article:published_time\" content=\"2022-07-15T09:38:32+00:00\" \/>\n<meta property=\"og:image\" content=\"https:\/\/d2p6e6u75xmxt8.cloudfront.net\/12\/2022\/07\/jonas-oroszlan.jpg\" \/>\n\t<meta property=\"og:image:width\" content=\"1568\" \/>\n\t<meta property=\"og:image:height\" content=\"882\" \/>\n\t<meta property=\"og:image:type\" content=\"image\/jpeg\" \/>\n<meta name=\"author\" content=\"kitti\" \/>\n<meta name=\"twitter:card\" content=\"summary_large_image\" \/>\n<meta name=\"twitter:label1\" content=\"Written by\" \/>\n\t<meta name=\"twitter:data1\" content=\"We Love Cycling\" \/>\n\t<meta name=\"twitter:label2\" content=\"Est. reading time\" \/>\n\t<meta name=\"twitter:data2\" content=\"4 minutes\" \/>\n<script type=\"application\/ld+json\" class=\"yoast-schema-graph\">{\"@context\":\"https:\/\/schema.org\",\"@graph\":[{\"@type\":\"WebPage\",\"@id\":\"https:\/\/www.welovecycling.com\/hu\/orszaguti-kerekpar\/a-szereny-dan-halasfiu-vingegaard-nemreg-meg-a-halpiacon-csomagolt-reszmunkaidoben-most-tour-gyoztes-lehet\/\",\"url\":\"https:\/\/www.welovecycling.com\/hu\/orszaguti-kerekpar\/a-szereny-dan-halasfiu-vingegaard-nemreg-meg-a-halpiacon-csomagolt-reszmunkaidoben-most-tour-gyoztes-lehet\/\",\"name\":\"A szer\u00e9ny d\u00e1n halasfi\u00fa: Vingegaard nemr\u00e9g m\u00e9g a halpiacon csomagolt r\u00e9szmunkaid\u0151ben, most Tour-gy\u0151ztes lehet - \u0160koda We Love Cycling - Magyarorsz\u00e1g\",\"isPartOf\":{\"@id\":\"https:\/\/www.welovecycling.com\/hu\/#website\"},\"primaryImageOfPage\":{\"@id\":\"https:\/\/www.welovecycling.com\/hu\/orszaguti-kerekpar\/a-szereny-dan-halasfiu-vingegaard-nemreg-meg-a-halpiacon-csomagolt-reszmunkaidoben-most-tour-gyoztes-lehet\/#primaryimage\"},\"image\":{\"@id\":\"https:\/\/www.welovecycling.com\/hu\/orszaguti-kerekpar\/a-szereny-dan-halasfiu-vingegaard-nemreg-meg-a-halpiacon-csomagolt-reszmunkaidoben-most-tour-gyoztes-lehet\/#primaryimage\"},\"thumbnailUrl\":\"https:\/\/d2p6e6u75xmxt8.cloudfront.net\/12\/2022\/07\/jonas-oroszlan.jpg\",\"datePublished\":\"2022-07-15T09:38:32+00:00\",\"author\":{\"@id\":\"https:\/\/www.welovecycling.com\/hu\/#\/schema\/person\/bec7dcdbcc59f58489cf603e4040ced1\"},\"breadcrumb\":{\"@id\":\"https:\/\/www.welovecycling.com\/hu\/orszaguti-kerekpar\/a-szereny-dan-halasfiu-vingegaard-nemreg-meg-a-halpiacon-csomagolt-reszmunkaidoben-most-tour-gyoztes-lehet\/#breadcrumb\"},\"inLanguage\":\"hu\",\"potentialAction\":[{\"@type\":\"ReadAction\",\"target\":[\"https:\/\/www.welovecycling.com\/hu\/orszaguti-kerekpar\/a-szereny-dan-halasfiu-vingegaard-nemreg-meg-a-halpiacon-csomagolt-reszmunkaidoben-most-tour-gyoztes-lehet\/\"]}]},{\"@type\":\"ImageObject\",\"inLanguage\":\"hu\",\"@id\":\"https:\/\/www.welovecycling.com\/hu\/orszaguti-kerekpar\/a-szereny-dan-halasfiu-vingegaard-nemreg-meg-a-halpiacon-csomagolt-reszmunkaidoben-most-tour-gyoztes-lehet\/#primaryimage\",\"url\":\"https:\/\/d2p6e6u75xmxt8.cloudfront.net\/12\/2022\/07\/jonas-oroszlan.jpg\",\"contentUrl\":\"https:\/\/d2p6e6u75xmxt8.cloudfront.net\/12\/2022\/07\/jonas-oroszlan.jpg\",\"width\":1568,\"height\":882},{\"@type\":\"BreadcrumbList\",\"@id\":\"https:\/\/www.welovecycling.com\/hu\/orszaguti-kerekpar\/a-szereny-dan-halasfiu-vingegaard-nemreg-meg-a-halpiacon-csomagolt-reszmunkaidoben-most-tour-gyoztes-lehet\/#breadcrumb\",\"itemListElement\":[{\"@type\":\"ListItem\",\"position\":1,\"name\":\"Home\",\"item\":\"https:\/\/www.welovecycling.com\/hu\/\"},{\"@type\":\"ListItem\",\"position\":2,\"name\":\"A szer\u00e9ny d\u00e1n halasfi\u00fa: Vingegaard nemr\u00e9g m\u00e9g a halpiacon csomagolt r\u00e9szmunkaid\u0151ben, most Tour-gy\u0151ztes lehet\"}]},{\"@type\":\"WebSite\",\"@id\":\"https:\/\/www.welovecycling.com\/hu\/#website\",\"url\":\"https:\/\/www.welovecycling.com\/hu\/\",\"name\":\"\u0160koda We Love Cycling - Magyarorsz\u00e1g\",\"description\":\"\u0160koda WeLoveCycling\",\"potentialAction\":[{\"@type\":\"SearchAction\",\"target\":{\"@type\":\"EntryPoint\",\"urlTemplate\":\"https:\/\/www.welovecycling.com\/hu\/?s={search_term_string}\"},\"query-input\":{\"@type\":\"PropertyValueSpecification\",\"valueRequired\":true,\"valueName\":\"search_term_string\"}}],\"inLanguage\":\"hu\"},{\"@type\":\"Person\",\"@id\":\"https:\/\/www.welovecycling.com\/hu\/#\/schema\/person\/bec7dcdbcc59f58489cf603e4040ced1\",\"name\":\"kitti\",\"image\":{\"@type\":\"ImageObject\",\"inLanguage\":\"hu\",\"@id\":\"https:\/\/www.welovecycling.com\/hu\/#\/schema\/person\/image\/\",\"url\":\"https:\/\/secure.gravatar.com\/avatar\/e3196a110e1b57b96f56d92d10ce9bb4e9d7210076832a16243337e949410b52?s=96&d=mm&r=g\",\"contentUrl\":\"https:\/\/secure.gravatar.com\/avatar\/e3196a110e1b57b96f56d92d10ce9bb4e9d7210076832a16243337e949410b52?s=96&d=mm&r=g\",\"caption\":\"kitti\"},\"url\":\"https:\/\/www.welovecycling.com\/hu\/author\/kitti\/\"}]}<\/script>\n<!-- \/ Yoast SEO Premium plugin. -->","yoast_head_json":{"title":"A szer\u00e9ny d\u00e1n halasfi\u00fa: Vingegaard nemr\u00e9g m\u00e9g a halpiacon csomagolt r\u00e9szmunkaid\u0151ben, most Tour-gy\u0151ztes lehet - \u0160koda We Love Cycling - Magyarorsz\u00e1g","robots":{"index":"index","follow":"follow","max-snippet":"max-snippet:-1","max-image-preview":"max-image-preview:large","max-video-preview":"max-video-preview:-1"},"canonical":"https:\/\/www.welovecycling.com\/hu\/orszaguti-kerekpar\/a-szereny-dan-halasfiu-vingegaard-nemreg-meg-a-halpiacon-csomagolt-reszmunkaidoben-most-tour-gyoztes-lehet\/","og_locale":"hu_HU","og_type":"article","og_title":"A szer\u00e9ny d\u00e1n halasfi\u00fa: Vingegaard nemr\u00e9g m\u00e9g a halpiacon csomagolt r\u00e9szmunkaid\u0151ben, most Tour-gy\u0151ztes lehet","og_description":"Jonas Vingegaard olyan \u00e9rt\u00e9keket kapott sz\u00fcleit\u0151l, amelyek kulcsszerepet j\u00e1tszanak kitart\u00e1s\u00e1ban, munkab\u00edr\u00e1s\u00e1ban \u00e9s sikereiben. Az \u00faj d\u00e1n nemzeti h\u0151s t\u00f6rt\u00e9nete p\u00e9lda\u00e9rt\u00e9k\u0171 [&hellip;]","og_url":"https:\/\/www.welovecycling.com\/hu\/orszaguti-kerekpar\/a-szereny-dan-halasfiu-vingegaard-nemreg-meg-a-halpiacon-csomagolt-reszmunkaidoben-most-tour-gyoztes-lehet\/","og_site_name":"\u0160koda We Love Cycling - Magyarorsz\u00e1g","article_publisher":"https:\/\/www.facebook.com\/WeLoveCyclingHungary\/","article_published_time":"2022-07-15T09:38:32+00:00","og_image":[{"width":1568,"height":882,"url":"https:\/\/d2p6e6u75xmxt8.cloudfront.net\/12\/2022\/07\/jonas-oroszlan.jpg","type":"image\/jpeg"}],"author":"kitti","twitter_card":"summary_large_image","twitter_misc":{"Written by":"We Love Cycling","Est. reading time":"4 minutes"},"schema":{"@context":"https:\/\/schema.org","@graph":[{"@type":"WebPage","@id":"https:\/\/www.welovecycling.com\/hu\/orszaguti-kerekpar\/a-szereny-dan-halasfiu-vingegaard-nemreg-meg-a-halpiacon-csomagolt-reszmunkaidoben-most-tour-gyoztes-lehet\/","url":"https:\/\/www.welovecycling.com\/hu\/orszaguti-kerekpar\/a-szereny-dan-halasfiu-vingegaard-nemreg-meg-a-halpiacon-csomagolt-reszmunkaidoben-most-tour-gyoztes-lehet\/","name":"A szer\u00e9ny d\u00e1n halasfi\u00fa: Vingegaard nemr\u00e9g m\u00e9g a halpiacon csomagolt r\u00e9szmunkaid\u0151ben, most Tour-gy\u0151ztes lehet - \u0160koda We Love Cycling - Magyarorsz\u00e1g","isPartOf":{"@id":"https:\/\/www.welovecycling.com\/hu\/#website"},"primaryImageOfPage":{"@id":"https:\/\/www.welovecycling.com\/hu\/orszaguti-kerekpar\/a-szereny-dan-halasfiu-vingegaard-nemreg-meg-a-halpiacon-csomagolt-reszmunkaidoben-most-tour-gyoztes-lehet\/#primaryimage"},"image":{"@id":"https:\/\/www.welovecycling.com\/hu\/orszaguti-kerekpar\/a-szereny-dan-halasfiu-vingegaard-nemreg-meg-a-halpiacon-csomagolt-reszmunkaidoben-most-tour-gyoztes-lehet\/#primaryimage"},"thumbnailUrl":"https:\/\/d2p6e6u75xmxt8.cloudfront.net\/12\/2022\/07\/jonas-oroszlan.jpg","datePublished":"2022-07-15T09:38:32+00:00","author":{"@id":"https:\/\/www.welovecycling.com\/hu\/#\/schema\/person\/bec7dcdbcc59f58489cf603e4040ced1"},"breadcrumb":{"@id":"https:\/\/www.welovecycling.com\/hu\/orszaguti-kerekpar\/a-szereny-dan-halasfiu-vingegaard-nemreg-meg-a-halpiacon-csomagolt-reszmunkaidoben-most-tour-gyoztes-lehet\/#breadcrumb"},"inLanguage":"hu","potentialAction":[{"@type":"ReadAction","target":["https:\/\/www.welovecycling.com\/hu\/orszaguti-kerekpar\/a-szereny-dan-halasfiu-vingegaard-nemreg-meg-a-halpiacon-csomagolt-reszmunkaidoben-most-tour-gyoztes-lehet\/"]}]},{"@type":"ImageObject","inLanguage":"hu","@id":"https:\/\/www.welovecycling.com\/hu\/orszaguti-kerekpar\/a-szereny-dan-halasfiu-vingegaard-nemreg-meg-a-halpiacon-csomagolt-reszmunkaidoben-most-tour-gyoztes-lehet\/#primaryimage","url":"https:\/\/d2p6e6u75xmxt8.cloudfront.net\/12\/2022\/07\/jonas-oroszlan.jpg","contentUrl":"https:\/\/d2p6e6u75xmxt8.cloudfront.net\/12\/2022\/07\/jonas-oroszlan.jpg","width":1568,"height":882},{"@type":"BreadcrumbList","@id":"https:\/\/www.welovecycling.com\/hu\/orszaguti-kerekpar\/a-szereny-dan-halasfiu-vingegaard-nemreg-meg-a-halpiacon-csomagolt-reszmunkaidoben-most-tour-gyoztes-lehet\/#breadcrumb","itemListElement":[{"@type":"ListItem","position":1,"name":"Home","item":"https:\/\/www.welovecycling.com\/hu\/"},{"@type":"ListItem","position":2,"name":"A szer\u00e9ny d\u00e1n halasfi\u00fa: Vingegaard nemr\u00e9g m\u00e9g a halpiacon csomagolt r\u00e9szmunkaid\u0151ben, most Tour-gy\u0151ztes lehet"}]},{"@type":"WebSite","@id":"https:\/\/www.welovecycling.com\/hu\/#website","url":"https:\/\/www.welovecycling.com\/hu\/","name":"\u0160koda We Love Cycling - Magyarorsz\u00e1g","description":"\u0160koda WeLoveCycling","potentialAction":[{"@type":"SearchAction","target":{"@type":"EntryPoint","urlTemplate":"https:\/\/www.welovecycling.com\/hu\/?s={search_term_string}"},"query-input":{"@type":"PropertyValueSpecification","valueRequired":true,"valueName":"search_term_string"}}],"inLanguage":"hu"},{"@type":"Person","@id":"https:\/\/www.welovecycling.com\/hu\/#\/schema\/person\/bec7dcdbcc59f58489cf603e4040ced1","name":"kitti","image":{"@type":"ImageObject","inLanguage":"hu","@id":"https:\/\/www.welovecycling.com\/hu\/#\/schema\/person\/image\/","url":"https:\/\/secure.gravatar.com\/avatar\/e3196a110e1b57b96f56d92d10ce9bb4e9d7210076832a16243337e949410b52?s=96&d=mm&r=g","contentUrl":"https:\/\/secure.gravatar.com\/avatar\/e3196a110e1b57b96f56d92d10ce9bb4e9d7210076832a16243337e949410b52?s=96&d=mm&r=g","caption":"kitti"},"url":"https:\/\/www.welovecycling.com\/hu\/author\/kitti\/"}]}},"_links":{"self":[{"href":"https:\/\/www.welovecycling.com\/hu\/wp-json\/wp\/v2\/posts\/15405","targetHints":{"allow":["GET"]}}],"collection":[{"href":"https:\/\/www.welovecycling.com\/hu\/wp-json\/wp\/v2\/posts"}],"about":[{"href":"https:\/\/www.welovecycling.com\/hu\/wp-json\/wp\/v2\/types\/post"}],"author":[{"embeddable":true,"href":"https:\/\/www.welovecycling.com\/hu\/wp-json\/wp\/v2\/users\/145"}],"replies":[{"embeddable":true,"href":"https:\/\/www.welovecycling.com\/hu\/wp-json\/wp\/v2\/comments?post=15405"}],"version-history":[{"count":1,"href":"https:\/\/www.welovecycling.com\/hu\/wp-json\/wp\/v2\/posts\/15405\/revisions"}],"predecessor-version":[{"id":15410,"href":"https:\/\/www.welovecycling.com\/hu\/wp-json\/wp\/v2\/posts\/15405\/revisions\/15410"}],"wp:featuredmedia":[{"embeddable":true,"href":"https:\/\/www.welovecycling.com\/hu\/wp-json\/wp\/v2\/media\/15407"}],"wp:attachment":[{"href":"https:\/\/www.welovecycling.com\/hu\/wp-json\/wp\/v2\/media?parent=15405"}],"wp:term":[{"taxonomy":"category","embeddable":true,"href":"https:\/\/www.welovecycling.com\/hu\/wp-json\/wp\/v2\/categories?post=15405"},{"taxonomy":"post_tag","embeddable":true,"href":"https:\/\/www.welovecycling.com\/hu\/wp-json\/wp\/v2\/tags?post=15405"},{"taxonomy":"global-categories","embeddable":true,"href":"https:\/\/www.welovecycling.com\/hu\/wp-json\/wp\/v2\/global-categories?post=15405"}],"curies":[{"name":"wp","href":"https:\/\/api.w.org\/{rel}","templated":true}]}}