{"id":15401,"date":"2022-07-14T14:00:08","date_gmt":"2022-07-14T12:00:08","guid":{"rendered":"https:\/\/www.welovecycling.com\/hu\/?p=15401"},"modified":"2022-07-12T14:58:45","modified_gmt":"2022-07-12T12:58:45","slug":"tadej-pogacar-rakkutato-alapitvanyt-indit","status":"publish","type":"post","link":"https:\/\/www.welovecycling.com\/hu\/kozosseg-es-kultura\/tadej-pogacar-rakkutato-alapitvanyt-indit\/","title":{"rendered":"Tadej Poga\u010dar r\u00e1kkutat\u00f3 alap\u00edtv\u00e1nyt ind\u00edt"},"content":{"rendered":"<p><strong>A k\u00e9tszeres Tour-bajnok \u00e9s fiziol\u00f3gusa minden erej\u00e9vel t\u00e1mogatja a r\u00e1kkutat\u00e1st.<\/strong><\/p>\n<p>A mind\u00f6ssze 23 \u00e9ves ker\u00e9kp\u00e1ros szuperszt\u00e1r, Tadej Poga\u010dar nemcsak a vil\u00e1g legnagyobb versenyeit nyeri meg \u2013 k\u00f6zt\u00fck a Tour-t is, k\u00e9tszer \u2013 hanem a r\u00e1k gy\u00f3gym\u00f3dj\u00e1nak megtal\u00e1l\u00e1s\u00e1ban is seg\u00edt. Nemr\u00e9g jelentette be, hogy elind\u00edtja a Tadej Poga\u010dar R\u00e1kkutat\u00e1si Alap\u00edtv\u00e1nyt, ahol a kutat\u00f3k a r\u00e1k anyagcser\u00e9vel, a kezel\u00e9ssel \u00e9s a testmozg\u00e1s hat\u00e1saival foglalkoznak, szem\u00e9lyes fiziol\u00f3gusa \u00e9s edz\u0151je, a neves kutat\u00f3, Dr. I\u00f1igo San-Mill\u00e1n mellett.<\/p>\n<p>M\u00e1r hallhattad ezt a nevet az elm\u00falt \u00e9vekben, \u00e9s nem csak Poga\u010dar sikerei miatt. San-Mill\u00e1n n\u00e9pszer\u0171 munk\u00e1ja a m\u00e1sodik z\u00f3n\u00e1ban (nagyon alacsony intenzit\u00e1s) val\u00f3 edz\u00e9sr\u0151l a legjobb a maga nem\u00e9ben azoknak a sportol\u00f3knak, akik eg\u00e9szs\u00e9gesebb \u00e9letm\u00f3d ut\u00e1n kutatnak. Mint Poga\u010dar.<\/p>\n<p>A versenyz\u0151 2018-ban kezdett dolgozni a San-Mill\u00e1nnal, \u00e9s olyan t\u00f6k\u00e9letesre csiszolta a ker\u00e9kp\u00e1roz\u00e1s \u00e9lettan\u00e1t, hogy egyedi megk\u00f6zel\u00edt\u00e9se m\u00e1r 21 \u00e9vesen Tour-gy\u0151zelemre vitte 2020-ban.<\/p>\n<p>Igaz, hogy San-Mill\u00e1n az edz\u00e9skutat\u00e1sra \u00f6sszpontos\u00edtott, \u00e9rdekl\u0151d\u00e9se a r\u00e1k anyagcser\u00e9j\u00e9nek tanulm\u00e1nyoz\u00e1s\u00e1ra is kiterjedt: \u00fagy gondolja, ez a megk\u00f6zel\u00edt\u00e9s lehet a daganatos megbeteged\u00e9sek elleni k\u00fczdelem kulcsa. \u00dagy v\u00e9li, hogy az \u00e9lsportol\u00f3k anyagcser\u00e9j\u00e9nek tanulm\u00e1nyoz\u00e1sa sor\u00e1n megszerzett tud\u00e1s seg\u00edts\u00e9g\u00e9vel jobban meg\u00e9rthetj\u00fck a r\u00e1kos megbeteged\u00e9sek fejl\u0151d\u00e9s\u00e9t \u00e9s m\u0171k\u00f6d\u00e9s\u00e9t \u2013 \u00e9s ez v\u00e9g\u00fcl elvezethet a lek\u00fczd\u00e9s\u00fckh\u00f6z is.<\/p>\n<p>Az Alap\u00edtv\u00e1ny nemcsak a San-Mill\u00e1n \u00e1ltal v\u00e9gzett kutat\u00e1st t\u00e1mogatja, hanem m\u00e1s, a r\u00e1k anyagcser\u00e9j\u00e9vel foglalkoz\u00f3 kutat\u00f3csoportokat is finansz\u00edroz. Az alap\u00edtv\u00e1ny azon is dolgozik, hogy r\u00e1vil\u00e1g\u00edtson a \u201e<em>testmozg\u00e1s, mint gy\u00f3gyszer\u201d<\/em> elm\u00e9let fontoss\u00e1g\u00e1ra a r\u00e1k megel\u0151z\u00e9s\u00e9ben \u00e9s gy\u00f3gy\u00edt\u00e1s\u00e1ban.<\/p>\n<p>A Tadej Poga\u010dar R\u00e1kkutat\u00f3 Alap\u00edtv\u00e1nyr\u00f3l a <a href=\"https:\/\/pogacar.org\/\">Pogacar.org<\/a> oldalon tudhatsz meg t\u00f6bbet.<\/p>\n<p><span style=\"font-size: 10pt;\"><em>Bor\u00edt\u00f3k\u00e9p: MARCO BERTORELLO AFP via Getty Images<br \/>\n<\/em><\/span><span style=\"font-size: 10pt;\"><em>Forr\u00e1s: <\/em><a href=\"https:\/\/www.bicycling.com\/news\/a40563539\/tadej-pogacar-cancer-research-foundation\/\"><em>bicycling.com<\/em><\/a><\/span><\/p>\n","protected":false},"excerpt":{"rendered":"<p>A k\u00e9tszeres Tour-bajnok \u00e9s fiziol\u00f3gusa minden erej\u00e9vel t\u00e1mogatja a r\u00e1kkutat\u00e1st. A mind\u00f6ssze 23 \u00e9ves ker\u00e9kp\u00e1ros szuperszt\u00e1r, Tadej Poga\u010dar nemcsak a [&hellip;]<\/p>\n","protected":false},"author":145,"featured_media":15402,"comment_status":"open","ping_status":"open","sticky":false,"template":"","format":"standard","meta":{"footnotes":""},"categories":[12],"tags":[],"global-categories":[419],"class_list":["post-15401","post","type-post","status-publish","format-standard","has-post-thumbnail","hentry","category-kozosseg-es-kultura","global-categories-cycling"],"yoast_head":"<!-- This site is optimized with the Yoast SEO Premium plugin v25.3 (Yoast SEO v25.9) - https:\/\/yoast.com\/wordpress\/plugins\/seo\/ -->\n<title>Tadej Poga\u010dar r\u00e1kkutat\u00f3 alap\u00edtv\u00e1nyt ind\u00edt - \u0160koda We Love Cycling - Magyarorsz\u00e1g<\/title>\n<meta name=\"robots\" content=\"index, follow, max-snippet:-1, max-image-preview:large, max-video-preview:-1\" \/>\n<link rel=\"canonical\" href=\"https:\/\/www.welovecycling.com\/hu\/kozosseg-es-kultura\/tadej-pogacar-rakkutato-alapitvanyt-indit\/\" \/>\n<meta property=\"og:locale\" content=\"hu_HU\" \/>\n<meta property=\"og:type\" content=\"article\" \/>\n<meta property=\"og:title\" content=\"Tadej Poga\u010dar r\u00e1kkutat\u00f3 alap\u00edtv\u00e1nyt ind\u00edt\" \/>\n<meta property=\"og:description\" content=\"A k\u00e9tszeres Tour-bajnok \u00e9s fiziol\u00f3gusa minden erej\u00e9vel t\u00e1mogatja a r\u00e1kkutat\u00e1st. A mind\u00f6ssze 23 \u00e9ves ker\u00e9kp\u00e1ros szuperszt\u00e1r, Tadej Poga\u010dar nemcsak a [&hellip;]\" \/>\n<meta property=\"og:url\" content=\"https:\/\/www.welovecycling.com\/hu\/kozosseg-es-kultura\/tadej-pogacar-rakkutato-alapitvanyt-indit\/\" \/>\n<meta property=\"og:site_name\" content=\"\u0160koda We Love Cycling - Magyarorsz\u00e1g\" \/>\n<meta property=\"article:publisher\" content=\"https:\/\/www.facebook.com\/WeLoveCyclingHungary\/\" \/>\n<meta property=\"article:published_time\" content=\"2022-07-14T12:00:08+00:00\" \/>\n<meta property=\"og:image\" content=\"https:\/\/d2p6e6u75xmxt8.cloudfront.net\/12\/2022\/07\/ekbkZABqzZYkZwrQFEdgy4-1200-80.jpg\" \/>\n\t<meta property=\"og:image:width\" content=\"1024\" \/>\n\t<meta property=\"og:image:height\" content=\"665\" \/>\n\t<meta property=\"og:image:type\" content=\"image\/jpeg\" \/>\n<meta name=\"author\" content=\"kitti\" \/>\n<meta name=\"twitter:card\" content=\"summary_large_image\" \/>\n<meta name=\"twitter:label1\" content=\"Written by\" \/>\n\t<meta name=\"twitter:data1\" content=\"We Love Cycling\" \/>\n\t<meta name=\"twitter:label2\" content=\"Est. reading time\" \/>\n\t<meta name=\"twitter:data2\" content=\"2 minutes\" \/>\n<script type=\"application\/ld+json\" class=\"yoast-schema-graph\">{\"@context\":\"https:\/\/schema.org\",\"@graph\":[{\"@type\":\"WebPage\",\"@id\":\"https:\/\/www.welovecycling.com\/hu\/kozosseg-es-kultura\/tadej-pogacar-rakkutato-alapitvanyt-indit\/\",\"url\":\"https:\/\/www.welovecycling.com\/hu\/kozosseg-es-kultura\/tadej-pogacar-rakkutato-alapitvanyt-indit\/\",\"name\":\"Tadej Poga\u010dar r\u00e1kkutat\u00f3 alap\u00edtv\u00e1nyt ind\u00edt - \u0160koda We Love Cycling - Magyarorsz\u00e1g\",\"isPartOf\":{\"@id\":\"https:\/\/www.welovecycling.com\/hu\/#website\"},\"primaryImageOfPage\":{\"@id\":\"https:\/\/www.welovecycling.com\/hu\/kozosseg-es-kultura\/tadej-pogacar-rakkutato-alapitvanyt-indit\/#primaryimage\"},\"image\":{\"@id\":\"https:\/\/www.welovecycling.com\/hu\/kozosseg-es-kultura\/tadej-pogacar-rakkutato-alapitvanyt-indit\/#primaryimage\"},\"thumbnailUrl\":\"https:\/\/d2p6e6u75xmxt8.cloudfront.net\/12\/2022\/07\/ekbkZABqzZYkZwrQFEdgy4-1200-80.jpg\",\"datePublished\":\"2022-07-14T12:00:08+00:00\",\"author\":{\"@id\":\"https:\/\/www.welovecycling.com\/hu\/#\/schema\/person\/bec7dcdbcc59f58489cf603e4040ced1\"},\"breadcrumb\":{\"@id\":\"https:\/\/www.welovecycling.com\/hu\/kozosseg-es-kultura\/tadej-pogacar-rakkutato-alapitvanyt-indit\/#breadcrumb\"},\"inLanguage\":\"hu\",\"potentialAction\":[{\"@type\":\"ReadAction\",\"target\":[\"https:\/\/www.welovecycling.com\/hu\/kozosseg-es-kultura\/tadej-pogacar-rakkutato-alapitvanyt-indit\/\"]}]},{\"@type\":\"ImageObject\",\"inLanguage\":\"hu\",\"@id\":\"https:\/\/www.welovecycling.com\/hu\/kozosseg-es-kultura\/tadej-pogacar-rakkutato-alapitvanyt-indit\/#primaryimage\",\"url\":\"https:\/\/d2p6e6u75xmxt8.cloudfront.net\/12\/2022\/07\/ekbkZABqzZYkZwrQFEdgy4-1200-80.jpg\",\"contentUrl\":\"https:\/\/d2p6e6u75xmxt8.cloudfront.net\/12\/2022\/07\/ekbkZABqzZYkZwrQFEdgy4-1200-80.jpg\",\"width\":1024,\"height\":665},{\"@type\":\"BreadcrumbList\",\"@id\":\"https:\/\/www.welovecycling.com\/hu\/kozosseg-es-kultura\/tadej-pogacar-rakkutato-alapitvanyt-indit\/#breadcrumb\",\"itemListElement\":[{\"@type\":\"ListItem\",\"position\":1,\"name\":\"Home\",\"item\":\"https:\/\/www.welovecycling.com\/hu\/\"},{\"@type\":\"ListItem\",\"position\":2,\"name\":\"Tadej Poga\u010dar r\u00e1kkutat\u00f3 alap\u00edtv\u00e1nyt ind\u00edt\"}]},{\"@type\":\"WebSite\",\"@id\":\"https:\/\/www.welovecycling.com\/hu\/#website\",\"url\":\"https:\/\/www.welovecycling.com\/hu\/\",\"name\":\"\u0160koda We Love Cycling - Magyarorsz\u00e1g\",\"description\":\"\u0160koda WeLoveCycling\",\"potentialAction\":[{\"@type\":\"SearchAction\",\"target\":{\"@type\":\"EntryPoint\",\"urlTemplate\":\"https:\/\/www.welovecycling.com\/hu\/?s={search_term_string}\"},\"query-input\":{\"@type\":\"PropertyValueSpecification\",\"valueRequired\":true,\"valueName\":\"search_term_string\"}}],\"inLanguage\":\"hu\"},{\"@type\":\"Person\",\"@id\":\"https:\/\/www.welovecycling.com\/hu\/#\/schema\/person\/bec7dcdbcc59f58489cf603e4040ced1\",\"name\":\"kitti\",\"image\":{\"@type\":\"ImageObject\",\"inLanguage\":\"hu\",\"@id\":\"https:\/\/www.welovecycling.com\/hu\/#\/schema\/person\/image\/\",\"url\":\"https:\/\/secure.gravatar.com\/avatar\/e3196a110e1b57b96f56d92d10ce9bb4e9d7210076832a16243337e949410b52?s=96&d=mm&r=g\",\"contentUrl\":\"https:\/\/secure.gravatar.com\/avatar\/e3196a110e1b57b96f56d92d10ce9bb4e9d7210076832a16243337e949410b52?s=96&d=mm&r=g\",\"caption\":\"kitti\"},\"url\":\"https:\/\/www.welovecycling.com\/hu\/author\/kitti\/\"}]}<\/script>\n<!-- \/ Yoast SEO Premium plugin. -->","yoast_head_json":{"title":"Tadej Poga\u010dar r\u00e1kkutat\u00f3 alap\u00edtv\u00e1nyt ind\u00edt - \u0160koda We Love Cycling - Magyarorsz\u00e1g","robots":{"index":"index","follow":"follow","max-snippet":"max-snippet:-1","max-image-preview":"max-image-preview:large","max-video-preview":"max-video-preview:-1"},"canonical":"https:\/\/www.welovecycling.com\/hu\/kozosseg-es-kultura\/tadej-pogacar-rakkutato-alapitvanyt-indit\/","og_locale":"hu_HU","og_type":"article","og_title":"Tadej Poga\u010dar r\u00e1kkutat\u00f3 alap\u00edtv\u00e1nyt ind\u00edt","og_description":"A k\u00e9tszeres Tour-bajnok \u00e9s fiziol\u00f3gusa minden erej\u00e9vel t\u00e1mogatja a r\u00e1kkutat\u00e1st. A mind\u00f6ssze 23 \u00e9ves ker\u00e9kp\u00e1ros szuperszt\u00e1r, Tadej Poga\u010dar nemcsak a [&hellip;]","og_url":"https:\/\/www.welovecycling.com\/hu\/kozosseg-es-kultura\/tadej-pogacar-rakkutato-alapitvanyt-indit\/","og_site_name":"\u0160koda We Love Cycling - Magyarorsz\u00e1g","article_publisher":"https:\/\/www.facebook.com\/WeLoveCyclingHungary\/","article_published_time":"2022-07-14T12:00:08+00:00","og_image":[{"width":1024,"height":665,"url":"https:\/\/d2p6e6u75xmxt8.cloudfront.net\/12\/2022\/07\/ekbkZABqzZYkZwrQFEdgy4-1200-80.jpg","type":"image\/jpeg"}],"author":"kitti","twitter_card":"summary_large_image","twitter_misc":{"Written by":"We Love Cycling","Est. reading time":"2 minutes"},"schema":{"@context":"https:\/\/schema.org","@graph":[{"@type":"WebPage","@id":"https:\/\/www.welovecycling.com\/hu\/kozosseg-es-kultura\/tadej-pogacar-rakkutato-alapitvanyt-indit\/","url":"https:\/\/www.welovecycling.com\/hu\/kozosseg-es-kultura\/tadej-pogacar-rakkutato-alapitvanyt-indit\/","name":"Tadej Poga\u010dar r\u00e1kkutat\u00f3 alap\u00edtv\u00e1nyt ind\u00edt - \u0160koda We Love Cycling - Magyarorsz\u00e1g","isPartOf":{"@id":"https:\/\/www.welovecycling.com\/hu\/#website"},"primaryImageOfPage":{"@id":"https:\/\/www.welovecycling.com\/hu\/kozosseg-es-kultura\/tadej-pogacar-rakkutato-alapitvanyt-indit\/#primaryimage"},"image":{"@id":"https:\/\/www.welovecycling.com\/hu\/kozosseg-es-kultura\/tadej-pogacar-rakkutato-alapitvanyt-indit\/#primaryimage"},"thumbnailUrl":"https:\/\/d2p6e6u75xmxt8.cloudfront.net\/12\/2022\/07\/ekbkZABqzZYkZwrQFEdgy4-1200-80.jpg","datePublished":"2022-07-14T12:00:08+00:00","author":{"@id":"https:\/\/www.welovecycling.com\/hu\/#\/schema\/person\/bec7dcdbcc59f58489cf603e4040ced1"},"breadcrumb":{"@id":"https:\/\/www.welovecycling.com\/hu\/kozosseg-es-kultura\/tadej-pogacar-rakkutato-alapitvanyt-indit\/#breadcrumb"},"inLanguage":"hu","potentialAction":[{"@type":"ReadAction","target":["https:\/\/www.welovecycling.com\/hu\/kozosseg-es-kultura\/tadej-pogacar-rakkutato-alapitvanyt-indit\/"]}]},{"@type":"ImageObject","inLanguage":"hu","@id":"https:\/\/www.welovecycling.com\/hu\/kozosseg-es-kultura\/tadej-pogacar-rakkutato-alapitvanyt-indit\/#primaryimage","url":"https:\/\/d2p6e6u75xmxt8.cloudfront.net\/12\/2022\/07\/ekbkZABqzZYkZwrQFEdgy4-1200-80.jpg","contentUrl":"https:\/\/d2p6e6u75xmxt8.cloudfront.net\/12\/2022\/07\/ekbkZABqzZYkZwrQFEdgy4-1200-80.jpg","width":1024,"height":665},{"@type":"BreadcrumbList","@id":"https:\/\/www.welovecycling.com\/hu\/kozosseg-es-kultura\/tadej-pogacar-rakkutato-alapitvanyt-indit\/#breadcrumb","itemListElement":[{"@type":"ListItem","position":1,"name":"Home","item":"https:\/\/www.welovecycling.com\/hu\/"},{"@type":"ListItem","position":2,"name":"Tadej Poga\u010dar r\u00e1kkutat\u00f3 alap\u00edtv\u00e1nyt ind\u00edt"}]},{"@type":"WebSite","@id":"https:\/\/www.welovecycling.com\/hu\/#website","url":"https:\/\/www.welovecycling.com\/hu\/","name":"\u0160koda We Love Cycling - Magyarorsz\u00e1g","description":"\u0160koda WeLoveCycling","potentialAction":[{"@type":"SearchAction","target":{"@type":"EntryPoint","urlTemplate":"https:\/\/www.welovecycling.com\/hu\/?s={search_term_string}"},"query-input":{"@type":"PropertyValueSpecification","valueRequired":true,"valueName":"search_term_string"}}],"inLanguage":"hu"},{"@type":"Person","@id":"https:\/\/www.welovecycling.com\/hu\/#\/schema\/person\/bec7dcdbcc59f58489cf603e4040ced1","name":"kitti","image":{"@type":"ImageObject","inLanguage":"hu","@id":"https:\/\/www.welovecycling.com\/hu\/#\/schema\/person\/image\/","url":"https:\/\/secure.gravatar.com\/avatar\/e3196a110e1b57b96f56d92d10ce9bb4e9d7210076832a16243337e949410b52?s=96&d=mm&r=g","contentUrl":"https:\/\/secure.gravatar.com\/avatar\/e3196a110e1b57b96f56d92d10ce9bb4e9d7210076832a16243337e949410b52?s=96&d=mm&r=g","caption":"kitti"},"url":"https:\/\/www.welovecycling.com\/hu\/author\/kitti\/"}]}},"_links":{"self":[{"href":"https:\/\/www.welovecycling.com\/hu\/wp-json\/wp\/v2\/posts\/15401","targetHints":{"allow":["GET"]}}],"collection":[{"href":"https:\/\/www.welovecycling.com\/hu\/wp-json\/wp\/v2\/posts"}],"about":[{"href":"https:\/\/www.welovecycling.com\/hu\/wp-json\/wp\/v2\/types\/post"}],"author":[{"embeddable":true,"href":"https:\/\/www.welovecycling.com\/hu\/wp-json\/wp\/v2\/users\/145"}],"replies":[{"embeddable":true,"href":"https:\/\/www.welovecycling.com\/hu\/wp-json\/wp\/v2\/comments?post=15401"}],"version-history":[{"count":2,"href":"https:\/\/www.welovecycling.com\/hu\/wp-json\/wp\/v2\/posts\/15401\/revisions"}],"predecessor-version":[{"id":15404,"href":"https:\/\/www.welovecycling.com\/hu\/wp-json\/wp\/v2\/posts\/15401\/revisions\/15404"}],"wp:featuredmedia":[{"embeddable":true,"href":"https:\/\/www.welovecycling.com\/hu\/wp-json\/wp\/v2\/media\/15402"}],"wp:attachment":[{"href":"https:\/\/www.welovecycling.com\/hu\/wp-json\/wp\/v2\/media?parent=15401"}],"wp:term":[{"taxonomy":"category","embeddable":true,"href":"https:\/\/www.welovecycling.com\/hu\/wp-json\/wp\/v2\/categories?post=15401"},{"taxonomy":"post_tag","embeddable":true,"href":"https:\/\/www.welovecycling.com\/hu\/wp-json\/wp\/v2\/tags?post=15401"},{"taxonomy":"global-categories","embeddable":true,"href":"https:\/\/www.welovecycling.com\/hu\/wp-json\/wp\/v2\/global-categories?post=15401"}],"curies":[{"name":"wp","href":"https:\/\/api.w.org\/{rel}","templated":true}]}}