{"id":15391,"date":"2022-07-15T08:00:44","date_gmt":"2022-07-15T06:00:44","guid":{"rendered":"https:\/\/www.welovecycling.com\/hu\/?p=15391"},"modified":"2022-07-11T16:01:18","modified_gmt":"2022-07-11T14:01:18","slug":"miert-ejti-rabul-a-tour-de-france-minden-kerekparrajongo-szivet","status":"publish","type":"post","link":"https:\/\/www.welovecycling.com\/hu\/orszaguti-kerekpar\/miert-ejti-rabul-a-tour-de-france-minden-kerekparrajongo-szivet\/","title":{"rendered":"Mi\u00e9rt ejti rabul a Tour de France minden ker\u00e9kp\u00e1rrajong\u00f3 sz\u00edv\u00e9t?"},"content":{"rendered":"<p><strong>Milyen m\u00e1gneses er\u0151vel b\u00edr a Tour de France, ami t\u00f6bb mint egy \u00e9vsz\u00e1zada minden \u00e9vben ker\u00e9kp\u00e1rosok gener\u00e1ci\u00f3it \u00e9s rajong\u00f3k t\u00f6megeit vonzza mag\u00e1hoz? A 109. verseny 2022. j\u00falius 1-j\u00e9n kezd\u0151d\u00f6tt, az izgalom pedig minden nap a tet\u0151fok\u00e1ra h\u00e1g, ahogy a versenyz\u0151k verejt\u00e9kkel \u00e9s k\u00f6nnyekkel k\u00fcszk\u00f6dve tekernek a fest\u0151i sz\u00e9ps\u00e9g\u0171 utakon \u00e9s mutatnak be l\u00e9legzetel\u00e1ll\u00edt\u00f3 c\u00e9lba \u00e9r\u00e9seket.<\/strong><\/p>\n<p><!--more--><\/p>\n<p>Nem sz\u00e1m\u00edt, hogy ki a kedvenc versenyz\u0151d, vagy, hogy van-e egy\u00e1ltal\u00e1n, biztosra veheted, hogy a Tour de France-szal egy csod\u00e1latos esem\u00e9ny r\u00e9szese leszel. B\u00e1r a figyelmed val\u00f3sz\u00edn\u0171leg legink\u00e1bb a versenyz\u0151kre ir\u00e1nyul, jusson eszedbe egy percre az a t\u00f6bb ezer ember, akik ennek a gigantikus esem\u00e9nynek a megszervez\u00e9se m\u00f6g\u00f6tt \u00e1ll. A b\u00e1rsonyv\u00f6r\u00f6s \u0160koda ENYAQ iV-ben \u00fcl\u0151 versenyigazgat\u00f3t\u00f3l kezdve a versenyb\u00edr\u00e1kon \u00e1t a f\u00fcggetlen \u0160koda szervizaut\u00f3kig, \u00fatvonaltervez\u0151kig \u00e9s csapatszem\u00e9lyzetig mind egy elk\u00f6telezett csapat tagjai, akik szenved\u00e9lyesen azon dolgoznak, hogy a Tour de France megval\u00f3sulhasson. Ha pedig mindehhez m\u00e9g hozz\u00e1vessz\u00fck a helysz\u00edni b\u00e1m\u00e9szkod\u00f3k sz\u00ednes \u00f3ce\u00e1nj\u00e1t, olyan hangulatos esem\u00e9nyt kapunk eredm\u00e9ny\u00fcl, amelyhez nincs foghat\u00f3.<\/p>\n<figure id=\"attachment_15392\" aria-describedby=\"caption-attachment-15392\" style=\"width: 1250px\" class=\"wp-caption alignnone\"><a href=\"https:\/\/d2p6e6u75xmxt8.cloudfront.net\/12\/2022\/07\/Didi-Senft-El-Diablo-profimedia-0556273005.jpg\"><img loading=\"lazy\" decoding=\"async\" class=\"size-full wp-image-15392\" src=\"https:\/\/d2p6e6u75xmxt8.cloudfront.net\/12\/2022\/07\/Didi-Senft-El-Diablo-profimedia-0556273005.jpg\" alt=\"Didi Senft\" width=\"1250\" height=\"833\" srcset=\"https:\/\/d2p6e6u75xmxt8.cloudfront.net\/12\/2022\/07\/Didi-Senft-El-Diablo-profimedia-0556273005.jpg 1250w, https:\/\/d2p6e6u75xmxt8.cloudfront.net\/12\/2022\/07\/Didi-Senft-El-Diablo-profimedia-0556273005-300x200.jpg 300w, https:\/\/d2p6e6u75xmxt8.cloudfront.net\/12\/2022\/07\/Didi-Senft-El-Diablo-profimedia-0556273005-1024x682.jpg 1024w, https:\/\/d2p6e6u75xmxt8.cloudfront.net\/12\/2022\/07\/Didi-Senft-El-Diablo-profimedia-0556273005-768x512.jpg 768w, https:\/\/d2p6e6u75xmxt8.cloudfront.net\/12\/2022\/07\/Didi-Senft-El-Diablo-profimedia-0556273005-272x182.jpg 272w\" sizes=\"auto, (max-width: 1250px) 100vw, 1250px\" \/><\/a><figcaption id=\"caption-attachment-15392\" class=\"wp-caption-text\"><em>A Tour leny\u0171g\u00f6z\u0151 l\u00e1tv\u00e1ny. \u00a9 Profimedia<\/em><\/figcaption><\/figure>\n<p>Ak\u00e1r az oldalvonal mell\u0151l, ak\u00e1r a t\u00e9v\u00e9b\u0151l n\u00e9zed a versenyt, j\u00f3 es\u00e9llyel szemtan\u00faja lehetsz a ker\u00e9kp\u00e1rsport egy \u00fajabb t\u00f6rt\u00e9nelmi pillanat\u00e1nak. Hasonl\u00f3 legend\u00e1k sz\u00fclet\u00e9s\u00e9t l\u00e1thatod, mint p\u00e9ld\u00e1ul Chris Froome, aki az \u00f6sszes\u00edtettben 2012-ben nyert el\u0151sz\u00f6r (majd ut\u00e1na m\u00e9g n\u00e9gyszer), vagy Peter Sagan, akit ma m\u00e1r a legt\u00f6bben a \u0160koda z\u00f6ld trik\u00f3j\u00e1val azonos\u00edtanak. De l\u00e1thatsz olyan izgalmas futamokat is, mint amilyen a 2020-as z\u00e1r\u00f3 id\u0151futam volt, amib\u0151l v\u00e9g\u00fcl Tadej Poga\u010dar ker\u00fclt ki gy\u0151ztesen, \u00e9s \u00fajra l\u00e1thatod, ahogy a versenyz\u0151k megk\u00fczdenek a Mont Ventoux k\u00edm\u00e9letlen lejt\u0151ivel, ahol anno Eddy Merckx ny\u00fajtott eml\u00e9kezetes teljes\u00edtm\u00e9nyt.<\/p>\n<p>T\u00f6bb mint h\u00e1rom \u00e9vtized ut\u00e1n pedig visszat\u00e9r a Tour de France Femmes. Kathryn Bertine profi ker\u00e9kp\u00e1ros, \u00edr\u00f3, filmrendez\u0151, aktivista \u00e9s motiv\u00e1ci\u00f3s el\u0151ad\u00f3 szavaival \u00e9lve: <em>&#8220;A n\u0151i Tour de France nemcsak egy ker\u00e9kp\u00e1rverseny. Ez a halad\u00e1s jelz\u0151f\u00e9nye a t\u00e1rsadalom sz\u00e1m\u00e1ra, hogy a f\u00e9rfiakat \u00e9s a n\u0151ket egyform\u00e1n kell kezelni.\u201d<\/em> Ez az esem\u00e9ny m\u00e9rf\u00f6ldk\u0151 a n\u0151i ker\u00e9kp\u00e1rsport \u00e9s \u00fagy \u00e1ltal\u00e1ban a sport\u00e1gban val\u00f3 egyenl\u0151s\u00e9g szempontj\u00e1b\u00f3l. Rem\u00e9lj\u00fck, hogy j\u00f6v\u0151re m\u00e1r a Tour de France Femmes is h\u00e1rom h\u00e9tig fog tartani.<\/p>\n<p><a href=\"https:\/\/www.welovecycling.com\/hu\/tour-de-france-2022\/\">K\u00f6vesd vel\u00fcnk a versenyt!<\/a><\/p>\n","protected":false},"excerpt":{"rendered":"<p>Milyen m\u00e1gneses er\u0151vel b\u00edr a Tour de France, ami t\u00f6bb mint egy \u00e9vsz\u00e1zada minden \u00e9vben ker\u00e9kp\u00e1rosok gener\u00e1ci\u00f3it \u00e9s rajong\u00f3k t\u00f6megeit [&hellip;]<\/p>\n","protected":false},"author":71,"featured_media":15394,"comment_status":"open","ping_status":"open","sticky":false,"template":"","format":"standard","meta":{"footnotes":""},"categories":[8],"tags":[],"global-categories":[],"class_list":["post-15391","post","type-post","status-publish","format-standard","has-post-thumbnail","hentry","category-orszaguti-kerekpar"],"yoast_head":"<!-- This site is optimized with the Yoast SEO Premium plugin v25.3 (Yoast SEO v25.9) - https:\/\/yoast.com\/wordpress\/plugins\/seo\/ -->\n<title>Mi\u00e9rt ejti rabul a Tour de France minden ker\u00e9kp\u00e1rrajong\u00f3 sz\u00edv\u00e9t?<\/title>\n<meta name=\"description\" content=\"Milyen m\u00e1gneses er\u0151vel b\u00edr a Tour de France, ami t\u00f6bb mint egy \u00e9vsz\u00e1zada minden \u00e9vben ker\u00e9kp\u00e1rosok gener\u00e1ci\u00f3it \u00e9s rajong\u00f3k t\u00f6megeit vonzza mag\u00e1hoz? A 109. verseny 2022. j\u00falius 1-j\u00e9n kezd\u0151d\u00f6tt, az izgalom pedig minden nap a tet\u0151fok\u00e1ra h\u00e1g, ahogy a versenyz\u0151k verejt\u00e9kkel \u00e9s k\u00f6nnyekkel k\u00fcszk\u00f6dve tekernek a fest\u0151i sz\u00e9ps\u00e9g\u0171 utakon \u00e9s mutatnak be l\u00e9legzetel\u00e1ll\u00edt\u00f3 c\u00e9lba \u00e9r\u00e9seket.\" \/>\n<meta name=\"robots\" content=\"index, follow, max-snippet:-1, max-image-preview:large, max-video-preview:-1\" \/>\n<link rel=\"canonical\" href=\"https:\/\/www.welovecycling.com\/hu\/orszaguti-kerekpar\/miert-ejti-rabul-a-tour-de-france-minden-kerekparrajongo-szivet\/\" \/>\n<meta property=\"og:locale\" content=\"hu_HU\" \/>\n<meta property=\"og:type\" content=\"article\" \/>\n<meta property=\"og:title\" content=\"Mi\u00e9rt ejti rabul a Tour de France minden ker\u00e9kp\u00e1rrajong\u00f3 sz\u00edv\u00e9t?\" \/>\n<meta property=\"og:description\" content=\"Milyen m\u00e1gneses er\u0151vel b\u00edr a Tour de France, ami t\u00f6bb mint egy \u00e9vsz\u00e1zada minden \u00e9vben ker\u00e9kp\u00e1rosok gener\u00e1ci\u00f3it \u00e9s rajong\u00f3k t\u00f6megeit vonzza mag\u00e1hoz? A 109. verseny 2022. j\u00falius 1-j\u00e9n kezd\u0151d\u00f6tt, az izgalom pedig minden nap a tet\u0151fok\u00e1ra h\u00e1g, ahogy a versenyz\u0151k verejt\u00e9kkel \u00e9s k\u00f6nnyekkel k\u00fcszk\u00f6dve tekernek a fest\u0151i sz\u00e9ps\u00e9g\u0171 utakon \u00e9s mutatnak be l\u00e9legzetel\u00e1ll\u00edt\u00f3 c\u00e9lba \u00e9r\u00e9seket.\" \/>\n<meta property=\"og:url\" content=\"https:\/\/www.welovecycling.com\/hu\/orszaguti-kerekpar\/miert-ejti-rabul-a-tour-de-france-minden-kerekparrajongo-szivet\/\" \/>\n<meta property=\"og:site_name\" content=\"\u0160koda We Love Cycling - Magyarorsz\u00e1g\" \/>\n<meta property=\"article:publisher\" content=\"https:\/\/www.facebook.com\/WeLoveCyclingHungary\/\" \/>\n<meta property=\"article:published_time\" content=\"2022-07-15T06:00:44+00:00\" \/>\n<meta property=\"og:image\" content=\"https:\/\/d2p6e6u75xmxt8.cloudfront.net\/12\/2022\/07\/Kasia-Niewiadoma-ATL_CVR.jpg\" \/>\n\t<meta property=\"og:image:width\" content=\"990\" \/>\n\t<meta property=\"og:image:height\" content=\"660\" \/>\n\t<meta property=\"og:image:type\" content=\"image\/jpeg\" \/>\n<meta name=\"author\" content=\"hegyizs\" \/>\n<meta name=\"twitter:card\" content=\"summary_large_image\" \/>\n<meta name=\"twitter:label1\" content=\"Written by\" \/>\n\t<meta name=\"twitter:data1\" content=\"We Love Cycling\" \/>\n\t<meta name=\"twitter:label2\" content=\"Est. reading time\" \/>\n\t<meta name=\"twitter:data2\" content=\"4\" \/>\n<script type=\"application\/ld+json\" class=\"yoast-schema-graph\">{\"@context\":\"https:\/\/schema.org\",\"@graph\":[{\"@type\":\"WebPage\",\"@id\":\"https:\/\/www.welovecycling.com\/hu\/orszaguti-kerekpar\/miert-ejti-rabul-a-tour-de-france-minden-kerekparrajongo-szivet\/\",\"url\":\"https:\/\/www.welovecycling.com\/hu\/orszaguti-kerekpar\/miert-ejti-rabul-a-tour-de-france-minden-kerekparrajongo-szivet\/\",\"name\":\"Mi\u00e9rt ejti rabul a Tour de France minden ker\u00e9kp\u00e1rrajong\u00f3 sz\u00edv\u00e9t?\",\"isPartOf\":{\"@id\":\"https:\/\/www.welovecycling.com\/hu\/#website\"},\"primaryImageOfPage\":{\"@id\":\"https:\/\/www.welovecycling.com\/hu\/orszaguti-kerekpar\/miert-ejti-rabul-a-tour-de-france-minden-kerekparrajongo-szivet\/#primaryimage\"},\"image\":{\"@id\":\"https:\/\/www.welovecycling.com\/hu\/orszaguti-kerekpar\/miert-ejti-rabul-a-tour-de-france-minden-kerekparrajongo-szivet\/#primaryimage\"},\"thumbnailUrl\":\"https:\/\/d2p6e6u75xmxt8.cloudfront.net\/12\/2022\/07\/Kasia-Niewiadoma-ATL_CVR.jpg\",\"datePublished\":\"2022-07-15T06:00:44+00:00\",\"author\":{\"@id\":\"https:\/\/www.welovecycling.com\/hu\/#\/schema\/person\/414a2aebf1801691a5320edb6468e194\"},\"description\":\"Milyen m\u00e1gneses er\u0151vel b\u00edr a Tour de France, ami t\u00f6bb mint egy \u00e9vsz\u00e1zada minden \u00e9vben ker\u00e9kp\u00e1rosok gener\u00e1ci\u00f3it \u00e9s rajong\u00f3k t\u00f6megeit vonzza mag\u00e1hoz? A 109. verseny 2022. j\u00falius 1-j\u00e9n kezd\u0151d\u00f6tt, az izgalom pedig minden nap a tet\u0151fok\u00e1ra h\u00e1g, ahogy a versenyz\u0151k verejt\u00e9kkel \u00e9s k\u00f6nnyekkel k\u00fcszk\u00f6dve tekernek a fest\u0151i sz\u00e9ps\u00e9g\u0171 utakon \u00e9s mutatnak be l\u00e9legzetel\u00e1ll\u00edt\u00f3 c\u00e9lba \u00e9r\u00e9seket.\",\"breadcrumb\":{\"@id\":\"https:\/\/www.welovecycling.com\/hu\/orszaguti-kerekpar\/miert-ejti-rabul-a-tour-de-france-minden-kerekparrajongo-szivet\/#breadcrumb\"},\"inLanguage\":\"hu\",\"potentialAction\":[{\"@type\":\"ReadAction\",\"target\":[\"https:\/\/www.welovecycling.com\/hu\/orszaguti-kerekpar\/miert-ejti-rabul-a-tour-de-france-minden-kerekparrajongo-szivet\/\"]}]},{\"@type\":\"ImageObject\",\"inLanguage\":\"hu\",\"@id\":\"https:\/\/www.welovecycling.com\/hu\/orszaguti-kerekpar\/miert-ejti-rabul-a-tour-de-france-minden-kerekparrajongo-szivet\/#primaryimage\",\"url\":\"https:\/\/d2p6e6u75xmxt8.cloudfront.net\/12\/2022\/07\/Kasia-Niewiadoma-ATL_CVR.jpg\",\"contentUrl\":\"https:\/\/d2p6e6u75xmxt8.cloudfront.net\/12\/2022\/07\/Kasia-Niewiadoma-ATL_CVR.jpg\",\"width\":990,\"height\":660,\"caption\":\"Kasia Niewiadoma\"},{\"@type\":\"BreadcrumbList\",\"@id\":\"https:\/\/www.welovecycling.com\/hu\/orszaguti-kerekpar\/miert-ejti-rabul-a-tour-de-france-minden-kerekparrajongo-szivet\/#breadcrumb\",\"itemListElement\":[{\"@type\":\"ListItem\",\"position\":1,\"name\":\"Home\",\"item\":\"https:\/\/www.welovecycling.com\/hu\/\"},{\"@type\":\"ListItem\",\"position\":2,\"name\":\"Mi\u00e9rt ejti rabul a Tour de France minden ker\u00e9kp\u00e1rrajong\u00f3 sz\u00edv\u00e9t?\"}]},{\"@type\":\"WebSite\",\"@id\":\"https:\/\/www.welovecycling.com\/hu\/#website\",\"url\":\"https:\/\/www.welovecycling.com\/hu\/\",\"name\":\"\u0160koda We Love Cycling - Magyarorsz\u00e1g\",\"description\":\"\u0160koda WeLoveCycling\",\"potentialAction\":[{\"@type\":\"SearchAction\",\"target\":{\"@type\":\"EntryPoint\",\"urlTemplate\":\"https:\/\/www.welovecycling.com\/hu\/?s={search_term_string}\"},\"query-input\":{\"@type\":\"PropertyValueSpecification\",\"valueRequired\":true,\"valueName\":\"search_term_string\"}}],\"inLanguage\":\"hu\"},{\"@type\":\"Person\",\"@id\":\"https:\/\/www.welovecycling.com\/hu\/#\/schema\/person\/414a2aebf1801691a5320edb6468e194\",\"name\":\"hegyizs\",\"image\":{\"@type\":\"ImageObject\",\"inLanguage\":\"hu\",\"@id\":\"https:\/\/www.welovecycling.com\/hu\/#\/schema\/person\/image\/\",\"url\":\"https:\/\/secure.gravatar.com\/avatar\/02cf8a7906b8cf90cecb4679defac7cfd33a1c2e3b88e4903d947f3bb58eedd3?s=96&d=mm&r=g\",\"contentUrl\":\"https:\/\/secure.gravatar.com\/avatar\/02cf8a7906b8cf90cecb4679defac7cfd33a1c2e3b88e4903d947f3bb58eedd3?s=96&d=mm&r=g\",\"caption\":\"hegyizs\"},\"url\":\"https:\/\/www.welovecycling.com\/hu\/author\/hegyizs\/\"}]}<\/script>\n<!-- \/ Yoast SEO Premium plugin. -->","yoast_head_json":{"title":"Mi\u00e9rt ejti rabul a Tour de France minden ker\u00e9kp\u00e1rrajong\u00f3 sz\u00edv\u00e9t?","description":"Milyen m\u00e1gneses er\u0151vel b\u00edr a Tour de France, ami t\u00f6bb mint egy \u00e9vsz\u00e1zada minden \u00e9vben ker\u00e9kp\u00e1rosok gener\u00e1ci\u00f3it \u00e9s rajong\u00f3k t\u00f6megeit vonzza mag\u00e1hoz? A 109. verseny 2022. j\u00falius 1-j\u00e9n kezd\u0151d\u00f6tt, az izgalom pedig minden nap a tet\u0151fok\u00e1ra h\u00e1g, ahogy a versenyz\u0151k verejt\u00e9kkel \u00e9s k\u00f6nnyekkel k\u00fcszk\u00f6dve tekernek a fest\u0151i sz\u00e9ps\u00e9g\u0171 utakon \u00e9s mutatnak be l\u00e9legzetel\u00e1ll\u00edt\u00f3 c\u00e9lba \u00e9r\u00e9seket.","robots":{"index":"index","follow":"follow","max-snippet":"max-snippet:-1","max-image-preview":"max-image-preview:large","max-video-preview":"max-video-preview:-1"},"canonical":"https:\/\/www.welovecycling.com\/hu\/orszaguti-kerekpar\/miert-ejti-rabul-a-tour-de-france-minden-kerekparrajongo-szivet\/","og_locale":"hu_HU","og_type":"article","og_title":"Mi\u00e9rt ejti rabul a Tour de France minden ker\u00e9kp\u00e1rrajong\u00f3 sz\u00edv\u00e9t?","og_description":"Milyen m\u00e1gneses er\u0151vel b\u00edr a Tour de France, ami t\u00f6bb mint egy \u00e9vsz\u00e1zada minden \u00e9vben ker\u00e9kp\u00e1rosok gener\u00e1ci\u00f3it \u00e9s rajong\u00f3k t\u00f6megeit vonzza mag\u00e1hoz? A 109. verseny 2022. j\u00falius 1-j\u00e9n kezd\u0151d\u00f6tt, az izgalom pedig minden nap a tet\u0151fok\u00e1ra h\u00e1g, ahogy a versenyz\u0151k verejt\u00e9kkel \u00e9s k\u00f6nnyekkel k\u00fcszk\u00f6dve tekernek a fest\u0151i sz\u00e9ps\u00e9g\u0171 utakon \u00e9s mutatnak be l\u00e9legzetel\u00e1ll\u00edt\u00f3 c\u00e9lba \u00e9r\u00e9seket.","og_url":"https:\/\/www.welovecycling.com\/hu\/orszaguti-kerekpar\/miert-ejti-rabul-a-tour-de-france-minden-kerekparrajongo-szivet\/","og_site_name":"\u0160koda We Love Cycling - Magyarorsz\u00e1g","article_publisher":"https:\/\/www.facebook.com\/WeLoveCyclingHungary\/","article_published_time":"2022-07-15T06:00:44+00:00","og_image":[{"width":990,"height":660,"url":"https:\/\/d2p6e6u75xmxt8.cloudfront.net\/12\/2022\/07\/Kasia-Niewiadoma-ATL_CVR.jpg","type":"image\/jpeg"}],"author":"hegyizs","twitter_card":"summary_large_image","twitter_misc":{"Written by":"We Love Cycling","Est. reading time":"4"},"schema":{"@context":"https:\/\/schema.org","@graph":[{"@type":"WebPage","@id":"https:\/\/www.welovecycling.com\/hu\/orszaguti-kerekpar\/miert-ejti-rabul-a-tour-de-france-minden-kerekparrajongo-szivet\/","url":"https:\/\/www.welovecycling.com\/hu\/orszaguti-kerekpar\/miert-ejti-rabul-a-tour-de-france-minden-kerekparrajongo-szivet\/","name":"Mi\u00e9rt ejti rabul a Tour de France minden ker\u00e9kp\u00e1rrajong\u00f3 sz\u00edv\u00e9t?","isPartOf":{"@id":"https:\/\/www.welovecycling.com\/hu\/#website"},"primaryImageOfPage":{"@id":"https:\/\/www.welovecycling.com\/hu\/orszaguti-kerekpar\/miert-ejti-rabul-a-tour-de-france-minden-kerekparrajongo-szivet\/#primaryimage"},"image":{"@id":"https:\/\/www.welovecycling.com\/hu\/orszaguti-kerekpar\/miert-ejti-rabul-a-tour-de-france-minden-kerekparrajongo-szivet\/#primaryimage"},"thumbnailUrl":"https:\/\/d2p6e6u75xmxt8.cloudfront.net\/12\/2022\/07\/Kasia-Niewiadoma-ATL_CVR.jpg","datePublished":"2022-07-15T06:00:44+00:00","author":{"@id":"https:\/\/www.welovecycling.com\/hu\/#\/schema\/person\/414a2aebf1801691a5320edb6468e194"},"description":"Milyen m\u00e1gneses er\u0151vel b\u00edr a Tour de France, ami t\u00f6bb mint egy \u00e9vsz\u00e1zada minden \u00e9vben ker\u00e9kp\u00e1rosok gener\u00e1ci\u00f3it \u00e9s rajong\u00f3k t\u00f6megeit vonzza mag\u00e1hoz? A 109. verseny 2022. j\u00falius 1-j\u00e9n kezd\u0151d\u00f6tt, az izgalom pedig minden nap a tet\u0151fok\u00e1ra h\u00e1g, ahogy a versenyz\u0151k verejt\u00e9kkel \u00e9s k\u00f6nnyekkel k\u00fcszk\u00f6dve tekernek a fest\u0151i sz\u00e9ps\u00e9g\u0171 utakon \u00e9s mutatnak be l\u00e9legzetel\u00e1ll\u00edt\u00f3 c\u00e9lba \u00e9r\u00e9seket.","breadcrumb":{"@id":"https:\/\/www.welovecycling.com\/hu\/orszaguti-kerekpar\/miert-ejti-rabul-a-tour-de-france-minden-kerekparrajongo-szivet\/#breadcrumb"},"inLanguage":"hu","potentialAction":[{"@type":"ReadAction","target":["https:\/\/www.welovecycling.com\/hu\/orszaguti-kerekpar\/miert-ejti-rabul-a-tour-de-france-minden-kerekparrajongo-szivet\/"]}]},{"@type":"ImageObject","inLanguage":"hu","@id":"https:\/\/www.welovecycling.com\/hu\/orszaguti-kerekpar\/miert-ejti-rabul-a-tour-de-france-minden-kerekparrajongo-szivet\/#primaryimage","url":"https:\/\/d2p6e6u75xmxt8.cloudfront.net\/12\/2022\/07\/Kasia-Niewiadoma-ATL_CVR.jpg","contentUrl":"https:\/\/d2p6e6u75xmxt8.cloudfront.net\/12\/2022\/07\/Kasia-Niewiadoma-ATL_CVR.jpg","width":990,"height":660,"caption":"Kasia Niewiadoma"},{"@type":"BreadcrumbList","@id":"https:\/\/www.welovecycling.com\/hu\/orszaguti-kerekpar\/miert-ejti-rabul-a-tour-de-france-minden-kerekparrajongo-szivet\/#breadcrumb","itemListElement":[{"@type":"ListItem","position":1,"name":"Home","item":"https:\/\/www.welovecycling.com\/hu\/"},{"@type":"ListItem","position":2,"name":"Mi\u00e9rt ejti rabul a Tour de France minden ker\u00e9kp\u00e1rrajong\u00f3 sz\u00edv\u00e9t?"}]},{"@type":"WebSite","@id":"https:\/\/www.welovecycling.com\/hu\/#website","url":"https:\/\/www.welovecycling.com\/hu\/","name":"\u0160koda We Love Cycling - Magyarorsz\u00e1g","description":"\u0160koda WeLoveCycling","potentialAction":[{"@type":"SearchAction","target":{"@type":"EntryPoint","urlTemplate":"https:\/\/www.welovecycling.com\/hu\/?s={search_term_string}"},"query-input":{"@type":"PropertyValueSpecification","valueRequired":true,"valueName":"search_term_string"}}],"inLanguage":"hu"},{"@type":"Person","@id":"https:\/\/www.welovecycling.com\/hu\/#\/schema\/person\/414a2aebf1801691a5320edb6468e194","name":"hegyizs","image":{"@type":"ImageObject","inLanguage":"hu","@id":"https:\/\/www.welovecycling.com\/hu\/#\/schema\/person\/image\/","url":"https:\/\/secure.gravatar.com\/avatar\/02cf8a7906b8cf90cecb4679defac7cfd33a1c2e3b88e4903d947f3bb58eedd3?s=96&d=mm&r=g","contentUrl":"https:\/\/secure.gravatar.com\/avatar\/02cf8a7906b8cf90cecb4679defac7cfd33a1c2e3b88e4903d947f3bb58eedd3?s=96&d=mm&r=g","caption":"hegyizs"},"url":"https:\/\/www.welovecycling.com\/hu\/author\/hegyizs\/"}]}},"_links":{"self":[{"href":"https:\/\/www.welovecycling.com\/hu\/wp-json\/wp\/v2\/posts\/15391","targetHints":{"allow":["GET"]}}],"collection":[{"href":"https:\/\/www.welovecycling.com\/hu\/wp-json\/wp\/v2\/posts"}],"about":[{"href":"https:\/\/www.welovecycling.com\/hu\/wp-json\/wp\/v2\/types\/post"}],"author":[{"embeddable":true,"href":"https:\/\/www.welovecycling.com\/hu\/wp-json\/wp\/v2\/users\/71"}],"replies":[{"embeddable":true,"href":"https:\/\/www.welovecycling.com\/hu\/wp-json\/wp\/v2\/comments?post=15391"}],"version-history":[{"count":2,"href":"https:\/\/www.welovecycling.com\/hu\/wp-json\/wp\/v2\/posts\/15391\/revisions"}],"predecessor-version":[{"id":15398,"href":"https:\/\/www.welovecycling.com\/hu\/wp-json\/wp\/v2\/posts\/15391\/revisions\/15398"}],"wp:featuredmedia":[{"embeddable":true,"href":"https:\/\/www.welovecycling.com\/hu\/wp-json\/wp\/v2\/media\/15394"}],"wp:attachment":[{"href":"https:\/\/www.welovecycling.com\/hu\/wp-json\/wp\/v2\/media?parent=15391"}],"wp:term":[{"taxonomy":"category","embeddable":true,"href":"https:\/\/www.welovecycling.com\/hu\/wp-json\/wp\/v2\/categories?post=15391"},{"taxonomy":"post_tag","embeddable":true,"href":"https:\/\/www.welovecycling.com\/hu\/wp-json\/wp\/v2\/tags?post=15391"},{"taxonomy":"global-categories","embeddable":true,"href":"https:\/\/www.welovecycling.com\/hu\/wp-json\/wp\/v2\/global-categories?post=15391"}],"curies":[{"name":"wp","href":"https:\/\/api.w.org\/{rel}","templated":true}]}}